{"id":2055,"date":"2019-09-15T03:15:29","date_gmt":"2019-09-15T00:15:29","guid":{"rendered":"https:\/\/hotnewsinworld.com\/hu\/marki-zay-szerint-politikai-szandek-all-a-13-millio-forintos-birsag-mogott\/"},"modified":"2019-09-15T03:15:30","modified_gmt":"2019-09-15T00:15:30","slug":"marki-zay-szerint-politikai-szandek-all-a-13-millio-forintos-birsag-mogott","status":"publish","type":"post","link":"https:\/\/hotnewsinworld.com\/hu\/marki-zay-szerint-politikai-szandek-all-a-13-millio-forintos-birsag-mogott\/","title":{"rendered":"M\u00e1rki-Zay szerint politikai sz\u00e1nd\u00e9k \u00e1ll a 13 milli\u00f3 forintos b\u00edrs\u00e1g m\u00f6g\u00f6tt"},"content":{"rendered":"<p>\t\t\t\t\t13 milli\u00f3 forintos b\u00edrs\u00e1got szabott ki a h\u00f3dmez\u0151v\u00e1s\u00e1rhelyi \u00f6nkorm\u00e1nyzatra a Minisztereln\u00f6ks\u00e9g al\u00e1 tartoz\u00f3 K\u00f6zbeszerz\u00e9si D\u00f6nt\u0151bizotts\u00e1g, amely szerint szab\u00e1lytalan volt p\u00e1ly\u00e1ztat\u00e1s n\u00e9lk\u00fcl szerz\u0151d\u00e9st k\u00f6tnie a Cyber Services Zrt-vel \u00e9s a VIAT V\u00e1llalati Informatika, Audit\u00e1l\u00e1s \u00e9s Tan\u00e1csad\u00e1s Kft-vel kiberv\u00e9delmi \u00e9s inform\u00e1ci\u00f3biztons\u00e1gi szolg\u00e1ltat\u00e1sokra \u2013 \u00edrja az Index.\u00a0<br \/>\nM\u00e1rki-Zay P\u00e9ter, a v\u00e1ros polg\u00e1rmestere Facebook oldal\u00e1n megjegyzi, hogy<br \/>\na KDB d\u00f6nt\u00e9se m\u00f6g\u00f6tt nem neh\u00e9z politikai sz\u00e1nd\u00e9kot felfedezni, ahogy az elm\u00falt m\u00e1sf\u00e9l \u00e9v ism\u00e9tl\u0151d\u0151, m\u0171k\u00f6d\u00e9s\u00fcnket ellehetetlen\u00edt\u0151 t\u00e1mad\u00e1sok m\u00f6g\u00f6tt is. Ahogy eddig is, a tov\u00e1bbiakban is a t\u00f6rv\u00e9nyek legteljesebb betart\u00e1s\u00e1val fogunk mindent megtenni a lakoss\u00e1g szem\u00e9lyes adatainak v\u00e9delme \u00e9rdek\u00e9ben.<br \/>\nArr\u00f3l is \u00edr, hogy 2018 okt\u00f3ber\u00e9ig az \u00f6nkorm\u00e1nyzat saj\u00e1t c\u00e9ge a HVSZ Zrt. v\u00e9gezte ezt a szolg\u00e1ltat\u00e1st, a c\u00e9g azonban 2018. okt\u00f3ber 2-\u00e1n felmondott, ezzel k\u00e9nyszerhelyzet el\u00e9 \u00e1ll\u00edtva a Polg\u00e1rmesteri Hivatalt.<br \/>\nA korm\u00e1nysajt\u00f3ban arr\u00f3l \u00edrtak, hogy a Cyber Services Zrt. \u201ebar\u00e1ti c\u00e9g\u201d, de M\u00e1rki-zay szerint err\u0151l sz\u00f3 sincs:<br \/>\nSemmik\u00e9ppen nem nevezhet\u0151ek \u201cbar\u00e1ti\u201d c\u00e9gnek, hiszen vezet\u0151j\u00fck a Nemzeti Biztons\u00e1gi Fel\u00fcgyelet CDMA kiberbiztons\u00e1gi k\u00f6zpontj\u00e1t ir\u00e1ny\u00edtotta az Orb\u00e1n-korm\u00e1ny idej\u00e9n, 2017-ben lett legf\u0151bb befektet\u0151j\u00fck az \u00e1llami tulajdon\u00fa Eximbank, \u00e9s az\u00f3ta is els\u0151sorban korm\u00e1nyzati megb\u00edz\u00e1sokon dolgoznak. Az \u00e1ltaluk dedik\u00e1lt szak\u00e9rt\u0151i csapat vezet\u0151je volt Kalotay Bal\u00e1zs, akinek saj\u00e1t c\u00e9g\u00e9vel, a VIAT Kft-vel 2019. \u00e1prilis 1-\u00e9n k\u00f6t\u00f6tt szerz\u0151d\u00e9st az \u00d6nkorm\u00e1nyzat, szint\u00e9n a Cyber Services c\u00e9g javaslat\u00e1ra. Az \u00faj szerz\u0151d\u00e9st egy \u00fajabb s\u00falyos informatikai t\u00e1mad\u00e1s tette sz\u00fcks\u00e9gess\u00e9.<br \/>\nA k\u00f6zlem\u00e9nyben kit\u00e9r arra is, hogy a szolg\u00e1ltat\u00e1s ig\u00e9nybe v\u00e9tele indokolt volt, mert \u201ehavi rendszeress\u00e9ggel pr\u00f3b\u00e1lj\u00e1k felt\u00f6rni a Hivatal rendszereit k\u00fcls\u0151 t\u00e1mad\u00f3k\u201d.<br \/>\nEl\u0151fordult, hogy valaki fizikailag behatolt az \u00f6nkorm\u00e1nyzat \u00e9p\u00fclet\u00e9be \u00e9s egy k\u00e1bel kih\u00faz\u00e1s\u00e1val \u00e1ll\u00edtotta le rendszereinket, vagy ami enn\u00e9l is komolyabb b\u0171ncselekm\u00e9nyre utal, hogy \u00e9ppen a szolg\u00e1ltat\u00e1st tavaly megtagad\u00f3, ifj. Rapcs\u00e1k Andr\u00e1s vezette SAJ\u00c1T \u00d6NKORM\u00c1NYZATI C\u00c9G\u00dcNK, A HVSZ Zrt. EGYIK G\u00c9P\u00c9R\u0150L \u00c9RTE HEKKER-T\u00c1MAD\u00c1S a rendszer\u00fcnket 2019. j\u00falius 2-\u00e1n. Az \u00fcgyben jelenleg a Nemzeti Nyomoz\u00f3 Iroda nyomoz, rem\u00e9lj\u00fck komoly felel\u0151ss\u00e9gre von\u00e1s k\u00f6vetkezik, \u00e9s a nyomoz\u00e1s nem akad el egy\u00e9b \u00e9rdekek miatt<br \/>\n\u2013 olvashat\u00f3 a polg\u00e1rmester oldal\u00e1n.<br \/>\nkiemelt k\u00e9p: Bielik Istv\u00e1n\u00a0<\/p>\n<p>\n<!--noindex--><br \/>\n<a href=\"https:\/\/hirek.oldal.info\/rssclick\/14397596\" rel=\"nofollow\">Source link <\/a><br \/>\n<!--\/noindex--><\/p>\n","protected":false},"excerpt":{"rendered":"<p>13 milli\u00f3 forintos b\u00edrs\u00e1got szabott ki a h\u00f3dmez\u0151v\u00e1s\u00e1rhelyi \u00f6nkorm\u00e1nyzatra a Minisztereln\u00f6ks\u00e9g al\u00e1 tartoz\u00f3 K\u00f6zbeszerz\u00e9si D\u00f6nt\u0151bizotts\u00e1g, amely szerint szab\u00e1lytalan volt p\u00e1ly\u00e1ztat\u00e1s n\u00e9lk\u00fcl szerz\u0151d\u00e9st k\u00f6tnie a Cyber Services Zrt-vel \u00e9s a VIAT V\u00e1llalati Informatika, Audit\u00e1l\u00e1s \u00e9s Tan\u00e1csad\u00e1s Kft-vel kiberv\u00e9delmi \u00e9s inform\u00e1ci\u00f3biztons\u00e1gi szolg\u00e1ltat\u00e1sokra \u2013 \u00edrja az Index.\u00a0 M\u00e1rki-Zay P\u00e9ter, a v\u00e1ros polg\u00e1rmestere Facebook oldal\u00e1n megjegyzi, hogy a KDB [&hellip;]<\/p>\n","protected":false},"author":2,"featured_media":2056,"comment_status":"open","ping_status":"open","sticky":false,"template":"","format":"standard","meta":{"footnotes":""},"categories":[1],"tags":[],"class_list":["post-2055","post","type-post","status-publish","format-standard","has-post-thumbnail","hentry","category-legujabb-penzugyi-hirek"],"yoast_head":"<!-- This site is optimized with the Yoast SEO plugin v27.4 - https:\/\/yoast.com\/product\/yoast-seo-wordpress\/ -->\n<title>M\u00e1rki-Zay szerint politikai sz\u00e1nd\u00e9k \u00e1ll a 13 milli\u00f3 forintos b\u00edrs\u00e1g m\u00f6g\u00f6tt - Hot News in World<\/title>\n<meta name=\"robots\" content=\"index, follow, max-snippet:-1, max-image-preview:large, max-video-preview:-1\" \/>\n<link rel=\"canonical\" href=\"https:\/\/hotnewsinworld.com\/hu\/marki-zay-szerint-politikai-szandek-all-a-13-millio-forintos-birsag-mogott\/\" \/>\n<meta property=\"og:locale\" content=\"hu_HU\" \/>\n<meta property=\"og:type\" content=\"article\" \/>\n<meta property=\"og:title\" content=\"M\u00e1rki-Zay szerint politikai sz\u00e1nd\u00e9k \u00e1ll a 13 milli\u00f3 forintos b\u00edrs\u00e1g m\u00f6g\u00f6tt - Hot News in World\" \/>\n<meta property=\"og:description\" content=\"13 milli\u00f3 forintos b\u00edrs\u00e1got szabott ki a h\u00f3dmez\u0151v\u00e1s\u00e1rhelyi \u00f6nkorm\u00e1nyzatra a Minisztereln\u00f6ks\u00e9g al\u00e1 tartoz\u00f3 K\u00f6zbeszerz\u00e9si D\u00f6nt\u0151bizotts\u00e1g, amely szerint szab\u00e1lytalan volt p\u00e1ly\u00e1ztat\u00e1s n\u00e9lk\u00fcl szerz\u0151d\u00e9st k\u00f6tnie a Cyber Services Zrt-vel \u00e9s a VIAT V\u00e1llalati Informatika, Audit\u00e1l\u00e1s \u00e9s Tan\u00e1csad\u00e1s Kft-vel kiberv\u00e9delmi \u00e9s inform\u00e1ci\u00f3biztons\u00e1gi szolg\u00e1ltat\u00e1sokra \u2013 \u00edrja az Index.\u00a0 M\u00e1rki-Zay P\u00e9ter, a v\u00e1ros polg\u00e1rmestere Facebook oldal\u00e1n megjegyzi, hogy a KDB [&hellip;]\" \/>\n<meta property=\"og:url\" content=\"https:\/\/hotnewsinworld.com\/hu\/marki-zay-szerint-politikai-szandek-all-a-13-millio-forintos-birsag-mogott\/\" \/>\n<meta property=\"og:site_name\" content=\"Hot News in World\" \/>\n<meta property=\"article:published_time\" content=\"2019-09-15T00:15:29+00:00\" \/>\n<meta property=\"article:modified_time\" content=\"2019-09-15T00:15:30+00:00\" \/>\n<meta property=\"og:image\" content=\"https:\/\/hotnewsinworld.com\/hu\/wp-content\/uploads\/sites\/3\/2019\/09\/M\u00e1rki-Zay-szerint-politikai-sz\u00e1nd\u00e9k-\u00e1ll-a-13-milli\u00f3-forintos-b\u00edrs\u00e1g.jpg\" \/>\n\t<meta property=\"og:image:width\" content=\"1024\" \/>\n\t<meta property=\"og:image:height\" content=\"577\" \/>\n\t<meta property=\"og:image:type\" content=\"image\/jpeg\" \/>\n<meta name=\"author\" content=\"hotnewsinworld\" \/>\n<meta name=\"twitter:card\" content=\"summary_large_image\" \/>\n<meta name=\"twitter:label1\" content=\"Szerz\u0151:\" \/>\n\t<meta name=\"twitter:data1\" content=\"hotnewsinworld\" \/>\n\t<meta name=\"twitter:label2\" content=\"Becs\u00fclt olvas\u00e1si id\u0151\" \/>\n\t<meta name=\"twitter:data2\" content=\"3 perc\" \/>\n<script type=\"application\/ld+json\" class=\"yoast-schema-graph\">{\"@context\":\"https:\\\/\\\/schema.org\",\"@graph\":[{\"@type\":\"Article\",\"@id\":\"https:\\\/\\\/hotnewsinworld.com\\\/hu\\\/marki-zay-szerint-politikai-szandek-all-a-13-millio-forintos-birsag-mogott\\\/#article\",\"isPartOf\":{\"@id\":\"https:\\\/\\\/hotnewsinworld.com\\\/hu\\\/marki-zay-szerint-politikai-szandek-all-a-13-millio-forintos-birsag-mogott\\\/\"},\"author\":{\"name\":\"hotnewsinworld\",\"@id\":\"https:\\\/\\\/hotnewsinworld.com\\\/hu\\\/#\\\/schema\\\/person\\\/fe61448b21c0d59086e75fcc1f9d8f6b\"},\"headline\":\"M\u00e1rki-Zay szerint politikai sz\u00e1nd\u00e9k \u00e1ll a 13 milli\u00f3 forintos b\u00edrs\u00e1g m\u00f6g\u00f6tt\",\"datePublished\":\"2019-09-15T00:15:29+00:00\",\"dateModified\":\"2019-09-15T00:15:30+00:00\",\"mainEntityOfPage\":{\"@id\":\"https:\\\/\\\/hotnewsinworld.com\\\/hu\\\/marki-zay-szerint-politikai-szandek-all-a-13-millio-forintos-birsag-mogott\\\/\"},\"wordCount\":517,\"commentCount\":0,\"image\":{\"@id\":\"https:\\\/\\\/hotnewsinworld.com\\\/hu\\\/marki-zay-szerint-politikai-szandek-all-a-13-millio-forintos-birsag-mogott\\\/#primaryimage\"},\"thumbnailUrl\":\"https:\\\/\\\/hotnewsinworld.com\\\/hu\\\/wp-content\\\/uploads\\\/sites\\\/3\\\/2019\\\/09\\\/M\u00e1rki-Zay-szerint-politikai-sz\u00e1nd\u00e9k-\u00e1ll-a-13-milli\u00f3-forintos-b\u00edrs\u00e1g.jpg\",\"articleSection\":[\"LEG\u00daJABB P\u00c9NZ\u00dcGYI H\u00cdREK\"],\"inLanguage\":\"hu\",\"potentialAction\":[{\"@type\":\"CommentAction\",\"name\":\"Comment\",\"target\":[\"https:\\\/\\\/hotnewsinworld.com\\\/hu\\\/marki-zay-szerint-politikai-szandek-all-a-13-millio-forintos-birsag-mogott\\\/#respond\"]}]},{\"@type\":\"WebPage\",\"@id\":\"https:\\\/\\\/hotnewsinworld.com\\\/hu\\\/marki-zay-szerint-politikai-szandek-all-a-13-millio-forintos-birsag-mogott\\\/\",\"url\":\"https:\\\/\\\/hotnewsinworld.com\\\/hu\\\/marki-zay-szerint-politikai-szandek-all-a-13-millio-forintos-birsag-mogott\\\/\",\"name\":\"M\u00e1rki-Zay szerint politikai sz\u00e1nd\u00e9k \u00e1ll a 13 milli\u00f3 forintos b\u00edrs\u00e1g m\u00f6g\u00f6tt - Hot News in World\",\"isPartOf\":{\"@id\":\"https:\\\/\\\/hotnewsinworld.com\\\/hu\\\/#website\"},\"primaryImageOfPage\":{\"@id\":\"https:\\\/\\\/hotnewsinworld.com\\\/hu\\\/marki-zay-szerint-politikai-szandek-all-a-13-millio-forintos-birsag-mogott\\\/#primaryimage\"},\"image\":{\"@id\":\"https:\\\/\\\/hotnewsinworld.com\\\/hu\\\/marki-zay-szerint-politikai-szandek-all-a-13-millio-forintos-birsag-mogott\\\/#primaryimage\"},\"thumbnailUrl\":\"https:\\\/\\\/hotnewsinworld.com\\\/hu\\\/wp-content\\\/uploads\\\/sites\\\/3\\\/2019\\\/09\\\/M\u00e1rki-Zay-szerint-politikai-sz\u00e1nd\u00e9k-\u00e1ll-a-13-milli\u00f3-forintos-b\u00edrs\u00e1g.jpg\",\"datePublished\":\"2019-09-15T00:15:29+00:00\",\"dateModified\":\"2019-09-15T00:15:30+00:00\",\"author\":{\"@id\":\"https:\\\/\\\/hotnewsinworld.com\\\/hu\\\/#\\\/schema\\\/person\\\/fe61448b21c0d59086e75fcc1f9d8f6b\"},\"breadcrumb\":{\"@id\":\"https:\\\/\\\/hotnewsinworld.com\\\/hu\\\/marki-zay-szerint-politikai-szandek-all-a-13-millio-forintos-birsag-mogott\\\/#breadcrumb\"},\"inLanguage\":\"hu\",\"potentialAction\":[{\"@type\":\"ReadAction\",\"target\":[\"https:\\\/\\\/hotnewsinworld.com\\\/hu\\\/marki-zay-szerint-politikai-szandek-all-a-13-millio-forintos-birsag-mogott\\\/\"]}]},{\"@type\":\"ImageObject\",\"inLanguage\":\"hu\",\"@id\":\"https:\\\/\\\/hotnewsinworld.com\\\/hu\\\/marki-zay-szerint-politikai-szandek-all-a-13-millio-forintos-birsag-mogott\\\/#primaryimage\",\"url\":\"https:\\\/\\\/hotnewsinworld.com\\\/hu\\\/wp-content\\\/uploads\\\/sites\\\/3\\\/2019\\\/09\\\/M\u00e1rki-Zay-szerint-politikai-sz\u00e1nd\u00e9k-\u00e1ll-a-13-milli\u00f3-forintos-b\u00edrs\u00e1g.jpg\",\"contentUrl\":\"https:\\\/\\\/hotnewsinworld.com\\\/hu\\\/wp-content\\\/uploads\\\/sites\\\/3\\\/2019\\\/09\\\/M\u00e1rki-Zay-szerint-politikai-sz\u00e1nd\u00e9k-\u00e1ll-a-13-milli\u00f3-forintos-b\u00edrs\u00e1g.jpg\",\"width\":1024,\"height\":577,\"caption\":\"M\u00e1rki-Zay szerint politikai sz\u00e1nd\u00e9k \u00e1ll a 13 milli\u00f3 forintos b\u00edrs\u00e1g m\u00f6g\u00f6tt\"},{\"@type\":\"BreadcrumbList\",\"@id\":\"https:\\\/\\\/hotnewsinworld.com\\\/hu\\\/marki-zay-szerint-politikai-szandek-all-a-13-millio-forintos-birsag-mogott\\\/#breadcrumb\",\"itemListElement\":[{\"@type\":\"ListItem\",\"position\":1,\"name\":\"\u0413\u043b\u0430\u0432\u043d\u0430\u044f \u0441\u0442\u0440\u0430\u043d\u0438\u0446\u0430\",\"item\":\"https:\\\/\\\/hotnewsinworld.com\\\/hu\\\/\"},{\"@type\":\"ListItem\",\"position\":2,\"name\":\"M\u00e1rki-Zay szerint politikai sz\u00e1nd\u00e9k \u00e1ll a 13 milli\u00f3 forintos b\u00edrs\u00e1g m\u00f6g\u00f6tt\"}]},{\"@type\":\"WebSite\",\"@id\":\"https:\\\/\\\/hotnewsinworld.com\\\/hu\\\/#website\",\"url\":\"https:\\\/\\\/hotnewsinworld.com\\\/hu\\\/\",\"name\":\"Hot News in World\",\"description\":\"Hot News in World from Hungary\",\"potentialAction\":[{\"@type\":\"SearchAction\",\"target\":{\"@type\":\"EntryPoint\",\"urlTemplate\":\"https:\\\/\\\/hotnewsinworld.com\\\/hu\\\/?s={search_term_string}\"},\"query-input\":{\"@type\":\"PropertyValueSpecification\",\"valueRequired\":true,\"valueName\":\"search_term_string\"}}],\"inLanguage\":\"hu\"},{\"@type\":\"Person\",\"@id\":\"https:\\\/\\\/hotnewsinworld.com\\\/hu\\\/#\\\/schema\\\/person\\\/fe61448b21c0d59086e75fcc1f9d8f6b\",\"name\":\"hotnewsinworld\",\"image\":{\"@type\":\"ImageObject\",\"inLanguage\":\"hu\",\"@id\":\"https:\\\/\\\/secure.gravatar.com\\\/avatar\\\/8a09ac165600ce2e1c38fe593c63928eb1e6e7ba5c5a907d67787c41b3d00c14?s=96&d=mm&r=g\",\"url\":\"https:\\\/\\\/secure.gravatar.com\\\/avatar\\\/8a09ac165600ce2e1c38fe593c63928eb1e6e7ba5c5a907d67787c41b3d00c14?s=96&d=mm&r=g\",\"contentUrl\":\"https:\\\/\\\/secure.gravatar.com\\\/avatar\\\/8a09ac165600ce2e1c38fe593c63928eb1e6e7ba5c5a907d67787c41b3d00c14?s=96&d=mm&r=g\",\"caption\":\"hotnewsinworld\"},\"url\":\"https:\\\/\\\/hotnewsinworld.com\\\/hu\\\/author\\\/pt\\\/\"}]}<\/script>\n<!-- \/ Yoast SEO plugin. -->","yoast_head_json":{"title":"M\u00e1rki-Zay szerint politikai sz\u00e1nd\u00e9k \u00e1ll a 13 milli\u00f3 forintos b\u00edrs\u00e1g m\u00f6g\u00f6tt - Hot News in World","robots":{"index":"index","follow":"follow","max-snippet":"max-snippet:-1","max-image-preview":"max-image-preview:large","max-video-preview":"max-video-preview:-1"},"canonical":"https:\/\/hotnewsinworld.com\/hu\/marki-zay-szerint-politikai-szandek-all-a-13-millio-forintos-birsag-mogott\/","og_locale":"hu_HU","og_type":"article","og_title":"M\u00e1rki-Zay szerint politikai sz\u00e1nd\u00e9k \u00e1ll a 13 milli\u00f3 forintos b\u00edrs\u00e1g m\u00f6g\u00f6tt - Hot News in World","og_description":"13 milli\u00f3 forintos b\u00edrs\u00e1got szabott ki a h\u00f3dmez\u0151v\u00e1s\u00e1rhelyi \u00f6nkorm\u00e1nyzatra a Minisztereln\u00f6ks\u00e9g al\u00e1 tartoz\u00f3 K\u00f6zbeszerz\u00e9si D\u00f6nt\u0151bizotts\u00e1g, amely szerint szab\u00e1lytalan volt p\u00e1ly\u00e1ztat\u00e1s n\u00e9lk\u00fcl szerz\u0151d\u00e9st k\u00f6tnie a Cyber Services Zrt-vel \u00e9s a VIAT V\u00e1llalati Informatika, Audit\u00e1l\u00e1s \u00e9s Tan\u00e1csad\u00e1s Kft-vel kiberv\u00e9delmi \u00e9s inform\u00e1ci\u00f3biztons\u00e1gi szolg\u00e1ltat\u00e1sokra \u2013 \u00edrja az Index.\u00a0 M\u00e1rki-Zay P\u00e9ter, a v\u00e1ros polg\u00e1rmestere Facebook oldal\u00e1n megjegyzi, hogy a KDB [&hellip;]","og_url":"https:\/\/hotnewsinworld.com\/hu\/marki-zay-szerint-politikai-szandek-all-a-13-millio-forintos-birsag-mogott\/","og_site_name":"Hot News in World","article_published_time":"2019-09-15T00:15:29+00:00","article_modified_time":"2019-09-15T00:15:30+00:00","og_image":[{"width":1024,"height":577,"url":"https:\/\/hotnewsinworld.com\/hu\/wp-content\/uploads\/sites\/3\/2019\/09\/M\u00e1rki-Zay-szerint-politikai-sz\u00e1nd\u00e9k-\u00e1ll-a-13-milli\u00f3-forintos-b\u00edrs\u00e1g.jpg","type":"image\/jpeg"}],"author":"hotnewsinworld","twitter_card":"summary_large_image","twitter_misc":{"Szerz\u0151:":"hotnewsinworld","Becs\u00fclt olvas\u00e1si id\u0151":"3 perc"},"schema":{"@context":"https:\/\/schema.org","@graph":[{"@type":"Article","@id":"https:\/\/hotnewsinworld.com\/hu\/marki-zay-szerint-politikai-szandek-all-a-13-millio-forintos-birsag-mogott\/#article","isPartOf":{"@id":"https:\/\/hotnewsinworld.com\/hu\/marki-zay-szerint-politikai-szandek-all-a-13-millio-forintos-birsag-mogott\/"},"author":{"name":"hotnewsinworld","@id":"https:\/\/hotnewsinworld.com\/hu\/#\/schema\/person\/fe61448b21c0d59086e75fcc1f9d8f6b"},"headline":"M\u00e1rki-Zay szerint politikai sz\u00e1nd\u00e9k \u00e1ll a 13 milli\u00f3 forintos b\u00edrs\u00e1g m\u00f6g\u00f6tt","datePublished":"2019-09-15T00:15:29+00:00","dateModified":"2019-09-15T00:15:30+00:00","mainEntityOfPage":{"@id":"https:\/\/hotnewsinworld.com\/hu\/marki-zay-szerint-politikai-szandek-all-a-13-millio-forintos-birsag-mogott\/"},"wordCount":517,"commentCount":0,"image":{"@id":"https:\/\/hotnewsinworld.com\/hu\/marki-zay-szerint-politikai-szandek-all-a-13-millio-forintos-birsag-mogott\/#primaryimage"},"thumbnailUrl":"https:\/\/hotnewsinworld.com\/hu\/wp-content\/uploads\/sites\/3\/2019\/09\/M\u00e1rki-Zay-szerint-politikai-sz\u00e1nd\u00e9k-\u00e1ll-a-13-milli\u00f3-forintos-b\u00edrs\u00e1g.jpg","articleSection":["LEG\u00daJABB P\u00c9NZ\u00dcGYI H\u00cdREK"],"inLanguage":"hu","potentialAction":[{"@type":"CommentAction","name":"Comment","target":["https:\/\/hotnewsinworld.com\/hu\/marki-zay-szerint-politikai-szandek-all-a-13-millio-forintos-birsag-mogott\/#respond"]}]},{"@type":"WebPage","@id":"https:\/\/hotnewsinworld.com\/hu\/marki-zay-szerint-politikai-szandek-all-a-13-millio-forintos-birsag-mogott\/","url":"https:\/\/hotnewsinworld.com\/hu\/marki-zay-szerint-politikai-szandek-all-a-13-millio-forintos-birsag-mogott\/","name":"M\u00e1rki-Zay szerint politikai sz\u00e1nd\u00e9k \u00e1ll a 13 milli\u00f3 forintos b\u00edrs\u00e1g m\u00f6g\u00f6tt - Hot News in World","isPartOf":{"@id":"https:\/\/hotnewsinworld.com\/hu\/#website"},"primaryImageOfPage":{"@id":"https:\/\/hotnewsinworld.com\/hu\/marki-zay-szerint-politikai-szandek-all-a-13-millio-forintos-birsag-mogott\/#primaryimage"},"image":{"@id":"https:\/\/hotnewsinworld.com\/hu\/marki-zay-szerint-politikai-szandek-all-a-13-millio-forintos-birsag-mogott\/#primaryimage"},"thumbnailUrl":"https:\/\/hotnewsinworld.com\/hu\/wp-content\/uploads\/sites\/3\/2019\/09\/M\u00e1rki-Zay-szerint-politikai-sz\u00e1nd\u00e9k-\u00e1ll-a-13-milli\u00f3-forintos-b\u00edrs\u00e1g.jpg","datePublished":"2019-09-15T00:15:29+00:00","dateModified":"2019-09-15T00:15:30+00:00","author":{"@id":"https:\/\/hotnewsinworld.com\/hu\/#\/schema\/person\/fe61448b21c0d59086e75fcc1f9d8f6b"},"breadcrumb":{"@id":"https:\/\/hotnewsinworld.com\/hu\/marki-zay-szerint-politikai-szandek-all-a-13-millio-forintos-birsag-mogott\/#breadcrumb"},"inLanguage":"hu","potentialAction":[{"@type":"ReadAction","target":["https:\/\/hotnewsinworld.com\/hu\/marki-zay-szerint-politikai-szandek-all-a-13-millio-forintos-birsag-mogott\/"]}]},{"@type":"ImageObject","inLanguage":"hu","@id":"https:\/\/hotnewsinworld.com\/hu\/marki-zay-szerint-politikai-szandek-all-a-13-millio-forintos-birsag-mogott\/#primaryimage","url":"https:\/\/hotnewsinworld.com\/hu\/wp-content\/uploads\/sites\/3\/2019\/09\/M\u00e1rki-Zay-szerint-politikai-sz\u00e1nd\u00e9k-\u00e1ll-a-13-milli\u00f3-forintos-b\u00edrs\u00e1g.jpg","contentUrl":"https:\/\/hotnewsinworld.com\/hu\/wp-content\/uploads\/sites\/3\/2019\/09\/M\u00e1rki-Zay-szerint-politikai-sz\u00e1nd\u00e9k-\u00e1ll-a-13-milli\u00f3-forintos-b\u00edrs\u00e1g.jpg","width":1024,"height":577,"caption":"M\u00e1rki-Zay szerint politikai sz\u00e1nd\u00e9k \u00e1ll a 13 milli\u00f3 forintos b\u00edrs\u00e1g m\u00f6g\u00f6tt"},{"@type":"BreadcrumbList","@id":"https:\/\/hotnewsinworld.com\/hu\/marki-zay-szerint-politikai-szandek-all-a-13-millio-forintos-birsag-mogott\/#breadcrumb","itemListElement":[{"@type":"ListItem","position":1,"name":"\u0413\u043b\u0430\u0432\u043d\u0430\u044f \u0441\u0442\u0440\u0430\u043d\u0438\u0446\u0430","item":"https:\/\/hotnewsinworld.com\/hu\/"},{"@type":"ListItem","position":2,"name":"M\u00e1rki-Zay szerint politikai sz\u00e1nd\u00e9k \u00e1ll a 13 milli\u00f3 forintos b\u00edrs\u00e1g m\u00f6g\u00f6tt"}]},{"@type":"WebSite","@id":"https:\/\/hotnewsinworld.com\/hu\/#website","url":"https:\/\/hotnewsinworld.com\/hu\/","name":"Hot News in World","description":"Hot News in World from Hungary","potentialAction":[{"@type":"SearchAction","target":{"@type":"EntryPoint","urlTemplate":"https:\/\/hotnewsinworld.com\/hu\/?s={search_term_string}"},"query-input":{"@type":"PropertyValueSpecification","valueRequired":true,"valueName":"search_term_string"}}],"inLanguage":"hu"},{"@type":"Person","@id":"https:\/\/hotnewsinworld.com\/hu\/#\/schema\/person\/fe61448b21c0d59086e75fcc1f9d8f6b","name":"hotnewsinworld","image":{"@type":"ImageObject","inLanguage":"hu","@id":"https:\/\/secure.gravatar.com\/avatar\/8a09ac165600ce2e1c38fe593c63928eb1e6e7ba5c5a907d67787c41b3d00c14?s=96&d=mm&r=g","url":"https:\/\/secure.gravatar.com\/avatar\/8a09ac165600ce2e1c38fe593c63928eb1e6e7ba5c5a907d67787c41b3d00c14?s=96&d=mm&r=g","contentUrl":"https:\/\/secure.gravatar.com\/avatar\/8a09ac165600ce2e1c38fe593c63928eb1e6e7ba5c5a907d67787c41b3d00c14?s=96&d=mm&r=g","caption":"hotnewsinworld"},"url":"https:\/\/hotnewsinworld.com\/hu\/author\/pt\/"}]}},"_links":{"self":[{"href":"https:\/\/hotnewsinworld.com\/hu\/wp-json\/wp\/v2\/posts\/2055","targetHints":{"allow":["GET"]}}],"collection":[{"href":"https:\/\/hotnewsinworld.com\/hu\/wp-json\/wp\/v2\/posts"}],"about":[{"href":"https:\/\/hotnewsinworld.com\/hu\/wp-json\/wp\/v2\/types\/post"}],"author":[{"embeddable":true,"href":"https:\/\/hotnewsinworld.com\/hu\/wp-json\/wp\/v2\/users\/2"}],"replies":[{"embeddable":true,"href":"https:\/\/hotnewsinworld.com\/hu\/wp-json\/wp\/v2\/comments?post=2055"}],"version-history":[{"count":1,"href":"https:\/\/hotnewsinworld.com\/hu\/wp-json\/wp\/v2\/posts\/2055\/revisions"}],"predecessor-version":[{"id":2057,"href":"https:\/\/hotnewsinworld.com\/hu\/wp-json\/wp\/v2\/posts\/2055\/revisions\/2057"}],"wp:featuredmedia":[{"embeddable":true,"href":"https:\/\/hotnewsinworld.com\/hu\/wp-json\/wp\/v2\/media\/2056"}],"wp:attachment":[{"href":"https:\/\/hotnewsinworld.com\/hu\/wp-json\/wp\/v2\/media?parent=2055"}],"wp:term":[{"taxonomy":"category","embeddable":true,"href":"https:\/\/hotnewsinworld.com\/hu\/wp-json\/wp\/v2\/categories?post=2055"},{"taxonomy":"post_tag","embeddable":true,"href":"https:\/\/hotnewsinworld.com\/hu\/wp-json\/wp\/v2\/tags?post=2055"}],"curies":[{"name":"wp","href":"https:\/\/api.w.org\/{rel}","templated":true}]}}