{"id":2058,"date":"2019-09-15T04:44:30","date_gmt":"2019-09-15T01:44:30","guid":{"rendered":"https:\/\/hotnewsinworld.com\/hu\/fidesz-karacsony-mismasol-propeller\/"},"modified":"2019-09-15T04:44:32","modified_gmt":"2019-09-15T01:44:32","slug":"fidesz-karacsony-mismasol-propeller","status":"publish","type":"post","link":"https:\/\/hotnewsinworld.com\/hu\/fidesz-karacsony-mismasol-propeller\/","title":{"rendered":"Fidesz: Kar\u00e1csony mism\u00e1sol &#8211; Propeller"},"content":{"rendered":"<p>            Kar\u00e1csony Gergely ellenz\u00e9ki f\u0151polg\u00e1rmester-jel\u00f6lt tavaly \u00f3ta pr\u00f3b\u00e1lja elmism\u00e1solni a zugl\u00f3i parkol\u00e1si botr\u00e1nyt, arra pedig alkalmatlan, hogy rendet tegyen \u2013 mondta a Fidesz budapesti sz\u00f3viv\u0151je szombaton Budapesten, sajt\u00f3t\u00e1j\u00e9koztat\u00f3n.<\/p>\n<p>Zsigmond Barna P\u00e1l \u00fagy fogalmazott, Kar\u00e1csony Gergely m\u00e1r alig tal\u00e1l oda Zugl\u00f3ba, pedig legf\u0151bb ideje lenne, hogy sz\u00e1mot adjon ottani tev\u00e9kenys\u00e9g\u00e9r\u0151l: az \u00f6nkorm\u00e1nyzat gazdas\u00e1gi probl\u00e9m\u00e1ir\u00f3l, a sorozatos titkol\u00f3z\u00e1sr\u00f3l. Felsz\u00f3l\u00edtotta a XIV. ker\u00fclet polg\u00e1rmester\u00e9t, v\u00e1llalja a felel\u0151ss\u00e9get, ami\u00e9rt Zugl\u00f3ban m\u00e1r cs\u0151dk\u00f6zelben van az \u00f6nkorm\u00e1nyzat \u00e9s k\u00f6zel egymilli\u00e1rdos vesztes\u00e9get okozott a parkol\u00e1s.<br \/>\n&#13;<br \/>\nHangs\u00falyozta, a gyan\u00fas \u00fcgyek egyike a parkol\u00e1si botr\u00e1ny. Mik\u00f6zben a k\u00e9pvisel\u0151k m\u00e1r a parkol\u00e1si rendszer els\u0151 \u00e9vfordul\u00f3j\u00e1n \u00e1tfog\u00f3 besz\u00e1mol\u00f3t v\u00e1rtak, az\u00f3ta lassan m\u00e1r egy \u00e9v is eltelt v\u00e1laszok n\u00e9lk\u00fcl \u2013 mondta a sz\u00f3viv\u0151.&#13;<\/p>\n<p>Zsigmond Barna P\u00e1l felid\u00e9zte, Kar\u00e1csony Gergely tavaly novemberben azt mondta, k\u00e9sz\u00fcl ez az anyag, nagyon sok inform\u00e1ci\u00f3t kell \u00f6sszegy\u0171jteni\u00fck, de lesz ilyen sz\u00e1mvet\u00e9s.<br \/>\nA korm\u00e1nyp\u00e1rti politikus szerint nem olyan neh\u00e9z \u00f6sszeadni ezeket, m\u00e9gsem kaptak m\u00e9g v\u00e1laszt arra, hogy mekkora a teljes \u00f6sszeg.<br \/>\n&#8222;Seg\u00edt\u00fcnk neki&#8221; \u2013 mondta, majd kifejtette, a parkol\u00e1s-ellen\u0151rz\u00e9s \u2013 amit az \u00f6nkorm\u00e1nyzat ny\u00e1ron \u00e1tvett \u2013 csak a kisebbik t\u00e9tel: eddig parkol\u00f3helyenk\u00e9nt havi hatezer forintba ker\u00fclt, most ez v\u00e1ltozott. Megjegyezte, \u00f6sszesen hatezer hely van a ker\u00fcletben.<br \/>\nKiemelte, a legnagyobb t\u00e9tel a parkol\u00f3automat\u00e1k \u00fczemeltet\u00e9se. Ez havonta nett\u00f3 73 ezer forint automat\u00e1nk\u00e9nt \u00e9s 200 automata van Zugl\u00f3ban, \u00f6sszesen teh\u00e1t brutt\u00f3 18,5 milli\u00f3 forint havonta, ami r\u00e1ad\u00e1sul tov\u00e1bbra is egy k\u00fcls\u0151s c\u00e9ghez folyik be, 2022. \u00e1prilis\u00e1ig \u2013 k\u00f6z\u00f6lte a Fidesz politikusa.<br \/>\nMegjegyezte, ehhez j\u00f6nnek m\u00e9g m\u00e1s t\u00e9telek, mit p\u00e9ld\u00e1ul az \u00fcgyf\u00e9lszolg\u00e1lat \u00fczemeltet\u00e9se.<br \/>\nZsigmond Barna P\u00e1l azt k\u00e9rdezte, ha olyan nagyon nyeres\u00e9ges a rendszer, ahogy Kar\u00e1csony Gergely mondja, mi\u00e9rt nem mutatja meg a sz\u00e1mokat. &#8222;Mi tart \u00e9vekig azon, hogy ezeket be\u00fcsse a sz\u00e1mol\u00f3g\u00e9pbe?&#8221; \u2013 tette fel a k\u00e9rd\u00e9st, majd arra is r\u00e1k\u00e9rdezett, &#8222;ha egy ilyen egyszer\u0171 m\u0171veletre is alkalmatlan, hogyan akarja vezetni a f\u0151v\u00e1rost?&#8221;.<br \/>\nA Fidesz budapesti sz\u00f3viv\u0151je k\u00e9rd\u00e9sre elmondta, Kar\u00e1csony Gergely legut\u00f3bbi nyilatkozata ut\u00e1n felmer\u00fcl, hogy az ellenz\u00e9ki f\u0151polg\u00e1rmester-jel\u00f6lt nem t\u00e1mogatja, el akarja venni az \u00e9szak-pestiekt\u0151l a 3-as metr\u00f3 k\u00e1poszt\u00e1smegyeri meghosszabb\u00edt\u00e1s\u00e1t, annak ter\u00fclet\u00e9re ugyanis most f\u00e1s\u00edt\u00e1st \u00edg\u00e9r. Ebb\u0151l is l\u00e1tszik, hogy Kar\u00e1csony Gergely &#8222;\u00f6ssze-vissza besz\u00e9l&#8221;, teljess\u00e9ggel alkalmatlan a budapestiek k\u00e9pviselet\u00e9re \u2013 tette hozz\u00e1.<br \/>\n(MTI)<br \/>\n(Fot\u00f3: MTI\/Szigetv\u00e1ry Zsolt)<\/p>\n<p>\n<!--noindex--><br \/>\n<a href=\"https:\/\/hirek.oldal.info\/rssclick\/14397502\" rel=\"nofollow\">Source link <\/a><br \/>\n<!--\/noindex--><\/p>\n","protected":false},"excerpt":{"rendered":"<p>Kar\u00e1csony Gergely ellenz\u00e9ki f\u0151polg\u00e1rmester-jel\u00f6lt tavaly \u00f3ta pr\u00f3b\u00e1lja elmism\u00e1solni a zugl\u00f3i parkol\u00e1si botr\u00e1nyt, arra pedig alkalmatlan, hogy rendet tegyen \u2013 mondta a Fidesz budapesti sz\u00f3viv\u0151je szombaton Budapesten, sajt\u00f3t\u00e1j\u00e9koztat\u00f3n. Zsigmond Barna P\u00e1l \u00fagy fogalmazott, Kar\u00e1csony Gergely m\u00e1r alig tal\u00e1l oda Zugl\u00f3ba, pedig legf\u0151bb ideje lenne, hogy sz\u00e1mot adjon ottani tev\u00e9kenys\u00e9g\u00e9r\u0151l: az \u00f6nkorm\u00e1nyzat gazdas\u00e1gi probl\u00e9m\u00e1ir\u00f3l, a sorozatos titkol\u00f3z\u00e1sr\u00f3l. [&hellip;]<\/p>\n","protected":false},"author":2,"featured_media":2059,"comment_status":"open","ping_status":"open","sticky":false,"template":"","format":"standard","meta":{"footnotes":""},"categories":[1],"tags":[],"class_list":["post-2058","post","type-post","status-publish","format-standard","has-post-thumbnail","hentry","category-legujabb-penzugyi-hirek"],"yoast_head":"<!-- This site is optimized with the Yoast SEO plugin v27.4 - https:\/\/yoast.com\/product\/yoast-seo-wordpress\/ -->\n<title>Fidesz: Kar\u00e1csony mism\u00e1sol - Propeller - Hot News in World<\/title>\n<meta name=\"robots\" content=\"index, follow, max-snippet:-1, max-image-preview:large, max-video-preview:-1\" \/>\n<link rel=\"canonical\" href=\"https:\/\/hotnewsinworld.com\/hu\/fidesz-karacsony-mismasol-propeller\/\" \/>\n<meta property=\"og:locale\" content=\"hu_HU\" \/>\n<meta property=\"og:type\" content=\"article\" \/>\n<meta property=\"og:title\" content=\"Fidesz: Kar\u00e1csony mism\u00e1sol - Propeller - Hot News in World\" \/>\n<meta property=\"og:description\" content=\"Kar\u00e1csony Gergely ellenz\u00e9ki f\u0151polg\u00e1rmester-jel\u00f6lt tavaly \u00f3ta pr\u00f3b\u00e1lja elmism\u00e1solni a zugl\u00f3i parkol\u00e1si botr\u00e1nyt, arra pedig alkalmatlan, hogy rendet tegyen \u2013 mondta a Fidesz budapesti sz\u00f3viv\u0151je szombaton Budapesten, sajt\u00f3t\u00e1j\u00e9koztat\u00f3n. Zsigmond Barna P\u00e1l \u00fagy fogalmazott, Kar\u00e1csony Gergely m\u00e1r alig tal\u00e1l oda Zugl\u00f3ba, pedig legf\u0151bb ideje lenne, hogy sz\u00e1mot adjon ottani tev\u00e9kenys\u00e9g\u00e9r\u0151l: az \u00f6nkorm\u00e1nyzat gazdas\u00e1gi probl\u00e9m\u00e1ir\u00f3l, a sorozatos titkol\u00f3z\u00e1sr\u00f3l. [&hellip;]\" \/>\n<meta property=\"og:url\" content=\"https:\/\/hotnewsinworld.com\/hu\/fidesz-karacsony-mismasol-propeller\/\" \/>\n<meta property=\"og:site_name\" content=\"Hot News in World\" \/>\n<meta property=\"article:published_time\" content=\"2019-09-15T01:44:30+00:00\" \/>\n<meta property=\"article:modified_time\" content=\"2019-09-15T01:44:32+00:00\" \/>\n<meta property=\"og:image\" content=\"https:\/\/hotnewsinworld.com\/hu\/wp-content\/uploads\/sites\/3\/2019\/09\/Fidesz-Kar\u00e1csony-mism\u00e1sol-Propeller.jpg\" \/>\n\t<meta property=\"og:image:width\" content=\"800\" \/>\n\t<meta property=\"og:image:height\" content=\"533\" \/>\n\t<meta property=\"og:image:type\" content=\"image\/jpeg\" \/>\n<meta name=\"author\" content=\"hotnewsinworld\" \/>\n<meta name=\"twitter:card\" content=\"summary_large_image\" \/>\n<meta name=\"twitter:label1\" content=\"Szerz\u0151:\" \/>\n\t<meta name=\"twitter:data1\" content=\"hotnewsinworld\" \/>\n\t<meta name=\"twitter:label2\" content=\"Becs\u00fclt olvas\u00e1si id\u0151\" \/>\n\t<meta name=\"twitter:data2\" content=\"3 perc\" \/>\n<script type=\"application\/ld+json\" class=\"yoast-schema-graph\">{\"@context\":\"https:\\\/\\\/schema.org\",\"@graph\":[{\"@type\":\"Article\",\"@id\":\"https:\\\/\\\/hotnewsinworld.com\\\/hu\\\/fidesz-karacsony-mismasol-propeller\\\/#article\",\"isPartOf\":{\"@id\":\"https:\\\/\\\/hotnewsinworld.com\\\/hu\\\/fidesz-karacsony-mismasol-propeller\\\/\"},\"author\":{\"name\":\"hotnewsinworld\",\"@id\":\"https:\\\/\\\/hotnewsinworld.com\\\/hu\\\/#\\\/schema\\\/person\\\/fe61448b21c0d59086e75fcc1f9d8f6b\"},\"headline\":\"Fidesz: Kar\u00e1csony mism\u00e1sol &#8211; Propeller\",\"datePublished\":\"2019-09-15T01:44:30+00:00\",\"dateModified\":\"2019-09-15T01:44:32+00:00\",\"mainEntityOfPage\":{\"@id\":\"https:\\\/\\\/hotnewsinworld.com\\\/hu\\\/fidesz-karacsony-mismasol-propeller\\\/\"},\"wordCount\":523,\"commentCount\":0,\"image\":{\"@id\":\"https:\\\/\\\/hotnewsinworld.com\\\/hu\\\/fidesz-karacsony-mismasol-propeller\\\/#primaryimage\"},\"thumbnailUrl\":\"https:\\\/\\\/hotnewsinworld.com\\\/hu\\\/wp-content\\\/uploads\\\/sites\\\/3\\\/2019\\\/09\\\/Fidesz-Kar\u00e1csony-mism\u00e1sol-Propeller.jpg\",\"articleSection\":[\"LEG\u00daJABB P\u00c9NZ\u00dcGYI H\u00cdREK\"],\"inLanguage\":\"hu\",\"potentialAction\":[{\"@type\":\"CommentAction\",\"name\":\"Comment\",\"target\":[\"https:\\\/\\\/hotnewsinworld.com\\\/hu\\\/fidesz-karacsony-mismasol-propeller\\\/#respond\"]}]},{\"@type\":\"WebPage\",\"@id\":\"https:\\\/\\\/hotnewsinworld.com\\\/hu\\\/fidesz-karacsony-mismasol-propeller\\\/\",\"url\":\"https:\\\/\\\/hotnewsinworld.com\\\/hu\\\/fidesz-karacsony-mismasol-propeller\\\/\",\"name\":\"Fidesz: Kar\u00e1csony mism\u00e1sol - Propeller - Hot News in World\",\"isPartOf\":{\"@id\":\"https:\\\/\\\/hotnewsinworld.com\\\/hu\\\/#website\"},\"primaryImageOfPage\":{\"@id\":\"https:\\\/\\\/hotnewsinworld.com\\\/hu\\\/fidesz-karacsony-mismasol-propeller\\\/#primaryimage\"},\"image\":{\"@id\":\"https:\\\/\\\/hotnewsinworld.com\\\/hu\\\/fidesz-karacsony-mismasol-propeller\\\/#primaryimage\"},\"thumbnailUrl\":\"https:\\\/\\\/hotnewsinworld.com\\\/hu\\\/wp-content\\\/uploads\\\/sites\\\/3\\\/2019\\\/09\\\/Fidesz-Kar\u00e1csony-mism\u00e1sol-Propeller.jpg\",\"datePublished\":\"2019-09-15T01:44:30+00:00\",\"dateModified\":\"2019-09-15T01:44:32+00:00\",\"author\":{\"@id\":\"https:\\\/\\\/hotnewsinworld.com\\\/hu\\\/#\\\/schema\\\/person\\\/fe61448b21c0d59086e75fcc1f9d8f6b\"},\"breadcrumb\":{\"@id\":\"https:\\\/\\\/hotnewsinworld.com\\\/hu\\\/fidesz-karacsony-mismasol-propeller\\\/#breadcrumb\"},\"inLanguage\":\"hu\",\"potentialAction\":[{\"@type\":\"ReadAction\",\"target\":[\"https:\\\/\\\/hotnewsinworld.com\\\/hu\\\/fidesz-karacsony-mismasol-propeller\\\/\"]}]},{\"@type\":\"ImageObject\",\"inLanguage\":\"hu\",\"@id\":\"https:\\\/\\\/hotnewsinworld.com\\\/hu\\\/fidesz-karacsony-mismasol-propeller\\\/#primaryimage\",\"url\":\"https:\\\/\\\/hotnewsinworld.com\\\/hu\\\/wp-content\\\/uploads\\\/sites\\\/3\\\/2019\\\/09\\\/Fidesz-Kar\u00e1csony-mism\u00e1sol-Propeller.jpg\",\"contentUrl\":\"https:\\\/\\\/hotnewsinworld.com\\\/hu\\\/wp-content\\\/uploads\\\/sites\\\/3\\\/2019\\\/09\\\/Fidesz-Kar\u00e1csony-mism\u00e1sol-Propeller.jpg\",\"width\":800,\"height\":533,\"caption\":\"Fidesz: Kar&aacute;csony mism&aacute;sol\"},{\"@type\":\"BreadcrumbList\",\"@id\":\"https:\\\/\\\/hotnewsinworld.com\\\/hu\\\/fidesz-karacsony-mismasol-propeller\\\/#breadcrumb\",\"itemListElement\":[{\"@type\":\"ListItem\",\"position\":1,\"name\":\"\u0413\u043b\u0430\u0432\u043d\u0430\u044f \u0441\u0442\u0440\u0430\u043d\u0438\u0446\u0430\",\"item\":\"https:\\\/\\\/hotnewsinworld.com\\\/hu\\\/\"},{\"@type\":\"ListItem\",\"position\":2,\"name\":\"Fidesz: Kar\u00e1csony mism\u00e1sol &#8211; Propeller\"}]},{\"@type\":\"WebSite\",\"@id\":\"https:\\\/\\\/hotnewsinworld.com\\\/hu\\\/#website\",\"url\":\"https:\\\/\\\/hotnewsinworld.com\\\/hu\\\/\",\"name\":\"Hot News in World\",\"description\":\"Hot News in World from Hungary\",\"potentialAction\":[{\"@type\":\"SearchAction\",\"target\":{\"@type\":\"EntryPoint\",\"urlTemplate\":\"https:\\\/\\\/hotnewsinworld.com\\\/hu\\\/?s={search_term_string}\"},\"query-input\":{\"@type\":\"PropertyValueSpecification\",\"valueRequired\":true,\"valueName\":\"search_term_string\"}}],\"inLanguage\":\"hu\"},{\"@type\":\"Person\",\"@id\":\"https:\\\/\\\/hotnewsinworld.com\\\/hu\\\/#\\\/schema\\\/person\\\/fe61448b21c0d59086e75fcc1f9d8f6b\",\"name\":\"hotnewsinworld\",\"image\":{\"@type\":\"ImageObject\",\"inLanguage\":\"hu\",\"@id\":\"https:\\\/\\\/secure.gravatar.com\\\/avatar\\\/8a09ac165600ce2e1c38fe593c63928eb1e6e7ba5c5a907d67787c41b3d00c14?s=96&d=mm&r=g\",\"url\":\"https:\\\/\\\/secure.gravatar.com\\\/avatar\\\/8a09ac165600ce2e1c38fe593c63928eb1e6e7ba5c5a907d67787c41b3d00c14?s=96&d=mm&r=g\",\"contentUrl\":\"https:\\\/\\\/secure.gravatar.com\\\/avatar\\\/8a09ac165600ce2e1c38fe593c63928eb1e6e7ba5c5a907d67787c41b3d00c14?s=96&d=mm&r=g\",\"caption\":\"hotnewsinworld\"},\"url\":\"https:\\\/\\\/hotnewsinworld.com\\\/hu\\\/author\\\/pt\\\/\"}]}<\/script>\n<!-- \/ Yoast SEO plugin. -->","yoast_head_json":{"title":"Fidesz: Kar\u00e1csony mism\u00e1sol - Propeller - Hot News in World","robots":{"index":"index","follow":"follow","max-snippet":"max-snippet:-1","max-image-preview":"max-image-preview:large","max-video-preview":"max-video-preview:-1"},"canonical":"https:\/\/hotnewsinworld.com\/hu\/fidesz-karacsony-mismasol-propeller\/","og_locale":"hu_HU","og_type":"article","og_title":"Fidesz: Kar\u00e1csony mism\u00e1sol - Propeller - Hot News in World","og_description":"Kar\u00e1csony Gergely ellenz\u00e9ki f\u0151polg\u00e1rmester-jel\u00f6lt tavaly \u00f3ta pr\u00f3b\u00e1lja elmism\u00e1solni a zugl\u00f3i parkol\u00e1si botr\u00e1nyt, arra pedig alkalmatlan, hogy rendet tegyen \u2013 mondta a Fidesz budapesti sz\u00f3viv\u0151je szombaton Budapesten, sajt\u00f3t\u00e1j\u00e9koztat\u00f3n. Zsigmond Barna P\u00e1l \u00fagy fogalmazott, Kar\u00e1csony Gergely m\u00e1r alig tal\u00e1l oda Zugl\u00f3ba, pedig legf\u0151bb ideje lenne, hogy sz\u00e1mot adjon ottani tev\u00e9kenys\u00e9g\u00e9r\u0151l: az \u00f6nkorm\u00e1nyzat gazdas\u00e1gi probl\u00e9m\u00e1ir\u00f3l, a sorozatos titkol\u00f3z\u00e1sr\u00f3l. [&hellip;]","og_url":"https:\/\/hotnewsinworld.com\/hu\/fidesz-karacsony-mismasol-propeller\/","og_site_name":"Hot News in World","article_published_time":"2019-09-15T01:44:30+00:00","article_modified_time":"2019-09-15T01:44:32+00:00","og_image":[{"width":800,"height":533,"url":"https:\/\/hotnewsinworld.com\/hu\/wp-content\/uploads\/sites\/3\/2019\/09\/Fidesz-Kar\u00e1csony-mism\u00e1sol-Propeller.jpg","type":"image\/jpeg"}],"author":"hotnewsinworld","twitter_card":"summary_large_image","twitter_misc":{"Szerz\u0151:":"hotnewsinworld","Becs\u00fclt olvas\u00e1si id\u0151":"3 perc"},"schema":{"@context":"https:\/\/schema.org","@graph":[{"@type":"Article","@id":"https:\/\/hotnewsinworld.com\/hu\/fidesz-karacsony-mismasol-propeller\/#article","isPartOf":{"@id":"https:\/\/hotnewsinworld.com\/hu\/fidesz-karacsony-mismasol-propeller\/"},"author":{"name":"hotnewsinworld","@id":"https:\/\/hotnewsinworld.com\/hu\/#\/schema\/person\/fe61448b21c0d59086e75fcc1f9d8f6b"},"headline":"Fidesz: Kar\u00e1csony mism\u00e1sol &#8211; Propeller","datePublished":"2019-09-15T01:44:30+00:00","dateModified":"2019-09-15T01:44:32+00:00","mainEntityOfPage":{"@id":"https:\/\/hotnewsinworld.com\/hu\/fidesz-karacsony-mismasol-propeller\/"},"wordCount":523,"commentCount":0,"image":{"@id":"https:\/\/hotnewsinworld.com\/hu\/fidesz-karacsony-mismasol-propeller\/#primaryimage"},"thumbnailUrl":"https:\/\/hotnewsinworld.com\/hu\/wp-content\/uploads\/sites\/3\/2019\/09\/Fidesz-Kar\u00e1csony-mism\u00e1sol-Propeller.jpg","articleSection":["LEG\u00daJABB P\u00c9NZ\u00dcGYI H\u00cdREK"],"inLanguage":"hu","potentialAction":[{"@type":"CommentAction","name":"Comment","target":["https:\/\/hotnewsinworld.com\/hu\/fidesz-karacsony-mismasol-propeller\/#respond"]}]},{"@type":"WebPage","@id":"https:\/\/hotnewsinworld.com\/hu\/fidesz-karacsony-mismasol-propeller\/","url":"https:\/\/hotnewsinworld.com\/hu\/fidesz-karacsony-mismasol-propeller\/","name":"Fidesz: Kar\u00e1csony mism\u00e1sol - Propeller - Hot News in World","isPartOf":{"@id":"https:\/\/hotnewsinworld.com\/hu\/#website"},"primaryImageOfPage":{"@id":"https:\/\/hotnewsinworld.com\/hu\/fidesz-karacsony-mismasol-propeller\/#primaryimage"},"image":{"@id":"https:\/\/hotnewsinworld.com\/hu\/fidesz-karacsony-mismasol-propeller\/#primaryimage"},"thumbnailUrl":"https:\/\/hotnewsinworld.com\/hu\/wp-content\/uploads\/sites\/3\/2019\/09\/Fidesz-Kar\u00e1csony-mism\u00e1sol-Propeller.jpg","datePublished":"2019-09-15T01:44:30+00:00","dateModified":"2019-09-15T01:44:32+00:00","author":{"@id":"https:\/\/hotnewsinworld.com\/hu\/#\/schema\/person\/fe61448b21c0d59086e75fcc1f9d8f6b"},"breadcrumb":{"@id":"https:\/\/hotnewsinworld.com\/hu\/fidesz-karacsony-mismasol-propeller\/#breadcrumb"},"inLanguage":"hu","potentialAction":[{"@type":"ReadAction","target":["https:\/\/hotnewsinworld.com\/hu\/fidesz-karacsony-mismasol-propeller\/"]}]},{"@type":"ImageObject","inLanguage":"hu","@id":"https:\/\/hotnewsinworld.com\/hu\/fidesz-karacsony-mismasol-propeller\/#primaryimage","url":"https:\/\/hotnewsinworld.com\/hu\/wp-content\/uploads\/sites\/3\/2019\/09\/Fidesz-Kar\u00e1csony-mism\u00e1sol-Propeller.jpg","contentUrl":"https:\/\/hotnewsinworld.com\/hu\/wp-content\/uploads\/sites\/3\/2019\/09\/Fidesz-Kar\u00e1csony-mism\u00e1sol-Propeller.jpg","width":800,"height":533,"caption":"Fidesz: Kar&aacute;csony mism&aacute;sol"},{"@type":"BreadcrumbList","@id":"https:\/\/hotnewsinworld.com\/hu\/fidesz-karacsony-mismasol-propeller\/#breadcrumb","itemListElement":[{"@type":"ListItem","position":1,"name":"\u0413\u043b\u0430\u0432\u043d\u0430\u044f \u0441\u0442\u0440\u0430\u043d\u0438\u0446\u0430","item":"https:\/\/hotnewsinworld.com\/hu\/"},{"@type":"ListItem","position":2,"name":"Fidesz: Kar\u00e1csony mism\u00e1sol &#8211; Propeller"}]},{"@type":"WebSite","@id":"https:\/\/hotnewsinworld.com\/hu\/#website","url":"https:\/\/hotnewsinworld.com\/hu\/","name":"Hot News in World","description":"Hot News in World from Hungary","potentialAction":[{"@type":"SearchAction","target":{"@type":"EntryPoint","urlTemplate":"https:\/\/hotnewsinworld.com\/hu\/?s={search_term_string}"},"query-input":{"@type":"PropertyValueSpecification","valueRequired":true,"valueName":"search_term_string"}}],"inLanguage":"hu"},{"@type":"Person","@id":"https:\/\/hotnewsinworld.com\/hu\/#\/schema\/person\/fe61448b21c0d59086e75fcc1f9d8f6b","name":"hotnewsinworld","image":{"@type":"ImageObject","inLanguage":"hu","@id":"https:\/\/secure.gravatar.com\/avatar\/8a09ac165600ce2e1c38fe593c63928eb1e6e7ba5c5a907d67787c41b3d00c14?s=96&d=mm&r=g","url":"https:\/\/secure.gravatar.com\/avatar\/8a09ac165600ce2e1c38fe593c63928eb1e6e7ba5c5a907d67787c41b3d00c14?s=96&d=mm&r=g","contentUrl":"https:\/\/secure.gravatar.com\/avatar\/8a09ac165600ce2e1c38fe593c63928eb1e6e7ba5c5a907d67787c41b3d00c14?s=96&d=mm&r=g","caption":"hotnewsinworld"},"url":"https:\/\/hotnewsinworld.com\/hu\/author\/pt\/"}]}},"_links":{"self":[{"href":"https:\/\/hotnewsinworld.com\/hu\/wp-json\/wp\/v2\/posts\/2058","targetHints":{"allow":["GET"]}}],"collection":[{"href":"https:\/\/hotnewsinworld.com\/hu\/wp-json\/wp\/v2\/posts"}],"about":[{"href":"https:\/\/hotnewsinworld.com\/hu\/wp-json\/wp\/v2\/types\/post"}],"author":[{"embeddable":true,"href":"https:\/\/hotnewsinworld.com\/hu\/wp-json\/wp\/v2\/users\/2"}],"replies":[{"embeddable":true,"href":"https:\/\/hotnewsinworld.com\/hu\/wp-json\/wp\/v2\/comments?post=2058"}],"version-history":[{"count":1,"href":"https:\/\/hotnewsinworld.com\/hu\/wp-json\/wp\/v2\/posts\/2058\/revisions"}],"predecessor-version":[{"id":2060,"href":"https:\/\/hotnewsinworld.com\/hu\/wp-json\/wp\/v2\/posts\/2058\/revisions\/2060"}],"wp:featuredmedia":[{"embeddable":true,"href":"https:\/\/hotnewsinworld.com\/hu\/wp-json\/wp\/v2\/media\/2059"}],"wp:attachment":[{"href":"https:\/\/hotnewsinworld.com\/hu\/wp-json\/wp\/v2\/media?parent=2058"}],"wp:term":[{"taxonomy":"category","embeddable":true,"href":"https:\/\/hotnewsinworld.com\/hu\/wp-json\/wp\/v2\/categories?post=2058"},{"taxonomy":"post_tag","embeddable":true,"href":"https:\/\/hotnewsinworld.com\/hu\/wp-json\/wp\/v2\/tags?post=2058"}],"curies":[{"name":"wp","href":"https:\/\/api.w.org\/{rel}","templated":true}]}}