{"id":2061,"date":"2019-09-15T06:18:16","date_gmt":"2019-09-15T03:18:16","guid":{"rendered":"https:\/\/hotnewsinworld.com\/hu\/magyarorszagon-a-hazassagkotes-reneszanszat-eli\/"},"modified":"2019-09-15T06:18:17","modified_gmt":"2019-09-15T03:18:17","slug":"magyarorszagon-a-hazassagkotes-reneszanszat-eli","status":"publish","type":"post","link":"https:\/\/hotnewsinworld.com\/hu\/magyarorszagon-a-hazassagkotes-reneszanszat-eli\/","title":{"rendered":"Magyarorsz\u00e1gon a h\u00e1zass\u00e1gk\u00f6t\u00e9s renesz\u00e1nsz\u00e1t \u00e9li"},"content":{"rendered":"<p>\tAz idei \u00e9v els\u0151 fel\u00e9ben a h\u00e1zass\u00e1gk\u00f6t\u00e9sek sz\u00e1ma k\u00f6zel 8 sz\u00e1zal\u00e9kkal haladta meg az egy \u00e9vvel kor\u00e1bbit, Magyarorsz\u00e1gon a h\u00e1zass\u00e1gk\u00f6t\u00e9s a renesz\u00e1nsz\u00e1t \u00e9li &#8211; mondta Nov\u00e1k Katalin Szentendr\u00e9n, ahol a Nagycsal\u00e1dosok Orsz\u00e1gos Egyes\u00fclet\u00e9nek (NOE) \u0151szi tal\u00e1lkoz\u00f3ja keret\u00e9ben \u00f6t fiatal p\u00e1r k\u00f6t\u00f6tt h\u00e1zass\u00e1got.<\/p>\n<p>class=&#8221;line-title-with-image&#8221;&gt;Az idei \u00e9v els\u0151 fel\u00e9ben a h\u00e1zass\u00e1gk\u00f6t\u00e9sek sz\u00e1ma k\u00f6zel 8 sz\u00e1zal\u00e9kkal haladta meg az egy \u00e9vvel kor\u00e1bbit, Magyarorsz\u00e1gon a h\u00e1zass\u00e1gk\u00f6t\u00e9s a renesz\u00e1nsz\u00e1t \u00e9li \u2013 mondta Nov\u00e1k Katalin Szentendr\u00e9n, ahol a Nagycsal\u00e1dosok Orsz\u00e1gos Egyes\u00fclet\u00e9nek (NOE) \u0151szi tal\u00e1lkoz\u00f3ja keret\u00e9ben \u00f6t fiatal p\u00e1r k\u00f6t\u00f6tt h\u00e1zass\u00e1got.<\/p>\n<p>Kardosn\u00e9 Gyurk\u00f3 Katalin, a NOE\u2026class=&#8221;&#8221;&gt;A h\u00e1zass\u00e1gk\u00f6t\u00e9s, a gyermekv\u00e1llal\u00e1s, a csal\u00e1dalap\u00edt\u00e1s a legszem\u00e9lyesebb k\u00f6z\u00fcgy \u2013 fogalmazott az \u00e1llamtitk\u00e1r.class=&#8221;line-title-with-image&#8221;&gt;Szentendr\u00e9n a Nagycsal\u00e1dosok Orsz\u00e1gos Egyes\u00fclet\u00e9nek (NOE) \u0151szi tal\u00e1lkoz\u00f3ja keret\u00e9ben \u00f6t fiatal p\u00e1r k\u00f6t\u00f6tt h\u00e1zass\u00e1got.class=&#8221;line-title-with-image&#8221;&gt;Az idei \u00e9v els\u0151 fel\u00e9ben a h\u00e1zass\u00e1gk\u00f6t\u00e9sek sz\u00e1ma k\u00f6zel 8 sz\u00e1zal\u00e9kkal haladta meg az egy \u00e9vvel kor\u00e1bbit, Magyarorsz\u00e1gon a h\u00e1zass\u00e1gk\u00f6t\u00e9s a renesz\u00e1nsz\u00e1t \u00e9li &#8211; mondta Nov\u00e1k Katalin Szentendr\u00e9n, ahol a Nagycsal\u00e1dosok Orsz\u00e1gos Egyes\u00fclet\u00e9nek (NOE) \u0151szi tal\u00e1lkoz\u00f3ja keret\u00e9ben \u00f6t fiatal p\u00e1r k\u00f6t\u00f6tt h\u00e1zass\u00e1got.class=&#8221;&#8221;&gt;Az idei \u00e9v els\u0151 fel\u00e9ben a h\u00e1zass\u00e1gk\u00f6t\u00e9sek sz\u00e1ma k\u00f6zel 8 sz\u00e1zal\u00e9kkal haladta meg az egy \u00e9vvel kor\u00e1bbit, Magyarorsz\u00e1gon a h\u00e1zass\u00e1gk\u00f6t\u00e9s a renesz\u00e1nsz\u00e1t \u00e9li &#8211; mondta Nov\u00e1k Katalin Szentendr\u00e9n, ahol a Nagycsal\u00e1dosok Orsz\u00e1gos Egyes\u00fclet\u00e9nek (NOE) \u0151szi tal\u00e1lkoz\u00f3ja keret\u00e9ben \u00f6t fiatal p\u00e1r k\u00f6t\u00f6tt h\u00e1zass\u00e1got.class=&#8221;&#8221;&gt;Az idei \u00e9v els\u0151 fel\u00e9ben a h\u00e1zass\u00e1gk\u00f6t\u00e9sek sz\u00e1ma k\u00f6zel 8 sz\u00e1zal\u00e9kkal haladta meg az egy \u00e9vvel kor\u00e1bbit, Magyarorsz\u00e1gon a h\u00e1zass\u00e1gk\u00f6t\u00e9s a renesz\u00e1nsz\u00e1t \u00e9li &#8211; mondta Nov\u00e1k Katalin Szentendr\u00e9n, ahol a Nagycsal\u00e1dosok Orsz\u00e1gos Egyes\u00fclet\u00e9nek (NOE) \u0151szi tal\u00e1lkoz\u00f3ja keret\u00e9ben \u00f6t fiatal p\u00e1r k\u00f6t\u00f6tt h\u00e1zass\u00e1got.class=&#8221;line-title-with-image&#8221;&gt;Az idei \u00e9v els\u0151 fel\u00e9ben a h\u00e1zass\u00e1gk\u00f6t\u00e9sek sz\u00e1ma k\u00f6zel 8 sz\u00e1zal\u00e9kkal haladta meg az egy \u00e9vvel kor\u00e1bbit, Magyarorsz\u00e1gon a h\u00e1zass\u00e1gk\u00f6t\u00e9s a renesz\u00e1nsz\u00e1t \u00e9li &#8211; mondta Nov\u00e1k Katalin Szentendr\u00e9n, ahol a Nagycsal\u00e1dosok Orsz\u00e1gos Egyes\u00fclet\u00e9nek (NOE) \u0151szi tal\u00e1lkoz\u00f3ja keret\u00e9ben \u00f6t fiatal p\u00e1r k\u00f6t\u00f6tt h\u00e1zass\u00e1got.class=&#8221;line-title-with-image&#8221;&gt;\u00d6t p\u00e1r k\u00f6t\u00f6tt h\u00e1zass\u00e1got a Noe \u0151szi tal\u00e1lkoz\u00f3j\u00e1n a szentendrei skanzenben.class=&#8221;line-title-with-image&#8221;&gt;Az idei \u00e9v els\u0151 fel\u00e9ben a h\u00e1zass\u00e1gk\u00f6t\u00e9sek sz\u00e1ma k\u00f6zel 8 sz\u00e1zal\u00e9kkal haladta meg az egy \u00e9vvel kor\u00e1bbit, Magyarorsz\u00e1gon a h\u00e1zass\u00e1gk\u00f6t\u00e9s a renesz\u00e1nsz\u00e1t \u00e9li \u2013 mondta Nov\u00e1k Katalin Szentendr\u00e9n, ahol a Nagycsal\u00e1dosok Orsz\u00e1gos Egyes\u00fclet\u00e9nek (NOE) \u0151szi tal\u00e1lkoz\u00f3ja keret\u00e9ben \u00f6t fiatal p\u00e1r k\u00f6t\u00f6tt h\u00e1zass\u00e1got. A szentendrei Szabadt\u00e9ri N\u00e9prajzi\u2026class=&#8221;line-title-with-image&#8221;&gt;A jegyesek nem illet\u0151dtek meg a nyilv\u00e1noss\u00e1gt\u00f3l, \u00f6r\u00f6mteli, m\u00e9gis meghitt polg\u00e1ri szertart\u00e1son esk\u00fcdtek \u00f6r\u00f6k h\u0171s\u00e9get egym\u00e1snak.class=&#8221;line-title-with-image&#8221;&gt;Az \u00e1llamtitk\u00e1r szerint a h\u00e1zass\u00e1gk\u00f6t\u00e9s, mely a legszem\u00e9lyesebb k\u00f6z\u00fcgyek egyike renesz\u00e1nsz\u00e1t \u00e9li.class=&#8221;line-title-with-image&#8221;&gt;Az idei \u00e9v els\u0151 fel\u00e9ben a h\u00e1zass\u00e1gk\u00f6t\u00e9sek sz\u00e1ma k\u00f6zel 8 sz\u00e1zal\u00e9kkal haladta meg az egy \u00e9vvel kor\u00e1bbit, Magyarorsz\u00e1gon a h\u00e1zass\u00e1gk\u00f6t\u00e9s a renesz\u00e1nsz\u00e1t \u00e9li &#8211; mondta Nov\u00e1k Katalin Szentendr\u00e9n, ahol a Nagycsal\u00e1dosok Orsz\u00e1gos Egyes\u00fclet\u00e9nek (NOE) \u0151szi tal\u00e1lkoz\u00f3ja keret\u00e9ben \u00f6t fiatal p\u00e1r k\u00f6t\u00f6tt h\u00e1zass\u00e1got.class=&#8221;line-title-with-image&#8221;&gt;2010-hez k\u00e9pest k\u00f6zel 200 ezerrel t\u00f6bben \u00e9lnek most h\u00e1zass\u00e1gban.class=&#8221;line-title-with-image&#8221;&gt;Az idei \u00e9v els\u0151 fel\u00e9ben a h\u00e1zass\u00e1gk\u00f6t\u00e9sek sz\u00e1ma k\u00f6zel 8 sz\u00e1zal\u00e9kkal haladta meg az egy \u00e9vvel kor\u00e1bbit, Magyarorsz\u00e1gon a h\u00e1zass\u00e1gk\u00f6t\u00e9s a renesz\u00e1nsz\u00e1t \u00e9li &#8211; mondta Nov\u00e1k Katalin Szentendr\u00e9n, ahol a Nagycsal\u00e1dosok Orsz\u00e1gos Egyes\u00fclet\u00e9nek (NOE) \u0151szi tal\u00e1lkoz\u00f3ja keret\u00e9ben \u00f6t fiatal p\u00e1r k\u00f6t\u00f6tt h\u00e1zass\u00e1got.class=&#8221;line-title-with-image&#8221;&gt;K\u00f6zel 200 ezerrel \u00e9lnek most t\u00f6bben h\u00e1zass\u00e1gban 2010-hez k\u00e9pest, mondta egy rendezv\u00e9nyen az Emmi \u00e1llamtitk\u00e1ra, Nov\u00e1k Katalin.class=&#8221;line-title-with-image&#8221;&gt;- Az idei \u00e9v els\u0151 fel\u00e9ben a h\u00e1zass\u00e1gk\u00f6t\u00e9sek sz\u00e1ma k\u00f6zel 8 sz\u00e1zal\u00e9kkal haladta meg az egy \u00e9vvel kor\u00e1bbit, Magyarorsz\u00e1gon a h\u00e1zass\u00e1gk\u00f6t\u00e9s a renesz\u00e1nsz\u00e1t \u00e9li &#8211; mondta Nov\u00e1k Katalin Szentendr\u00e9n, ahol a Nagycsal\u00e1dosok Orsz\u00e1gos Egyes\u00fclet\u00e9nek (NOE) \u0151szi tal\u00e1lkoz\u00f3ja keret\u00e9ben \u00f6t fiatal p\u00e1r k\u00f6t\u00f6tt h\u00e1zass\u00e1got.class=&#8221;line-title-with-image&#8221;&gt;M\u00e1r k\u00f6zel 200 ezerrel \u00e9lnek t\u00f6bben h\u00e1zass\u00e1gban 2010-hez k\u00e9pest Magyarorsz\u00e1gon.class=&#8221;line-title-with-image&#8221;&gt;Az idei \u00e9v els\u0151 fel\u00e9ben a h\u00e1zass\u00e1gk\u00f6t\u00e9sek sz\u00e1ma k\u00f6zel 8 sz\u00e1zal\u00e9kkal haladta meg az egy \u00e9vvel kor\u00e1bbit, Magyarorsz\u00e1gon a h\u00e1zass\u00e1gk\u00f6t\u00e9s &#8230;<br \/>\n<br \/>\n<!--noindex--><br \/>\n<a href=\"https:\/\/hirek.oldal.info\/rssclick\/14397629\" rel=\"nofollow\">Source link <\/a><br \/>\n<!--\/noindex--><\/p>\n","protected":false},"excerpt":{"rendered":"<p>Az idei \u00e9v els\u0151 fel\u00e9ben a h\u00e1zass\u00e1gk\u00f6t\u00e9sek sz\u00e1ma k\u00f6zel 8 sz\u00e1zal\u00e9kkal haladta meg az egy \u00e9vvel kor\u00e1bbit, Magyarorsz\u00e1gon a h\u00e1zass\u00e1gk\u00f6t\u00e9s a renesz\u00e1nsz\u00e1t \u00e9li &#8211; mondta Nov\u00e1k Katalin Szentendr\u00e9n, ahol a Nagycsal\u00e1dosok Orsz\u00e1gos Egyes\u00fclet\u00e9nek (NOE) \u0151szi tal\u00e1lkoz\u00f3ja keret\u00e9ben \u00f6t fiatal p\u00e1r k\u00f6t\u00f6tt h\u00e1zass\u00e1got. class=&#8221;line-title-with-image&#8221;&gt;Az idei \u00e9v els\u0151 fel\u00e9ben a h\u00e1zass\u00e1gk\u00f6t\u00e9sek sz\u00e1ma k\u00f6zel 8 sz\u00e1zal\u00e9kkal haladta meg [&hellip;]<\/p>\n","protected":false},"author":2,"featured_media":2062,"comment_status":"open","ping_status":"open","sticky":false,"template":"","format":"standard","meta":{"footnotes":""},"categories":[1],"tags":[],"class_list":["post-2061","post","type-post","status-publish","format-standard","has-post-thumbnail","hentry","category-legujabb-penzugyi-hirek"],"yoast_head":"<!-- This site is optimized with the Yoast SEO plugin v27.4 - https:\/\/yoast.com\/product\/yoast-seo-wordpress\/ -->\n<title>Magyarorsz\u00e1gon a h\u00e1zass\u00e1gk\u00f6t\u00e9s renesz\u00e1nsz\u00e1t \u00e9li - Hot News in World<\/title>\n<meta name=\"robots\" content=\"index, follow, max-snippet:-1, max-image-preview:large, max-video-preview:-1\" \/>\n<link rel=\"canonical\" href=\"https:\/\/hotnewsinworld.com\/hu\/magyarorszagon-a-hazassagkotes-reneszanszat-eli\/\" \/>\n<meta property=\"og:locale\" content=\"hu_HU\" \/>\n<meta property=\"og:type\" content=\"article\" \/>\n<meta property=\"og:title\" content=\"Magyarorsz\u00e1gon a h\u00e1zass\u00e1gk\u00f6t\u00e9s renesz\u00e1nsz\u00e1t \u00e9li - Hot News in World\" \/>\n<meta property=\"og:description\" content=\"Az idei \u00e9v els\u0151 fel\u00e9ben a h\u00e1zass\u00e1gk\u00f6t\u00e9sek sz\u00e1ma k\u00f6zel 8 sz\u00e1zal\u00e9kkal haladta meg az egy \u00e9vvel kor\u00e1bbit, Magyarorsz\u00e1gon a h\u00e1zass\u00e1gk\u00f6t\u00e9s a renesz\u00e1nsz\u00e1t \u00e9li &#8211; mondta Nov\u00e1k Katalin Szentendr\u00e9n, ahol a Nagycsal\u00e1dosok Orsz\u00e1gos Egyes\u00fclet\u00e9nek (NOE) \u0151szi tal\u00e1lkoz\u00f3ja keret\u00e9ben \u00f6t fiatal p\u00e1r k\u00f6t\u00f6tt h\u00e1zass\u00e1got. class=&#8221;line-title-with-image&#8221;&gt;Az idei \u00e9v els\u0151 fel\u00e9ben a h\u00e1zass\u00e1gk\u00f6t\u00e9sek sz\u00e1ma k\u00f6zel 8 sz\u00e1zal\u00e9kkal haladta meg [&hellip;]\" \/>\n<meta property=\"og:url\" content=\"https:\/\/hotnewsinworld.com\/hu\/magyarorszagon-a-hazassagkotes-reneszanszat-eli\/\" \/>\n<meta property=\"og:site_name\" content=\"Hot News in World\" \/>\n<meta property=\"article:published_time\" content=\"2019-09-15T03:18:16+00:00\" \/>\n<meta property=\"article:modified_time\" content=\"2019-09-15T03:18:17+00:00\" \/>\n<meta property=\"og:image\" content=\"https:\/\/hotnewsinworld.com\/hu\/wp-content\/uploads\/sites\/3\/2019\/09\/Magyarorsz\u00e1gon-a-h\u00e1zass\u00e1gk\u00f6t\u00e9s-renesz\u00e1nsz\u00e1t-\u00e9li.jpg\" \/>\n\t<meta property=\"og:image:width\" content=\"600\" \/>\n\t<meta property=\"og:image:height\" content=\"315\" \/>\n\t<meta property=\"og:image:type\" content=\"image\/jpeg\" \/>\n<meta name=\"author\" content=\"hotnewsinworld\" \/>\n<meta name=\"twitter:card\" content=\"summary_large_image\" \/>\n<meta name=\"twitter:label1\" content=\"Szerz\u0151:\" \/>\n\t<meta name=\"twitter:data1\" content=\"hotnewsinworld\" \/>\n\t<meta name=\"twitter:label2\" content=\"Becs\u00fclt olvas\u00e1si id\u0151\" \/>\n\t<meta name=\"twitter:data2\" content=\"5 perc\" \/>\n<script type=\"application\/ld+json\" class=\"yoast-schema-graph\">{\"@context\":\"https:\\\/\\\/schema.org\",\"@graph\":[{\"@type\":\"Article\",\"@id\":\"https:\\\/\\\/hotnewsinworld.com\\\/hu\\\/magyarorszagon-a-hazassagkotes-reneszanszat-eli\\\/#article\",\"isPartOf\":{\"@id\":\"https:\\\/\\\/hotnewsinworld.com\\\/hu\\\/magyarorszagon-a-hazassagkotes-reneszanszat-eli\\\/\"},\"author\":{\"name\":\"hotnewsinworld\",\"@id\":\"https:\\\/\\\/hotnewsinworld.com\\\/hu\\\/#\\\/schema\\\/person\\\/fe61448b21c0d59086e75fcc1f9d8f6b\"},\"headline\":\"Magyarorsz\u00e1gon a h\u00e1zass\u00e1gk\u00f6t\u00e9s renesz\u00e1nsz\u00e1t \u00e9li\",\"datePublished\":\"2019-09-15T03:18:16+00:00\",\"dateModified\":\"2019-09-15T03:18:17+00:00\",\"mainEntityOfPage\":{\"@id\":\"https:\\\/\\\/hotnewsinworld.com\\\/hu\\\/magyarorszagon-a-hazassagkotes-reneszanszat-eli\\\/\"},\"wordCount\":1004,\"commentCount\":0,\"image\":{\"@id\":\"https:\\\/\\\/hotnewsinworld.com\\\/hu\\\/magyarorszagon-a-hazassagkotes-reneszanszat-eli\\\/#primaryimage\"},\"thumbnailUrl\":\"https:\\\/\\\/hotnewsinworld.com\\\/hu\\\/wp-content\\\/uploads\\\/sites\\\/3\\\/2019\\\/09\\\/Magyarorsz\u00e1gon-a-h\u00e1zass\u00e1gk\u00f6t\u00e9s-renesz\u00e1nsz\u00e1t-\u00e9li.jpg\",\"articleSection\":[\"LEG\u00daJABB P\u00c9NZ\u00dcGYI H\u00cdREK\"],\"inLanguage\":\"hu\",\"potentialAction\":[{\"@type\":\"CommentAction\",\"name\":\"Comment\",\"target\":[\"https:\\\/\\\/hotnewsinworld.com\\\/hu\\\/magyarorszagon-a-hazassagkotes-reneszanszat-eli\\\/#respond\"]}]},{\"@type\":\"WebPage\",\"@id\":\"https:\\\/\\\/hotnewsinworld.com\\\/hu\\\/magyarorszagon-a-hazassagkotes-reneszanszat-eli\\\/\",\"url\":\"https:\\\/\\\/hotnewsinworld.com\\\/hu\\\/magyarorszagon-a-hazassagkotes-reneszanszat-eli\\\/\",\"name\":\"Magyarorsz\u00e1gon a h\u00e1zass\u00e1gk\u00f6t\u00e9s renesz\u00e1nsz\u00e1t \u00e9li - Hot News in World\",\"isPartOf\":{\"@id\":\"https:\\\/\\\/hotnewsinworld.com\\\/hu\\\/#website\"},\"primaryImageOfPage\":{\"@id\":\"https:\\\/\\\/hotnewsinworld.com\\\/hu\\\/magyarorszagon-a-hazassagkotes-reneszanszat-eli\\\/#primaryimage\"},\"image\":{\"@id\":\"https:\\\/\\\/hotnewsinworld.com\\\/hu\\\/magyarorszagon-a-hazassagkotes-reneszanszat-eli\\\/#primaryimage\"},\"thumbnailUrl\":\"https:\\\/\\\/hotnewsinworld.com\\\/hu\\\/wp-content\\\/uploads\\\/sites\\\/3\\\/2019\\\/09\\\/Magyarorsz\u00e1gon-a-h\u00e1zass\u00e1gk\u00f6t\u00e9s-renesz\u00e1nsz\u00e1t-\u00e9li.jpg\",\"datePublished\":\"2019-09-15T03:18:16+00:00\",\"dateModified\":\"2019-09-15T03:18:17+00:00\",\"author\":{\"@id\":\"https:\\\/\\\/hotnewsinworld.com\\\/hu\\\/#\\\/schema\\\/person\\\/fe61448b21c0d59086e75fcc1f9d8f6b\"},\"breadcrumb\":{\"@id\":\"https:\\\/\\\/hotnewsinworld.com\\\/hu\\\/magyarorszagon-a-hazassagkotes-reneszanszat-eli\\\/#breadcrumb\"},\"inLanguage\":\"hu\",\"potentialAction\":[{\"@type\":\"ReadAction\",\"target\":[\"https:\\\/\\\/hotnewsinworld.com\\\/hu\\\/magyarorszagon-a-hazassagkotes-reneszanszat-eli\\\/\"]}]},{\"@type\":\"ImageObject\",\"inLanguage\":\"hu\",\"@id\":\"https:\\\/\\\/hotnewsinworld.com\\\/hu\\\/magyarorszagon-a-hazassagkotes-reneszanszat-eli\\\/#primaryimage\",\"url\":\"https:\\\/\\\/hotnewsinworld.com\\\/hu\\\/wp-content\\\/uploads\\\/sites\\\/3\\\/2019\\\/09\\\/Magyarorsz\u00e1gon-a-h\u00e1zass\u00e1gk\u00f6t\u00e9s-renesz\u00e1nsz\u00e1t-\u00e9li.jpg\",\"contentUrl\":\"https:\\\/\\\/hotnewsinworld.com\\\/hu\\\/wp-content\\\/uploads\\\/sites\\\/3\\\/2019\\\/09\\\/Magyarorsz\u00e1gon-a-h\u00e1zass\u00e1gk\u00f6t\u00e9s-renesz\u00e1nsz\u00e1t-\u00e9li.jpg\",\"width\":600,\"height\":315,\"caption\":\"Magyarorsz\u00e1gon a h\u00e1zass\u00e1gk\u00f6t\u00e9s renesz\u00e1nsz\u00e1t \u00e9li\"},{\"@type\":\"BreadcrumbList\",\"@id\":\"https:\\\/\\\/hotnewsinworld.com\\\/hu\\\/magyarorszagon-a-hazassagkotes-reneszanszat-eli\\\/#breadcrumb\",\"itemListElement\":[{\"@type\":\"ListItem\",\"position\":1,\"name\":\"\u0413\u043b\u0430\u0432\u043d\u0430\u044f \u0441\u0442\u0440\u0430\u043d\u0438\u0446\u0430\",\"item\":\"https:\\\/\\\/hotnewsinworld.com\\\/hu\\\/\"},{\"@type\":\"ListItem\",\"position\":2,\"name\":\"Magyarorsz\u00e1gon a h\u00e1zass\u00e1gk\u00f6t\u00e9s renesz\u00e1nsz\u00e1t \u00e9li\"}]},{\"@type\":\"WebSite\",\"@id\":\"https:\\\/\\\/hotnewsinworld.com\\\/hu\\\/#website\",\"url\":\"https:\\\/\\\/hotnewsinworld.com\\\/hu\\\/\",\"name\":\"Hot News in World\",\"description\":\"Hot News in World from Hungary\",\"potentialAction\":[{\"@type\":\"SearchAction\",\"target\":{\"@type\":\"EntryPoint\",\"urlTemplate\":\"https:\\\/\\\/hotnewsinworld.com\\\/hu\\\/?s={search_term_string}\"},\"query-input\":{\"@type\":\"PropertyValueSpecification\",\"valueRequired\":true,\"valueName\":\"search_term_string\"}}],\"inLanguage\":\"hu\"},{\"@type\":\"Person\",\"@id\":\"https:\\\/\\\/hotnewsinworld.com\\\/hu\\\/#\\\/schema\\\/person\\\/fe61448b21c0d59086e75fcc1f9d8f6b\",\"name\":\"hotnewsinworld\",\"image\":{\"@type\":\"ImageObject\",\"inLanguage\":\"hu\",\"@id\":\"https:\\\/\\\/secure.gravatar.com\\\/avatar\\\/8a09ac165600ce2e1c38fe593c63928eb1e6e7ba5c5a907d67787c41b3d00c14?s=96&d=mm&r=g\",\"url\":\"https:\\\/\\\/secure.gravatar.com\\\/avatar\\\/8a09ac165600ce2e1c38fe593c63928eb1e6e7ba5c5a907d67787c41b3d00c14?s=96&d=mm&r=g\",\"contentUrl\":\"https:\\\/\\\/secure.gravatar.com\\\/avatar\\\/8a09ac165600ce2e1c38fe593c63928eb1e6e7ba5c5a907d67787c41b3d00c14?s=96&d=mm&r=g\",\"caption\":\"hotnewsinworld\"},\"url\":\"https:\\\/\\\/hotnewsinworld.com\\\/hu\\\/author\\\/pt\\\/\"}]}<\/script>\n<!-- \/ Yoast SEO plugin. -->","yoast_head_json":{"title":"Magyarorsz\u00e1gon a h\u00e1zass\u00e1gk\u00f6t\u00e9s renesz\u00e1nsz\u00e1t \u00e9li - Hot News in World","robots":{"index":"index","follow":"follow","max-snippet":"max-snippet:-1","max-image-preview":"max-image-preview:large","max-video-preview":"max-video-preview:-1"},"canonical":"https:\/\/hotnewsinworld.com\/hu\/magyarorszagon-a-hazassagkotes-reneszanszat-eli\/","og_locale":"hu_HU","og_type":"article","og_title":"Magyarorsz\u00e1gon a h\u00e1zass\u00e1gk\u00f6t\u00e9s renesz\u00e1nsz\u00e1t \u00e9li - Hot News in World","og_description":"Az idei \u00e9v els\u0151 fel\u00e9ben a h\u00e1zass\u00e1gk\u00f6t\u00e9sek sz\u00e1ma k\u00f6zel 8 sz\u00e1zal\u00e9kkal haladta meg az egy \u00e9vvel kor\u00e1bbit, Magyarorsz\u00e1gon a h\u00e1zass\u00e1gk\u00f6t\u00e9s a renesz\u00e1nsz\u00e1t \u00e9li &#8211; mondta Nov\u00e1k Katalin Szentendr\u00e9n, ahol a Nagycsal\u00e1dosok Orsz\u00e1gos Egyes\u00fclet\u00e9nek (NOE) \u0151szi tal\u00e1lkoz\u00f3ja keret\u00e9ben \u00f6t fiatal p\u00e1r k\u00f6t\u00f6tt h\u00e1zass\u00e1got. class=&#8221;line-title-with-image&#8221;&gt;Az idei \u00e9v els\u0151 fel\u00e9ben a h\u00e1zass\u00e1gk\u00f6t\u00e9sek sz\u00e1ma k\u00f6zel 8 sz\u00e1zal\u00e9kkal haladta meg [&hellip;]","og_url":"https:\/\/hotnewsinworld.com\/hu\/magyarorszagon-a-hazassagkotes-reneszanszat-eli\/","og_site_name":"Hot News in World","article_published_time":"2019-09-15T03:18:16+00:00","article_modified_time":"2019-09-15T03:18:17+00:00","og_image":[{"width":600,"height":315,"url":"https:\/\/hotnewsinworld.com\/hu\/wp-content\/uploads\/sites\/3\/2019\/09\/Magyarorsz\u00e1gon-a-h\u00e1zass\u00e1gk\u00f6t\u00e9s-renesz\u00e1nsz\u00e1t-\u00e9li.jpg","type":"image\/jpeg"}],"author":"hotnewsinworld","twitter_card":"summary_large_image","twitter_misc":{"Szerz\u0151:":"hotnewsinworld","Becs\u00fclt olvas\u00e1si id\u0151":"5 perc"},"schema":{"@context":"https:\/\/schema.org","@graph":[{"@type":"Article","@id":"https:\/\/hotnewsinworld.com\/hu\/magyarorszagon-a-hazassagkotes-reneszanszat-eli\/#article","isPartOf":{"@id":"https:\/\/hotnewsinworld.com\/hu\/magyarorszagon-a-hazassagkotes-reneszanszat-eli\/"},"author":{"name":"hotnewsinworld","@id":"https:\/\/hotnewsinworld.com\/hu\/#\/schema\/person\/fe61448b21c0d59086e75fcc1f9d8f6b"},"headline":"Magyarorsz\u00e1gon a h\u00e1zass\u00e1gk\u00f6t\u00e9s renesz\u00e1nsz\u00e1t \u00e9li","datePublished":"2019-09-15T03:18:16+00:00","dateModified":"2019-09-15T03:18:17+00:00","mainEntityOfPage":{"@id":"https:\/\/hotnewsinworld.com\/hu\/magyarorszagon-a-hazassagkotes-reneszanszat-eli\/"},"wordCount":1004,"commentCount":0,"image":{"@id":"https:\/\/hotnewsinworld.com\/hu\/magyarorszagon-a-hazassagkotes-reneszanszat-eli\/#primaryimage"},"thumbnailUrl":"https:\/\/hotnewsinworld.com\/hu\/wp-content\/uploads\/sites\/3\/2019\/09\/Magyarorsz\u00e1gon-a-h\u00e1zass\u00e1gk\u00f6t\u00e9s-renesz\u00e1nsz\u00e1t-\u00e9li.jpg","articleSection":["LEG\u00daJABB P\u00c9NZ\u00dcGYI H\u00cdREK"],"inLanguage":"hu","potentialAction":[{"@type":"CommentAction","name":"Comment","target":["https:\/\/hotnewsinworld.com\/hu\/magyarorszagon-a-hazassagkotes-reneszanszat-eli\/#respond"]}]},{"@type":"WebPage","@id":"https:\/\/hotnewsinworld.com\/hu\/magyarorszagon-a-hazassagkotes-reneszanszat-eli\/","url":"https:\/\/hotnewsinworld.com\/hu\/magyarorszagon-a-hazassagkotes-reneszanszat-eli\/","name":"Magyarorsz\u00e1gon a h\u00e1zass\u00e1gk\u00f6t\u00e9s renesz\u00e1nsz\u00e1t \u00e9li - Hot News in World","isPartOf":{"@id":"https:\/\/hotnewsinworld.com\/hu\/#website"},"primaryImageOfPage":{"@id":"https:\/\/hotnewsinworld.com\/hu\/magyarorszagon-a-hazassagkotes-reneszanszat-eli\/#primaryimage"},"image":{"@id":"https:\/\/hotnewsinworld.com\/hu\/magyarorszagon-a-hazassagkotes-reneszanszat-eli\/#primaryimage"},"thumbnailUrl":"https:\/\/hotnewsinworld.com\/hu\/wp-content\/uploads\/sites\/3\/2019\/09\/Magyarorsz\u00e1gon-a-h\u00e1zass\u00e1gk\u00f6t\u00e9s-renesz\u00e1nsz\u00e1t-\u00e9li.jpg","datePublished":"2019-09-15T03:18:16+00:00","dateModified":"2019-09-15T03:18:17+00:00","author":{"@id":"https:\/\/hotnewsinworld.com\/hu\/#\/schema\/person\/fe61448b21c0d59086e75fcc1f9d8f6b"},"breadcrumb":{"@id":"https:\/\/hotnewsinworld.com\/hu\/magyarorszagon-a-hazassagkotes-reneszanszat-eli\/#breadcrumb"},"inLanguage":"hu","potentialAction":[{"@type":"ReadAction","target":["https:\/\/hotnewsinworld.com\/hu\/magyarorszagon-a-hazassagkotes-reneszanszat-eli\/"]}]},{"@type":"ImageObject","inLanguage":"hu","@id":"https:\/\/hotnewsinworld.com\/hu\/magyarorszagon-a-hazassagkotes-reneszanszat-eli\/#primaryimage","url":"https:\/\/hotnewsinworld.com\/hu\/wp-content\/uploads\/sites\/3\/2019\/09\/Magyarorsz\u00e1gon-a-h\u00e1zass\u00e1gk\u00f6t\u00e9s-renesz\u00e1nsz\u00e1t-\u00e9li.jpg","contentUrl":"https:\/\/hotnewsinworld.com\/hu\/wp-content\/uploads\/sites\/3\/2019\/09\/Magyarorsz\u00e1gon-a-h\u00e1zass\u00e1gk\u00f6t\u00e9s-renesz\u00e1nsz\u00e1t-\u00e9li.jpg","width":600,"height":315,"caption":"Magyarorsz\u00e1gon a h\u00e1zass\u00e1gk\u00f6t\u00e9s renesz\u00e1nsz\u00e1t \u00e9li"},{"@type":"BreadcrumbList","@id":"https:\/\/hotnewsinworld.com\/hu\/magyarorszagon-a-hazassagkotes-reneszanszat-eli\/#breadcrumb","itemListElement":[{"@type":"ListItem","position":1,"name":"\u0413\u043b\u0430\u0432\u043d\u0430\u044f \u0441\u0442\u0440\u0430\u043d\u0438\u0446\u0430","item":"https:\/\/hotnewsinworld.com\/hu\/"},{"@type":"ListItem","position":2,"name":"Magyarorsz\u00e1gon a h\u00e1zass\u00e1gk\u00f6t\u00e9s renesz\u00e1nsz\u00e1t \u00e9li"}]},{"@type":"WebSite","@id":"https:\/\/hotnewsinworld.com\/hu\/#website","url":"https:\/\/hotnewsinworld.com\/hu\/","name":"Hot News in World","description":"Hot News in World from Hungary","potentialAction":[{"@type":"SearchAction","target":{"@type":"EntryPoint","urlTemplate":"https:\/\/hotnewsinworld.com\/hu\/?s={search_term_string}"},"query-input":{"@type":"PropertyValueSpecification","valueRequired":true,"valueName":"search_term_string"}}],"inLanguage":"hu"},{"@type":"Person","@id":"https:\/\/hotnewsinworld.com\/hu\/#\/schema\/person\/fe61448b21c0d59086e75fcc1f9d8f6b","name":"hotnewsinworld","image":{"@type":"ImageObject","inLanguage":"hu","@id":"https:\/\/secure.gravatar.com\/avatar\/8a09ac165600ce2e1c38fe593c63928eb1e6e7ba5c5a907d67787c41b3d00c14?s=96&d=mm&r=g","url":"https:\/\/secure.gravatar.com\/avatar\/8a09ac165600ce2e1c38fe593c63928eb1e6e7ba5c5a907d67787c41b3d00c14?s=96&d=mm&r=g","contentUrl":"https:\/\/secure.gravatar.com\/avatar\/8a09ac165600ce2e1c38fe593c63928eb1e6e7ba5c5a907d67787c41b3d00c14?s=96&d=mm&r=g","caption":"hotnewsinworld"},"url":"https:\/\/hotnewsinworld.com\/hu\/author\/pt\/"}]}},"_links":{"self":[{"href":"https:\/\/hotnewsinworld.com\/hu\/wp-json\/wp\/v2\/posts\/2061","targetHints":{"allow":["GET"]}}],"collection":[{"href":"https:\/\/hotnewsinworld.com\/hu\/wp-json\/wp\/v2\/posts"}],"about":[{"href":"https:\/\/hotnewsinworld.com\/hu\/wp-json\/wp\/v2\/types\/post"}],"author":[{"embeddable":true,"href":"https:\/\/hotnewsinworld.com\/hu\/wp-json\/wp\/v2\/users\/2"}],"replies":[{"embeddable":true,"href":"https:\/\/hotnewsinworld.com\/hu\/wp-json\/wp\/v2\/comments?post=2061"}],"version-history":[{"count":1,"href":"https:\/\/hotnewsinworld.com\/hu\/wp-json\/wp\/v2\/posts\/2061\/revisions"}],"predecessor-version":[{"id":2063,"href":"https:\/\/hotnewsinworld.com\/hu\/wp-json\/wp\/v2\/posts\/2061\/revisions\/2063"}],"wp:featuredmedia":[{"embeddable":true,"href":"https:\/\/hotnewsinworld.com\/hu\/wp-json\/wp\/v2\/media\/2062"}],"wp:attachment":[{"href":"https:\/\/hotnewsinworld.com\/hu\/wp-json\/wp\/v2\/media?parent=2061"}],"wp:term":[{"taxonomy":"category","embeddable":true,"href":"https:\/\/hotnewsinworld.com\/hu\/wp-json\/wp\/v2\/categories?post=2061"},{"taxonomy":"post_tag","embeddable":true,"href":"https:\/\/hotnewsinworld.com\/hu\/wp-json\/wp\/v2\/tags?post=2061"}],"curies":[{"name":"wp","href":"https:\/\/api.w.org\/{rel}","templated":true}]}}