{"id":2064,"date":"2019-09-15T07:37:24","date_gmt":"2019-09-15T04:37:24","guid":{"rendered":"https:\/\/hotnewsinworld.com\/hu\/bomba-miatt-686-lakast-uritenek-ki-ma-a-moricz-zsigmond-korternel\/"},"modified":"2019-09-15T07:37:25","modified_gmt":"2019-09-15T04:37:25","slug":"bomba-miatt-686-lakast-uritenek-ki-ma-a-moricz-zsigmond-korternel","status":"publish","type":"post","link":"https:\/\/hotnewsinworld.com\/hu\/bomba-miatt-686-lakast-uritenek-ki-ma-a-moricz-zsigmond-korternel\/","title":{"rendered":"Bomba miatt 686 lak\u00e1st \u00fcr\u00edtenek ki ma a M\u00f3ricz Zsigmond k\u00f6rt\u00e9rn\u00e9l"},"content":{"rendered":"<p>\t\t\t\t\t\tA hat\u00e1stalan\u00edt\u00e1s v\u00e1rhat\u00f3an d\u00e9lut\u00e1nra t\u00f6rt\u00e9nik meg.<br \/>\n\t\t\t\t\tEgy amerikai gy\u00e1rtm\u00e1ny\u00fa, 250 kilogrammos vil\u00e1gh\u00e1bor\u00fas l\u00e9gibomba ker\u00fclt el\u0151 h\u00e9tf\u0151n a Szent Margit Gimn\u00e1zium ter\u00fclet\u00e9n zajl\u00f3 \u00e9p\u00edtkez\u00e9s sor\u00e1n.<br \/>\nMa a hat\u00f3s\u00e1gok 686 lak\u00e1st, irodah\u00e1zakat, vend\u00e9gl\u00e1t\u00f3 helyis\u00e9geket \u00fcr\u00edtenek ki, \u00e9s lez\u00e1rj\u00e1k a M\u00f3ricz Zsigmond k\u00f6rt\u00e9r, a Himfy utca, a Vill\u00e1nyi \u00fat, a Balogh Tiham\u00e9r lejt\u0151n l\u00e9v\u0151 \u00fatszakasz, a M\u00e9nesi \u00fat, a Bart\u00f3k B\u00e9la \u00fat, a Soml\u00f3i \u00fat, a Vill\u00e1nyi \u00fat, a Kelenhegyi l\u00e9pcs\u0151 meghat\u00e1rozott szakasz\u00e1t.<br \/>\nAz \u00e9rintett ingatlanokba v\u00e1rhat\u00f3an a k\u00e9s\u0151 d\u00e9lut\u00e1ni \u00f3r\u00e1kban lehet visszat\u00e9rni.<br \/>\nA biztons\u00e1gi z\u00e1r\u00e1s ideje alatt a G\u00e1rdonyi G\u00e9za \u00c1ltal\u00e1nos Iskola (Bart\u00f3k B\u00e9la \u00fat 27.) befogad\u00f3 helyk\u00e9nt \u00fczemel.<br \/>\nAmi a t\u00f6megk\u00f6zleked\u00e9st illeti v\u00e1rhat\u00f3an 9.30-t\u00f3l nem j\u00e1r:<br \/>\na 17-es \u00e9s a 61-es villamos \u00dajbuda-k\u00f6zpont \u00e9s a Buda\u00f6rsi \u00fat k\u00f6z\u00f6tt<br \/>\na 19-es \u00e9s a 49-es villamos a Szent Gell\u00e9rt t\u00e9r \u00e9s Kelenf\u00f6ld vas\u00fat\u00e1llom\u00e1s k\u00f6z\u00f6tt<br \/>\na 41-es \u00e9s a 47-es villamos \u00dajbuda-k\u00f6zpont \u00e9s a Szent Gell\u00e9rt t\u00e9r k\u00f6z\u00f6tt<br \/>\naz 56A villamos a M\u00f3ricz Zsigmond k\u00f6rt\u00e9r \u00e9s a Szent Gell\u00e9rt t\u00e9r k\u00f6z\u00f6tt<br \/>\na 7-es, 27-es, 114-es, 213-as, 214-es, 133E, 240-es buszok a lez\u00e1rt \u00fatszakaszt elker\u00fclve k\u00f6zlekednek.<br \/>\ntov\u00e1bbi inform\u00e1ci\u00f3k tal\u00e1lhat\u00f3k az ujbuda.hu; bkk.hu; bkkinfo.hu oldalakon.<\/p>\n<p>\n<!--noindex--><br \/>\n<a href=\"https:\/\/hirek.oldal.info\/rssclick\/14397680\" rel=\"nofollow\">Source link <\/a><br \/>\n<!--\/noindex--><\/p>\n","protected":false},"excerpt":{"rendered":"<p>A hat\u00e1stalan\u00edt\u00e1s v\u00e1rhat\u00f3an d\u00e9lut\u00e1nra t\u00f6rt\u00e9nik meg. Egy amerikai gy\u00e1rtm\u00e1ny\u00fa, 250 kilogrammos vil\u00e1gh\u00e1bor\u00fas l\u00e9gibomba ker\u00fclt el\u0151 h\u00e9tf\u0151n a Szent Margit Gimn\u00e1zium ter\u00fclet\u00e9n zajl\u00f3 \u00e9p\u00edtkez\u00e9s sor\u00e1n. Ma a hat\u00f3s\u00e1gok 686 lak\u00e1st, irodah\u00e1zakat, vend\u00e9gl\u00e1t\u00f3 helyis\u00e9geket \u00fcr\u00edtenek ki, \u00e9s lez\u00e1rj\u00e1k a M\u00f3ricz Zsigmond k\u00f6rt\u00e9r, a Himfy utca, a Vill\u00e1nyi \u00fat, a Balogh Tiham\u00e9r lejt\u0151n l\u00e9v\u0151 \u00fatszakasz, a M\u00e9nesi \u00fat, [&hellip;]<\/p>\n","protected":false},"author":2,"featured_media":2065,"comment_status":"open","ping_status":"open","sticky":false,"template":"","format":"standard","meta":{"footnotes":""},"categories":[1],"tags":[],"class_list":["post-2064","post","type-post","status-publish","format-standard","has-post-thumbnail","hentry","category-legujabb-penzugyi-hirek"],"yoast_head":"<!-- This site is optimized with the Yoast SEO plugin v27.4 - https:\/\/yoast.com\/product\/yoast-seo-wordpress\/ -->\n<title>Bomba miatt 686 lak\u00e1st \u00fcr\u00edtenek ki ma a M\u00f3ricz Zsigmond k\u00f6rt\u00e9rn\u00e9l - Hot News in World<\/title>\n<meta name=\"robots\" content=\"index, follow, max-snippet:-1, max-image-preview:large, max-video-preview:-1\" \/>\n<link rel=\"canonical\" href=\"https:\/\/hotnewsinworld.com\/hu\/bomba-miatt-686-lakast-uritenek-ki-ma-a-moricz-zsigmond-korternel\/\" \/>\n<meta property=\"og:locale\" content=\"hu_HU\" \/>\n<meta property=\"og:type\" content=\"article\" \/>\n<meta property=\"og:title\" content=\"Bomba miatt 686 lak\u00e1st \u00fcr\u00edtenek ki ma a M\u00f3ricz Zsigmond k\u00f6rt\u00e9rn\u00e9l - Hot News in World\" \/>\n<meta property=\"og:description\" content=\"A hat\u00e1stalan\u00edt\u00e1s v\u00e1rhat\u00f3an d\u00e9lut\u00e1nra t\u00f6rt\u00e9nik meg. Egy amerikai gy\u00e1rtm\u00e1ny\u00fa, 250 kilogrammos vil\u00e1gh\u00e1bor\u00fas l\u00e9gibomba ker\u00fclt el\u0151 h\u00e9tf\u0151n a Szent Margit Gimn\u00e1zium ter\u00fclet\u00e9n zajl\u00f3 \u00e9p\u00edtkez\u00e9s sor\u00e1n. Ma a hat\u00f3s\u00e1gok 686 lak\u00e1st, irodah\u00e1zakat, vend\u00e9gl\u00e1t\u00f3 helyis\u00e9geket \u00fcr\u00edtenek ki, \u00e9s lez\u00e1rj\u00e1k a M\u00f3ricz Zsigmond k\u00f6rt\u00e9r, a Himfy utca, a Vill\u00e1nyi \u00fat, a Balogh Tiham\u00e9r lejt\u0151n l\u00e9v\u0151 \u00fatszakasz, a M\u00e9nesi \u00fat, [&hellip;]\" \/>\n<meta property=\"og:url\" content=\"https:\/\/hotnewsinworld.com\/hu\/bomba-miatt-686-lakast-uritenek-ki-ma-a-moricz-zsigmond-korternel\/\" \/>\n<meta property=\"og:site_name\" content=\"Hot News in World\" \/>\n<meta property=\"article:published_time\" content=\"2019-09-15T04:37:24+00:00\" \/>\n<meta property=\"article:modified_time\" content=\"2019-09-15T04:37:25+00:00\" \/>\n<meta property=\"og:image\" content=\"https:\/\/hotnewsinworld.com\/hu\/wp-content\/uploads\/sites\/3\/2019\/09\/Bomba-miatt-686-lak\u00e1st-\u00fcr\u00edtenek-ki-ma-a-M\u00f3ricz-Zsigmond.jpg\" \/>\n\t<meta property=\"og:image:width\" content=\"1024\" \/>\n\t<meta property=\"og:image:height\" content=\"577\" \/>\n\t<meta property=\"og:image:type\" content=\"image\/jpeg\" \/>\n<meta name=\"author\" content=\"hotnewsinworld\" \/>\n<meta name=\"twitter:card\" content=\"summary_large_image\" \/>\n<meta name=\"twitter:label1\" content=\"Szerz\u0151:\" \/>\n\t<meta name=\"twitter:data1\" content=\"hotnewsinworld\" \/>\n\t<meta name=\"twitter:label2\" content=\"Becs\u00fclt olvas\u00e1si id\u0151\" \/>\n\t<meta name=\"twitter:data2\" content=\"1 perc\" \/>\n<script type=\"application\/ld+json\" class=\"yoast-schema-graph\">{\"@context\":\"https:\\\/\\\/schema.org\",\"@graph\":[{\"@type\":\"Article\",\"@id\":\"https:\\\/\\\/hotnewsinworld.com\\\/hu\\\/bomba-miatt-686-lakast-uritenek-ki-ma-a-moricz-zsigmond-korternel\\\/#article\",\"isPartOf\":{\"@id\":\"https:\\\/\\\/hotnewsinworld.com\\\/hu\\\/bomba-miatt-686-lakast-uritenek-ki-ma-a-moricz-zsigmond-korternel\\\/\"},\"author\":{\"name\":\"hotnewsinworld\",\"@id\":\"https:\\\/\\\/hotnewsinworld.com\\\/hu\\\/#\\\/schema\\\/person\\\/fe61448b21c0d59086e75fcc1f9d8f6b\"},\"headline\":\"Bomba miatt 686 lak\u00e1st \u00fcr\u00edtenek ki ma a M\u00f3ricz Zsigmond k\u00f6rt\u00e9rn\u00e9l\",\"datePublished\":\"2019-09-15T04:37:24+00:00\",\"dateModified\":\"2019-09-15T04:37:25+00:00\",\"mainEntityOfPage\":{\"@id\":\"https:\\\/\\\/hotnewsinworld.com\\\/hu\\\/bomba-miatt-686-lakast-uritenek-ki-ma-a-moricz-zsigmond-korternel\\\/\"},\"wordCount\":301,\"commentCount\":0,\"image\":{\"@id\":\"https:\\\/\\\/hotnewsinworld.com\\\/hu\\\/bomba-miatt-686-lakast-uritenek-ki-ma-a-moricz-zsigmond-korternel\\\/#primaryimage\"},\"thumbnailUrl\":\"https:\\\/\\\/hotnewsinworld.com\\\/hu\\\/wp-content\\\/uploads\\\/sites\\\/3\\\/2019\\\/09\\\/Bomba-miatt-686-lak\u00e1st-\u00fcr\u00edtenek-ki-ma-a-M\u00f3ricz-Zsigmond.jpg\",\"articleSection\":[\"LEG\u00daJABB P\u00c9NZ\u00dcGYI H\u00cdREK\"],\"inLanguage\":\"hu\",\"potentialAction\":[{\"@type\":\"CommentAction\",\"name\":\"Comment\",\"target\":[\"https:\\\/\\\/hotnewsinworld.com\\\/hu\\\/bomba-miatt-686-lakast-uritenek-ki-ma-a-moricz-zsigmond-korternel\\\/#respond\"]}]},{\"@type\":\"WebPage\",\"@id\":\"https:\\\/\\\/hotnewsinworld.com\\\/hu\\\/bomba-miatt-686-lakast-uritenek-ki-ma-a-moricz-zsigmond-korternel\\\/\",\"url\":\"https:\\\/\\\/hotnewsinworld.com\\\/hu\\\/bomba-miatt-686-lakast-uritenek-ki-ma-a-moricz-zsigmond-korternel\\\/\",\"name\":\"Bomba miatt 686 lak\u00e1st \u00fcr\u00edtenek ki ma a M\u00f3ricz Zsigmond k\u00f6rt\u00e9rn\u00e9l - Hot News in World\",\"isPartOf\":{\"@id\":\"https:\\\/\\\/hotnewsinworld.com\\\/hu\\\/#website\"},\"primaryImageOfPage\":{\"@id\":\"https:\\\/\\\/hotnewsinworld.com\\\/hu\\\/bomba-miatt-686-lakast-uritenek-ki-ma-a-moricz-zsigmond-korternel\\\/#primaryimage\"},\"image\":{\"@id\":\"https:\\\/\\\/hotnewsinworld.com\\\/hu\\\/bomba-miatt-686-lakast-uritenek-ki-ma-a-moricz-zsigmond-korternel\\\/#primaryimage\"},\"thumbnailUrl\":\"https:\\\/\\\/hotnewsinworld.com\\\/hu\\\/wp-content\\\/uploads\\\/sites\\\/3\\\/2019\\\/09\\\/Bomba-miatt-686-lak\u00e1st-\u00fcr\u00edtenek-ki-ma-a-M\u00f3ricz-Zsigmond.jpg\",\"datePublished\":\"2019-09-15T04:37:24+00:00\",\"dateModified\":\"2019-09-15T04:37:25+00:00\",\"author\":{\"@id\":\"https:\\\/\\\/hotnewsinworld.com\\\/hu\\\/#\\\/schema\\\/person\\\/fe61448b21c0d59086e75fcc1f9d8f6b\"},\"breadcrumb\":{\"@id\":\"https:\\\/\\\/hotnewsinworld.com\\\/hu\\\/bomba-miatt-686-lakast-uritenek-ki-ma-a-moricz-zsigmond-korternel\\\/#breadcrumb\"},\"inLanguage\":\"hu\",\"potentialAction\":[{\"@type\":\"ReadAction\",\"target\":[\"https:\\\/\\\/hotnewsinworld.com\\\/hu\\\/bomba-miatt-686-lakast-uritenek-ki-ma-a-moricz-zsigmond-korternel\\\/\"]}]},{\"@type\":\"ImageObject\",\"inLanguage\":\"hu\",\"@id\":\"https:\\\/\\\/hotnewsinworld.com\\\/hu\\\/bomba-miatt-686-lakast-uritenek-ki-ma-a-moricz-zsigmond-korternel\\\/#primaryimage\",\"url\":\"https:\\\/\\\/hotnewsinworld.com\\\/hu\\\/wp-content\\\/uploads\\\/sites\\\/3\\\/2019\\\/09\\\/Bomba-miatt-686-lak\u00e1st-\u00fcr\u00edtenek-ki-ma-a-M\u00f3ricz-Zsigmond.jpg\",\"contentUrl\":\"https:\\\/\\\/hotnewsinworld.com\\\/hu\\\/wp-content\\\/uploads\\\/sites\\\/3\\\/2019\\\/09\\\/Bomba-miatt-686-lak\u00e1st-\u00fcr\u00edtenek-ki-ma-a-M\u00f3ricz-Zsigmond.jpg\",\"width\":1024,\"height\":577,\"caption\":\"Bomba miatt 686 lak\u00e1st \u00fcr\u00edtenek ki ma a M\u00f3ricz Zsigmond k\u00f6rt\u00e9rn\u00e9l\"},{\"@type\":\"BreadcrumbList\",\"@id\":\"https:\\\/\\\/hotnewsinworld.com\\\/hu\\\/bomba-miatt-686-lakast-uritenek-ki-ma-a-moricz-zsigmond-korternel\\\/#breadcrumb\",\"itemListElement\":[{\"@type\":\"ListItem\",\"position\":1,\"name\":\"\u0413\u043b\u0430\u0432\u043d\u0430\u044f \u0441\u0442\u0440\u0430\u043d\u0438\u0446\u0430\",\"item\":\"https:\\\/\\\/hotnewsinworld.com\\\/hu\\\/\"},{\"@type\":\"ListItem\",\"position\":2,\"name\":\"Bomba miatt 686 lak\u00e1st \u00fcr\u00edtenek ki ma a M\u00f3ricz Zsigmond k\u00f6rt\u00e9rn\u00e9l\"}]},{\"@type\":\"WebSite\",\"@id\":\"https:\\\/\\\/hotnewsinworld.com\\\/hu\\\/#website\",\"url\":\"https:\\\/\\\/hotnewsinworld.com\\\/hu\\\/\",\"name\":\"Hot News in World\",\"description\":\"Hot News in World from Hungary\",\"potentialAction\":[{\"@type\":\"SearchAction\",\"target\":{\"@type\":\"EntryPoint\",\"urlTemplate\":\"https:\\\/\\\/hotnewsinworld.com\\\/hu\\\/?s={search_term_string}\"},\"query-input\":{\"@type\":\"PropertyValueSpecification\",\"valueRequired\":true,\"valueName\":\"search_term_string\"}}],\"inLanguage\":\"hu\"},{\"@type\":\"Person\",\"@id\":\"https:\\\/\\\/hotnewsinworld.com\\\/hu\\\/#\\\/schema\\\/person\\\/fe61448b21c0d59086e75fcc1f9d8f6b\",\"name\":\"hotnewsinworld\",\"image\":{\"@type\":\"ImageObject\",\"inLanguage\":\"hu\",\"@id\":\"https:\\\/\\\/secure.gravatar.com\\\/avatar\\\/8a09ac165600ce2e1c38fe593c63928eb1e6e7ba5c5a907d67787c41b3d00c14?s=96&d=mm&r=g\",\"url\":\"https:\\\/\\\/secure.gravatar.com\\\/avatar\\\/8a09ac165600ce2e1c38fe593c63928eb1e6e7ba5c5a907d67787c41b3d00c14?s=96&d=mm&r=g\",\"contentUrl\":\"https:\\\/\\\/secure.gravatar.com\\\/avatar\\\/8a09ac165600ce2e1c38fe593c63928eb1e6e7ba5c5a907d67787c41b3d00c14?s=96&d=mm&r=g\",\"caption\":\"hotnewsinworld\"},\"url\":\"https:\\\/\\\/hotnewsinworld.com\\\/hu\\\/author\\\/pt\\\/\"}]}<\/script>\n<!-- \/ Yoast SEO plugin. -->","yoast_head_json":{"title":"Bomba miatt 686 lak\u00e1st \u00fcr\u00edtenek ki ma a M\u00f3ricz Zsigmond k\u00f6rt\u00e9rn\u00e9l - Hot News in World","robots":{"index":"index","follow":"follow","max-snippet":"max-snippet:-1","max-image-preview":"max-image-preview:large","max-video-preview":"max-video-preview:-1"},"canonical":"https:\/\/hotnewsinworld.com\/hu\/bomba-miatt-686-lakast-uritenek-ki-ma-a-moricz-zsigmond-korternel\/","og_locale":"hu_HU","og_type":"article","og_title":"Bomba miatt 686 lak\u00e1st \u00fcr\u00edtenek ki ma a M\u00f3ricz Zsigmond k\u00f6rt\u00e9rn\u00e9l - Hot News in World","og_description":"A hat\u00e1stalan\u00edt\u00e1s v\u00e1rhat\u00f3an d\u00e9lut\u00e1nra t\u00f6rt\u00e9nik meg. Egy amerikai gy\u00e1rtm\u00e1ny\u00fa, 250 kilogrammos vil\u00e1gh\u00e1bor\u00fas l\u00e9gibomba ker\u00fclt el\u0151 h\u00e9tf\u0151n a Szent Margit Gimn\u00e1zium ter\u00fclet\u00e9n zajl\u00f3 \u00e9p\u00edtkez\u00e9s sor\u00e1n. Ma a hat\u00f3s\u00e1gok 686 lak\u00e1st, irodah\u00e1zakat, vend\u00e9gl\u00e1t\u00f3 helyis\u00e9geket \u00fcr\u00edtenek ki, \u00e9s lez\u00e1rj\u00e1k a M\u00f3ricz Zsigmond k\u00f6rt\u00e9r, a Himfy utca, a Vill\u00e1nyi \u00fat, a Balogh Tiham\u00e9r lejt\u0151n l\u00e9v\u0151 \u00fatszakasz, a M\u00e9nesi \u00fat, [&hellip;]","og_url":"https:\/\/hotnewsinworld.com\/hu\/bomba-miatt-686-lakast-uritenek-ki-ma-a-moricz-zsigmond-korternel\/","og_site_name":"Hot News in World","article_published_time":"2019-09-15T04:37:24+00:00","article_modified_time":"2019-09-15T04:37:25+00:00","og_image":[{"width":1024,"height":577,"url":"https:\/\/hotnewsinworld.com\/hu\/wp-content\/uploads\/sites\/3\/2019\/09\/Bomba-miatt-686-lak\u00e1st-\u00fcr\u00edtenek-ki-ma-a-M\u00f3ricz-Zsigmond.jpg","type":"image\/jpeg"}],"author":"hotnewsinworld","twitter_card":"summary_large_image","twitter_misc":{"Szerz\u0151:":"hotnewsinworld","Becs\u00fclt olvas\u00e1si id\u0151":"1 perc"},"schema":{"@context":"https:\/\/schema.org","@graph":[{"@type":"Article","@id":"https:\/\/hotnewsinworld.com\/hu\/bomba-miatt-686-lakast-uritenek-ki-ma-a-moricz-zsigmond-korternel\/#article","isPartOf":{"@id":"https:\/\/hotnewsinworld.com\/hu\/bomba-miatt-686-lakast-uritenek-ki-ma-a-moricz-zsigmond-korternel\/"},"author":{"name":"hotnewsinworld","@id":"https:\/\/hotnewsinworld.com\/hu\/#\/schema\/person\/fe61448b21c0d59086e75fcc1f9d8f6b"},"headline":"Bomba miatt 686 lak\u00e1st \u00fcr\u00edtenek ki ma a M\u00f3ricz Zsigmond k\u00f6rt\u00e9rn\u00e9l","datePublished":"2019-09-15T04:37:24+00:00","dateModified":"2019-09-15T04:37:25+00:00","mainEntityOfPage":{"@id":"https:\/\/hotnewsinworld.com\/hu\/bomba-miatt-686-lakast-uritenek-ki-ma-a-moricz-zsigmond-korternel\/"},"wordCount":301,"commentCount":0,"image":{"@id":"https:\/\/hotnewsinworld.com\/hu\/bomba-miatt-686-lakast-uritenek-ki-ma-a-moricz-zsigmond-korternel\/#primaryimage"},"thumbnailUrl":"https:\/\/hotnewsinworld.com\/hu\/wp-content\/uploads\/sites\/3\/2019\/09\/Bomba-miatt-686-lak\u00e1st-\u00fcr\u00edtenek-ki-ma-a-M\u00f3ricz-Zsigmond.jpg","articleSection":["LEG\u00daJABB P\u00c9NZ\u00dcGYI H\u00cdREK"],"inLanguage":"hu","potentialAction":[{"@type":"CommentAction","name":"Comment","target":["https:\/\/hotnewsinworld.com\/hu\/bomba-miatt-686-lakast-uritenek-ki-ma-a-moricz-zsigmond-korternel\/#respond"]}]},{"@type":"WebPage","@id":"https:\/\/hotnewsinworld.com\/hu\/bomba-miatt-686-lakast-uritenek-ki-ma-a-moricz-zsigmond-korternel\/","url":"https:\/\/hotnewsinworld.com\/hu\/bomba-miatt-686-lakast-uritenek-ki-ma-a-moricz-zsigmond-korternel\/","name":"Bomba miatt 686 lak\u00e1st \u00fcr\u00edtenek ki ma a M\u00f3ricz Zsigmond k\u00f6rt\u00e9rn\u00e9l - Hot News in World","isPartOf":{"@id":"https:\/\/hotnewsinworld.com\/hu\/#website"},"primaryImageOfPage":{"@id":"https:\/\/hotnewsinworld.com\/hu\/bomba-miatt-686-lakast-uritenek-ki-ma-a-moricz-zsigmond-korternel\/#primaryimage"},"image":{"@id":"https:\/\/hotnewsinworld.com\/hu\/bomba-miatt-686-lakast-uritenek-ki-ma-a-moricz-zsigmond-korternel\/#primaryimage"},"thumbnailUrl":"https:\/\/hotnewsinworld.com\/hu\/wp-content\/uploads\/sites\/3\/2019\/09\/Bomba-miatt-686-lak\u00e1st-\u00fcr\u00edtenek-ki-ma-a-M\u00f3ricz-Zsigmond.jpg","datePublished":"2019-09-15T04:37:24+00:00","dateModified":"2019-09-15T04:37:25+00:00","author":{"@id":"https:\/\/hotnewsinworld.com\/hu\/#\/schema\/person\/fe61448b21c0d59086e75fcc1f9d8f6b"},"breadcrumb":{"@id":"https:\/\/hotnewsinworld.com\/hu\/bomba-miatt-686-lakast-uritenek-ki-ma-a-moricz-zsigmond-korternel\/#breadcrumb"},"inLanguage":"hu","potentialAction":[{"@type":"ReadAction","target":["https:\/\/hotnewsinworld.com\/hu\/bomba-miatt-686-lakast-uritenek-ki-ma-a-moricz-zsigmond-korternel\/"]}]},{"@type":"ImageObject","inLanguage":"hu","@id":"https:\/\/hotnewsinworld.com\/hu\/bomba-miatt-686-lakast-uritenek-ki-ma-a-moricz-zsigmond-korternel\/#primaryimage","url":"https:\/\/hotnewsinworld.com\/hu\/wp-content\/uploads\/sites\/3\/2019\/09\/Bomba-miatt-686-lak\u00e1st-\u00fcr\u00edtenek-ki-ma-a-M\u00f3ricz-Zsigmond.jpg","contentUrl":"https:\/\/hotnewsinworld.com\/hu\/wp-content\/uploads\/sites\/3\/2019\/09\/Bomba-miatt-686-lak\u00e1st-\u00fcr\u00edtenek-ki-ma-a-M\u00f3ricz-Zsigmond.jpg","width":1024,"height":577,"caption":"Bomba miatt 686 lak\u00e1st \u00fcr\u00edtenek ki ma a M\u00f3ricz Zsigmond k\u00f6rt\u00e9rn\u00e9l"},{"@type":"BreadcrumbList","@id":"https:\/\/hotnewsinworld.com\/hu\/bomba-miatt-686-lakast-uritenek-ki-ma-a-moricz-zsigmond-korternel\/#breadcrumb","itemListElement":[{"@type":"ListItem","position":1,"name":"\u0413\u043b\u0430\u0432\u043d\u0430\u044f \u0441\u0442\u0440\u0430\u043d\u0438\u0446\u0430","item":"https:\/\/hotnewsinworld.com\/hu\/"},{"@type":"ListItem","position":2,"name":"Bomba miatt 686 lak\u00e1st \u00fcr\u00edtenek ki ma a M\u00f3ricz Zsigmond k\u00f6rt\u00e9rn\u00e9l"}]},{"@type":"WebSite","@id":"https:\/\/hotnewsinworld.com\/hu\/#website","url":"https:\/\/hotnewsinworld.com\/hu\/","name":"Hot News in World","description":"Hot News in World from Hungary","potentialAction":[{"@type":"SearchAction","target":{"@type":"EntryPoint","urlTemplate":"https:\/\/hotnewsinworld.com\/hu\/?s={search_term_string}"},"query-input":{"@type":"PropertyValueSpecification","valueRequired":true,"valueName":"search_term_string"}}],"inLanguage":"hu"},{"@type":"Person","@id":"https:\/\/hotnewsinworld.com\/hu\/#\/schema\/person\/fe61448b21c0d59086e75fcc1f9d8f6b","name":"hotnewsinworld","image":{"@type":"ImageObject","inLanguage":"hu","@id":"https:\/\/secure.gravatar.com\/avatar\/8a09ac165600ce2e1c38fe593c63928eb1e6e7ba5c5a907d67787c41b3d00c14?s=96&d=mm&r=g","url":"https:\/\/secure.gravatar.com\/avatar\/8a09ac165600ce2e1c38fe593c63928eb1e6e7ba5c5a907d67787c41b3d00c14?s=96&d=mm&r=g","contentUrl":"https:\/\/secure.gravatar.com\/avatar\/8a09ac165600ce2e1c38fe593c63928eb1e6e7ba5c5a907d67787c41b3d00c14?s=96&d=mm&r=g","caption":"hotnewsinworld"},"url":"https:\/\/hotnewsinworld.com\/hu\/author\/pt\/"}]}},"_links":{"self":[{"href":"https:\/\/hotnewsinworld.com\/hu\/wp-json\/wp\/v2\/posts\/2064","targetHints":{"allow":["GET"]}}],"collection":[{"href":"https:\/\/hotnewsinworld.com\/hu\/wp-json\/wp\/v2\/posts"}],"about":[{"href":"https:\/\/hotnewsinworld.com\/hu\/wp-json\/wp\/v2\/types\/post"}],"author":[{"embeddable":true,"href":"https:\/\/hotnewsinworld.com\/hu\/wp-json\/wp\/v2\/users\/2"}],"replies":[{"embeddable":true,"href":"https:\/\/hotnewsinworld.com\/hu\/wp-json\/wp\/v2\/comments?post=2064"}],"version-history":[{"count":1,"href":"https:\/\/hotnewsinworld.com\/hu\/wp-json\/wp\/v2\/posts\/2064\/revisions"}],"predecessor-version":[{"id":2066,"href":"https:\/\/hotnewsinworld.com\/hu\/wp-json\/wp\/v2\/posts\/2064\/revisions\/2066"}],"wp:featuredmedia":[{"embeddable":true,"href":"https:\/\/hotnewsinworld.com\/hu\/wp-json\/wp\/v2\/media\/2065"}],"wp:attachment":[{"href":"https:\/\/hotnewsinworld.com\/hu\/wp-json\/wp\/v2\/media?parent=2064"}],"wp:term":[{"taxonomy":"category","embeddable":true,"href":"https:\/\/hotnewsinworld.com\/hu\/wp-json\/wp\/v2\/categories?post=2064"},{"taxonomy":"post_tag","embeddable":true,"href":"https:\/\/hotnewsinworld.com\/hu\/wp-json\/wp\/v2\/tags?post=2064"}],"curies":[{"name":"wp","href":"https:\/\/api.w.org\/{rel}","templated":true}]}}