{"id":2067,"date":"2019-09-15T09:10:05","date_gmt":"2019-09-15T06:10:05","guid":{"rendered":"https:\/\/hotnewsinworld.com\/hu\/kozveszelyokozas-miatt-felelhet-a-magyar-rendorseg-hivatalos-honlapja\/"},"modified":"2019-09-15T09:10:06","modified_gmt":"2019-09-15T06:10:06","slug":"kozveszelyokozas-miatt-felelhet-a-magyar-rendorseg-hivatalos-honlapja","status":"publish","type":"post","link":"https:\/\/hotnewsinworld.com\/hu\/kozveszelyokozas-miatt-felelhet-a-magyar-rendorseg-hivatalos-honlapja\/","title":{"rendered":"K\u00f6zvesz\u00e9lyokoz\u00e1s miatt felelhet | A Magyar Rend\u0151rs\u00e9g hivatalos honlapja"},"content":{"rendered":"\n<p>            Az egyik etesi kol\u00f3niah\u00e1z lak\u00e1s\u00e1ban gy\u00fajtott t\u00fczet egy 60 \u00e9ves f\u00e9rfi.\u00a0<\/p>\n<p>            A Salg\u00f3tarj\u00e1ni Rend\u0151rkapit\u00e1nys\u00e1g k\u00f6zvesz\u00e9lyokoz\u00e1s b\u0171ntett megalapozott gyan\u00faja miatt folytatott b\u00fcntet\u0151elj\u00e1r\u00e1st egy 60 \u00e9ves etesi f\u00e9rfi ellen.\u00a0<\/p>\n<p>A nyomoz\u00e1s adatai alapj\u00e1n a f\u00e9rfi 2018. december 24-\u00e9n az egyik etesi kol\u00f3niah\u00e1z lak\u00f3\u00e9p\u00fclet\u00e9ben t\u00fczet gy\u00fajtott. A beszerzett szak\u00e9rt\u0151i v\u00e9lem\u00e9ny szerint a gyors hivat\u00e1sos t\u0171zolt\u00f3i beavatkoz\u00e1snak k\u00f6sz\u00f6nhet\u0151en a t\u0171z nem terjedt \u00e1t a kol\u00f3nia\u00e9p\u00fclet t\u00f6bbi lak\u00e1s\u00e1ra, mely \u00e1ltal m\u00e1sok \u00e9let\u00e9t, testi \u00e9ps\u00e9g\u00e9t vesz\u00e9lyeztet\u0151, jelent\u0151s anyagi k\u00e1rt okoz\u00f3 helyzet alakulhatott volna ki.<\/p>\n<p>A 60 \u00e9ves f\u00e9rfival szemben folytatott elj\u00e1r\u00e1st a nyomoz\u00f3k befejezt\u00e9k, \u00e9s a keletkezett iratokat az illet\u00e9kes \u00fcgy\u00e9szs\u00e9g r\u00e9sz\u00e9re tov\u00e1bb\u00edtott\u00e1k.\u00a0<\/p>\n<p>\n<!--noindex--><br \/>\n<a href=\"https:\/\/hirek.oldal.info\/rssclick\/14397798\" rel=\"nofollow\">Source link <\/a><br \/>\n<!--\/noindex--><\/p>\n","protected":false},"excerpt":{"rendered":"<p>Az egyik etesi kol\u00f3niah\u00e1z lak\u00e1s\u00e1ban gy\u00fajtott t\u00fczet egy 60 \u00e9ves f\u00e9rfi.\u00a0 A Salg\u00f3tarj\u00e1ni Rend\u0151rkapit\u00e1nys\u00e1g k\u00f6zvesz\u00e9lyokoz\u00e1s b\u0171ntett megalapozott gyan\u00faja miatt folytatott b\u00fcntet\u0151elj\u00e1r\u00e1st egy 60 \u00e9ves etesi f\u00e9rfi ellen.\u00a0 A nyomoz\u00e1s adatai alapj\u00e1n a f\u00e9rfi 2018. december 24-\u00e9n az egyik etesi kol\u00f3niah\u00e1z lak\u00f3\u00e9p\u00fclet\u00e9ben t\u00fczet gy\u00fajtott. A beszerzett szak\u00e9rt\u0151i v\u00e9lem\u00e9ny szerint a gyors hivat\u00e1sos t\u0171zolt\u00f3i beavatkoz\u00e1snak k\u00f6sz\u00f6nhet\u0151en a [&hellip;]<\/p>\n","protected":false},"author":2,"featured_media":2068,"comment_status":"open","ping_status":"open","sticky":false,"template":"","format":"standard","meta":{"footnotes":""},"categories":[1],"tags":[],"class_list":["post-2067","post","type-post","status-publish","format-standard","has-post-thumbnail","hentry","category-legujabb-penzugyi-hirek"],"yoast_head":"<!-- This site is optimized with the Yoast SEO plugin v27.4 - https:\/\/yoast.com\/product\/yoast-seo-wordpress\/ -->\n<title>K\u00f6zvesz\u00e9lyokoz\u00e1s miatt felelhet | A Magyar Rend\u0151rs\u00e9g hivatalos honlapja - Hot News in World<\/title>\n<meta name=\"robots\" content=\"index, follow, max-snippet:-1, max-image-preview:large, max-video-preview:-1\" \/>\n<link rel=\"canonical\" href=\"https:\/\/hotnewsinworld.com\/hu\/kozveszelyokozas-miatt-felelhet-a-magyar-rendorseg-hivatalos-honlapja\/\" \/>\n<meta property=\"og:locale\" content=\"hu_HU\" \/>\n<meta property=\"og:type\" content=\"article\" \/>\n<meta property=\"og:title\" content=\"K\u00f6zvesz\u00e9lyokoz\u00e1s miatt felelhet | A Magyar Rend\u0151rs\u00e9g hivatalos honlapja - Hot News in World\" \/>\n<meta property=\"og:description\" content=\"Az egyik etesi kol\u00f3niah\u00e1z lak\u00e1s\u00e1ban gy\u00fajtott t\u00fczet egy 60 \u00e9ves f\u00e9rfi.\u00a0 A Salg\u00f3tarj\u00e1ni Rend\u0151rkapit\u00e1nys\u00e1g k\u00f6zvesz\u00e9lyokoz\u00e1s b\u0171ntett megalapozott gyan\u00faja miatt folytatott b\u00fcntet\u0151elj\u00e1r\u00e1st egy 60 \u00e9ves etesi f\u00e9rfi ellen.\u00a0 A nyomoz\u00e1s adatai alapj\u00e1n a f\u00e9rfi 2018. december 24-\u00e9n az egyik etesi kol\u00f3niah\u00e1z lak\u00f3\u00e9p\u00fclet\u00e9ben t\u00fczet gy\u00fajtott. A beszerzett szak\u00e9rt\u0151i v\u00e9lem\u00e9ny szerint a gyors hivat\u00e1sos t\u0171zolt\u00f3i beavatkoz\u00e1snak k\u00f6sz\u00f6nhet\u0151en a [&hellip;]\" \/>\n<meta property=\"og:url\" content=\"https:\/\/hotnewsinworld.com\/hu\/kozveszelyokozas-miatt-felelhet-a-magyar-rendorseg-hivatalos-honlapja\/\" \/>\n<meta property=\"og:site_name\" content=\"Hot News in World\" \/>\n<meta property=\"article:published_time\" content=\"2019-09-15T06:10:05+00:00\" \/>\n<meta property=\"article:modified_time\" content=\"2019-09-15T06:10:06+00:00\" \/>\n<meta property=\"og:image\" content=\"https:\/\/hotnewsinworld.com\/hu\/wp-content\/uploads\/sites\/3\/2019\/09\/K\u00f6zvesz\u00e9lyokoz\u00e1s-miatt-felelhet-A-Magyar-Rend\u0151rs\u00e9g-hivatalos-honlapja.jpg\" \/>\n\t<meta property=\"og:image:width\" content=\"751\" \/>\n\t<meta property=\"og:image:height\" content=\"500\" \/>\n\t<meta property=\"og:image:type\" content=\"image\/jpeg\" \/>\n<meta name=\"author\" content=\"hotnewsinworld\" \/>\n<meta name=\"twitter:card\" content=\"summary_large_image\" \/>\n<meta name=\"twitter:label1\" content=\"Szerz\u0151:\" \/>\n\t<meta name=\"twitter:data1\" content=\"hotnewsinworld\" \/>\n\t<meta name=\"twitter:label2\" content=\"Becs\u00fclt olvas\u00e1si id\u0151\" \/>\n\t<meta name=\"twitter:data2\" content=\"1 perc\" \/>\n<script type=\"application\/ld+json\" class=\"yoast-schema-graph\">{\"@context\":\"https:\\\/\\\/schema.org\",\"@graph\":[{\"@type\":\"Article\",\"@id\":\"https:\\\/\\\/hotnewsinworld.com\\\/hu\\\/kozveszelyokozas-miatt-felelhet-a-magyar-rendorseg-hivatalos-honlapja\\\/#article\",\"isPartOf\":{\"@id\":\"https:\\\/\\\/hotnewsinworld.com\\\/hu\\\/kozveszelyokozas-miatt-felelhet-a-magyar-rendorseg-hivatalos-honlapja\\\/\"},\"author\":{\"name\":\"hotnewsinworld\",\"@id\":\"https:\\\/\\\/hotnewsinworld.com\\\/hu\\\/#\\\/schema\\\/person\\\/fe61448b21c0d59086e75fcc1f9d8f6b\"},\"headline\":\"K\u00f6zvesz\u00e9lyokoz\u00e1s miatt felelhet | A Magyar Rend\u0151rs\u00e9g hivatalos honlapja\",\"datePublished\":\"2019-09-15T06:10:05+00:00\",\"dateModified\":\"2019-09-15T06:10:06+00:00\",\"mainEntityOfPage\":{\"@id\":\"https:\\\/\\\/hotnewsinworld.com\\\/hu\\\/kozveszelyokozas-miatt-felelhet-a-magyar-rendorseg-hivatalos-honlapja\\\/\"},\"wordCount\":179,\"commentCount\":0,\"image\":{\"@id\":\"https:\\\/\\\/hotnewsinworld.com\\\/hu\\\/kozveszelyokozas-miatt-felelhet-a-magyar-rendorseg-hivatalos-honlapja\\\/#primaryimage\"},\"thumbnailUrl\":\"https:\\\/\\\/hotnewsinworld.com\\\/hu\\\/wp-content\\\/uploads\\\/sites\\\/3\\\/2019\\\/09\\\/K\u00f6zvesz\u00e9lyokoz\u00e1s-miatt-felelhet-A-Magyar-Rend\u0151rs\u00e9g-hivatalos-honlapja.jpg\",\"articleSection\":[\"LEG\u00daJABB P\u00c9NZ\u00dcGYI H\u00cdREK\"],\"inLanguage\":\"hu\",\"potentialAction\":[{\"@type\":\"CommentAction\",\"name\":\"Comment\",\"target\":[\"https:\\\/\\\/hotnewsinworld.com\\\/hu\\\/kozveszelyokozas-miatt-felelhet-a-magyar-rendorseg-hivatalos-honlapja\\\/#respond\"]}]},{\"@type\":\"WebPage\",\"@id\":\"https:\\\/\\\/hotnewsinworld.com\\\/hu\\\/kozveszelyokozas-miatt-felelhet-a-magyar-rendorseg-hivatalos-honlapja\\\/\",\"url\":\"https:\\\/\\\/hotnewsinworld.com\\\/hu\\\/kozveszelyokozas-miatt-felelhet-a-magyar-rendorseg-hivatalos-honlapja\\\/\",\"name\":\"K\u00f6zvesz\u00e9lyokoz\u00e1s miatt felelhet | A Magyar Rend\u0151rs\u00e9g hivatalos honlapja - Hot News in World\",\"isPartOf\":{\"@id\":\"https:\\\/\\\/hotnewsinworld.com\\\/hu\\\/#website\"},\"primaryImageOfPage\":{\"@id\":\"https:\\\/\\\/hotnewsinworld.com\\\/hu\\\/kozveszelyokozas-miatt-felelhet-a-magyar-rendorseg-hivatalos-honlapja\\\/#primaryimage\"},\"image\":{\"@id\":\"https:\\\/\\\/hotnewsinworld.com\\\/hu\\\/kozveszelyokozas-miatt-felelhet-a-magyar-rendorseg-hivatalos-honlapja\\\/#primaryimage\"},\"thumbnailUrl\":\"https:\\\/\\\/hotnewsinworld.com\\\/hu\\\/wp-content\\\/uploads\\\/sites\\\/3\\\/2019\\\/09\\\/K\u00f6zvesz\u00e9lyokoz\u00e1s-miatt-felelhet-A-Magyar-Rend\u0151rs\u00e9g-hivatalos-honlapja.jpg\",\"datePublished\":\"2019-09-15T06:10:05+00:00\",\"dateModified\":\"2019-09-15T06:10:06+00:00\",\"author\":{\"@id\":\"https:\\\/\\\/hotnewsinworld.com\\\/hu\\\/#\\\/schema\\\/person\\\/fe61448b21c0d59086e75fcc1f9d8f6b\"},\"breadcrumb\":{\"@id\":\"https:\\\/\\\/hotnewsinworld.com\\\/hu\\\/kozveszelyokozas-miatt-felelhet-a-magyar-rendorseg-hivatalos-honlapja\\\/#breadcrumb\"},\"inLanguage\":\"hu\",\"potentialAction\":[{\"@type\":\"ReadAction\",\"target\":[\"https:\\\/\\\/hotnewsinworld.com\\\/hu\\\/kozveszelyokozas-miatt-felelhet-a-magyar-rendorseg-hivatalos-honlapja\\\/\"]}]},{\"@type\":\"ImageObject\",\"inLanguage\":\"hu\",\"@id\":\"https:\\\/\\\/hotnewsinworld.com\\\/hu\\\/kozveszelyokozas-miatt-felelhet-a-magyar-rendorseg-hivatalos-honlapja\\\/#primaryimage\",\"url\":\"https:\\\/\\\/hotnewsinworld.com\\\/hu\\\/wp-content\\\/uploads\\\/sites\\\/3\\\/2019\\\/09\\\/K\u00f6zvesz\u00e9lyokoz\u00e1s-miatt-felelhet-A-Magyar-Rend\u0151rs\u00e9g-hivatalos-honlapja.jpg\",\"contentUrl\":\"https:\\\/\\\/hotnewsinworld.com\\\/hu\\\/wp-content\\\/uploads\\\/sites\\\/3\\\/2019\\\/09\\\/K\u00f6zvesz\u00e9lyokoz\u00e1s-miatt-felelhet-A-Magyar-Rend\u0151rs\u00e9g-hivatalos-honlapja.jpg\",\"width\":751,\"height\":500,\"caption\":\"K\u00f6zvesz\u00e9lyokoz\u00e1s miatt felelhet | A Magyar Rend\u0151rs\u00e9g hivatalos honlapja\"},{\"@type\":\"BreadcrumbList\",\"@id\":\"https:\\\/\\\/hotnewsinworld.com\\\/hu\\\/kozveszelyokozas-miatt-felelhet-a-magyar-rendorseg-hivatalos-honlapja\\\/#breadcrumb\",\"itemListElement\":[{\"@type\":\"ListItem\",\"position\":1,\"name\":\"\u0413\u043b\u0430\u0432\u043d\u0430\u044f \u0441\u0442\u0440\u0430\u043d\u0438\u0446\u0430\",\"item\":\"https:\\\/\\\/hotnewsinworld.com\\\/hu\\\/\"},{\"@type\":\"ListItem\",\"position\":2,\"name\":\"K\u00f6zvesz\u00e9lyokoz\u00e1s miatt felelhet | A Magyar Rend\u0151rs\u00e9g hivatalos honlapja\"}]},{\"@type\":\"WebSite\",\"@id\":\"https:\\\/\\\/hotnewsinworld.com\\\/hu\\\/#website\",\"url\":\"https:\\\/\\\/hotnewsinworld.com\\\/hu\\\/\",\"name\":\"Hot News in World\",\"description\":\"Hot News in World from Hungary\",\"potentialAction\":[{\"@type\":\"SearchAction\",\"target\":{\"@type\":\"EntryPoint\",\"urlTemplate\":\"https:\\\/\\\/hotnewsinworld.com\\\/hu\\\/?s={search_term_string}\"},\"query-input\":{\"@type\":\"PropertyValueSpecification\",\"valueRequired\":true,\"valueName\":\"search_term_string\"}}],\"inLanguage\":\"hu\"},{\"@type\":\"Person\",\"@id\":\"https:\\\/\\\/hotnewsinworld.com\\\/hu\\\/#\\\/schema\\\/person\\\/fe61448b21c0d59086e75fcc1f9d8f6b\",\"name\":\"hotnewsinworld\",\"image\":{\"@type\":\"ImageObject\",\"inLanguage\":\"hu\",\"@id\":\"https:\\\/\\\/secure.gravatar.com\\\/avatar\\\/8a09ac165600ce2e1c38fe593c63928eb1e6e7ba5c5a907d67787c41b3d00c14?s=96&d=mm&r=g\",\"url\":\"https:\\\/\\\/secure.gravatar.com\\\/avatar\\\/8a09ac165600ce2e1c38fe593c63928eb1e6e7ba5c5a907d67787c41b3d00c14?s=96&d=mm&r=g\",\"contentUrl\":\"https:\\\/\\\/secure.gravatar.com\\\/avatar\\\/8a09ac165600ce2e1c38fe593c63928eb1e6e7ba5c5a907d67787c41b3d00c14?s=96&d=mm&r=g\",\"caption\":\"hotnewsinworld\"},\"url\":\"https:\\\/\\\/hotnewsinworld.com\\\/hu\\\/author\\\/pt\\\/\"}]}<\/script>\n<!-- \/ Yoast SEO plugin. -->","yoast_head_json":{"title":"K\u00f6zvesz\u00e9lyokoz\u00e1s miatt felelhet | A Magyar Rend\u0151rs\u00e9g hivatalos honlapja - Hot News in World","robots":{"index":"index","follow":"follow","max-snippet":"max-snippet:-1","max-image-preview":"max-image-preview:large","max-video-preview":"max-video-preview:-1"},"canonical":"https:\/\/hotnewsinworld.com\/hu\/kozveszelyokozas-miatt-felelhet-a-magyar-rendorseg-hivatalos-honlapja\/","og_locale":"hu_HU","og_type":"article","og_title":"K\u00f6zvesz\u00e9lyokoz\u00e1s miatt felelhet | A Magyar Rend\u0151rs\u00e9g hivatalos honlapja - Hot News in World","og_description":"Az egyik etesi kol\u00f3niah\u00e1z lak\u00e1s\u00e1ban gy\u00fajtott t\u00fczet egy 60 \u00e9ves f\u00e9rfi.\u00a0 A Salg\u00f3tarj\u00e1ni Rend\u0151rkapit\u00e1nys\u00e1g k\u00f6zvesz\u00e9lyokoz\u00e1s b\u0171ntett megalapozott gyan\u00faja miatt folytatott b\u00fcntet\u0151elj\u00e1r\u00e1st egy 60 \u00e9ves etesi f\u00e9rfi ellen.\u00a0 A nyomoz\u00e1s adatai alapj\u00e1n a f\u00e9rfi 2018. december 24-\u00e9n az egyik etesi kol\u00f3niah\u00e1z lak\u00f3\u00e9p\u00fclet\u00e9ben t\u00fczet gy\u00fajtott. A beszerzett szak\u00e9rt\u0151i v\u00e9lem\u00e9ny szerint a gyors hivat\u00e1sos t\u0171zolt\u00f3i beavatkoz\u00e1snak k\u00f6sz\u00f6nhet\u0151en a [&hellip;]","og_url":"https:\/\/hotnewsinworld.com\/hu\/kozveszelyokozas-miatt-felelhet-a-magyar-rendorseg-hivatalos-honlapja\/","og_site_name":"Hot News in World","article_published_time":"2019-09-15T06:10:05+00:00","article_modified_time":"2019-09-15T06:10:06+00:00","og_image":[{"width":751,"height":500,"url":"https:\/\/hotnewsinworld.com\/hu\/wp-content\/uploads\/sites\/3\/2019\/09\/K\u00f6zvesz\u00e9lyokoz\u00e1s-miatt-felelhet-A-Magyar-Rend\u0151rs\u00e9g-hivatalos-honlapja.jpg","type":"image\/jpeg"}],"author":"hotnewsinworld","twitter_card":"summary_large_image","twitter_misc":{"Szerz\u0151:":"hotnewsinworld","Becs\u00fclt olvas\u00e1si id\u0151":"1 perc"},"schema":{"@context":"https:\/\/schema.org","@graph":[{"@type":"Article","@id":"https:\/\/hotnewsinworld.com\/hu\/kozveszelyokozas-miatt-felelhet-a-magyar-rendorseg-hivatalos-honlapja\/#article","isPartOf":{"@id":"https:\/\/hotnewsinworld.com\/hu\/kozveszelyokozas-miatt-felelhet-a-magyar-rendorseg-hivatalos-honlapja\/"},"author":{"name":"hotnewsinworld","@id":"https:\/\/hotnewsinworld.com\/hu\/#\/schema\/person\/fe61448b21c0d59086e75fcc1f9d8f6b"},"headline":"K\u00f6zvesz\u00e9lyokoz\u00e1s miatt felelhet | A Magyar Rend\u0151rs\u00e9g hivatalos honlapja","datePublished":"2019-09-15T06:10:05+00:00","dateModified":"2019-09-15T06:10:06+00:00","mainEntityOfPage":{"@id":"https:\/\/hotnewsinworld.com\/hu\/kozveszelyokozas-miatt-felelhet-a-magyar-rendorseg-hivatalos-honlapja\/"},"wordCount":179,"commentCount":0,"image":{"@id":"https:\/\/hotnewsinworld.com\/hu\/kozveszelyokozas-miatt-felelhet-a-magyar-rendorseg-hivatalos-honlapja\/#primaryimage"},"thumbnailUrl":"https:\/\/hotnewsinworld.com\/hu\/wp-content\/uploads\/sites\/3\/2019\/09\/K\u00f6zvesz\u00e9lyokoz\u00e1s-miatt-felelhet-A-Magyar-Rend\u0151rs\u00e9g-hivatalos-honlapja.jpg","articleSection":["LEG\u00daJABB P\u00c9NZ\u00dcGYI H\u00cdREK"],"inLanguage":"hu","potentialAction":[{"@type":"CommentAction","name":"Comment","target":["https:\/\/hotnewsinworld.com\/hu\/kozveszelyokozas-miatt-felelhet-a-magyar-rendorseg-hivatalos-honlapja\/#respond"]}]},{"@type":"WebPage","@id":"https:\/\/hotnewsinworld.com\/hu\/kozveszelyokozas-miatt-felelhet-a-magyar-rendorseg-hivatalos-honlapja\/","url":"https:\/\/hotnewsinworld.com\/hu\/kozveszelyokozas-miatt-felelhet-a-magyar-rendorseg-hivatalos-honlapja\/","name":"K\u00f6zvesz\u00e9lyokoz\u00e1s miatt felelhet | A Magyar Rend\u0151rs\u00e9g hivatalos honlapja - Hot News in World","isPartOf":{"@id":"https:\/\/hotnewsinworld.com\/hu\/#website"},"primaryImageOfPage":{"@id":"https:\/\/hotnewsinworld.com\/hu\/kozveszelyokozas-miatt-felelhet-a-magyar-rendorseg-hivatalos-honlapja\/#primaryimage"},"image":{"@id":"https:\/\/hotnewsinworld.com\/hu\/kozveszelyokozas-miatt-felelhet-a-magyar-rendorseg-hivatalos-honlapja\/#primaryimage"},"thumbnailUrl":"https:\/\/hotnewsinworld.com\/hu\/wp-content\/uploads\/sites\/3\/2019\/09\/K\u00f6zvesz\u00e9lyokoz\u00e1s-miatt-felelhet-A-Magyar-Rend\u0151rs\u00e9g-hivatalos-honlapja.jpg","datePublished":"2019-09-15T06:10:05+00:00","dateModified":"2019-09-15T06:10:06+00:00","author":{"@id":"https:\/\/hotnewsinworld.com\/hu\/#\/schema\/person\/fe61448b21c0d59086e75fcc1f9d8f6b"},"breadcrumb":{"@id":"https:\/\/hotnewsinworld.com\/hu\/kozveszelyokozas-miatt-felelhet-a-magyar-rendorseg-hivatalos-honlapja\/#breadcrumb"},"inLanguage":"hu","potentialAction":[{"@type":"ReadAction","target":["https:\/\/hotnewsinworld.com\/hu\/kozveszelyokozas-miatt-felelhet-a-magyar-rendorseg-hivatalos-honlapja\/"]}]},{"@type":"ImageObject","inLanguage":"hu","@id":"https:\/\/hotnewsinworld.com\/hu\/kozveszelyokozas-miatt-felelhet-a-magyar-rendorseg-hivatalos-honlapja\/#primaryimage","url":"https:\/\/hotnewsinworld.com\/hu\/wp-content\/uploads\/sites\/3\/2019\/09\/K\u00f6zvesz\u00e9lyokoz\u00e1s-miatt-felelhet-A-Magyar-Rend\u0151rs\u00e9g-hivatalos-honlapja.jpg","contentUrl":"https:\/\/hotnewsinworld.com\/hu\/wp-content\/uploads\/sites\/3\/2019\/09\/K\u00f6zvesz\u00e9lyokoz\u00e1s-miatt-felelhet-A-Magyar-Rend\u0151rs\u00e9g-hivatalos-honlapja.jpg","width":751,"height":500,"caption":"K\u00f6zvesz\u00e9lyokoz\u00e1s miatt felelhet | A Magyar Rend\u0151rs\u00e9g hivatalos honlapja"},{"@type":"BreadcrumbList","@id":"https:\/\/hotnewsinworld.com\/hu\/kozveszelyokozas-miatt-felelhet-a-magyar-rendorseg-hivatalos-honlapja\/#breadcrumb","itemListElement":[{"@type":"ListItem","position":1,"name":"\u0413\u043b\u0430\u0432\u043d\u0430\u044f \u0441\u0442\u0440\u0430\u043d\u0438\u0446\u0430","item":"https:\/\/hotnewsinworld.com\/hu\/"},{"@type":"ListItem","position":2,"name":"K\u00f6zvesz\u00e9lyokoz\u00e1s miatt felelhet | A Magyar Rend\u0151rs\u00e9g hivatalos honlapja"}]},{"@type":"WebSite","@id":"https:\/\/hotnewsinworld.com\/hu\/#website","url":"https:\/\/hotnewsinworld.com\/hu\/","name":"Hot News in World","description":"Hot News in World from Hungary","potentialAction":[{"@type":"SearchAction","target":{"@type":"EntryPoint","urlTemplate":"https:\/\/hotnewsinworld.com\/hu\/?s={search_term_string}"},"query-input":{"@type":"PropertyValueSpecification","valueRequired":true,"valueName":"search_term_string"}}],"inLanguage":"hu"},{"@type":"Person","@id":"https:\/\/hotnewsinworld.com\/hu\/#\/schema\/person\/fe61448b21c0d59086e75fcc1f9d8f6b","name":"hotnewsinworld","image":{"@type":"ImageObject","inLanguage":"hu","@id":"https:\/\/secure.gravatar.com\/avatar\/8a09ac165600ce2e1c38fe593c63928eb1e6e7ba5c5a907d67787c41b3d00c14?s=96&d=mm&r=g","url":"https:\/\/secure.gravatar.com\/avatar\/8a09ac165600ce2e1c38fe593c63928eb1e6e7ba5c5a907d67787c41b3d00c14?s=96&d=mm&r=g","contentUrl":"https:\/\/secure.gravatar.com\/avatar\/8a09ac165600ce2e1c38fe593c63928eb1e6e7ba5c5a907d67787c41b3d00c14?s=96&d=mm&r=g","caption":"hotnewsinworld"},"url":"https:\/\/hotnewsinworld.com\/hu\/author\/pt\/"}]}},"_links":{"self":[{"href":"https:\/\/hotnewsinworld.com\/hu\/wp-json\/wp\/v2\/posts\/2067","targetHints":{"allow":["GET"]}}],"collection":[{"href":"https:\/\/hotnewsinworld.com\/hu\/wp-json\/wp\/v2\/posts"}],"about":[{"href":"https:\/\/hotnewsinworld.com\/hu\/wp-json\/wp\/v2\/types\/post"}],"author":[{"embeddable":true,"href":"https:\/\/hotnewsinworld.com\/hu\/wp-json\/wp\/v2\/users\/2"}],"replies":[{"embeddable":true,"href":"https:\/\/hotnewsinworld.com\/hu\/wp-json\/wp\/v2\/comments?post=2067"}],"version-history":[{"count":1,"href":"https:\/\/hotnewsinworld.com\/hu\/wp-json\/wp\/v2\/posts\/2067\/revisions"}],"predecessor-version":[{"id":2069,"href":"https:\/\/hotnewsinworld.com\/hu\/wp-json\/wp\/v2\/posts\/2067\/revisions\/2069"}],"wp:featuredmedia":[{"embeddable":true,"href":"https:\/\/hotnewsinworld.com\/hu\/wp-json\/wp\/v2\/media\/2068"}],"wp:attachment":[{"href":"https:\/\/hotnewsinworld.com\/hu\/wp-json\/wp\/v2\/media?parent=2067"}],"wp:term":[{"taxonomy":"category","embeddable":true,"href":"https:\/\/hotnewsinworld.com\/hu\/wp-json\/wp\/v2\/categories?post=2067"},{"taxonomy":"post_tag","embeddable":true,"href":"https:\/\/hotnewsinworld.com\/hu\/wp-json\/wp\/v2\/tags?post=2067"}],"curies":[{"name":"wp","href":"https:\/\/api.w.org\/{rel}","templated":true}]}}