{"id":2070,"date":"2019-09-15T11:07:38","date_gmt":"2019-09-15T08:07:38","guid":{"rendered":"https:\/\/hotnewsinworld.com\/hu\/ma-indul-a-futesi-idoszak-budapesten\/"},"modified":"2019-09-15T11:07:38","modified_gmt":"2019-09-15T08:07:38","slug":"ma-indul-a-futesi-idoszak-budapesten","status":"publish","type":"post","link":"https:\/\/hotnewsinworld.com\/hu\/ma-indul-a-futesi-idoszak-budapesten\/","title":{"rendered":"Ma indul a f\u0171t\u00e9si id\u0151szak Budapesten"},"content":{"rendered":"<p>\t\t\t\t\tMa kezd\u0151dik a f\u0171t\u00e9si id\u0151szak a f\u0151v\u00e1rosban.<\/p>\n<p>M\u00e1ra a szolg\u00e1ltat\u00f3i berendez\u00e9seket f\u0171t\u00e9sre alkalmas \u00e1llapotba helyezik a mintegy 240 ezer f\u0151v\u00e1rosi lakoss\u00e1gi \u00e9s a csaknem 7 ezer \u00fczleti fogyaszt\u00f3 sz\u00e1m\u00e1ra.Valamennyi \u00e9p\u00fcletben a felhaszn\u00e1l\u00f3k \u00e1ltal a t\u00e1vh\u0151szolg\u00e1ltat\u00f3val (F\u0151t\u00e1v) k\u00f6t\u00f6tt \u00fczemviteli meg\u00e1llapod\u00e1snak vagy eseti megrendel\u00e9snek megfelel\u0151en kapcsolj\u00e1k k\u00e9szenl\u00e9ti \u00e1llapotba a f\u0171t\u00e9st, \u00e9s kezd\u0151dik meg \u2013 a k\u00fcls\u0151 h\u0151m\u00e9rs\u00e9klet f\u00fcggv\u00e9ny\u00e9ben \u2013 a f\u0171t\u00e9sszolg\u00e1ltat\u00e1s.\u00a0&#13;<br \/>\n&#13;<br \/>\n&#13;<br \/>\n&#13;<br \/>\n&#13;<br \/>\n&#13;<br \/>\n&#13;<br \/>\n\u00a0&#13;<br \/>\n\u00a0<br \/>\nAz \u00fczemviteli meg\u00e1llapod\u00e1sban foglaltakt\u00f3l elt\u00e9r\u0151 eseti rendelkez\u00e9ssel t\u00f6rt\u00e9n\u0151 f\u0171t\u00e9s ind\u00edt\u00e1sa, le\u00e1ll\u00edt\u00e1sa szeptember 15-okt\u00f3ber 14., valamint \u00e1prilis 15-m\u00e1jus 14. k\u00f6z\u00f6tti id\u0151szakban kiz\u00e1r\u00f3lag egy alkalommal d\u00edjmentes. Minden tov\u00e1bbi, illetve egy\u00e9b id\u0151szakban ig\u00e9nyelt \u201ceseti rendelkez\u00e9s\u201d t\u00e9r\u00edt\u00e9sk\u00f6teles.<br \/>\nAz eseti rendelkez\u00e9s nyomtatv\u00e1ny megtal\u00e1lhat\u00f3 a szolg\u00e1ltat\u00f3 honlapj\u00e1n, a www.fotav.hu webc\u00edmen.<br \/>\nA f\u0171t\u00e9si id\u0151szak szeptember 15-\u00e9t\u0151l m\u00e1jus 15-\u00e9ig tart.(MTI)<\/p>\n<p>\n<!--noindex--><br \/>\n<a href=\"https:\/\/hirek.oldal.info\/rssclick\/14398067\" rel=\"nofollow\">Source link <\/a><br \/>\n<!--\/noindex--><\/p>\n","protected":false},"excerpt":{"rendered":"<p>Ma kezd\u0151dik a f\u0171t\u00e9si id\u0151szak a f\u0151v\u00e1rosban. M\u00e1ra a szolg\u00e1ltat\u00f3i berendez\u00e9seket f\u0171t\u00e9sre alkalmas \u00e1llapotba helyezik a mintegy 240 ezer f\u0151v\u00e1rosi lakoss\u00e1gi \u00e9s a csaknem 7 ezer \u00fczleti fogyaszt\u00f3 sz\u00e1m\u00e1ra.Valamennyi \u00e9p\u00fcletben a felhaszn\u00e1l\u00f3k \u00e1ltal a t\u00e1vh\u0151szolg\u00e1ltat\u00f3val (F\u0151t\u00e1v) k\u00f6t\u00f6tt \u00fczemviteli meg\u00e1llapod\u00e1snak vagy eseti megrendel\u00e9snek megfelel\u0151en kapcsolj\u00e1k k\u00e9szenl\u00e9ti \u00e1llapotba a f\u0171t\u00e9st, \u00e9s kezd\u0151dik meg \u2013 a k\u00fcls\u0151 h\u0151m\u00e9rs\u00e9klet [&hellip;]<\/p>\n","protected":false},"author":2,"featured_media":0,"comment_status":"open","ping_status":"open","sticky":false,"template":"","format":"standard","meta":{"footnotes":""},"categories":[1],"tags":[],"class_list":["post-2070","post","type-post","status-publish","format-standard","hentry","category-legujabb-penzugyi-hirek"],"yoast_head":"<!-- This site is optimized with the Yoast SEO plugin v27.4 - https:\/\/yoast.com\/product\/yoast-seo-wordpress\/ -->\n<title>Ma indul a f\u0171t\u00e9si id\u0151szak Budapesten - Hot News in World<\/title>\n<meta name=\"robots\" content=\"index, follow, max-snippet:-1, max-image-preview:large, max-video-preview:-1\" \/>\n<link rel=\"canonical\" href=\"https:\/\/hotnewsinworld.com\/hu\/ma-indul-a-futesi-idoszak-budapesten\/\" \/>\n<meta property=\"og:locale\" content=\"hu_HU\" \/>\n<meta property=\"og:type\" content=\"article\" \/>\n<meta property=\"og:title\" content=\"Ma indul a f\u0171t\u00e9si id\u0151szak Budapesten - Hot News in World\" \/>\n<meta property=\"og:description\" content=\"Ma kezd\u0151dik a f\u0171t\u00e9si id\u0151szak a f\u0151v\u00e1rosban. M\u00e1ra a szolg\u00e1ltat\u00f3i berendez\u00e9seket f\u0171t\u00e9sre alkalmas \u00e1llapotba helyezik a mintegy 240 ezer f\u0151v\u00e1rosi lakoss\u00e1gi \u00e9s a csaknem 7 ezer \u00fczleti fogyaszt\u00f3 sz\u00e1m\u00e1ra.Valamennyi \u00e9p\u00fcletben a felhaszn\u00e1l\u00f3k \u00e1ltal a t\u00e1vh\u0151szolg\u00e1ltat\u00f3val (F\u0151t\u00e1v) k\u00f6t\u00f6tt \u00fczemviteli meg\u00e1llapod\u00e1snak vagy eseti megrendel\u00e9snek megfelel\u0151en kapcsolj\u00e1k k\u00e9szenl\u00e9ti \u00e1llapotba a f\u0171t\u00e9st, \u00e9s kezd\u0151dik meg \u2013 a k\u00fcls\u0151 h\u0151m\u00e9rs\u00e9klet [&hellip;]\" \/>\n<meta property=\"og:url\" content=\"https:\/\/hotnewsinworld.com\/hu\/ma-indul-a-futesi-idoszak-budapesten\/\" \/>\n<meta property=\"og:site_name\" content=\"Hot News in World\" \/>\n<meta property=\"article:published_time\" content=\"2019-09-15T08:07:38+00:00\" \/>\n<meta name=\"author\" content=\"hotnewsinworld\" \/>\n<meta name=\"twitter:card\" content=\"summary_large_image\" \/>\n<meta name=\"twitter:label1\" content=\"Szerz\u0151:\" \/>\n\t<meta name=\"twitter:data1\" content=\"hotnewsinworld\" \/>\n\t<meta name=\"twitter:label2\" content=\"Becs\u00fclt olvas\u00e1si id\u0151\" \/>\n\t<meta name=\"twitter:data2\" content=\"1 perc\" \/>\n<script type=\"application\/ld+json\" class=\"yoast-schema-graph\">{\"@context\":\"https:\\\/\\\/schema.org\",\"@graph\":[{\"@type\":\"Article\",\"@id\":\"https:\\\/\\\/hotnewsinworld.com\\\/hu\\\/ma-indul-a-futesi-idoszak-budapesten\\\/#article\",\"isPartOf\":{\"@id\":\"https:\\\/\\\/hotnewsinworld.com\\\/hu\\\/ma-indul-a-futesi-idoszak-budapesten\\\/\"},\"author\":{\"name\":\"hotnewsinworld\",\"@id\":\"https:\\\/\\\/hotnewsinworld.com\\\/hu\\\/#\\\/schema\\\/person\\\/fe61448b21c0d59086e75fcc1f9d8f6b\"},\"headline\":\"Ma indul a f\u0171t\u00e9si id\u0151szak Budapesten\",\"datePublished\":\"2019-09-15T08:07:38+00:00\",\"mainEntityOfPage\":{\"@id\":\"https:\\\/\\\/hotnewsinworld.com\\\/hu\\\/ma-indul-a-futesi-idoszak-budapesten\\\/\"},\"wordCount\":213,\"commentCount\":0,\"articleSection\":[\"LEG\u00daJABB P\u00c9NZ\u00dcGYI H\u00cdREK\"],\"inLanguage\":\"hu\",\"potentialAction\":[{\"@type\":\"CommentAction\",\"name\":\"Comment\",\"target\":[\"https:\\\/\\\/hotnewsinworld.com\\\/hu\\\/ma-indul-a-futesi-idoszak-budapesten\\\/#respond\"]}]},{\"@type\":\"WebPage\",\"@id\":\"https:\\\/\\\/hotnewsinworld.com\\\/hu\\\/ma-indul-a-futesi-idoszak-budapesten\\\/\",\"url\":\"https:\\\/\\\/hotnewsinworld.com\\\/hu\\\/ma-indul-a-futesi-idoszak-budapesten\\\/\",\"name\":\"Ma indul a f\u0171t\u00e9si id\u0151szak Budapesten - Hot News in World\",\"isPartOf\":{\"@id\":\"https:\\\/\\\/hotnewsinworld.com\\\/hu\\\/#website\"},\"datePublished\":\"2019-09-15T08:07:38+00:00\",\"author\":{\"@id\":\"https:\\\/\\\/hotnewsinworld.com\\\/hu\\\/#\\\/schema\\\/person\\\/fe61448b21c0d59086e75fcc1f9d8f6b\"},\"breadcrumb\":{\"@id\":\"https:\\\/\\\/hotnewsinworld.com\\\/hu\\\/ma-indul-a-futesi-idoszak-budapesten\\\/#breadcrumb\"},\"inLanguage\":\"hu\",\"potentialAction\":[{\"@type\":\"ReadAction\",\"target\":[\"https:\\\/\\\/hotnewsinworld.com\\\/hu\\\/ma-indul-a-futesi-idoszak-budapesten\\\/\"]}]},{\"@type\":\"BreadcrumbList\",\"@id\":\"https:\\\/\\\/hotnewsinworld.com\\\/hu\\\/ma-indul-a-futesi-idoszak-budapesten\\\/#breadcrumb\",\"itemListElement\":[{\"@type\":\"ListItem\",\"position\":1,\"name\":\"\u0413\u043b\u0430\u0432\u043d\u0430\u044f \u0441\u0442\u0440\u0430\u043d\u0438\u0446\u0430\",\"item\":\"https:\\\/\\\/hotnewsinworld.com\\\/hu\\\/\"},{\"@type\":\"ListItem\",\"position\":2,\"name\":\"Ma indul a f\u0171t\u00e9si id\u0151szak Budapesten\"}]},{\"@type\":\"WebSite\",\"@id\":\"https:\\\/\\\/hotnewsinworld.com\\\/hu\\\/#website\",\"url\":\"https:\\\/\\\/hotnewsinworld.com\\\/hu\\\/\",\"name\":\"Hot News in World\",\"description\":\"Hot News in World from Hungary\",\"potentialAction\":[{\"@type\":\"SearchAction\",\"target\":{\"@type\":\"EntryPoint\",\"urlTemplate\":\"https:\\\/\\\/hotnewsinworld.com\\\/hu\\\/?s={search_term_string}\"},\"query-input\":{\"@type\":\"PropertyValueSpecification\",\"valueRequired\":true,\"valueName\":\"search_term_string\"}}],\"inLanguage\":\"hu\"},{\"@type\":\"Person\",\"@id\":\"https:\\\/\\\/hotnewsinworld.com\\\/hu\\\/#\\\/schema\\\/person\\\/fe61448b21c0d59086e75fcc1f9d8f6b\",\"name\":\"hotnewsinworld\",\"image\":{\"@type\":\"ImageObject\",\"inLanguage\":\"hu\",\"@id\":\"https:\\\/\\\/secure.gravatar.com\\\/avatar\\\/8a09ac165600ce2e1c38fe593c63928eb1e6e7ba5c5a907d67787c41b3d00c14?s=96&d=mm&r=g\",\"url\":\"https:\\\/\\\/secure.gravatar.com\\\/avatar\\\/8a09ac165600ce2e1c38fe593c63928eb1e6e7ba5c5a907d67787c41b3d00c14?s=96&d=mm&r=g\",\"contentUrl\":\"https:\\\/\\\/secure.gravatar.com\\\/avatar\\\/8a09ac165600ce2e1c38fe593c63928eb1e6e7ba5c5a907d67787c41b3d00c14?s=96&d=mm&r=g\",\"caption\":\"hotnewsinworld\"},\"url\":\"https:\\\/\\\/hotnewsinworld.com\\\/hu\\\/author\\\/pt\\\/\"}]}<\/script>\n<!-- \/ Yoast SEO plugin. -->","yoast_head_json":{"title":"Ma indul a f\u0171t\u00e9si id\u0151szak Budapesten - Hot News in World","robots":{"index":"index","follow":"follow","max-snippet":"max-snippet:-1","max-image-preview":"max-image-preview:large","max-video-preview":"max-video-preview:-1"},"canonical":"https:\/\/hotnewsinworld.com\/hu\/ma-indul-a-futesi-idoszak-budapesten\/","og_locale":"hu_HU","og_type":"article","og_title":"Ma indul a f\u0171t\u00e9si id\u0151szak Budapesten - Hot News in World","og_description":"Ma kezd\u0151dik a f\u0171t\u00e9si id\u0151szak a f\u0151v\u00e1rosban. M\u00e1ra a szolg\u00e1ltat\u00f3i berendez\u00e9seket f\u0171t\u00e9sre alkalmas \u00e1llapotba helyezik a mintegy 240 ezer f\u0151v\u00e1rosi lakoss\u00e1gi \u00e9s a csaknem 7 ezer \u00fczleti fogyaszt\u00f3 sz\u00e1m\u00e1ra.Valamennyi \u00e9p\u00fcletben a felhaszn\u00e1l\u00f3k \u00e1ltal a t\u00e1vh\u0151szolg\u00e1ltat\u00f3val (F\u0151t\u00e1v) k\u00f6t\u00f6tt \u00fczemviteli meg\u00e1llapod\u00e1snak vagy eseti megrendel\u00e9snek megfelel\u0151en kapcsolj\u00e1k k\u00e9szenl\u00e9ti \u00e1llapotba a f\u0171t\u00e9st, \u00e9s kezd\u0151dik meg \u2013 a k\u00fcls\u0151 h\u0151m\u00e9rs\u00e9klet [&hellip;]","og_url":"https:\/\/hotnewsinworld.com\/hu\/ma-indul-a-futesi-idoszak-budapesten\/","og_site_name":"Hot News in World","article_published_time":"2019-09-15T08:07:38+00:00","author":"hotnewsinworld","twitter_card":"summary_large_image","twitter_misc":{"Szerz\u0151:":"hotnewsinworld","Becs\u00fclt olvas\u00e1si id\u0151":"1 perc"},"schema":{"@context":"https:\/\/schema.org","@graph":[{"@type":"Article","@id":"https:\/\/hotnewsinworld.com\/hu\/ma-indul-a-futesi-idoszak-budapesten\/#article","isPartOf":{"@id":"https:\/\/hotnewsinworld.com\/hu\/ma-indul-a-futesi-idoszak-budapesten\/"},"author":{"name":"hotnewsinworld","@id":"https:\/\/hotnewsinworld.com\/hu\/#\/schema\/person\/fe61448b21c0d59086e75fcc1f9d8f6b"},"headline":"Ma indul a f\u0171t\u00e9si id\u0151szak Budapesten","datePublished":"2019-09-15T08:07:38+00:00","mainEntityOfPage":{"@id":"https:\/\/hotnewsinworld.com\/hu\/ma-indul-a-futesi-idoszak-budapesten\/"},"wordCount":213,"commentCount":0,"articleSection":["LEG\u00daJABB P\u00c9NZ\u00dcGYI H\u00cdREK"],"inLanguage":"hu","potentialAction":[{"@type":"CommentAction","name":"Comment","target":["https:\/\/hotnewsinworld.com\/hu\/ma-indul-a-futesi-idoszak-budapesten\/#respond"]}]},{"@type":"WebPage","@id":"https:\/\/hotnewsinworld.com\/hu\/ma-indul-a-futesi-idoszak-budapesten\/","url":"https:\/\/hotnewsinworld.com\/hu\/ma-indul-a-futesi-idoszak-budapesten\/","name":"Ma indul a f\u0171t\u00e9si id\u0151szak Budapesten - Hot News in World","isPartOf":{"@id":"https:\/\/hotnewsinworld.com\/hu\/#website"},"datePublished":"2019-09-15T08:07:38+00:00","author":{"@id":"https:\/\/hotnewsinworld.com\/hu\/#\/schema\/person\/fe61448b21c0d59086e75fcc1f9d8f6b"},"breadcrumb":{"@id":"https:\/\/hotnewsinworld.com\/hu\/ma-indul-a-futesi-idoszak-budapesten\/#breadcrumb"},"inLanguage":"hu","potentialAction":[{"@type":"ReadAction","target":["https:\/\/hotnewsinworld.com\/hu\/ma-indul-a-futesi-idoszak-budapesten\/"]}]},{"@type":"BreadcrumbList","@id":"https:\/\/hotnewsinworld.com\/hu\/ma-indul-a-futesi-idoszak-budapesten\/#breadcrumb","itemListElement":[{"@type":"ListItem","position":1,"name":"\u0413\u043b\u0430\u0432\u043d\u0430\u044f \u0441\u0442\u0440\u0430\u043d\u0438\u0446\u0430","item":"https:\/\/hotnewsinworld.com\/hu\/"},{"@type":"ListItem","position":2,"name":"Ma indul a f\u0171t\u00e9si id\u0151szak Budapesten"}]},{"@type":"WebSite","@id":"https:\/\/hotnewsinworld.com\/hu\/#website","url":"https:\/\/hotnewsinworld.com\/hu\/","name":"Hot News in World","description":"Hot News in World from Hungary","potentialAction":[{"@type":"SearchAction","target":{"@type":"EntryPoint","urlTemplate":"https:\/\/hotnewsinworld.com\/hu\/?s={search_term_string}"},"query-input":{"@type":"PropertyValueSpecification","valueRequired":true,"valueName":"search_term_string"}}],"inLanguage":"hu"},{"@type":"Person","@id":"https:\/\/hotnewsinworld.com\/hu\/#\/schema\/person\/fe61448b21c0d59086e75fcc1f9d8f6b","name":"hotnewsinworld","image":{"@type":"ImageObject","inLanguage":"hu","@id":"https:\/\/secure.gravatar.com\/avatar\/8a09ac165600ce2e1c38fe593c63928eb1e6e7ba5c5a907d67787c41b3d00c14?s=96&d=mm&r=g","url":"https:\/\/secure.gravatar.com\/avatar\/8a09ac165600ce2e1c38fe593c63928eb1e6e7ba5c5a907d67787c41b3d00c14?s=96&d=mm&r=g","contentUrl":"https:\/\/secure.gravatar.com\/avatar\/8a09ac165600ce2e1c38fe593c63928eb1e6e7ba5c5a907d67787c41b3d00c14?s=96&d=mm&r=g","caption":"hotnewsinworld"},"url":"https:\/\/hotnewsinworld.com\/hu\/author\/pt\/"}]}},"_links":{"self":[{"href":"https:\/\/hotnewsinworld.com\/hu\/wp-json\/wp\/v2\/posts\/2070","targetHints":{"allow":["GET"]}}],"collection":[{"href":"https:\/\/hotnewsinworld.com\/hu\/wp-json\/wp\/v2\/posts"}],"about":[{"href":"https:\/\/hotnewsinworld.com\/hu\/wp-json\/wp\/v2\/types\/post"}],"author":[{"embeddable":true,"href":"https:\/\/hotnewsinworld.com\/hu\/wp-json\/wp\/v2\/users\/2"}],"replies":[{"embeddable":true,"href":"https:\/\/hotnewsinworld.com\/hu\/wp-json\/wp\/v2\/comments?post=2070"}],"version-history":[{"count":0,"href":"https:\/\/hotnewsinworld.com\/hu\/wp-json\/wp\/v2\/posts\/2070\/revisions"}],"wp:attachment":[{"href":"https:\/\/hotnewsinworld.com\/hu\/wp-json\/wp\/v2\/media?parent=2070"}],"wp:term":[{"taxonomy":"category","embeddable":true,"href":"https:\/\/hotnewsinworld.com\/hu\/wp-json\/wp\/v2\/categories?post=2070"},{"taxonomy":"post_tag","embeddable":true,"href":"https:\/\/hotnewsinworld.com\/hu\/wp-json\/wp\/v2\/tags?post=2070"}],"curies":[{"name":"wp","href":"https:\/\/api.w.org\/{rel}","templated":true}]}}