{"id":2071,"date":"2019-09-15T12:31:57","date_gmt":"2019-09-15T09:31:57","guid":{"rendered":"https:\/\/hotnewsinworld.com\/hu\/szakerto-egy-ujabb-aradatnak-belathatatlan-kovetkezmenyei-lehetnek\/"},"modified":"2019-09-15T12:31:58","modified_gmt":"2019-09-15T09:31:58","slug":"szakerto-egy-ujabb-aradatnak-belathatatlan-kovetkezmenyei-lehetnek","status":"publish","type":"post","link":"https:\/\/hotnewsinworld.com\/hu\/szakerto-egy-ujabb-aradatnak-belathatatlan-kovetkezmenyei-lehetnek\/","title":{"rendered":"Szak\u00e9rt\u0151: Egy \u00fajabb \u00e1radatnak bel\u00e1thatatlan k\u00f6vetkezm\u00e9nyei lehetnek"},"content":{"rendered":"<p>\t\t\t\t\tA cikk emailben t\u00f6rt\u00e9n\u0151 elk\u00fcld\u00e9s\u00e9hez kattintson ide, vagy m\u00e1solja le \u00e9s k\u00fcldje el ezt a linket: https:\/\/magyarnemzet.hu\/belfold\/szakerto-egy-ujabb-aradatnak-belathatatlan-kovetkezmenyei-lehetnek-7305362\/<\/p>\n<p>\t\t\t\t\t2019. szeptember 15. vas\u00e1rnap 11:14<\/p>\n<p>\t\t\t\t\tHa elindul egy \u00fajabb migr\u00e1ns\u00e1radat, annak bel\u00e1thatatlan k\u00f6vetkezm\u00e9nyei lehetnek \u2013 mondta Horv\u00e1th J\u00f3zsef biztons\u00e1gpolitikai szak\u00e9rt\u0151, volt titkosszolg\u00e1lati vezet\u0151 az M1 aktu\u00e1lis csatorn\u00e1n vas\u00e1rnap.<br \/>\nHozz\u00e1tette: Olaszorsz\u00e1gba \u00e9vente 150-200 ezer migr\u00e1ns \u00e9rkezett, egy r\u00e9sz\u00fck tov\u00e1bbment ugyan Nyugat-Eur\u00f3p\u00e1ba, de m\u00e1ra t\u00f6bb sz\u00e1zezer illeg\u00e1lis bev\u00e1ndorl\u00f3 gy\u0171lt fel a mediterr\u00e1n orsz\u00e1gban. Az \u00faj baloldali koal\u00edci\u00f3 ism\u00e9t beengedn\u00e9 a migr\u00e1nsokat \u2013 folytatta -, az embercsemp\u00e9szek \u00e9s a jogv\u00e9d\u0151k pedig percre pontosan ismerik mikor, hol er\u0151s\u00f6dnek meg a bev\u00e1ndorl\u00e1sp\u00e1rti er\u0151k, hol ny\u00edlnak meg az utak. L\u00edbia partjain\u00e1l sok sz\u00e1zezren v\u00e1rnak arra, hogy Olaszorsz\u00e1gba induljanak, az afrikai orsz\u00e1g d\u00e9li hat\u00e1rain\u00e1l pedig m\u00e1r milli\u00f3nyi Eur\u00f3p\u00e1ba indul\u00f3 torl\u00f3dott fel. Ha pedig a tengeren megindulnak a migr\u00e1nsok, a sz\u00e1razf\u00f6ldi \u00fatvonalak is meg\u00e9l\u00e9nk\u00fclnek \u2013 figyelmeztetett a szak\u00e9rt\u0151.<br \/>\nAz \u00e9rkez\u0151k kilencven sz\u00e1zal\u00e9ka gazdas\u00e1gi migr\u00e1ns. T\u00f6bben felmeleg\u00edten\u00e9k a migr\u00e1nskv\u00f3t\u00e1kat, holott ez az eloszt\u00e1si mechanizmus kor\u00e1bban sem m\u0171k\u00f6d\u00f6tt, Eur\u00f3pa nagy r\u00e9sz\u00e9n pedig m\u00e1r nem szeretn\u00e9nek \u00fajabb migr\u00e1nsokat l\u00e1tni \u2013 k\u00f6z\u00f6lte meg Horv\u00e1th J\u00f3zsef.<\/p>\n<p>\n<!--noindex--><br \/>\n<a href=\"https:\/\/hirek.oldal.info\/rssclick\/14398229\" rel=\"nofollow\">Source link <\/a><br \/>\n<!--\/noindex--><\/p>\n","protected":false},"excerpt":{"rendered":"<p>A cikk emailben t\u00f6rt\u00e9n\u0151 elk\u00fcld\u00e9s\u00e9hez kattintson ide, vagy m\u00e1solja le \u00e9s k\u00fcldje el ezt a linket: https:\/\/magyarnemzet.hu\/belfold\/szakerto-egy-ujabb-aradatnak-belathatatlan-kovetkezmenyei-lehetnek-7305362\/ 2019. szeptember 15. vas\u00e1rnap 11:14 Ha elindul egy \u00fajabb migr\u00e1ns\u00e1radat, annak bel\u00e1thatatlan k\u00f6vetkezm\u00e9nyei lehetnek \u2013 mondta Horv\u00e1th J\u00f3zsef biztons\u00e1gpolitikai szak\u00e9rt\u0151, volt titkosszolg\u00e1lati vezet\u0151 az M1 aktu\u00e1lis csatorn\u00e1n vas\u00e1rnap. Hozz\u00e1tette: Olaszorsz\u00e1gba \u00e9vente 150-200 ezer migr\u00e1ns \u00e9rkezett, egy r\u00e9sz\u00fck tov\u00e1bbment [&hellip;]<\/p>\n","protected":false},"author":2,"featured_media":199,"comment_status":"open","ping_status":"open","sticky":false,"template":"","format":"standard","meta":{"footnotes":""},"categories":[1],"tags":[],"class_list":["post-2071","post","type-post","status-publish","format-standard","has-post-thumbnail","hentry","category-legujabb-penzugyi-hirek"],"yoast_head":"<!-- This site is optimized with the Yoast SEO plugin v27.4 - https:\/\/yoast.com\/product\/yoast-seo-wordpress\/ -->\n<title>Szak\u00e9rt\u0151: Egy \u00fajabb \u00e1radatnak bel\u00e1thatatlan k\u00f6vetkezm\u00e9nyei lehetnek - Hot News in World<\/title>\n<meta name=\"robots\" content=\"index, follow, max-snippet:-1, max-image-preview:large, max-video-preview:-1\" \/>\n<link rel=\"canonical\" href=\"https:\/\/hotnewsinworld.com\/hu\/szakerto-egy-ujabb-aradatnak-belathatatlan-kovetkezmenyei-lehetnek\/\" \/>\n<meta property=\"og:locale\" content=\"hu_HU\" \/>\n<meta property=\"og:type\" content=\"article\" \/>\n<meta property=\"og:title\" content=\"Szak\u00e9rt\u0151: Egy \u00fajabb \u00e1radatnak bel\u00e1thatatlan k\u00f6vetkezm\u00e9nyei lehetnek - Hot News in World\" \/>\n<meta property=\"og:description\" content=\"A cikk emailben t\u00f6rt\u00e9n\u0151 elk\u00fcld\u00e9s\u00e9hez kattintson ide, vagy m\u00e1solja le \u00e9s k\u00fcldje el ezt a linket: https:\/\/magyarnemzet.hu\/belfold\/szakerto-egy-ujabb-aradatnak-belathatatlan-kovetkezmenyei-lehetnek-7305362\/ 2019. szeptember 15. vas\u00e1rnap 11:14 Ha elindul egy \u00fajabb migr\u00e1ns\u00e1radat, annak bel\u00e1thatatlan k\u00f6vetkezm\u00e9nyei lehetnek \u2013 mondta Horv\u00e1th J\u00f3zsef biztons\u00e1gpolitikai szak\u00e9rt\u0151, volt titkosszolg\u00e1lati vezet\u0151 az M1 aktu\u00e1lis csatorn\u00e1n vas\u00e1rnap. Hozz\u00e1tette: Olaszorsz\u00e1gba \u00e9vente 150-200 ezer migr\u00e1ns \u00e9rkezett, egy r\u00e9sz\u00fck tov\u00e1bbment [&hellip;]\" \/>\n<meta property=\"og:url\" content=\"https:\/\/hotnewsinworld.com\/hu\/szakerto-egy-ujabb-aradatnak-belathatatlan-kovetkezmenyei-lehetnek\/\" \/>\n<meta property=\"og:site_name\" content=\"Hot News in World\" \/>\n<meta property=\"article:published_time\" content=\"2019-09-15T09:31:57+00:00\" \/>\n<meta property=\"article:modified_time\" content=\"2019-09-15T09:31:58+00:00\" \/>\n<meta property=\"og:image\" content=\"https:\/\/hotnewsinworld.com\/hu\/wp-content\/uploads\/sites\/3\/2019\/06\/Hidv\u00e9ghi-Bal\u00e1zs-A-Fidesz-kezdem\u00e9nyezni-fogja-a-migr\u00e1nsk\u00e1rty\u00e1k-megsz\u00fcntet\u00e9s\u00e9t.png\" \/>\n\t<meta property=\"og:image:width\" content=\"1200\" \/>\n\t<meta property=\"og:image:height\" content=\"630\" \/>\n\t<meta property=\"og:image:type\" content=\"image\/png\" \/>\n<meta name=\"author\" content=\"hotnewsinworld\" \/>\n<meta name=\"twitter:card\" content=\"summary_large_image\" \/>\n<meta name=\"twitter:label1\" content=\"Szerz\u0151:\" \/>\n\t<meta name=\"twitter:data1\" content=\"hotnewsinworld\" \/>\n\t<meta name=\"twitter:label2\" content=\"Becs\u00fclt olvas\u00e1si id\u0151\" \/>\n\t<meta name=\"twitter:data2\" content=\"1 perc\" \/>\n<script type=\"application\/ld+json\" class=\"yoast-schema-graph\">{\"@context\":\"https:\\\/\\\/schema.org\",\"@graph\":[{\"@type\":\"Article\",\"@id\":\"https:\\\/\\\/hotnewsinworld.com\\\/hu\\\/szakerto-egy-ujabb-aradatnak-belathatatlan-kovetkezmenyei-lehetnek\\\/#article\",\"isPartOf\":{\"@id\":\"https:\\\/\\\/hotnewsinworld.com\\\/hu\\\/szakerto-egy-ujabb-aradatnak-belathatatlan-kovetkezmenyei-lehetnek\\\/\"},\"author\":{\"name\":\"hotnewsinworld\",\"@id\":\"https:\\\/\\\/hotnewsinworld.com\\\/hu\\\/#\\\/schema\\\/person\\\/fe61448b21c0d59086e75fcc1f9d8f6b\"},\"headline\":\"Szak\u00e9rt\u0151: Egy \u00fajabb \u00e1radatnak bel\u00e1thatatlan k\u00f6vetkezm\u00e9nyei lehetnek\",\"datePublished\":\"2019-09-15T09:31:57+00:00\",\"dateModified\":\"2019-09-15T09:31:58+00:00\",\"mainEntityOfPage\":{\"@id\":\"https:\\\/\\\/hotnewsinworld.com\\\/hu\\\/szakerto-egy-ujabb-aradatnak-belathatatlan-kovetkezmenyei-lehetnek\\\/\"},\"wordCount\":278,\"commentCount\":0,\"image\":{\"@id\":\"https:\\\/\\\/hotnewsinworld.com\\\/hu\\\/szakerto-egy-ujabb-aradatnak-belathatatlan-kovetkezmenyei-lehetnek\\\/#primaryimage\"},\"thumbnailUrl\":\"https:\\\/\\\/hotnewsinworld.com\\\/hu\\\/wp-content\\\/uploads\\\/sites\\\/3\\\/2019\\\/06\\\/Hidv\u00e9ghi-Bal\u00e1zs-A-Fidesz-kezdem\u00e9nyezni-fogja-a-migr\u00e1nsk\u00e1rty\u00e1k-megsz\u00fcntet\u00e9s\u00e9t.png\",\"articleSection\":[\"LEG\u00daJABB P\u00c9NZ\u00dcGYI H\u00cdREK\"],\"inLanguage\":\"hu\",\"potentialAction\":[{\"@type\":\"CommentAction\",\"name\":\"Comment\",\"target\":[\"https:\\\/\\\/hotnewsinworld.com\\\/hu\\\/szakerto-egy-ujabb-aradatnak-belathatatlan-kovetkezmenyei-lehetnek\\\/#respond\"]}]},{\"@type\":\"WebPage\",\"@id\":\"https:\\\/\\\/hotnewsinworld.com\\\/hu\\\/szakerto-egy-ujabb-aradatnak-belathatatlan-kovetkezmenyei-lehetnek\\\/\",\"url\":\"https:\\\/\\\/hotnewsinworld.com\\\/hu\\\/szakerto-egy-ujabb-aradatnak-belathatatlan-kovetkezmenyei-lehetnek\\\/\",\"name\":\"Szak\u00e9rt\u0151: Egy \u00fajabb \u00e1radatnak bel\u00e1thatatlan k\u00f6vetkezm\u00e9nyei lehetnek - Hot News in World\",\"isPartOf\":{\"@id\":\"https:\\\/\\\/hotnewsinworld.com\\\/hu\\\/#website\"},\"primaryImageOfPage\":{\"@id\":\"https:\\\/\\\/hotnewsinworld.com\\\/hu\\\/szakerto-egy-ujabb-aradatnak-belathatatlan-kovetkezmenyei-lehetnek\\\/#primaryimage\"},\"image\":{\"@id\":\"https:\\\/\\\/hotnewsinworld.com\\\/hu\\\/szakerto-egy-ujabb-aradatnak-belathatatlan-kovetkezmenyei-lehetnek\\\/#primaryimage\"},\"thumbnailUrl\":\"https:\\\/\\\/hotnewsinworld.com\\\/hu\\\/wp-content\\\/uploads\\\/sites\\\/3\\\/2019\\\/06\\\/Hidv\u00e9ghi-Bal\u00e1zs-A-Fidesz-kezdem\u00e9nyezni-fogja-a-migr\u00e1nsk\u00e1rty\u00e1k-megsz\u00fcntet\u00e9s\u00e9t.png\",\"datePublished\":\"2019-09-15T09:31:57+00:00\",\"dateModified\":\"2019-09-15T09:31:58+00:00\",\"author\":{\"@id\":\"https:\\\/\\\/hotnewsinworld.com\\\/hu\\\/#\\\/schema\\\/person\\\/fe61448b21c0d59086e75fcc1f9d8f6b\"},\"breadcrumb\":{\"@id\":\"https:\\\/\\\/hotnewsinworld.com\\\/hu\\\/szakerto-egy-ujabb-aradatnak-belathatatlan-kovetkezmenyei-lehetnek\\\/#breadcrumb\"},\"inLanguage\":\"hu\",\"potentialAction\":[{\"@type\":\"ReadAction\",\"target\":[\"https:\\\/\\\/hotnewsinworld.com\\\/hu\\\/szakerto-egy-ujabb-aradatnak-belathatatlan-kovetkezmenyei-lehetnek\\\/\"]}]},{\"@type\":\"ImageObject\",\"inLanguage\":\"hu\",\"@id\":\"https:\\\/\\\/hotnewsinworld.com\\\/hu\\\/szakerto-egy-ujabb-aradatnak-belathatatlan-kovetkezmenyei-lehetnek\\\/#primaryimage\",\"url\":\"https:\\\/\\\/hotnewsinworld.com\\\/hu\\\/wp-content\\\/uploads\\\/sites\\\/3\\\/2019\\\/06\\\/Hidv\u00e9ghi-Bal\u00e1zs-A-Fidesz-kezdem\u00e9nyezni-fogja-a-migr\u00e1nsk\u00e1rty\u00e1k-megsz\u00fcntet\u00e9s\u00e9t.png\",\"contentUrl\":\"https:\\\/\\\/hotnewsinworld.com\\\/hu\\\/wp-content\\\/uploads\\\/sites\\\/3\\\/2019\\\/06\\\/Hidv\u00e9ghi-Bal\u00e1zs-A-Fidesz-kezdem\u00e9nyezni-fogja-a-migr\u00e1nsk\u00e1rty\u00e1k-megsz\u00fcntet\u00e9s\u00e9t.png\",\"width\":1200,\"height\":630,\"caption\":\"Hidv\u00e9ghi Bal\u00e1zs: A Fidesz kezdem\u00e9nyezni fogja a migr\u00e1nsk\u00e1rty\u00e1k megsz\u00fcntet\u00e9s\u00e9t\"},{\"@type\":\"BreadcrumbList\",\"@id\":\"https:\\\/\\\/hotnewsinworld.com\\\/hu\\\/szakerto-egy-ujabb-aradatnak-belathatatlan-kovetkezmenyei-lehetnek\\\/#breadcrumb\",\"itemListElement\":[{\"@type\":\"ListItem\",\"position\":1,\"name\":\"\u0413\u043b\u0430\u0432\u043d\u0430\u044f \u0441\u0442\u0440\u0430\u043d\u0438\u0446\u0430\",\"item\":\"https:\\\/\\\/hotnewsinworld.com\\\/hu\\\/\"},{\"@type\":\"ListItem\",\"position\":2,\"name\":\"Szak\u00e9rt\u0151: Egy \u00fajabb \u00e1radatnak bel\u00e1thatatlan k\u00f6vetkezm\u00e9nyei lehetnek\"}]},{\"@type\":\"WebSite\",\"@id\":\"https:\\\/\\\/hotnewsinworld.com\\\/hu\\\/#website\",\"url\":\"https:\\\/\\\/hotnewsinworld.com\\\/hu\\\/\",\"name\":\"Hot News in World\",\"description\":\"Hot News in World from Hungary\",\"potentialAction\":[{\"@type\":\"SearchAction\",\"target\":{\"@type\":\"EntryPoint\",\"urlTemplate\":\"https:\\\/\\\/hotnewsinworld.com\\\/hu\\\/?s={search_term_string}\"},\"query-input\":{\"@type\":\"PropertyValueSpecification\",\"valueRequired\":true,\"valueName\":\"search_term_string\"}}],\"inLanguage\":\"hu\"},{\"@type\":\"Person\",\"@id\":\"https:\\\/\\\/hotnewsinworld.com\\\/hu\\\/#\\\/schema\\\/person\\\/fe61448b21c0d59086e75fcc1f9d8f6b\",\"name\":\"hotnewsinworld\",\"image\":{\"@type\":\"ImageObject\",\"inLanguage\":\"hu\",\"@id\":\"https:\\\/\\\/secure.gravatar.com\\\/avatar\\\/8a09ac165600ce2e1c38fe593c63928eb1e6e7ba5c5a907d67787c41b3d00c14?s=96&d=mm&r=g\",\"url\":\"https:\\\/\\\/secure.gravatar.com\\\/avatar\\\/8a09ac165600ce2e1c38fe593c63928eb1e6e7ba5c5a907d67787c41b3d00c14?s=96&d=mm&r=g\",\"contentUrl\":\"https:\\\/\\\/secure.gravatar.com\\\/avatar\\\/8a09ac165600ce2e1c38fe593c63928eb1e6e7ba5c5a907d67787c41b3d00c14?s=96&d=mm&r=g\",\"caption\":\"hotnewsinworld\"},\"url\":\"https:\\\/\\\/hotnewsinworld.com\\\/hu\\\/author\\\/pt\\\/\"}]}<\/script>\n<!-- \/ Yoast SEO plugin. -->","yoast_head_json":{"title":"Szak\u00e9rt\u0151: Egy \u00fajabb \u00e1radatnak bel\u00e1thatatlan k\u00f6vetkezm\u00e9nyei lehetnek - Hot News in World","robots":{"index":"index","follow":"follow","max-snippet":"max-snippet:-1","max-image-preview":"max-image-preview:large","max-video-preview":"max-video-preview:-1"},"canonical":"https:\/\/hotnewsinworld.com\/hu\/szakerto-egy-ujabb-aradatnak-belathatatlan-kovetkezmenyei-lehetnek\/","og_locale":"hu_HU","og_type":"article","og_title":"Szak\u00e9rt\u0151: Egy \u00fajabb \u00e1radatnak bel\u00e1thatatlan k\u00f6vetkezm\u00e9nyei lehetnek - Hot News in World","og_description":"A cikk emailben t\u00f6rt\u00e9n\u0151 elk\u00fcld\u00e9s\u00e9hez kattintson ide, vagy m\u00e1solja le \u00e9s k\u00fcldje el ezt a linket: https:\/\/magyarnemzet.hu\/belfold\/szakerto-egy-ujabb-aradatnak-belathatatlan-kovetkezmenyei-lehetnek-7305362\/ 2019. szeptember 15. vas\u00e1rnap 11:14 Ha elindul egy \u00fajabb migr\u00e1ns\u00e1radat, annak bel\u00e1thatatlan k\u00f6vetkezm\u00e9nyei lehetnek \u2013 mondta Horv\u00e1th J\u00f3zsef biztons\u00e1gpolitikai szak\u00e9rt\u0151, volt titkosszolg\u00e1lati vezet\u0151 az M1 aktu\u00e1lis csatorn\u00e1n vas\u00e1rnap. Hozz\u00e1tette: Olaszorsz\u00e1gba \u00e9vente 150-200 ezer migr\u00e1ns \u00e9rkezett, egy r\u00e9sz\u00fck tov\u00e1bbment [&hellip;]","og_url":"https:\/\/hotnewsinworld.com\/hu\/szakerto-egy-ujabb-aradatnak-belathatatlan-kovetkezmenyei-lehetnek\/","og_site_name":"Hot News in World","article_published_time":"2019-09-15T09:31:57+00:00","article_modified_time":"2019-09-15T09:31:58+00:00","og_image":[{"width":1200,"height":630,"url":"https:\/\/hotnewsinworld.com\/hu\/wp-content\/uploads\/sites\/3\/2019\/06\/Hidv\u00e9ghi-Bal\u00e1zs-A-Fidesz-kezdem\u00e9nyezni-fogja-a-migr\u00e1nsk\u00e1rty\u00e1k-megsz\u00fcntet\u00e9s\u00e9t.png","type":"image\/png"}],"author":"hotnewsinworld","twitter_card":"summary_large_image","twitter_misc":{"Szerz\u0151:":"hotnewsinworld","Becs\u00fclt olvas\u00e1si id\u0151":"1 perc"},"schema":{"@context":"https:\/\/schema.org","@graph":[{"@type":"Article","@id":"https:\/\/hotnewsinworld.com\/hu\/szakerto-egy-ujabb-aradatnak-belathatatlan-kovetkezmenyei-lehetnek\/#article","isPartOf":{"@id":"https:\/\/hotnewsinworld.com\/hu\/szakerto-egy-ujabb-aradatnak-belathatatlan-kovetkezmenyei-lehetnek\/"},"author":{"name":"hotnewsinworld","@id":"https:\/\/hotnewsinworld.com\/hu\/#\/schema\/person\/fe61448b21c0d59086e75fcc1f9d8f6b"},"headline":"Szak\u00e9rt\u0151: Egy \u00fajabb \u00e1radatnak bel\u00e1thatatlan k\u00f6vetkezm\u00e9nyei lehetnek","datePublished":"2019-09-15T09:31:57+00:00","dateModified":"2019-09-15T09:31:58+00:00","mainEntityOfPage":{"@id":"https:\/\/hotnewsinworld.com\/hu\/szakerto-egy-ujabb-aradatnak-belathatatlan-kovetkezmenyei-lehetnek\/"},"wordCount":278,"commentCount":0,"image":{"@id":"https:\/\/hotnewsinworld.com\/hu\/szakerto-egy-ujabb-aradatnak-belathatatlan-kovetkezmenyei-lehetnek\/#primaryimage"},"thumbnailUrl":"https:\/\/hotnewsinworld.com\/hu\/wp-content\/uploads\/sites\/3\/2019\/06\/Hidv\u00e9ghi-Bal\u00e1zs-A-Fidesz-kezdem\u00e9nyezni-fogja-a-migr\u00e1nsk\u00e1rty\u00e1k-megsz\u00fcntet\u00e9s\u00e9t.png","articleSection":["LEG\u00daJABB P\u00c9NZ\u00dcGYI H\u00cdREK"],"inLanguage":"hu","potentialAction":[{"@type":"CommentAction","name":"Comment","target":["https:\/\/hotnewsinworld.com\/hu\/szakerto-egy-ujabb-aradatnak-belathatatlan-kovetkezmenyei-lehetnek\/#respond"]}]},{"@type":"WebPage","@id":"https:\/\/hotnewsinworld.com\/hu\/szakerto-egy-ujabb-aradatnak-belathatatlan-kovetkezmenyei-lehetnek\/","url":"https:\/\/hotnewsinworld.com\/hu\/szakerto-egy-ujabb-aradatnak-belathatatlan-kovetkezmenyei-lehetnek\/","name":"Szak\u00e9rt\u0151: Egy \u00fajabb \u00e1radatnak bel\u00e1thatatlan k\u00f6vetkezm\u00e9nyei lehetnek - Hot News in World","isPartOf":{"@id":"https:\/\/hotnewsinworld.com\/hu\/#website"},"primaryImageOfPage":{"@id":"https:\/\/hotnewsinworld.com\/hu\/szakerto-egy-ujabb-aradatnak-belathatatlan-kovetkezmenyei-lehetnek\/#primaryimage"},"image":{"@id":"https:\/\/hotnewsinworld.com\/hu\/szakerto-egy-ujabb-aradatnak-belathatatlan-kovetkezmenyei-lehetnek\/#primaryimage"},"thumbnailUrl":"https:\/\/hotnewsinworld.com\/hu\/wp-content\/uploads\/sites\/3\/2019\/06\/Hidv\u00e9ghi-Bal\u00e1zs-A-Fidesz-kezdem\u00e9nyezni-fogja-a-migr\u00e1nsk\u00e1rty\u00e1k-megsz\u00fcntet\u00e9s\u00e9t.png","datePublished":"2019-09-15T09:31:57+00:00","dateModified":"2019-09-15T09:31:58+00:00","author":{"@id":"https:\/\/hotnewsinworld.com\/hu\/#\/schema\/person\/fe61448b21c0d59086e75fcc1f9d8f6b"},"breadcrumb":{"@id":"https:\/\/hotnewsinworld.com\/hu\/szakerto-egy-ujabb-aradatnak-belathatatlan-kovetkezmenyei-lehetnek\/#breadcrumb"},"inLanguage":"hu","potentialAction":[{"@type":"ReadAction","target":["https:\/\/hotnewsinworld.com\/hu\/szakerto-egy-ujabb-aradatnak-belathatatlan-kovetkezmenyei-lehetnek\/"]}]},{"@type":"ImageObject","inLanguage":"hu","@id":"https:\/\/hotnewsinworld.com\/hu\/szakerto-egy-ujabb-aradatnak-belathatatlan-kovetkezmenyei-lehetnek\/#primaryimage","url":"https:\/\/hotnewsinworld.com\/hu\/wp-content\/uploads\/sites\/3\/2019\/06\/Hidv\u00e9ghi-Bal\u00e1zs-A-Fidesz-kezdem\u00e9nyezni-fogja-a-migr\u00e1nsk\u00e1rty\u00e1k-megsz\u00fcntet\u00e9s\u00e9t.png","contentUrl":"https:\/\/hotnewsinworld.com\/hu\/wp-content\/uploads\/sites\/3\/2019\/06\/Hidv\u00e9ghi-Bal\u00e1zs-A-Fidesz-kezdem\u00e9nyezni-fogja-a-migr\u00e1nsk\u00e1rty\u00e1k-megsz\u00fcntet\u00e9s\u00e9t.png","width":1200,"height":630,"caption":"Hidv\u00e9ghi Bal\u00e1zs: A Fidesz kezdem\u00e9nyezni fogja a migr\u00e1nsk\u00e1rty\u00e1k megsz\u00fcntet\u00e9s\u00e9t"},{"@type":"BreadcrumbList","@id":"https:\/\/hotnewsinworld.com\/hu\/szakerto-egy-ujabb-aradatnak-belathatatlan-kovetkezmenyei-lehetnek\/#breadcrumb","itemListElement":[{"@type":"ListItem","position":1,"name":"\u0413\u043b\u0430\u0432\u043d\u0430\u044f \u0441\u0442\u0440\u0430\u043d\u0438\u0446\u0430","item":"https:\/\/hotnewsinworld.com\/hu\/"},{"@type":"ListItem","position":2,"name":"Szak\u00e9rt\u0151: Egy \u00fajabb \u00e1radatnak bel\u00e1thatatlan k\u00f6vetkezm\u00e9nyei lehetnek"}]},{"@type":"WebSite","@id":"https:\/\/hotnewsinworld.com\/hu\/#website","url":"https:\/\/hotnewsinworld.com\/hu\/","name":"Hot News in World","description":"Hot News in World from Hungary","potentialAction":[{"@type":"SearchAction","target":{"@type":"EntryPoint","urlTemplate":"https:\/\/hotnewsinworld.com\/hu\/?s={search_term_string}"},"query-input":{"@type":"PropertyValueSpecification","valueRequired":true,"valueName":"search_term_string"}}],"inLanguage":"hu"},{"@type":"Person","@id":"https:\/\/hotnewsinworld.com\/hu\/#\/schema\/person\/fe61448b21c0d59086e75fcc1f9d8f6b","name":"hotnewsinworld","image":{"@type":"ImageObject","inLanguage":"hu","@id":"https:\/\/secure.gravatar.com\/avatar\/8a09ac165600ce2e1c38fe593c63928eb1e6e7ba5c5a907d67787c41b3d00c14?s=96&d=mm&r=g","url":"https:\/\/secure.gravatar.com\/avatar\/8a09ac165600ce2e1c38fe593c63928eb1e6e7ba5c5a907d67787c41b3d00c14?s=96&d=mm&r=g","contentUrl":"https:\/\/secure.gravatar.com\/avatar\/8a09ac165600ce2e1c38fe593c63928eb1e6e7ba5c5a907d67787c41b3d00c14?s=96&d=mm&r=g","caption":"hotnewsinworld"},"url":"https:\/\/hotnewsinworld.com\/hu\/author\/pt\/"}]}},"_links":{"self":[{"href":"https:\/\/hotnewsinworld.com\/hu\/wp-json\/wp\/v2\/posts\/2071","targetHints":{"allow":["GET"]}}],"collection":[{"href":"https:\/\/hotnewsinworld.com\/hu\/wp-json\/wp\/v2\/posts"}],"about":[{"href":"https:\/\/hotnewsinworld.com\/hu\/wp-json\/wp\/v2\/types\/post"}],"author":[{"embeddable":true,"href":"https:\/\/hotnewsinworld.com\/hu\/wp-json\/wp\/v2\/users\/2"}],"replies":[{"embeddable":true,"href":"https:\/\/hotnewsinworld.com\/hu\/wp-json\/wp\/v2\/comments?post=2071"}],"version-history":[{"count":1,"href":"https:\/\/hotnewsinworld.com\/hu\/wp-json\/wp\/v2\/posts\/2071\/revisions"}],"predecessor-version":[{"id":2072,"href":"https:\/\/hotnewsinworld.com\/hu\/wp-json\/wp\/v2\/posts\/2071\/revisions\/2072"}],"wp:featuredmedia":[{"embeddable":true,"href":"https:\/\/hotnewsinworld.com\/hu\/wp-json\/wp\/v2\/media\/199"}],"wp:attachment":[{"href":"https:\/\/hotnewsinworld.com\/hu\/wp-json\/wp\/v2\/media?parent=2071"}],"wp:term":[{"taxonomy":"category","embeddable":true,"href":"https:\/\/hotnewsinworld.com\/hu\/wp-json\/wp\/v2\/categories?post=2071"},{"taxonomy":"post_tag","embeddable":true,"href":"https:\/\/hotnewsinworld.com\/hu\/wp-json\/wp\/v2\/tags?post=2071"}],"curies":[{"name":"wp","href":"https:\/\/api.w.org\/{rel}","templated":true}]}}