{"id":2076,"date":"2019-09-15T15:53:36","date_gmt":"2019-09-15T12:53:36","guid":{"rendered":"https:\/\/hotnewsinworld.com\/hu\/mi-magyarok-nem-bezarjuk-a-templomokat-es-az-iskolakat-hanem-ujakat-epitunk\/"},"modified":"2019-09-15T15:53:37","modified_gmt":"2019-09-15T12:53:37","slug":"mi-magyarok-nem-bezarjuk-a-templomokat-es-az-iskolakat-hanem-ujakat-epitunk","status":"publish","type":"post","link":"https:\/\/hotnewsinworld.com\/hu\/mi-magyarok-nem-bezarjuk-a-templomokat-es-az-iskolakat-hanem-ujakat-epitunk\/","title":{"rendered":"Mi magyarok nem bez\u00e1rjuk a templomokat \u00e9s az iskol\u00e1kat, hanem \u00fajakat \u00e9p\u00edt\u00fcnk"},"content":{"rendered":"<p>\t\t\t\tK\u00f6v\u00e9r: Mi magyarok nem bez\u00e1rjuk a templomokat \u00e9s az iskol\u00e1kat, hanem \u00fajakat \u00e9p\u00edt\u00fcnk<\/p>\n<p>    \t\t\t\tMagyarorsz\u00e1g 2010 \u00f3ta elv\u00e9gzett munk\u00e1j\u00e1val visszaszerezte j\u00f6v\u0151j\u00e9t, \u00e9s ennek nyilv\u00e1nval\u00f3 jele, hogy &#8222;mi magyarok nem bez\u00e1rjuk a templomokat \u00e9s az iskol\u00e1kat&#8221;, hanem \u00fajakat \u00e9p\u00edt\u00fcnk &#8211; mondta K\u00f6v\u00e9r L\u00e1szl\u00f3, az Orsz\u00e1ggy\u0171l\u00e9s eln\u00f6ke vas\u00e1rnap Budapesten, a Fasori Reform\u00e1tus Egyh\u00e1zk\u00f6zs\u00e9g h\u00e1laad\u00f3 napj\u00e1n.<\/p>\n<p>\t\t\t\t\t\t\t\t\t\t\tA fasori gy\u00fclekezet \u00faj \u00f3voda\u00e9p\u00fclet\u00e9nek \u00e1tad\u00e1s\u00e1n a h\u00e1zeln\u00f6k kiemelte: &#8222;egyetlen politika sem mondhatja meg az embereknek, hogyan \u00e9ljenek, ugyanakkor minden felel\u0151s politika k\u00f6teless\u00e9ge, hogy megteremtse a tartalmas \u00e9let lehet\u0151s\u00e9get az emberek sz\u00e1m\u00e1ra&#8221;.<br \/>\n&#13;<br \/>\n\u00dagy fogalmazott: &#8222;az oktat\u00e1si rendszeren bel\u00fcl az egyh\u00e1zi oktat\u00e1s v\u00e1laszt\u00e1sa minden \u00e1llampolg\u00e1r szabad \u00e9rt\u00e9kv\u00e1laszt\u00e1sa, amelyet a felel\u0151s politik\u00e1nak nemcsak tiszteletben kell tartania, hanem t\u00e1mogatnia is kell&#8221;.&#13;<br \/>\nAz \u00faj \u00f3voda\u00e9p\u00fclet is ennek a t\u00e1mogat\u00e1snak az eredm\u00e9nye, \u00e9s\u00a0\u00a0azt &#8222;p\u00e9ld\u00e1zza, hogy a sz\u00fcl\u0151k, az egyh\u00e1z \u00e9s az \u00e1llam \u00f6sszefog\u00e1sa k\u00f6z\u00f6ss\u00e9get teremt&#8221; &#8211; tette hozz\u00e1 K\u00f6v\u00e9r L\u00e1szl\u00f3.&#13;<br \/>\natv.hu\/MTI<\/p>\n<p>\n<!--noindex--><br \/>\n<a href=\"https:\/\/hirek.oldal.info\/rssclick\/14398637\" rel=\"nofollow\">Source link <\/a><br \/>\n<!--\/noindex--><\/p>\n","protected":false},"excerpt":{"rendered":"<p>K\u00f6v\u00e9r: Mi magyarok nem bez\u00e1rjuk a templomokat \u00e9s az iskol\u00e1kat, hanem \u00fajakat \u00e9p\u00edt\u00fcnk Magyarorsz\u00e1g 2010 \u00f3ta elv\u00e9gzett munk\u00e1j\u00e1val visszaszerezte j\u00f6v\u0151j\u00e9t, \u00e9s ennek nyilv\u00e1nval\u00f3 jele, hogy &#8222;mi magyarok nem bez\u00e1rjuk a templomokat \u00e9s az iskol\u00e1kat&#8221;, hanem \u00fajakat \u00e9p\u00edt\u00fcnk &#8211; mondta K\u00f6v\u00e9r L\u00e1szl\u00f3, az Orsz\u00e1ggy\u0171l\u00e9s eln\u00f6ke vas\u00e1rnap Budapesten, a Fasori Reform\u00e1tus Egyh\u00e1zk\u00f6zs\u00e9g h\u00e1laad\u00f3 napj\u00e1n. A fasori gy\u00fclekezet [&hellip;]<\/p>\n","protected":false},"author":2,"featured_media":2077,"comment_status":"open","ping_status":"open","sticky":false,"template":"","format":"standard","meta":{"footnotes":""},"categories":[1],"tags":[],"class_list":["post-2076","post","type-post","status-publish","format-standard","has-post-thumbnail","hentry","category-legujabb-penzugyi-hirek"],"yoast_head":"<!-- This site is optimized with the Yoast SEO plugin v27.4 - https:\/\/yoast.com\/product\/yoast-seo-wordpress\/ -->\n<title>Mi magyarok nem bez\u00e1rjuk a templomokat \u00e9s az iskol\u00e1kat, hanem \u00fajakat \u00e9p\u00edt\u00fcnk - Hot News in World<\/title>\n<meta name=\"robots\" content=\"index, follow, max-snippet:-1, max-image-preview:large, max-video-preview:-1\" \/>\n<link rel=\"canonical\" href=\"https:\/\/hotnewsinworld.com\/hu\/mi-magyarok-nem-bezarjuk-a-templomokat-es-az-iskolakat-hanem-ujakat-epitunk\/\" \/>\n<meta property=\"og:locale\" content=\"hu_HU\" \/>\n<meta property=\"og:type\" content=\"article\" \/>\n<meta property=\"og:title\" content=\"Mi magyarok nem bez\u00e1rjuk a templomokat \u00e9s az iskol\u00e1kat, hanem \u00fajakat \u00e9p\u00edt\u00fcnk - Hot News in World\" \/>\n<meta property=\"og:description\" content=\"K\u00f6v\u00e9r: Mi magyarok nem bez\u00e1rjuk a templomokat \u00e9s az iskol\u00e1kat, hanem \u00fajakat \u00e9p\u00edt\u00fcnk Magyarorsz\u00e1g 2010 \u00f3ta elv\u00e9gzett munk\u00e1j\u00e1val visszaszerezte j\u00f6v\u0151j\u00e9t, \u00e9s ennek nyilv\u00e1nval\u00f3 jele, hogy &#8222;mi magyarok nem bez\u00e1rjuk a templomokat \u00e9s az iskol\u00e1kat&#8221;, hanem \u00fajakat \u00e9p\u00edt\u00fcnk &#8211; mondta K\u00f6v\u00e9r L\u00e1szl\u00f3, az Orsz\u00e1ggy\u0171l\u00e9s eln\u00f6ke vas\u00e1rnap Budapesten, a Fasori Reform\u00e1tus Egyh\u00e1zk\u00f6zs\u00e9g h\u00e1laad\u00f3 napj\u00e1n. A fasori gy\u00fclekezet [&hellip;]\" \/>\n<meta property=\"og:url\" content=\"https:\/\/hotnewsinworld.com\/hu\/mi-magyarok-nem-bezarjuk-a-templomokat-es-az-iskolakat-hanem-ujakat-epitunk\/\" \/>\n<meta property=\"og:site_name\" content=\"Hot News in World\" \/>\n<meta property=\"article:published_time\" content=\"2019-09-15T12:53:36+00:00\" \/>\n<meta property=\"article:modified_time\" content=\"2019-09-15T12:53:37+00:00\" \/>\n<meta property=\"og:image\" content=\"https:\/\/hotnewsinworld.com\/hu\/wp-content\/uploads\/sites\/3\/2019\/09\/Mi-magyarok-nem-bez\u00e1rjuk-a-templomokat-\u00e9s-az-iskol\u00e1kat-hanem.jpg\" \/>\n\t<meta property=\"og:image:width\" content=\"600\" \/>\n\t<meta property=\"og:image:height\" content=\"315\" \/>\n\t<meta property=\"og:image:type\" content=\"image\/jpeg\" \/>\n<meta name=\"author\" content=\"hotnewsinworld\" \/>\n<meta name=\"twitter:card\" content=\"summary_large_image\" \/>\n<meta name=\"twitter:label1\" content=\"Szerz\u0151:\" \/>\n\t<meta name=\"twitter:data1\" content=\"hotnewsinworld\" \/>\n\t<meta name=\"twitter:label2\" content=\"Becs\u00fclt olvas\u00e1si id\u0151\" \/>\n\t<meta name=\"twitter:data2\" content=\"1 perc\" \/>\n<script type=\"application\/ld+json\" class=\"yoast-schema-graph\">{\"@context\":\"https:\\\/\\\/schema.org\",\"@graph\":[{\"@type\":\"Article\",\"@id\":\"https:\\\/\\\/hotnewsinworld.com\\\/hu\\\/mi-magyarok-nem-bezarjuk-a-templomokat-es-az-iskolakat-hanem-ujakat-epitunk\\\/#article\",\"isPartOf\":{\"@id\":\"https:\\\/\\\/hotnewsinworld.com\\\/hu\\\/mi-magyarok-nem-bezarjuk-a-templomokat-es-az-iskolakat-hanem-ujakat-epitunk\\\/\"},\"author\":{\"name\":\"hotnewsinworld\",\"@id\":\"https:\\\/\\\/hotnewsinworld.com\\\/hu\\\/#\\\/schema\\\/person\\\/fe61448b21c0d59086e75fcc1f9d8f6b\"},\"headline\":\"Mi magyarok nem bez\u00e1rjuk a templomokat \u00e9s az iskol\u00e1kat, hanem \u00fajakat \u00e9p\u00edt\u00fcnk\",\"datePublished\":\"2019-09-15T12:53:36+00:00\",\"dateModified\":\"2019-09-15T12:53:37+00:00\",\"mainEntityOfPage\":{\"@id\":\"https:\\\/\\\/hotnewsinworld.com\\\/hu\\\/mi-magyarok-nem-bezarjuk-a-templomokat-es-az-iskolakat-hanem-ujakat-epitunk\\\/\"},\"wordCount\":235,\"commentCount\":0,\"image\":{\"@id\":\"https:\\\/\\\/hotnewsinworld.com\\\/hu\\\/mi-magyarok-nem-bezarjuk-a-templomokat-es-az-iskolakat-hanem-ujakat-epitunk\\\/#primaryimage\"},\"thumbnailUrl\":\"https:\\\/\\\/hotnewsinworld.com\\\/hu\\\/wp-content\\\/uploads\\\/sites\\\/3\\\/2019\\\/09\\\/Mi-magyarok-nem-bez\u00e1rjuk-a-templomokat-\u00e9s-az-iskol\u00e1kat-hanem.jpg\",\"articleSection\":[\"LEG\u00daJABB P\u00c9NZ\u00dcGYI H\u00cdREK\"],\"inLanguage\":\"hu\",\"potentialAction\":[{\"@type\":\"CommentAction\",\"name\":\"Comment\",\"target\":[\"https:\\\/\\\/hotnewsinworld.com\\\/hu\\\/mi-magyarok-nem-bezarjuk-a-templomokat-es-az-iskolakat-hanem-ujakat-epitunk\\\/#respond\"]}]},{\"@type\":\"WebPage\",\"@id\":\"https:\\\/\\\/hotnewsinworld.com\\\/hu\\\/mi-magyarok-nem-bezarjuk-a-templomokat-es-az-iskolakat-hanem-ujakat-epitunk\\\/\",\"url\":\"https:\\\/\\\/hotnewsinworld.com\\\/hu\\\/mi-magyarok-nem-bezarjuk-a-templomokat-es-az-iskolakat-hanem-ujakat-epitunk\\\/\",\"name\":\"Mi magyarok nem bez\u00e1rjuk a templomokat \u00e9s az iskol\u00e1kat, hanem \u00fajakat \u00e9p\u00edt\u00fcnk - Hot News in World\",\"isPartOf\":{\"@id\":\"https:\\\/\\\/hotnewsinworld.com\\\/hu\\\/#website\"},\"primaryImageOfPage\":{\"@id\":\"https:\\\/\\\/hotnewsinworld.com\\\/hu\\\/mi-magyarok-nem-bezarjuk-a-templomokat-es-az-iskolakat-hanem-ujakat-epitunk\\\/#primaryimage\"},\"image\":{\"@id\":\"https:\\\/\\\/hotnewsinworld.com\\\/hu\\\/mi-magyarok-nem-bezarjuk-a-templomokat-es-az-iskolakat-hanem-ujakat-epitunk\\\/#primaryimage\"},\"thumbnailUrl\":\"https:\\\/\\\/hotnewsinworld.com\\\/hu\\\/wp-content\\\/uploads\\\/sites\\\/3\\\/2019\\\/09\\\/Mi-magyarok-nem-bez\u00e1rjuk-a-templomokat-\u00e9s-az-iskol\u00e1kat-hanem.jpg\",\"datePublished\":\"2019-09-15T12:53:36+00:00\",\"dateModified\":\"2019-09-15T12:53:37+00:00\",\"author\":{\"@id\":\"https:\\\/\\\/hotnewsinworld.com\\\/hu\\\/#\\\/schema\\\/person\\\/fe61448b21c0d59086e75fcc1f9d8f6b\"},\"breadcrumb\":{\"@id\":\"https:\\\/\\\/hotnewsinworld.com\\\/hu\\\/mi-magyarok-nem-bezarjuk-a-templomokat-es-az-iskolakat-hanem-ujakat-epitunk\\\/#breadcrumb\"},\"inLanguage\":\"hu\",\"potentialAction\":[{\"@type\":\"ReadAction\",\"target\":[\"https:\\\/\\\/hotnewsinworld.com\\\/hu\\\/mi-magyarok-nem-bezarjuk-a-templomokat-es-az-iskolakat-hanem-ujakat-epitunk\\\/\"]}]},{\"@type\":\"ImageObject\",\"inLanguage\":\"hu\",\"@id\":\"https:\\\/\\\/hotnewsinworld.com\\\/hu\\\/mi-magyarok-nem-bezarjuk-a-templomokat-es-az-iskolakat-hanem-ujakat-epitunk\\\/#primaryimage\",\"url\":\"https:\\\/\\\/hotnewsinworld.com\\\/hu\\\/wp-content\\\/uploads\\\/sites\\\/3\\\/2019\\\/09\\\/Mi-magyarok-nem-bez\u00e1rjuk-a-templomokat-\u00e9s-az-iskol\u00e1kat-hanem.jpg\",\"contentUrl\":\"https:\\\/\\\/hotnewsinworld.com\\\/hu\\\/wp-content\\\/uploads\\\/sites\\\/3\\\/2019\\\/09\\\/Mi-magyarok-nem-bez\u00e1rjuk-a-templomokat-\u00e9s-az-iskol\u00e1kat-hanem.jpg\",\"width\":600,\"height\":315,\"caption\":\"Mi magyarok nem bez\u00e1rjuk a templomokat \u00e9s az iskol\u00e1kat, hanem \u00fajakat \u00e9p\u00edt\u00fcnk\"},{\"@type\":\"BreadcrumbList\",\"@id\":\"https:\\\/\\\/hotnewsinworld.com\\\/hu\\\/mi-magyarok-nem-bezarjuk-a-templomokat-es-az-iskolakat-hanem-ujakat-epitunk\\\/#breadcrumb\",\"itemListElement\":[{\"@type\":\"ListItem\",\"position\":1,\"name\":\"\u0413\u043b\u0430\u0432\u043d\u0430\u044f \u0441\u0442\u0440\u0430\u043d\u0438\u0446\u0430\",\"item\":\"https:\\\/\\\/hotnewsinworld.com\\\/hu\\\/\"},{\"@type\":\"ListItem\",\"position\":2,\"name\":\"Mi magyarok nem bez\u00e1rjuk a templomokat \u00e9s az iskol\u00e1kat, hanem \u00fajakat \u00e9p\u00edt\u00fcnk\"}]},{\"@type\":\"WebSite\",\"@id\":\"https:\\\/\\\/hotnewsinworld.com\\\/hu\\\/#website\",\"url\":\"https:\\\/\\\/hotnewsinworld.com\\\/hu\\\/\",\"name\":\"Hot News in World\",\"description\":\"Hot News in World from Hungary\",\"potentialAction\":[{\"@type\":\"SearchAction\",\"target\":{\"@type\":\"EntryPoint\",\"urlTemplate\":\"https:\\\/\\\/hotnewsinworld.com\\\/hu\\\/?s={search_term_string}\"},\"query-input\":{\"@type\":\"PropertyValueSpecification\",\"valueRequired\":true,\"valueName\":\"search_term_string\"}}],\"inLanguage\":\"hu\"},{\"@type\":\"Person\",\"@id\":\"https:\\\/\\\/hotnewsinworld.com\\\/hu\\\/#\\\/schema\\\/person\\\/fe61448b21c0d59086e75fcc1f9d8f6b\",\"name\":\"hotnewsinworld\",\"image\":{\"@type\":\"ImageObject\",\"inLanguage\":\"hu\",\"@id\":\"https:\\\/\\\/secure.gravatar.com\\\/avatar\\\/8a09ac165600ce2e1c38fe593c63928eb1e6e7ba5c5a907d67787c41b3d00c14?s=96&d=mm&r=g\",\"url\":\"https:\\\/\\\/secure.gravatar.com\\\/avatar\\\/8a09ac165600ce2e1c38fe593c63928eb1e6e7ba5c5a907d67787c41b3d00c14?s=96&d=mm&r=g\",\"contentUrl\":\"https:\\\/\\\/secure.gravatar.com\\\/avatar\\\/8a09ac165600ce2e1c38fe593c63928eb1e6e7ba5c5a907d67787c41b3d00c14?s=96&d=mm&r=g\",\"caption\":\"hotnewsinworld\"},\"url\":\"https:\\\/\\\/hotnewsinworld.com\\\/hu\\\/author\\\/pt\\\/\"}]}<\/script>\n<!-- \/ Yoast SEO plugin. -->","yoast_head_json":{"title":"Mi magyarok nem bez\u00e1rjuk a templomokat \u00e9s az iskol\u00e1kat, hanem \u00fajakat \u00e9p\u00edt\u00fcnk - Hot News in World","robots":{"index":"index","follow":"follow","max-snippet":"max-snippet:-1","max-image-preview":"max-image-preview:large","max-video-preview":"max-video-preview:-1"},"canonical":"https:\/\/hotnewsinworld.com\/hu\/mi-magyarok-nem-bezarjuk-a-templomokat-es-az-iskolakat-hanem-ujakat-epitunk\/","og_locale":"hu_HU","og_type":"article","og_title":"Mi magyarok nem bez\u00e1rjuk a templomokat \u00e9s az iskol\u00e1kat, hanem \u00fajakat \u00e9p\u00edt\u00fcnk - Hot News in World","og_description":"K\u00f6v\u00e9r: Mi magyarok nem bez\u00e1rjuk a templomokat \u00e9s az iskol\u00e1kat, hanem \u00fajakat \u00e9p\u00edt\u00fcnk Magyarorsz\u00e1g 2010 \u00f3ta elv\u00e9gzett munk\u00e1j\u00e1val visszaszerezte j\u00f6v\u0151j\u00e9t, \u00e9s ennek nyilv\u00e1nval\u00f3 jele, hogy &#8222;mi magyarok nem bez\u00e1rjuk a templomokat \u00e9s az iskol\u00e1kat&#8221;, hanem \u00fajakat \u00e9p\u00edt\u00fcnk &#8211; mondta K\u00f6v\u00e9r L\u00e1szl\u00f3, az Orsz\u00e1ggy\u0171l\u00e9s eln\u00f6ke vas\u00e1rnap Budapesten, a Fasori Reform\u00e1tus Egyh\u00e1zk\u00f6zs\u00e9g h\u00e1laad\u00f3 napj\u00e1n. A fasori gy\u00fclekezet [&hellip;]","og_url":"https:\/\/hotnewsinworld.com\/hu\/mi-magyarok-nem-bezarjuk-a-templomokat-es-az-iskolakat-hanem-ujakat-epitunk\/","og_site_name":"Hot News in World","article_published_time":"2019-09-15T12:53:36+00:00","article_modified_time":"2019-09-15T12:53:37+00:00","og_image":[{"width":600,"height":315,"url":"https:\/\/hotnewsinworld.com\/hu\/wp-content\/uploads\/sites\/3\/2019\/09\/Mi-magyarok-nem-bez\u00e1rjuk-a-templomokat-\u00e9s-az-iskol\u00e1kat-hanem.jpg","type":"image\/jpeg"}],"author":"hotnewsinworld","twitter_card":"summary_large_image","twitter_misc":{"Szerz\u0151:":"hotnewsinworld","Becs\u00fclt olvas\u00e1si id\u0151":"1 perc"},"schema":{"@context":"https:\/\/schema.org","@graph":[{"@type":"Article","@id":"https:\/\/hotnewsinworld.com\/hu\/mi-magyarok-nem-bezarjuk-a-templomokat-es-az-iskolakat-hanem-ujakat-epitunk\/#article","isPartOf":{"@id":"https:\/\/hotnewsinworld.com\/hu\/mi-magyarok-nem-bezarjuk-a-templomokat-es-az-iskolakat-hanem-ujakat-epitunk\/"},"author":{"name":"hotnewsinworld","@id":"https:\/\/hotnewsinworld.com\/hu\/#\/schema\/person\/fe61448b21c0d59086e75fcc1f9d8f6b"},"headline":"Mi magyarok nem bez\u00e1rjuk a templomokat \u00e9s az iskol\u00e1kat, hanem \u00fajakat \u00e9p\u00edt\u00fcnk","datePublished":"2019-09-15T12:53:36+00:00","dateModified":"2019-09-15T12:53:37+00:00","mainEntityOfPage":{"@id":"https:\/\/hotnewsinworld.com\/hu\/mi-magyarok-nem-bezarjuk-a-templomokat-es-az-iskolakat-hanem-ujakat-epitunk\/"},"wordCount":235,"commentCount":0,"image":{"@id":"https:\/\/hotnewsinworld.com\/hu\/mi-magyarok-nem-bezarjuk-a-templomokat-es-az-iskolakat-hanem-ujakat-epitunk\/#primaryimage"},"thumbnailUrl":"https:\/\/hotnewsinworld.com\/hu\/wp-content\/uploads\/sites\/3\/2019\/09\/Mi-magyarok-nem-bez\u00e1rjuk-a-templomokat-\u00e9s-az-iskol\u00e1kat-hanem.jpg","articleSection":["LEG\u00daJABB P\u00c9NZ\u00dcGYI H\u00cdREK"],"inLanguage":"hu","potentialAction":[{"@type":"CommentAction","name":"Comment","target":["https:\/\/hotnewsinworld.com\/hu\/mi-magyarok-nem-bezarjuk-a-templomokat-es-az-iskolakat-hanem-ujakat-epitunk\/#respond"]}]},{"@type":"WebPage","@id":"https:\/\/hotnewsinworld.com\/hu\/mi-magyarok-nem-bezarjuk-a-templomokat-es-az-iskolakat-hanem-ujakat-epitunk\/","url":"https:\/\/hotnewsinworld.com\/hu\/mi-magyarok-nem-bezarjuk-a-templomokat-es-az-iskolakat-hanem-ujakat-epitunk\/","name":"Mi magyarok nem bez\u00e1rjuk a templomokat \u00e9s az iskol\u00e1kat, hanem \u00fajakat \u00e9p\u00edt\u00fcnk - Hot News in World","isPartOf":{"@id":"https:\/\/hotnewsinworld.com\/hu\/#website"},"primaryImageOfPage":{"@id":"https:\/\/hotnewsinworld.com\/hu\/mi-magyarok-nem-bezarjuk-a-templomokat-es-az-iskolakat-hanem-ujakat-epitunk\/#primaryimage"},"image":{"@id":"https:\/\/hotnewsinworld.com\/hu\/mi-magyarok-nem-bezarjuk-a-templomokat-es-az-iskolakat-hanem-ujakat-epitunk\/#primaryimage"},"thumbnailUrl":"https:\/\/hotnewsinworld.com\/hu\/wp-content\/uploads\/sites\/3\/2019\/09\/Mi-magyarok-nem-bez\u00e1rjuk-a-templomokat-\u00e9s-az-iskol\u00e1kat-hanem.jpg","datePublished":"2019-09-15T12:53:36+00:00","dateModified":"2019-09-15T12:53:37+00:00","author":{"@id":"https:\/\/hotnewsinworld.com\/hu\/#\/schema\/person\/fe61448b21c0d59086e75fcc1f9d8f6b"},"breadcrumb":{"@id":"https:\/\/hotnewsinworld.com\/hu\/mi-magyarok-nem-bezarjuk-a-templomokat-es-az-iskolakat-hanem-ujakat-epitunk\/#breadcrumb"},"inLanguage":"hu","potentialAction":[{"@type":"ReadAction","target":["https:\/\/hotnewsinworld.com\/hu\/mi-magyarok-nem-bezarjuk-a-templomokat-es-az-iskolakat-hanem-ujakat-epitunk\/"]}]},{"@type":"ImageObject","inLanguage":"hu","@id":"https:\/\/hotnewsinworld.com\/hu\/mi-magyarok-nem-bezarjuk-a-templomokat-es-az-iskolakat-hanem-ujakat-epitunk\/#primaryimage","url":"https:\/\/hotnewsinworld.com\/hu\/wp-content\/uploads\/sites\/3\/2019\/09\/Mi-magyarok-nem-bez\u00e1rjuk-a-templomokat-\u00e9s-az-iskol\u00e1kat-hanem.jpg","contentUrl":"https:\/\/hotnewsinworld.com\/hu\/wp-content\/uploads\/sites\/3\/2019\/09\/Mi-magyarok-nem-bez\u00e1rjuk-a-templomokat-\u00e9s-az-iskol\u00e1kat-hanem.jpg","width":600,"height":315,"caption":"Mi magyarok nem bez\u00e1rjuk a templomokat \u00e9s az iskol\u00e1kat, hanem \u00fajakat \u00e9p\u00edt\u00fcnk"},{"@type":"BreadcrumbList","@id":"https:\/\/hotnewsinworld.com\/hu\/mi-magyarok-nem-bezarjuk-a-templomokat-es-az-iskolakat-hanem-ujakat-epitunk\/#breadcrumb","itemListElement":[{"@type":"ListItem","position":1,"name":"\u0413\u043b\u0430\u0432\u043d\u0430\u044f \u0441\u0442\u0440\u0430\u043d\u0438\u0446\u0430","item":"https:\/\/hotnewsinworld.com\/hu\/"},{"@type":"ListItem","position":2,"name":"Mi magyarok nem bez\u00e1rjuk a templomokat \u00e9s az iskol\u00e1kat, hanem \u00fajakat \u00e9p\u00edt\u00fcnk"}]},{"@type":"WebSite","@id":"https:\/\/hotnewsinworld.com\/hu\/#website","url":"https:\/\/hotnewsinworld.com\/hu\/","name":"Hot News in World","description":"Hot News in World from Hungary","potentialAction":[{"@type":"SearchAction","target":{"@type":"EntryPoint","urlTemplate":"https:\/\/hotnewsinworld.com\/hu\/?s={search_term_string}"},"query-input":{"@type":"PropertyValueSpecification","valueRequired":true,"valueName":"search_term_string"}}],"inLanguage":"hu"},{"@type":"Person","@id":"https:\/\/hotnewsinworld.com\/hu\/#\/schema\/person\/fe61448b21c0d59086e75fcc1f9d8f6b","name":"hotnewsinworld","image":{"@type":"ImageObject","inLanguage":"hu","@id":"https:\/\/secure.gravatar.com\/avatar\/8a09ac165600ce2e1c38fe593c63928eb1e6e7ba5c5a907d67787c41b3d00c14?s=96&d=mm&r=g","url":"https:\/\/secure.gravatar.com\/avatar\/8a09ac165600ce2e1c38fe593c63928eb1e6e7ba5c5a907d67787c41b3d00c14?s=96&d=mm&r=g","contentUrl":"https:\/\/secure.gravatar.com\/avatar\/8a09ac165600ce2e1c38fe593c63928eb1e6e7ba5c5a907d67787c41b3d00c14?s=96&d=mm&r=g","caption":"hotnewsinworld"},"url":"https:\/\/hotnewsinworld.com\/hu\/author\/pt\/"}]}},"_links":{"self":[{"href":"https:\/\/hotnewsinworld.com\/hu\/wp-json\/wp\/v2\/posts\/2076","targetHints":{"allow":["GET"]}}],"collection":[{"href":"https:\/\/hotnewsinworld.com\/hu\/wp-json\/wp\/v2\/posts"}],"about":[{"href":"https:\/\/hotnewsinworld.com\/hu\/wp-json\/wp\/v2\/types\/post"}],"author":[{"embeddable":true,"href":"https:\/\/hotnewsinworld.com\/hu\/wp-json\/wp\/v2\/users\/2"}],"replies":[{"embeddable":true,"href":"https:\/\/hotnewsinworld.com\/hu\/wp-json\/wp\/v2\/comments?post=2076"}],"version-history":[{"count":1,"href":"https:\/\/hotnewsinworld.com\/hu\/wp-json\/wp\/v2\/posts\/2076\/revisions"}],"predecessor-version":[{"id":2078,"href":"https:\/\/hotnewsinworld.com\/hu\/wp-json\/wp\/v2\/posts\/2076\/revisions\/2078"}],"wp:featuredmedia":[{"embeddable":true,"href":"https:\/\/hotnewsinworld.com\/hu\/wp-json\/wp\/v2\/media\/2077"}],"wp:attachment":[{"href":"https:\/\/hotnewsinworld.com\/hu\/wp-json\/wp\/v2\/media?parent=2076"}],"wp:term":[{"taxonomy":"category","embeddable":true,"href":"https:\/\/hotnewsinworld.com\/hu\/wp-json\/wp\/v2\/categories?post=2076"},{"taxonomy":"post_tag","embeddable":true,"href":"https:\/\/hotnewsinworld.com\/hu\/wp-json\/wp\/v2\/tags?post=2076"}],"curies":[{"name":"wp","href":"https:\/\/api.w.org\/{rel}","templated":true}]}}