{"id":2079,"date":"2019-09-15T17:29:34","date_gmt":"2019-09-15T14:29:34","guid":{"rendered":"https:\/\/hotnewsinworld.com\/hu\/gyarmati-andrea-minden-betegemnek-jar-tolem-felevente-ket-szabadnap\/"},"modified":"2019-09-15T17:29:35","modified_gmt":"2019-09-15T14:29:35","slug":"gyarmati-andrea-minden-betegemnek-jar-tolem-felevente-ket-szabadnap","status":"publish","type":"post","link":"https:\/\/hotnewsinworld.com\/hu\/gyarmati-andrea-minden-betegemnek-jar-tolem-felevente-ket-szabadnap\/","title":{"rendered":"Gyarmati Andrea: Minden betegemnek j\u00e1r t\u0151lem f\u00e9l\u00e9vente k\u00e9t szabadnap"},"content":{"rendered":"<p>\t\t\t\t\t\tA felt\u00e9tel: tilos kamuzni.\t\t\t\t\t<\/p>\n<p>Szeretem hinni, hogy amikor valami nagyon foglalkoztat, az univerzum k\u00fcld egy meger\u0151s\u00edt\u0151 vagy elt\u00e1ntor\u00edt\u00f3 \u00fczenetet. Persze nem k\u00e9pzelem, hogy \u00e9n voln\u00e9k a vil\u00e1g k\u00f6zepe, \u00e9s minden az \u00e9n boldogul\u00e1somat szolg\u00e1lja, de h\u00e1t n\u00e9mi figyelem, seg\u00edts\u00e9g nekem is j\u00e1r.<\/p>\n<p>\u00dcl\u00f6k a rendel\u0151ben, \u00e9s ha nem \u00e1llna napt\u00e1r az asztalomon, akkor is tudn\u00e1m: v\u00e9ge a ny\u00e1rnak, elkezd\u0151d\u00f6tt a tan\u00edt\u00e1s.<\/p>\n<p>A rendel\u0151ben a sok h\u00e9t \u00f3ta tart\u00f3 nyugalom ut\u00e1n telt h\u00e1z van: z\u00f6mmel igazi betegek \u00e9rkeznek, \u00e9s persze el\u0151ker\u00fclnek az eg\u00e9sz ny\u00e1ron nem l\u00e1tott \u201el\u00f3g\u00f3saim\u201d is.<\/p>\n<p>Van egy r\u00e9gi d\u00f6nt\u00e9sem, m\u00e9g M\u00f3ci fiam idej\u00e9ben tal\u00e1ltam ki h\u00e1zi haszn\u00e1latra, azt\u00e1n, amikor kiker\u00fcltem k\u00f6rzetbe, \u00e9s egyre t\u00f6bbsz\u00f6r hallottam f\u00fcllent\u00e9sk\u00e9nt is, hogy \u201edoktor n\u00e9ni, itt f\u00e1j, ott f\u00e1j, amott f\u00e1j\u201d, hogy a priv\u00e1t verdiktemet a betegeimre is kiterjesztem. Tudom, nem szab\u00e1lyos, viszont hat\u00e9kony.<\/p>\n<p>A t\u00e9telem \u00edgy sz\u00f3l: minden kis p\u00e1ciensem rendelkezik n\u00e1lam f\u00e9l\u00e9venk\u00e9nt k\u00e9t szabadnappal, amit, ha am\u00fagy mindig igazat mond, nem akar \u00e1tverni, nem adja el\u0151 a hatty\u00fa hal\u00e1l\u00e1t egy-egy igazol\u00e1s\u00e9rt, \u201ekiveheti\u201d, amikor kedve tartja. S hogy f\u00e9lre\u00e9rt\u00e9s ne ess\u00e9k, minderr\u0151l feljegyz\u00e9st vezetek egy f\u00fczetben.<\/p>\n<p>1989 \u00f3ta vagyok k\u00f6rzeti gyerekorvos, a rendszer m\u0171k\u00f6dik, a l\u00f3g\u00e1st megf\u00e9keztem, kord\u00e1ban tartom.<\/p>\n<p>Persze akadnak csib\u00e9szek, s mint \u00e1ltal\u00e1ban az ilyenek, z\u00f6mmel hihetetlen\u00fcl j\u00f3 fejek. Most is bej\u00f6n egy, nem l\u00e1ttam j\u00fanius eleje \u00f3ta.<\/p>\n<p>\u2013 Doktor n\u00e9ni, kivehetem a k\u00e9t napomat most azonnal?<\/p>\n<p>\u2013 Ak\u00e1r \u2013 \u00edgy \u00e9n. \u2013 De szerintem nem j\u00e1rsz j\u00f3l, messze m\u00e9g a k\u00f6vetkez\u0151 f\u00e9l\u00e9v.<\/p>\n<p>\u2013 Olyan sz\u00e9p az id\u0151, szeretn\u00e9m kicsit megny\u00fajtani a nyarat.<\/p>\n<p>\u2013 Ez egyszer igaz. Meddig szeretn\u00e9l otthon lenni, dr\u00e1g\u00e1m? \u2013 k\u00e9rdezek vissza l\u00e1tsz\u00f3lag meghajolva a der\u0171s \u00e9rv el\u0151tt.<\/p>\n<p>A v\u00e1lasz azonnal \u00e9rkezik, szemrebben\u00e9s n\u00e9lk\u00fcl:<\/p>\n<p>\u2013 Kett\u0151\u2026 kett\u0151 h\u00f3napig.<\/p>\n<p>Tartom magam, nem nevetek ezen a gig\u00e1szi simlin \u00e9s a simlisen, olyan kedvesen pr\u00f3b\u00e1l elvar\u00e1zsolni.<\/p>\n<p>Az elvar\u00e1zsol\u00e1s term\u00e9szetesen nem siker\u00fcl, de im\u00e1dom, hogy mindez velem t\u00f6rt\u00e9nik, s meger\u0151s\u00edt abban, hogy a helyemen vagyok, azt teszem, ami a dolgom.<\/p>\n<p>Elf\u00e1radok a rendel\u00e9s v\u00e9g\u00e9re, gurulok hazafel\u00e9, az aut\u00f3ban sz\u00f3l a r\u00e1di\u00f3, klasszikus zene n\u00e9mi ismeretterjeszt\u00e9ssel, kedvemre val\u00f3. Gyerekkoromban az iskola, a nyelvtanul\u00e1s \u00e9s az \u00fasz\u00e1s mellett nem jutott id\u0151 hangszeren j\u00e1tszani, a hi\u00e1nyt az\u00f3ta is zenehallgat\u00e1ssal igyekszem p\u00f3tolni. R\u00e1ad\u00e1sul aut\u00f3r\u00e1di\u00f3m ki\u00edrja, kit\u0151l \u00e9s mely m\u0171 hallhat\u00f3 \u00e9ppen \u2013 ez manaps\u00e1g a zenei k\u00e9pz\u00e9sem.<\/p>\n<p>Na, sz\u00f3val ma Beethovenr\u0151l mes\u00e9lnek, akinek a fiatalon, mind\u00f6ssze huszonnyolc \u00e9ves kor\u00e1ban kezd\u0151d\u0151 f\u00fclbaja sikets\u00e9gbe torkollott, de \u0151 bels\u0151 hall\u00e1s ut\u00e1n ezt\u00e1n is k\u00e9pes volt dolgozni. \u00d6tvenhat \u00e9vesen halt meg. Egyik unokatestv\u00e9r\u00e9vel folytatott levelez\u00e9s\u00e9ben \u00edr a betegs\u00e9geir\u0151l, m\u00e9g az em\u00e9szt\u00e9si panaszair\u00f3l is, melynek v\u00e9lhet\u0151 oka j\u00f3val k\u00e9s\u0151bb, egy hajsz\u00e1lanal\u00edzis kapcs\u00e1n der\u00fclt ki: \u00f3lomm\u00e9rgez\u00e9s.<\/p>\n<p>K\u00ednl\u00f3d\u00e1s\u00e1r\u00f3l \u00edgy fogalmaz:<\/p>\n<p>Szenvedek, legsz\u00edvesebben meg\u00f6ln\u00e9m magam, de tudom, \u00e9rzem, nagyon sok van, amit adni tudok \u00e9s adnom kell a vil\u00e1gnak. Olyan zen\u00e9k sz\u00f3lnak bennem, amiket le kell kott\u00e1znom, hogy az embereket boldogg\u00e1 tehesse, mindaz, amit hallanak. Ez \u00e9ltet a pokoli f\u00e1jdalmaim ellen\u00e9re.<\/p>\n<p>Mi a tanuls\u00e1g?<\/p>\n<p>Ha van dolgod a vil\u00e1gban, az fel\u00fcl\u00edrja a neh\u00e9zs\u00e9geket. \u00c9s am\u00edg dolgod van, \u00e9s sz\u00fcks\u00e9g van r\u00e1d, mindegy, h\u00e1ny \u00e9ves vagy, mert a feladat konzerv\u00e1l.<\/p>\n<p>\n<!--noindex--><br \/>\n<a href=\"https:\/\/hirek.oldal.info\/rssclick\/14398800\" rel=\"nofollow\">Source link <\/a><br \/>\n<!--\/noindex--><\/p>\n","protected":false},"excerpt":{"rendered":"<p>A felt\u00e9tel: tilos kamuzni. Szeretem hinni, hogy amikor valami nagyon foglalkoztat, az univerzum k\u00fcld egy meger\u0151s\u00edt\u0151 vagy elt\u00e1ntor\u00edt\u00f3 \u00fczenetet. Persze nem k\u00e9pzelem, hogy \u00e9n voln\u00e9k a vil\u00e1g k\u00f6zepe, \u00e9s minden az \u00e9n boldogul\u00e1somat szolg\u00e1lja, de h\u00e1t n\u00e9mi figyelem, seg\u00edts\u00e9g nekem is j\u00e1r. \u00dcl\u00f6k a rendel\u0151ben, \u00e9s ha nem \u00e1llna napt\u00e1r az asztalomon, akkor is tudn\u00e1m: [&hellip;]<\/p>\n","protected":false},"author":2,"featured_media":2080,"comment_status":"open","ping_status":"open","sticky":false,"template":"","format":"standard","meta":{"footnotes":""},"categories":[1],"tags":[],"class_list":["post-2079","post","type-post","status-publish","format-standard","has-post-thumbnail","hentry","category-legujabb-penzugyi-hirek"],"yoast_head":"<!-- This site is optimized with the Yoast SEO plugin v27.4 - https:\/\/yoast.com\/product\/yoast-seo-wordpress\/ -->\n<title>Gyarmati Andrea: Minden betegemnek j\u00e1r t\u0151lem f\u00e9l\u00e9vente k\u00e9t szabadnap - Hot News in World<\/title>\n<meta name=\"robots\" content=\"index, follow, max-snippet:-1, max-image-preview:large, max-video-preview:-1\" \/>\n<link rel=\"canonical\" href=\"https:\/\/hotnewsinworld.com\/hu\/gyarmati-andrea-minden-betegemnek-jar-tolem-felevente-ket-szabadnap\/\" \/>\n<meta property=\"og:locale\" content=\"hu_HU\" \/>\n<meta property=\"og:type\" content=\"article\" \/>\n<meta property=\"og:title\" content=\"Gyarmati Andrea: Minden betegemnek j\u00e1r t\u0151lem f\u00e9l\u00e9vente k\u00e9t szabadnap - Hot News in World\" \/>\n<meta property=\"og:description\" content=\"A felt\u00e9tel: tilos kamuzni. Szeretem hinni, hogy amikor valami nagyon foglalkoztat, az univerzum k\u00fcld egy meger\u0151s\u00edt\u0151 vagy elt\u00e1ntor\u00edt\u00f3 \u00fczenetet. Persze nem k\u00e9pzelem, hogy \u00e9n voln\u00e9k a vil\u00e1g k\u00f6zepe, \u00e9s minden az \u00e9n boldogul\u00e1somat szolg\u00e1lja, de h\u00e1t n\u00e9mi figyelem, seg\u00edts\u00e9g nekem is j\u00e1r. \u00dcl\u00f6k a rendel\u0151ben, \u00e9s ha nem \u00e1llna napt\u00e1r az asztalomon, akkor is tudn\u00e1m: [&hellip;]\" \/>\n<meta property=\"og:url\" content=\"https:\/\/hotnewsinworld.com\/hu\/gyarmati-andrea-minden-betegemnek-jar-tolem-felevente-ket-szabadnap\/\" \/>\n<meta property=\"og:site_name\" content=\"Hot News in World\" \/>\n<meta property=\"article:published_time\" content=\"2019-09-15T14:29:34+00:00\" \/>\n<meta property=\"article:modified_time\" content=\"2019-09-15T14:29:35+00:00\" \/>\n<meta property=\"og:image\" content=\"https:\/\/hotnewsinworld.com\/hu\/wp-content\/uploads\/sites\/3\/2019\/09\/Gyarmati-Andrea-Minden-betegemnek-j\u00e1r-t\u0151lem-f\u00e9l\u00e9vente-k\u00e9t-szabadnap.jpg\" \/>\n\t<meta property=\"og:image:width\" content=\"1024\" \/>\n\t<meta property=\"og:image:height\" content=\"576\" \/>\n\t<meta property=\"og:image:type\" content=\"image\/jpeg\" \/>\n<meta name=\"author\" content=\"hotnewsinworld\" \/>\n<meta name=\"twitter:card\" content=\"summary_large_image\" \/>\n<meta name=\"twitter:label1\" content=\"Szerz\u0151:\" \/>\n\t<meta name=\"twitter:data1\" content=\"hotnewsinworld\" \/>\n\t<meta name=\"twitter:label2\" content=\"Becs\u00fclt olvas\u00e1si id\u0151\" \/>\n\t<meta name=\"twitter:data2\" content=\"3 perc\" \/>\n<script type=\"application\/ld+json\" class=\"yoast-schema-graph\">{\"@context\":\"https:\\\/\\\/schema.org\",\"@graph\":[{\"@type\":\"Article\",\"@id\":\"https:\\\/\\\/hotnewsinworld.com\\\/hu\\\/gyarmati-andrea-minden-betegemnek-jar-tolem-felevente-ket-szabadnap\\\/#article\",\"isPartOf\":{\"@id\":\"https:\\\/\\\/hotnewsinworld.com\\\/hu\\\/gyarmati-andrea-minden-betegemnek-jar-tolem-felevente-ket-szabadnap\\\/\"},\"author\":{\"name\":\"hotnewsinworld\",\"@id\":\"https:\\\/\\\/hotnewsinworld.com\\\/hu\\\/#\\\/schema\\\/person\\\/fe61448b21c0d59086e75fcc1f9d8f6b\"},\"headline\":\"Gyarmati Andrea: Minden betegemnek j\u00e1r t\u0151lem f\u00e9l\u00e9vente k\u00e9t szabadnap\",\"datePublished\":\"2019-09-15T14:29:34+00:00\",\"dateModified\":\"2019-09-15T14:29:35+00:00\",\"mainEntityOfPage\":{\"@id\":\"https:\\\/\\\/hotnewsinworld.com\\\/hu\\\/gyarmati-andrea-minden-betegemnek-jar-tolem-felevente-ket-szabadnap\\\/\"},\"wordCount\":710,\"commentCount\":0,\"image\":{\"@id\":\"https:\\\/\\\/hotnewsinworld.com\\\/hu\\\/gyarmati-andrea-minden-betegemnek-jar-tolem-felevente-ket-szabadnap\\\/#primaryimage\"},\"thumbnailUrl\":\"https:\\\/\\\/hotnewsinworld.com\\\/hu\\\/wp-content\\\/uploads\\\/sites\\\/3\\\/2019\\\/09\\\/Gyarmati-Andrea-Minden-betegemnek-j\u00e1r-t\u0151lem-f\u00e9l\u00e9vente-k\u00e9t-szabadnap.jpg\",\"articleSection\":[\"LEG\u00daJABB P\u00c9NZ\u00dcGYI H\u00cdREK\"],\"inLanguage\":\"hu\",\"potentialAction\":[{\"@type\":\"CommentAction\",\"name\":\"Comment\",\"target\":[\"https:\\\/\\\/hotnewsinworld.com\\\/hu\\\/gyarmati-andrea-minden-betegemnek-jar-tolem-felevente-ket-szabadnap\\\/#respond\"]}]},{\"@type\":\"WebPage\",\"@id\":\"https:\\\/\\\/hotnewsinworld.com\\\/hu\\\/gyarmati-andrea-minden-betegemnek-jar-tolem-felevente-ket-szabadnap\\\/\",\"url\":\"https:\\\/\\\/hotnewsinworld.com\\\/hu\\\/gyarmati-andrea-minden-betegemnek-jar-tolem-felevente-ket-szabadnap\\\/\",\"name\":\"Gyarmati Andrea: Minden betegemnek j\u00e1r t\u0151lem f\u00e9l\u00e9vente k\u00e9t szabadnap - Hot News in World\",\"isPartOf\":{\"@id\":\"https:\\\/\\\/hotnewsinworld.com\\\/hu\\\/#website\"},\"primaryImageOfPage\":{\"@id\":\"https:\\\/\\\/hotnewsinworld.com\\\/hu\\\/gyarmati-andrea-minden-betegemnek-jar-tolem-felevente-ket-szabadnap\\\/#primaryimage\"},\"image\":{\"@id\":\"https:\\\/\\\/hotnewsinworld.com\\\/hu\\\/gyarmati-andrea-minden-betegemnek-jar-tolem-felevente-ket-szabadnap\\\/#primaryimage\"},\"thumbnailUrl\":\"https:\\\/\\\/hotnewsinworld.com\\\/hu\\\/wp-content\\\/uploads\\\/sites\\\/3\\\/2019\\\/09\\\/Gyarmati-Andrea-Minden-betegemnek-j\u00e1r-t\u0151lem-f\u00e9l\u00e9vente-k\u00e9t-szabadnap.jpg\",\"datePublished\":\"2019-09-15T14:29:34+00:00\",\"dateModified\":\"2019-09-15T14:29:35+00:00\",\"author\":{\"@id\":\"https:\\\/\\\/hotnewsinworld.com\\\/hu\\\/#\\\/schema\\\/person\\\/fe61448b21c0d59086e75fcc1f9d8f6b\"},\"breadcrumb\":{\"@id\":\"https:\\\/\\\/hotnewsinworld.com\\\/hu\\\/gyarmati-andrea-minden-betegemnek-jar-tolem-felevente-ket-szabadnap\\\/#breadcrumb\"},\"inLanguage\":\"hu\",\"potentialAction\":[{\"@type\":\"ReadAction\",\"target\":[\"https:\\\/\\\/hotnewsinworld.com\\\/hu\\\/gyarmati-andrea-minden-betegemnek-jar-tolem-felevente-ket-szabadnap\\\/\"]}]},{\"@type\":\"ImageObject\",\"inLanguage\":\"hu\",\"@id\":\"https:\\\/\\\/hotnewsinworld.com\\\/hu\\\/gyarmati-andrea-minden-betegemnek-jar-tolem-felevente-ket-szabadnap\\\/#primaryimage\",\"url\":\"https:\\\/\\\/hotnewsinworld.com\\\/hu\\\/wp-content\\\/uploads\\\/sites\\\/3\\\/2019\\\/09\\\/Gyarmati-Andrea-Minden-betegemnek-j\u00e1r-t\u0151lem-f\u00e9l\u00e9vente-k\u00e9t-szabadnap.jpg\",\"contentUrl\":\"https:\\\/\\\/hotnewsinworld.com\\\/hu\\\/wp-content\\\/uploads\\\/sites\\\/3\\\/2019\\\/09\\\/Gyarmati-Andrea-Minden-betegemnek-j\u00e1r-t\u0151lem-f\u00e9l\u00e9vente-k\u00e9t-szabadnap.jpg\",\"width\":1024,\"height\":576,\"caption\":\"Gyarmati Andrea: Minden betegemnek j\u00e1r t\u0151lem f\u00e9l\u00e9vente k\u00e9t szabadnap\"},{\"@type\":\"BreadcrumbList\",\"@id\":\"https:\\\/\\\/hotnewsinworld.com\\\/hu\\\/gyarmati-andrea-minden-betegemnek-jar-tolem-felevente-ket-szabadnap\\\/#breadcrumb\",\"itemListElement\":[{\"@type\":\"ListItem\",\"position\":1,\"name\":\"\u0413\u043b\u0430\u0432\u043d\u0430\u044f \u0441\u0442\u0440\u0430\u043d\u0438\u0446\u0430\",\"item\":\"https:\\\/\\\/hotnewsinworld.com\\\/hu\\\/\"},{\"@type\":\"ListItem\",\"position\":2,\"name\":\"Gyarmati Andrea: Minden betegemnek j\u00e1r t\u0151lem f\u00e9l\u00e9vente k\u00e9t szabadnap\"}]},{\"@type\":\"WebSite\",\"@id\":\"https:\\\/\\\/hotnewsinworld.com\\\/hu\\\/#website\",\"url\":\"https:\\\/\\\/hotnewsinworld.com\\\/hu\\\/\",\"name\":\"Hot News in World\",\"description\":\"Hot News in World from Hungary\",\"potentialAction\":[{\"@type\":\"SearchAction\",\"target\":{\"@type\":\"EntryPoint\",\"urlTemplate\":\"https:\\\/\\\/hotnewsinworld.com\\\/hu\\\/?s={search_term_string}\"},\"query-input\":{\"@type\":\"PropertyValueSpecification\",\"valueRequired\":true,\"valueName\":\"search_term_string\"}}],\"inLanguage\":\"hu\"},{\"@type\":\"Person\",\"@id\":\"https:\\\/\\\/hotnewsinworld.com\\\/hu\\\/#\\\/schema\\\/person\\\/fe61448b21c0d59086e75fcc1f9d8f6b\",\"name\":\"hotnewsinworld\",\"image\":{\"@type\":\"ImageObject\",\"inLanguage\":\"hu\",\"@id\":\"https:\\\/\\\/secure.gravatar.com\\\/avatar\\\/8a09ac165600ce2e1c38fe593c63928eb1e6e7ba5c5a907d67787c41b3d00c14?s=96&d=mm&r=g\",\"url\":\"https:\\\/\\\/secure.gravatar.com\\\/avatar\\\/8a09ac165600ce2e1c38fe593c63928eb1e6e7ba5c5a907d67787c41b3d00c14?s=96&d=mm&r=g\",\"contentUrl\":\"https:\\\/\\\/secure.gravatar.com\\\/avatar\\\/8a09ac165600ce2e1c38fe593c63928eb1e6e7ba5c5a907d67787c41b3d00c14?s=96&d=mm&r=g\",\"caption\":\"hotnewsinworld\"},\"url\":\"https:\\\/\\\/hotnewsinworld.com\\\/hu\\\/author\\\/pt\\\/\"}]}<\/script>\n<!-- \/ Yoast SEO plugin. -->","yoast_head_json":{"title":"Gyarmati Andrea: Minden betegemnek j\u00e1r t\u0151lem f\u00e9l\u00e9vente k\u00e9t szabadnap - Hot News in World","robots":{"index":"index","follow":"follow","max-snippet":"max-snippet:-1","max-image-preview":"max-image-preview:large","max-video-preview":"max-video-preview:-1"},"canonical":"https:\/\/hotnewsinworld.com\/hu\/gyarmati-andrea-minden-betegemnek-jar-tolem-felevente-ket-szabadnap\/","og_locale":"hu_HU","og_type":"article","og_title":"Gyarmati Andrea: Minden betegemnek j\u00e1r t\u0151lem f\u00e9l\u00e9vente k\u00e9t szabadnap - Hot News in World","og_description":"A felt\u00e9tel: tilos kamuzni. Szeretem hinni, hogy amikor valami nagyon foglalkoztat, az univerzum k\u00fcld egy meger\u0151s\u00edt\u0151 vagy elt\u00e1ntor\u00edt\u00f3 \u00fczenetet. Persze nem k\u00e9pzelem, hogy \u00e9n voln\u00e9k a vil\u00e1g k\u00f6zepe, \u00e9s minden az \u00e9n boldogul\u00e1somat szolg\u00e1lja, de h\u00e1t n\u00e9mi figyelem, seg\u00edts\u00e9g nekem is j\u00e1r. \u00dcl\u00f6k a rendel\u0151ben, \u00e9s ha nem \u00e1llna napt\u00e1r az asztalomon, akkor is tudn\u00e1m: [&hellip;]","og_url":"https:\/\/hotnewsinworld.com\/hu\/gyarmati-andrea-minden-betegemnek-jar-tolem-felevente-ket-szabadnap\/","og_site_name":"Hot News in World","article_published_time":"2019-09-15T14:29:34+00:00","article_modified_time":"2019-09-15T14:29:35+00:00","og_image":[{"width":1024,"height":576,"url":"https:\/\/hotnewsinworld.com\/hu\/wp-content\/uploads\/sites\/3\/2019\/09\/Gyarmati-Andrea-Minden-betegemnek-j\u00e1r-t\u0151lem-f\u00e9l\u00e9vente-k\u00e9t-szabadnap.jpg","type":"image\/jpeg"}],"author":"hotnewsinworld","twitter_card":"summary_large_image","twitter_misc":{"Szerz\u0151:":"hotnewsinworld","Becs\u00fclt olvas\u00e1si id\u0151":"3 perc"},"schema":{"@context":"https:\/\/schema.org","@graph":[{"@type":"Article","@id":"https:\/\/hotnewsinworld.com\/hu\/gyarmati-andrea-minden-betegemnek-jar-tolem-felevente-ket-szabadnap\/#article","isPartOf":{"@id":"https:\/\/hotnewsinworld.com\/hu\/gyarmati-andrea-minden-betegemnek-jar-tolem-felevente-ket-szabadnap\/"},"author":{"name":"hotnewsinworld","@id":"https:\/\/hotnewsinworld.com\/hu\/#\/schema\/person\/fe61448b21c0d59086e75fcc1f9d8f6b"},"headline":"Gyarmati Andrea: Minden betegemnek j\u00e1r t\u0151lem f\u00e9l\u00e9vente k\u00e9t szabadnap","datePublished":"2019-09-15T14:29:34+00:00","dateModified":"2019-09-15T14:29:35+00:00","mainEntityOfPage":{"@id":"https:\/\/hotnewsinworld.com\/hu\/gyarmati-andrea-minden-betegemnek-jar-tolem-felevente-ket-szabadnap\/"},"wordCount":710,"commentCount":0,"image":{"@id":"https:\/\/hotnewsinworld.com\/hu\/gyarmati-andrea-minden-betegemnek-jar-tolem-felevente-ket-szabadnap\/#primaryimage"},"thumbnailUrl":"https:\/\/hotnewsinworld.com\/hu\/wp-content\/uploads\/sites\/3\/2019\/09\/Gyarmati-Andrea-Minden-betegemnek-j\u00e1r-t\u0151lem-f\u00e9l\u00e9vente-k\u00e9t-szabadnap.jpg","articleSection":["LEG\u00daJABB P\u00c9NZ\u00dcGYI H\u00cdREK"],"inLanguage":"hu","potentialAction":[{"@type":"CommentAction","name":"Comment","target":["https:\/\/hotnewsinworld.com\/hu\/gyarmati-andrea-minden-betegemnek-jar-tolem-felevente-ket-szabadnap\/#respond"]}]},{"@type":"WebPage","@id":"https:\/\/hotnewsinworld.com\/hu\/gyarmati-andrea-minden-betegemnek-jar-tolem-felevente-ket-szabadnap\/","url":"https:\/\/hotnewsinworld.com\/hu\/gyarmati-andrea-minden-betegemnek-jar-tolem-felevente-ket-szabadnap\/","name":"Gyarmati Andrea: Minden betegemnek j\u00e1r t\u0151lem f\u00e9l\u00e9vente k\u00e9t szabadnap - Hot News in World","isPartOf":{"@id":"https:\/\/hotnewsinworld.com\/hu\/#website"},"primaryImageOfPage":{"@id":"https:\/\/hotnewsinworld.com\/hu\/gyarmati-andrea-minden-betegemnek-jar-tolem-felevente-ket-szabadnap\/#primaryimage"},"image":{"@id":"https:\/\/hotnewsinworld.com\/hu\/gyarmati-andrea-minden-betegemnek-jar-tolem-felevente-ket-szabadnap\/#primaryimage"},"thumbnailUrl":"https:\/\/hotnewsinworld.com\/hu\/wp-content\/uploads\/sites\/3\/2019\/09\/Gyarmati-Andrea-Minden-betegemnek-j\u00e1r-t\u0151lem-f\u00e9l\u00e9vente-k\u00e9t-szabadnap.jpg","datePublished":"2019-09-15T14:29:34+00:00","dateModified":"2019-09-15T14:29:35+00:00","author":{"@id":"https:\/\/hotnewsinworld.com\/hu\/#\/schema\/person\/fe61448b21c0d59086e75fcc1f9d8f6b"},"breadcrumb":{"@id":"https:\/\/hotnewsinworld.com\/hu\/gyarmati-andrea-minden-betegemnek-jar-tolem-felevente-ket-szabadnap\/#breadcrumb"},"inLanguage":"hu","potentialAction":[{"@type":"ReadAction","target":["https:\/\/hotnewsinworld.com\/hu\/gyarmati-andrea-minden-betegemnek-jar-tolem-felevente-ket-szabadnap\/"]}]},{"@type":"ImageObject","inLanguage":"hu","@id":"https:\/\/hotnewsinworld.com\/hu\/gyarmati-andrea-minden-betegemnek-jar-tolem-felevente-ket-szabadnap\/#primaryimage","url":"https:\/\/hotnewsinworld.com\/hu\/wp-content\/uploads\/sites\/3\/2019\/09\/Gyarmati-Andrea-Minden-betegemnek-j\u00e1r-t\u0151lem-f\u00e9l\u00e9vente-k\u00e9t-szabadnap.jpg","contentUrl":"https:\/\/hotnewsinworld.com\/hu\/wp-content\/uploads\/sites\/3\/2019\/09\/Gyarmati-Andrea-Minden-betegemnek-j\u00e1r-t\u0151lem-f\u00e9l\u00e9vente-k\u00e9t-szabadnap.jpg","width":1024,"height":576,"caption":"Gyarmati Andrea: Minden betegemnek j\u00e1r t\u0151lem f\u00e9l\u00e9vente k\u00e9t szabadnap"},{"@type":"BreadcrumbList","@id":"https:\/\/hotnewsinworld.com\/hu\/gyarmati-andrea-minden-betegemnek-jar-tolem-felevente-ket-szabadnap\/#breadcrumb","itemListElement":[{"@type":"ListItem","position":1,"name":"\u0413\u043b\u0430\u0432\u043d\u0430\u044f \u0441\u0442\u0440\u0430\u043d\u0438\u0446\u0430","item":"https:\/\/hotnewsinworld.com\/hu\/"},{"@type":"ListItem","position":2,"name":"Gyarmati Andrea: Minden betegemnek j\u00e1r t\u0151lem f\u00e9l\u00e9vente k\u00e9t szabadnap"}]},{"@type":"WebSite","@id":"https:\/\/hotnewsinworld.com\/hu\/#website","url":"https:\/\/hotnewsinworld.com\/hu\/","name":"Hot News in World","description":"Hot News in World from Hungary","potentialAction":[{"@type":"SearchAction","target":{"@type":"EntryPoint","urlTemplate":"https:\/\/hotnewsinworld.com\/hu\/?s={search_term_string}"},"query-input":{"@type":"PropertyValueSpecification","valueRequired":true,"valueName":"search_term_string"}}],"inLanguage":"hu"},{"@type":"Person","@id":"https:\/\/hotnewsinworld.com\/hu\/#\/schema\/person\/fe61448b21c0d59086e75fcc1f9d8f6b","name":"hotnewsinworld","image":{"@type":"ImageObject","inLanguage":"hu","@id":"https:\/\/secure.gravatar.com\/avatar\/8a09ac165600ce2e1c38fe593c63928eb1e6e7ba5c5a907d67787c41b3d00c14?s=96&d=mm&r=g","url":"https:\/\/secure.gravatar.com\/avatar\/8a09ac165600ce2e1c38fe593c63928eb1e6e7ba5c5a907d67787c41b3d00c14?s=96&d=mm&r=g","contentUrl":"https:\/\/secure.gravatar.com\/avatar\/8a09ac165600ce2e1c38fe593c63928eb1e6e7ba5c5a907d67787c41b3d00c14?s=96&d=mm&r=g","caption":"hotnewsinworld"},"url":"https:\/\/hotnewsinworld.com\/hu\/author\/pt\/"}]}},"_links":{"self":[{"href":"https:\/\/hotnewsinworld.com\/hu\/wp-json\/wp\/v2\/posts\/2079","targetHints":{"allow":["GET"]}}],"collection":[{"href":"https:\/\/hotnewsinworld.com\/hu\/wp-json\/wp\/v2\/posts"}],"about":[{"href":"https:\/\/hotnewsinworld.com\/hu\/wp-json\/wp\/v2\/types\/post"}],"author":[{"embeddable":true,"href":"https:\/\/hotnewsinworld.com\/hu\/wp-json\/wp\/v2\/users\/2"}],"replies":[{"embeddable":true,"href":"https:\/\/hotnewsinworld.com\/hu\/wp-json\/wp\/v2\/comments?post=2079"}],"version-history":[{"count":1,"href":"https:\/\/hotnewsinworld.com\/hu\/wp-json\/wp\/v2\/posts\/2079\/revisions"}],"predecessor-version":[{"id":2081,"href":"https:\/\/hotnewsinworld.com\/hu\/wp-json\/wp\/v2\/posts\/2079\/revisions\/2081"}],"wp:featuredmedia":[{"embeddable":true,"href":"https:\/\/hotnewsinworld.com\/hu\/wp-json\/wp\/v2\/media\/2080"}],"wp:attachment":[{"href":"https:\/\/hotnewsinworld.com\/hu\/wp-json\/wp\/v2\/media?parent=2079"}],"wp:term":[{"taxonomy":"category","embeddable":true,"href":"https:\/\/hotnewsinworld.com\/hu\/wp-json\/wp\/v2\/categories?post=2079"},{"taxonomy":"post_tag","embeddable":true,"href":"https:\/\/hotnewsinworld.com\/hu\/wp-json\/wp\/v2\/tags?post=2079"}],"curies":[{"name":"wp","href":"https:\/\/api.w.org\/{rel}","templated":true}]}}