{"id":2082,"date":"2019-09-15T18:53:29","date_gmt":"2019-09-15T15:53:29","guid":{"rendered":"https:\/\/hotnewsinworld.com\/hu\/nepszava-hetfon-meg-meleg-lesz-de-mar-erkezik-a-hidegfront\/"},"modified":"2019-09-15T18:53:30","modified_gmt":"2019-09-15T15:53:30","slug":"nepszava-hetfon-meg-meleg-lesz-de-mar-erkezik-a-hidegfront","status":"publish","type":"post","link":"https:\/\/hotnewsinworld.com\/hu\/nepszava-hetfon-meg-meleg-lesz-de-mar-erkezik-a-hidegfront\/","title":{"rendered":"N\u00e9pszava H\u00e9tf\u0151n m\u00e9g meleg lesz, de m\u00e1r \u00e9rkezik a hidegfront"},"content":{"rendered":"<p>H\u00e9tf\u0151n napk\u00f6zben m\u00e9g melegebb lesz, kedden viszont egy hidegfront hoz leh\u0171l\u00e9st, a h\u00e9t m\u00e1sodik fel\u00e9ben azonban t\u00f6bbfel\u00e9 is lehetnek 20 fok k\u00f6r\u00fcli maximumok &#8211; der\u00fcl ki az Orsz\u00e1gos Meteorol\u00f3giai Szolg\u00e1lat orsz\u00e1gos, k\u00f6z\u00e9pt\u00e1v\u00fa el\u0151rejelz\u00e9s\u00e9b\u0151l, amelyet vas\u00e1rnap juttattak el az MTI-nek.H\u00e9tf\u0151n a d\u00e9li, kora d\u00e9lut\u00e1ni \u00f3r\u00e1kig der\u00fclt id\u0151 v\u00e1rhat\u00f3, majd \u00e9szak fel\u0151l f\u00e1tyolfelh\u0151zet \u00e9rkezik, illetve m\u00e1r gomolyfelh\u0151k is k\u00e9pz\u0151dhetnek, de csapad\u00e9k estig m\u00e9g nem val\u00f3sz\u00edn\u0171. Napk\u00f6zben a f\u0151v\u00e1ros k\u00f6rny\u00e9k\u00e9n, az \u00c9szaki-k\u00f6z\u00e9phegys\u00e9gben \u00e9s az \u00c9szak-Alf\u00f6ld\u00f6n meg\u00e9l\u00e9nk\u00fcl, n\u00e9hol meger\u0151s\u00f6dik a sz\u00e9l. A legalacsonyabb h\u0151m\u00e9rs\u00e9klet \u00e1ltal\u00e1ban 5 \u00e9s 12 fok k\u00f6z\u00f6tt alakul, de az \u00e9szaki v\u00f6lgyekben, a Ny\u00edrs\u00e9gben \u00e9s a Duna-Tisza k\u00f6z\u00e9n 2-4 fok is lehet. A legmagasabb h\u0151m\u00e9rs\u00e9klet 24 \u00e9s 29 fok k\u00f6z\u00f6tt v\u00e1rhat\u00f3.<\/p>\n<p>Kedden \u00e9szakon lehet t\u00f6bb-kevesebb naps\u00fct\u00e9s. Eleinte t\u00f6bb helyen v\u00e1rhat\u00f3 es\u0151, z\u00e1por, k\u00e9s\u0151bb a csapad\u00e9k egyre ink\u00e1bb a d\u00e9li, d\u00e9lnyugati ter\u00fcletekre korl\u00e1toz\u00f3dik, f\u0151k\u00e9nt arrafel\u00e9 n\u00e9hol zivatar is el\u0151fordulhat. Els\u0151sorban az \u00e9szaki, \u00e9szakkeleti megy\u00e9kben meger\u0151s\u00f6dik, zivatar k\u00f6rnyezet\u00e9ben vihaross\u00e1 fokoz\u00f3dik a sz\u00e9l. A minimumh\u0151m\u00e9rs\u00e9klet 11-17, a maximumh\u0151m\u00e9rs\u00e9klet 17 \u00e9s 25 fok k\u00f6z\u00f6tt val\u00f3sz\u00edn\u0171.<\/p>\n<p>Szerd\u00e1n a t\u00f6bb\u00f3r\u00e1s naps\u00fct\u00e9s mellett csup\u00e1n egy-egy r\u00f6vid z\u00e1por fordulhat el\u0151. A d\u00e9li, d\u00e9lnyugati hat\u00e1r k\u00f6zel\u00e9ben azonban felh\u0151s maradhat az \u00e9g, \u00e9s f\u0151k\u00e9nt a nap els\u0151 fel\u00e9ben ak\u00e1r tart\u00f3san is eshet. Nagy ter\u00fcleten meger\u0151s\u00f6dik, az Alpokalja t\u00e9rs\u00e9g\u00e9ben vihaross\u00e1 is fokoz\u00f3dhat a sz\u00e9l. A leghidegebb \u00f3r\u00e1kban \u00e1ltal\u00e1ban 6-11 fok lesz, de a sz\u00e9lv\u00e9dettebb \u00e9szaki v\u00f6lgyekben enn\u00e9l h\u0171v\u00f6sebb is lehet a hajnal. Napk\u00f6zben 16-20 fokig melegszik a leveg\u0151.<\/p>\n<p>Cs\u00fct\u00f6rt\u00f6k\u00f6n \u00e9s p\u00e9nteken napos id\u0151 v\u00e1rhat\u00f3, csup\u00e1n elv\u00e9tve fordulhat el\u0151 fut\u00f3 z\u00e1por. A minimumh\u0151m\u00e9rs\u00e9klet cs\u00fct\u00f6rt\u00f6k\u00f6n \u00e1ltal\u00e1ban 3-8 fok k\u00f6z\u00f6tt alakul, de a sz\u00e9lv\u00e9dett \u00e9szaki v\u00f6lgyekben, fagyra hajlamos ter\u00fcleteken enn\u00e9l hidegebb is lehet, talaj menti fagy is el\u0151fordulhat. P\u00e9nteken jellemz\u0151en 5 \u00e9s 10 fok k\u00f6z\u00f6tt alakulnak a minimumok. A nappali maximumok cs\u00fct\u00f6rt\u00f6k\u00f6n \u00e9s p\u00e9nteken is 14-18 fok k\u00f6z\u00f6tt v\u00e1rhat\u00f3k.<\/p>\n<p>Szombaton \u00e9s vas\u00e1rnap t\u00f6bbnyire der\u00fclt vagy gyeng\u00e9n felh\u0151s id\u0151re van kil\u00e1t\u00e1s sok naps\u00fct\u00e9ssel, csapad\u00e9k n\u00e9lk\u00fcl. A leghidegebb \u00f3r\u00e1kban szombaton \u00e1ltal\u00e1ban 5-10, vas\u00e1rnap 5-12 fok lesz, de a sz\u00e9lv\u00e9dett, hidegre \u00e9rz\u00e9keny ter\u00fcleteken szombaton j\u00f3val hidegebb is lehet, talaj menti fagy is el\u0151fordulhat. Szombaton napk\u00f6zben 15-20, vas\u00e1rnap 17-23 fokig melegszik a leveg\u0151.\u00a0<br \/>\n            <a class=\"slogo\"><br \/>\n                <\/a><\/p>\n<p>\n<!--noindex--><br \/>\n<a href=\"https:\/\/hirek.oldal.info\/rssclick\/14398956\" rel=\"nofollow\">Source link <\/a><br \/>\n<!--\/noindex--><\/p>\n","protected":false},"excerpt":{"rendered":"<p>H\u00e9tf\u0151n napk\u00f6zben m\u00e9g melegebb lesz, kedden viszont egy hidegfront hoz leh\u0171l\u00e9st, a h\u00e9t m\u00e1sodik fel\u00e9ben azonban t\u00f6bbfel\u00e9 is lehetnek 20 fok k\u00f6r\u00fcli maximumok &#8211; der\u00fcl ki az Orsz\u00e1gos Meteorol\u00f3giai Szolg\u00e1lat orsz\u00e1gos, k\u00f6z\u00e9pt\u00e1v\u00fa el\u0151rejelz\u00e9s\u00e9b\u0151l, amelyet vas\u00e1rnap juttattak el az MTI-nek.H\u00e9tf\u0151n a d\u00e9li, kora d\u00e9lut\u00e1ni \u00f3r\u00e1kig der\u00fclt id\u0151 v\u00e1rhat\u00f3, majd \u00e9szak fel\u0151l f\u00e1tyolfelh\u0151zet \u00e9rkezik, illetve m\u00e1r gomolyfelh\u0151k [&hellip;]<\/p>\n","protected":false},"author":2,"featured_media":2083,"comment_status":"open","ping_status":"open","sticky":false,"template":"","format":"standard","meta":{"footnotes":""},"categories":[1],"tags":[],"class_list":["post-2082","post","type-post","status-publish","format-standard","has-post-thumbnail","hentry","category-legujabb-penzugyi-hirek"],"yoast_head":"<!-- This site is optimized with the Yoast SEO plugin v27.4 - https:\/\/yoast.com\/product\/yoast-seo-wordpress\/ -->\n<title>N\u00e9pszava H\u00e9tf\u0151n m\u00e9g meleg lesz, de m\u00e1r \u00e9rkezik a hidegfront - Hot News in World<\/title>\n<meta name=\"robots\" content=\"index, follow, max-snippet:-1, max-image-preview:large, max-video-preview:-1\" \/>\n<link rel=\"canonical\" href=\"https:\/\/hotnewsinworld.com\/hu\/nepszava-hetfon-meg-meleg-lesz-de-mar-erkezik-a-hidegfront\/\" \/>\n<meta property=\"og:locale\" content=\"hu_HU\" \/>\n<meta property=\"og:type\" content=\"article\" \/>\n<meta property=\"og:title\" content=\"N\u00e9pszava H\u00e9tf\u0151n m\u00e9g meleg lesz, de m\u00e1r \u00e9rkezik a hidegfront - Hot News in World\" \/>\n<meta property=\"og:description\" content=\"H\u00e9tf\u0151n napk\u00f6zben m\u00e9g melegebb lesz, kedden viszont egy hidegfront hoz leh\u0171l\u00e9st, a h\u00e9t m\u00e1sodik fel\u00e9ben azonban t\u00f6bbfel\u00e9 is lehetnek 20 fok k\u00f6r\u00fcli maximumok &#8211; der\u00fcl ki az Orsz\u00e1gos Meteorol\u00f3giai Szolg\u00e1lat orsz\u00e1gos, k\u00f6z\u00e9pt\u00e1v\u00fa el\u0151rejelz\u00e9s\u00e9b\u0151l, amelyet vas\u00e1rnap juttattak el az MTI-nek.H\u00e9tf\u0151n a d\u00e9li, kora d\u00e9lut\u00e1ni \u00f3r\u00e1kig der\u00fclt id\u0151 v\u00e1rhat\u00f3, majd \u00e9szak fel\u0151l f\u00e1tyolfelh\u0151zet \u00e9rkezik, illetve m\u00e1r gomolyfelh\u0151k [&hellip;]\" \/>\n<meta property=\"og:url\" content=\"https:\/\/hotnewsinworld.com\/hu\/nepszava-hetfon-meg-meleg-lesz-de-mar-erkezik-a-hidegfront\/\" \/>\n<meta property=\"og:site_name\" content=\"Hot News in World\" \/>\n<meta property=\"article:published_time\" content=\"2019-09-15T15:53:29+00:00\" \/>\n<meta property=\"article:modified_time\" content=\"2019-09-15T15:53:30+00:00\" \/>\n<meta property=\"og:image\" content=\"https:\/\/hotnewsinworld.com\/hu\/wp-content\/uploads\/sites\/3\/2019\/09\/N\u00e9pszava-H\u00e9tf\u0151n-m\u00e9g-meleg-lesz-de-m\u00e1r-\u00e9rkezik-a-hidegfront.jpg\" \/>\n\t<meta property=\"og:image:width\" content=\"1000\" \/>\n\t<meta property=\"og:image:height\" content=\"600\" \/>\n\t<meta property=\"og:image:type\" content=\"image\/jpeg\" \/>\n<meta name=\"author\" content=\"hotnewsinworld\" \/>\n<meta name=\"twitter:card\" content=\"summary_large_image\" \/>\n<meta name=\"twitter:label1\" content=\"Szerz\u0151:\" \/>\n\t<meta name=\"twitter:data1\" content=\"hotnewsinworld\" \/>\n\t<meta name=\"twitter:label2\" content=\"Becs\u00fclt olvas\u00e1si id\u0151\" \/>\n\t<meta name=\"twitter:data2\" content=\"3 perc\" \/>\n<script type=\"application\/ld+json\" class=\"yoast-schema-graph\">{\"@context\":\"https:\\\/\\\/schema.org\",\"@graph\":[{\"@type\":\"Article\",\"@id\":\"https:\\\/\\\/hotnewsinworld.com\\\/hu\\\/nepszava-hetfon-meg-meleg-lesz-de-mar-erkezik-a-hidegfront\\\/#article\",\"isPartOf\":{\"@id\":\"https:\\\/\\\/hotnewsinworld.com\\\/hu\\\/nepszava-hetfon-meg-meleg-lesz-de-mar-erkezik-a-hidegfront\\\/\"},\"author\":{\"name\":\"hotnewsinworld\",\"@id\":\"https:\\\/\\\/hotnewsinworld.com\\\/hu\\\/#\\\/schema\\\/person\\\/fe61448b21c0d59086e75fcc1f9d8f6b\"},\"headline\":\"N\u00e9pszava H\u00e9tf\u0151n m\u00e9g meleg lesz, de m\u00e1r \u00e9rkezik a hidegfront\",\"datePublished\":\"2019-09-15T15:53:29+00:00\",\"dateModified\":\"2019-09-15T15:53:30+00:00\",\"mainEntityOfPage\":{\"@id\":\"https:\\\/\\\/hotnewsinworld.com\\\/hu\\\/nepszava-hetfon-meg-meleg-lesz-de-mar-erkezik-a-hidegfront\\\/\"},\"wordCount\":558,\"commentCount\":0,\"image\":{\"@id\":\"https:\\\/\\\/hotnewsinworld.com\\\/hu\\\/nepszava-hetfon-meg-meleg-lesz-de-mar-erkezik-a-hidegfront\\\/#primaryimage\"},\"thumbnailUrl\":\"https:\\\/\\\/hotnewsinworld.com\\\/hu\\\/wp-content\\\/uploads\\\/sites\\\/3\\\/2019\\\/09\\\/N\u00e9pszava-H\u00e9tf\u0151n-m\u00e9g-meleg-lesz-de-m\u00e1r-\u00e9rkezik-a-hidegfront.jpg\",\"articleSection\":[\"LEG\u00daJABB P\u00c9NZ\u00dcGYI H\u00cdREK\"],\"inLanguage\":\"hu\",\"potentialAction\":[{\"@type\":\"CommentAction\",\"name\":\"Comment\",\"target\":[\"https:\\\/\\\/hotnewsinworld.com\\\/hu\\\/nepszava-hetfon-meg-meleg-lesz-de-mar-erkezik-a-hidegfront\\\/#respond\"]}]},{\"@type\":\"WebPage\",\"@id\":\"https:\\\/\\\/hotnewsinworld.com\\\/hu\\\/nepszava-hetfon-meg-meleg-lesz-de-mar-erkezik-a-hidegfront\\\/\",\"url\":\"https:\\\/\\\/hotnewsinworld.com\\\/hu\\\/nepszava-hetfon-meg-meleg-lesz-de-mar-erkezik-a-hidegfront\\\/\",\"name\":\"N\u00e9pszava H\u00e9tf\u0151n m\u00e9g meleg lesz, de m\u00e1r \u00e9rkezik a hidegfront - Hot News in World\",\"isPartOf\":{\"@id\":\"https:\\\/\\\/hotnewsinworld.com\\\/hu\\\/#website\"},\"primaryImageOfPage\":{\"@id\":\"https:\\\/\\\/hotnewsinworld.com\\\/hu\\\/nepszava-hetfon-meg-meleg-lesz-de-mar-erkezik-a-hidegfront\\\/#primaryimage\"},\"image\":{\"@id\":\"https:\\\/\\\/hotnewsinworld.com\\\/hu\\\/nepszava-hetfon-meg-meleg-lesz-de-mar-erkezik-a-hidegfront\\\/#primaryimage\"},\"thumbnailUrl\":\"https:\\\/\\\/hotnewsinworld.com\\\/hu\\\/wp-content\\\/uploads\\\/sites\\\/3\\\/2019\\\/09\\\/N\u00e9pszava-H\u00e9tf\u0151n-m\u00e9g-meleg-lesz-de-m\u00e1r-\u00e9rkezik-a-hidegfront.jpg\",\"datePublished\":\"2019-09-15T15:53:29+00:00\",\"dateModified\":\"2019-09-15T15:53:30+00:00\",\"author\":{\"@id\":\"https:\\\/\\\/hotnewsinworld.com\\\/hu\\\/#\\\/schema\\\/person\\\/fe61448b21c0d59086e75fcc1f9d8f6b\"},\"breadcrumb\":{\"@id\":\"https:\\\/\\\/hotnewsinworld.com\\\/hu\\\/nepszava-hetfon-meg-meleg-lesz-de-mar-erkezik-a-hidegfront\\\/#breadcrumb\"},\"inLanguage\":\"hu\",\"potentialAction\":[{\"@type\":\"ReadAction\",\"target\":[\"https:\\\/\\\/hotnewsinworld.com\\\/hu\\\/nepszava-hetfon-meg-meleg-lesz-de-mar-erkezik-a-hidegfront\\\/\"]}]},{\"@type\":\"ImageObject\",\"inLanguage\":\"hu\",\"@id\":\"https:\\\/\\\/hotnewsinworld.com\\\/hu\\\/nepszava-hetfon-meg-meleg-lesz-de-mar-erkezik-a-hidegfront\\\/#primaryimage\",\"url\":\"https:\\\/\\\/hotnewsinworld.com\\\/hu\\\/wp-content\\\/uploads\\\/sites\\\/3\\\/2019\\\/09\\\/N\u00e9pszava-H\u00e9tf\u0151n-m\u00e9g-meleg-lesz-de-m\u00e1r-\u00e9rkezik-a-hidegfront.jpg\",\"contentUrl\":\"https:\\\/\\\/hotnewsinworld.com\\\/hu\\\/wp-content\\\/uploads\\\/sites\\\/3\\\/2019\\\/09\\\/N\u00e9pszava-H\u00e9tf\u0151n-m\u00e9g-meleg-lesz-de-m\u00e1r-\u00e9rkezik-a-hidegfront.jpg\",\"width\":1000,\"height\":600,\"caption\":\"N\u00e9pszava H\u00e9tf\u0151n m\u00e9g meleg lesz, de m\u00e1r \u00e9rkezik a hidegfront\"},{\"@type\":\"BreadcrumbList\",\"@id\":\"https:\\\/\\\/hotnewsinworld.com\\\/hu\\\/nepszava-hetfon-meg-meleg-lesz-de-mar-erkezik-a-hidegfront\\\/#breadcrumb\",\"itemListElement\":[{\"@type\":\"ListItem\",\"position\":1,\"name\":\"\u0413\u043b\u0430\u0432\u043d\u0430\u044f \u0441\u0442\u0440\u0430\u043d\u0438\u0446\u0430\",\"item\":\"https:\\\/\\\/hotnewsinworld.com\\\/hu\\\/\"},{\"@type\":\"ListItem\",\"position\":2,\"name\":\"N\u00e9pszava H\u00e9tf\u0151n m\u00e9g meleg lesz, de m\u00e1r \u00e9rkezik a hidegfront\"}]},{\"@type\":\"WebSite\",\"@id\":\"https:\\\/\\\/hotnewsinworld.com\\\/hu\\\/#website\",\"url\":\"https:\\\/\\\/hotnewsinworld.com\\\/hu\\\/\",\"name\":\"Hot News in World\",\"description\":\"Hot News in World from Hungary\",\"potentialAction\":[{\"@type\":\"SearchAction\",\"target\":{\"@type\":\"EntryPoint\",\"urlTemplate\":\"https:\\\/\\\/hotnewsinworld.com\\\/hu\\\/?s={search_term_string}\"},\"query-input\":{\"@type\":\"PropertyValueSpecification\",\"valueRequired\":true,\"valueName\":\"search_term_string\"}}],\"inLanguage\":\"hu\"},{\"@type\":\"Person\",\"@id\":\"https:\\\/\\\/hotnewsinworld.com\\\/hu\\\/#\\\/schema\\\/person\\\/fe61448b21c0d59086e75fcc1f9d8f6b\",\"name\":\"hotnewsinworld\",\"image\":{\"@type\":\"ImageObject\",\"inLanguage\":\"hu\",\"@id\":\"https:\\\/\\\/secure.gravatar.com\\\/avatar\\\/8a09ac165600ce2e1c38fe593c63928eb1e6e7ba5c5a907d67787c41b3d00c14?s=96&d=mm&r=g\",\"url\":\"https:\\\/\\\/secure.gravatar.com\\\/avatar\\\/8a09ac165600ce2e1c38fe593c63928eb1e6e7ba5c5a907d67787c41b3d00c14?s=96&d=mm&r=g\",\"contentUrl\":\"https:\\\/\\\/secure.gravatar.com\\\/avatar\\\/8a09ac165600ce2e1c38fe593c63928eb1e6e7ba5c5a907d67787c41b3d00c14?s=96&d=mm&r=g\",\"caption\":\"hotnewsinworld\"},\"url\":\"https:\\\/\\\/hotnewsinworld.com\\\/hu\\\/author\\\/pt\\\/\"}]}<\/script>\n<!-- \/ Yoast SEO plugin. -->","yoast_head_json":{"title":"N\u00e9pszava H\u00e9tf\u0151n m\u00e9g meleg lesz, de m\u00e1r \u00e9rkezik a hidegfront - Hot News in World","robots":{"index":"index","follow":"follow","max-snippet":"max-snippet:-1","max-image-preview":"max-image-preview:large","max-video-preview":"max-video-preview:-1"},"canonical":"https:\/\/hotnewsinworld.com\/hu\/nepszava-hetfon-meg-meleg-lesz-de-mar-erkezik-a-hidegfront\/","og_locale":"hu_HU","og_type":"article","og_title":"N\u00e9pszava H\u00e9tf\u0151n m\u00e9g meleg lesz, de m\u00e1r \u00e9rkezik a hidegfront - Hot News in World","og_description":"H\u00e9tf\u0151n napk\u00f6zben m\u00e9g melegebb lesz, kedden viszont egy hidegfront hoz leh\u0171l\u00e9st, a h\u00e9t m\u00e1sodik fel\u00e9ben azonban t\u00f6bbfel\u00e9 is lehetnek 20 fok k\u00f6r\u00fcli maximumok &#8211; der\u00fcl ki az Orsz\u00e1gos Meteorol\u00f3giai Szolg\u00e1lat orsz\u00e1gos, k\u00f6z\u00e9pt\u00e1v\u00fa el\u0151rejelz\u00e9s\u00e9b\u0151l, amelyet vas\u00e1rnap juttattak el az MTI-nek.H\u00e9tf\u0151n a d\u00e9li, kora d\u00e9lut\u00e1ni \u00f3r\u00e1kig der\u00fclt id\u0151 v\u00e1rhat\u00f3, majd \u00e9szak fel\u0151l f\u00e1tyolfelh\u0151zet \u00e9rkezik, illetve m\u00e1r gomolyfelh\u0151k [&hellip;]","og_url":"https:\/\/hotnewsinworld.com\/hu\/nepszava-hetfon-meg-meleg-lesz-de-mar-erkezik-a-hidegfront\/","og_site_name":"Hot News in World","article_published_time":"2019-09-15T15:53:29+00:00","article_modified_time":"2019-09-15T15:53:30+00:00","og_image":[{"width":1000,"height":600,"url":"https:\/\/hotnewsinworld.com\/hu\/wp-content\/uploads\/sites\/3\/2019\/09\/N\u00e9pszava-H\u00e9tf\u0151n-m\u00e9g-meleg-lesz-de-m\u00e1r-\u00e9rkezik-a-hidegfront.jpg","type":"image\/jpeg"}],"author":"hotnewsinworld","twitter_card":"summary_large_image","twitter_misc":{"Szerz\u0151:":"hotnewsinworld","Becs\u00fclt olvas\u00e1si id\u0151":"3 perc"},"schema":{"@context":"https:\/\/schema.org","@graph":[{"@type":"Article","@id":"https:\/\/hotnewsinworld.com\/hu\/nepszava-hetfon-meg-meleg-lesz-de-mar-erkezik-a-hidegfront\/#article","isPartOf":{"@id":"https:\/\/hotnewsinworld.com\/hu\/nepszava-hetfon-meg-meleg-lesz-de-mar-erkezik-a-hidegfront\/"},"author":{"name":"hotnewsinworld","@id":"https:\/\/hotnewsinworld.com\/hu\/#\/schema\/person\/fe61448b21c0d59086e75fcc1f9d8f6b"},"headline":"N\u00e9pszava H\u00e9tf\u0151n m\u00e9g meleg lesz, de m\u00e1r \u00e9rkezik a hidegfront","datePublished":"2019-09-15T15:53:29+00:00","dateModified":"2019-09-15T15:53:30+00:00","mainEntityOfPage":{"@id":"https:\/\/hotnewsinworld.com\/hu\/nepszava-hetfon-meg-meleg-lesz-de-mar-erkezik-a-hidegfront\/"},"wordCount":558,"commentCount":0,"image":{"@id":"https:\/\/hotnewsinworld.com\/hu\/nepszava-hetfon-meg-meleg-lesz-de-mar-erkezik-a-hidegfront\/#primaryimage"},"thumbnailUrl":"https:\/\/hotnewsinworld.com\/hu\/wp-content\/uploads\/sites\/3\/2019\/09\/N\u00e9pszava-H\u00e9tf\u0151n-m\u00e9g-meleg-lesz-de-m\u00e1r-\u00e9rkezik-a-hidegfront.jpg","articleSection":["LEG\u00daJABB P\u00c9NZ\u00dcGYI H\u00cdREK"],"inLanguage":"hu","potentialAction":[{"@type":"CommentAction","name":"Comment","target":["https:\/\/hotnewsinworld.com\/hu\/nepszava-hetfon-meg-meleg-lesz-de-mar-erkezik-a-hidegfront\/#respond"]}]},{"@type":"WebPage","@id":"https:\/\/hotnewsinworld.com\/hu\/nepszava-hetfon-meg-meleg-lesz-de-mar-erkezik-a-hidegfront\/","url":"https:\/\/hotnewsinworld.com\/hu\/nepszava-hetfon-meg-meleg-lesz-de-mar-erkezik-a-hidegfront\/","name":"N\u00e9pszava H\u00e9tf\u0151n m\u00e9g meleg lesz, de m\u00e1r \u00e9rkezik a hidegfront - Hot News in World","isPartOf":{"@id":"https:\/\/hotnewsinworld.com\/hu\/#website"},"primaryImageOfPage":{"@id":"https:\/\/hotnewsinworld.com\/hu\/nepszava-hetfon-meg-meleg-lesz-de-mar-erkezik-a-hidegfront\/#primaryimage"},"image":{"@id":"https:\/\/hotnewsinworld.com\/hu\/nepszava-hetfon-meg-meleg-lesz-de-mar-erkezik-a-hidegfront\/#primaryimage"},"thumbnailUrl":"https:\/\/hotnewsinworld.com\/hu\/wp-content\/uploads\/sites\/3\/2019\/09\/N\u00e9pszava-H\u00e9tf\u0151n-m\u00e9g-meleg-lesz-de-m\u00e1r-\u00e9rkezik-a-hidegfront.jpg","datePublished":"2019-09-15T15:53:29+00:00","dateModified":"2019-09-15T15:53:30+00:00","author":{"@id":"https:\/\/hotnewsinworld.com\/hu\/#\/schema\/person\/fe61448b21c0d59086e75fcc1f9d8f6b"},"breadcrumb":{"@id":"https:\/\/hotnewsinworld.com\/hu\/nepszava-hetfon-meg-meleg-lesz-de-mar-erkezik-a-hidegfront\/#breadcrumb"},"inLanguage":"hu","potentialAction":[{"@type":"ReadAction","target":["https:\/\/hotnewsinworld.com\/hu\/nepszava-hetfon-meg-meleg-lesz-de-mar-erkezik-a-hidegfront\/"]}]},{"@type":"ImageObject","inLanguage":"hu","@id":"https:\/\/hotnewsinworld.com\/hu\/nepszava-hetfon-meg-meleg-lesz-de-mar-erkezik-a-hidegfront\/#primaryimage","url":"https:\/\/hotnewsinworld.com\/hu\/wp-content\/uploads\/sites\/3\/2019\/09\/N\u00e9pszava-H\u00e9tf\u0151n-m\u00e9g-meleg-lesz-de-m\u00e1r-\u00e9rkezik-a-hidegfront.jpg","contentUrl":"https:\/\/hotnewsinworld.com\/hu\/wp-content\/uploads\/sites\/3\/2019\/09\/N\u00e9pszava-H\u00e9tf\u0151n-m\u00e9g-meleg-lesz-de-m\u00e1r-\u00e9rkezik-a-hidegfront.jpg","width":1000,"height":600,"caption":"N\u00e9pszava H\u00e9tf\u0151n m\u00e9g meleg lesz, de m\u00e1r \u00e9rkezik a hidegfront"},{"@type":"BreadcrumbList","@id":"https:\/\/hotnewsinworld.com\/hu\/nepszava-hetfon-meg-meleg-lesz-de-mar-erkezik-a-hidegfront\/#breadcrumb","itemListElement":[{"@type":"ListItem","position":1,"name":"\u0413\u043b\u0430\u0432\u043d\u0430\u044f \u0441\u0442\u0440\u0430\u043d\u0438\u0446\u0430","item":"https:\/\/hotnewsinworld.com\/hu\/"},{"@type":"ListItem","position":2,"name":"N\u00e9pszava H\u00e9tf\u0151n m\u00e9g meleg lesz, de m\u00e1r \u00e9rkezik a hidegfront"}]},{"@type":"WebSite","@id":"https:\/\/hotnewsinworld.com\/hu\/#website","url":"https:\/\/hotnewsinworld.com\/hu\/","name":"Hot News in World","description":"Hot News in World from Hungary","potentialAction":[{"@type":"SearchAction","target":{"@type":"EntryPoint","urlTemplate":"https:\/\/hotnewsinworld.com\/hu\/?s={search_term_string}"},"query-input":{"@type":"PropertyValueSpecification","valueRequired":true,"valueName":"search_term_string"}}],"inLanguage":"hu"},{"@type":"Person","@id":"https:\/\/hotnewsinworld.com\/hu\/#\/schema\/person\/fe61448b21c0d59086e75fcc1f9d8f6b","name":"hotnewsinworld","image":{"@type":"ImageObject","inLanguage":"hu","@id":"https:\/\/secure.gravatar.com\/avatar\/8a09ac165600ce2e1c38fe593c63928eb1e6e7ba5c5a907d67787c41b3d00c14?s=96&d=mm&r=g","url":"https:\/\/secure.gravatar.com\/avatar\/8a09ac165600ce2e1c38fe593c63928eb1e6e7ba5c5a907d67787c41b3d00c14?s=96&d=mm&r=g","contentUrl":"https:\/\/secure.gravatar.com\/avatar\/8a09ac165600ce2e1c38fe593c63928eb1e6e7ba5c5a907d67787c41b3d00c14?s=96&d=mm&r=g","caption":"hotnewsinworld"},"url":"https:\/\/hotnewsinworld.com\/hu\/author\/pt\/"}]}},"_links":{"self":[{"href":"https:\/\/hotnewsinworld.com\/hu\/wp-json\/wp\/v2\/posts\/2082","targetHints":{"allow":["GET"]}}],"collection":[{"href":"https:\/\/hotnewsinworld.com\/hu\/wp-json\/wp\/v2\/posts"}],"about":[{"href":"https:\/\/hotnewsinworld.com\/hu\/wp-json\/wp\/v2\/types\/post"}],"author":[{"embeddable":true,"href":"https:\/\/hotnewsinworld.com\/hu\/wp-json\/wp\/v2\/users\/2"}],"replies":[{"embeddable":true,"href":"https:\/\/hotnewsinworld.com\/hu\/wp-json\/wp\/v2\/comments?post=2082"}],"version-history":[{"count":1,"href":"https:\/\/hotnewsinworld.com\/hu\/wp-json\/wp\/v2\/posts\/2082\/revisions"}],"predecessor-version":[{"id":2084,"href":"https:\/\/hotnewsinworld.com\/hu\/wp-json\/wp\/v2\/posts\/2082\/revisions\/2084"}],"wp:featuredmedia":[{"embeddable":true,"href":"https:\/\/hotnewsinworld.com\/hu\/wp-json\/wp\/v2\/media\/2083"}],"wp:attachment":[{"href":"https:\/\/hotnewsinworld.com\/hu\/wp-json\/wp\/v2\/media?parent=2082"}],"wp:term":[{"taxonomy":"category","embeddable":true,"href":"https:\/\/hotnewsinworld.com\/hu\/wp-json\/wp\/v2\/categories?post=2082"},{"taxonomy":"post_tag","embeddable":true,"href":"https:\/\/hotnewsinworld.com\/hu\/wp-json\/wp\/v2\/tags?post=2082"}],"curies":[{"name":"wp","href":"https:\/\/api.w.org\/{rel}","templated":true}]}}