{"id":2085,"date":"2019-09-15T20:57:21","date_gmt":"2019-09-15T17:57:21","guid":{"rendered":"https:\/\/hotnewsinworld.com\/hu\/200-millio-forintot-adott-a-segesdi-katolikus-templom-felujitasara-az-allamtitkar-szerint-magyarorszag-a-keresztenyseg-vedobastyaja\/"},"modified":"2019-09-15T20:57:23","modified_gmt":"2019-09-15T17:57:23","slug":"200-millio-forintot-adott-a-segesdi-katolikus-templom-felujitasara-az-allamtitkar-szerint-magyarorszag-a-keresztenyseg-vedobastyaja","status":"publish","type":"post","link":"https:\/\/hotnewsinworld.com\/hu\/200-millio-forintot-adott-a-segesdi-katolikus-templom-felujitasara-az-allamtitkar-szerint-magyarorszag-a-keresztenyseg-vedobastyaja\/","title":{"rendered":"200 milli\u00f3 forintot adott a segesdi katolikus templom fel\u00faj\u00edt\u00e1s\u00e1ra, az \u00e1llamtitk\u00e1r szerint Magyarorsz\u00e1g a kereszt\u00e9nys\u00e9g v\u00e9d\u0151b\u00e1sty\u00e1ja"},"content":{"rendered":"<p>                    2019. szeptember 15. 19:32  &#8211; szerz\u0151: MTI                <\/p>\n<p>                Magyarorsz\u00e1g a kereszt\u00e9nys\u00e9g v\u00e9d\u0151b\u00e1sty\u00e1ja &#8211; mondta a Minisztereln\u00f6ks\u00e9g egyh\u00e1zi \u00e9s nemzetis\u00e9gi kapcsolatok\u00e9rt felel\u0151s \u00e1llamtitk\u00e1ra a Somogy megyei Segesden, a Szent L\u00e1szl\u00f3r\u00f3l elnevezett helyi r\u00f3mai katolikus templom fel\u00faj\u00edt\u00e1sa alkalm\u00e1b\u00f3l tartott szentmis\u00e9n vas\u00e1rnap.\u00a0Solt\u00e9sz Mikl\u00f3s \u00fagy fogalmazott, m\u00edg kor\u00e1bban Magyarorsz\u00e1g a tat\u00e1r \u00e9s a t\u00f6r\u00f6k, most a muszlim \u00e1radat ellen jelent v\u00e9delmet.A politikus IV. B\u00e9la kir\u00e1lyt m\u00e9ltatva arra eml\u00e9keztetett, hogy az uralkod\u00f3 a tat\u00e1rj\u00e1r\u00e1s v\u00e9g\u00e9n Segesdr\u0151l ir\u00e1ny\u00edtotta a szinte teljesen elpuszt\u00edtott orsz\u00e1g \u00fajj\u00e1\u00e9p\u00edt\u00e9s\u00e9t, munk\u00e1j\u00e1nak k\u00f6sz\u00f6nhet\u0151en a nemzet n\u00e9h\u00e1ny \u00e9vtized alatt talpra \u00e1llt. A kor kiemelked\u0151 politikusa volt: \u00faj, a haza v\u00e9delm\u00e9ben k\u00e9s\u0151bb \u00f3ri\u00e1si seg\u00edts\u00e9get jelent\u0151 k\u0151v\u00e1rrendszert hozott l\u00e9tre, rendbe tette a h\u0171b\u00e9rbirtoki rendszert, egy\u00fcttm\u0171k\u00f6d\u00f6tt a f\u0151urakkal, csal\u00e1dja k\u00e9t szentet \u00e9s k\u00e9t boldogot adott a kereszt\u00e9ny egyh\u00e1znak &#8211; mondta.Fot\u00f3: MTI\/Kelemen Zolt\u00e1n GergelyAz \u00e1llamtitk\u00e1r \u00fajs\u00e1g\u00edr\u00f3knak elmondta, hogy a korm\u00e1ny t\u00f6bb mint 200 milli\u00f3 forinttal t\u00e1mogatta a templomrekonstrukci\u00f3t. A d\u00f6nt\u00e9sben a m\u0171eml\u00e9k \u00e9p\u00fclet meg\u0151rz\u00e9se, a hit\u00e9let k\u00f6r\u00fclm\u00e9nyeinek jav\u00edt\u00e1sa mellett szerepet j\u00e1tszott azt is, hogy IV. B\u00e9l\u00e1hoz kapcsol\u00f3d\u00f3an Segesd a magyar t\u00f6rt\u00e9nelem kiemelt, de sokak \u00e1ltal nem ismert helysz\u00edne, amelynek \u00e9p\u00edtett \u00f6r\u00f6ks\u00e9ge, term\u00e9szeti k\u00f6rnyezete vonz\u00f3 lehet a turist\u00e1knak.Solt\u00e9sz Mikl\u00f3s sz\u00f3lt arr\u00f3l is, hogy Magyarorsz\u00e1gon sok zar\u00e1ndokhely, lelkigyakorlatos h\u00e1z is meg\u00fajult az elm\u00falt \u00e9vekben, hozz\u00e1j\u00e1rulva h\u00edv\u0151k, zar\u00e1ndokok lelki meger\u0151s\u00f6d\u00e9s\u00e9hez, vagy ahhoz, hogy seg\u00edts\u00e9get ny\u00fajtsanak azoknak, akik Istent keresik, vagy valamit szeretn\u00e9nek megoldani az \u00e9let\u00fckben.Varga L\u00e1szl\u00f3 kaposv\u00e1ri megy\u00e9s p\u00fcsp\u00f6k a szentmis\u00e9n arra k\u00e9rte a h\u00edveket, hogy tan\u00edtv\u00e1nyok, azaz Krisztus k\u00f6vet\u0151i, \u00e9s ne csak templomba j\u00e1r\u00f3 vall\u00e1sos emberek legyenek. \u2013 Ha erre igent mondunk, akkor ezen az \u00faton p\u00e9ld\u00e1nk \u00e9s seg\u00edt\u0151nk lesz M\u00e1ria, hogyan kell megtagadnunk, ki\u00fcres\u00edten\u00fcnk magunkat, mit jelent naponta felvenni Krisztus k\u00f6vet\u00e9s\u00e9nek keresztj\u00e9t, mit jelent a felt\u00e1mad\u00e1s hit\u00e9ben v\u00e9gigj\u00e1rni a saj\u00e1t keresztutunkat \u2013 fogalmazott.K\u00f3r\u00e9 Mih\u00e1ly segesdi pl\u00e9b\u00e1nos az MTI \u00e9rdekl\u0151d\u00e9s\u00e9re k\u00f6z\u00f6lte: a 18. sz\u00e1zad m\u00e1sodik fel\u00e9ben, barokk st\u00edlusban \u00e9p\u00fclt Szent L\u00e1szl\u00f3 templomban az elm\u00falt 150 \u00e9vben nem volt a mostanihoz hasonl\u00f3 nagys\u00e1grend\u0171 fejleszt\u00e9s. A beruh\u00e1z\u00e1s keret\u00e9ben restaur\u00e1lt\u00e1k a f\u0151olt\u00e1rt, \u00faj orgon\u00e1t v\u00e1s\u00e1roltak, korszer\u0171s\u00edtett\u00e9k a f\u0171t\u00e9si rendszert, meg\u00fajult a templom \u00e9s a M\u00e1ria kegyk\u00e1polna k\u00f6rny\u00e9ke.<\/p>\n<p>\n<!--noindex--><br \/>\n<a href=\"https:\/\/hirek.oldal.info\/rssclick\/14399160\" rel=\"nofollow\">Source link <\/a><br \/>\n<!--\/noindex--><\/p>\n","protected":false},"excerpt":{"rendered":"<p>2019. szeptember 15. 19:32 &#8211; szerz\u0151: MTI Magyarorsz\u00e1g a kereszt\u00e9nys\u00e9g v\u00e9d\u0151b\u00e1sty\u00e1ja &#8211; mondta a Minisztereln\u00f6ks\u00e9g egyh\u00e1zi \u00e9s nemzetis\u00e9gi kapcsolatok\u00e9rt felel\u0151s \u00e1llamtitk\u00e1ra a Somogy megyei Segesden, a Szent L\u00e1szl\u00f3r\u00f3l elnevezett helyi r\u00f3mai katolikus templom fel\u00faj\u00edt\u00e1sa alkalm\u00e1b\u00f3l tartott szentmis\u00e9n vas\u00e1rnap.\u00a0Solt\u00e9sz Mikl\u00f3s \u00fagy fogalmazott, m\u00edg kor\u00e1bban Magyarorsz\u00e1g a tat\u00e1r \u00e9s a t\u00f6r\u00f6k, most a muszlim \u00e1radat ellen jelent [&hellip;]<\/p>\n","protected":false},"author":2,"featured_media":2086,"comment_status":"open","ping_status":"open","sticky":false,"template":"","format":"standard","meta":{"footnotes":""},"categories":[1],"tags":[],"class_list":["post-2085","post","type-post","status-publish","format-standard","has-post-thumbnail","hentry","category-legujabb-penzugyi-hirek"],"yoast_head":"<!-- This site is optimized with the Yoast SEO plugin v27.4 - https:\/\/yoast.com\/product\/yoast-seo-wordpress\/ -->\n<title>200 milli\u00f3 forintot adott a segesdi katolikus templom fel\u00faj\u00edt\u00e1s\u00e1ra, az \u00e1llamtitk\u00e1r szerint Magyarorsz\u00e1g a kereszt\u00e9nys\u00e9g v\u00e9d\u0151b\u00e1sty\u00e1ja - Hot News in World<\/title>\n<meta name=\"robots\" content=\"index, follow, max-snippet:-1, max-image-preview:large, max-video-preview:-1\" \/>\n<link rel=\"canonical\" href=\"https:\/\/hotnewsinworld.com\/hu\/200-millio-forintot-adott-a-segesdi-katolikus-templom-felujitasara-az-allamtitkar-szerint-magyarorszag-a-keresztenyseg-vedobastyaja\/\" \/>\n<meta property=\"og:locale\" content=\"hu_HU\" \/>\n<meta property=\"og:type\" content=\"article\" \/>\n<meta property=\"og:title\" content=\"200 milli\u00f3 forintot adott a segesdi katolikus templom fel\u00faj\u00edt\u00e1s\u00e1ra, az \u00e1llamtitk\u00e1r szerint Magyarorsz\u00e1g a kereszt\u00e9nys\u00e9g v\u00e9d\u0151b\u00e1sty\u00e1ja - Hot News in World\" \/>\n<meta property=\"og:description\" content=\"2019. szeptember 15. 19:32 &#8211; szerz\u0151: MTI Magyarorsz\u00e1g a kereszt\u00e9nys\u00e9g v\u00e9d\u0151b\u00e1sty\u00e1ja &#8211; mondta a Minisztereln\u00f6ks\u00e9g egyh\u00e1zi \u00e9s nemzetis\u00e9gi kapcsolatok\u00e9rt felel\u0151s \u00e1llamtitk\u00e1ra a Somogy megyei Segesden, a Szent L\u00e1szl\u00f3r\u00f3l elnevezett helyi r\u00f3mai katolikus templom fel\u00faj\u00edt\u00e1sa alkalm\u00e1b\u00f3l tartott szentmis\u00e9n vas\u00e1rnap.\u00a0Solt\u00e9sz Mikl\u00f3s \u00fagy fogalmazott, m\u00edg kor\u00e1bban Magyarorsz\u00e1g a tat\u00e1r \u00e9s a t\u00f6r\u00f6k, most a muszlim \u00e1radat ellen jelent [&hellip;]\" \/>\n<meta property=\"og:url\" content=\"https:\/\/hotnewsinworld.com\/hu\/200-millio-forintot-adott-a-segesdi-katolikus-templom-felujitasara-az-allamtitkar-szerint-magyarorszag-a-keresztenyseg-vedobastyaja\/\" \/>\n<meta property=\"og:site_name\" content=\"Hot News in World\" \/>\n<meta property=\"article:published_time\" content=\"2019-09-15T17:57:21+00:00\" \/>\n<meta property=\"article:modified_time\" content=\"2019-09-15T17:57:23+00:00\" \/>\n<meta property=\"og:image\" content=\"https:\/\/hotnewsinworld.com\/hu\/wp-content\/uploads\/sites\/3\/2019\/09\/200-milli\u00f3-forintot-adott-a-segesdi-katolikus-templom-fel\u00faj\u00edt\u00e1s\u00e1ra-az.jpg\" \/>\n\t<meta property=\"og:image:width\" content=\"1536\" \/>\n\t<meta property=\"og:image:height\" content=\"1024\" \/>\n\t<meta property=\"og:image:type\" content=\"image\/jpeg\" \/>\n<meta name=\"author\" content=\"hotnewsinworld\" \/>\n<meta name=\"twitter:card\" content=\"summary_large_image\" \/>\n<meta name=\"twitter:label1\" content=\"Szerz\u0151:\" \/>\n\t<meta name=\"twitter:data1\" content=\"hotnewsinworld\" \/>\n\t<meta name=\"twitter:label2\" content=\"Becs\u00fclt olvas\u00e1si id\u0151\" \/>\n\t<meta name=\"twitter:data2\" content=\"3 perc\" \/>\n<script type=\"application\/ld+json\" class=\"yoast-schema-graph\">{\"@context\":\"https:\\\/\\\/schema.org\",\"@graph\":[{\"@type\":\"Article\",\"@id\":\"https:\\\/\\\/hotnewsinworld.com\\\/hu\\\/200-millio-forintot-adott-a-segesdi-katolikus-templom-felujitasara-az-allamtitkar-szerint-magyarorszag-a-keresztenyseg-vedobastyaja\\\/#article\",\"isPartOf\":{\"@id\":\"https:\\\/\\\/hotnewsinworld.com\\\/hu\\\/200-millio-forintot-adott-a-segesdi-katolikus-templom-felujitasara-az-allamtitkar-szerint-magyarorszag-a-keresztenyseg-vedobastyaja\\\/\"},\"author\":{\"name\":\"hotnewsinworld\",\"@id\":\"https:\\\/\\\/hotnewsinworld.com\\\/hu\\\/#\\\/schema\\\/person\\\/fe61448b21c0d59086e75fcc1f9d8f6b\"},\"headline\":\"200 milli\u00f3 forintot adott a segesdi katolikus templom fel\u00faj\u00edt\u00e1s\u00e1ra, az \u00e1llamtitk\u00e1r szerint Magyarorsz\u00e1g a kereszt\u00e9nys\u00e9g v\u00e9d\u0151b\u00e1sty\u00e1ja\",\"datePublished\":\"2019-09-15T17:57:21+00:00\",\"dateModified\":\"2019-09-15T17:57:23+00:00\",\"mainEntityOfPage\":{\"@id\":\"https:\\\/\\\/hotnewsinworld.com\\\/hu\\\/200-millio-forintot-adott-a-segesdi-katolikus-templom-felujitasara-az-allamtitkar-szerint-magyarorszag-a-keresztenyseg-vedobastyaja\\\/\"},\"wordCount\":561,\"commentCount\":0,\"image\":{\"@id\":\"https:\\\/\\\/hotnewsinworld.com\\\/hu\\\/200-millio-forintot-adott-a-segesdi-katolikus-templom-felujitasara-az-allamtitkar-szerint-magyarorszag-a-keresztenyseg-vedobastyaja\\\/#primaryimage\"},\"thumbnailUrl\":\"https:\\\/\\\/hotnewsinworld.com\\\/hu\\\/wp-content\\\/uploads\\\/sites\\\/3\\\/2019\\\/09\\\/200-milli\u00f3-forintot-adott-a-segesdi-katolikus-templom-fel\u00faj\u00edt\u00e1s\u00e1ra-az.jpg\",\"articleSection\":[\"LEG\u00daJABB P\u00c9NZ\u00dcGYI H\u00cdREK\"],\"inLanguage\":\"hu\",\"potentialAction\":[{\"@type\":\"CommentAction\",\"name\":\"Comment\",\"target\":[\"https:\\\/\\\/hotnewsinworld.com\\\/hu\\\/200-millio-forintot-adott-a-segesdi-katolikus-templom-felujitasara-az-allamtitkar-szerint-magyarorszag-a-keresztenyseg-vedobastyaja\\\/#respond\"]}]},{\"@type\":\"WebPage\",\"@id\":\"https:\\\/\\\/hotnewsinworld.com\\\/hu\\\/200-millio-forintot-adott-a-segesdi-katolikus-templom-felujitasara-az-allamtitkar-szerint-magyarorszag-a-keresztenyseg-vedobastyaja\\\/\",\"url\":\"https:\\\/\\\/hotnewsinworld.com\\\/hu\\\/200-millio-forintot-adott-a-segesdi-katolikus-templom-felujitasara-az-allamtitkar-szerint-magyarorszag-a-keresztenyseg-vedobastyaja\\\/\",\"name\":\"200 milli\u00f3 forintot adott a segesdi katolikus templom fel\u00faj\u00edt\u00e1s\u00e1ra, az \u00e1llamtitk\u00e1r szerint Magyarorsz\u00e1g a kereszt\u00e9nys\u00e9g v\u00e9d\u0151b\u00e1sty\u00e1ja - Hot News in World\",\"isPartOf\":{\"@id\":\"https:\\\/\\\/hotnewsinworld.com\\\/hu\\\/#website\"},\"primaryImageOfPage\":{\"@id\":\"https:\\\/\\\/hotnewsinworld.com\\\/hu\\\/200-millio-forintot-adott-a-segesdi-katolikus-templom-felujitasara-az-allamtitkar-szerint-magyarorszag-a-keresztenyseg-vedobastyaja\\\/#primaryimage\"},\"image\":{\"@id\":\"https:\\\/\\\/hotnewsinworld.com\\\/hu\\\/200-millio-forintot-adott-a-segesdi-katolikus-templom-felujitasara-az-allamtitkar-szerint-magyarorszag-a-keresztenyseg-vedobastyaja\\\/#primaryimage\"},\"thumbnailUrl\":\"https:\\\/\\\/hotnewsinworld.com\\\/hu\\\/wp-content\\\/uploads\\\/sites\\\/3\\\/2019\\\/09\\\/200-milli\u00f3-forintot-adott-a-segesdi-katolikus-templom-fel\u00faj\u00edt\u00e1s\u00e1ra-az.jpg\",\"datePublished\":\"2019-09-15T17:57:21+00:00\",\"dateModified\":\"2019-09-15T17:57:23+00:00\",\"author\":{\"@id\":\"https:\\\/\\\/hotnewsinworld.com\\\/hu\\\/#\\\/schema\\\/person\\\/fe61448b21c0d59086e75fcc1f9d8f6b\"},\"breadcrumb\":{\"@id\":\"https:\\\/\\\/hotnewsinworld.com\\\/hu\\\/200-millio-forintot-adott-a-segesdi-katolikus-templom-felujitasara-az-allamtitkar-szerint-magyarorszag-a-keresztenyseg-vedobastyaja\\\/#breadcrumb\"},\"inLanguage\":\"hu\",\"potentialAction\":[{\"@type\":\"ReadAction\",\"target\":[\"https:\\\/\\\/hotnewsinworld.com\\\/hu\\\/200-millio-forintot-adott-a-segesdi-katolikus-templom-felujitasara-az-allamtitkar-szerint-magyarorszag-a-keresztenyseg-vedobastyaja\\\/\"]}]},{\"@type\":\"ImageObject\",\"inLanguage\":\"hu\",\"@id\":\"https:\\\/\\\/hotnewsinworld.com\\\/hu\\\/200-millio-forintot-adott-a-segesdi-katolikus-templom-felujitasara-az-allamtitkar-szerint-magyarorszag-a-keresztenyseg-vedobastyaja\\\/#primaryimage\",\"url\":\"https:\\\/\\\/hotnewsinworld.com\\\/hu\\\/wp-content\\\/uploads\\\/sites\\\/3\\\/2019\\\/09\\\/200-milli\u00f3-forintot-adott-a-segesdi-katolikus-templom-fel\u00faj\u00edt\u00e1s\u00e1ra-az.jpg\",\"contentUrl\":\"https:\\\/\\\/hotnewsinworld.com\\\/hu\\\/wp-content\\\/uploads\\\/sites\\\/3\\\/2019\\\/09\\\/200-milli\u00f3-forintot-adott-a-segesdi-katolikus-templom-fel\u00faj\u00edt\u00e1s\u00e1ra-az.jpg\",\"width\":1536,\"height\":1024,\"caption\":\"200 milli\u00f3 forintot adott a segesdi katolikus templom fel\u00faj\u00edt\u00e1s\u00e1ra, az \u00e1llamtitk\u00e1r szerint Magyarorsz\u00e1g a kereszt\u00e9nys\u00e9g v\u00e9d\u0151b\u00e1sty\u00e1ja\"},{\"@type\":\"BreadcrumbList\",\"@id\":\"https:\\\/\\\/hotnewsinworld.com\\\/hu\\\/200-millio-forintot-adott-a-segesdi-katolikus-templom-felujitasara-az-allamtitkar-szerint-magyarorszag-a-keresztenyseg-vedobastyaja\\\/#breadcrumb\",\"itemListElement\":[{\"@type\":\"ListItem\",\"position\":1,\"name\":\"\u0413\u043b\u0430\u0432\u043d\u0430\u044f \u0441\u0442\u0440\u0430\u043d\u0438\u0446\u0430\",\"item\":\"https:\\\/\\\/hotnewsinworld.com\\\/hu\\\/\"},{\"@type\":\"ListItem\",\"position\":2,\"name\":\"200 milli\u00f3 forintot adott a segesdi katolikus templom fel\u00faj\u00edt\u00e1s\u00e1ra, az \u00e1llamtitk\u00e1r szerint Magyarorsz\u00e1g a kereszt\u00e9nys\u00e9g v\u00e9d\u0151b\u00e1sty\u00e1ja\"}]},{\"@type\":\"WebSite\",\"@id\":\"https:\\\/\\\/hotnewsinworld.com\\\/hu\\\/#website\",\"url\":\"https:\\\/\\\/hotnewsinworld.com\\\/hu\\\/\",\"name\":\"Hot News in World\",\"description\":\"Hot News in World from Hungary\",\"potentialAction\":[{\"@type\":\"SearchAction\",\"target\":{\"@type\":\"EntryPoint\",\"urlTemplate\":\"https:\\\/\\\/hotnewsinworld.com\\\/hu\\\/?s={search_term_string}\"},\"query-input\":{\"@type\":\"PropertyValueSpecification\",\"valueRequired\":true,\"valueName\":\"search_term_string\"}}],\"inLanguage\":\"hu\"},{\"@type\":\"Person\",\"@id\":\"https:\\\/\\\/hotnewsinworld.com\\\/hu\\\/#\\\/schema\\\/person\\\/fe61448b21c0d59086e75fcc1f9d8f6b\",\"name\":\"hotnewsinworld\",\"image\":{\"@type\":\"ImageObject\",\"inLanguage\":\"hu\",\"@id\":\"https:\\\/\\\/secure.gravatar.com\\\/avatar\\\/8a09ac165600ce2e1c38fe593c63928eb1e6e7ba5c5a907d67787c41b3d00c14?s=96&d=mm&r=g\",\"url\":\"https:\\\/\\\/secure.gravatar.com\\\/avatar\\\/8a09ac165600ce2e1c38fe593c63928eb1e6e7ba5c5a907d67787c41b3d00c14?s=96&d=mm&r=g\",\"contentUrl\":\"https:\\\/\\\/secure.gravatar.com\\\/avatar\\\/8a09ac165600ce2e1c38fe593c63928eb1e6e7ba5c5a907d67787c41b3d00c14?s=96&d=mm&r=g\",\"caption\":\"hotnewsinworld\"},\"url\":\"https:\\\/\\\/hotnewsinworld.com\\\/hu\\\/author\\\/pt\\\/\"}]}<\/script>\n<!-- \/ Yoast SEO plugin. -->","yoast_head_json":{"title":"200 milli\u00f3 forintot adott a segesdi katolikus templom fel\u00faj\u00edt\u00e1s\u00e1ra, az \u00e1llamtitk\u00e1r szerint Magyarorsz\u00e1g a kereszt\u00e9nys\u00e9g v\u00e9d\u0151b\u00e1sty\u00e1ja - Hot News in World","robots":{"index":"index","follow":"follow","max-snippet":"max-snippet:-1","max-image-preview":"max-image-preview:large","max-video-preview":"max-video-preview:-1"},"canonical":"https:\/\/hotnewsinworld.com\/hu\/200-millio-forintot-adott-a-segesdi-katolikus-templom-felujitasara-az-allamtitkar-szerint-magyarorszag-a-keresztenyseg-vedobastyaja\/","og_locale":"hu_HU","og_type":"article","og_title":"200 milli\u00f3 forintot adott a segesdi katolikus templom fel\u00faj\u00edt\u00e1s\u00e1ra, az \u00e1llamtitk\u00e1r szerint Magyarorsz\u00e1g a kereszt\u00e9nys\u00e9g v\u00e9d\u0151b\u00e1sty\u00e1ja - Hot News in World","og_description":"2019. szeptember 15. 19:32 &#8211; szerz\u0151: MTI Magyarorsz\u00e1g a kereszt\u00e9nys\u00e9g v\u00e9d\u0151b\u00e1sty\u00e1ja &#8211; mondta a Minisztereln\u00f6ks\u00e9g egyh\u00e1zi \u00e9s nemzetis\u00e9gi kapcsolatok\u00e9rt felel\u0151s \u00e1llamtitk\u00e1ra a Somogy megyei Segesden, a Szent L\u00e1szl\u00f3r\u00f3l elnevezett helyi r\u00f3mai katolikus templom fel\u00faj\u00edt\u00e1sa alkalm\u00e1b\u00f3l tartott szentmis\u00e9n vas\u00e1rnap.\u00a0Solt\u00e9sz Mikl\u00f3s \u00fagy fogalmazott, m\u00edg kor\u00e1bban Magyarorsz\u00e1g a tat\u00e1r \u00e9s a t\u00f6r\u00f6k, most a muszlim \u00e1radat ellen jelent [&hellip;]","og_url":"https:\/\/hotnewsinworld.com\/hu\/200-millio-forintot-adott-a-segesdi-katolikus-templom-felujitasara-az-allamtitkar-szerint-magyarorszag-a-keresztenyseg-vedobastyaja\/","og_site_name":"Hot News in World","article_published_time":"2019-09-15T17:57:21+00:00","article_modified_time":"2019-09-15T17:57:23+00:00","og_image":[{"width":1536,"height":1024,"url":"https:\/\/hotnewsinworld.com\/hu\/wp-content\/uploads\/sites\/3\/2019\/09\/200-milli\u00f3-forintot-adott-a-segesdi-katolikus-templom-fel\u00faj\u00edt\u00e1s\u00e1ra-az.jpg","type":"image\/jpeg"}],"author":"hotnewsinworld","twitter_card":"summary_large_image","twitter_misc":{"Szerz\u0151:":"hotnewsinworld","Becs\u00fclt olvas\u00e1si id\u0151":"3 perc"},"schema":{"@context":"https:\/\/schema.org","@graph":[{"@type":"Article","@id":"https:\/\/hotnewsinworld.com\/hu\/200-millio-forintot-adott-a-segesdi-katolikus-templom-felujitasara-az-allamtitkar-szerint-magyarorszag-a-keresztenyseg-vedobastyaja\/#article","isPartOf":{"@id":"https:\/\/hotnewsinworld.com\/hu\/200-millio-forintot-adott-a-segesdi-katolikus-templom-felujitasara-az-allamtitkar-szerint-magyarorszag-a-keresztenyseg-vedobastyaja\/"},"author":{"name":"hotnewsinworld","@id":"https:\/\/hotnewsinworld.com\/hu\/#\/schema\/person\/fe61448b21c0d59086e75fcc1f9d8f6b"},"headline":"200 milli\u00f3 forintot adott a segesdi katolikus templom fel\u00faj\u00edt\u00e1s\u00e1ra, az \u00e1llamtitk\u00e1r szerint Magyarorsz\u00e1g a kereszt\u00e9nys\u00e9g v\u00e9d\u0151b\u00e1sty\u00e1ja","datePublished":"2019-09-15T17:57:21+00:00","dateModified":"2019-09-15T17:57:23+00:00","mainEntityOfPage":{"@id":"https:\/\/hotnewsinworld.com\/hu\/200-millio-forintot-adott-a-segesdi-katolikus-templom-felujitasara-az-allamtitkar-szerint-magyarorszag-a-keresztenyseg-vedobastyaja\/"},"wordCount":561,"commentCount":0,"image":{"@id":"https:\/\/hotnewsinworld.com\/hu\/200-millio-forintot-adott-a-segesdi-katolikus-templom-felujitasara-az-allamtitkar-szerint-magyarorszag-a-keresztenyseg-vedobastyaja\/#primaryimage"},"thumbnailUrl":"https:\/\/hotnewsinworld.com\/hu\/wp-content\/uploads\/sites\/3\/2019\/09\/200-milli\u00f3-forintot-adott-a-segesdi-katolikus-templom-fel\u00faj\u00edt\u00e1s\u00e1ra-az.jpg","articleSection":["LEG\u00daJABB P\u00c9NZ\u00dcGYI H\u00cdREK"],"inLanguage":"hu","potentialAction":[{"@type":"CommentAction","name":"Comment","target":["https:\/\/hotnewsinworld.com\/hu\/200-millio-forintot-adott-a-segesdi-katolikus-templom-felujitasara-az-allamtitkar-szerint-magyarorszag-a-keresztenyseg-vedobastyaja\/#respond"]}]},{"@type":"WebPage","@id":"https:\/\/hotnewsinworld.com\/hu\/200-millio-forintot-adott-a-segesdi-katolikus-templom-felujitasara-az-allamtitkar-szerint-magyarorszag-a-keresztenyseg-vedobastyaja\/","url":"https:\/\/hotnewsinworld.com\/hu\/200-millio-forintot-adott-a-segesdi-katolikus-templom-felujitasara-az-allamtitkar-szerint-magyarorszag-a-keresztenyseg-vedobastyaja\/","name":"200 milli\u00f3 forintot adott a segesdi katolikus templom fel\u00faj\u00edt\u00e1s\u00e1ra, az \u00e1llamtitk\u00e1r szerint Magyarorsz\u00e1g a kereszt\u00e9nys\u00e9g v\u00e9d\u0151b\u00e1sty\u00e1ja - Hot News in World","isPartOf":{"@id":"https:\/\/hotnewsinworld.com\/hu\/#website"},"primaryImageOfPage":{"@id":"https:\/\/hotnewsinworld.com\/hu\/200-millio-forintot-adott-a-segesdi-katolikus-templom-felujitasara-az-allamtitkar-szerint-magyarorszag-a-keresztenyseg-vedobastyaja\/#primaryimage"},"image":{"@id":"https:\/\/hotnewsinworld.com\/hu\/200-millio-forintot-adott-a-segesdi-katolikus-templom-felujitasara-az-allamtitkar-szerint-magyarorszag-a-keresztenyseg-vedobastyaja\/#primaryimage"},"thumbnailUrl":"https:\/\/hotnewsinworld.com\/hu\/wp-content\/uploads\/sites\/3\/2019\/09\/200-milli\u00f3-forintot-adott-a-segesdi-katolikus-templom-fel\u00faj\u00edt\u00e1s\u00e1ra-az.jpg","datePublished":"2019-09-15T17:57:21+00:00","dateModified":"2019-09-15T17:57:23+00:00","author":{"@id":"https:\/\/hotnewsinworld.com\/hu\/#\/schema\/person\/fe61448b21c0d59086e75fcc1f9d8f6b"},"breadcrumb":{"@id":"https:\/\/hotnewsinworld.com\/hu\/200-millio-forintot-adott-a-segesdi-katolikus-templom-felujitasara-az-allamtitkar-szerint-magyarorszag-a-keresztenyseg-vedobastyaja\/#breadcrumb"},"inLanguage":"hu","potentialAction":[{"@type":"ReadAction","target":["https:\/\/hotnewsinworld.com\/hu\/200-millio-forintot-adott-a-segesdi-katolikus-templom-felujitasara-az-allamtitkar-szerint-magyarorszag-a-keresztenyseg-vedobastyaja\/"]}]},{"@type":"ImageObject","inLanguage":"hu","@id":"https:\/\/hotnewsinworld.com\/hu\/200-millio-forintot-adott-a-segesdi-katolikus-templom-felujitasara-az-allamtitkar-szerint-magyarorszag-a-keresztenyseg-vedobastyaja\/#primaryimage","url":"https:\/\/hotnewsinworld.com\/hu\/wp-content\/uploads\/sites\/3\/2019\/09\/200-milli\u00f3-forintot-adott-a-segesdi-katolikus-templom-fel\u00faj\u00edt\u00e1s\u00e1ra-az.jpg","contentUrl":"https:\/\/hotnewsinworld.com\/hu\/wp-content\/uploads\/sites\/3\/2019\/09\/200-milli\u00f3-forintot-adott-a-segesdi-katolikus-templom-fel\u00faj\u00edt\u00e1s\u00e1ra-az.jpg","width":1536,"height":1024,"caption":"200 milli\u00f3 forintot adott a segesdi katolikus templom fel\u00faj\u00edt\u00e1s\u00e1ra, az \u00e1llamtitk\u00e1r szerint Magyarorsz\u00e1g a kereszt\u00e9nys\u00e9g v\u00e9d\u0151b\u00e1sty\u00e1ja"},{"@type":"BreadcrumbList","@id":"https:\/\/hotnewsinworld.com\/hu\/200-millio-forintot-adott-a-segesdi-katolikus-templom-felujitasara-az-allamtitkar-szerint-magyarorszag-a-keresztenyseg-vedobastyaja\/#breadcrumb","itemListElement":[{"@type":"ListItem","position":1,"name":"\u0413\u043b\u0430\u0432\u043d\u0430\u044f \u0441\u0442\u0440\u0430\u043d\u0438\u0446\u0430","item":"https:\/\/hotnewsinworld.com\/hu\/"},{"@type":"ListItem","position":2,"name":"200 milli\u00f3 forintot adott a segesdi katolikus templom fel\u00faj\u00edt\u00e1s\u00e1ra, az \u00e1llamtitk\u00e1r szerint Magyarorsz\u00e1g a kereszt\u00e9nys\u00e9g v\u00e9d\u0151b\u00e1sty\u00e1ja"}]},{"@type":"WebSite","@id":"https:\/\/hotnewsinworld.com\/hu\/#website","url":"https:\/\/hotnewsinworld.com\/hu\/","name":"Hot News in World","description":"Hot News in World from Hungary","potentialAction":[{"@type":"SearchAction","target":{"@type":"EntryPoint","urlTemplate":"https:\/\/hotnewsinworld.com\/hu\/?s={search_term_string}"},"query-input":{"@type":"PropertyValueSpecification","valueRequired":true,"valueName":"search_term_string"}}],"inLanguage":"hu"},{"@type":"Person","@id":"https:\/\/hotnewsinworld.com\/hu\/#\/schema\/person\/fe61448b21c0d59086e75fcc1f9d8f6b","name":"hotnewsinworld","image":{"@type":"ImageObject","inLanguage":"hu","@id":"https:\/\/secure.gravatar.com\/avatar\/8a09ac165600ce2e1c38fe593c63928eb1e6e7ba5c5a907d67787c41b3d00c14?s=96&d=mm&r=g","url":"https:\/\/secure.gravatar.com\/avatar\/8a09ac165600ce2e1c38fe593c63928eb1e6e7ba5c5a907d67787c41b3d00c14?s=96&d=mm&r=g","contentUrl":"https:\/\/secure.gravatar.com\/avatar\/8a09ac165600ce2e1c38fe593c63928eb1e6e7ba5c5a907d67787c41b3d00c14?s=96&d=mm&r=g","caption":"hotnewsinworld"},"url":"https:\/\/hotnewsinworld.com\/hu\/author\/pt\/"}]}},"_links":{"self":[{"href":"https:\/\/hotnewsinworld.com\/hu\/wp-json\/wp\/v2\/posts\/2085","targetHints":{"allow":["GET"]}}],"collection":[{"href":"https:\/\/hotnewsinworld.com\/hu\/wp-json\/wp\/v2\/posts"}],"about":[{"href":"https:\/\/hotnewsinworld.com\/hu\/wp-json\/wp\/v2\/types\/post"}],"author":[{"embeddable":true,"href":"https:\/\/hotnewsinworld.com\/hu\/wp-json\/wp\/v2\/users\/2"}],"replies":[{"embeddable":true,"href":"https:\/\/hotnewsinworld.com\/hu\/wp-json\/wp\/v2\/comments?post=2085"}],"version-history":[{"count":1,"href":"https:\/\/hotnewsinworld.com\/hu\/wp-json\/wp\/v2\/posts\/2085\/revisions"}],"predecessor-version":[{"id":2087,"href":"https:\/\/hotnewsinworld.com\/hu\/wp-json\/wp\/v2\/posts\/2085\/revisions\/2087"}],"wp:featuredmedia":[{"embeddable":true,"href":"https:\/\/hotnewsinworld.com\/hu\/wp-json\/wp\/v2\/media\/2086"}],"wp:attachment":[{"href":"https:\/\/hotnewsinworld.com\/hu\/wp-json\/wp\/v2\/media?parent=2085"}],"wp:term":[{"taxonomy":"category","embeddable":true,"href":"https:\/\/hotnewsinworld.com\/hu\/wp-json\/wp\/v2\/categories?post=2085"},{"taxonomy":"post_tag","embeddable":true,"href":"https:\/\/hotnewsinworld.com\/hu\/wp-json\/wp\/v2\/tags?post=2085"}],"curies":[{"name":"wp","href":"https:\/\/api.w.org\/{rel}","templated":true}]}}