{"id":2090,"date":"2019-09-16T00:06:08","date_gmt":"2019-09-15T21:06:08","guid":{"rendered":"https:\/\/hotnewsinworld.com\/hu\/elkummantott-ajanloivenkent-1000-forintra-buntetik-a-valasztasi-indulokat\/"},"modified":"2019-09-16T00:06:10","modified_gmt":"2019-09-15T21:06:10","slug":"elkummantott-ajanloivenkent-1000-forintra-buntetik-a-valasztasi-indulokat","status":"publish","type":"post","link":"https:\/\/hotnewsinworld.com\/hu\/elkummantott-ajanloivenkent-1000-forintra-buntetik-a-valasztasi-indulokat\/","title":{"rendered":"Elkummantott aj\u00e1nl\u00f3\u00edvenk\u00e9nt 1000 forintra b\u00fcntetik a v\u00e1laszt\u00e1si indul\u00f3kat"},"content":{"rendered":"<p>\t\t\t\t\t\tH\u00e9tf\u0151n j\u00e1rt le a hat\u00e1rid\u0151.<br \/>\n\t\t\t\t\tKedd \u00e9jf\u00e9lig kell kiszabniuk a v\u00e1laszt\u00e1si bizotts\u00e1goknak a b\u00edrs\u00e1got, ha az \u00f6nkorm\u00e1nyzati v\u00e1laszt\u00e1son indul\u00f3 jel\u00f6lt nem vitte vissza a v\u00e1laszt\u00e1si irod\u00e1hoz az \u00f6sszes kik\u00e9rt aj\u00e1nl\u00e1sgy\u0171jt\u0151 \u00edvet.<br \/>\nA helyi \u00f6nkorm\u00e1nyzati k\u00e9pvisel\u0151k \u00e9s polg\u00e1rmesterek, valamint a nemzetis\u00e9gi k\u00e9pvisel\u0151k v\u00e1laszt\u00e1s\u00e1n a jel\u00f6ltek aj\u00e1nl\u00f3\u00edveken gy\u0171jthett\u00e9k az indul\u00e1shoz sz\u00fcks\u00e9ges aj\u00e1nl\u00e1sokat. A jel\u00f6lteknek a bejelentkez\u00e9sre \u00e9s az aj\u00e1nl\u00f3\u00edvek lead\u00e1s\u00e1ra szeptember kilencedik\u00e9n, h\u00e9tf\u0151n d\u00e9lut\u00e1n n\u00e9gyig \u00f3r\u00e1ig volt lehet\u0151s\u00e9g\u00fck.<br \/>\nA jel\u00f6lteknek az \u00f6sszes aj\u00e1nl\u00f3\u00edvet \u00e1t kell adniuk a v\u00e1laszt\u00e1si irod\u00e1nak, aj\u00e1nl\u00f3\u00edv nem maradhat n\u00e1luk. Aki elmulasztotta leadni az \u00f6sszes aj\u00e1nl\u00f3\u00edvet, megb\u00edrs\u00e1golj\u00e1k. A b\u00edrs\u00e1got a v\u00e1laszt\u00e1si bizotts\u00e1g szabja ki, ennek \u00f6sszege minden be nem ny\u00fajtott aj\u00e1nl\u00f3\u00edv ut\u00e1n ezer forint.<br \/>\nNem szabhat\u00f3 ki b\u00edrs\u00e1g a hat\u00e1rid\u0151 letelt\u00e9t k\u00f6vet\u0151 napon beny\u00fajtott, aj\u00e1nl\u00e1st nem tartalmaz\u00f3 aj\u00e1nl\u00f3\u00edv ut\u00e1n.<br \/>\nA v\u00e1laszt\u00e1si bizotts\u00e1goknak kedden, szeptember tizenhetedik\u00e9n \u00e9jf\u00e9lig kell kiszabniuk a b\u00edrs\u00e1got az egy\u00e9ni jel\u00f6ltek \u00e1ltal vissza nem vitt aj\u00e1nl\u00f3\u00edvek ut\u00e1n.<br \/>\nA megyei list\u00e1k eset\u00e9ben a jel\u00f6l\u0151szervezetek szeptember tizedik\u00e9n, kedden d\u00e9lut\u00e1n n\u00e9gyig \u00f3r\u00e1ig adhatt\u00e1k le aj\u00e1nl\u00e1saikat, a vissza nem vitt aj\u00e1nl\u00f3\u00edvek miatt a b\u00edrs\u00e1got szeptember tizennyolcadik\u00e1n, szerd\u00e1n \u00e9jf\u00e9lig kell kiszabniuk a v\u00e1laszt\u00e1si bizotts\u00e1goknak.<\/p>\n<p>\n<!--noindex--><br \/>\n<a href=\"https:\/\/hirek.oldal.info\/rssclick\/14399366\" rel=\"nofollow\">Source link <\/a><br \/>\n<!--\/noindex--><\/p>\n","protected":false},"excerpt":{"rendered":"<p>H\u00e9tf\u0151n j\u00e1rt le a hat\u00e1rid\u0151. Kedd \u00e9jf\u00e9lig kell kiszabniuk a v\u00e1laszt\u00e1si bizotts\u00e1goknak a b\u00edrs\u00e1got, ha az \u00f6nkorm\u00e1nyzati v\u00e1laszt\u00e1son indul\u00f3 jel\u00f6lt nem vitte vissza a v\u00e1laszt\u00e1si irod\u00e1hoz az \u00f6sszes kik\u00e9rt aj\u00e1nl\u00e1sgy\u0171jt\u0151 \u00edvet. A helyi \u00f6nkorm\u00e1nyzati k\u00e9pvisel\u0151k \u00e9s polg\u00e1rmesterek, valamint a nemzetis\u00e9gi k\u00e9pvisel\u0151k v\u00e1laszt\u00e1s\u00e1n a jel\u00f6ltek aj\u00e1nl\u00f3\u00edveken gy\u0171jthett\u00e9k az indul\u00e1shoz sz\u00fcks\u00e9ges aj\u00e1nl\u00e1sokat. A jel\u00f6lteknek a bejelentkez\u00e9sre \u00e9s [&hellip;]<\/p>\n","protected":false},"author":2,"featured_media":2091,"comment_status":"open","ping_status":"open","sticky":false,"template":"","format":"standard","meta":{"footnotes":""},"categories":[1],"tags":[],"class_list":["post-2090","post","type-post","status-publish","format-standard","has-post-thumbnail","hentry","category-legujabb-penzugyi-hirek"],"yoast_head":"<!-- This site is optimized with the Yoast SEO plugin v27.4 - https:\/\/yoast.com\/product\/yoast-seo-wordpress\/ -->\n<title>Elkummantott aj\u00e1nl\u00f3\u00edvenk\u00e9nt 1000 forintra b\u00fcntetik a v\u00e1laszt\u00e1si indul\u00f3kat - Hot News in World<\/title>\n<meta name=\"robots\" content=\"index, follow, max-snippet:-1, max-image-preview:large, max-video-preview:-1\" \/>\n<link rel=\"canonical\" href=\"https:\/\/hotnewsinworld.com\/hu\/elkummantott-ajanloivenkent-1000-forintra-buntetik-a-valasztasi-indulokat\/\" \/>\n<meta property=\"og:locale\" content=\"hu_HU\" \/>\n<meta property=\"og:type\" content=\"article\" \/>\n<meta property=\"og:title\" content=\"Elkummantott aj\u00e1nl\u00f3\u00edvenk\u00e9nt 1000 forintra b\u00fcntetik a v\u00e1laszt\u00e1si indul\u00f3kat - Hot News in World\" \/>\n<meta property=\"og:description\" content=\"H\u00e9tf\u0151n j\u00e1rt le a hat\u00e1rid\u0151. Kedd \u00e9jf\u00e9lig kell kiszabniuk a v\u00e1laszt\u00e1si bizotts\u00e1goknak a b\u00edrs\u00e1got, ha az \u00f6nkorm\u00e1nyzati v\u00e1laszt\u00e1son indul\u00f3 jel\u00f6lt nem vitte vissza a v\u00e1laszt\u00e1si irod\u00e1hoz az \u00f6sszes kik\u00e9rt aj\u00e1nl\u00e1sgy\u0171jt\u0151 \u00edvet. A helyi \u00f6nkorm\u00e1nyzati k\u00e9pvisel\u0151k \u00e9s polg\u00e1rmesterek, valamint a nemzetis\u00e9gi k\u00e9pvisel\u0151k v\u00e1laszt\u00e1s\u00e1n a jel\u00f6ltek aj\u00e1nl\u00f3\u00edveken gy\u0171jthett\u00e9k az indul\u00e1shoz sz\u00fcks\u00e9ges aj\u00e1nl\u00e1sokat. A jel\u00f6lteknek a bejelentkez\u00e9sre \u00e9s [&hellip;]\" \/>\n<meta property=\"og:url\" content=\"https:\/\/hotnewsinworld.com\/hu\/elkummantott-ajanloivenkent-1000-forintra-buntetik-a-valasztasi-indulokat\/\" \/>\n<meta property=\"og:site_name\" content=\"Hot News in World\" \/>\n<meta property=\"article:published_time\" content=\"2019-09-15T21:06:08+00:00\" \/>\n<meta property=\"article:modified_time\" content=\"2019-09-15T21:06:10+00:00\" \/>\n<meta property=\"og:image\" content=\"https:\/\/hotnewsinworld.com\/hu\/wp-content\/uploads\/sites\/3\/2019\/09\/Elkummantott-aj\u00e1nl\u00f3\u00edvenk\u00e9nt-1000-forintra-b\u00fcntetik-a-v\u00e1laszt\u00e1si-indul\u00f3kat.jpg\" \/>\n\t<meta property=\"og:image:width\" content=\"1024\" \/>\n\t<meta property=\"og:image:height\" content=\"578\" \/>\n\t<meta property=\"og:image:type\" content=\"image\/jpeg\" \/>\n<meta name=\"author\" content=\"hotnewsinworld\" \/>\n<meta name=\"twitter:card\" content=\"summary_large_image\" \/>\n<meta name=\"twitter:label1\" content=\"Szerz\u0151:\" \/>\n\t<meta name=\"twitter:data1\" content=\"hotnewsinworld\" \/>\n\t<meta name=\"twitter:label2\" content=\"Becs\u00fclt olvas\u00e1si id\u0151\" \/>\n\t<meta name=\"twitter:data2\" content=\"1 perc\" \/>\n<script type=\"application\/ld+json\" class=\"yoast-schema-graph\">{\"@context\":\"https:\\\/\\\/schema.org\",\"@graph\":[{\"@type\":\"Article\",\"@id\":\"https:\\\/\\\/hotnewsinworld.com\\\/hu\\\/elkummantott-ajanloivenkent-1000-forintra-buntetik-a-valasztasi-indulokat\\\/#article\",\"isPartOf\":{\"@id\":\"https:\\\/\\\/hotnewsinworld.com\\\/hu\\\/elkummantott-ajanloivenkent-1000-forintra-buntetik-a-valasztasi-indulokat\\\/\"},\"author\":{\"name\":\"hotnewsinworld\",\"@id\":\"https:\\\/\\\/hotnewsinworld.com\\\/hu\\\/#\\\/schema\\\/person\\\/fe61448b21c0d59086e75fcc1f9d8f6b\"},\"headline\":\"Elkummantott aj\u00e1nl\u00f3\u00edvenk\u00e9nt 1000 forintra b\u00fcntetik a v\u00e1laszt\u00e1si indul\u00f3kat\",\"datePublished\":\"2019-09-15T21:06:08+00:00\",\"dateModified\":\"2019-09-15T21:06:10+00:00\",\"mainEntityOfPage\":{\"@id\":\"https:\\\/\\\/hotnewsinworld.com\\\/hu\\\/elkummantott-ajanloivenkent-1000-forintra-buntetik-a-valasztasi-indulokat\\\/\"},\"wordCount\":313,\"commentCount\":0,\"image\":{\"@id\":\"https:\\\/\\\/hotnewsinworld.com\\\/hu\\\/elkummantott-ajanloivenkent-1000-forintra-buntetik-a-valasztasi-indulokat\\\/#primaryimage\"},\"thumbnailUrl\":\"https:\\\/\\\/hotnewsinworld.com\\\/hu\\\/wp-content\\\/uploads\\\/sites\\\/3\\\/2019\\\/09\\\/Elkummantott-aj\u00e1nl\u00f3\u00edvenk\u00e9nt-1000-forintra-b\u00fcntetik-a-v\u00e1laszt\u00e1si-indul\u00f3kat.jpg\",\"articleSection\":[\"LEG\u00daJABB P\u00c9NZ\u00dcGYI H\u00cdREK\"],\"inLanguage\":\"hu\",\"potentialAction\":[{\"@type\":\"CommentAction\",\"name\":\"Comment\",\"target\":[\"https:\\\/\\\/hotnewsinworld.com\\\/hu\\\/elkummantott-ajanloivenkent-1000-forintra-buntetik-a-valasztasi-indulokat\\\/#respond\"]}]},{\"@type\":\"WebPage\",\"@id\":\"https:\\\/\\\/hotnewsinworld.com\\\/hu\\\/elkummantott-ajanloivenkent-1000-forintra-buntetik-a-valasztasi-indulokat\\\/\",\"url\":\"https:\\\/\\\/hotnewsinworld.com\\\/hu\\\/elkummantott-ajanloivenkent-1000-forintra-buntetik-a-valasztasi-indulokat\\\/\",\"name\":\"Elkummantott aj\u00e1nl\u00f3\u00edvenk\u00e9nt 1000 forintra b\u00fcntetik a v\u00e1laszt\u00e1si indul\u00f3kat - Hot News in World\",\"isPartOf\":{\"@id\":\"https:\\\/\\\/hotnewsinworld.com\\\/hu\\\/#website\"},\"primaryImageOfPage\":{\"@id\":\"https:\\\/\\\/hotnewsinworld.com\\\/hu\\\/elkummantott-ajanloivenkent-1000-forintra-buntetik-a-valasztasi-indulokat\\\/#primaryimage\"},\"image\":{\"@id\":\"https:\\\/\\\/hotnewsinworld.com\\\/hu\\\/elkummantott-ajanloivenkent-1000-forintra-buntetik-a-valasztasi-indulokat\\\/#primaryimage\"},\"thumbnailUrl\":\"https:\\\/\\\/hotnewsinworld.com\\\/hu\\\/wp-content\\\/uploads\\\/sites\\\/3\\\/2019\\\/09\\\/Elkummantott-aj\u00e1nl\u00f3\u00edvenk\u00e9nt-1000-forintra-b\u00fcntetik-a-v\u00e1laszt\u00e1si-indul\u00f3kat.jpg\",\"datePublished\":\"2019-09-15T21:06:08+00:00\",\"dateModified\":\"2019-09-15T21:06:10+00:00\",\"author\":{\"@id\":\"https:\\\/\\\/hotnewsinworld.com\\\/hu\\\/#\\\/schema\\\/person\\\/fe61448b21c0d59086e75fcc1f9d8f6b\"},\"breadcrumb\":{\"@id\":\"https:\\\/\\\/hotnewsinworld.com\\\/hu\\\/elkummantott-ajanloivenkent-1000-forintra-buntetik-a-valasztasi-indulokat\\\/#breadcrumb\"},\"inLanguage\":\"hu\",\"potentialAction\":[{\"@type\":\"ReadAction\",\"target\":[\"https:\\\/\\\/hotnewsinworld.com\\\/hu\\\/elkummantott-ajanloivenkent-1000-forintra-buntetik-a-valasztasi-indulokat\\\/\"]}]},{\"@type\":\"ImageObject\",\"inLanguage\":\"hu\",\"@id\":\"https:\\\/\\\/hotnewsinworld.com\\\/hu\\\/elkummantott-ajanloivenkent-1000-forintra-buntetik-a-valasztasi-indulokat\\\/#primaryimage\",\"url\":\"https:\\\/\\\/hotnewsinworld.com\\\/hu\\\/wp-content\\\/uploads\\\/sites\\\/3\\\/2019\\\/09\\\/Elkummantott-aj\u00e1nl\u00f3\u00edvenk\u00e9nt-1000-forintra-b\u00fcntetik-a-v\u00e1laszt\u00e1si-indul\u00f3kat.jpg\",\"contentUrl\":\"https:\\\/\\\/hotnewsinworld.com\\\/hu\\\/wp-content\\\/uploads\\\/sites\\\/3\\\/2019\\\/09\\\/Elkummantott-aj\u00e1nl\u00f3\u00edvenk\u00e9nt-1000-forintra-b\u00fcntetik-a-v\u00e1laszt\u00e1si-indul\u00f3kat.jpg\",\"width\":1024,\"height\":578,\"caption\":\"Elkummantott aj\u00e1nl\u00f3\u00edvenk\u00e9nt 1000 forintra b\u00fcntetik a v\u00e1laszt\u00e1si indul\u00f3kat\"},{\"@type\":\"BreadcrumbList\",\"@id\":\"https:\\\/\\\/hotnewsinworld.com\\\/hu\\\/elkummantott-ajanloivenkent-1000-forintra-buntetik-a-valasztasi-indulokat\\\/#breadcrumb\",\"itemListElement\":[{\"@type\":\"ListItem\",\"position\":1,\"name\":\"\u0413\u043b\u0430\u0432\u043d\u0430\u044f \u0441\u0442\u0440\u0430\u043d\u0438\u0446\u0430\",\"item\":\"https:\\\/\\\/hotnewsinworld.com\\\/hu\\\/\"},{\"@type\":\"ListItem\",\"position\":2,\"name\":\"Elkummantott aj\u00e1nl\u00f3\u00edvenk\u00e9nt 1000 forintra b\u00fcntetik a v\u00e1laszt\u00e1si indul\u00f3kat\"}]},{\"@type\":\"WebSite\",\"@id\":\"https:\\\/\\\/hotnewsinworld.com\\\/hu\\\/#website\",\"url\":\"https:\\\/\\\/hotnewsinworld.com\\\/hu\\\/\",\"name\":\"Hot News in World\",\"description\":\"Hot News in World from Hungary\",\"potentialAction\":[{\"@type\":\"SearchAction\",\"target\":{\"@type\":\"EntryPoint\",\"urlTemplate\":\"https:\\\/\\\/hotnewsinworld.com\\\/hu\\\/?s={search_term_string}\"},\"query-input\":{\"@type\":\"PropertyValueSpecification\",\"valueRequired\":true,\"valueName\":\"search_term_string\"}}],\"inLanguage\":\"hu\"},{\"@type\":\"Person\",\"@id\":\"https:\\\/\\\/hotnewsinworld.com\\\/hu\\\/#\\\/schema\\\/person\\\/fe61448b21c0d59086e75fcc1f9d8f6b\",\"name\":\"hotnewsinworld\",\"image\":{\"@type\":\"ImageObject\",\"inLanguage\":\"hu\",\"@id\":\"https:\\\/\\\/secure.gravatar.com\\\/avatar\\\/8a09ac165600ce2e1c38fe593c63928eb1e6e7ba5c5a907d67787c41b3d00c14?s=96&d=mm&r=g\",\"url\":\"https:\\\/\\\/secure.gravatar.com\\\/avatar\\\/8a09ac165600ce2e1c38fe593c63928eb1e6e7ba5c5a907d67787c41b3d00c14?s=96&d=mm&r=g\",\"contentUrl\":\"https:\\\/\\\/secure.gravatar.com\\\/avatar\\\/8a09ac165600ce2e1c38fe593c63928eb1e6e7ba5c5a907d67787c41b3d00c14?s=96&d=mm&r=g\",\"caption\":\"hotnewsinworld\"},\"url\":\"https:\\\/\\\/hotnewsinworld.com\\\/hu\\\/author\\\/pt\\\/\"}]}<\/script>\n<!-- \/ Yoast SEO plugin. -->","yoast_head_json":{"title":"Elkummantott aj\u00e1nl\u00f3\u00edvenk\u00e9nt 1000 forintra b\u00fcntetik a v\u00e1laszt\u00e1si indul\u00f3kat - Hot News in World","robots":{"index":"index","follow":"follow","max-snippet":"max-snippet:-1","max-image-preview":"max-image-preview:large","max-video-preview":"max-video-preview:-1"},"canonical":"https:\/\/hotnewsinworld.com\/hu\/elkummantott-ajanloivenkent-1000-forintra-buntetik-a-valasztasi-indulokat\/","og_locale":"hu_HU","og_type":"article","og_title":"Elkummantott aj\u00e1nl\u00f3\u00edvenk\u00e9nt 1000 forintra b\u00fcntetik a v\u00e1laszt\u00e1si indul\u00f3kat - Hot News in World","og_description":"H\u00e9tf\u0151n j\u00e1rt le a hat\u00e1rid\u0151. Kedd \u00e9jf\u00e9lig kell kiszabniuk a v\u00e1laszt\u00e1si bizotts\u00e1goknak a b\u00edrs\u00e1got, ha az \u00f6nkorm\u00e1nyzati v\u00e1laszt\u00e1son indul\u00f3 jel\u00f6lt nem vitte vissza a v\u00e1laszt\u00e1si irod\u00e1hoz az \u00f6sszes kik\u00e9rt aj\u00e1nl\u00e1sgy\u0171jt\u0151 \u00edvet. A helyi \u00f6nkorm\u00e1nyzati k\u00e9pvisel\u0151k \u00e9s polg\u00e1rmesterek, valamint a nemzetis\u00e9gi k\u00e9pvisel\u0151k v\u00e1laszt\u00e1s\u00e1n a jel\u00f6ltek aj\u00e1nl\u00f3\u00edveken gy\u0171jthett\u00e9k az indul\u00e1shoz sz\u00fcks\u00e9ges aj\u00e1nl\u00e1sokat. A jel\u00f6lteknek a bejelentkez\u00e9sre \u00e9s [&hellip;]","og_url":"https:\/\/hotnewsinworld.com\/hu\/elkummantott-ajanloivenkent-1000-forintra-buntetik-a-valasztasi-indulokat\/","og_site_name":"Hot News in World","article_published_time":"2019-09-15T21:06:08+00:00","article_modified_time":"2019-09-15T21:06:10+00:00","og_image":[{"width":1024,"height":578,"url":"https:\/\/hotnewsinworld.com\/hu\/wp-content\/uploads\/sites\/3\/2019\/09\/Elkummantott-aj\u00e1nl\u00f3\u00edvenk\u00e9nt-1000-forintra-b\u00fcntetik-a-v\u00e1laszt\u00e1si-indul\u00f3kat.jpg","type":"image\/jpeg"}],"author":"hotnewsinworld","twitter_card":"summary_large_image","twitter_misc":{"Szerz\u0151:":"hotnewsinworld","Becs\u00fclt olvas\u00e1si id\u0151":"1 perc"},"schema":{"@context":"https:\/\/schema.org","@graph":[{"@type":"Article","@id":"https:\/\/hotnewsinworld.com\/hu\/elkummantott-ajanloivenkent-1000-forintra-buntetik-a-valasztasi-indulokat\/#article","isPartOf":{"@id":"https:\/\/hotnewsinworld.com\/hu\/elkummantott-ajanloivenkent-1000-forintra-buntetik-a-valasztasi-indulokat\/"},"author":{"name":"hotnewsinworld","@id":"https:\/\/hotnewsinworld.com\/hu\/#\/schema\/person\/fe61448b21c0d59086e75fcc1f9d8f6b"},"headline":"Elkummantott aj\u00e1nl\u00f3\u00edvenk\u00e9nt 1000 forintra b\u00fcntetik a v\u00e1laszt\u00e1si indul\u00f3kat","datePublished":"2019-09-15T21:06:08+00:00","dateModified":"2019-09-15T21:06:10+00:00","mainEntityOfPage":{"@id":"https:\/\/hotnewsinworld.com\/hu\/elkummantott-ajanloivenkent-1000-forintra-buntetik-a-valasztasi-indulokat\/"},"wordCount":313,"commentCount":0,"image":{"@id":"https:\/\/hotnewsinworld.com\/hu\/elkummantott-ajanloivenkent-1000-forintra-buntetik-a-valasztasi-indulokat\/#primaryimage"},"thumbnailUrl":"https:\/\/hotnewsinworld.com\/hu\/wp-content\/uploads\/sites\/3\/2019\/09\/Elkummantott-aj\u00e1nl\u00f3\u00edvenk\u00e9nt-1000-forintra-b\u00fcntetik-a-v\u00e1laszt\u00e1si-indul\u00f3kat.jpg","articleSection":["LEG\u00daJABB P\u00c9NZ\u00dcGYI H\u00cdREK"],"inLanguage":"hu","potentialAction":[{"@type":"CommentAction","name":"Comment","target":["https:\/\/hotnewsinworld.com\/hu\/elkummantott-ajanloivenkent-1000-forintra-buntetik-a-valasztasi-indulokat\/#respond"]}]},{"@type":"WebPage","@id":"https:\/\/hotnewsinworld.com\/hu\/elkummantott-ajanloivenkent-1000-forintra-buntetik-a-valasztasi-indulokat\/","url":"https:\/\/hotnewsinworld.com\/hu\/elkummantott-ajanloivenkent-1000-forintra-buntetik-a-valasztasi-indulokat\/","name":"Elkummantott aj\u00e1nl\u00f3\u00edvenk\u00e9nt 1000 forintra b\u00fcntetik a v\u00e1laszt\u00e1si indul\u00f3kat - Hot News in World","isPartOf":{"@id":"https:\/\/hotnewsinworld.com\/hu\/#website"},"primaryImageOfPage":{"@id":"https:\/\/hotnewsinworld.com\/hu\/elkummantott-ajanloivenkent-1000-forintra-buntetik-a-valasztasi-indulokat\/#primaryimage"},"image":{"@id":"https:\/\/hotnewsinworld.com\/hu\/elkummantott-ajanloivenkent-1000-forintra-buntetik-a-valasztasi-indulokat\/#primaryimage"},"thumbnailUrl":"https:\/\/hotnewsinworld.com\/hu\/wp-content\/uploads\/sites\/3\/2019\/09\/Elkummantott-aj\u00e1nl\u00f3\u00edvenk\u00e9nt-1000-forintra-b\u00fcntetik-a-v\u00e1laszt\u00e1si-indul\u00f3kat.jpg","datePublished":"2019-09-15T21:06:08+00:00","dateModified":"2019-09-15T21:06:10+00:00","author":{"@id":"https:\/\/hotnewsinworld.com\/hu\/#\/schema\/person\/fe61448b21c0d59086e75fcc1f9d8f6b"},"breadcrumb":{"@id":"https:\/\/hotnewsinworld.com\/hu\/elkummantott-ajanloivenkent-1000-forintra-buntetik-a-valasztasi-indulokat\/#breadcrumb"},"inLanguage":"hu","potentialAction":[{"@type":"ReadAction","target":["https:\/\/hotnewsinworld.com\/hu\/elkummantott-ajanloivenkent-1000-forintra-buntetik-a-valasztasi-indulokat\/"]}]},{"@type":"ImageObject","inLanguage":"hu","@id":"https:\/\/hotnewsinworld.com\/hu\/elkummantott-ajanloivenkent-1000-forintra-buntetik-a-valasztasi-indulokat\/#primaryimage","url":"https:\/\/hotnewsinworld.com\/hu\/wp-content\/uploads\/sites\/3\/2019\/09\/Elkummantott-aj\u00e1nl\u00f3\u00edvenk\u00e9nt-1000-forintra-b\u00fcntetik-a-v\u00e1laszt\u00e1si-indul\u00f3kat.jpg","contentUrl":"https:\/\/hotnewsinworld.com\/hu\/wp-content\/uploads\/sites\/3\/2019\/09\/Elkummantott-aj\u00e1nl\u00f3\u00edvenk\u00e9nt-1000-forintra-b\u00fcntetik-a-v\u00e1laszt\u00e1si-indul\u00f3kat.jpg","width":1024,"height":578,"caption":"Elkummantott aj\u00e1nl\u00f3\u00edvenk\u00e9nt 1000 forintra b\u00fcntetik a v\u00e1laszt\u00e1si indul\u00f3kat"},{"@type":"BreadcrumbList","@id":"https:\/\/hotnewsinworld.com\/hu\/elkummantott-ajanloivenkent-1000-forintra-buntetik-a-valasztasi-indulokat\/#breadcrumb","itemListElement":[{"@type":"ListItem","position":1,"name":"\u0413\u043b\u0430\u0432\u043d\u0430\u044f \u0441\u0442\u0440\u0430\u043d\u0438\u0446\u0430","item":"https:\/\/hotnewsinworld.com\/hu\/"},{"@type":"ListItem","position":2,"name":"Elkummantott aj\u00e1nl\u00f3\u00edvenk\u00e9nt 1000 forintra b\u00fcntetik a v\u00e1laszt\u00e1si indul\u00f3kat"}]},{"@type":"WebSite","@id":"https:\/\/hotnewsinworld.com\/hu\/#website","url":"https:\/\/hotnewsinworld.com\/hu\/","name":"Hot News in World","description":"Hot News in World from Hungary","potentialAction":[{"@type":"SearchAction","target":{"@type":"EntryPoint","urlTemplate":"https:\/\/hotnewsinworld.com\/hu\/?s={search_term_string}"},"query-input":{"@type":"PropertyValueSpecification","valueRequired":true,"valueName":"search_term_string"}}],"inLanguage":"hu"},{"@type":"Person","@id":"https:\/\/hotnewsinworld.com\/hu\/#\/schema\/person\/fe61448b21c0d59086e75fcc1f9d8f6b","name":"hotnewsinworld","image":{"@type":"ImageObject","inLanguage":"hu","@id":"https:\/\/secure.gravatar.com\/avatar\/8a09ac165600ce2e1c38fe593c63928eb1e6e7ba5c5a907d67787c41b3d00c14?s=96&d=mm&r=g","url":"https:\/\/secure.gravatar.com\/avatar\/8a09ac165600ce2e1c38fe593c63928eb1e6e7ba5c5a907d67787c41b3d00c14?s=96&d=mm&r=g","contentUrl":"https:\/\/secure.gravatar.com\/avatar\/8a09ac165600ce2e1c38fe593c63928eb1e6e7ba5c5a907d67787c41b3d00c14?s=96&d=mm&r=g","caption":"hotnewsinworld"},"url":"https:\/\/hotnewsinworld.com\/hu\/author\/pt\/"}]}},"_links":{"self":[{"href":"https:\/\/hotnewsinworld.com\/hu\/wp-json\/wp\/v2\/posts\/2090","targetHints":{"allow":["GET"]}}],"collection":[{"href":"https:\/\/hotnewsinworld.com\/hu\/wp-json\/wp\/v2\/posts"}],"about":[{"href":"https:\/\/hotnewsinworld.com\/hu\/wp-json\/wp\/v2\/types\/post"}],"author":[{"embeddable":true,"href":"https:\/\/hotnewsinworld.com\/hu\/wp-json\/wp\/v2\/users\/2"}],"replies":[{"embeddable":true,"href":"https:\/\/hotnewsinworld.com\/hu\/wp-json\/wp\/v2\/comments?post=2090"}],"version-history":[{"count":1,"href":"https:\/\/hotnewsinworld.com\/hu\/wp-json\/wp\/v2\/posts\/2090\/revisions"}],"predecessor-version":[{"id":2092,"href":"https:\/\/hotnewsinworld.com\/hu\/wp-json\/wp\/v2\/posts\/2090\/revisions\/2092"}],"wp:featuredmedia":[{"embeddable":true,"href":"https:\/\/hotnewsinworld.com\/hu\/wp-json\/wp\/v2\/media\/2091"}],"wp:attachment":[{"href":"https:\/\/hotnewsinworld.com\/hu\/wp-json\/wp\/v2\/media?parent=2090"}],"wp:term":[{"taxonomy":"category","embeddable":true,"href":"https:\/\/hotnewsinworld.com\/hu\/wp-json\/wp\/v2\/categories?post=2090"},{"taxonomy":"post_tag","embeddable":true,"href":"https:\/\/hotnewsinworld.com\/hu\/wp-json\/wp\/v2\/tags?post=2090"}],"curies":[{"name":"wp","href":"https:\/\/api.w.org\/{rel}","templated":true}]}}