{"id":2096,"date":"2019-09-16T02:50:13","date_gmt":"2019-09-15T23:50:13","guid":{"rendered":"https:\/\/hotnewsinworld.com\/hu\/magyarorszag-korabban-a-tatar-es-a-torok-most-a-muszlim-aradat-ellen-jelent-vedelmet\/"},"modified":"2019-09-16T02:50:14","modified_gmt":"2019-09-15T23:50:14","slug":"magyarorszag-korabban-a-tatar-es-a-torok-most-a-muszlim-aradat-ellen-jelent-vedelmet","status":"publish","type":"post","link":"https:\/\/hotnewsinworld.com\/hu\/magyarorszag-korabban-a-tatar-es-a-torok-most-a-muszlim-aradat-ellen-jelent-vedelmet\/","title":{"rendered":"Magyarorsz\u00e1g kor\u00e1bban a tat\u00e1r \u00e9s a t\u00f6r\u00f6k, most a muszlim \u00e1radat ellen jelent v\u00e9delmet"},"content":{"rendered":"<p>\tMagyarorsz\u00e1g a kereszt\u00e9nys\u00e9g v\u00e9d\u0151b\u00e1sty\u00e1ja \u2013 mondta a Minisztereln\u00f6ks\u00e9g egyh\u00e1zi \u00e9s nemzetis\u00e9gi kapcsolatok\u00e9rt felel\u0151s \u00e1llamtitk\u00e1ra a Somogy megyei Segesden, a Szent L\u00e1szl\u00f3r\u00f3l elnevezett helyi r\u00f3mai katolikus templom fel\u00faj\u00edt\u00e1sa alkalm\u00e1b\u00f3l tartott szentmis\u00e9n vas\u00e1rnap.<br \/>\nSolt\u00e9sz Mikl\u00f3s \u00fagy fogalmazott:<\/p>\n<p>m\u00edg kor\u00e1bban Magyarorsz\u00e1g a tat\u00e1r\u2026<\/p>\n<p>class=&#8221;line-title-with-image&#8221;&gt;Magyarorsz\u00e1g a kereszt\u00e9nys\u00e9g v\u00e9d\u0151b\u00e1sty\u00e1ja \u2013 mondta a Minisztereln\u00f6ks\u00e9g egyh\u00e1zi \u00e9s nemzetis\u00e9gi kapcsolatok\u00e9rt felel\u0151s \u00e1llamtitk\u00e1ra.class=&#8221;line-title-with-image&#8221;&gt;Magyarorsz\u00e1g a kereszt\u00e9nys\u00e9g v\u00e9d\u0151b\u00e1sty\u00e1ja &#8211; mondta a Minisztereln\u00f6ks\u00e9g egyh\u00e1zi \u00e9s nemzetis\u00e9gi kapcsolatok\u00e9rt felel\u0151s \u00e1llamtitk\u00e1ra a Somogy megyei Segesden, a Szent L\u00e1szl\u00f3r\u00f3l elnevezett helyi r\u00f3mai katolikus templom fel\u00faj\u00edt\u00e1sa alkalm\u00e1b\u00f3l tartott szentmis\u00e9n vas\u00e1rnap.class=&#8221;&#8221;&gt;Az \u00e1llamtitk\u00e1r \u00fagy fogalmazott: m\u00edg kor\u00e1bban Magyarorsz\u00e1g a tat\u00e1r \u00e9s a t\u00f6r\u00f6k, most a muszlim \u00e1radat ellen jelent v\u00e9delmet.class=&#8221;line-title-with-image&#8221;&gt;Magyarorsz\u00e1g a kereszt\u00e9nys\u00e9g v\u00e9d\u0151b\u00e1sty\u00e1ja \u2013 mondta a Minisztereln\u00f6ks\u00e9g egyh\u00e1zi \u00e9s nemzetis\u00e9gi kapcsolatok\u00e9rt felel\u0151s \u00e1llamtitk\u00e1ra a Somogy megyei Segesden, a Szent L\u00e1szl\u00f3r\u00f3l elnevezett helyi r\u00f3mai katolikus templom fel\u00faj\u00edt\u00e1sa alkalm\u00e1b\u00f3l tartott szentmis\u00e9n vas\u00e1rnap.class=&#8221;line-title-with-image&#8221;&gt;Magyarorsz\u00e1g a kereszt\u00e9nys\u00e9g v\u00e9d\u0151b\u00e1sty\u00e1ja &#8211; mondta a Minisztereln\u00f6ks\u00e9g egyh\u00e1zi \u00e9s nemzetis\u00e9gi kapcsolatok\u00e9rt felel\u0151s \u00e1llamtitk\u00e1ra a Somogy megyei Segesden, a Szent L\u00e1szl\u00f3r\u00f3l elnevezett helyi r\u00f3mai katolikus templom fel\u00faj\u00edt\u00e1sa alkalm\u00e1b\u00f3l tartott szentmis\u00e9n vas\u00e1rnap.\u00a0Solt\u00e9sz Mikl\u00f3s \u00fagy fogalmazott, m\u00edg kor\u00e1bban Magyarorsz\u00e1g a tat\u00e1r \u00e9s\u2026class=&#8221;line-title-with-image&#8221;&gt;Magyarorsz\u00e1g a kereszt\u00e9nys\u00e9g v\u00e9d\u0151b\u00e1sty\u00e1ja &#8211; mondta a Minisztereln\u00f6ks\u00e9g egyh\u00e1zi \u00e9s nemzetis\u00e9gi kapcsolatok\u00e9rt felel\u0151s \u00e1llamtitk\u00e1ra a Somogy megyei Segesden, a Szent L\u00e1szl\u00f3r\u00f3l elnevezett helyi r\u00f3mai katolikus templom fel\u00faj\u00edt\u00e1sa alkalm\u00e1b\u00f3l tartott szentmis\u00e9n vas\u00e1rnap.class=&#8221;&#8221;&gt;Magyarorsz\u00e1g a kereszt\u00e9nys\u00e9g v\u00e9d\u0151b\u00e1sty\u00e1ja &#8211; mondta a Minisztereln\u00f6ks\u00e9g egyh\u00e1zi \u00e9s nemzetis\u00e9gi kapcsolatok\u00e9rt felel\u0151s \u00e1llamtitk\u00e1ra a Somogy megyei Segesden, a Szent L\u00e1szl\u00f3r\u00f3l elnevezett helyi r\u00f3mai katolikus templom fel\u00faj\u00edt\u00e1sa alkalm\u00e1b\u00f3l tartott szentmis\u00e9n vas\u00e1rnap.class=&#8221;line-title-with-image&#8221;&gt;Magyarorsz\u00e1g a kereszt\u00e9nys\u00e9g v\u00e9d\u0151b\u00e1sty\u00e1ja &#8211; mondta a Minisztereln\u00f6ks\u00e9g egyh\u00e1zi \u00e9s nemzetis\u00e9gi kapcsolatok\u00e9rt felel\u0151s \u00e1llamtitk\u00e1ra a Somogy megyei Segesden, a Szent L\u00e1szl\u00f3r\u00f3l elnevezett helyi r\u00f3mai katolikus templom fel\u00faj\u00edt\u00e1sa alkalm\u00e1b\u00f3l tartott szentmis\u00e9n vas\u00e1rnap.class=&#8221;&#8221;&gt;Ifj\u00fas\u00e1gi lelki d\u00e9lut\u00e1nt tartanak szeptember 20-\u00e1n a J\u00e1szap\u00e1ti Kisboldogasszony R\u00f3mai Katolikus Templomban.class=&#8221;line-title-with-image&#8221;&gt;Kor\u00e1bban Magyarorsz\u00e1g a tat\u00e1r \u00e9s a t\u00f6r\u00f6k, most a muszlim \u00e1radat ellen jelent v\u00e9delmet.class=&#8221;line-title-with-image&#8221;&gt;Magyarorsz\u00e1g a kereszt\u00e9nys\u00e9g v\u00e9d\u0151b\u00e1sty\u00e1ja &#8211; mondta a Minisztereln\u00f6ks\u00e9g egyh\u00e1zi \u00e9s nemzetis\u00e9gi kapcsolatok\u00e9rt felel\u0151s \u00e1llamtitk\u00e1ra.<br \/>\n<br \/>\n<!--noindex--><br \/>\n<a href=\"https:\/\/hirek.oldal.info\/rssclick\/14399359\" rel=\"nofollow\">Source link <\/a><br \/>\n<!--\/noindex--><\/p>\n","protected":false},"excerpt":{"rendered":"<p>Magyarorsz\u00e1g a kereszt\u00e9nys\u00e9g v\u00e9d\u0151b\u00e1sty\u00e1ja \u2013 mondta a Minisztereln\u00f6ks\u00e9g egyh\u00e1zi \u00e9s nemzetis\u00e9gi kapcsolatok\u00e9rt felel\u0151s \u00e1llamtitk\u00e1ra a Somogy megyei Segesden, a Szent L\u00e1szl\u00f3r\u00f3l elnevezett helyi r\u00f3mai katolikus templom fel\u00faj\u00edt\u00e1sa alkalm\u00e1b\u00f3l tartott szentmis\u00e9n vas\u00e1rnap. Solt\u00e9sz Mikl\u00f3s \u00fagy fogalmazott: m\u00edg kor\u00e1bban Magyarorsz\u00e1g a tat\u00e1r\u2026 class=&#8221;line-title-with-image&#8221;&gt;Magyarorsz\u00e1g a kereszt\u00e9nys\u00e9g v\u00e9d\u0151b\u00e1sty\u00e1ja \u2013 mondta a Minisztereln\u00f6ks\u00e9g egyh\u00e1zi \u00e9s nemzetis\u00e9gi kapcsolatok\u00e9rt felel\u0151s \u00e1llamtitk\u00e1ra.class=&#8221;line-title-with-image&#8221;&gt;Magyarorsz\u00e1g a [&hellip;]<\/p>\n","protected":false},"author":2,"featured_media":2097,"comment_status":"open","ping_status":"open","sticky":false,"template":"","format":"standard","meta":{"footnotes":""},"categories":[1],"tags":[],"class_list":["post-2096","post","type-post","status-publish","format-standard","has-post-thumbnail","hentry","category-legujabb-penzugyi-hirek"],"yoast_head":"<!-- This site is optimized with the Yoast SEO plugin v27.4 - https:\/\/yoast.com\/product\/yoast-seo-wordpress\/ -->\n<title>Magyarorsz\u00e1g kor\u00e1bban a tat\u00e1r \u00e9s a t\u00f6r\u00f6k, most a muszlim \u00e1radat ellen jelent v\u00e9delmet - Hot News in World<\/title>\n<meta name=\"robots\" content=\"index, follow, max-snippet:-1, max-image-preview:large, max-video-preview:-1\" \/>\n<link rel=\"canonical\" href=\"https:\/\/hotnewsinworld.com\/hu\/magyarorszag-korabban-a-tatar-es-a-torok-most-a-muszlim-aradat-ellen-jelent-vedelmet\/\" \/>\n<meta property=\"og:locale\" content=\"hu_HU\" \/>\n<meta property=\"og:type\" content=\"article\" \/>\n<meta property=\"og:title\" content=\"Magyarorsz\u00e1g kor\u00e1bban a tat\u00e1r \u00e9s a t\u00f6r\u00f6k, most a muszlim \u00e1radat ellen jelent v\u00e9delmet - Hot News in World\" \/>\n<meta property=\"og:description\" content=\"Magyarorsz\u00e1g a kereszt\u00e9nys\u00e9g v\u00e9d\u0151b\u00e1sty\u00e1ja \u2013 mondta a Minisztereln\u00f6ks\u00e9g egyh\u00e1zi \u00e9s nemzetis\u00e9gi kapcsolatok\u00e9rt felel\u0151s \u00e1llamtitk\u00e1ra a Somogy megyei Segesden, a Szent L\u00e1szl\u00f3r\u00f3l elnevezett helyi r\u00f3mai katolikus templom fel\u00faj\u00edt\u00e1sa alkalm\u00e1b\u00f3l tartott szentmis\u00e9n vas\u00e1rnap. Solt\u00e9sz Mikl\u00f3s \u00fagy fogalmazott: m\u00edg kor\u00e1bban Magyarorsz\u00e1g a tat\u00e1r\u2026 class=&#8221;line-title-with-image&#8221;&gt;Magyarorsz\u00e1g a kereszt\u00e9nys\u00e9g v\u00e9d\u0151b\u00e1sty\u00e1ja \u2013 mondta a Minisztereln\u00f6ks\u00e9g egyh\u00e1zi \u00e9s nemzetis\u00e9gi kapcsolatok\u00e9rt felel\u0151s \u00e1llamtitk\u00e1ra.class=&#8221;line-title-with-image&#8221;&gt;Magyarorsz\u00e1g a [&hellip;]\" \/>\n<meta property=\"og:url\" content=\"https:\/\/hotnewsinworld.com\/hu\/magyarorszag-korabban-a-tatar-es-a-torok-most-a-muszlim-aradat-ellen-jelent-vedelmet\/\" \/>\n<meta property=\"og:site_name\" content=\"Hot News in World\" \/>\n<meta property=\"article:published_time\" content=\"2019-09-15T23:50:13+00:00\" \/>\n<meta property=\"article:modified_time\" content=\"2019-09-15T23:50:14+00:00\" \/>\n<meta property=\"og:image\" content=\"https:\/\/hotnewsinworld.com\/hu\/wp-content\/uploads\/sites\/3\/2019\/09\/Magyarorsz\u00e1g-kor\u00e1bban-a-tat\u00e1r-\u00e9s-a-t\u00f6r\u00f6k-most-a-muszlim.jpg\" \/>\n\t<meta property=\"og:image:width\" content=\"600\" \/>\n\t<meta property=\"og:image:height\" content=\"315\" \/>\n\t<meta property=\"og:image:type\" content=\"image\/jpeg\" \/>\n<meta name=\"author\" content=\"hotnewsinworld\" \/>\n<meta name=\"twitter:card\" content=\"summary_large_image\" \/>\n<meta name=\"twitter:label1\" content=\"Szerz\u0151:\" \/>\n\t<meta name=\"twitter:data1\" content=\"hotnewsinworld\" \/>\n\t<meta name=\"twitter:label2\" content=\"Becs\u00fclt olvas\u00e1si id\u0151\" \/>\n\t<meta name=\"twitter:data2\" content=\"3 perc\" \/>\n<script type=\"application\/ld+json\" class=\"yoast-schema-graph\">{\"@context\":\"https:\\\/\\\/schema.org\",\"@graph\":[{\"@type\":\"Article\",\"@id\":\"https:\\\/\\\/hotnewsinworld.com\\\/hu\\\/magyarorszag-korabban-a-tatar-es-a-torok-most-a-muszlim-aradat-ellen-jelent-vedelmet\\\/#article\",\"isPartOf\":{\"@id\":\"https:\\\/\\\/hotnewsinworld.com\\\/hu\\\/magyarorszag-korabban-a-tatar-es-a-torok-most-a-muszlim-aradat-ellen-jelent-vedelmet\\\/\"},\"author\":{\"name\":\"hotnewsinworld\",\"@id\":\"https:\\\/\\\/hotnewsinworld.com\\\/hu\\\/#\\\/schema\\\/person\\\/fe61448b21c0d59086e75fcc1f9d8f6b\"},\"headline\":\"Magyarorsz\u00e1g kor\u00e1bban a tat\u00e1r \u00e9s a t\u00f6r\u00f6k, most a muszlim \u00e1radat ellen jelent v\u00e9delmet\",\"datePublished\":\"2019-09-15T23:50:13+00:00\",\"dateModified\":\"2019-09-15T23:50:14+00:00\",\"mainEntityOfPage\":{\"@id\":\"https:\\\/\\\/hotnewsinworld.com\\\/hu\\\/magyarorszag-korabban-a-tatar-es-a-torok-most-a-muszlim-aradat-ellen-jelent-vedelmet\\\/\"},\"wordCount\":595,\"commentCount\":0,\"image\":{\"@id\":\"https:\\\/\\\/hotnewsinworld.com\\\/hu\\\/magyarorszag-korabban-a-tatar-es-a-torok-most-a-muszlim-aradat-ellen-jelent-vedelmet\\\/#primaryimage\"},\"thumbnailUrl\":\"https:\\\/\\\/hotnewsinworld.com\\\/hu\\\/wp-content\\\/uploads\\\/sites\\\/3\\\/2019\\\/09\\\/Magyarorsz\u00e1g-kor\u00e1bban-a-tat\u00e1r-\u00e9s-a-t\u00f6r\u00f6k-most-a-muszlim.jpg\",\"articleSection\":[\"LEG\u00daJABB P\u00c9NZ\u00dcGYI H\u00cdREK\"],\"inLanguage\":\"hu\",\"potentialAction\":[{\"@type\":\"CommentAction\",\"name\":\"Comment\",\"target\":[\"https:\\\/\\\/hotnewsinworld.com\\\/hu\\\/magyarorszag-korabban-a-tatar-es-a-torok-most-a-muszlim-aradat-ellen-jelent-vedelmet\\\/#respond\"]}]},{\"@type\":\"WebPage\",\"@id\":\"https:\\\/\\\/hotnewsinworld.com\\\/hu\\\/magyarorszag-korabban-a-tatar-es-a-torok-most-a-muszlim-aradat-ellen-jelent-vedelmet\\\/\",\"url\":\"https:\\\/\\\/hotnewsinworld.com\\\/hu\\\/magyarorszag-korabban-a-tatar-es-a-torok-most-a-muszlim-aradat-ellen-jelent-vedelmet\\\/\",\"name\":\"Magyarorsz\u00e1g kor\u00e1bban a tat\u00e1r \u00e9s a t\u00f6r\u00f6k, most a muszlim \u00e1radat ellen jelent v\u00e9delmet - Hot News in World\",\"isPartOf\":{\"@id\":\"https:\\\/\\\/hotnewsinworld.com\\\/hu\\\/#website\"},\"primaryImageOfPage\":{\"@id\":\"https:\\\/\\\/hotnewsinworld.com\\\/hu\\\/magyarorszag-korabban-a-tatar-es-a-torok-most-a-muszlim-aradat-ellen-jelent-vedelmet\\\/#primaryimage\"},\"image\":{\"@id\":\"https:\\\/\\\/hotnewsinworld.com\\\/hu\\\/magyarorszag-korabban-a-tatar-es-a-torok-most-a-muszlim-aradat-ellen-jelent-vedelmet\\\/#primaryimage\"},\"thumbnailUrl\":\"https:\\\/\\\/hotnewsinworld.com\\\/hu\\\/wp-content\\\/uploads\\\/sites\\\/3\\\/2019\\\/09\\\/Magyarorsz\u00e1g-kor\u00e1bban-a-tat\u00e1r-\u00e9s-a-t\u00f6r\u00f6k-most-a-muszlim.jpg\",\"datePublished\":\"2019-09-15T23:50:13+00:00\",\"dateModified\":\"2019-09-15T23:50:14+00:00\",\"author\":{\"@id\":\"https:\\\/\\\/hotnewsinworld.com\\\/hu\\\/#\\\/schema\\\/person\\\/fe61448b21c0d59086e75fcc1f9d8f6b\"},\"breadcrumb\":{\"@id\":\"https:\\\/\\\/hotnewsinworld.com\\\/hu\\\/magyarorszag-korabban-a-tatar-es-a-torok-most-a-muszlim-aradat-ellen-jelent-vedelmet\\\/#breadcrumb\"},\"inLanguage\":\"hu\",\"potentialAction\":[{\"@type\":\"ReadAction\",\"target\":[\"https:\\\/\\\/hotnewsinworld.com\\\/hu\\\/magyarorszag-korabban-a-tatar-es-a-torok-most-a-muszlim-aradat-ellen-jelent-vedelmet\\\/\"]}]},{\"@type\":\"ImageObject\",\"inLanguage\":\"hu\",\"@id\":\"https:\\\/\\\/hotnewsinworld.com\\\/hu\\\/magyarorszag-korabban-a-tatar-es-a-torok-most-a-muszlim-aradat-ellen-jelent-vedelmet\\\/#primaryimage\",\"url\":\"https:\\\/\\\/hotnewsinworld.com\\\/hu\\\/wp-content\\\/uploads\\\/sites\\\/3\\\/2019\\\/09\\\/Magyarorsz\u00e1g-kor\u00e1bban-a-tat\u00e1r-\u00e9s-a-t\u00f6r\u00f6k-most-a-muszlim.jpg\",\"contentUrl\":\"https:\\\/\\\/hotnewsinworld.com\\\/hu\\\/wp-content\\\/uploads\\\/sites\\\/3\\\/2019\\\/09\\\/Magyarorsz\u00e1g-kor\u00e1bban-a-tat\u00e1r-\u00e9s-a-t\u00f6r\u00f6k-most-a-muszlim.jpg\",\"width\":600,\"height\":315,\"caption\":\"Magyarorsz\u00e1g kor\u00e1bban a tat\u00e1r \u00e9s a t\u00f6r\u00f6k, most a muszlim \u00e1radat ellen jelent v\u00e9delmet\"},{\"@type\":\"BreadcrumbList\",\"@id\":\"https:\\\/\\\/hotnewsinworld.com\\\/hu\\\/magyarorszag-korabban-a-tatar-es-a-torok-most-a-muszlim-aradat-ellen-jelent-vedelmet\\\/#breadcrumb\",\"itemListElement\":[{\"@type\":\"ListItem\",\"position\":1,\"name\":\"\u0413\u043b\u0430\u0432\u043d\u0430\u044f \u0441\u0442\u0440\u0430\u043d\u0438\u0446\u0430\",\"item\":\"https:\\\/\\\/hotnewsinworld.com\\\/hu\\\/\"},{\"@type\":\"ListItem\",\"position\":2,\"name\":\"Magyarorsz\u00e1g kor\u00e1bban a tat\u00e1r \u00e9s a t\u00f6r\u00f6k, most a muszlim \u00e1radat ellen jelent v\u00e9delmet\"}]},{\"@type\":\"WebSite\",\"@id\":\"https:\\\/\\\/hotnewsinworld.com\\\/hu\\\/#website\",\"url\":\"https:\\\/\\\/hotnewsinworld.com\\\/hu\\\/\",\"name\":\"Hot News in World\",\"description\":\"Hot News in World from Hungary\",\"potentialAction\":[{\"@type\":\"SearchAction\",\"target\":{\"@type\":\"EntryPoint\",\"urlTemplate\":\"https:\\\/\\\/hotnewsinworld.com\\\/hu\\\/?s={search_term_string}\"},\"query-input\":{\"@type\":\"PropertyValueSpecification\",\"valueRequired\":true,\"valueName\":\"search_term_string\"}}],\"inLanguage\":\"hu\"},{\"@type\":\"Person\",\"@id\":\"https:\\\/\\\/hotnewsinworld.com\\\/hu\\\/#\\\/schema\\\/person\\\/fe61448b21c0d59086e75fcc1f9d8f6b\",\"name\":\"hotnewsinworld\",\"image\":{\"@type\":\"ImageObject\",\"inLanguage\":\"hu\",\"@id\":\"https:\\\/\\\/secure.gravatar.com\\\/avatar\\\/8a09ac165600ce2e1c38fe593c63928eb1e6e7ba5c5a907d67787c41b3d00c14?s=96&d=mm&r=g\",\"url\":\"https:\\\/\\\/secure.gravatar.com\\\/avatar\\\/8a09ac165600ce2e1c38fe593c63928eb1e6e7ba5c5a907d67787c41b3d00c14?s=96&d=mm&r=g\",\"contentUrl\":\"https:\\\/\\\/secure.gravatar.com\\\/avatar\\\/8a09ac165600ce2e1c38fe593c63928eb1e6e7ba5c5a907d67787c41b3d00c14?s=96&d=mm&r=g\",\"caption\":\"hotnewsinworld\"},\"url\":\"https:\\\/\\\/hotnewsinworld.com\\\/hu\\\/author\\\/pt\\\/\"}]}<\/script>\n<!-- \/ Yoast SEO plugin. -->","yoast_head_json":{"title":"Magyarorsz\u00e1g kor\u00e1bban a tat\u00e1r \u00e9s a t\u00f6r\u00f6k, most a muszlim \u00e1radat ellen jelent v\u00e9delmet - Hot News in World","robots":{"index":"index","follow":"follow","max-snippet":"max-snippet:-1","max-image-preview":"max-image-preview:large","max-video-preview":"max-video-preview:-1"},"canonical":"https:\/\/hotnewsinworld.com\/hu\/magyarorszag-korabban-a-tatar-es-a-torok-most-a-muszlim-aradat-ellen-jelent-vedelmet\/","og_locale":"hu_HU","og_type":"article","og_title":"Magyarorsz\u00e1g kor\u00e1bban a tat\u00e1r \u00e9s a t\u00f6r\u00f6k, most a muszlim \u00e1radat ellen jelent v\u00e9delmet - Hot News in World","og_description":"Magyarorsz\u00e1g a kereszt\u00e9nys\u00e9g v\u00e9d\u0151b\u00e1sty\u00e1ja \u2013 mondta a Minisztereln\u00f6ks\u00e9g egyh\u00e1zi \u00e9s nemzetis\u00e9gi kapcsolatok\u00e9rt felel\u0151s \u00e1llamtitk\u00e1ra a Somogy megyei Segesden, a Szent L\u00e1szl\u00f3r\u00f3l elnevezett helyi r\u00f3mai katolikus templom fel\u00faj\u00edt\u00e1sa alkalm\u00e1b\u00f3l tartott szentmis\u00e9n vas\u00e1rnap. Solt\u00e9sz Mikl\u00f3s \u00fagy fogalmazott: m\u00edg kor\u00e1bban Magyarorsz\u00e1g a tat\u00e1r\u2026 class=&#8221;line-title-with-image&#8221;&gt;Magyarorsz\u00e1g a kereszt\u00e9nys\u00e9g v\u00e9d\u0151b\u00e1sty\u00e1ja \u2013 mondta a Minisztereln\u00f6ks\u00e9g egyh\u00e1zi \u00e9s nemzetis\u00e9gi kapcsolatok\u00e9rt felel\u0151s \u00e1llamtitk\u00e1ra.class=&#8221;line-title-with-image&#8221;&gt;Magyarorsz\u00e1g a [&hellip;]","og_url":"https:\/\/hotnewsinworld.com\/hu\/magyarorszag-korabban-a-tatar-es-a-torok-most-a-muszlim-aradat-ellen-jelent-vedelmet\/","og_site_name":"Hot News in World","article_published_time":"2019-09-15T23:50:13+00:00","article_modified_time":"2019-09-15T23:50:14+00:00","og_image":[{"width":600,"height":315,"url":"https:\/\/hotnewsinworld.com\/hu\/wp-content\/uploads\/sites\/3\/2019\/09\/Magyarorsz\u00e1g-kor\u00e1bban-a-tat\u00e1r-\u00e9s-a-t\u00f6r\u00f6k-most-a-muszlim.jpg","type":"image\/jpeg"}],"author":"hotnewsinworld","twitter_card":"summary_large_image","twitter_misc":{"Szerz\u0151:":"hotnewsinworld","Becs\u00fclt olvas\u00e1si id\u0151":"3 perc"},"schema":{"@context":"https:\/\/schema.org","@graph":[{"@type":"Article","@id":"https:\/\/hotnewsinworld.com\/hu\/magyarorszag-korabban-a-tatar-es-a-torok-most-a-muszlim-aradat-ellen-jelent-vedelmet\/#article","isPartOf":{"@id":"https:\/\/hotnewsinworld.com\/hu\/magyarorszag-korabban-a-tatar-es-a-torok-most-a-muszlim-aradat-ellen-jelent-vedelmet\/"},"author":{"name":"hotnewsinworld","@id":"https:\/\/hotnewsinworld.com\/hu\/#\/schema\/person\/fe61448b21c0d59086e75fcc1f9d8f6b"},"headline":"Magyarorsz\u00e1g kor\u00e1bban a tat\u00e1r \u00e9s a t\u00f6r\u00f6k, most a muszlim \u00e1radat ellen jelent v\u00e9delmet","datePublished":"2019-09-15T23:50:13+00:00","dateModified":"2019-09-15T23:50:14+00:00","mainEntityOfPage":{"@id":"https:\/\/hotnewsinworld.com\/hu\/magyarorszag-korabban-a-tatar-es-a-torok-most-a-muszlim-aradat-ellen-jelent-vedelmet\/"},"wordCount":595,"commentCount":0,"image":{"@id":"https:\/\/hotnewsinworld.com\/hu\/magyarorszag-korabban-a-tatar-es-a-torok-most-a-muszlim-aradat-ellen-jelent-vedelmet\/#primaryimage"},"thumbnailUrl":"https:\/\/hotnewsinworld.com\/hu\/wp-content\/uploads\/sites\/3\/2019\/09\/Magyarorsz\u00e1g-kor\u00e1bban-a-tat\u00e1r-\u00e9s-a-t\u00f6r\u00f6k-most-a-muszlim.jpg","articleSection":["LEG\u00daJABB P\u00c9NZ\u00dcGYI H\u00cdREK"],"inLanguage":"hu","potentialAction":[{"@type":"CommentAction","name":"Comment","target":["https:\/\/hotnewsinworld.com\/hu\/magyarorszag-korabban-a-tatar-es-a-torok-most-a-muszlim-aradat-ellen-jelent-vedelmet\/#respond"]}]},{"@type":"WebPage","@id":"https:\/\/hotnewsinworld.com\/hu\/magyarorszag-korabban-a-tatar-es-a-torok-most-a-muszlim-aradat-ellen-jelent-vedelmet\/","url":"https:\/\/hotnewsinworld.com\/hu\/magyarorszag-korabban-a-tatar-es-a-torok-most-a-muszlim-aradat-ellen-jelent-vedelmet\/","name":"Magyarorsz\u00e1g kor\u00e1bban a tat\u00e1r \u00e9s a t\u00f6r\u00f6k, most a muszlim \u00e1radat ellen jelent v\u00e9delmet - Hot News in World","isPartOf":{"@id":"https:\/\/hotnewsinworld.com\/hu\/#website"},"primaryImageOfPage":{"@id":"https:\/\/hotnewsinworld.com\/hu\/magyarorszag-korabban-a-tatar-es-a-torok-most-a-muszlim-aradat-ellen-jelent-vedelmet\/#primaryimage"},"image":{"@id":"https:\/\/hotnewsinworld.com\/hu\/magyarorszag-korabban-a-tatar-es-a-torok-most-a-muszlim-aradat-ellen-jelent-vedelmet\/#primaryimage"},"thumbnailUrl":"https:\/\/hotnewsinworld.com\/hu\/wp-content\/uploads\/sites\/3\/2019\/09\/Magyarorsz\u00e1g-kor\u00e1bban-a-tat\u00e1r-\u00e9s-a-t\u00f6r\u00f6k-most-a-muszlim.jpg","datePublished":"2019-09-15T23:50:13+00:00","dateModified":"2019-09-15T23:50:14+00:00","author":{"@id":"https:\/\/hotnewsinworld.com\/hu\/#\/schema\/person\/fe61448b21c0d59086e75fcc1f9d8f6b"},"breadcrumb":{"@id":"https:\/\/hotnewsinworld.com\/hu\/magyarorszag-korabban-a-tatar-es-a-torok-most-a-muszlim-aradat-ellen-jelent-vedelmet\/#breadcrumb"},"inLanguage":"hu","potentialAction":[{"@type":"ReadAction","target":["https:\/\/hotnewsinworld.com\/hu\/magyarorszag-korabban-a-tatar-es-a-torok-most-a-muszlim-aradat-ellen-jelent-vedelmet\/"]}]},{"@type":"ImageObject","inLanguage":"hu","@id":"https:\/\/hotnewsinworld.com\/hu\/magyarorszag-korabban-a-tatar-es-a-torok-most-a-muszlim-aradat-ellen-jelent-vedelmet\/#primaryimage","url":"https:\/\/hotnewsinworld.com\/hu\/wp-content\/uploads\/sites\/3\/2019\/09\/Magyarorsz\u00e1g-kor\u00e1bban-a-tat\u00e1r-\u00e9s-a-t\u00f6r\u00f6k-most-a-muszlim.jpg","contentUrl":"https:\/\/hotnewsinworld.com\/hu\/wp-content\/uploads\/sites\/3\/2019\/09\/Magyarorsz\u00e1g-kor\u00e1bban-a-tat\u00e1r-\u00e9s-a-t\u00f6r\u00f6k-most-a-muszlim.jpg","width":600,"height":315,"caption":"Magyarorsz\u00e1g kor\u00e1bban a tat\u00e1r \u00e9s a t\u00f6r\u00f6k, most a muszlim \u00e1radat ellen jelent v\u00e9delmet"},{"@type":"BreadcrumbList","@id":"https:\/\/hotnewsinworld.com\/hu\/magyarorszag-korabban-a-tatar-es-a-torok-most-a-muszlim-aradat-ellen-jelent-vedelmet\/#breadcrumb","itemListElement":[{"@type":"ListItem","position":1,"name":"\u0413\u043b\u0430\u0432\u043d\u0430\u044f \u0441\u0442\u0440\u0430\u043d\u0438\u0446\u0430","item":"https:\/\/hotnewsinworld.com\/hu\/"},{"@type":"ListItem","position":2,"name":"Magyarorsz\u00e1g kor\u00e1bban a tat\u00e1r \u00e9s a t\u00f6r\u00f6k, most a muszlim \u00e1radat ellen jelent v\u00e9delmet"}]},{"@type":"WebSite","@id":"https:\/\/hotnewsinworld.com\/hu\/#website","url":"https:\/\/hotnewsinworld.com\/hu\/","name":"Hot News in World","description":"Hot News in World from Hungary","potentialAction":[{"@type":"SearchAction","target":{"@type":"EntryPoint","urlTemplate":"https:\/\/hotnewsinworld.com\/hu\/?s={search_term_string}"},"query-input":{"@type":"PropertyValueSpecification","valueRequired":true,"valueName":"search_term_string"}}],"inLanguage":"hu"},{"@type":"Person","@id":"https:\/\/hotnewsinworld.com\/hu\/#\/schema\/person\/fe61448b21c0d59086e75fcc1f9d8f6b","name":"hotnewsinworld","image":{"@type":"ImageObject","inLanguage":"hu","@id":"https:\/\/secure.gravatar.com\/avatar\/8a09ac165600ce2e1c38fe593c63928eb1e6e7ba5c5a907d67787c41b3d00c14?s=96&d=mm&r=g","url":"https:\/\/secure.gravatar.com\/avatar\/8a09ac165600ce2e1c38fe593c63928eb1e6e7ba5c5a907d67787c41b3d00c14?s=96&d=mm&r=g","contentUrl":"https:\/\/secure.gravatar.com\/avatar\/8a09ac165600ce2e1c38fe593c63928eb1e6e7ba5c5a907d67787c41b3d00c14?s=96&d=mm&r=g","caption":"hotnewsinworld"},"url":"https:\/\/hotnewsinworld.com\/hu\/author\/pt\/"}]}},"_links":{"self":[{"href":"https:\/\/hotnewsinworld.com\/hu\/wp-json\/wp\/v2\/posts\/2096","targetHints":{"allow":["GET"]}}],"collection":[{"href":"https:\/\/hotnewsinworld.com\/hu\/wp-json\/wp\/v2\/posts"}],"about":[{"href":"https:\/\/hotnewsinworld.com\/hu\/wp-json\/wp\/v2\/types\/post"}],"author":[{"embeddable":true,"href":"https:\/\/hotnewsinworld.com\/hu\/wp-json\/wp\/v2\/users\/2"}],"replies":[{"embeddable":true,"href":"https:\/\/hotnewsinworld.com\/hu\/wp-json\/wp\/v2\/comments?post=2096"}],"version-history":[{"count":1,"href":"https:\/\/hotnewsinworld.com\/hu\/wp-json\/wp\/v2\/posts\/2096\/revisions"}],"predecessor-version":[{"id":2098,"href":"https:\/\/hotnewsinworld.com\/hu\/wp-json\/wp\/v2\/posts\/2096\/revisions\/2098"}],"wp:featuredmedia":[{"embeddable":true,"href":"https:\/\/hotnewsinworld.com\/hu\/wp-json\/wp\/v2\/media\/2097"}],"wp:attachment":[{"href":"https:\/\/hotnewsinworld.com\/hu\/wp-json\/wp\/v2\/media?parent=2096"}],"wp:term":[{"taxonomy":"category","embeddable":true,"href":"https:\/\/hotnewsinworld.com\/hu\/wp-json\/wp\/v2\/categories?post=2096"},{"taxonomy":"post_tag","embeddable":true,"href":"https:\/\/hotnewsinworld.com\/hu\/wp-json\/wp\/v2\/tags?post=2096"}],"curies":[{"name":"wp","href":"https:\/\/api.w.org\/{rel}","templated":true}]}}