{"id":2099,"date":"2019-09-16T04:51:46","date_gmt":"2019-09-16T01:51:46","guid":{"rendered":"https:\/\/hotnewsinworld.com\/hu\/kovacs-zoltan-bevandorlasparti-bosszuallok-tamadjak-magyarorszagot\/"},"modified":"2019-09-16T04:51:47","modified_gmt":"2019-09-16T01:51:47","slug":"kovacs-zoltan-bevandorlasparti-bosszuallok-tamadjak-magyarorszagot","status":"publish","type":"post","link":"https:\/\/hotnewsinworld.com\/hu\/kovacs-zoltan-bevandorlasparti-bosszuallok-tamadjak-magyarorszagot\/","title":{"rendered":"Kov\u00e1cs Zolt\u00e1n: bev\u00e1ndorl\u00e1sp\u00e1rti bossz\u00fa\u00e1ll\u00f3k t\u00e1madj\u00e1k Magyarorsz\u00e1got"},"content":{"rendered":"<p>\tBev\u00e1ndorl\u00e1sp\u00e1rti bossz\u00fa\u00e1ll\u00f3k mindent megtesznek Magyarorsz\u00e1g ellen az \u00faj Eur\u00f3pai Parlamentben, \u00e9s err\u0151l sz\u00f3l a h\u00e9tf\u0151i br\u00fcsszeli meghallgat\u00e1s is \u2013 mondta Kov\u00e1cs Zolt\u00e1n nemzetk\u00f6zi kommunik\u00e1ci\u00f3\u00e9rt \u00e9s kapcsolatok\u00e9rt felel\u0151s \u00e1llamtitk\u00e1r a Kossuth R\u00e1di\u00f3 Vas\u00e1rnapi \u00fajs\u00e1g c\u00edm\u0171 m\u0171sor\u00e1ban.<\/p>\n<p>class=&#8221;&#8221;&gt;Bev\u00e1ndorl\u00e1sp\u00e1rti bossz\u00fa\u00e1ll\u00f3k mindent megtesznek Magyarorsz\u00e1g ellen az \u00faj Eur\u00f3pai Parlamentben, \u00e9s err\u0151l sz\u00f3l a h\u00e9tf\u0151i br\u00fcsszeli meghallgat\u00e1s is &#8211; mondta Kov\u00e1cs Zolt\u00e1n nemzetk\u00f6zi kommunik\u00e1ci\u00f3\u00e9rt \u00e9s kapcsolatok\u00e9rt felel\u0151s \u00e1llamtitk\u00e1r.class=&#8221;line-title-with-image&#8221;&gt;Bev\u00e1ndorl\u00e1sp\u00e1rti bossz\u00fa\u00e1ll\u00f3k mindent megtesznek Magyarorsz\u00e1g ellen az \u00faj Eur\u00f3pai Parlamentben.class=&#8221;line-title-with-image&#8221;&gt;Bev\u00e1ndorl\u00e1sp\u00e1rti bossz\u00fa\u00e1ll\u00f3k mindent megtesznek Magyarorsz\u00e1g ellen az \u00faj Eur\u00f3pai Parlamentben, \u00e9s err\u0151l sz\u00f3l a h\u00e9tf\u0151i br\u00fcsszeli meghallgat\u00e1s is &#8211; mondta Kov\u00e1cs Zolt\u00e1n nemzetk\u00f6zi kommunik\u00e1ci\u00f3\u00e9rt \u00e9s kapcsolatok\u00e9rt felel\u0151s \u00e1llamtitk\u00e1r a Kossuth R\u00e1di\u00f3 Vas\u00e1rnapi \u00fajs\u00e1g c\u00edm\u0171 m\u0171sor\u00e1ban.class=&#8221;line-title-with-image&#8221;&gt;Bev\u00e1ndorl\u00e1sp\u00e1rti bossz\u00fa\u00e1ll\u00f3k mindent megtesznek Magyarorsz\u00e1g ellen az \u00faj Eur\u00f3pai Parlamentben, \u00e9s err\u0151l sz\u00f3l a h\u00e9tf\u0151i br\u00fcsszeli meghallgat\u00e1s is &#8211; mondta Kov\u00e1cs Zolt\u00e1n nemzetk\u00f6zi kommunik\u00e1ci\u00f3\u00e9rt \u00e9s kapcsolatok\u00e9rt felel\u0151s \u00e1llamtitk\u00e1r a Kossuth R\u00e1di\u00f3 Vas\u00e1rnapi \u00fajs\u00e1g c\u00edm\u0171 m\u0171sor\u00e1ban.class=&#8221;line-title-with-image&#8221;&gt;A nemzetk\u00f6zi kommunik\u00e1ci\u00f3\u00e9rt \u00e9s kapcsolatok\u00e9rt felel\u0151s \u00e1llamtitk\u00e1r szerint a balliber\u00e1lis migr\u00e1nsp\u00e1rti er\u0151k a kereszt\u00e9ny \u00e9rt\u00e9krend fel\u00fcl\u00edr\u00e1s\u00e1ra t\u00f6rekszenek.class=&#8221;line-title-with-image&#8221;&gt;Bev\u00e1ndorl\u00e1sp\u00e1rti bossz\u00fa\u00e1ll\u00f3k mindent megtesznek Magyarorsz\u00e1g ellen az \u00faj Eur\u00f3pai Parlamentben, \u00e9s err\u0151l sz\u00f3l a h\u00e9tf\u0151i br\u00fcsszeli meghallgat\u00e1s is \u2013 mondta Kov\u00e1cs Zolt\u00e1n nemzetk\u00f6zi kommunik\u00e1ci\u00f3\u00e9rt \u00e9s kapcsolatok\u00e9rt felel\u0151s \u00e1llamtitk\u00e1r a Kossuth R\u00e1di\u00f3 Vas\u00e1rnapi \u00fajs\u00e1g c\u00edm\u0171 m\u0171sor\u00e1ban.<\/p>\n<p>Az uni\u00f3s tag\u00e1llamok korm\u00e1nyaiban vannak\u2026class=&#8221;line-title-with-image&#8221;&gt;Bev\u00e1ndorl\u00e1sp\u00e1rti bossz\u00fa\u00e1ll\u00f3k mindent megtesznek Magyarorsz\u00e1g ellen az \u00faj Eur\u00f3pai Parlamentben, \u00e9s err\u0151l sz\u00f3l a h\u00e9tf\u0151i br\u00fcsszeli meghallgat\u00e1s is &#8211; mondta Kov\u00e1cs Zolt\u00e1n nemzetk\u00f6zi kommunik\u00e1ci\u00f3\u00e9rt \u00e9s kapcsolatok\u00e9rt felel\u0151s \u00e1llamtitk\u00e1r a Kossuth R\u00e1di\u00f3 Vas\u00e1rnapi \u00fajs\u00e1g c\u00edm\u0171 m\u0171sor\u00e1ban.class=&#8221;line-title-with-image&#8221;&gt;A k\u00f6zr\u00e1di\u00f3 Vas\u00e1rnapi \u00fajs\u00e1g c\u00edm\u0171 m\u0171sor\u00e1ban t\u00f6rt\u00e9nt az eset.class=&#8221;&#8221;&gt;Bev\u00e1ndorl\u00e1sp\u00e1rti bossz\u00fa\u00e1ll\u00f3k mindent megtesznek Magyarorsz\u00e1g ellen az \u00faj Eur\u00f3pai Parlamentben, \u00e9s err\u0151l sz\u00f3l a h\u00e9tf\u0151i br\u00fcsszeli meghallgat\u00e1s is &#8211; mondta Kov\u00e1cs Zolt\u00e1n nemzetk\u00f6zi kommunik\u00e1ci\u00f3\u00e9rt \u00e9s kapcsolatok\u00e9rt felel\u0151s \u00e1llamtitk\u00e1r a Kossuth R\u00e1di\u00f3 Vas\u00e1rnapi \u00fajs\u00e1g c\u00edm\u0171 m\u0171sor\u00e1ban.class=&#8221;&#8221;&gt;Bev\u00e1ndorl\u00e1sp\u00e1rti bossz\u00fa\u00e1ll\u00f3k mindent megtesznek Magyarorsz\u00e1g ellen az \u00faj Eur\u00f3pai Parlamentben, \u00e9s err\u0151l sz\u00f3l a h\u00e9tf\u0151i br\u00fcsszeli meghallgat\u00e1s is \u2013 mondta Kov\u00e1cs Zolt\u00e1n nemzetk\u00f6zi kommunik\u00e1ci\u00f3\u00e9rt \u00e9s kapcsolatok\u00e9rt felel\u0151s \u00e1llamtitk\u00e1r a Kossuth R\u00e1di\u00f3 Vas\u00e1rnapi \u00fajs\u00e1g c\u00edm\u0171 m\u0171sor\u00e1ban. Az Eu-tagorsz\u00e1gok korm\u00e1nyaiban vannak\u2026class=&#8221;&#8221;&gt;Az EU-tagorsz\u00e1gok miniszteri tal\u00e1lkoz\u00f3j\u00e1n meghallgatj\u00e1k a magyar korm\u00e1ny k\u00e9pvisel\u0151j\u00e9t az alapszerz\u0151d\u00e9s hetes cikke szerinti jog\u00e1llamis\u00e1gi elj\u00e1r\u00e1s keret\u00e9ben.class=&#8221;line-title-with-image&#8221;&gt;\u201eA balliber\u00e1lis migr\u00e1nsp\u00e1rti er\u0151k a kereszt\u00e9ny \u00e9rt\u00e9krend fel\u00fcl\u00edr\u00e1s\u00e1ra t\u00f6rekszenek\u201d. \u00c9rti ezt valaki?class=&#8221;line-title-with-image&#8221;&gt;Kov\u00e1cs Zolt\u00e1n szerint Br\u00fcsszelben az \u00faj ideol\u00f3gia a migr\u00e1nsok t\u00e1mogat\u00e1sa, a kereszt\u00e9nys\u00e9g v\u00e9delme tilt\u00f3list\u00e1n van.class=&#8221;line-title-with-image&#8221;&gt;\u2013 Bev\u00e1ndorl\u00e1sp\u00e1rti bossz\u00fa\u00e1ll\u00f3k mindent megtesznek Magyarorsz\u00e1g ellen az \u00faj Eur\u00f3class=&#8221;line-title-with-image&#8221;&gt;Bev\u00e1ndorl\u00e1sp\u00e1rti bossz\u00fa\u00e1ll\u00f3k mindent megtesznek Magyarorsz\u00e1g ellen az \u00faj Eur\u00f3pai Parlamentben, \u00e9s err\u0151l sz\u00f3l a h\u00e9tf\u0151i br\u00fcsszeli meghallgat\u00e1s is \u2013 mondta Kov\u00e1cs Zolt\u00e1n nemzetk\u00f6zi kommunik\u00e1ci\u00f3\u00e9rt \u00e9s kapcsolatok\u00e9rt felel\u0151s \u00e1llamtitk\u00e1r a Kossuth R\u00e1di\u00f3 Vas\u00e1rnapi \u00fajs\u00e1g c\u00edm\u0171 m\u0171sor\u00e1ban.class=&#8221;line-title-with-image&#8221;&gt;Az \u00faj ideol\u00f3gia a migr\u00e1nsok t\u00e1mogat\u00e1sa. Jean-Claude Juncker t\u00e1voz\u00f3 bizotts\u00e1gi eln\u00f6k nemr\u00e9g egy interj\u00faban egyenesen az\u00e9rt vonta k\u00e9rd\u0151re Orb\u00e1n Viktor minisztereln\u00f6k\u00f6t, mert sz\u00e1m\u00e1ra Magyarorsz\u00e1g \u00e9s a magyarok \u00e9rdeke az els\u0151.class=&#8221;line-title-with-image&#8221;&gt;Bev\u00e1ndorl\u00e1sp\u00e1rti bossz\u00fa\u00e1ll\u00f3k mindent megtesznek Magyarorsz\u00e1g ellen az \u00faj Eur\u00f3pai Parlamentben, \u00e9s err\u0151l sz\u00f3l a h\u00e9tf\u0151i br\u00fcsszeli meghallgat\u00e1s is \u2013 mondta Kov\u00e1cs Zolt\u00e1n nemzetk\u00f6zi kommunik\u00e1ci\u00f3\u00e9rt \u00e9s kapcsolatok\u00e9rt felel\u0151s \u00e1llamtitk\u00e1r a Kossuth R\u00e1di\u00f3 Vas\u00e1rnapi \u00fajs\u00e1g c\u00edm\u0171 m\u0171sor\u00e1ban. Az uni\u00f3s tag\u00e1llamok korm\u00e1nyaiban vannak\u2026<br \/>\n<br \/>\n<!--noindex--><br \/>\n<a href=\"https:\/\/hirek.oldal.info\/rssclick\/14399477\" rel=\"nofollow\">Source link <\/a><br \/>\n<!--\/noindex--><\/p>\n","protected":false},"excerpt":{"rendered":"<p>Bev\u00e1ndorl\u00e1sp\u00e1rti bossz\u00fa\u00e1ll\u00f3k mindent megtesznek Magyarorsz\u00e1g ellen az \u00faj Eur\u00f3pai Parlamentben, \u00e9s err\u0151l sz\u00f3l a h\u00e9tf\u0151i br\u00fcsszeli meghallgat\u00e1s is \u2013 mondta Kov\u00e1cs Zolt\u00e1n nemzetk\u00f6zi kommunik\u00e1ci\u00f3\u00e9rt \u00e9s kapcsolatok\u00e9rt felel\u0151s \u00e1llamtitk\u00e1r a Kossuth R\u00e1di\u00f3 Vas\u00e1rnapi \u00fajs\u00e1g c\u00edm\u0171 m\u0171sor\u00e1ban. class=&#8221;&#8221;&gt;Bev\u00e1ndorl\u00e1sp\u00e1rti bossz\u00fa\u00e1ll\u00f3k mindent megtesznek Magyarorsz\u00e1g ellen az \u00faj Eur\u00f3pai Parlamentben, \u00e9s err\u0151l sz\u00f3l a h\u00e9tf\u0151i br\u00fcsszeli meghallgat\u00e1s is &#8211; mondta [&hellip;]<\/p>\n","protected":false},"author":2,"featured_media":2100,"comment_status":"open","ping_status":"open","sticky":false,"template":"","format":"standard","meta":{"footnotes":""},"categories":[1],"tags":[],"class_list":["post-2099","post","type-post","status-publish","format-standard","has-post-thumbnail","hentry","category-legujabb-penzugyi-hirek"],"yoast_head":"<!-- This site is optimized with the Yoast SEO plugin v27.4 - https:\/\/yoast.com\/product\/yoast-seo-wordpress\/ -->\n<title>Kov\u00e1cs Zolt\u00e1n: bev\u00e1ndorl\u00e1sp\u00e1rti bossz\u00fa\u00e1ll\u00f3k t\u00e1madj\u00e1k Magyarorsz\u00e1got - Hot News in World<\/title>\n<meta name=\"robots\" content=\"index, follow, max-snippet:-1, max-image-preview:large, max-video-preview:-1\" \/>\n<link rel=\"canonical\" href=\"https:\/\/hotnewsinworld.com\/hu\/kovacs-zoltan-bevandorlasparti-bosszuallok-tamadjak-magyarorszagot\/\" \/>\n<meta property=\"og:locale\" content=\"hu_HU\" \/>\n<meta property=\"og:type\" content=\"article\" \/>\n<meta property=\"og:title\" content=\"Kov\u00e1cs Zolt\u00e1n: bev\u00e1ndorl\u00e1sp\u00e1rti bossz\u00fa\u00e1ll\u00f3k t\u00e1madj\u00e1k Magyarorsz\u00e1got - Hot News in World\" \/>\n<meta property=\"og:description\" content=\"Bev\u00e1ndorl\u00e1sp\u00e1rti bossz\u00fa\u00e1ll\u00f3k mindent megtesznek Magyarorsz\u00e1g ellen az \u00faj Eur\u00f3pai Parlamentben, \u00e9s err\u0151l sz\u00f3l a h\u00e9tf\u0151i br\u00fcsszeli meghallgat\u00e1s is \u2013 mondta Kov\u00e1cs Zolt\u00e1n nemzetk\u00f6zi kommunik\u00e1ci\u00f3\u00e9rt \u00e9s kapcsolatok\u00e9rt felel\u0151s \u00e1llamtitk\u00e1r a Kossuth R\u00e1di\u00f3 Vas\u00e1rnapi \u00fajs\u00e1g c\u00edm\u0171 m\u0171sor\u00e1ban. class=&#8221;&#8221;&gt;Bev\u00e1ndorl\u00e1sp\u00e1rti bossz\u00fa\u00e1ll\u00f3k mindent megtesznek Magyarorsz\u00e1g ellen az \u00faj Eur\u00f3pai Parlamentben, \u00e9s err\u0151l sz\u00f3l a h\u00e9tf\u0151i br\u00fcsszeli meghallgat\u00e1s is &#8211; mondta [&hellip;]\" \/>\n<meta property=\"og:url\" content=\"https:\/\/hotnewsinworld.com\/hu\/kovacs-zoltan-bevandorlasparti-bosszuallok-tamadjak-magyarorszagot\/\" \/>\n<meta property=\"og:site_name\" content=\"Hot News in World\" \/>\n<meta property=\"article:published_time\" content=\"2019-09-16T01:51:46+00:00\" \/>\n<meta property=\"article:modified_time\" content=\"2019-09-16T01:51:47+00:00\" \/>\n<meta property=\"og:image\" content=\"https:\/\/hotnewsinworld.com\/hu\/wp-content\/uploads\/sites\/3\/2019\/09\/Kov\u00e1cs-Zolt\u00e1n-bev\u00e1ndorl\u00e1sp\u00e1rti-bossz\u00fa\u00e1ll\u00f3k-t\u00e1madj\u00e1k-Magyarorsz\u00e1got.jpg\" \/>\n\t<meta property=\"og:image:width\" content=\"600\" \/>\n\t<meta property=\"og:image:height\" content=\"315\" \/>\n\t<meta property=\"og:image:type\" content=\"image\/jpeg\" \/>\n<meta name=\"author\" content=\"hotnewsinworld\" \/>\n<meta name=\"twitter:card\" content=\"summary_large_image\" \/>\n<meta name=\"twitter:label1\" content=\"Szerz\u0151:\" \/>\n\t<meta name=\"twitter:data1\" content=\"hotnewsinworld\" \/>\n\t<meta name=\"twitter:label2\" content=\"Becs\u00fclt olvas\u00e1si id\u0151\" \/>\n\t<meta name=\"twitter:data2\" content=\"4 perc\" \/>\n<script type=\"application\/ld+json\" class=\"yoast-schema-graph\">{\"@context\":\"https:\\\/\\\/schema.org\",\"@graph\":[{\"@type\":\"Article\",\"@id\":\"https:\\\/\\\/hotnewsinworld.com\\\/hu\\\/kovacs-zoltan-bevandorlasparti-bosszuallok-tamadjak-magyarorszagot\\\/#article\",\"isPartOf\":{\"@id\":\"https:\\\/\\\/hotnewsinworld.com\\\/hu\\\/kovacs-zoltan-bevandorlasparti-bosszuallok-tamadjak-magyarorszagot\\\/\"},\"author\":{\"name\":\"hotnewsinworld\",\"@id\":\"https:\\\/\\\/hotnewsinworld.com\\\/hu\\\/#\\\/schema\\\/person\\\/fe61448b21c0d59086e75fcc1f9d8f6b\"},\"headline\":\"Kov\u00e1cs Zolt\u00e1n: bev\u00e1ndorl\u00e1sp\u00e1rti bossz\u00fa\u00e1ll\u00f3k t\u00e1madj\u00e1k Magyarorsz\u00e1got\",\"datePublished\":\"2019-09-16T01:51:46+00:00\",\"dateModified\":\"2019-09-16T01:51:47+00:00\",\"mainEntityOfPage\":{\"@id\":\"https:\\\/\\\/hotnewsinworld.com\\\/hu\\\/kovacs-zoltan-bevandorlasparti-bosszuallok-tamadjak-magyarorszagot\\\/\"},\"wordCount\":904,\"commentCount\":0,\"image\":{\"@id\":\"https:\\\/\\\/hotnewsinworld.com\\\/hu\\\/kovacs-zoltan-bevandorlasparti-bosszuallok-tamadjak-magyarorszagot\\\/#primaryimage\"},\"thumbnailUrl\":\"https:\\\/\\\/hotnewsinworld.com\\\/hu\\\/wp-content\\\/uploads\\\/sites\\\/3\\\/2019\\\/09\\\/Kov\u00e1cs-Zolt\u00e1n-bev\u00e1ndorl\u00e1sp\u00e1rti-bossz\u00fa\u00e1ll\u00f3k-t\u00e1madj\u00e1k-Magyarorsz\u00e1got.jpg\",\"articleSection\":[\"LEG\u00daJABB P\u00c9NZ\u00dcGYI H\u00cdREK\"],\"inLanguage\":\"hu\",\"potentialAction\":[{\"@type\":\"CommentAction\",\"name\":\"Comment\",\"target\":[\"https:\\\/\\\/hotnewsinworld.com\\\/hu\\\/kovacs-zoltan-bevandorlasparti-bosszuallok-tamadjak-magyarorszagot\\\/#respond\"]}]},{\"@type\":\"WebPage\",\"@id\":\"https:\\\/\\\/hotnewsinworld.com\\\/hu\\\/kovacs-zoltan-bevandorlasparti-bosszuallok-tamadjak-magyarorszagot\\\/\",\"url\":\"https:\\\/\\\/hotnewsinworld.com\\\/hu\\\/kovacs-zoltan-bevandorlasparti-bosszuallok-tamadjak-magyarorszagot\\\/\",\"name\":\"Kov\u00e1cs Zolt\u00e1n: bev\u00e1ndorl\u00e1sp\u00e1rti bossz\u00fa\u00e1ll\u00f3k t\u00e1madj\u00e1k Magyarorsz\u00e1got - Hot News in World\",\"isPartOf\":{\"@id\":\"https:\\\/\\\/hotnewsinworld.com\\\/hu\\\/#website\"},\"primaryImageOfPage\":{\"@id\":\"https:\\\/\\\/hotnewsinworld.com\\\/hu\\\/kovacs-zoltan-bevandorlasparti-bosszuallok-tamadjak-magyarorszagot\\\/#primaryimage\"},\"image\":{\"@id\":\"https:\\\/\\\/hotnewsinworld.com\\\/hu\\\/kovacs-zoltan-bevandorlasparti-bosszuallok-tamadjak-magyarorszagot\\\/#primaryimage\"},\"thumbnailUrl\":\"https:\\\/\\\/hotnewsinworld.com\\\/hu\\\/wp-content\\\/uploads\\\/sites\\\/3\\\/2019\\\/09\\\/Kov\u00e1cs-Zolt\u00e1n-bev\u00e1ndorl\u00e1sp\u00e1rti-bossz\u00fa\u00e1ll\u00f3k-t\u00e1madj\u00e1k-Magyarorsz\u00e1got.jpg\",\"datePublished\":\"2019-09-16T01:51:46+00:00\",\"dateModified\":\"2019-09-16T01:51:47+00:00\",\"author\":{\"@id\":\"https:\\\/\\\/hotnewsinworld.com\\\/hu\\\/#\\\/schema\\\/person\\\/fe61448b21c0d59086e75fcc1f9d8f6b\"},\"breadcrumb\":{\"@id\":\"https:\\\/\\\/hotnewsinworld.com\\\/hu\\\/kovacs-zoltan-bevandorlasparti-bosszuallok-tamadjak-magyarorszagot\\\/#breadcrumb\"},\"inLanguage\":\"hu\",\"potentialAction\":[{\"@type\":\"ReadAction\",\"target\":[\"https:\\\/\\\/hotnewsinworld.com\\\/hu\\\/kovacs-zoltan-bevandorlasparti-bosszuallok-tamadjak-magyarorszagot\\\/\"]}]},{\"@type\":\"ImageObject\",\"inLanguage\":\"hu\",\"@id\":\"https:\\\/\\\/hotnewsinworld.com\\\/hu\\\/kovacs-zoltan-bevandorlasparti-bosszuallok-tamadjak-magyarorszagot\\\/#primaryimage\",\"url\":\"https:\\\/\\\/hotnewsinworld.com\\\/hu\\\/wp-content\\\/uploads\\\/sites\\\/3\\\/2019\\\/09\\\/Kov\u00e1cs-Zolt\u00e1n-bev\u00e1ndorl\u00e1sp\u00e1rti-bossz\u00fa\u00e1ll\u00f3k-t\u00e1madj\u00e1k-Magyarorsz\u00e1got.jpg\",\"contentUrl\":\"https:\\\/\\\/hotnewsinworld.com\\\/hu\\\/wp-content\\\/uploads\\\/sites\\\/3\\\/2019\\\/09\\\/Kov\u00e1cs-Zolt\u00e1n-bev\u00e1ndorl\u00e1sp\u00e1rti-bossz\u00fa\u00e1ll\u00f3k-t\u00e1madj\u00e1k-Magyarorsz\u00e1got.jpg\",\"width\":600,\"height\":315,\"caption\":\"Kov\u00e1cs Zolt\u00e1n: bev\u00e1ndorl\u00e1sp\u00e1rti bossz\u00fa\u00e1ll\u00f3k t\u00e1madj\u00e1k Magyarorsz\u00e1got\"},{\"@type\":\"BreadcrumbList\",\"@id\":\"https:\\\/\\\/hotnewsinworld.com\\\/hu\\\/kovacs-zoltan-bevandorlasparti-bosszuallok-tamadjak-magyarorszagot\\\/#breadcrumb\",\"itemListElement\":[{\"@type\":\"ListItem\",\"position\":1,\"name\":\"\u0413\u043b\u0430\u0432\u043d\u0430\u044f \u0441\u0442\u0440\u0430\u043d\u0438\u0446\u0430\",\"item\":\"https:\\\/\\\/hotnewsinworld.com\\\/hu\\\/\"},{\"@type\":\"ListItem\",\"position\":2,\"name\":\"Kov\u00e1cs Zolt\u00e1n: bev\u00e1ndorl\u00e1sp\u00e1rti bossz\u00fa\u00e1ll\u00f3k t\u00e1madj\u00e1k Magyarorsz\u00e1got\"}]},{\"@type\":\"WebSite\",\"@id\":\"https:\\\/\\\/hotnewsinworld.com\\\/hu\\\/#website\",\"url\":\"https:\\\/\\\/hotnewsinworld.com\\\/hu\\\/\",\"name\":\"Hot News in World\",\"description\":\"Hot News in World from Hungary\",\"potentialAction\":[{\"@type\":\"SearchAction\",\"target\":{\"@type\":\"EntryPoint\",\"urlTemplate\":\"https:\\\/\\\/hotnewsinworld.com\\\/hu\\\/?s={search_term_string}\"},\"query-input\":{\"@type\":\"PropertyValueSpecification\",\"valueRequired\":true,\"valueName\":\"search_term_string\"}}],\"inLanguage\":\"hu\"},{\"@type\":\"Person\",\"@id\":\"https:\\\/\\\/hotnewsinworld.com\\\/hu\\\/#\\\/schema\\\/person\\\/fe61448b21c0d59086e75fcc1f9d8f6b\",\"name\":\"hotnewsinworld\",\"image\":{\"@type\":\"ImageObject\",\"inLanguage\":\"hu\",\"@id\":\"https:\\\/\\\/secure.gravatar.com\\\/avatar\\\/8a09ac165600ce2e1c38fe593c63928eb1e6e7ba5c5a907d67787c41b3d00c14?s=96&d=mm&r=g\",\"url\":\"https:\\\/\\\/secure.gravatar.com\\\/avatar\\\/8a09ac165600ce2e1c38fe593c63928eb1e6e7ba5c5a907d67787c41b3d00c14?s=96&d=mm&r=g\",\"contentUrl\":\"https:\\\/\\\/secure.gravatar.com\\\/avatar\\\/8a09ac165600ce2e1c38fe593c63928eb1e6e7ba5c5a907d67787c41b3d00c14?s=96&d=mm&r=g\",\"caption\":\"hotnewsinworld\"},\"url\":\"https:\\\/\\\/hotnewsinworld.com\\\/hu\\\/author\\\/pt\\\/\"}]}<\/script>\n<!-- \/ Yoast SEO plugin. -->","yoast_head_json":{"title":"Kov\u00e1cs Zolt\u00e1n: bev\u00e1ndorl\u00e1sp\u00e1rti bossz\u00fa\u00e1ll\u00f3k t\u00e1madj\u00e1k Magyarorsz\u00e1got - Hot News in World","robots":{"index":"index","follow":"follow","max-snippet":"max-snippet:-1","max-image-preview":"max-image-preview:large","max-video-preview":"max-video-preview:-1"},"canonical":"https:\/\/hotnewsinworld.com\/hu\/kovacs-zoltan-bevandorlasparti-bosszuallok-tamadjak-magyarorszagot\/","og_locale":"hu_HU","og_type":"article","og_title":"Kov\u00e1cs Zolt\u00e1n: bev\u00e1ndorl\u00e1sp\u00e1rti bossz\u00fa\u00e1ll\u00f3k t\u00e1madj\u00e1k Magyarorsz\u00e1got - Hot News in World","og_description":"Bev\u00e1ndorl\u00e1sp\u00e1rti bossz\u00fa\u00e1ll\u00f3k mindent megtesznek Magyarorsz\u00e1g ellen az \u00faj Eur\u00f3pai Parlamentben, \u00e9s err\u0151l sz\u00f3l a h\u00e9tf\u0151i br\u00fcsszeli meghallgat\u00e1s is \u2013 mondta Kov\u00e1cs Zolt\u00e1n nemzetk\u00f6zi kommunik\u00e1ci\u00f3\u00e9rt \u00e9s kapcsolatok\u00e9rt felel\u0151s \u00e1llamtitk\u00e1r a Kossuth R\u00e1di\u00f3 Vas\u00e1rnapi \u00fajs\u00e1g c\u00edm\u0171 m\u0171sor\u00e1ban. class=&#8221;&#8221;&gt;Bev\u00e1ndorl\u00e1sp\u00e1rti bossz\u00fa\u00e1ll\u00f3k mindent megtesznek Magyarorsz\u00e1g ellen az \u00faj Eur\u00f3pai Parlamentben, \u00e9s err\u0151l sz\u00f3l a h\u00e9tf\u0151i br\u00fcsszeli meghallgat\u00e1s is &#8211; mondta [&hellip;]","og_url":"https:\/\/hotnewsinworld.com\/hu\/kovacs-zoltan-bevandorlasparti-bosszuallok-tamadjak-magyarorszagot\/","og_site_name":"Hot News in World","article_published_time":"2019-09-16T01:51:46+00:00","article_modified_time":"2019-09-16T01:51:47+00:00","og_image":[{"width":600,"height":315,"url":"https:\/\/hotnewsinworld.com\/hu\/wp-content\/uploads\/sites\/3\/2019\/09\/Kov\u00e1cs-Zolt\u00e1n-bev\u00e1ndorl\u00e1sp\u00e1rti-bossz\u00fa\u00e1ll\u00f3k-t\u00e1madj\u00e1k-Magyarorsz\u00e1got.jpg","type":"image\/jpeg"}],"author":"hotnewsinworld","twitter_card":"summary_large_image","twitter_misc":{"Szerz\u0151:":"hotnewsinworld","Becs\u00fclt olvas\u00e1si id\u0151":"4 perc"},"schema":{"@context":"https:\/\/schema.org","@graph":[{"@type":"Article","@id":"https:\/\/hotnewsinworld.com\/hu\/kovacs-zoltan-bevandorlasparti-bosszuallok-tamadjak-magyarorszagot\/#article","isPartOf":{"@id":"https:\/\/hotnewsinworld.com\/hu\/kovacs-zoltan-bevandorlasparti-bosszuallok-tamadjak-magyarorszagot\/"},"author":{"name":"hotnewsinworld","@id":"https:\/\/hotnewsinworld.com\/hu\/#\/schema\/person\/fe61448b21c0d59086e75fcc1f9d8f6b"},"headline":"Kov\u00e1cs Zolt\u00e1n: bev\u00e1ndorl\u00e1sp\u00e1rti bossz\u00fa\u00e1ll\u00f3k t\u00e1madj\u00e1k Magyarorsz\u00e1got","datePublished":"2019-09-16T01:51:46+00:00","dateModified":"2019-09-16T01:51:47+00:00","mainEntityOfPage":{"@id":"https:\/\/hotnewsinworld.com\/hu\/kovacs-zoltan-bevandorlasparti-bosszuallok-tamadjak-magyarorszagot\/"},"wordCount":904,"commentCount":0,"image":{"@id":"https:\/\/hotnewsinworld.com\/hu\/kovacs-zoltan-bevandorlasparti-bosszuallok-tamadjak-magyarorszagot\/#primaryimage"},"thumbnailUrl":"https:\/\/hotnewsinworld.com\/hu\/wp-content\/uploads\/sites\/3\/2019\/09\/Kov\u00e1cs-Zolt\u00e1n-bev\u00e1ndorl\u00e1sp\u00e1rti-bossz\u00fa\u00e1ll\u00f3k-t\u00e1madj\u00e1k-Magyarorsz\u00e1got.jpg","articleSection":["LEG\u00daJABB P\u00c9NZ\u00dcGYI H\u00cdREK"],"inLanguage":"hu","potentialAction":[{"@type":"CommentAction","name":"Comment","target":["https:\/\/hotnewsinworld.com\/hu\/kovacs-zoltan-bevandorlasparti-bosszuallok-tamadjak-magyarorszagot\/#respond"]}]},{"@type":"WebPage","@id":"https:\/\/hotnewsinworld.com\/hu\/kovacs-zoltan-bevandorlasparti-bosszuallok-tamadjak-magyarorszagot\/","url":"https:\/\/hotnewsinworld.com\/hu\/kovacs-zoltan-bevandorlasparti-bosszuallok-tamadjak-magyarorszagot\/","name":"Kov\u00e1cs Zolt\u00e1n: bev\u00e1ndorl\u00e1sp\u00e1rti bossz\u00fa\u00e1ll\u00f3k t\u00e1madj\u00e1k Magyarorsz\u00e1got - Hot News in World","isPartOf":{"@id":"https:\/\/hotnewsinworld.com\/hu\/#website"},"primaryImageOfPage":{"@id":"https:\/\/hotnewsinworld.com\/hu\/kovacs-zoltan-bevandorlasparti-bosszuallok-tamadjak-magyarorszagot\/#primaryimage"},"image":{"@id":"https:\/\/hotnewsinworld.com\/hu\/kovacs-zoltan-bevandorlasparti-bosszuallok-tamadjak-magyarorszagot\/#primaryimage"},"thumbnailUrl":"https:\/\/hotnewsinworld.com\/hu\/wp-content\/uploads\/sites\/3\/2019\/09\/Kov\u00e1cs-Zolt\u00e1n-bev\u00e1ndorl\u00e1sp\u00e1rti-bossz\u00fa\u00e1ll\u00f3k-t\u00e1madj\u00e1k-Magyarorsz\u00e1got.jpg","datePublished":"2019-09-16T01:51:46+00:00","dateModified":"2019-09-16T01:51:47+00:00","author":{"@id":"https:\/\/hotnewsinworld.com\/hu\/#\/schema\/person\/fe61448b21c0d59086e75fcc1f9d8f6b"},"breadcrumb":{"@id":"https:\/\/hotnewsinworld.com\/hu\/kovacs-zoltan-bevandorlasparti-bosszuallok-tamadjak-magyarorszagot\/#breadcrumb"},"inLanguage":"hu","potentialAction":[{"@type":"ReadAction","target":["https:\/\/hotnewsinworld.com\/hu\/kovacs-zoltan-bevandorlasparti-bosszuallok-tamadjak-magyarorszagot\/"]}]},{"@type":"ImageObject","inLanguage":"hu","@id":"https:\/\/hotnewsinworld.com\/hu\/kovacs-zoltan-bevandorlasparti-bosszuallok-tamadjak-magyarorszagot\/#primaryimage","url":"https:\/\/hotnewsinworld.com\/hu\/wp-content\/uploads\/sites\/3\/2019\/09\/Kov\u00e1cs-Zolt\u00e1n-bev\u00e1ndorl\u00e1sp\u00e1rti-bossz\u00fa\u00e1ll\u00f3k-t\u00e1madj\u00e1k-Magyarorsz\u00e1got.jpg","contentUrl":"https:\/\/hotnewsinworld.com\/hu\/wp-content\/uploads\/sites\/3\/2019\/09\/Kov\u00e1cs-Zolt\u00e1n-bev\u00e1ndorl\u00e1sp\u00e1rti-bossz\u00fa\u00e1ll\u00f3k-t\u00e1madj\u00e1k-Magyarorsz\u00e1got.jpg","width":600,"height":315,"caption":"Kov\u00e1cs Zolt\u00e1n: bev\u00e1ndorl\u00e1sp\u00e1rti bossz\u00fa\u00e1ll\u00f3k t\u00e1madj\u00e1k Magyarorsz\u00e1got"},{"@type":"BreadcrumbList","@id":"https:\/\/hotnewsinworld.com\/hu\/kovacs-zoltan-bevandorlasparti-bosszuallok-tamadjak-magyarorszagot\/#breadcrumb","itemListElement":[{"@type":"ListItem","position":1,"name":"\u0413\u043b\u0430\u0432\u043d\u0430\u044f \u0441\u0442\u0440\u0430\u043d\u0438\u0446\u0430","item":"https:\/\/hotnewsinworld.com\/hu\/"},{"@type":"ListItem","position":2,"name":"Kov\u00e1cs Zolt\u00e1n: bev\u00e1ndorl\u00e1sp\u00e1rti bossz\u00fa\u00e1ll\u00f3k t\u00e1madj\u00e1k Magyarorsz\u00e1got"}]},{"@type":"WebSite","@id":"https:\/\/hotnewsinworld.com\/hu\/#website","url":"https:\/\/hotnewsinworld.com\/hu\/","name":"Hot News in World","description":"Hot News in World from Hungary","potentialAction":[{"@type":"SearchAction","target":{"@type":"EntryPoint","urlTemplate":"https:\/\/hotnewsinworld.com\/hu\/?s={search_term_string}"},"query-input":{"@type":"PropertyValueSpecification","valueRequired":true,"valueName":"search_term_string"}}],"inLanguage":"hu"},{"@type":"Person","@id":"https:\/\/hotnewsinworld.com\/hu\/#\/schema\/person\/fe61448b21c0d59086e75fcc1f9d8f6b","name":"hotnewsinworld","image":{"@type":"ImageObject","inLanguage":"hu","@id":"https:\/\/secure.gravatar.com\/avatar\/8a09ac165600ce2e1c38fe593c63928eb1e6e7ba5c5a907d67787c41b3d00c14?s=96&d=mm&r=g","url":"https:\/\/secure.gravatar.com\/avatar\/8a09ac165600ce2e1c38fe593c63928eb1e6e7ba5c5a907d67787c41b3d00c14?s=96&d=mm&r=g","contentUrl":"https:\/\/secure.gravatar.com\/avatar\/8a09ac165600ce2e1c38fe593c63928eb1e6e7ba5c5a907d67787c41b3d00c14?s=96&d=mm&r=g","caption":"hotnewsinworld"},"url":"https:\/\/hotnewsinworld.com\/hu\/author\/pt\/"}]}},"_links":{"self":[{"href":"https:\/\/hotnewsinworld.com\/hu\/wp-json\/wp\/v2\/posts\/2099","targetHints":{"allow":["GET"]}}],"collection":[{"href":"https:\/\/hotnewsinworld.com\/hu\/wp-json\/wp\/v2\/posts"}],"about":[{"href":"https:\/\/hotnewsinworld.com\/hu\/wp-json\/wp\/v2\/types\/post"}],"author":[{"embeddable":true,"href":"https:\/\/hotnewsinworld.com\/hu\/wp-json\/wp\/v2\/users\/2"}],"replies":[{"embeddable":true,"href":"https:\/\/hotnewsinworld.com\/hu\/wp-json\/wp\/v2\/comments?post=2099"}],"version-history":[{"count":1,"href":"https:\/\/hotnewsinworld.com\/hu\/wp-json\/wp\/v2\/posts\/2099\/revisions"}],"predecessor-version":[{"id":2101,"href":"https:\/\/hotnewsinworld.com\/hu\/wp-json\/wp\/v2\/posts\/2099\/revisions\/2101"}],"wp:featuredmedia":[{"embeddable":true,"href":"https:\/\/hotnewsinworld.com\/hu\/wp-json\/wp\/v2\/media\/2100"}],"wp:attachment":[{"href":"https:\/\/hotnewsinworld.com\/hu\/wp-json\/wp\/v2\/media?parent=2099"}],"wp:term":[{"taxonomy":"category","embeddable":true,"href":"https:\/\/hotnewsinworld.com\/hu\/wp-json\/wp\/v2\/categories?post=2099"},{"taxonomy":"post_tag","embeddable":true,"href":"https:\/\/hotnewsinworld.com\/hu\/wp-json\/wp\/v2\/tags?post=2099"}],"curies":[{"name":"wp","href":"https:\/\/api.w.org\/{rel}","templated":true}]}}