{"id":2105,"date":"2019-09-16T07:45:11","date_gmt":"2019-09-16T04:45:11","guid":{"rendered":"https:\/\/hotnewsinworld.com\/hu\/kover-laszlo-magyarorszag-visszaszerezte-a-jovojet\/"},"modified":"2019-09-16T07:45:12","modified_gmt":"2019-09-16T04:45:12","slug":"kover-laszlo-magyarorszag-visszaszerezte-a-jovojet","status":"publish","type":"post","link":"https:\/\/hotnewsinworld.com\/hu\/kover-laszlo-magyarorszag-visszaszerezte-a-jovojet\/","title":{"rendered":"K\u00f6v\u00e9r L\u00e1szl\u00f3: Magyarorsz\u00e1g visszaszerezte a j\u00f6v\u0151j\u00e9t"},"content":{"rendered":"<p>Magyarorsz\u00e1g 2010 \u00f3ta elv\u00e9gzett munk\u00e1j\u00e1val visszaszerezte j\u00f6v\u0151j\u00e9t, \u00e9s ennek nyilv\u00e1nval\u00f3 jele, hogy \u201emi magyarok nem bez\u00e1rjuk a templomokat \u00e9s az iskol\u00e1kat\u201d, hanem \u00fajakat \u00e9p\u00edt\u00fcnk \u2013 mondta K\u00f6v\u00e9r L\u00e1szl\u00f3, az Orsz\u00e1ggy\u0171l\u00e9s eln\u00f6ke vas\u00e1rnap Budapesten, a Fasori Reform\u00e1tus Egyh\u00e1zk\u00f6zs\u00e9g h\u00e1laad\u00f3 napj\u00e1n.<\/p>\n<p>A fasori gy\u00fclekezet \u00faj \u00f3voda\u00e9p\u00fclet\u00e9nek \u00e1tad\u00e1s\u00e1n a h\u00e1zeln\u00f6k kiemelte: \u201eegyetlen politika sem mondhatja meg az embereknek, hogyan \u00e9ljenek, ugyanakkor minden felel\u0151s politika k\u00f6teless\u00e9ge, hogy megteremtse a tartalmas \u00e9let lehet\u0151s\u00e9get az emberek sz\u00e1m\u00e1ra\u201d.<\/p>\n<p>Az oktat\u00e1si rendszeren bel\u00fcl az egyh\u00e1zi oktat\u00e1s v\u00e1laszt\u00e1sa minden \u00e1llampolg\u00e1r szabad \u00e9rt\u00e9kv\u00e1laszt\u00e1sa, amelyet a felel\u0151s politik\u00e1nak nemcsak tiszteletben kell tartania, hanem t\u00e1mogatnia is kell.<\/p>\n<p>Az \u00faj \u00f3voda\u00e9p\u00fclet is ennek a t\u00e1mogat\u00e1snak az eredm\u00e9nye, \u00e9s azt \u201ep\u00e9ld\u00e1zza, hogy a sz\u00fcl\u0151k, az egyh\u00e1z \u00e9s az \u00e1llam \u00f6sszefog\u00e1sa k\u00f6z\u00f6ss\u00e9get teremt\u201d.<\/p>\n<p>Az elm\u00falt kilenc \u00e9vben a K\u00e1rp\u00e1t-medenc\u00e9ben 120 \u00faj templom \u00e9p\u00fclt \u00e9s 3000 \u00fajult meg \u2013 mondta, hozz\u00e1t\u00e9ve, hogy a magyar egyh\u00e1zak \u00e9let\u00e9ben \u201eilyen r\u00f6vid id\u0151 alatt ilyen m\u00e9rt\u00e9k\u0171 gyarapod\u00e1sra \u00e9s meg\u00fajul\u00e1sra az elm\u00falt sz\u00e1z esztend\u0151ben nem volt p\u00e9lda\u201d.<\/p>\n<p>Besz\u00e9lt arr\u00f3l is, hogy a reform\u00e1ci\u00f3 f\u00e9l \u00e9vezreddel ezel\u0151tt nemcsak a hitet \u00faj\u00edtotta meg, hanem \u00e1ltala a magyars\u00e1got is. \u201eTeret nyitott anyanyelvi oktat\u00e1sunknak, meger\u0151s\u00edtette \u00e9s ma is er\u0151s\u00edti nemzeti \u00f6nazonoss\u00e1gunkat.\u201d Szavai szerint ez a \u201enagyszer\u0171 teljes\u00edtm\u00e9ny \u00e9s az alapj\u00e1ul szolg\u00e1l\u00f3 mindig meg\u00fajul\u00e1sra k\u00e9pes \u00e9rt\u00e9krend adja a magyar reform\u00e1ci\u00f3 k\u00f6z\u00f6ss\u00e9g\u00e9p\u00edt\u0151 \u00e9s nemzetmegtart\u00f3 erej\u00e9t\u201d. Mindennek a megismertet\u00e9se \u00e9s a megtart\u00f3er\u0151 \u00e1truh\u00e1z\u00e1sa pedig a leg\u00e9rt\u00e9kesebb \u00fatraval\u00f3, amit a reform\u00e1tus nevel\u00e9s \u00e9s oktat\u00e1s biztos\u00edt.<\/p>\n<p>K\u00f6v\u00e9r L\u00e1szl\u00f3 elmondta, Magyarorsz\u00e1gi Reform\u00e1tus Egyh\u00e1z csak az \u00f3vodaprogramj\u00e1ra 30 milli\u00e1rd forintot ford\u00edthat, ebb\u0151l t\u00f6bb mint 40 \u00f3voda \u00e9p\u00fcl, 25 pedig meg\u00fajul. Emellett a hat\u00e1ron t\u00fali magyar k\u00f6z\u00f6ss\u00e9gek anyaorsz\u00e1gi t\u00e1mogat\u00e1ssal \u00f6sszesen 160 b\u00f6lcs\u0151d\u00e9t \u00e9s \u00f3vod\u00e1t \u00e9p\u00edtenek. Mindenhol korszer\u0171, j\u00f3l felszerelt int\u00e9zm\u00e9nyek j\u00f6nnek l\u00e9tre, melyek k\u00e9pesek a 21. sz\u00e1zadban bet\u00f6lteni hivat\u00e1sukat, \u00e9s felk\u00e9sz\u00edteni gyermekeinket a magyar \u00e9s az eur\u00f3pai kereszt\u00e9ny kult\u00fara m\u0171vel\u00e9s\u00e9re \u2013 tette hozz\u00e1 az Orsz\u00e1gh\u00e1z eln\u00f6ke.<\/p>\n<p>Solt\u00e9sz Mikl\u00f3s, a Minisztereln\u00f6ks\u00e9g egyh\u00e1zi \u00e9s nemzetis\u00e9gi kapcsolatok\u00e9rt felel\u0151s \u00e1llamtitk\u00e1ra arr\u00f3l besz\u00e9lt: a reform\u00e1tus egyh\u00e1z, ak\u00e1rcsak a t\u00f6bbi egyh\u00e1z, sz\u00e1m\u00edthat a korm\u00e1ny seg\u00edts\u00e9g\u00e9re a j\u00f6v\u0151ben is, hiszen tudj\u00e1k, hogy a nemzet \u00e9s a kereszt\u00e9nys\u00e9g meg\u0151rz\u00e9s\u00e9ben milyen fontos munk\u00e1t v\u00e9geztek \u00e9s v\u00e9geznek az egyh\u00e1zak.<\/p>\n<p>A fasori reform\u00e1tus templom is meg\u00fajul a j\u00f6v\u0151ben, ehhez a napokban megkapj\u00e1k a korm\u00e1ny 300 milli\u00f3 forintos t\u00e1mogat\u00e1s\u00e1t, \u00e9s az Orsz\u00e1ggy\u0171l\u00e9s j\u00faliusban d\u00f6nt\u00f6tt \u00fajabb 300 milli\u00f3 forint t\u00e1mogat\u00e1sr\u00f3l is \u2013 sz\u00e1molt be az MTI.<\/p>\n<p>Bog\u00e1rdi Szab\u00f3 Istv\u00e1n, a Magyarorsz\u00e1gi Reform\u00e1tus Egyh\u00e1z zsinat\u00e1nak eln\u00f6ke igehirdet\u00e9s\u00e9ben arr\u00f3l besz\u00e9lt: amikor a sz\u00fcl\u0151k \u00f3vod\u00e1t, majd \u00e1ltal\u00e1nos iskol\u00e1t keresnek gyermekeiknek, eleinte csak j\u00f3 \u00e9s biztons\u00e1gos helyet keresnek. Id\u0151vel azonban a sz\u00fcl\u0151kben megjelenik a v\u00e1gy, hogy az iskola ne csak j\u00f3 dolgokra tan\u00edtson, hanem biztos utat mutasson a siker fel\u00e9. A siker azonban vesz\u00e9lyes dolog, k\u00f6nnyen felfuvalkodott\u00e1 tesz, a felfuvalkodott ember pedig nem f\u00e9li \u00e9s nem keresi Istent.<\/p>\n<p>M\u00e9gsem az a megold\u00e1s, ha eldobjuk magunkt\u00f3l a sikert, hanem ha f\u00f6l\u00e9 helyez\u00fcnk valamit, ha tudjuk, hogy nem a siker a legfels\u0151bb c\u00e9l, hanem Isten akarat\u00e1nak keres\u00e9se \u2013 mondta a reform\u00e1tus p\u00fcsp\u00f6k.<\/p>\n<p>A fasori gy\u00fclekezet Csipkebokor \u00f3vod\u00e1j\u00e1ban 117 gyermeket nevelnek, Julianna iskol\u00e1j\u00e1ban 315 tanul. A gy\u00fclekezet kor\u00e1bban az \u00f6nkorm\u00e1nyzatt\u00f3l b\u00e9relt \u00e9p\u00fcletet a 2007 \u00f3ta m\u0171k\u00f6d\u0151 Csipkebokor \u00f3vod\u00e1nak, amelyet azonban kin\u0151tt. A Julianna iskola szint\u00e9n sz\u0171k\u00f6ss\u00e9 v\u00e1l\u00f3 iskola\u00e9p\u00fclete helyett a gy\u00fclekezet megv\u00e1s\u00e1rolta, majd fel\u00faj\u00edtotta a VII. ker\u00fcleti \u00f6nkorm\u00e1nyzat Rottenbiller utcai iskol\u00e1j\u00e1t. A Julianna iskola kor\u00e1bbi \u00e9p\u00fclet\u00e9t pedig teljes k\u00f6r\u0171en \u00e1t\u00e9p\u00edttett\u00e9k, \u00e9s mostant\u00f3l az \u00e9p\u00fcletben m\u0171k\u00f6dik a Csipkebokor \u00f3voda.<\/p>\n<p>Kiemelt k\u00e9p: K\u00f6v\u00e9r L\u00e1szl\u00f3 besz\u00e9det mond Budapesten, a Fasori Reform\u00e1tus Egyh\u00e1zk\u00f6zs\u00e9g h\u00e1laad\u00f3 napj\u00e1n. Jobbr\u00f3l Devich M\u00e1rton, a Fasori Reform\u00e1tus Egyh\u00e1zk\u00f6zs\u00e9g f\u0151gondnoka. MTI\/Bruz\u00e1k No\u00e9mi<\/p>\n<p>\n<!--noindex--><br \/>\n<a href=\"https:\/\/hirek.oldal.info\/rssclick\/14399635\" rel=\"nofollow\">Source link <\/a><br \/>\n<!--\/noindex--><\/p>\n","protected":false},"excerpt":{"rendered":"<p>Magyarorsz\u00e1g 2010 \u00f3ta elv\u00e9gzett munk\u00e1j\u00e1val visszaszerezte j\u00f6v\u0151j\u00e9t, \u00e9s ennek nyilv\u00e1nval\u00f3 jele, hogy \u201emi magyarok nem bez\u00e1rjuk a templomokat \u00e9s az iskol\u00e1kat\u201d, hanem \u00fajakat \u00e9p\u00edt\u00fcnk \u2013 mondta K\u00f6v\u00e9r L\u00e1szl\u00f3, az Orsz\u00e1ggy\u0171l\u00e9s eln\u00f6ke vas\u00e1rnap Budapesten, a Fasori Reform\u00e1tus Egyh\u00e1zk\u00f6zs\u00e9g h\u00e1laad\u00f3 napj\u00e1n. A fasori gy\u00fclekezet \u00faj \u00f3voda\u00e9p\u00fclet\u00e9nek \u00e1tad\u00e1s\u00e1n a h\u00e1zeln\u00f6k kiemelte: \u201eegyetlen politika sem mondhatja meg az embereknek, [&hellip;]<\/p>\n","protected":false},"author":2,"featured_media":2106,"comment_status":"open","ping_status":"open","sticky":false,"template":"","format":"standard","meta":{"footnotes":""},"categories":[1],"tags":[],"class_list":["post-2105","post","type-post","status-publish","format-standard","has-post-thumbnail","hentry","category-legujabb-penzugyi-hirek"],"yoast_head":"<!-- This site is optimized with the Yoast SEO plugin v27.4 - https:\/\/yoast.com\/product\/yoast-seo-wordpress\/ -->\n<title>K\u00f6v\u00e9r L\u00e1szl\u00f3: Magyarorsz\u00e1g visszaszerezte a j\u00f6v\u0151j\u00e9t - Hot News in World<\/title>\n<meta name=\"robots\" content=\"index, follow, max-snippet:-1, max-image-preview:large, max-video-preview:-1\" \/>\n<link rel=\"canonical\" href=\"https:\/\/hotnewsinworld.com\/hu\/kover-laszlo-magyarorszag-visszaszerezte-a-jovojet\/\" \/>\n<meta property=\"og:locale\" content=\"hu_HU\" \/>\n<meta property=\"og:type\" content=\"article\" \/>\n<meta property=\"og:title\" content=\"K\u00f6v\u00e9r L\u00e1szl\u00f3: Magyarorsz\u00e1g visszaszerezte a j\u00f6v\u0151j\u00e9t - Hot News in World\" \/>\n<meta property=\"og:description\" content=\"Magyarorsz\u00e1g 2010 \u00f3ta elv\u00e9gzett munk\u00e1j\u00e1val visszaszerezte j\u00f6v\u0151j\u00e9t, \u00e9s ennek nyilv\u00e1nval\u00f3 jele, hogy \u201emi magyarok nem bez\u00e1rjuk a templomokat \u00e9s az iskol\u00e1kat\u201d, hanem \u00fajakat \u00e9p\u00edt\u00fcnk \u2013 mondta K\u00f6v\u00e9r L\u00e1szl\u00f3, az Orsz\u00e1ggy\u0171l\u00e9s eln\u00f6ke vas\u00e1rnap Budapesten, a Fasori Reform\u00e1tus Egyh\u00e1zk\u00f6zs\u00e9g h\u00e1laad\u00f3 napj\u00e1n. A fasori gy\u00fclekezet \u00faj \u00f3voda\u00e9p\u00fclet\u00e9nek \u00e1tad\u00e1s\u00e1n a h\u00e1zeln\u00f6k kiemelte: \u201eegyetlen politika sem mondhatja meg az embereknek, [&hellip;]\" \/>\n<meta property=\"og:url\" content=\"https:\/\/hotnewsinworld.com\/hu\/kover-laszlo-magyarorszag-visszaszerezte-a-jovojet\/\" \/>\n<meta property=\"og:site_name\" content=\"Hot News in World\" \/>\n<meta property=\"article:published_time\" content=\"2019-09-16T04:45:11+00:00\" \/>\n<meta property=\"article:modified_time\" content=\"2019-09-16T04:45:12+00:00\" \/>\n<meta property=\"og:image\" content=\"https:\/\/hotnewsinworld.com\/hu\/wp-content\/uploads\/sites\/3\/2019\/09\/K\u00f6v\u00e9r-L\u00e1szl\u00f3-Magyarorsz\u00e1g-visszaszerezte-a-j\u00f6v\u0151j\u00e9t.jpg\" \/>\n\t<meta property=\"og:image:width\" content=\"1024\" \/>\n\t<meta property=\"og:image:height\" content=\"576\" \/>\n\t<meta property=\"og:image:type\" content=\"image\/jpeg\" \/>\n<meta name=\"author\" content=\"hotnewsinworld\" \/>\n<meta name=\"twitter:card\" content=\"summary_large_image\" \/>\n<meta name=\"twitter:label1\" content=\"Szerz\u0151:\" \/>\n\t<meta name=\"twitter:data1\" content=\"hotnewsinworld\" \/>\n\t<meta name=\"twitter:label2\" content=\"Becs\u00fclt olvas\u00e1si id\u0151\" \/>\n\t<meta name=\"twitter:data2\" content=\"4 perc\" \/>\n<script type=\"application\/ld+json\" class=\"yoast-schema-graph\">{\"@context\":\"https:\\\/\\\/schema.org\",\"@graph\":[{\"@type\":\"Article\",\"@id\":\"https:\\\/\\\/hotnewsinworld.com\\\/hu\\\/kover-laszlo-magyarorszag-visszaszerezte-a-jovojet\\\/#article\",\"isPartOf\":{\"@id\":\"https:\\\/\\\/hotnewsinworld.com\\\/hu\\\/kover-laszlo-magyarorszag-visszaszerezte-a-jovojet\\\/\"},\"author\":{\"name\":\"hotnewsinworld\",\"@id\":\"https:\\\/\\\/hotnewsinworld.com\\\/hu\\\/#\\\/schema\\\/person\\\/fe61448b21c0d59086e75fcc1f9d8f6b\"},\"headline\":\"K\u00f6v\u00e9r L\u00e1szl\u00f3: Magyarorsz\u00e1g visszaszerezte a j\u00f6v\u0151j\u00e9t\",\"datePublished\":\"2019-09-16T04:45:11+00:00\",\"dateModified\":\"2019-09-16T04:45:12+00:00\",\"mainEntityOfPage\":{\"@id\":\"https:\\\/\\\/hotnewsinworld.com\\\/hu\\\/kover-laszlo-magyarorszag-visszaszerezte-a-jovojet\\\/\"},\"wordCount\":879,\"commentCount\":0,\"image\":{\"@id\":\"https:\\\/\\\/hotnewsinworld.com\\\/hu\\\/kover-laszlo-magyarorszag-visszaszerezte-a-jovojet\\\/#primaryimage\"},\"thumbnailUrl\":\"https:\\\/\\\/hotnewsinworld.com\\\/hu\\\/wp-content\\\/uploads\\\/sites\\\/3\\\/2019\\\/09\\\/K\u00f6v\u00e9r-L\u00e1szl\u00f3-Magyarorsz\u00e1g-visszaszerezte-a-j\u00f6v\u0151j\u00e9t.jpg\",\"articleSection\":[\"LEG\u00daJABB P\u00c9NZ\u00dcGYI H\u00cdREK\"],\"inLanguage\":\"hu\",\"potentialAction\":[{\"@type\":\"CommentAction\",\"name\":\"Comment\",\"target\":[\"https:\\\/\\\/hotnewsinworld.com\\\/hu\\\/kover-laszlo-magyarorszag-visszaszerezte-a-jovojet\\\/#respond\"]}]},{\"@type\":\"WebPage\",\"@id\":\"https:\\\/\\\/hotnewsinworld.com\\\/hu\\\/kover-laszlo-magyarorszag-visszaszerezte-a-jovojet\\\/\",\"url\":\"https:\\\/\\\/hotnewsinworld.com\\\/hu\\\/kover-laszlo-magyarorszag-visszaszerezte-a-jovojet\\\/\",\"name\":\"K\u00f6v\u00e9r L\u00e1szl\u00f3: Magyarorsz\u00e1g visszaszerezte a j\u00f6v\u0151j\u00e9t - Hot News in World\",\"isPartOf\":{\"@id\":\"https:\\\/\\\/hotnewsinworld.com\\\/hu\\\/#website\"},\"primaryImageOfPage\":{\"@id\":\"https:\\\/\\\/hotnewsinworld.com\\\/hu\\\/kover-laszlo-magyarorszag-visszaszerezte-a-jovojet\\\/#primaryimage\"},\"image\":{\"@id\":\"https:\\\/\\\/hotnewsinworld.com\\\/hu\\\/kover-laszlo-magyarorszag-visszaszerezte-a-jovojet\\\/#primaryimage\"},\"thumbnailUrl\":\"https:\\\/\\\/hotnewsinworld.com\\\/hu\\\/wp-content\\\/uploads\\\/sites\\\/3\\\/2019\\\/09\\\/K\u00f6v\u00e9r-L\u00e1szl\u00f3-Magyarorsz\u00e1g-visszaszerezte-a-j\u00f6v\u0151j\u00e9t.jpg\",\"datePublished\":\"2019-09-16T04:45:11+00:00\",\"dateModified\":\"2019-09-16T04:45:12+00:00\",\"author\":{\"@id\":\"https:\\\/\\\/hotnewsinworld.com\\\/hu\\\/#\\\/schema\\\/person\\\/fe61448b21c0d59086e75fcc1f9d8f6b\"},\"breadcrumb\":{\"@id\":\"https:\\\/\\\/hotnewsinworld.com\\\/hu\\\/kover-laszlo-magyarorszag-visszaszerezte-a-jovojet\\\/#breadcrumb\"},\"inLanguage\":\"hu\",\"potentialAction\":[{\"@type\":\"ReadAction\",\"target\":[\"https:\\\/\\\/hotnewsinworld.com\\\/hu\\\/kover-laszlo-magyarorszag-visszaszerezte-a-jovojet\\\/\"]}]},{\"@type\":\"ImageObject\",\"inLanguage\":\"hu\",\"@id\":\"https:\\\/\\\/hotnewsinworld.com\\\/hu\\\/kover-laszlo-magyarorszag-visszaszerezte-a-jovojet\\\/#primaryimage\",\"url\":\"https:\\\/\\\/hotnewsinworld.com\\\/hu\\\/wp-content\\\/uploads\\\/sites\\\/3\\\/2019\\\/09\\\/K\u00f6v\u00e9r-L\u00e1szl\u00f3-Magyarorsz\u00e1g-visszaszerezte-a-j\u00f6v\u0151j\u00e9t.jpg\",\"contentUrl\":\"https:\\\/\\\/hotnewsinworld.com\\\/hu\\\/wp-content\\\/uploads\\\/sites\\\/3\\\/2019\\\/09\\\/K\u00f6v\u00e9r-L\u00e1szl\u00f3-Magyarorsz\u00e1g-visszaszerezte-a-j\u00f6v\u0151j\u00e9t.jpg\",\"width\":1024,\"height\":576,\"caption\":\"K\u00f6v\u00e9r L\u00e1szl\u00f3: Magyarorsz\u00e1g visszaszerezte a j\u00f6v\u0151j\u00e9t\"},{\"@type\":\"BreadcrumbList\",\"@id\":\"https:\\\/\\\/hotnewsinworld.com\\\/hu\\\/kover-laszlo-magyarorszag-visszaszerezte-a-jovojet\\\/#breadcrumb\",\"itemListElement\":[{\"@type\":\"ListItem\",\"position\":1,\"name\":\"\u0413\u043b\u0430\u0432\u043d\u0430\u044f \u0441\u0442\u0440\u0430\u043d\u0438\u0446\u0430\",\"item\":\"https:\\\/\\\/hotnewsinworld.com\\\/hu\\\/\"},{\"@type\":\"ListItem\",\"position\":2,\"name\":\"K\u00f6v\u00e9r L\u00e1szl\u00f3: Magyarorsz\u00e1g visszaszerezte a j\u00f6v\u0151j\u00e9t\"}]},{\"@type\":\"WebSite\",\"@id\":\"https:\\\/\\\/hotnewsinworld.com\\\/hu\\\/#website\",\"url\":\"https:\\\/\\\/hotnewsinworld.com\\\/hu\\\/\",\"name\":\"Hot News in World\",\"description\":\"Hot News in World from Hungary\",\"potentialAction\":[{\"@type\":\"SearchAction\",\"target\":{\"@type\":\"EntryPoint\",\"urlTemplate\":\"https:\\\/\\\/hotnewsinworld.com\\\/hu\\\/?s={search_term_string}\"},\"query-input\":{\"@type\":\"PropertyValueSpecification\",\"valueRequired\":true,\"valueName\":\"search_term_string\"}}],\"inLanguage\":\"hu\"},{\"@type\":\"Person\",\"@id\":\"https:\\\/\\\/hotnewsinworld.com\\\/hu\\\/#\\\/schema\\\/person\\\/fe61448b21c0d59086e75fcc1f9d8f6b\",\"name\":\"hotnewsinworld\",\"image\":{\"@type\":\"ImageObject\",\"inLanguage\":\"hu\",\"@id\":\"https:\\\/\\\/secure.gravatar.com\\\/avatar\\\/8a09ac165600ce2e1c38fe593c63928eb1e6e7ba5c5a907d67787c41b3d00c14?s=96&d=mm&r=g\",\"url\":\"https:\\\/\\\/secure.gravatar.com\\\/avatar\\\/8a09ac165600ce2e1c38fe593c63928eb1e6e7ba5c5a907d67787c41b3d00c14?s=96&d=mm&r=g\",\"contentUrl\":\"https:\\\/\\\/secure.gravatar.com\\\/avatar\\\/8a09ac165600ce2e1c38fe593c63928eb1e6e7ba5c5a907d67787c41b3d00c14?s=96&d=mm&r=g\",\"caption\":\"hotnewsinworld\"},\"url\":\"https:\\\/\\\/hotnewsinworld.com\\\/hu\\\/author\\\/pt\\\/\"}]}<\/script>\n<!-- \/ Yoast SEO plugin. -->","yoast_head_json":{"title":"K\u00f6v\u00e9r L\u00e1szl\u00f3: Magyarorsz\u00e1g visszaszerezte a j\u00f6v\u0151j\u00e9t - Hot News in World","robots":{"index":"index","follow":"follow","max-snippet":"max-snippet:-1","max-image-preview":"max-image-preview:large","max-video-preview":"max-video-preview:-1"},"canonical":"https:\/\/hotnewsinworld.com\/hu\/kover-laszlo-magyarorszag-visszaszerezte-a-jovojet\/","og_locale":"hu_HU","og_type":"article","og_title":"K\u00f6v\u00e9r L\u00e1szl\u00f3: Magyarorsz\u00e1g visszaszerezte a j\u00f6v\u0151j\u00e9t - Hot News in World","og_description":"Magyarorsz\u00e1g 2010 \u00f3ta elv\u00e9gzett munk\u00e1j\u00e1val visszaszerezte j\u00f6v\u0151j\u00e9t, \u00e9s ennek nyilv\u00e1nval\u00f3 jele, hogy \u201emi magyarok nem bez\u00e1rjuk a templomokat \u00e9s az iskol\u00e1kat\u201d, hanem \u00fajakat \u00e9p\u00edt\u00fcnk \u2013 mondta K\u00f6v\u00e9r L\u00e1szl\u00f3, az Orsz\u00e1ggy\u0171l\u00e9s eln\u00f6ke vas\u00e1rnap Budapesten, a Fasori Reform\u00e1tus Egyh\u00e1zk\u00f6zs\u00e9g h\u00e1laad\u00f3 napj\u00e1n. A fasori gy\u00fclekezet \u00faj \u00f3voda\u00e9p\u00fclet\u00e9nek \u00e1tad\u00e1s\u00e1n a h\u00e1zeln\u00f6k kiemelte: \u201eegyetlen politika sem mondhatja meg az embereknek, [&hellip;]","og_url":"https:\/\/hotnewsinworld.com\/hu\/kover-laszlo-magyarorszag-visszaszerezte-a-jovojet\/","og_site_name":"Hot News in World","article_published_time":"2019-09-16T04:45:11+00:00","article_modified_time":"2019-09-16T04:45:12+00:00","og_image":[{"width":1024,"height":576,"url":"https:\/\/hotnewsinworld.com\/hu\/wp-content\/uploads\/sites\/3\/2019\/09\/K\u00f6v\u00e9r-L\u00e1szl\u00f3-Magyarorsz\u00e1g-visszaszerezte-a-j\u00f6v\u0151j\u00e9t.jpg","type":"image\/jpeg"}],"author":"hotnewsinworld","twitter_card":"summary_large_image","twitter_misc":{"Szerz\u0151:":"hotnewsinworld","Becs\u00fclt olvas\u00e1si id\u0151":"4 perc"},"schema":{"@context":"https:\/\/schema.org","@graph":[{"@type":"Article","@id":"https:\/\/hotnewsinworld.com\/hu\/kover-laszlo-magyarorszag-visszaszerezte-a-jovojet\/#article","isPartOf":{"@id":"https:\/\/hotnewsinworld.com\/hu\/kover-laszlo-magyarorszag-visszaszerezte-a-jovojet\/"},"author":{"name":"hotnewsinworld","@id":"https:\/\/hotnewsinworld.com\/hu\/#\/schema\/person\/fe61448b21c0d59086e75fcc1f9d8f6b"},"headline":"K\u00f6v\u00e9r L\u00e1szl\u00f3: Magyarorsz\u00e1g visszaszerezte a j\u00f6v\u0151j\u00e9t","datePublished":"2019-09-16T04:45:11+00:00","dateModified":"2019-09-16T04:45:12+00:00","mainEntityOfPage":{"@id":"https:\/\/hotnewsinworld.com\/hu\/kover-laszlo-magyarorszag-visszaszerezte-a-jovojet\/"},"wordCount":879,"commentCount":0,"image":{"@id":"https:\/\/hotnewsinworld.com\/hu\/kover-laszlo-magyarorszag-visszaszerezte-a-jovojet\/#primaryimage"},"thumbnailUrl":"https:\/\/hotnewsinworld.com\/hu\/wp-content\/uploads\/sites\/3\/2019\/09\/K\u00f6v\u00e9r-L\u00e1szl\u00f3-Magyarorsz\u00e1g-visszaszerezte-a-j\u00f6v\u0151j\u00e9t.jpg","articleSection":["LEG\u00daJABB P\u00c9NZ\u00dcGYI H\u00cdREK"],"inLanguage":"hu","potentialAction":[{"@type":"CommentAction","name":"Comment","target":["https:\/\/hotnewsinworld.com\/hu\/kover-laszlo-magyarorszag-visszaszerezte-a-jovojet\/#respond"]}]},{"@type":"WebPage","@id":"https:\/\/hotnewsinworld.com\/hu\/kover-laszlo-magyarorszag-visszaszerezte-a-jovojet\/","url":"https:\/\/hotnewsinworld.com\/hu\/kover-laszlo-magyarorszag-visszaszerezte-a-jovojet\/","name":"K\u00f6v\u00e9r L\u00e1szl\u00f3: Magyarorsz\u00e1g visszaszerezte a j\u00f6v\u0151j\u00e9t - Hot News in World","isPartOf":{"@id":"https:\/\/hotnewsinworld.com\/hu\/#website"},"primaryImageOfPage":{"@id":"https:\/\/hotnewsinworld.com\/hu\/kover-laszlo-magyarorszag-visszaszerezte-a-jovojet\/#primaryimage"},"image":{"@id":"https:\/\/hotnewsinworld.com\/hu\/kover-laszlo-magyarorszag-visszaszerezte-a-jovojet\/#primaryimage"},"thumbnailUrl":"https:\/\/hotnewsinworld.com\/hu\/wp-content\/uploads\/sites\/3\/2019\/09\/K\u00f6v\u00e9r-L\u00e1szl\u00f3-Magyarorsz\u00e1g-visszaszerezte-a-j\u00f6v\u0151j\u00e9t.jpg","datePublished":"2019-09-16T04:45:11+00:00","dateModified":"2019-09-16T04:45:12+00:00","author":{"@id":"https:\/\/hotnewsinworld.com\/hu\/#\/schema\/person\/fe61448b21c0d59086e75fcc1f9d8f6b"},"breadcrumb":{"@id":"https:\/\/hotnewsinworld.com\/hu\/kover-laszlo-magyarorszag-visszaszerezte-a-jovojet\/#breadcrumb"},"inLanguage":"hu","potentialAction":[{"@type":"ReadAction","target":["https:\/\/hotnewsinworld.com\/hu\/kover-laszlo-magyarorszag-visszaszerezte-a-jovojet\/"]}]},{"@type":"ImageObject","inLanguage":"hu","@id":"https:\/\/hotnewsinworld.com\/hu\/kover-laszlo-magyarorszag-visszaszerezte-a-jovojet\/#primaryimage","url":"https:\/\/hotnewsinworld.com\/hu\/wp-content\/uploads\/sites\/3\/2019\/09\/K\u00f6v\u00e9r-L\u00e1szl\u00f3-Magyarorsz\u00e1g-visszaszerezte-a-j\u00f6v\u0151j\u00e9t.jpg","contentUrl":"https:\/\/hotnewsinworld.com\/hu\/wp-content\/uploads\/sites\/3\/2019\/09\/K\u00f6v\u00e9r-L\u00e1szl\u00f3-Magyarorsz\u00e1g-visszaszerezte-a-j\u00f6v\u0151j\u00e9t.jpg","width":1024,"height":576,"caption":"K\u00f6v\u00e9r L\u00e1szl\u00f3: Magyarorsz\u00e1g visszaszerezte a j\u00f6v\u0151j\u00e9t"},{"@type":"BreadcrumbList","@id":"https:\/\/hotnewsinworld.com\/hu\/kover-laszlo-magyarorszag-visszaszerezte-a-jovojet\/#breadcrumb","itemListElement":[{"@type":"ListItem","position":1,"name":"\u0413\u043b\u0430\u0432\u043d\u0430\u044f \u0441\u0442\u0440\u0430\u043d\u0438\u0446\u0430","item":"https:\/\/hotnewsinworld.com\/hu\/"},{"@type":"ListItem","position":2,"name":"K\u00f6v\u00e9r L\u00e1szl\u00f3: Magyarorsz\u00e1g visszaszerezte a j\u00f6v\u0151j\u00e9t"}]},{"@type":"WebSite","@id":"https:\/\/hotnewsinworld.com\/hu\/#website","url":"https:\/\/hotnewsinworld.com\/hu\/","name":"Hot News in World","description":"Hot News in World from Hungary","potentialAction":[{"@type":"SearchAction","target":{"@type":"EntryPoint","urlTemplate":"https:\/\/hotnewsinworld.com\/hu\/?s={search_term_string}"},"query-input":{"@type":"PropertyValueSpecification","valueRequired":true,"valueName":"search_term_string"}}],"inLanguage":"hu"},{"@type":"Person","@id":"https:\/\/hotnewsinworld.com\/hu\/#\/schema\/person\/fe61448b21c0d59086e75fcc1f9d8f6b","name":"hotnewsinworld","image":{"@type":"ImageObject","inLanguage":"hu","@id":"https:\/\/secure.gravatar.com\/avatar\/8a09ac165600ce2e1c38fe593c63928eb1e6e7ba5c5a907d67787c41b3d00c14?s=96&d=mm&r=g","url":"https:\/\/secure.gravatar.com\/avatar\/8a09ac165600ce2e1c38fe593c63928eb1e6e7ba5c5a907d67787c41b3d00c14?s=96&d=mm&r=g","contentUrl":"https:\/\/secure.gravatar.com\/avatar\/8a09ac165600ce2e1c38fe593c63928eb1e6e7ba5c5a907d67787c41b3d00c14?s=96&d=mm&r=g","caption":"hotnewsinworld"},"url":"https:\/\/hotnewsinworld.com\/hu\/author\/pt\/"}]}},"_links":{"self":[{"href":"https:\/\/hotnewsinworld.com\/hu\/wp-json\/wp\/v2\/posts\/2105","targetHints":{"allow":["GET"]}}],"collection":[{"href":"https:\/\/hotnewsinworld.com\/hu\/wp-json\/wp\/v2\/posts"}],"about":[{"href":"https:\/\/hotnewsinworld.com\/hu\/wp-json\/wp\/v2\/types\/post"}],"author":[{"embeddable":true,"href":"https:\/\/hotnewsinworld.com\/hu\/wp-json\/wp\/v2\/users\/2"}],"replies":[{"embeddable":true,"href":"https:\/\/hotnewsinworld.com\/hu\/wp-json\/wp\/v2\/comments?post=2105"}],"version-history":[{"count":1,"href":"https:\/\/hotnewsinworld.com\/hu\/wp-json\/wp\/v2\/posts\/2105\/revisions"}],"predecessor-version":[{"id":2107,"href":"https:\/\/hotnewsinworld.com\/hu\/wp-json\/wp\/v2\/posts\/2105\/revisions\/2107"}],"wp:featuredmedia":[{"embeddable":true,"href":"https:\/\/hotnewsinworld.com\/hu\/wp-json\/wp\/v2\/media\/2106"}],"wp:attachment":[{"href":"https:\/\/hotnewsinworld.com\/hu\/wp-json\/wp\/v2\/media?parent=2105"}],"wp:term":[{"taxonomy":"category","embeddable":true,"href":"https:\/\/hotnewsinworld.com\/hu\/wp-json\/wp\/v2\/categories?post=2105"},{"taxonomy":"post_tag","embeddable":true,"href":"https:\/\/hotnewsinworld.com\/hu\/wp-json\/wp\/v2\/tags?post=2105"}],"curies":[{"name":"wp","href":"https:\/\/api.w.org\/{rel}","templated":true}]}}