{"id":2114,"date":"2019-09-16T12:26:27","date_gmt":"2019-09-16T09:26:27","guid":{"rendered":"https:\/\/hotnewsinworld.com\/hu\/orban-viktor-europanak-ujra-kell-alkotnia-a-kereszteny-szabadsagot\/"},"modified":"2019-09-16T12:26:29","modified_gmt":"2019-09-16T09:26:29","slug":"orban-viktor-europanak-ujra-kell-alkotnia-a-kereszteny-szabadsagot","status":"publish","type":"post","link":"https:\/\/hotnewsinworld.com\/hu\/orban-viktor-europanak-ujra-kell-alkotnia-a-kereszteny-szabadsagot\/","title":{"rendered":"Orb\u00e1n Viktor: Eur\u00f3p\u00e1nak \u00fajra kell alkotnia a kereszt\u00e9ny szabads\u00e1got"},"content":{"rendered":"<p>\t\t\t\t\tA cikk emailben t\u00f6rt\u00e9n\u0151 elk\u00fcld\u00e9s\u00e9hez kattintson ide, vagy m\u00e1solja le \u00e9s k\u00fcldje el ezt a linket: https:\/\/magyarnemzet.hu\/belfold\/orban-viktor-europanak-ujra-kell-alkotnia-a-kereszteny-szabadsagot-7305440\/<\/p>\n<p>\t\t\t\t\t2019. szeptember 16. h\u00e9tf\u0151 11:15<\/p>\n<p>\t\t\t\t\t\tA korm\u00e1nyf\u0151 szerint b\u00e1r ma m\u00e9g liber\u00e1lis korszellem uralkodik, de a vil\u00e1grend megbillent\t\t\t\t\t<\/p>\n<p>\t\t\t\t\t\t\t\tAz 1990-es rendszerv\u00e1lt\u00e1s liber\u00e1lis demokr\u00e1ci\u00e1t eredm\u00e9nyezett, amelynek k\u00f6z\u00e9ppontj\u00e1ban a valamit\u0151l val\u00f3 szabads\u00e1g \u00e1llt, m\u00edg a 2010-es, m\u00e1sodik kijav\u00edtotta \u00e9s kiteljes\u00edtette az els\u0151t, \u00e9s kereszt\u00e9nydemokr\u00e1ci\u00e1t eredm\u00e9nyezett, k\u00f6z\u00e9ppontj\u00e1ban a kereszt\u00e9ny szabads\u00e1ggal \u2014foglalta \u00f6ssze Orb\u00e1n Viktor a kereszt\u00e9ny \u00e9rtelmis\u00e9giek kongresszus\u00e1n. A minisztereln\u00f6k sz\u00e1mot adott arr\u00f3l is, hogy az Eur\u00f3pa kereszt\u00e9ny kult\u00far\u00e1j\u00e1t feladni akar\u00f3 liber\u00e1lisok t\u00e1mad\u00e1sait K\u00f6z\u00e9p-Eur\u00f3p\u00e1ban eddig sikeresen elh\u00e1r\u00edtott\u00e1k, \u00e9s a k\u00edv\u00fclr\u0151l fenyeget\u0151 veszedelmet, a migr\u00e1ci\u00f3t is siker\u00fclt itt megf\u00e9kezni.\t\t\t\t\t\t\t<\/p>\n<p>\t\t\t\t\tA magyarok k\u00fcldet\u00e9se, hogy megmutass\u00e1k a vil\u00e1gnak, milyen a kereszt\u00e9ny szabads\u00e1g eszm\u00e9ny\u00e9re \u00e9p\u00edtett \u00e9let \u2013 mondta szombaton Orb\u00e1n Viktor az Orsz\u00e1gh\u00e1zban, a Kereszt\u00e9ny \u00c9rtelmis\u00e9giek Sz\u00f6vets\u00e9g\u00e9nek (K\u00c9SZ) XII. kongresszus\u00e1n. A korm\u00e1nyf\u0151 \u00fagy fogalmazott: a hivat\u00e1s\u00e1t vesztett liber\u00e1lis demokr\u00e1ci\u00e1kkal szemben K\u00f6z\u00e9p-Eur\u00f3p\u00e1ban ma a kereszt\u00e9nys\u00e9gb\u0151l fakad\u00f3 kultur\u00e1lis \u00e9s civiliz\u00e1ci\u00f3s \u00e9leter\u0151 nyilv\u00e1nul meg. A kereszt\u00e9ny szabads\u00e1got fenyeget\u0151, Eur\u00f3pa kereszt\u00e9ny kult\u00far\u00e1j\u00e1t feladni akar\u00f3 liber\u00e1lisok t\u00e1mad\u00e1sait K\u00f6z\u00e9p-Eur\u00f3p\u00e1ban eddig sikeresen elh\u00e1r\u00edtott\u00e1k, \u00e9s a kereszt\u00e9ny szabads\u00e1got k\u00edv\u00fclr\u0151l fenyeget\u0151 veszedelmet, a migr\u00e1ci\u00f3t is siker\u00fclt itt megf\u00e9kezni \u2013 hangs\u00falyozta Orb\u00e1n Viktor.<br \/>\nA minisztereln\u00f6k kifejtette: Magyarorsz\u00e1gon l\u00e9trej\u00f6tt egy \u00faj \u00e1llam- \u00e9s politikaelm\u00e9leti modell, egy saj\u00e1tos kereszt\u00e9nydemokrata \u00e1llam. Ehhez \u2013 folytatta \u2013 k\u00e9t nagy l\u00e9p\u00e9s vezetett el, k\u00e9t rendszerv\u00e1lt\u00e1s: az els\u0151 1990-ben megsz\u00fcntette a szovjet vil\u00e1got, ez volt \u201ea liber\u00e1lis rendszerv\u00e1lt\u00e1s\u201d, az elnyom\u00e1st\u00f3l val\u00f3 megszabadul\u00e1s, a megsz\u00e1ll\u00e1st\u00f3l val\u00f3 szabads\u00e1g korszaka. Ez term\u00e9szetszer\u0171leg liber\u00e1lis demokr\u00e1ci\u00e1t eredm\u00e9nyezett, amelynek k\u00f6z\u00e9ppontj\u00e1ban a valamit\u0151l val\u00f3 szabads\u00e1g \u00e1llt \u2013 tette hozz\u00e1, hangs\u00falyozva ugyanakkor: voltak, akik m\u00e1r akkor felismert\u00e9k \u2013 \u201e\u00f6n\u00f6k el\u0151bb, \u00e9n k\u00e9s\u0151bb\u201d \u2013, hogy nem lesz el\u00e9g azt megmondani, mit\u0151l akarunk szabadok lenni, arra a k\u00e9rd\u00e9sre is meg kell tal\u00e1lni a v\u00e1laszt, mire akarjuk haszn\u00e1lni a szabads\u00e1got. Ez\u00e9rt kellett megt\u00f6rt\u00e9nnie a m\u00e1sodik rendszerv\u00e1lt\u00e1snak 2010-ben, amikor \u201eazt tett\u00fck, amit Antall J\u00f3zsef tan\u00e1csolt: k\u00e9tharmados, alkotm\u00e1nyos forradalmat csin\u00e1ltunk\u201d \u2013 mondta, \u00fagy \u00e9rt\u00e9kelve, hogy a m\u00e1sodik rendszerv\u00e1lt\u00e1s kijav\u00edtja \u00e9s kiteljes\u00edti az els\u0151t, megadja annak \u00e9rtelm\u00e9t. A korm\u00e1nyf\u0151 ezt nemzeti, illetve kereszt\u00e9ny rendszerv\u00e1lt\u00e1snak nevezte, amely kereszt\u00e9nydemokr\u00e1ci\u00e1t eredm\u00e9nyezett, k\u00f6z\u00e9ppontj\u00e1ban a kereszt\u00e9ny szabads\u00e1ggal.<br \/>\nA minisztereln\u00f6k az Orsz\u00e1gh\u00e1zban, a Kereszt\u00e9ny \u00c9rtelmis\u00e9giek Sz\u00f6vets\u00e9g\u00e9nek kongresszus\u00e1nFot\u00f3: MTI\/Kosztics\u00e1k Szil\u00e1rd<br \/>\nOrb\u00e1n Viktor besz\u00e9lt a liber\u00e1lis \u00e9s a kereszt\u00e9ny szabads\u00e1g k\u00f6zti k\u00fcl\u00f6nbs\u00e9gekr\u0151l, \u00fagy fogalmazva, hogy m\u00edg az el\u0151bbi szerint mindent szabad, ami a m\u00e1sik szabads\u00e1g\u00e1t nem s\u00e9rti, addig az ut\u00f3bbi tan\u00edt\u00e1sa szerint amit nem akarsz, hogy veled cselekedjenek, azt te se tedd m\u00e1sokkal. A liber\u00e1lis szabads\u00e1g szerint az egy\u00e9ni teljes\u00edtm\u00e9ny mag\u00e1n\u00fcgy, nem eshet a k\u00f6z\u00f6ss\u00e9g erk\u00f6lcsi meg\u00edt\u00e9l\u00e9se al\u00e1; a kereszt\u00e9ny szabads\u00e1g szerint viszont az az egy\u00e9ni teljes\u00edtm\u00e9ny \u00e9rdemel elismer\u00e9st, ami a k\u00f6z\u00f6ss\u00e9g jav\u00e1t is szolg\u00e1lja: \u00f6ngondoskod\u00e1s \u00e9s munka, saj\u00e1t egzisztencia megteremt\u00e9s\u00e9re val\u00f3 k\u00e9pess\u00e9g, tanul\u00e1s, eg\u00e9szs\u00e9ges \u00e9letm\u00f3d, ad\u00f3fizet\u00e9s, csal\u00e1dalap\u00edt\u00e1s, gyermeknevel\u00e9s, a nemzet dolgaiban \u00e9s t\u00f6rt\u00e9nelm\u00e9ben val\u00f3 eligazod\u00e1s k\u00e9pess\u00e9ge, a nemzet \u00f6nreflexi\u00f3j\u00e1ban val\u00f3 r\u00e9szv\u00e9tel \u2013 fejtette ki.<br \/>\nAzt is mondta, hogy a liber\u00e1lis szabads\u00e1g \u00e1ll\u00e1spontja szerint a liber\u00e1lis demokr\u00e1ci\u00e1knak a liber\u00e1lis internacionalizmus jegy\u00e9ben v\u00e9g\u00fcl \u00f6ssze kell olvadniuk, e vil\u00e1gkorm\u00e1ny eur\u00f3pai pill\u00e9re pedig az Eur\u00f3pai Uni\u00f3 lenne, \u00f6sszekapcsol\u00f3dva a Clinton-, Soros-f\u00e9le Egyes\u00fclt \u00c1llamokkal. Ez volna a kiz\u00e1r\u00f3lag a j\u00f3zan \u00e9szre \u00e9p\u00fcl\u0151 liber\u00e1lis birodalom, amelyet m\u00e1r Immanuel Kant n\u00e9met filoz\u00f3fus is javasolt \u2013 f\u0171zte hozz\u00e1. Ezzel szemben a kereszt\u00e9ny szabads\u00e1g azt tan\u00edtja \u2013 mutatott r\u00e1 \u2013, hogy a nemzetek szabadok, nem k\u00e9nyszer\u00edthet\u0151k egy glob\u00e1lis korm\u00e1nyz\u00e1s t\u00f6rv\u00e9nyei al\u00e1, a birodalmak sz\u00fcks\u00e9gszer\u0171en elnyomj\u00e1k a nemzeteket, ez\u00e9rt vesz\u00e9lyesek, nemk\u00edv\u00e1natosak.<br \/>\nOrb\u00e1n Viktor \u00fagy fogalmazott, hogy noha ma m\u00e9g liber\u00e1lis korszellem uralkodik, de a vil\u00e1grend megbillent, geopolitikai \u00e1trendez\u0151d\u00e9s \u00e9s technol\u00f3giai forradalom megy v\u00e9gbe. Az eur\u00f3pai civiliz\u00e1ci\u00f3 d\u00f6nt\u0151 v\u00e1ltoz\u00e1s el\u0151tt \u00e1ll, a liber\u00e1lis szabads\u00e1gra \u00e9p\u00fcl\u0151 demokr\u00e1ci\u00e1k pedig nem tudnak t\u00f6bb\u00e9 \u00e9rtelmet adni a kontinensnek \u2013 mondta, jelezve: a kereszt\u00e9nydemokrata v\u00e1lasz az \u00faj helyzetre az, hogy Eur\u00f3p\u00e1nak vil\u00e1gos civiliz\u00e1ci\u00f3s k\u00fcldet\u00e9se van, \u00fajra \u00e9s \u00fajra meg kell alkotnia a kereszt\u00e9ny szabads\u00e1got.<\/p>\n<p>Meg\u00fajult a hazai egyh\u00e1z<br \/>\nA rendszerv\u00e1lt\u00e1s ut\u00e1n az egyh\u00e1zban is sokf\u00e9le j\u00f6v\u0151k\u00e9p \u00e9lt, megoszlottak a v\u00e9lem\u00e9nyek arr\u00f3l, hogy mit kell, mit lehet kezdeni az \u00fajonnan r\u00e1nk k\u00f6sz\u00f6n\u0151 szabads\u00e1ggal \u2013 mondta Erd\u0151 P\u00e9ter esztergom-budapesti \u00e9rsek a kongresszuson. A b\u00edboros sz\u00f3lt arr\u00f3l is: a nyolcvanas \u00e9vek kiss\u00e9 visszafojtott, el\u00e9g form\u00e1lis k\u00f6zbesz\u00e9de ut\u00e1n f\u00e9lelemmel tapasztalt\u00e1k, hogy megjelentek a szenved\u00e9lyes, gy\u0171l\u00f6letkelt\u0151 megnyilatkoz\u00e1sok is, nemegyszer a vall\u00e1s, a kereszt\u00e9nys\u00e9g vagy a katolicizmus ellen. Volt, akit v\u00e1ratlanul \u00e9rt, hogy annyi \u00e9vtized megal\u00e1zotts\u00e1ga \u00e9s elnyom\u00e1sa ut\u00e1n \u201em\u00e1r megint mi vagyunk a b\u0171n\u00f6s\u00f6k\u201d \u2013 mondta, \u00e9s hozz\u00e1tette: a magyar egyh\u00e1zban 1989 ut\u00e1n II. J\u00e1nos P\u00e1l p\u00e1pa \u00fatmutat\u00e1sai nyom\u00e1n meg\u00fajultak az egyh\u00e1zmegy\u00e9k hat\u00e1rai, praktikusabb szervezeti form\u00e1k j\u00f6ttek l\u00e9tre, \u00fajj\u00e1sz\u00fcletett a szerzetess\u00e9g \u00e9s sok egyh\u00e1zi int\u00e9zm\u00e9ny indulhatott el, f\u0151k\u00e9nt a r\u00e9gi, visszaadott \u00e9p\u00fcletekben, \u201en\u00e9ha bizony v\u00e1ratlan ellenkez\u00e9sek \u00e9s konfliktusok k\u00f6z\u00f6tt\u201d.<\/p>\n<p>\u00a0<\/p>\n<p>\n<!--noindex--><br \/>\n<a href=\"https:\/\/hirek.oldal.info\/rssclick\/14400520\" rel=\"nofollow\">Source link <\/a><br \/>\n<!--\/noindex--><\/p>\n","protected":false},"excerpt":{"rendered":"<p>A cikk emailben t\u00f6rt\u00e9n\u0151 elk\u00fcld\u00e9s\u00e9hez kattintson ide, vagy m\u00e1solja le \u00e9s k\u00fcldje el ezt a linket: https:\/\/magyarnemzet.hu\/belfold\/orban-viktor-europanak-ujra-kell-alkotnia-a-kereszteny-szabadsagot-7305440\/ 2019. szeptember 16. h\u00e9tf\u0151 11:15 A korm\u00e1nyf\u0151 szerint b\u00e1r ma m\u00e9g liber\u00e1lis korszellem uralkodik, de a vil\u00e1grend megbillent Az 1990-es rendszerv\u00e1lt\u00e1s liber\u00e1lis demokr\u00e1ci\u00e1t eredm\u00e9nyezett, amelynek k\u00f6z\u00e9ppontj\u00e1ban a valamit\u0151l val\u00f3 szabads\u00e1g \u00e1llt, m\u00edg a 2010-es, m\u00e1sodik kijav\u00edtotta \u00e9s kiteljes\u00edtette [&hellip;]<\/p>\n","protected":false},"author":2,"featured_media":2115,"comment_status":"open","ping_status":"open","sticky":false,"template":"","format":"standard","meta":{"footnotes":""},"categories":[1],"tags":[],"class_list":["post-2114","post","type-post","status-publish","format-standard","has-post-thumbnail","hentry","category-legujabb-penzugyi-hirek"],"yoast_head":"<!-- This site is optimized with the Yoast SEO plugin v27.4 - https:\/\/yoast.com\/product\/yoast-seo-wordpress\/ -->\n<title>Orb\u00e1n Viktor: Eur\u00f3p\u00e1nak \u00fajra kell alkotnia a kereszt\u00e9ny szabads\u00e1got - Hot News in World<\/title>\n<meta name=\"robots\" content=\"index, follow, max-snippet:-1, max-image-preview:large, max-video-preview:-1\" \/>\n<link rel=\"canonical\" href=\"https:\/\/hotnewsinworld.com\/hu\/orban-viktor-europanak-ujra-kell-alkotnia-a-kereszteny-szabadsagot\/\" \/>\n<meta property=\"og:locale\" content=\"hu_HU\" \/>\n<meta property=\"og:type\" content=\"article\" \/>\n<meta property=\"og:title\" content=\"Orb\u00e1n Viktor: Eur\u00f3p\u00e1nak \u00fajra kell alkotnia a kereszt\u00e9ny szabads\u00e1got - Hot News in World\" \/>\n<meta property=\"og:description\" content=\"A cikk emailben t\u00f6rt\u00e9n\u0151 elk\u00fcld\u00e9s\u00e9hez kattintson ide, vagy m\u00e1solja le \u00e9s k\u00fcldje el ezt a linket: https:\/\/magyarnemzet.hu\/belfold\/orban-viktor-europanak-ujra-kell-alkotnia-a-kereszteny-szabadsagot-7305440\/ 2019. szeptember 16. h\u00e9tf\u0151 11:15 A korm\u00e1nyf\u0151 szerint b\u00e1r ma m\u00e9g liber\u00e1lis korszellem uralkodik, de a vil\u00e1grend megbillent Az 1990-es rendszerv\u00e1lt\u00e1s liber\u00e1lis demokr\u00e1ci\u00e1t eredm\u00e9nyezett, amelynek k\u00f6z\u00e9ppontj\u00e1ban a valamit\u0151l val\u00f3 szabads\u00e1g \u00e1llt, m\u00edg a 2010-es, m\u00e1sodik kijav\u00edtotta \u00e9s kiteljes\u00edtette [&hellip;]\" \/>\n<meta property=\"og:url\" content=\"https:\/\/hotnewsinworld.com\/hu\/orban-viktor-europanak-ujra-kell-alkotnia-a-kereszteny-szabadsagot\/\" \/>\n<meta property=\"og:site_name\" content=\"Hot News in World\" \/>\n<meta property=\"article:published_time\" content=\"2019-09-16T09:26:27+00:00\" \/>\n<meta property=\"article:modified_time\" content=\"2019-09-16T09:26:29+00:00\" \/>\n<meta property=\"og:image\" content=\"https:\/\/hotnewsinworld.com\/hu\/wp-content\/uploads\/sites\/3\/2019\/09\/Orb\u00e1n-Viktor-Eur\u00f3p\u00e1nak-\u00fajra-kell-alkotnia-a-kereszt\u00e9ny-szabads\u00e1got.jpg\" \/>\n\t<meta property=\"og:image:width\" content=\"768\" \/>\n\t<meta property=\"og:image:height\" content=\"432\" \/>\n\t<meta property=\"og:image:type\" content=\"image\/jpeg\" \/>\n<meta name=\"author\" content=\"hotnewsinworld\" \/>\n<meta name=\"twitter:card\" content=\"summary_large_image\" \/>\n<meta name=\"twitter:label1\" content=\"Szerz\u0151:\" \/>\n\t<meta name=\"twitter:data1\" content=\"hotnewsinworld\" \/>\n\t<meta name=\"twitter:label2\" content=\"Becs\u00fclt olvas\u00e1si id\u0151\" \/>\n\t<meta name=\"twitter:data2\" content=\"6 perc\" \/>\n<script type=\"application\/ld+json\" class=\"yoast-schema-graph\">{\"@context\":\"https:\\\/\\\/schema.org\",\"@graph\":[{\"@type\":\"Article\",\"@id\":\"https:\\\/\\\/hotnewsinworld.com\\\/hu\\\/orban-viktor-europanak-ujra-kell-alkotnia-a-kereszteny-szabadsagot\\\/#article\",\"isPartOf\":{\"@id\":\"https:\\\/\\\/hotnewsinworld.com\\\/hu\\\/orban-viktor-europanak-ujra-kell-alkotnia-a-kereszteny-szabadsagot\\\/\"},\"author\":{\"name\":\"hotnewsinworld\",\"@id\":\"https:\\\/\\\/hotnewsinworld.com\\\/hu\\\/#\\\/schema\\\/person\\\/fe61448b21c0d59086e75fcc1f9d8f6b\"},\"headline\":\"Orb\u00e1n Viktor: Eur\u00f3p\u00e1nak \u00fajra kell alkotnia a kereszt\u00e9ny szabads\u00e1got\",\"datePublished\":\"2019-09-16T09:26:27+00:00\",\"dateModified\":\"2019-09-16T09:26:29+00:00\",\"mainEntityOfPage\":{\"@id\":\"https:\\\/\\\/hotnewsinworld.com\\\/hu\\\/orban-viktor-europanak-ujra-kell-alkotnia-a-kereszteny-szabadsagot\\\/\"},\"wordCount\":1180,\"commentCount\":0,\"image\":{\"@id\":\"https:\\\/\\\/hotnewsinworld.com\\\/hu\\\/orban-viktor-europanak-ujra-kell-alkotnia-a-kereszteny-szabadsagot\\\/#primaryimage\"},\"thumbnailUrl\":\"https:\\\/\\\/hotnewsinworld.com\\\/hu\\\/wp-content\\\/uploads\\\/sites\\\/3\\\/2019\\\/09\\\/Orb\u00e1n-Viktor-Eur\u00f3p\u00e1nak-\u00fajra-kell-alkotnia-a-kereszt\u00e9ny-szabads\u00e1got.jpg\",\"articleSection\":[\"LEG\u00daJABB P\u00c9NZ\u00dcGYI H\u00cdREK\"],\"inLanguage\":\"hu\",\"potentialAction\":[{\"@type\":\"CommentAction\",\"name\":\"Comment\",\"target\":[\"https:\\\/\\\/hotnewsinworld.com\\\/hu\\\/orban-viktor-europanak-ujra-kell-alkotnia-a-kereszteny-szabadsagot\\\/#respond\"]}]},{\"@type\":\"WebPage\",\"@id\":\"https:\\\/\\\/hotnewsinworld.com\\\/hu\\\/orban-viktor-europanak-ujra-kell-alkotnia-a-kereszteny-szabadsagot\\\/\",\"url\":\"https:\\\/\\\/hotnewsinworld.com\\\/hu\\\/orban-viktor-europanak-ujra-kell-alkotnia-a-kereszteny-szabadsagot\\\/\",\"name\":\"Orb\u00e1n Viktor: Eur\u00f3p\u00e1nak \u00fajra kell alkotnia a kereszt\u00e9ny szabads\u00e1got - Hot News in World\",\"isPartOf\":{\"@id\":\"https:\\\/\\\/hotnewsinworld.com\\\/hu\\\/#website\"},\"primaryImageOfPage\":{\"@id\":\"https:\\\/\\\/hotnewsinworld.com\\\/hu\\\/orban-viktor-europanak-ujra-kell-alkotnia-a-kereszteny-szabadsagot\\\/#primaryimage\"},\"image\":{\"@id\":\"https:\\\/\\\/hotnewsinworld.com\\\/hu\\\/orban-viktor-europanak-ujra-kell-alkotnia-a-kereszteny-szabadsagot\\\/#primaryimage\"},\"thumbnailUrl\":\"https:\\\/\\\/hotnewsinworld.com\\\/hu\\\/wp-content\\\/uploads\\\/sites\\\/3\\\/2019\\\/09\\\/Orb\u00e1n-Viktor-Eur\u00f3p\u00e1nak-\u00fajra-kell-alkotnia-a-kereszt\u00e9ny-szabads\u00e1got.jpg\",\"datePublished\":\"2019-09-16T09:26:27+00:00\",\"dateModified\":\"2019-09-16T09:26:29+00:00\",\"author\":{\"@id\":\"https:\\\/\\\/hotnewsinworld.com\\\/hu\\\/#\\\/schema\\\/person\\\/fe61448b21c0d59086e75fcc1f9d8f6b\"},\"breadcrumb\":{\"@id\":\"https:\\\/\\\/hotnewsinworld.com\\\/hu\\\/orban-viktor-europanak-ujra-kell-alkotnia-a-kereszteny-szabadsagot\\\/#breadcrumb\"},\"inLanguage\":\"hu\",\"potentialAction\":[{\"@type\":\"ReadAction\",\"target\":[\"https:\\\/\\\/hotnewsinworld.com\\\/hu\\\/orban-viktor-europanak-ujra-kell-alkotnia-a-kereszteny-szabadsagot\\\/\"]}]},{\"@type\":\"ImageObject\",\"inLanguage\":\"hu\",\"@id\":\"https:\\\/\\\/hotnewsinworld.com\\\/hu\\\/orban-viktor-europanak-ujra-kell-alkotnia-a-kereszteny-szabadsagot\\\/#primaryimage\",\"url\":\"https:\\\/\\\/hotnewsinworld.com\\\/hu\\\/wp-content\\\/uploads\\\/sites\\\/3\\\/2019\\\/09\\\/Orb\u00e1n-Viktor-Eur\u00f3p\u00e1nak-\u00fajra-kell-alkotnia-a-kereszt\u00e9ny-szabads\u00e1got.jpg\",\"contentUrl\":\"https:\\\/\\\/hotnewsinworld.com\\\/hu\\\/wp-content\\\/uploads\\\/sites\\\/3\\\/2019\\\/09\\\/Orb\u00e1n-Viktor-Eur\u00f3p\u00e1nak-\u00fajra-kell-alkotnia-a-kereszt\u00e9ny-szabads\u00e1got.jpg\",\"width\":768,\"height\":432,\"caption\":\"Orb\u00e1n Viktor: Eur\u00f3p\u00e1nak \u00fajra kell alkotnia a kereszt\u00e9ny szabads\u00e1got\"},{\"@type\":\"BreadcrumbList\",\"@id\":\"https:\\\/\\\/hotnewsinworld.com\\\/hu\\\/orban-viktor-europanak-ujra-kell-alkotnia-a-kereszteny-szabadsagot\\\/#breadcrumb\",\"itemListElement\":[{\"@type\":\"ListItem\",\"position\":1,\"name\":\"\u0413\u043b\u0430\u0432\u043d\u0430\u044f \u0441\u0442\u0440\u0430\u043d\u0438\u0446\u0430\",\"item\":\"https:\\\/\\\/hotnewsinworld.com\\\/hu\\\/\"},{\"@type\":\"ListItem\",\"position\":2,\"name\":\"Orb\u00e1n Viktor: Eur\u00f3p\u00e1nak \u00fajra kell alkotnia a kereszt\u00e9ny szabads\u00e1got\"}]},{\"@type\":\"WebSite\",\"@id\":\"https:\\\/\\\/hotnewsinworld.com\\\/hu\\\/#website\",\"url\":\"https:\\\/\\\/hotnewsinworld.com\\\/hu\\\/\",\"name\":\"Hot News in World\",\"description\":\"Hot News in World from Hungary\",\"potentialAction\":[{\"@type\":\"SearchAction\",\"target\":{\"@type\":\"EntryPoint\",\"urlTemplate\":\"https:\\\/\\\/hotnewsinworld.com\\\/hu\\\/?s={search_term_string}\"},\"query-input\":{\"@type\":\"PropertyValueSpecification\",\"valueRequired\":true,\"valueName\":\"search_term_string\"}}],\"inLanguage\":\"hu\"},{\"@type\":\"Person\",\"@id\":\"https:\\\/\\\/hotnewsinworld.com\\\/hu\\\/#\\\/schema\\\/person\\\/fe61448b21c0d59086e75fcc1f9d8f6b\",\"name\":\"hotnewsinworld\",\"image\":{\"@type\":\"ImageObject\",\"inLanguage\":\"hu\",\"@id\":\"https:\\\/\\\/secure.gravatar.com\\\/avatar\\\/8a09ac165600ce2e1c38fe593c63928eb1e6e7ba5c5a907d67787c41b3d00c14?s=96&d=mm&r=g\",\"url\":\"https:\\\/\\\/secure.gravatar.com\\\/avatar\\\/8a09ac165600ce2e1c38fe593c63928eb1e6e7ba5c5a907d67787c41b3d00c14?s=96&d=mm&r=g\",\"contentUrl\":\"https:\\\/\\\/secure.gravatar.com\\\/avatar\\\/8a09ac165600ce2e1c38fe593c63928eb1e6e7ba5c5a907d67787c41b3d00c14?s=96&d=mm&r=g\",\"caption\":\"hotnewsinworld\"},\"url\":\"https:\\\/\\\/hotnewsinworld.com\\\/hu\\\/author\\\/pt\\\/\"}]}<\/script>\n<!-- \/ Yoast SEO plugin. -->","yoast_head_json":{"title":"Orb\u00e1n Viktor: Eur\u00f3p\u00e1nak \u00fajra kell alkotnia a kereszt\u00e9ny szabads\u00e1got - Hot News in World","robots":{"index":"index","follow":"follow","max-snippet":"max-snippet:-1","max-image-preview":"max-image-preview:large","max-video-preview":"max-video-preview:-1"},"canonical":"https:\/\/hotnewsinworld.com\/hu\/orban-viktor-europanak-ujra-kell-alkotnia-a-kereszteny-szabadsagot\/","og_locale":"hu_HU","og_type":"article","og_title":"Orb\u00e1n Viktor: Eur\u00f3p\u00e1nak \u00fajra kell alkotnia a kereszt\u00e9ny szabads\u00e1got - Hot News in World","og_description":"A cikk emailben t\u00f6rt\u00e9n\u0151 elk\u00fcld\u00e9s\u00e9hez kattintson ide, vagy m\u00e1solja le \u00e9s k\u00fcldje el ezt a linket: https:\/\/magyarnemzet.hu\/belfold\/orban-viktor-europanak-ujra-kell-alkotnia-a-kereszteny-szabadsagot-7305440\/ 2019. szeptember 16. h\u00e9tf\u0151 11:15 A korm\u00e1nyf\u0151 szerint b\u00e1r ma m\u00e9g liber\u00e1lis korszellem uralkodik, de a vil\u00e1grend megbillent Az 1990-es rendszerv\u00e1lt\u00e1s liber\u00e1lis demokr\u00e1ci\u00e1t eredm\u00e9nyezett, amelynek k\u00f6z\u00e9ppontj\u00e1ban a valamit\u0151l val\u00f3 szabads\u00e1g \u00e1llt, m\u00edg a 2010-es, m\u00e1sodik kijav\u00edtotta \u00e9s kiteljes\u00edtette [&hellip;]","og_url":"https:\/\/hotnewsinworld.com\/hu\/orban-viktor-europanak-ujra-kell-alkotnia-a-kereszteny-szabadsagot\/","og_site_name":"Hot News in World","article_published_time":"2019-09-16T09:26:27+00:00","article_modified_time":"2019-09-16T09:26:29+00:00","og_image":[{"width":768,"height":432,"url":"https:\/\/hotnewsinworld.com\/hu\/wp-content\/uploads\/sites\/3\/2019\/09\/Orb\u00e1n-Viktor-Eur\u00f3p\u00e1nak-\u00fajra-kell-alkotnia-a-kereszt\u00e9ny-szabads\u00e1got.jpg","type":"image\/jpeg"}],"author":"hotnewsinworld","twitter_card":"summary_large_image","twitter_misc":{"Szerz\u0151:":"hotnewsinworld","Becs\u00fclt olvas\u00e1si id\u0151":"6 perc"},"schema":{"@context":"https:\/\/schema.org","@graph":[{"@type":"Article","@id":"https:\/\/hotnewsinworld.com\/hu\/orban-viktor-europanak-ujra-kell-alkotnia-a-kereszteny-szabadsagot\/#article","isPartOf":{"@id":"https:\/\/hotnewsinworld.com\/hu\/orban-viktor-europanak-ujra-kell-alkotnia-a-kereszteny-szabadsagot\/"},"author":{"name":"hotnewsinworld","@id":"https:\/\/hotnewsinworld.com\/hu\/#\/schema\/person\/fe61448b21c0d59086e75fcc1f9d8f6b"},"headline":"Orb\u00e1n Viktor: Eur\u00f3p\u00e1nak \u00fajra kell alkotnia a kereszt\u00e9ny szabads\u00e1got","datePublished":"2019-09-16T09:26:27+00:00","dateModified":"2019-09-16T09:26:29+00:00","mainEntityOfPage":{"@id":"https:\/\/hotnewsinworld.com\/hu\/orban-viktor-europanak-ujra-kell-alkotnia-a-kereszteny-szabadsagot\/"},"wordCount":1180,"commentCount":0,"image":{"@id":"https:\/\/hotnewsinworld.com\/hu\/orban-viktor-europanak-ujra-kell-alkotnia-a-kereszteny-szabadsagot\/#primaryimage"},"thumbnailUrl":"https:\/\/hotnewsinworld.com\/hu\/wp-content\/uploads\/sites\/3\/2019\/09\/Orb\u00e1n-Viktor-Eur\u00f3p\u00e1nak-\u00fajra-kell-alkotnia-a-kereszt\u00e9ny-szabads\u00e1got.jpg","articleSection":["LEG\u00daJABB P\u00c9NZ\u00dcGYI H\u00cdREK"],"inLanguage":"hu","potentialAction":[{"@type":"CommentAction","name":"Comment","target":["https:\/\/hotnewsinworld.com\/hu\/orban-viktor-europanak-ujra-kell-alkotnia-a-kereszteny-szabadsagot\/#respond"]}]},{"@type":"WebPage","@id":"https:\/\/hotnewsinworld.com\/hu\/orban-viktor-europanak-ujra-kell-alkotnia-a-kereszteny-szabadsagot\/","url":"https:\/\/hotnewsinworld.com\/hu\/orban-viktor-europanak-ujra-kell-alkotnia-a-kereszteny-szabadsagot\/","name":"Orb\u00e1n Viktor: Eur\u00f3p\u00e1nak \u00fajra kell alkotnia a kereszt\u00e9ny szabads\u00e1got - Hot News in World","isPartOf":{"@id":"https:\/\/hotnewsinworld.com\/hu\/#website"},"primaryImageOfPage":{"@id":"https:\/\/hotnewsinworld.com\/hu\/orban-viktor-europanak-ujra-kell-alkotnia-a-kereszteny-szabadsagot\/#primaryimage"},"image":{"@id":"https:\/\/hotnewsinworld.com\/hu\/orban-viktor-europanak-ujra-kell-alkotnia-a-kereszteny-szabadsagot\/#primaryimage"},"thumbnailUrl":"https:\/\/hotnewsinworld.com\/hu\/wp-content\/uploads\/sites\/3\/2019\/09\/Orb\u00e1n-Viktor-Eur\u00f3p\u00e1nak-\u00fajra-kell-alkotnia-a-kereszt\u00e9ny-szabads\u00e1got.jpg","datePublished":"2019-09-16T09:26:27+00:00","dateModified":"2019-09-16T09:26:29+00:00","author":{"@id":"https:\/\/hotnewsinworld.com\/hu\/#\/schema\/person\/fe61448b21c0d59086e75fcc1f9d8f6b"},"breadcrumb":{"@id":"https:\/\/hotnewsinworld.com\/hu\/orban-viktor-europanak-ujra-kell-alkotnia-a-kereszteny-szabadsagot\/#breadcrumb"},"inLanguage":"hu","potentialAction":[{"@type":"ReadAction","target":["https:\/\/hotnewsinworld.com\/hu\/orban-viktor-europanak-ujra-kell-alkotnia-a-kereszteny-szabadsagot\/"]}]},{"@type":"ImageObject","inLanguage":"hu","@id":"https:\/\/hotnewsinworld.com\/hu\/orban-viktor-europanak-ujra-kell-alkotnia-a-kereszteny-szabadsagot\/#primaryimage","url":"https:\/\/hotnewsinworld.com\/hu\/wp-content\/uploads\/sites\/3\/2019\/09\/Orb\u00e1n-Viktor-Eur\u00f3p\u00e1nak-\u00fajra-kell-alkotnia-a-kereszt\u00e9ny-szabads\u00e1got.jpg","contentUrl":"https:\/\/hotnewsinworld.com\/hu\/wp-content\/uploads\/sites\/3\/2019\/09\/Orb\u00e1n-Viktor-Eur\u00f3p\u00e1nak-\u00fajra-kell-alkotnia-a-kereszt\u00e9ny-szabads\u00e1got.jpg","width":768,"height":432,"caption":"Orb\u00e1n Viktor: Eur\u00f3p\u00e1nak \u00fajra kell alkotnia a kereszt\u00e9ny szabads\u00e1got"},{"@type":"BreadcrumbList","@id":"https:\/\/hotnewsinworld.com\/hu\/orban-viktor-europanak-ujra-kell-alkotnia-a-kereszteny-szabadsagot\/#breadcrumb","itemListElement":[{"@type":"ListItem","position":1,"name":"\u0413\u043b\u0430\u0432\u043d\u0430\u044f \u0441\u0442\u0440\u0430\u043d\u0438\u0446\u0430","item":"https:\/\/hotnewsinworld.com\/hu\/"},{"@type":"ListItem","position":2,"name":"Orb\u00e1n Viktor: Eur\u00f3p\u00e1nak \u00fajra kell alkotnia a kereszt\u00e9ny szabads\u00e1got"}]},{"@type":"WebSite","@id":"https:\/\/hotnewsinworld.com\/hu\/#website","url":"https:\/\/hotnewsinworld.com\/hu\/","name":"Hot News in World","description":"Hot News in World from Hungary","potentialAction":[{"@type":"SearchAction","target":{"@type":"EntryPoint","urlTemplate":"https:\/\/hotnewsinworld.com\/hu\/?s={search_term_string}"},"query-input":{"@type":"PropertyValueSpecification","valueRequired":true,"valueName":"search_term_string"}}],"inLanguage":"hu"},{"@type":"Person","@id":"https:\/\/hotnewsinworld.com\/hu\/#\/schema\/person\/fe61448b21c0d59086e75fcc1f9d8f6b","name":"hotnewsinworld","image":{"@type":"ImageObject","inLanguage":"hu","@id":"https:\/\/secure.gravatar.com\/avatar\/8a09ac165600ce2e1c38fe593c63928eb1e6e7ba5c5a907d67787c41b3d00c14?s=96&d=mm&r=g","url":"https:\/\/secure.gravatar.com\/avatar\/8a09ac165600ce2e1c38fe593c63928eb1e6e7ba5c5a907d67787c41b3d00c14?s=96&d=mm&r=g","contentUrl":"https:\/\/secure.gravatar.com\/avatar\/8a09ac165600ce2e1c38fe593c63928eb1e6e7ba5c5a907d67787c41b3d00c14?s=96&d=mm&r=g","caption":"hotnewsinworld"},"url":"https:\/\/hotnewsinworld.com\/hu\/author\/pt\/"}]}},"_links":{"self":[{"href":"https:\/\/hotnewsinworld.com\/hu\/wp-json\/wp\/v2\/posts\/2114","targetHints":{"allow":["GET"]}}],"collection":[{"href":"https:\/\/hotnewsinworld.com\/hu\/wp-json\/wp\/v2\/posts"}],"about":[{"href":"https:\/\/hotnewsinworld.com\/hu\/wp-json\/wp\/v2\/types\/post"}],"author":[{"embeddable":true,"href":"https:\/\/hotnewsinworld.com\/hu\/wp-json\/wp\/v2\/users\/2"}],"replies":[{"embeddable":true,"href":"https:\/\/hotnewsinworld.com\/hu\/wp-json\/wp\/v2\/comments?post=2114"}],"version-history":[{"count":1,"href":"https:\/\/hotnewsinworld.com\/hu\/wp-json\/wp\/v2\/posts\/2114\/revisions"}],"predecessor-version":[{"id":2116,"href":"https:\/\/hotnewsinworld.com\/hu\/wp-json\/wp\/v2\/posts\/2114\/revisions\/2116"}],"wp:featuredmedia":[{"embeddable":true,"href":"https:\/\/hotnewsinworld.com\/hu\/wp-json\/wp\/v2\/media\/2115"}],"wp:attachment":[{"href":"https:\/\/hotnewsinworld.com\/hu\/wp-json\/wp\/v2\/media?parent=2114"}],"wp:term":[{"taxonomy":"category","embeddable":true,"href":"https:\/\/hotnewsinworld.com\/hu\/wp-json\/wp\/v2\/categories?post=2114"},{"taxonomy":"post_tag","embeddable":true,"href":"https:\/\/hotnewsinworld.com\/hu\/wp-json\/wp\/v2\/tags?post=2114"}],"curies":[{"name":"wp","href":"https:\/\/api.w.org\/{rel}","templated":true}]}}