{"id":2117,"date":"2019-09-16T14:20:38","date_gmt":"2019-09-16T11:20:38","guid":{"rendered":"https:\/\/hotnewsinworld.com\/hu\/eloszor-rendezik-meg-az-eromuvek-ejszakajat\/"},"modified":"2019-09-16T14:20:38","modified_gmt":"2019-09-16T11:20:38","slug":"eloszor-rendezik-meg-az-eromuvek-ejszakajat","status":"publish","type":"post","link":"https:\/\/hotnewsinworld.com\/hu\/eloszor-rendezik-meg-az-eromuvek-ejszakajat\/","title":{"rendered":"El\u0151sz\u00f6r rendezik meg az Er\u0151m\u0171vek \u00e9jszak\u00e1j\u00e1t"},"content":{"rendered":"<p>\t\t\t\t\tEls\u0151 alkalommal rendezik meg az Er\u0151m\u0171vek \u00e9jszak\u00e1j\u00e1t, a program keret\u00e9ben a szervez\u0151k orsz\u00e1gszerte t\u00f6bb mint negyven helysz\u00ednen szakvezet\u00e9ssel v\u00e1rj\u00e1k az \u00e9rdekl\u0151d\u0151ket okt\u00f3ber 11-\u00e9n.<\/p>\n<p>A Magyar Energetikai \u00e9s K\u00f6zm\u0171-szab\u00e1lyoz\u00e1si Hivatal (MEKH) \u00e9s a csatlakoz\u00f3 er\u0151m\u0171vek \u00e1ltal szervezett Er\u0151m\u0171vek \u00e9jszak\u00e1j\u00e1n 14 \u00e9s 22 \u00f3ra k\u00f6z\u00f6tt orsz\u00e1gszerte 42 villamosenergi\u00e1t termel\u0151 er\u0151m\u0171 \u00e9s t\u00e1vh\u0151t el\u0151\u00e1ll\u00edt\u00f3 f\u0171t\u0151m\u0171, illetve tematikus l\u00e1togat\u00f3k\u00f6zpont nyitja meg kapuit a nagyk\u00f6z\u00f6ns\u00e9g el\u0151tt \u2013 olvashat\u00f3 a MEKH h\u00e9tf\u0151i k\u00f6zlem\u00e9ny\u00e9ben.A r\u00e9sztvev\u0151 er\u0151m\u0171vek k\u00f6z\u00f6tt megtal\u00e1lhat\u00f3k a helyi melegv\u00edz- \u00e9s t\u00e1vh\u0151szolg\u00e1ltat\u00e1st biztos\u00edt\u00f3 v\u00e1rosi f\u0171t\u0151m\u0171vek \u00e9s h\u0151k\u00f6zpontok, valamint az orsz\u00e1g villamosenergia-ell\u00e1t\u00e1s\u00e1\u00e9rt felel\u0151s, fosszilis energiaforr\u00e1sokat, biomassz\u00e1t, v\u00edzenergi\u00e1t, atomenergi\u00e1t felhaszn\u00e1l\u00f3 nagy l\u00e9tes\u00edtm\u00e9nyek is.Az \u00e9rdekl\u0151d\u0151k megtekinthetik az \u00e1ram, a t\u00e1vf\u0171t\u00e9s \u00e9s a meleg v\u00edz el\u0151\u00e1ll\u00edt\u00e1s\u00e1t biztos\u00edt\u00f3, sok esetben gigantikus m\u00e9ret\u0171 berendez\u00e9sek m\u0171k\u00f6d\u00e9s\u00e9t, emellett az energiaell\u00e1t\u00e1s folyamatos \u00e9s biztons\u00e1gos fenntart\u00e1s\u00e1\u00e9rt dolgoz\u00f3 szakemberek napi munk\u00e1j\u00e1t is megismerhetik.\u00a0&#13;<br \/>\n&#13;<br \/>\n&#13;<br \/>\n&#13;<br \/>\n&#13;<br \/>\n&#13;<br \/>\n&#13;<br \/>\n\u00a0&#13;<br \/>\n\u00a0<br \/>\nAz Er\u0151m\u0171vek \u00e9jszak\u00e1j\u00e1n a l\u00e1togat\u00f3kat szak\u00e9rt\u0151 \u201cidegenvezet\u0151k\u201d k\u00eds\u00e9rik v\u00e9gig az egyes helysz\u00edneken, akik k\u00f6z\u00e9rthet\u0151en \u00e9s \u00e9lm\u00e9nyszer\u0171en mutatj\u00e1k be az er\u0151m\u0171vek \u00e9s a f\u0171t\u0151m\u0171vek m\u0171k\u00f6d\u00e9s\u00e9t, az energiatermel\u00e9s technol\u00f3giai h\u00e1tter\u00e9t.<br \/>\nA MEKH k\u00f6zlem\u00e9nye szerint a program c\u00e9lja, hogy az \u00e9rdekl\u0151d\u0151k megismerkedjenek a villamos energia \u00e9s a t\u00e1vh\u0151 el\u0151\u00e1ll\u00edt\u00e1s\u00e1nak h\u00e1tter\u00e9vel, \u00e9rdekess\u00e9geivel, az alapvet\u0151 m\u0171szaki folyamatokkal \u00e9s berendez\u00e9sekkel. Az esem\u00e9ny ugyanakkor tal\u00e1lkoz\u00e1si pont lehet az energiatermel\u00e9s mint szakma ir\u00e1nt \u00e9rdekl\u0151d\u0151 p\u00e1lyakezd\u0151 szakemberek \u00e9s a leend\u0151 munk\u00e1ltat\u00f3k k\u00f6z\u00f6tt.<br \/>\n\u201cA MEKH t\u00e1rsadalmi felel\u0151ss\u00e9gv\u00e1llal\u00e1si programj\u00e1nak fontos c\u00e9lkit\u0171z\u00e9se, hogy \u00f6szt\u00f6n\u00f6zze a fogyaszt\u00f3k tudatos \u00e9s takar\u00e9kos energiafelhaszn\u00e1l\u00e1s\u00e1t. Ennek egyik oldala az, hogy tiszt\u00e1ban legy\u00fcnk azzal, hogy a mindennapok sor\u00e1n otthonainkban, k\u00f6zint\u00e9zm\u00e9nyeinkben hogyan takar\u00edthatunk meg min\u00e9l t\u00f6bb energi\u00e1t\u201d \u2013 olvashat\u00f3 a MEKH k\u00f6zlem\u00e9ny\u00e9ben.<br \/>\nA er\u0151m\u0171-l\u00e1togat\u00e1sokra az esem\u00e9ny honlapj\u00e1n lehet regisztr\u00e1lni (www.eromuvekejszakaja.hu, Facebook:\u00a0https:\/\/www.facebook.com\/eromuvekejszakaja\/).<br \/>\n\u00a0(MTI)<\/p>\n<p>\n<!--noindex--><br \/>\n<a href=\"https:\/\/hirek.oldal.info\/rssclick\/14400930\" rel=\"nofollow\">Source link <\/a><br \/>\n<!--\/noindex--><\/p>\n","protected":false},"excerpt":{"rendered":"<p>Els\u0151 alkalommal rendezik meg az Er\u0151m\u0171vek \u00e9jszak\u00e1j\u00e1t, a program keret\u00e9ben a szervez\u0151k orsz\u00e1gszerte t\u00f6bb mint negyven helysz\u00ednen szakvezet\u00e9ssel v\u00e1rj\u00e1k az \u00e9rdekl\u0151d\u0151ket okt\u00f3ber 11-\u00e9n. A Magyar Energetikai \u00e9s K\u00f6zm\u0171-szab\u00e1lyoz\u00e1si Hivatal (MEKH) \u00e9s a csatlakoz\u00f3 er\u0151m\u0171vek \u00e1ltal szervezett Er\u0151m\u0171vek \u00e9jszak\u00e1j\u00e1n 14 \u00e9s 22 \u00f3ra k\u00f6z\u00f6tt orsz\u00e1gszerte 42 villamosenergi\u00e1t termel\u0151 er\u0151m\u0171 \u00e9s t\u00e1vh\u0151t el\u0151\u00e1ll\u00edt\u00f3 f\u0171t\u0151m\u0171, illetve tematikus l\u00e1togat\u00f3k\u00f6zpont [&hellip;]<\/p>\n","protected":false},"author":2,"featured_media":0,"comment_status":"open","ping_status":"open","sticky":false,"template":"","format":"standard","meta":{"footnotes":""},"categories":[1],"tags":[],"class_list":["post-2117","post","type-post","status-publish","format-standard","hentry","category-legujabb-penzugyi-hirek"],"yoast_head":"<!-- This site is optimized with the Yoast SEO plugin v27.4 - https:\/\/yoast.com\/product\/yoast-seo-wordpress\/ -->\n<title>El\u0151sz\u00f6r rendezik meg az Er\u0151m\u0171vek \u00e9jszak\u00e1j\u00e1t - Hot News in World<\/title>\n<meta name=\"robots\" content=\"index, follow, max-snippet:-1, max-image-preview:large, max-video-preview:-1\" \/>\n<link rel=\"canonical\" href=\"https:\/\/hotnewsinworld.com\/hu\/eloszor-rendezik-meg-az-eromuvek-ejszakajat\/\" \/>\n<meta property=\"og:locale\" content=\"hu_HU\" \/>\n<meta property=\"og:type\" content=\"article\" \/>\n<meta property=\"og:title\" content=\"El\u0151sz\u00f6r rendezik meg az Er\u0151m\u0171vek \u00e9jszak\u00e1j\u00e1t - Hot News in World\" \/>\n<meta property=\"og:description\" content=\"Els\u0151 alkalommal rendezik meg az Er\u0151m\u0171vek \u00e9jszak\u00e1j\u00e1t, a program keret\u00e9ben a szervez\u0151k orsz\u00e1gszerte t\u00f6bb mint negyven helysz\u00ednen szakvezet\u00e9ssel v\u00e1rj\u00e1k az \u00e9rdekl\u0151d\u0151ket okt\u00f3ber 11-\u00e9n. A Magyar Energetikai \u00e9s K\u00f6zm\u0171-szab\u00e1lyoz\u00e1si Hivatal (MEKH) \u00e9s a csatlakoz\u00f3 er\u0151m\u0171vek \u00e1ltal szervezett Er\u0151m\u0171vek \u00e9jszak\u00e1j\u00e1n 14 \u00e9s 22 \u00f3ra k\u00f6z\u00f6tt orsz\u00e1gszerte 42 villamosenergi\u00e1t termel\u0151 er\u0151m\u0171 \u00e9s t\u00e1vh\u0151t el\u0151\u00e1ll\u00edt\u00f3 f\u0171t\u0151m\u0171, illetve tematikus l\u00e1togat\u00f3k\u00f6zpont [&hellip;]\" \/>\n<meta property=\"og:url\" content=\"https:\/\/hotnewsinworld.com\/hu\/eloszor-rendezik-meg-az-eromuvek-ejszakajat\/\" \/>\n<meta property=\"og:site_name\" content=\"Hot News in World\" \/>\n<meta property=\"article:published_time\" content=\"2019-09-16T11:20:38+00:00\" \/>\n<meta name=\"author\" content=\"hotnewsinworld\" \/>\n<meta name=\"twitter:card\" content=\"summary_large_image\" \/>\n<meta name=\"twitter:label1\" content=\"Szerz\u0151:\" \/>\n\t<meta name=\"twitter:data1\" content=\"hotnewsinworld\" \/>\n\t<meta name=\"twitter:label2\" content=\"Becs\u00fclt olvas\u00e1si id\u0151\" \/>\n\t<meta name=\"twitter:data2\" content=\"2 perc\" \/>\n<script type=\"application\/ld+json\" class=\"yoast-schema-graph\">{\"@context\":\"https:\\\/\\\/schema.org\",\"@graph\":[{\"@type\":\"Article\",\"@id\":\"https:\\\/\\\/hotnewsinworld.com\\\/hu\\\/eloszor-rendezik-meg-az-eromuvek-ejszakajat\\\/#article\",\"isPartOf\":{\"@id\":\"https:\\\/\\\/hotnewsinworld.com\\\/hu\\\/eloszor-rendezik-meg-az-eromuvek-ejszakajat\\\/\"},\"author\":{\"name\":\"hotnewsinworld\",\"@id\":\"https:\\\/\\\/hotnewsinworld.com\\\/hu\\\/#\\\/schema\\\/person\\\/fe61448b21c0d59086e75fcc1f9d8f6b\"},\"headline\":\"El\u0151sz\u00f6r rendezik meg az Er\u0151m\u0171vek \u00e9jszak\u00e1j\u00e1t\",\"datePublished\":\"2019-09-16T11:20:38+00:00\",\"mainEntityOfPage\":{\"@id\":\"https:\\\/\\\/hotnewsinworld.com\\\/hu\\\/eloszor-rendezik-meg-az-eromuvek-ejszakajat\\\/\"},\"wordCount\":466,\"commentCount\":0,\"articleSection\":[\"LEG\u00daJABB P\u00c9NZ\u00dcGYI H\u00cdREK\"],\"inLanguage\":\"hu\",\"potentialAction\":[{\"@type\":\"CommentAction\",\"name\":\"Comment\",\"target\":[\"https:\\\/\\\/hotnewsinworld.com\\\/hu\\\/eloszor-rendezik-meg-az-eromuvek-ejszakajat\\\/#respond\"]}]},{\"@type\":\"WebPage\",\"@id\":\"https:\\\/\\\/hotnewsinworld.com\\\/hu\\\/eloszor-rendezik-meg-az-eromuvek-ejszakajat\\\/\",\"url\":\"https:\\\/\\\/hotnewsinworld.com\\\/hu\\\/eloszor-rendezik-meg-az-eromuvek-ejszakajat\\\/\",\"name\":\"El\u0151sz\u00f6r rendezik meg az Er\u0151m\u0171vek \u00e9jszak\u00e1j\u00e1t - Hot News in World\",\"isPartOf\":{\"@id\":\"https:\\\/\\\/hotnewsinworld.com\\\/hu\\\/#website\"},\"datePublished\":\"2019-09-16T11:20:38+00:00\",\"author\":{\"@id\":\"https:\\\/\\\/hotnewsinworld.com\\\/hu\\\/#\\\/schema\\\/person\\\/fe61448b21c0d59086e75fcc1f9d8f6b\"},\"breadcrumb\":{\"@id\":\"https:\\\/\\\/hotnewsinworld.com\\\/hu\\\/eloszor-rendezik-meg-az-eromuvek-ejszakajat\\\/#breadcrumb\"},\"inLanguage\":\"hu\",\"potentialAction\":[{\"@type\":\"ReadAction\",\"target\":[\"https:\\\/\\\/hotnewsinworld.com\\\/hu\\\/eloszor-rendezik-meg-az-eromuvek-ejszakajat\\\/\"]}]},{\"@type\":\"BreadcrumbList\",\"@id\":\"https:\\\/\\\/hotnewsinworld.com\\\/hu\\\/eloszor-rendezik-meg-az-eromuvek-ejszakajat\\\/#breadcrumb\",\"itemListElement\":[{\"@type\":\"ListItem\",\"position\":1,\"name\":\"\u0413\u043b\u0430\u0432\u043d\u0430\u044f \u0441\u0442\u0440\u0430\u043d\u0438\u0446\u0430\",\"item\":\"https:\\\/\\\/hotnewsinworld.com\\\/hu\\\/\"},{\"@type\":\"ListItem\",\"position\":2,\"name\":\"El\u0151sz\u00f6r rendezik meg az Er\u0151m\u0171vek \u00e9jszak\u00e1j\u00e1t\"}]},{\"@type\":\"WebSite\",\"@id\":\"https:\\\/\\\/hotnewsinworld.com\\\/hu\\\/#website\",\"url\":\"https:\\\/\\\/hotnewsinworld.com\\\/hu\\\/\",\"name\":\"Hot News in World\",\"description\":\"Hot News in World from Hungary\",\"potentialAction\":[{\"@type\":\"SearchAction\",\"target\":{\"@type\":\"EntryPoint\",\"urlTemplate\":\"https:\\\/\\\/hotnewsinworld.com\\\/hu\\\/?s={search_term_string}\"},\"query-input\":{\"@type\":\"PropertyValueSpecification\",\"valueRequired\":true,\"valueName\":\"search_term_string\"}}],\"inLanguage\":\"hu\"},{\"@type\":\"Person\",\"@id\":\"https:\\\/\\\/hotnewsinworld.com\\\/hu\\\/#\\\/schema\\\/person\\\/fe61448b21c0d59086e75fcc1f9d8f6b\",\"name\":\"hotnewsinworld\",\"image\":{\"@type\":\"ImageObject\",\"inLanguage\":\"hu\",\"@id\":\"https:\\\/\\\/secure.gravatar.com\\\/avatar\\\/8a09ac165600ce2e1c38fe593c63928eb1e6e7ba5c5a907d67787c41b3d00c14?s=96&d=mm&r=g\",\"url\":\"https:\\\/\\\/secure.gravatar.com\\\/avatar\\\/8a09ac165600ce2e1c38fe593c63928eb1e6e7ba5c5a907d67787c41b3d00c14?s=96&d=mm&r=g\",\"contentUrl\":\"https:\\\/\\\/secure.gravatar.com\\\/avatar\\\/8a09ac165600ce2e1c38fe593c63928eb1e6e7ba5c5a907d67787c41b3d00c14?s=96&d=mm&r=g\",\"caption\":\"hotnewsinworld\"},\"url\":\"https:\\\/\\\/hotnewsinworld.com\\\/hu\\\/author\\\/pt\\\/\"}]}<\/script>\n<!-- \/ Yoast SEO plugin. -->","yoast_head_json":{"title":"El\u0151sz\u00f6r rendezik meg az Er\u0151m\u0171vek \u00e9jszak\u00e1j\u00e1t - Hot News in World","robots":{"index":"index","follow":"follow","max-snippet":"max-snippet:-1","max-image-preview":"max-image-preview:large","max-video-preview":"max-video-preview:-1"},"canonical":"https:\/\/hotnewsinworld.com\/hu\/eloszor-rendezik-meg-az-eromuvek-ejszakajat\/","og_locale":"hu_HU","og_type":"article","og_title":"El\u0151sz\u00f6r rendezik meg az Er\u0151m\u0171vek \u00e9jszak\u00e1j\u00e1t - Hot News in World","og_description":"Els\u0151 alkalommal rendezik meg az Er\u0151m\u0171vek \u00e9jszak\u00e1j\u00e1t, a program keret\u00e9ben a szervez\u0151k orsz\u00e1gszerte t\u00f6bb mint negyven helysz\u00ednen szakvezet\u00e9ssel v\u00e1rj\u00e1k az \u00e9rdekl\u0151d\u0151ket okt\u00f3ber 11-\u00e9n. A Magyar Energetikai \u00e9s K\u00f6zm\u0171-szab\u00e1lyoz\u00e1si Hivatal (MEKH) \u00e9s a csatlakoz\u00f3 er\u0151m\u0171vek \u00e1ltal szervezett Er\u0151m\u0171vek \u00e9jszak\u00e1j\u00e1n 14 \u00e9s 22 \u00f3ra k\u00f6z\u00f6tt orsz\u00e1gszerte 42 villamosenergi\u00e1t termel\u0151 er\u0151m\u0171 \u00e9s t\u00e1vh\u0151t el\u0151\u00e1ll\u00edt\u00f3 f\u0171t\u0151m\u0171, illetve tematikus l\u00e1togat\u00f3k\u00f6zpont [&hellip;]","og_url":"https:\/\/hotnewsinworld.com\/hu\/eloszor-rendezik-meg-az-eromuvek-ejszakajat\/","og_site_name":"Hot News in World","article_published_time":"2019-09-16T11:20:38+00:00","author":"hotnewsinworld","twitter_card":"summary_large_image","twitter_misc":{"Szerz\u0151:":"hotnewsinworld","Becs\u00fclt olvas\u00e1si id\u0151":"2 perc"},"schema":{"@context":"https:\/\/schema.org","@graph":[{"@type":"Article","@id":"https:\/\/hotnewsinworld.com\/hu\/eloszor-rendezik-meg-az-eromuvek-ejszakajat\/#article","isPartOf":{"@id":"https:\/\/hotnewsinworld.com\/hu\/eloszor-rendezik-meg-az-eromuvek-ejszakajat\/"},"author":{"name":"hotnewsinworld","@id":"https:\/\/hotnewsinworld.com\/hu\/#\/schema\/person\/fe61448b21c0d59086e75fcc1f9d8f6b"},"headline":"El\u0151sz\u00f6r rendezik meg az Er\u0151m\u0171vek \u00e9jszak\u00e1j\u00e1t","datePublished":"2019-09-16T11:20:38+00:00","mainEntityOfPage":{"@id":"https:\/\/hotnewsinworld.com\/hu\/eloszor-rendezik-meg-az-eromuvek-ejszakajat\/"},"wordCount":466,"commentCount":0,"articleSection":["LEG\u00daJABB P\u00c9NZ\u00dcGYI H\u00cdREK"],"inLanguage":"hu","potentialAction":[{"@type":"CommentAction","name":"Comment","target":["https:\/\/hotnewsinworld.com\/hu\/eloszor-rendezik-meg-az-eromuvek-ejszakajat\/#respond"]}]},{"@type":"WebPage","@id":"https:\/\/hotnewsinworld.com\/hu\/eloszor-rendezik-meg-az-eromuvek-ejszakajat\/","url":"https:\/\/hotnewsinworld.com\/hu\/eloszor-rendezik-meg-az-eromuvek-ejszakajat\/","name":"El\u0151sz\u00f6r rendezik meg az Er\u0151m\u0171vek \u00e9jszak\u00e1j\u00e1t - Hot News in World","isPartOf":{"@id":"https:\/\/hotnewsinworld.com\/hu\/#website"},"datePublished":"2019-09-16T11:20:38+00:00","author":{"@id":"https:\/\/hotnewsinworld.com\/hu\/#\/schema\/person\/fe61448b21c0d59086e75fcc1f9d8f6b"},"breadcrumb":{"@id":"https:\/\/hotnewsinworld.com\/hu\/eloszor-rendezik-meg-az-eromuvek-ejszakajat\/#breadcrumb"},"inLanguage":"hu","potentialAction":[{"@type":"ReadAction","target":["https:\/\/hotnewsinworld.com\/hu\/eloszor-rendezik-meg-az-eromuvek-ejszakajat\/"]}]},{"@type":"BreadcrumbList","@id":"https:\/\/hotnewsinworld.com\/hu\/eloszor-rendezik-meg-az-eromuvek-ejszakajat\/#breadcrumb","itemListElement":[{"@type":"ListItem","position":1,"name":"\u0413\u043b\u0430\u0432\u043d\u0430\u044f \u0441\u0442\u0440\u0430\u043d\u0438\u0446\u0430","item":"https:\/\/hotnewsinworld.com\/hu\/"},{"@type":"ListItem","position":2,"name":"El\u0151sz\u00f6r rendezik meg az Er\u0151m\u0171vek \u00e9jszak\u00e1j\u00e1t"}]},{"@type":"WebSite","@id":"https:\/\/hotnewsinworld.com\/hu\/#website","url":"https:\/\/hotnewsinworld.com\/hu\/","name":"Hot News in World","description":"Hot News in World from Hungary","potentialAction":[{"@type":"SearchAction","target":{"@type":"EntryPoint","urlTemplate":"https:\/\/hotnewsinworld.com\/hu\/?s={search_term_string}"},"query-input":{"@type":"PropertyValueSpecification","valueRequired":true,"valueName":"search_term_string"}}],"inLanguage":"hu"},{"@type":"Person","@id":"https:\/\/hotnewsinworld.com\/hu\/#\/schema\/person\/fe61448b21c0d59086e75fcc1f9d8f6b","name":"hotnewsinworld","image":{"@type":"ImageObject","inLanguage":"hu","@id":"https:\/\/secure.gravatar.com\/avatar\/8a09ac165600ce2e1c38fe593c63928eb1e6e7ba5c5a907d67787c41b3d00c14?s=96&d=mm&r=g","url":"https:\/\/secure.gravatar.com\/avatar\/8a09ac165600ce2e1c38fe593c63928eb1e6e7ba5c5a907d67787c41b3d00c14?s=96&d=mm&r=g","contentUrl":"https:\/\/secure.gravatar.com\/avatar\/8a09ac165600ce2e1c38fe593c63928eb1e6e7ba5c5a907d67787c41b3d00c14?s=96&d=mm&r=g","caption":"hotnewsinworld"},"url":"https:\/\/hotnewsinworld.com\/hu\/author\/pt\/"}]}},"_links":{"self":[{"href":"https:\/\/hotnewsinworld.com\/hu\/wp-json\/wp\/v2\/posts\/2117","targetHints":{"allow":["GET"]}}],"collection":[{"href":"https:\/\/hotnewsinworld.com\/hu\/wp-json\/wp\/v2\/posts"}],"about":[{"href":"https:\/\/hotnewsinworld.com\/hu\/wp-json\/wp\/v2\/types\/post"}],"author":[{"embeddable":true,"href":"https:\/\/hotnewsinworld.com\/hu\/wp-json\/wp\/v2\/users\/2"}],"replies":[{"embeddable":true,"href":"https:\/\/hotnewsinworld.com\/hu\/wp-json\/wp\/v2\/comments?post=2117"}],"version-history":[{"count":0,"href":"https:\/\/hotnewsinworld.com\/hu\/wp-json\/wp\/v2\/posts\/2117\/revisions"}],"wp:attachment":[{"href":"https:\/\/hotnewsinworld.com\/hu\/wp-json\/wp\/v2\/media?parent=2117"}],"wp:term":[{"taxonomy":"category","embeddable":true,"href":"https:\/\/hotnewsinworld.com\/hu\/wp-json\/wp\/v2\/categories?post=2117"},{"taxonomy":"post_tag","embeddable":true,"href":"https:\/\/hotnewsinworld.com\/hu\/wp-json\/wp\/v2\/tags?post=2117"}],"curies":[{"name":"wp","href":"https:\/\/api.w.org\/{rel}","templated":true}]}}