{"id":2118,"date":"2019-09-16T15:40:47","date_gmt":"2019-09-16T12:40:47","guid":{"rendered":"https:\/\/hotnewsinworld.com\/hu\/specialis-jarmuvekkel-bovult-a-katasztrofavedelem-eszkozparkja\/"},"modified":"2019-09-16T15:40:48","modified_gmt":"2019-09-16T12:40:48","slug":"specialis-jarmuvekkel-bovult-a-katasztrofavedelem-eszkozparkja","status":"publish","type":"post","link":"https:\/\/hotnewsinworld.com\/hu\/specialis-jarmuvekkel-bovult-a-katasztrofavedelem-eszkozparkja\/","title":{"rendered":"Speci\u00e1lis j\u00e1rm\u0171vekkel b\u0151v\u00fclt a katasztr\u00f3fav\u00e9delem eszk\u00f6zparkja"},"content":{"rendered":"<p> MTI, 2019. 09. 16. 14:31Az Eur\u00f3pai Uni\u00f3 t\u00e1mogat\u00e1sa nyom\u00e1n h\u00fasz katasztr\u00f3fav\u00e9delmi ir\u00e1ny\u00edt\u00f3 b\u00e1zisk\u00e9nt m\u0171k\u00f6dtethet\u0151 j\u00e1rm\u0171vel b\u0151v\u00fclt az Orsz\u00e1gos Katasztr\u00f3fav\u00e9delmi F\u0151igazgat\u00f3s\u00e1g (OKF) eszk\u00f6zparkja \u2013 t\u00e1j\u00e9koztatta az OKF sajt\u00f3szolg\u00e1lata h\u00e9tf\u0151n az MTI-t.A Volkswagen T6 t\u00edpus\u00fa, \u00f6sszker\u00e9khajt\u00e1s\u00fa furgonok beszerz\u00e9s\u00e9re \u00e9s speci\u00e1lis felszerel\u00e9s\u00e9re 410 milli\u00f3 forintot haszn\u00e1ltak fel \u2013 tartalmazza a k\u00f6zlem\u00e9ny.Az \u00faj eszk\u00f6z\u00f6k \u00e9s j\u00e1rm\u0171vek az eddigin\u00e9l is gyorsabb reag\u00e1l\u00e1st tesznek lehet\u0151v\u00e9. Az \u00fagynevezett kritikus infrastrukt\u00far\u00e1kat \u00e9rint\u0151 esem\u00e9nyek eset\u00e9n cs\u00f6kken a beavatkoz\u00e1si id\u0151. Nem kiz\u00e1r\u00f3lag t\u0171zolt\u00e1si \u00e9s m\u0171szaki ment\u00e9si feladatok ad\u00f3dhatnak, hanem el\u0151fordulhat, hogy \u00e1rv\u00edzi, belv\u00edzi v\u00e9dekez\u00e9st kell koordin\u00e1lni vagy \u00e9ppen t\u00e9li id\u0151j\u00e1r\u00e1s okozta v\u00e1ls\u00e1ghelyzetet kell kezelni. Ilyenkor a beavatkoz\u00e1shoz haszn\u00e1lt felszerel\u00e9seken k\u00edv\u00fcl a d\u00f6nt\u00e9s-el\u0151k\u00e9sz\u00edt\u00e9st t\u00e1mogat\u00f3 eszk\u00f6z\u00f6kre, p\u00e9ld\u00e1ul k\u00fcl\u00f6nb\u00f6z\u0151 informatikai berendez\u00e9sekre is sz\u00fcks\u00e9g van. Az \u00faj j\u00e1rm\u0171vekben ezek is helyet kaptak \u2013 olvashat\u00f3 a k\u00f6zlem\u00e9nyben.<br \/>\n<br \/>\n<!--noindex--><br \/>\n<a href=\"https:\/\/hirek.oldal.info\/rssclick\/14401203\" rel=\"nofollow\">Source link <\/a><br \/>\n<!--\/noindex--><\/p>\n","protected":false},"excerpt":{"rendered":"<p>MTI, 2019. 09. 16. 14:31Az Eur\u00f3pai Uni\u00f3 t\u00e1mogat\u00e1sa nyom\u00e1n h\u00fasz katasztr\u00f3fav\u00e9delmi ir\u00e1ny\u00edt\u00f3 b\u00e1zisk\u00e9nt m\u0171k\u00f6dtethet\u0151 j\u00e1rm\u0171vel b\u0151v\u00fclt az Orsz\u00e1gos Katasztr\u00f3fav\u00e9delmi F\u0151igazgat\u00f3s\u00e1g (OKF) eszk\u00f6zparkja \u2013 t\u00e1j\u00e9koztatta az OKF sajt\u00f3szolg\u00e1lata h\u00e9tf\u0151n az MTI-t.A Volkswagen T6 t\u00edpus\u00fa, \u00f6sszker\u00e9khajt\u00e1s\u00fa furgonok beszerz\u00e9s\u00e9re \u00e9s speci\u00e1lis felszerel\u00e9s\u00e9re 410 milli\u00f3 forintot haszn\u00e1ltak fel \u2013 tartalmazza a k\u00f6zlem\u00e9ny.Az \u00faj eszk\u00f6z\u00f6k \u00e9s j\u00e1rm\u0171vek az eddigin\u00e9l is [&hellip;]<\/p>\n","protected":false},"author":2,"featured_media":2119,"comment_status":"open","ping_status":"open","sticky":false,"template":"","format":"standard","meta":{"footnotes":""},"categories":[1],"tags":[],"class_list":["post-2118","post","type-post","status-publish","format-standard","has-post-thumbnail","hentry","category-legujabb-penzugyi-hirek"],"yoast_head":"<!-- This site is optimized with the Yoast SEO plugin v27.4 - https:\/\/yoast.com\/product\/yoast-seo-wordpress\/ -->\n<title>Speci\u00e1lis j\u00e1rm\u0171vekkel b\u0151v\u00fclt a katasztr\u00f3fav\u00e9delem eszk\u00f6zparkja - Hot News in World<\/title>\n<meta name=\"robots\" content=\"index, follow, max-snippet:-1, max-image-preview:large, max-video-preview:-1\" \/>\n<link rel=\"canonical\" href=\"https:\/\/hotnewsinworld.com\/hu\/specialis-jarmuvekkel-bovult-a-katasztrofavedelem-eszkozparkja\/\" \/>\n<meta property=\"og:locale\" content=\"hu_HU\" \/>\n<meta property=\"og:type\" content=\"article\" \/>\n<meta property=\"og:title\" content=\"Speci\u00e1lis j\u00e1rm\u0171vekkel b\u0151v\u00fclt a katasztr\u00f3fav\u00e9delem eszk\u00f6zparkja - Hot News in World\" \/>\n<meta property=\"og:description\" content=\"MTI, 2019. 09. 16. 14:31Az Eur\u00f3pai Uni\u00f3 t\u00e1mogat\u00e1sa nyom\u00e1n h\u00fasz katasztr\u00f3fav\u00e9delmi ir\u00e1ny\u00edt\u00f3 b\u00e1zisk\u00e9nt m\u0171k\u00f6dtethet\u0151 j\u00e1rm\u0171vel b\u0151v\u00fclt az Orsz\u00e1gos Katasztr\u00f3fav\u00e9delmi F\u0151igazgat\u00f3s\u00e1g (OKF) eszk\u00f6zparkja \u2013 t\u00e1j\u00e9koztatta az OKF sajt\u00f3szolg\u00e1lata h\u00e9tf\u0151n az MTI-t.A Volkswagen T6 t\u00edpus\u00fa, \u00f6sszker\u00e9khajt\u00e1s\u00fa furgonok beszerz\u00e9s\u00e9re \u00e9s speci\u00e1lis felszerel\u00e9s\u00e9re 410 milli\u00f3 forintot haszn\u00e1ltak fel \u2013 tartalmazza a k\u00f6zlem\u00e9ny.Az \u00faj eszk\u00f6z\u00f6k \u00e9s j\u00e1rm\u0171vek az eddigin\u00e9l is [&hellip;]\" \/>\n<meta property=\"og:url\" content=\"https:\/\/hotnewsinworld.com\/hu\/specialis-jarmuvekkel-bovult-a-katasztrofavedelem-eszkozparkja\/\" \/>\n<meta property=\"og:site_name\" content=\"Hot News in World\" \/>\n<meta property=\"article:published_time\" content=\"2019-09-16T12:40:47+00:00\" \/>\n<meta property=\"article:modified_time\" content=\"2019-09-16T12:40:48+00:00\" \/>\n<meta property=\"og:image\" content=\"https:\/\/hotnewsinworld.com\/hu\/wp-content\/uploads\/sites\/3\/2019\/09\/Speci\u00e1lis-j\u00e1rm\u0171vekkel-b\u0151v\u00fclt-a-katasztr\u00f3fav\u00e9delem-eszk\u00f6zparkja.jpg\" \/>\n\t<meta property=\"og:image:width\" content=\"960\" \/>\n\t<meta property=\"og:image:height\" content=\"640\" \/>\n\t<meta property=\"og:image:type\" content=\"image\/jpeg\" \/>\n<meta name=\"author\" content=\"hotnewsinworld\" \/>\n<meta name=\"twitter:card\" content=\"summary_large_image\" \/>\n<meta name=\"twitter:label1\" content=\"Szerz\u0151:\" \/>\n\t<meta name=\"twitter:data1\" content=\"hotnewsinworld\" \/>\n\t<meta name=\"twitter:label2\" content=\"Becs\u00fclt olvas\u00e1si id\u0151\" \/>\n\t<meta name=\"twitter:data2\" content=\"1 perc\" \/>\n<script type=\"application\/ld+json\" class=\"yoast-schema-graph\">{\"@context\":\"https:\\\/\\\/schema.org\",\"@graph\":[{\"@type\":\"Article\",\"@id\":\"https:\\\/\\\/hotnewsinworld.com\\\/hu\\\/specialis-jarmuvekkel-bovult-a-katasztrofavedelem-eszkozparkja\\\/#article\",\"isPartOf\":{\"@id\":\"https:\\\/\\\/hotnewsinworld.com\\\/hu\\\/specialis-jarmuvekkel-bovult-a-katasztrofavedelem-eszkozparkja\\\/\"},\"author\":{\"name\":\"hotnewsinworld\",\"@id\":\"https:\\\/\\\/hotnewsinworld.com\\\/hu\\\/#\\\/schema\\\/person\\\/fe61448b21c0d59086e75fcc1f9d8f6b\"},\"headline\":\"Speci\u00e1lis j\u00e1rm\u0171vekkel b\u0151v\u00fclt a katasztr\u00f3fav\u00e9delem eszk\u00f6zparkja\",\"datePublished\":\"2019-09-16T12:40:47+00:00\",\"dateModified\":\"2019-09-16T12:40:48+00:00\",\"mainEntityOfPage\":{\"@id\":\"https:\\\/\\\/hotnewsinworld.com\\\/hu\\\/specialis-jarmuvekkel-bovult-a-katasztrofavedelem-eszkozparkja\\\/\"},\"wordCount\":233,\"commentCount\":0,\"image\":{\"@id\":\"https:\\\/\\\/hotnewsinworld.com\\\/hu\\\/specialis-jarmuvekkel-bovult-a-katasztrofavedelem-eszkozparkja\\\/#primaryimage\"},\"thumbnailUrl\":\"https:\\\/\\\/hotnewsinworld.com\\\/hu\\\/wp-content\\\/uploads\\\/sites\\\/3\\\/2019\\\/09\\\/Speci\u00e1lis-j\u00e1rm\u0171vekkel-b\u0151v\u00fclt-a-katasztr\u00f3fav\u00e9delem-eszk\u00f6zparkja.jpg\",\"articleSection\":[\"LEG\u00daJABB P\u00c9NZ\u00dcGYI H\u00cdREK\"],\"inLanguage\":\"hu\",\"potentialAction\":[{\"@type\":\"CommentAction\",\"name\":\"Comment\",\"target\":[\"https:\\\/\\\/hotnewsinworld.com\\\/hu\\\/specialis-jarmuvekkel-bovult-a-katasztrofavedelem-eszkozparkja\\\/#respond\"]}]},{\"@type\":\"WebPage\",\"@id\":\"https:\\\/\\\/hotnewsinworld.com\\\/hu\\\/specialis-jarmuvekkel-bovult-a-katasztrofavedelem-eszkozparkja\\\/\",\"url\":\"https:\\\/\\\/hotnewsinworld.com\\\/hu\\\/specialis-jarmuvekkel-bovult-a-katasztrofavedelem-eszkozparkja\\\/\",\"name\":\"Speci\u00e1lis j\u00e1rm\u0171vekkel b\u0151v\u00fclt a katasztr\u00f3fav\u00e9delem eszk\u00f6zparkja - Hot News in World\",\"isPartOf\":{\"@id\":\"https:\\\/\\\/hotnewsinworld.com\\\/hu\\\/#website\"},\"primaryImageOfPage\":{\"@id\":\"https:\\\/\\\/hotnewsinworld.com\\\/hu\\\/specialis-jarmuvekkel-bovult-a-katasztrofavedelem-eszkozparkja\\\/#primaryimage\"},\"image\":{\"@id\":\"https:\\\/\\\/hotnewsinworld.com\\\/hu\\\/specialis-jarmuvekkel-bovult-a-katasztrofavedelem-eszkozparkja\\\/#primaryimage\"},\"thumbnailUrl\":\"https:\\\/\\\/hotnewsinworld.com\\\/hu\\\/wp-content\\\/uploads\\\/sites\\\/3\\\/2019\\\/09\\\/Speci\u00e1lis-j\u00e1rm\u0171vekkel-b\u0151v\u00fclt-a-katasztr\u00f3fav\u00e9delem-eszk\u00f6zparkja.jpg\",\"datePublished\":\"2019-09-16T12:40:47+00:00\",\"dateModified\":\"2019-09-16T12:40:48+00:00\",\"author\":{\"@id\":\"https:\\\/\\\/hotnewsinworld.com\\\/hu\\\/#\\\/schema\\\/person\\\/fe61448b21c0d59086e75fcc1f9d8f6b\"},\"breadcrumb\":{\"@id\":\"https:\\\/\\\/hotnewsinworld.com\\\/hu\\\/specialis-jarmuvekkel-bovult-a-katasztrofavedelem-eszkozparkja\\\/#breadcrumb\"},\"inLanguage\":\"hu\",\"potentialAction\":[{\"@type\":\"ReadAction\",\"target\":[\"https:\\\/\\\/hotnewsinworld.com\\\/hu\\\/specialis-jarmuvekkel-bovult-a-katasztrofavedelem-eszkozparkja\\\/\"]}]},{\"@type\":\"ImageObject\",\"inLanguage\":\"hu\",\"@id\":\"https:\\\/\\\/hotnewsinworld.com\\\/hu\\\/specialis-jarmuvekkel-bovult-a-katasztrofavedelem-eszkozparkja\\\/#primaryimage\",\"url\":\"https:\\\/\\\/hotnewsinworld.com\\\/hu\\\/wp-content\\\/uploads\\\/sites\\\/3\\\/2019\\\/09\\\/Speci\u00e1lis-j\u00e1rm\u0171vekkel-b\u0151v\u00fclt-a-katasztr\u00f3fav\u00e9delem-eszk\u00f6zparkja.jpg\",\"contentUrl\":\"https:\\\/\\\/hotnewsinworld.com\\\/hu\\\/wp-content\\\/uploads\\\/sites\\\/3\\\/2019\\\/09\\\/Speci\u00e1lis-j\u00e1rm\u0171vekkel-b\u0151v\u00fclt-a-katasztr\u00f3fav\u00e9delem-eszk\u00f6zparkja.jpg\",\"width\":960,\"height\":640,\"caption\":\"Speci\u00e1lis j\u00e1rm\u0171vekkel b\u0151v\u00fclt a katasztr\u00f3fav\u00e9delem eszk\u00f6zparkja\"},{\"@type\":\"BreadcrumbList\",\"@id\":\"https:\\\/\\\/hotnewsinworld.com\\\/hu\\\/specialis-jarmuvekkel-bovult-a-katasztrofavedelem-eszkozparkja\\\/#breadcrumb\",\"itemListElement\":[{\"@type\":\"ListItem\",\"position\":1,\"name\":\"\u0413\u043b\u0430\u0432\u043d\u0430\u044f \u0441\u0442\u0440\u0430\u043d\u0438\u0446\u0430\",\"item\":\"https:\\\/\\\/hotnewsinworld.com\\\/hu\\\/\"},{\"@type\":\"ListItem\",\"position\":2,\"name\":\"Speci\u00e1lis j\u00e1rm\u0171vekkel b\u0151v\u00fclt a katasztr\u00f3fav\u00e9delem eszk\u00f6zparkja\"}]},{\"@type\":\"WebSite\",\"@id\":\"https:\\\/\\\/hotnewsinworld.com\\\/hu\\\/#website\",\"url\":\"https:\\\/\\\/hotnewsinworld.com\\\/hu\\\/\",\"name\":\"Hot News in World\",\"description\":\"Hot News in World from Hungary\",\"potentialAction\":[{\"@type\":\"SearchAction\",\"target\":{\"@type\":\"EntryPoint\",\"urlTemplate\":\"https:\\\/\\\/hotnewsinworld.com\\\/hu\\\/?s={search_term_string}\"},\"query-input\":{\"@type\":\"PropertyValueSpecification\",\"valueRequired\":true,\"valueName\":\"search_term_string\"}}],\"inLanguage\":\"hu\"},{\"@type\":\"Person\",\"@id\":\"https:\\\/\\\/hotnewsinworld.com\\\/hu\\\/#\\\/schema\\\/person\\\/fe61448b21c0d59086e75fcc1f9d8f6b\",\"name\":\"hotnewsinworld\",\"image\":{\"@type\":\"ImageObject\",\"inLanguage\":\"hu\",\"@id\":\"https:\\\/\\\/secure.gravatar.com\\\/avatar\\\/8a09ac165600ce2e1c38fe593c63928eb1e6e7ba5c5a907d67787c41b3d00c14?s=96&d=mm&r=g\",\"url\":\"https:\\\/\\\/secure.gravatar.com\\\/avatar\\\/8a09ac165600ce2e1c38fe593c63928eb1e6e7ba5c5a907d67787c41b3d00c14?s=96&d=mm&r=g\",\"contentUrl\":\"https:\\\/\\\/secure.gravatar.com\\\/avatar\\\/8a09ac165600ce2e1c38fe593c63928eb1e6e7ba5c5a907d67787c41b3d00c14?s=96&d=mm&r=g\",\"caption\":\"hotnewsinworld\"},\"url\":\"https:\\\/\\\/hotnewsinworld.com\\\/hu\\\/author\\\/pt\\\/\"}]}<\/script>\n<!-- \/ Yoast SEO plugin. -->","yoast_head_json":{"title":"Speci\u00e1lis j\u00e1rm\u0171vekkel b\u0151v\u00fclt a katasztr\u00f3fav\u00e9delem eszk\u00f6zparkja - Hot News in World","robots":{"index":"index","follow":"follow","max-snippet":"max-snippet:-1","max-image-preview":"max-image-preview:large","max-video-preview":"max-video-preview:-1"},"canonical":"https:\/\/hotnewsinworld.com\/hu\/specialis-jarmuvekkel-bovult-a-katasztrofavedelem-eszkozparkja\/","og_locale":"hu_HU","og_type":"article","og_title":"Speci\u00e1lis j\u00e1rm\u0171vekkel b\u0151v\u00fclt a katasztr\u00f3fav\u00e9delem eszk\u00f6zparkja - Hot News in World","og_description":"MTI, 2019. 09. 16. 14:31Az Eur\u00f3pai Uni\u00f3 t\u00e1mogat\u00e1sa nyom\u00e1n h\u00fasz katasztr\u00f3fav\u00e9delmi ir\u00e1ny\u00edt\u00f3 b\u00e1zisk\u00e9nt m\u0171k\u00f6dtethet\u0151 j\u00e1rm\u0171vel b\u0151v\u00fclt az Orsz\u00e1gos Katasztr\u00f3fav\u00e9delmi F\u0151igazgat\u00f3s\u00e1g (OKF) eszk\u00f6zparkja \u2013 t\u00e1j\u00e9koztatta az OKF sajt\u00f3szolg\u00e1lata h\u00e9tf\u0151n az MTI-t.A Volkswagen T6 t\u00edpus\u00fa, \u00f6sszker\u00e9khajt\u00e1s\u00fa furgonok beszerz\u00e9s\u00e9re \u00e9s speci\u00e1lis felszerel\u00e9s\u00e9re 410 milli\u00f3 forintot haszn\u00e1ltak fel \u2013 tartalmazza a k\u00f6zlem\u00e9ny.Az \u00faj eszk\u00f6z\u00f6k \u00e9s j\u00e1rm\u0171vek az eddigin\u00e9l is [&hellip;]","og_url":"https:\/\/hotnewsinworld.com\/hu\/specialis-jarmuvekkel-bovult-a-katasztrofavedelem-eszkozparkja\/","og_site_name":"Hot News in World","article_published_time":"2019-09-16T12:40:47+00:00","article_modified_time":"2019-09-16T12:40:48+00:00","og_image":[{"width":960,"height":640,"url":"https:\/\/hotnewsinworld.com\/hu\/wp-content\/uploads\/sites\/3\/2019\/09\/Speci\u00e1lis-j\u00e1rm\u0171vekkel-b\u0151v\u00fclt-a-katasztr\u00f3fav\u00e9delem-eszk\u00f6zparkja.jpg","type":"image\/jpeg"}],"author":"hotnewsinworld","twitter_card":"summary_large_image","twitter_misc":{"Szerz\u0151:":"hotnewsinworld","Becs\u00fclt olvas\u00e1si id\u0151":"1 perc"},"schema":{"@context":"https:\/\/schema.org","@graph":[{"@type":"Article","@id":"https:\/\/hotnewsinworld.com\/hu\/specialis-jarmuvekkel-bovult-a-katasztrofavedelem-eszkozparkja\/#article","isPartOf":{"@id":"https:\/\/hotnewsinworld.com\/hu\/specialis-jarmuvekkel-bovult-a-katasztrofavedelem-eszkozparkja\/"},"author":{"name":"hotnewsinworld","@id":"https:\/\/hotnewsinworld.com\/hu\/#\/schema\/person\/fe61448b21c0d59086e75fcc1f9d8f6b"},"headline":"Speci\u00e1lis j\u00e1rm\u0171vekkel b\u0151v\u00fclt a katasztr\u00f3fav\u00e9delem eszk\u00f6zparkja","datePublished":"2019-09-16T12:40:47+00:00","dateModified":"2019-09-16T12:40:48+00:00","mainEntityOfPage":{"@id":"https:\/\/hotnewsinworld.com\/hu\/specialis-jarmuvekkel-bovult-a-katasztrofavedelem-eszkozparkja\/"},"wordCount":233,"commentCount":0,"image":{"@id":"https:\/\/hotnewsinworld.com\/hu\/specialis-jarmuvekkel-bovult-a-katasztrofavedelem-eszkozparkja\/#primaryimage"},"thumbnailUrl":"https:\/\/hotnewsinworld.com\/hu\/wp-content\/uploads\/sites\/3\/2019\/09\/Speci\u00e1lis-j\u00e1rm\u0171vekkel-b\u0151v\u00fclt-a-katasztr\u00f3fav\u00e9delem-eszk\u00f6zparkja.jpg","articleSection":["LEG\u00daJABB P\u00c9NZ\u00dcGYI H\u00cdREK"],"inLanguage":"hu","potentialAction":[{"@type":"CommentAction","name":"Comment","target":["https:\/\/hotnewsinworld.com\/hu\/specialis-jarmuvekkel-bovult-a-katasztrofavedelem-eszkozparkja\/#respond"]}]},{"@type":"WebPage","@id":"https:\/\/hotnewsinworld.com\/hu\/specialis-jarmuvekkel-bovult-a-katasztrofavedelem-eszkozparkja\/","url":"https:\/\/hotnewsinworld.com\/hu\/specialis-jarmuvekkel-bovult-a-katasztrofavedelem-eszkozparkja\/","name":"Speci\u00e1lis j\u00e1rm\u0171vekkel b\u0151v\u00fclt a katasztr\u00f3fav\u00e9delem eszk\u00f6zparkja - Hot News in World","isPartOf":{"@id":"https:\/\/hotnewsinworld.com\/hu\/#website"},"primaryImageOfPage":{"@id":"https:\/\/hotnewsinworld.com\/hu\/specialis-jarmuvekkel-bovult-a-katasztrofavedelem-eszkozparkja\/#primaryimage"},"image":{"@id":"https:\/\/hotnewsinworld.com\/hu\/specialis-jarmuvekkel-bovult-a-katasztrofavedelem-eszkozparkja\/#primaryimage"},"thumbnailUrl":"https:\/\/hotnewsinworld.com\/hu\/wp-content\/uploads\/sites\/3\/2019\/09\/Speci\u00e1lis-j\u00e1rm\u0171vekkel-b\u0151v\u00fclt-a-katasztr\u00f3fav\u00e9delem-eszk\u00f6zparkja.jpg","datePublished":"2019-09-16T12:40:47+00:00","dateModified":"2019-09-16T12:40:48+00:00","author":{"@id":"https:\/\/hotnewsinworld.com\/hu\/#\/schema\/person\/fe61448b21c0d59086e75fcc1f9d8f6b"},"breadcrumb":{"@id":"https:\/\/hotnewsinworld.com\/hu\/specialis-jarmuvekkel-bovult-a-katasztrofavedelem-eszkozparkja\/#breadcrumb"},"inLanguage":"hu","potentialAction":[{"@type":"ReadAction","target":["https:\/\/hotnewsinworld.com\/hu\/specialis-jarmuvekkel-bovult-a-katasztrofavedelem-eszkozparkja\/"]}]},{"@type":"ImageObject","inLanguage":"hu","@id":"https:\/\/hotnewsinworld.com\/hu\/specialis-jarmuvekkel-bovult-a-katasztrofavedelem-eszkozparkja\/#primaryimage","url":"https:\/\/hotnewsinworld.com\/hu\/wp-content\/uploads\/sites\/3\/2019\/09\/Speci\u00e1lis-j\u00e1rm\u0171vekkel-b\u0151v\u00fclt-a-katasztr\u00f3fav\u00e9delem-eszk\u00f6zparkja.jpg","contentUrl":"https:\/\/hotnewsinworld.com\/hu\/wp-content\/uploads\/sites\/3\/2019\/09\/Speci\u00e1lis-j\u00e1rm\u0171vekkel-b\u0151v\u00fclt-a-katasztr\u00f3fav\u00e9delem-eszk\u00f6zparkja.jpg","width":960,"height":640,"caption":"Speci\u00e1lis j\u00e1rm\u0171vekkel b\u0151v\u00fclt a katasztr\u00f3fav\u00e9delem eszk\u00f6zparkja"},{"@type":"BreadcrumbList","@id":"https:\/\/hotnewsinworld.com\/hu\/specialis-jarmuvekkel-bovult-a-katasztrofavedelem-eszkozparkja\/#breadcrumb","itemListElement":[{"@type":"ListItem","position":1,"name":"\u0413\u043b\u0430\u0432\u043d\u0430\u044f \u0441\u0442\u0440\u0430\u043d\u0438\u0446\u0430","item":"https:\/\/hotnewsinworld.com\/hu\/"},{"@type":"ListItem","position":2,"name":"Speci\u00e1lis j\u00e1rm\u0171vekkel b\u0151v\u00fclt a katasztr\u00f3fav\u00e9delem eszk\u00f6zparkja"}]},{"@type":"WebSite","@id":"https:\/\/hotnewsinworld.com\/hu\/#website","url":"https:\/\/hotnewsinworld.com\/hu\/","name":"Hot News in World","description":"Hot News in World from Hungary","potentialAction":[{"@type":"SearchAction","target":{"@type":"EntryPoint","urlTemplate":"https:\/\/hotnewsinworld.com\/hu\/?s={search_term_string}"},"query-input":{"@type":"PropertyValueSpecification","valueRequired":true,"valueName":"search_term_string"}}],"inLanguage":"hu"},{"@type":"Person","@id":"https:\/\/hotnewsinworld.com\/hu\/#\/schema\/person\/fe61448b21c0d59086e75fcc1f9d8f6b","name":"hotnewsinworld","image":{"@type":"ImageObject","inLanguage":"hu","@id":"https:\/\/secure.gravatar.com\/avatar\/8a09ac165600ce2e1c38fe593c63928eb1e6e7ba5c5a907d67787c41b3d00c14?s=96&d=mm&r=g","url":"https:\/\/secure.gravatar.com\/avatar\/8a09ac165600ce2e1c38fe593c63928eb1e6e7ba5c5a907d67787c41b3d00c14?s=96&d=mm&r=g","contentUrl":"https:\/\/secure.gravatar.com\/avatar\/8a09ac165600ce2e1c38fe593c63928eb1e6e7ba5c5a907d67787c41b3d00c14?s=96&d=mm&r=g","caption":"hotnewsinworld"},"url":"https:\/\/hotnewsinworld.com\/hu\/author\/pt\/"}]}},"_links":{"self":[{"href":"https:\/\/hotnewsinworld.com\/hu\/wp-json\/wp\/v2\/posts\/2118","targetHints":{"allow":["GET"]}}],"collection":[{"href":"https:\/\/hotnewsinworld.com\/hu\/wp-json\/wp\/v2\/posts"}],"about":[{"href":"https:\/\/hotnewsinworld.com\/hu\/wp-json\/wp\/v2\/types\/post"}],"author":[{"embeddable":true,"href":"https:\/\/hotnewsinworld.com\/hu\/wp-json\/wp\/v2\/users\/2"}],"replies":[{"embeddable":true,"href":"https:\/\/hotnewsinworld.com\/hu\/wp-json\/wp\/v2\/comments?post=2118"}],"version-history":[{"count":1,"href":"https:\/\/hotnewsinworld.com\/hu\/wp-json\/wp\/v2\/posts\/2118\/revisions"}],"predecessor-version":[{"id":2120,"href":"https:\/\/hotnewsinworld.com\/hu\/wp-json\/wp\/v2\/posts\/2118\/revisions\/2120"}],"wp:featuredmedia":[{"embeddable":true,"href":"https:\/\/hotnewsinworld.com\/hu\/wp-json\/wp\/v2\/media\/2119"}],"wp:attachment":[{"href":"https:\/\/hotnewsinworld.com\/hu\/wp-json\/wp\/v2\/media?parent=2118"}],"wp:term":[{"taxonomy":"category","embeddable":true,"href":"https:\/\/hotnewsinworld.com\/hu\/wp-json\/wp\/v2\/categories?post=2118"},{"taxonomy":"post_tag","embeddable":true,"href":"https:\/\/hotnewsinworld.com\/hu\/wp-json\/wp\/v2\/tags?post=2118"}],"curies":[{"name":"wp","href":"https:\/\/api.w.org\/{rel}","templated":true}]}}