{"id":2151,"date":"2019-09-16T16:59:43","date_gmt":"2019-09-16T13:59:43","guid":{"rendered":"https:\/\/hotnewsinworld.com\/hu\/kozos-akcio-a-magyar-rendorseg-hivatalos-honlapja\/"},"modified":"2019-09-16T16:59:43","modified_gmt":"2019-09-16T13:59:43","slug":"kozos-akcio-a-magyar-rendorseg-hivatalos-honlapja","status":"publish","type":"post","link":"https:\/\/hotnewsinworld.com\/hu\/kozos-akcio-a-magyar-rendorseg-hivatalos-honlapja\/","title":{"rendered":"K\u00f6z\u00f6s akci\u00f3 | A Magyar Rend\u0151rs\u00e9g hivatalos honlapja"},"content":{"rendered":"\n<p>            Rend\u0151r\u00f6k, polg\u00e1r\u0151r\u00f6k, erd\u00e9szek \u00e9s hal\u0151r\u00f6k tartottak fokozott ellen\u0151rz\u00e9st P\u00e1p\u00e1n \u00e9s k\u00f6rny\u00e9k\u00e9n.<\/p>\n<p>            A P\u00e1pai Rend\u0151rkapit\u00e1nys\u00e1g 2019. szeptember 14-\u00e9n eg\u00e9sz napos k\u00f6z\u00f6s szolg\u00e1latra h\u00edvta az erd\u00e9szeket, hal\u0151r\u00f6ket, valamint a P\u00e1pai j\u00e1r\u00e1s polg\u00e1r\u0151reit.<\/p>\n<p>A k\u00f6zleked\u00e9sbiztons\u00e1gi \u00e9s k\u00f6zbiztons\u00e1gi fokozott ellen\u0151rz\u00e9s P\u00e1pa v\u00e1ros\u00e1t, valamint a j\u00e1r\u00e1s falvait \u00e9rintette. Az ellen\u0151rz\u00e9seket a telep\u00fcl\u00e9sek k\u00fclter\u00fcletein, a k\u00f6zeli horg\u00e1sztavakn\u00e1l, valamint a Bakonyban tal\u00e1lhat\u00f3 erdei kir\u00e1ndul\u00f3 utakon \u00e9s pihen\u0151helyeken hajtott\u00e1k v\u00e9gre. Az akci\u00f3 c\u00e9lja a lakoss\u00e1g szubjekt\u00edv k\u00f6zbiztons\u00e1g\u00e9rzet\u00e9nek n\u00f6vel\u00e9se, tov\u00e1bb\u00e1 az erd\u00e9szeti, term\u00e9szetv\u00e9delmi szab\u00e1lys\u00e9rt\u00e9sek, rong\u00e1l\u00e1sok, falop\u00e1sok, egy\u00e9b tulajdon elleni szab\u00e1lys\u00e9rt\u00e9sek elk\u00f6vet\u00e9s\u00e9nek megel\u0151z\u00e9se volt.<\/p>\n<p>Az akci\u00f3 alkalm\u00e1val a rend\u0151r\u00f6k \u00f6tven\u00f6t szem\u00e9lyt igazoltattak, \u00f6t szem\u00e9llyel szemben erd\u0151rend\u00e9szeti szab\u00e1lys\u00e9rt\u00e9s miatt helysz\u00edni b\u00edrs\u00e1got szabtak ki, mivel a behajt\u00e1si tilalom ellen\u00e9re az erdei utakra behajtottak szem\u00e9lyg\u00e9pkocsijukkal, tov\u00e1bbi k\u00e9t szem\u00e9llyel szemben pedig kisebb fok\u00fa k\u00f6zleked\u00e9si szab\u00e1lys\u00e9rt\u00e9s elk\u00f6vet\u00e9se miatt szabtak ki b\u00edrs\u00e1got a hat\u00f3s\u00e1g tagjai.<\/p>\n<p>\n<!--noindex--><br \/>\n<a href=\"https:\/\/hirek.oldal.info\/rssclick\/14401441\" rel=\"nofollow\">Source link <\/a><br \/>\n<!--\/noindex--><\/p>\n","protected":false},"excerpt":{"rendered":"<p>Rend\u0151r\u00f6k, polg\u00e1r\u0151r\u00f6k, erd\u00e9szek \u00e9s hal\u0151r\u00f6k tartottak fokozott ellen\u0151rz\u00e9st P\u00e1p\u00e1n \u00e9s k\u00f6rny\u00e9k\u00e9n. A P\u00e1pai Rend\u0151rkapit\u00e1nys\u00e1g 2019. szeptember 14-\u00e9n eg\u00e9sz napos k\u00f6z\u00f6s szolg\u00e1latra h\u00edvta az erd\u00e9szeket, hal\u0151r\u00f6ket, valamint a P\u00e1pai j\u00e1r\u00e1s polg\u00e1r\u0151reit. A k\u00f6zleked\u00e9sbiztons\u00e1gi \u00e9s k\u00f6zbiztons\u00e1gi fokozott ellen\u0151rz\u00e9s P\u00e1pa v\u00e1ros\u00e1t, valamint a j\u00e1r\u00e1s falvait \u00e9rintette. Az ellen\u0151rz\u00e9seket a telep\u00fcl\u00e9sek k\u00fclter\u00fcletein, a k\u00f6zeli horg\u00e1sztavakn\u00e1l, valamint a Bakonyban tal\u00e1lhat\u00f3 [&hellip;]<\/p>\n","protected":false},"author":2,"featured_media":0,"comment_status":"open","ping_status":"open","sticky":false,"template":"","format":"standard","meta":{"footnotes":""},"categories":[1],"tags":[],"class_list":["post-2151","post","type-post","status-publish","format-standard","hentry","category-legujabb-penzugyi-hirek"],"yoast_head":"<!-- This site is optimized with the Yoast SEO plugin v27.4 - https:\/\/yoast.com\/product\/yoast-seo-wordpress\/ -->\n<title>K\u00f6z\u00f6s akci\u00f3 | A Magyar Rend\u0151rs\u00e9g hivatalos honlapja - Hot News in World<\/title>\n<meta name=\"robots\" content=\"index, follow, max-snippet:-1, max-image-preview:large, max-video-preview:-1\" \/>\n<link rel=\"canonical\" href=\"https:\/\/hotnewsinworld.com\/hu\/kozos-akcio-a-magyar-rendorseg-hivatalos-honlapja\/\" \/>\n<meta property=\"og:locale\" content=\"hu_HU\" \/>\n<meta property=\"og:type\" content=\"article\" \/>\n<meta property=\"og:title\" content=\"K\u00f6z\u00f6s akci\u00f3 | A Magyar Rend\u0151rs\u00e9g hivatalos honlapja - Hot News in World\" \/>\n<meta property=\"og:description\" content=\"Rend\u0151r\u00f6k, polg\u00e1r\u0151r\u00f6k, erd\u00e9szek \u00e9s hal\u0151r\u00f6k tartottak fokozott ellen\u0151rz\u00e9st P\u00e1p\u00e1n \u00e9s k\u00f6rny\u00e9k\u00e9n. A P\u00e1pai Rend\u0151rkapit\u00e1nys\u00e1g 2019. szeptember 14-\u00e9n eg\u00e9sz napos k\u00f6z\u00f6s szolg\u00e1latra h\u00edvta az erd\u00e9szeket, hal\u0151r\u00f6ket, valamint a P\u00e1pai j\u00e1r\u00e1s polg\u00e1r\u0151reit. A k\u00f6zleked\u00e9sbiztons\u00e1gi \u00e9s k\u00f6zbiztons\u00e1gi fokozott ellen\u0151rz\u00e9s P\u00e1pa v\u00e1ros\u00e1t, valamint a j\u00e1r\u00e1s falvait \u00e9rintette. Az ellen\u0151rz\u00e9seket a telep\u00fcl\u00e9sek k\u00fclter\u00fcletein, a k\u00f6zeli horg\u00e1sztavakn\u00e1l, valamint a Bakonyban tal\u00e1lhat\u00f3 [&hellip;]\" \/>\n<meta property=\"og:url\" content=\"https:\/\/hotnewsinworld.com\/hu\/kozos-akcio-a-magyar-rendorseg-hivatalos-honlapja\/\" \/>\n<meta property=\"og:site_name\" content=\"Hot News in World\" \/>\n<meta property=\"article:published_time\" content=\"2019-09-16T13:59:43+00:00\" \/>\n<meta name=\"author\" content=\"hotnewsinworld\" \/>\n<meta name=\"twitter:card\" content=\"summary_large_image\" \/>\n<meta name=\"twitter:label1\" content=\"Szerz\u0151:\" \/>\n\t<meta name=\"twitter:data1\" content=\"hotnewsinworld\" \/>\n\t<meta name=\"twitter:label2\" content=\"Becs\u00fclt olvas\u00e1si id\u0151\" \/>\n\t<meta name=\"twitter:data2\" content=\"1 perc\" \/>\n<script type=\"application\/ld+json\" class=\"yoast-schema-graph\">{\"@context\":\"https:\\\/\\\/schema.org\",\"@graph\":[{\"@type\":\"Article\",\"@id\":\"https:\\\/\\\/hotnewsinworld.com\\\/hu\\\/kozos-akcio-a-magyar-rendorseg-hivatalos-honlapja\\\/#article\",\"isPartOf\":{\"@id\":\"https:\\\/\\\/hotnewsinworld.com\\\/hu\\\/kozos-akcio-a-magyar-rendorseg-hivatalos-honlapja\\\/\"},\"author\":{\"name\":\"hotnewsinworld\",\"@id\":\"https:\\\/\\\/hotnewsinworld.com\\\/hu\\\/#\\\/schema\\\/person\\\/fe61448b21c0d59086e75fcc1f9d8f6b\"},\"headline\":\"K\u00f6z\u00f6s akci\u00f3 | A Magyar Rend\u0151rs\u00e9g hivatalos honlapja\",\"datePublished\":\"2019-09-16T13:59:43+00:00\",\"mainEntityOfPage\":{\"@id\":\"https:\\\/\\\/hotnewsinworld.com\\\/hu\\\/kozos-akcio-a-magyar-rendorseg-hivatalos-honlapja\\\/\"},\"wordCount\":260,\"commentCount\":0,\"articleSection\":[\"LEG\u00daJABB P\u00c9NZ\u00dcGYI H\u00cdREK\"],\"inLanguage\":\"hu\",\"potentialAction\":[{\"@type\":\"CommentAction\",\"name\":\"Comment\",\"target\":[\"https:\\\/\\\/hotnewsinworld.com\\\/hu\\\/kozos-akcio-a-magyar-rendorseg-hivatalos-honlapja\\\/#respond\"]}]},{\"@type\":\"WebPage\",\"@id\":\"https:\\\/\\\/hotnewsinworld.com\\\/hu\\\/kozos-akcio-a-magyar-rendorseg-hivatalos-honlapja\\\/\",\"url\":\"https:\\\/\\\/hotnewsinworld.com\\\/hu\\\/kozos-akcio-a-magyar-rendorseg-hivatalos-honlapja\\\/\",\"name\":\"K\u00f6z\u00f6s akci\u00f3 | A Magyar Rend\u0151rs\u00e9g hivatalos honlapja - Hot News in World\",\"isPartOf\":{\"@id\":\"https:\\\/\\\/hotnewsinworld.com\\\/hu\\\/#website\"},\"datePublished\":\"2019-09-16T13:59:43+00:00\",\"author\":{\"@id\":\"https:\\\/\\\/hotnewsinworld.com\\\/hu\\\/#\\\/schema\\\/person\\\/fe61448b21c0d59086e75fcc1f9d8f6b\"},\"breadcrumb\":{\"@id\":\"https:\\\/\\\/hotnewsinworld.com\\\/hu\\\/kozos-akcio-a-magyar-rendorseg-hivatalos-honlapja\\\/#breadcrumb\"},\"inLanguage\":\"hu\",\"potentialAction\":[{\"@type\":\"ReadAction\",\"target\":[\"https:\\\/\\\/hotnewsinworld.com\\\/hu\\\/kozos-akcio-a-magyar-rendorseg-hivatalos-honlapja\\\/\"]}]},{\"@type\":\"BreadcrumbList\",\"@id\":\"https:\\\/\\\/hotnewsinworld.com\\\/hu\\\/kozos-akcio-a-magyar-rendorseg-hivatalos-honlapja\\\/#breadcrumb\",\"itemListElement\":[{\"@type\":\"ListItem\",\"position\":1,\"name\":\"\u0413\u043b\u0430\u0432\u043d\u0430\u044f \u0441\u0442\u0440\u0430\u043d\u0438\u0446\u0430\",\"item\":\"https:\\\/\\\/hotnewsinworld.com\\\/hu\\\/\"},{\"@type\":\"ListItem\",\"position\":2,\"name\":\"K\u00f6z\u00f6s akci\u00f3 | A Magyar Rend\u0151rs\u00e9g hivatalos honlapja\"}]},{\"@type\":\"WebSite\",\"@id\":\"https:\\\/\\\/hotnewsinworld.com\\\/hu\\\/#website\",\"url\":\"https:\\\/\\\/hotnewsinworld.com\\\/hu\\\/\",\"name\":\"Hot News in World\",\"description\":\"Hot News in World from Hungary\",\"potentialAction\":[{\"@type\":\"SearchAction\",\"target\":{\"@type\":\"EntryPoint\",\"urlTemplate\":\"https:\\\/\\\/hotnewsinworld.com\\\/hu\\\/?s={search_term_string}\"},\"query-input\":{\"@type\":\"PropertyValueSpecification\",\"valueRequired\":true,\"valueName\":\"search_term_string\"}}],\"inLanguage\":\"hu\"},{\"@type\":\"Person\",\"@id\":\"https:\\\/\\\/hotnewsinworld.com\\\/hu\\\/#\\\/schema\\\/person\\\/fe61448b21c0d59086e75fcc1f9d8f6b\",\"name\":\"hotnewsinworld\",\"image\":{\"@type\":\"ImageObject\",\"inLanguage\":\"hu\",\"@id\":\"https:\\\/\\\/secure.gravatar.com\\\/avatar\\\/8a09ac165600ce2e1c38fe593c63928eb1e6e7ba5c5a907d67787c41b3d00c14?s=96&d=mm&r=g\",\"url\":\"https:\\\/\\\/secure.gravatar.com\\\/avatar\\\/8a09ac165600ce2e1c38fe593c63928eb1e6e7ba5c5a907d67787c41b3d00c14?s=96&d=mm&r=g\",\"contentUrl\":\"https:\\\/\\\/secure.gravatar.com\\\/avatar\\\/8a09ac165600ce2e1c38fe593c63928eb1e6e7ba5c5a907d67787c41b3d00c14?s=96&d=mm&r=g\",\"caption\":\"hotnewsinworld\"},\"url\":\"https:\\\/\\\/hotnewsinworld.com\\\/hu\\\/author\\\/pt\\\/\"}]}<\/script>\n<!-- \/ Yoast SEO plugin. -->","yoast_head_json":{"title":"K\u00f6z\u00f6s akci\u00f3 | A Magyar Rend\u0151rs\u00e9g hivatalos honlapja - Hot News in World","robots":{"index":"index","follow":"follow","max-snippet":"max-snippet:-1","max-image-preview":"max-image-preview:large","max-video-preview":"max-video-preview:-1"},"canonical":"https:\/\/hotnewsinworld.com\/hu\/kozos-akcio-a-magyar-rendorseg-hivatalos-honlapja\/","og_locale":"hu_HU","og_type":"article","og_title":"K\u00f6z\u00f6s akci\u00f3 | A Magyar Rend\u0151rs\u00e9g hivatalos honlapja - Hot News in World","og_description":"Rend\u0151r\u00f6k, polg\u00e1r\u0151r\u00f6k, erd\u00e9szek \u00e9s hal\u0151r\u00f6k tartottak fokozott ellen\u0151rz\u00e9st P\u00e1p\u00e1n \u00e9s k\u00f6rny\u00e9k\u00e9n. A P\u00e1pai Rend\u0151rkapit\u00e1nys\u00e1g 2019. szeptember 14-\u00e9n eg\u00e9sz napos k\u00f6z\u00f6s szolg\u00e1latra h\u00edvta az erd\u00e9szeket, hal\u0151r\u00f6ket, valamint a P\u00e1pai j\u00e1r\u00e1s polg\u00e1r\u0151reit. A k\u00f6zleked\u00e9sbiztons\u00e1gi \u00e9s k\u00f6zbiztons\u00e1gi fokozott ellen\u0151rz\u00e9s P\u00e1pa v\u00e1ros\u00e1t, valamint a j\u00e1r\u00e1s falvait \u00e9rintette. Az ellen\u0151rz\u00e9seket a telep\u00fcl\u00e9sek k\u00fclter\u00fcletein, a k\u00f6zeli horg\u00e1sztavakn\u00e1l, valamint a Bakonyban tal\u00e1lhat\u00f3 [&hellip;]","og_url":"https:\/\/hotnewsinworld.com\/hu\/kozos-akcio-a-magyar-rendorseg-hivatalos-honlapja\/","og_site_name":"Hot News in World","article_published_time":"2019-09-16T13:59:43+00:00","author":"hotnewsinworld","twitter_card":"summary_large_image","twitter_misc":{"Szerz\u0151:":"hotnewsinworld","Becs\u00fclt olvas\u00e1si id\u0151":"1 perc"},"schema":{"@context":"https:\/\/schema.org","@graph":[{"@type":"Article","@id":"https:\/\/hotnewsinworld.com\/hu\/kozos-akcio-a-magyar-rendorseg-hivatalos-honlapja\/#article","isPartOf":{"@id":"https:\/\/hotnewsinworld.com\/hu\/kozos-akcio-a-magyar-rendorseg-hivatalos-honlapja\/"},"author":{"name":"hotnewsinworld","@id":"https:\/\/hotnewsinworld.com\/hu\/#\/schema\/person\/fe61448b21c0d59086e75fcc1f9d8f6b"},"headline":"K\u00f6z\u00f6s akci\u00f3 | A Magyar Rend\u0151rs\u00e9g hivatalos honlapja","datePublished":"2019-09-16T13:59:43+00:00","mainEntityOfPage":{"@id":"https:\/\/hotnewsinworld.com\/hu\/kozos-akcio-a-magyar-rendorseg-hivatalos-honlapja\/"},"wordCount":260,"commentCount":0,"articleSection":["LEG\u00daJABB P\u00c9NZ\u00dcGYI H\u00cdREK"],"inLanguage":"hu","potentialAction":[{"@type":"CommentAction","name":"Comment","target":["https:\/\/hotnewsinworld.com\/hu\/kozos-akcio-a-magyar-rendorseg-hivatalos-honlapja\/#respond"]}]},{"@type":"WebPage","@id":"https:\/\/hotnewsinworld.com\/hu\/kozos-akcio-a-magyar-rendorseg-hivatalos-honlapja\/","url":"https:\/\/hotnewsinworld.com\/hu\/kozos-akcio-a-magyar-rendorseg-hivatalos-honlapja\/","name":"K\u00f6z\u00f6s akci\u00f3 | A Magyar Rend\u0151rs\u00e9g hivatalos honlapja - Hot News in World","isPartOf":{"@id":"https:\/\/hotnewsinworld.com\/hu\/#website"},"datePublished":"2019-09-16T13:59:43+00:00","author":{"@id":"https:\/\/hotnewsinworld.com\/hu\/#\/schema\/person\/fe61448b21c0d59086e75fcc1f9d8f6b"},"breadcrumb":{"@id":"https:\/\/hotnewsinworld.com\/hu\/kozos-akcio-a-magyar-rendorseg-hivatalos-honlapja\/#breadcrumb"},"inLanguage":"hu","potentialAction":[{"@type":"ReadAction","target":["https:\/\/hotnewsinworld.com\/hu\/kozos-akcio-a-magyar-rendorseg-hivatalos-honlapja\/"]}]},{"@type":"BreadcrumbList","@id":"https:\/\/hotnewsinworld.com\/hu\/kozos-akcio-a-magyar-rendorseg-hivatalos-honlapja\/#breadcrumb","itemListElement":[{"@type":"ListItem","position":1,"name":"\u0413\u043b\u0430\u0432\u043d\u0430\u044f \u0441\u0442\u0440\u0430\u043d\u0438\u0446\u0430","item":"https:\/\/hotnewsinworld.com\/hu\/"},{"@type":"ListItem","position":2,"name":"K\u00f6z\u00f6s akci\u00f3 | A Magyar Rend\u0151rs\u00e9g hivatalos honlapja"}]},{"@type":"WebSite","@id":"https:\/\/hotnewsinworld.com\/hu\/#website","url":"https:\/\/hotnewsinworld.com\/hu\/","name":"Hot News in World","description":"Hot News in World from Hungary","potentialAction":[{"@type":"SearchAction","target":{"@type":"EntryPoint","urlTemplate":"https:\/\/hotnewsinworld.com\/hu\/?s={search_term_string}"},"query-input":{"@type":"PropertyValueSpecification","valueRequired":true,"valueName":"search_term_string"}}],"inLanguage":"hu"},{"@type":"Person","@id":"https:\/\/hotnewsinworld.com\/hu\/#\/schema\/person\/fe61448b21c0d59086e75fcc1f9d8f6b","name":"hotnewsinworld","image":{"@type":"ImageObject","inLanguage":"hu","@id":"https:\/\/secure.gravatar.com\/avatar\/8a09ac165600ce2e1c38fe593c63928eb1e6e7ba5c5a907d67787c41b3d00c14?s=96&d=mm&r=g","url":"https:\/\/secure.gravatar.com\/avatar\/8a09ac165600ce2e1c38fe593c63928eb1e6e7ba5c5a907d67787c41b3d00c14?s=96&d=mm&r=g","contentUrl":"https:\/\/secure.gravatar.com\/avatar\/8a09ac165600ce2e1c38fe593c63928eb1e6e7ba5c5a907d67787c41b3d00c14?s=96&d=mm&r=g","caption":"hotnewsinworld"},"url":"https:\/\/hotnewsinworld.com\/hu\/author\/pt\/"}]}},"_links":{"self":[{"href":"https:\/\/hotnewsinworld.com\/hu\/wp-json\/wp\/v2\/posts\/2151","targetHints":{"allow":["GET"]}}],"collection":[{"href":"https:\/\/hotnewsinworld.com\/hu\/wp-json\/wp\/v2\/posts"}],"about":[{"href":"https:\/\/hotnewsinworld.com\/hu\/wp-json\/wp\/v2\/types\/post"}],"author":[{"embeddable":true,"href":"https:\/\/hotnewsinworld.com\/hu\/wp-json\/wp\/v2\/users\/2"}],"replies":[{"embeddable":true,"href":"https:\/\/hotnewsinworld.com\/hu\/wp-json\/wp\/v2\/comments?post=2151"}],"version-history":[{"count":0,"href":"https:\/\/hotnewsinworld.com\/hu\/wp-json\/wp\/v2\/posts\/2151\/revisions"}],"wp:attachment":[{"href":"https:\/\/hotnewsinworld.com\/hu\/wp-json\/wp\/v2\/media?parent=2151"}],"wp:term":[{"taxonomy":"category","embeddable":true,"href":"https:\/\/hotnewsinworld.com\/hu\/wp-json\/wp\/v2\/categories?post=2151"},{"taxonomy":"post_tag","embeddable":true,"href":"https:\/\/hotnewsinworld.com\/hu\/wp-json\/wp\/v2\/tags?post=2151"}],"curies":[{"name":"wp","href":"https:\/\/api.w.org\/{rel}","templated":true}]}}