{"id":2159,"date":"2019-09-16T18:29:44","date_gmt":"2019-09-16T15:29:44","guid":{"rendered":"https:\/\/hotnewsinworld.com\/hu\/orban-viktor-levelet-irt-norbert-hofernek-az-osztrak-szabadsagpart-ujdonsult-elnokenek\/"},"modified":"2019-09-16T18:29:45","modified_gmt":"2019-09-16T15:29:45","slug":"orban-viktor-levelet-irt-norbert-hofernek-az-osztrak-szabadsagpart-ujdonsult-elnokenek","status":"publish","type":"post","link":"https:\/\/hotnewsinworld.com\/hu\/orban-viktor-levelet-irt-norbert-hofernek-az-osztrak-szabadsagpart-ujdonsult-elnokenek\/","title":{"rendered":"Orb\u00e1n Viktor levelet \u00edrt Norbert Hofernek, az Osztr\u00e1k Szabads\u00e1gp\u00e1rt \u00fajdons\u00fclt eln\u00f6k\u00e9nek"},"content":{"rendered":"<p>2019.09.16. 17:25 <\/p>\n<p>                                        Folytat\u00f3dhat a strat\u00e9giai egy\u00fcttm\u0171k\u00f6d\u00e9s a Fidesz \u00e9s az FP\u00d6 k\u00f6z\u00f6tt.                                     <\/p>\n<p>                                Lev\u00e9lben gratul\u00e1lt Norbert Hofernek az Osztr\u00e1k Szabads\u00e1gp\u00e1rt (FP\u00d6) eln\u00f6k\u00e9v\u00e9 t\u00f6rt\u00e9nt nagyar\u00e1ny\u00fa megv\u00e1laszt\u00e1s\u00e1hoz Orb\u00e1n Viktor minisztereln\u00f6k, a Fidesz eln\u00f6ke \u2013 t\u00e1j\u00e9koztatta az MTI-t Havasi Bertalan, a korm\u00e1nyf\u0151 sajt\u00f3f\u0151n\u00f6ke h\u00e9tf\u0151n.<\/p>\n<p>Olyan id\u0151ben veszi \u00e1t hivatalosan is a p\u00e1rteln\u00f6ki staf\u00e9tabotot, amikor mind Eur\u00f3pa, mind pedig orsz\u00e1gaink el\u0151tt emberpr\u00f3b\u00e1l\u00f3 kih\u00edv\u00e1sok \u00e1llnak. El\u00e9g, ha a kontinens egyre ink\u00e1bb cs\u00f6kken\u0151 glob\u00e1lis gazdas\u00e1gi szerep\u00e9re \u00e9s a hat\u00e1rainkat vesz\u00e9lyeztet\u0151 migr\u00e1ci\u00f3s fenyeget\u00e9sre gondolunk<\/p>\n<p>\u2013 \u00edrta Orb\u00e1n Viktor.<br \/>\nA Fidesz eln\u00f6ke a lev\u00e9lben p\u00e1rtja \u00e9s az Osztr\u00e1k Szabads\u00e1gp\u00e1rt egy\u00fcttm\u0171k\u00f6d\u00e9s\u00e9re is kit\u00e9rt:<\/p>\n<p>A k\u00f6zelm\u00faltbeli szem\u00e9lyes tal\u00e1lkoz\u00f3nkon elmondottakat ez\u00faton is meger\u0151s\u00edtve b\u00edzom abban, hogy a m\u00e1r m\u00faltban is biztos alapokon nyugv\u00f3 strat\u00e9giai egy\u00fcttm\u0171k\u00f6d\u00e9s a Fidesz \u2013 Magyar Polg\u00e1ri Sz\u00f6vets\u00e9g \u00e9s az Osztr\u00e1k Szabads\u00e1gp\u00e1rt k\u00f6z\u00f6tt a j\u00f6v\u0151ben is folytat\u00f3dni fog, \u00e9s fenn tudjuk tartani a k\u00f6lcs\u00f6n\u00f6s bizalomra \u00e9p\u00fcl\u0151 \u00e9s a kereszt\u00e9ny-konzervat\u00edv \u00e9rt\u00e9keken nyugv\u00f3 bar\u00e1ti kapcsolatainkat.<\/p>\n<p>Az FP\u00d6 h\u00e9tv\u00e9gi grazi kongresszus\u00e1n a deleg\u00e1ltak t\u00f6bb mint 98 sz\u00e1zal\u00e9ka t\u00e1mogatta az eddigi ideiglenes vezet\u0151, Norbert Hofer hivatalos eln\u00f6kk\u00e9 v\u00e1laszt\u00e1s\u00e1t.<\/p>\n<p>Megvan Strache ut\u00f3dja az FP\u00d6 \u00e9l\u00e9n<br \/>\nNorbert Hofert v\u00e1lasztotta \u00faj eln\u00f6k\u00e9v\u00e9 szombaton az FP\u00d6 (Osztr\u00e1k Szabads\u00e1gp\u00e1rt) k\u00e9t h\u00e9ttel a szeptember 29-\u00e9n tartand\u00f3, el\u0151rehozott parlamenti v\u00e1laszt\u00e1sok el\u0151tt \u2013 \u00edrja az MTI. Az FP\u00d6 grazi kongresszus\u00e1n a deleg\u00e1ltak t\u00f6bb mint 98 sz\u00e1zal\u00e9ka t\u00e1mogatta az eddigi ideiglenes vezet\u0151 hivatalos eln\u00f6kk\u00e9 v\u00e1laszt\u00e1s\u00e1t. A kongresszuson elmondott besz\u00e9d\u00e9ben Hofer kijelentette: arra k\u00e9sz\u00fcl, hogy Ausztria leger\u0151sebb p\u00e1rtj\u00e1v\u00e1 tegye [&#8230;]<\/p>\n<p>\n<!--noindex--><br \/>\n<a href=\"https:\/\/hirek.oldal.info\/rssclick\/14401716\" rel=\"nofollow\">Source link <\/a><br \/>\n<!--\/noindex--><\/p>\n","protected":false},"excerpt":{"rendered":"<p>2019.09.16. 17:25 Folytat\u00f3dhat a strat\u00e9giai egy\u00fcttm\u0171k\u00f6d\u00e9s a Fidesz \u00e9s az FP\u00d6 k\u00f6z\u00f6tt. Lev\u00e9lben gratul\u00e1lt Norbert Hofernek az Osztr\u00e1k Szabads\u00e1gp\u00e1rt (FP\u00d6) eln\u00f6k\u00e9v\u00e9 t\u00f6rt\u00e9nt nagyar\u00e1ny\u00fa megv\u00e1laszt\u00e1s\u00e1hoz Orb\u00e1n Viktor minisztereln\u00f6k, a Fidesz eln\u00f6ke \u2013 t\u00e1j\u00e9koztatta az MTI-t Havasi Bertalan, a korm\u00e1nyf\u0151 sajt\u00f3f\u0151n\u00f6ke h\u00e9tf\u0151n. Olyan id\u0151ben veszi \u00e1t hivatalosan is a p\u00e1rteln\u00f6ki staf\u00e9tabotot, amikor mind Eur\u00f3pa, mind pedig orsz\u00e1gaink [&hellip;]<\/p>\n","protected":false},"author":2,"featured_media":2160,"comment_status":"open","ping_status":"open","sticky":false,"template":"","format":"standard","meta":{"footnotes":""},"categories":[1],"tags":[],"class_list":["post-2159","post","type-post","status-publish","format-standard","has-post-thumbnail","hentry","category-legujabb-penzugyi-hirek"],"yoast_head":"<!-- This site is optimized with the Yoast SEO plugin v27.4 - https:\/\/yoast.com\/product\/yoast-seo-wordpress\/ -->\n<title>Orb\u00e1n Viktor levelet \u00edrt Norbert Hofernek, az Osztr\u00e1k Szabads\u00e1gp\u00e1rt \u00fajdons\u00fclt eln\u00f6k\u00e9nek - Hot News in World<\/title>\n<meta name=\"robots\" content=\"index, follow, max-snippet:-1, max-image-preview:large, max-video-preview:-1\" \/>\n<link rel=\"canonical\" href=\"https:\/\/hotnewsinworld.com\/hu\/orban-viktor-levelet-irt-norbert-hofernek-az-osztrak-szabadsagpart-ujdonsult-elnokenek\/\" \/>\n<meta property=\"og:locale\" content=\"hu_HU\" \/>\n<meta property=\"og:type\" content=\"article\" \/>\n<meta property=\"og:title\" content=\"Orb\u00e1n Viktor levelet \u00edrt Norbert Hofernek, az Osztr\u00e1k Szabads\u00e1gp\u00e1rt \u00fajdons\u00fclt eln\u00f6k\u00e9nek - Hot News in World\" \/>\n<meta property=\"og:description\" content=\"2019.09.16. 17:25 Folytat\u00f3dhat a strat\u00e9giai egy\u00fcttm\u0171k\u00f6d\u00e9s a Fidesz \u00e9s az FP\u00d6 k\u00f6z\u00f6tt. Lev\u00e9lben gratul\u00e1lt Norbert Hofernek az Osztr\u00e1k Szabads\u00e1gp\u00e1rt (FP\u00d6) eln\u00f6k\u00e9v\u00e9 t\u00f6rt\u00e9nt nagyar\u00e1ny\u00fa megv\u00e1laszt\u00e1s\u00e1hoz Orb\u00e1n Viktor minisztereln\u00f6k, a Fidesz eln\u00f6ke \u2013 t\u00e1j\u00e9koztatta az MTI-t Havasi Bertalan, a korm\u00e1nyf\u0151 sajt\u00f3f\u0151n\u00f6ke h\u00e9tf\u0151n. Olyan id\u0151ben veszi \u00e1t hivatalosan is a p\u00e1rteln\u00f6ki staf\u00e9tabotot, amikor mind Eur\u00f3pa, mind pedig orsz\u00e1gaink [&hellip;]\" \/>\n<meta property=\"og:url\" content=\"https:\/\/hotnewsinworld.com\/hu\/orban-viktor-levelet-irt-norbert-hofernek-az-osztrak-szabadsagpart-ujdonsult-elnokenek\/\" \/>\n<meta property=\"og:site_name\" content=\"Hot News in World\" \/>\n<meta property=\"article:published_time\" content=\"2019-09-16T15:29:44+00:00\" \/>\n<meta property=\"article:modified_time\" content=\"2019-09-16T15:29:45+00:00\" \/>\n<meta property=\"og:image\" content=\"https:\/\/hotnewsinworld.com\/hu\/wp-content\/uploads\/sites\/3\/2019\/09\/Orb\u00e1n-Viktor-levelet-\u00edrt-Norbert-Hofernek-az-Osztr\u00e1k-Szabads\u00e1gp\u00e1rt-\u00fajdons\u00fclt.jpg\" \/>\n\t<meta property=\"og:image:width\" content=\"768\" \/>\n\t<meta property=\"og:image:height\" content=\"490\" \/>\n\t<meta property=\"og:image:type\" content=\"image\/jpeg\" \/>\n<meta name=\"author\" content=\"hotnewsinworld\" \/>\n<meta name=\"twitter:card\" content=\"summary_large_image\" \/>\n<meta name=\"twitter:label1\" content=\"Szerz\u0151:\" \/>\n\t<meta name=\"twitter:data1\" content=\"hotnewsinworld\" \/>\n\t<meta name=\"twitter:label2\" content=\"Becs\u00fclt olvas\u00e1si id\u0151\" \/>\n\t<meta name=\"twitter:data2\" content=\"2 perc\" \/>\n<script type=\"application\/ld+json\" class=\"yoast-schema-graph\">{\"@context\":\"https:\\\/\\\/schema.org\",\"@graph\":[{\"@type\":\"Article\",\"@id\":\"https:\\\/\\\/hotnewsinworld.com\\\/hu\\\/orban-viktor-levelet-irt-norbert-hofernek-az-osztrak-szabadsagpart-ujdonsult-elnokenek\\\/#article\",\"isPartOf\":{\"@id\":\"https:\\\/\\\/hotnewsinworld.com\\\/hu\\\/orban-viktor-levelet-irt-norbert-hofernek-az-osztrak-szabadsagpart-ujdonsult-elnokenek\\\/\"},\"author\":{\"name\":\"hotnewsinworld\",\"@id\":\"https:\\\/\\\/hotnewsinworld.com\\\/hu\\\/#\\\/schema\\\/person\\\/fe61448b21c0d59086e75fcc1f9d8f6b\"},\"headline\":\"Orb\u00e1n Viktor levelet \u00edrt Norbert Hofernek, az Osztr\u00e1k Szabads\u00e1gp\u00e1rt \u00fajdons\u00fclt eln\u00f6k\u00e9nek\",\"datePublished\":\"2019-09-16T15:29:44+00:00\",\"dateModified\":\"2019-09-16T15:29:45+00:00\",\"mainEntityOfPage\":{\"@id\":\"https:\\\/\\\/hotnewsinworld.com\\\/hu\\\/orban-viktor-levelet-irt-norbert-hofernek-az-osztrak-szabadsagpart-ujdonsult-elnokenek\\\/\"},\"wordCount\":384,\"commentCount\":0,\"image\":{\"@id\":\"https:\\\/\\\/hotnewsinworld.com\\\/hu\\\/orban-viktor-levelet-irt-norbert-hofernek-az-osztrak-szabadsagpart-ujdonsult-elnokenek\\\/#primaryimage\"},\"thumbnailUrl\":\"https:\\\/\\\/hotnewsinworld.com\\\/hu\\\/wp-content\\\/uploads\\\/sites\\\/3\\\/2019\\\/09\\\/Orb\u00e1n-Viktor-levelet-\u00edrt-Norbert-Hofernek-az-Osztr\u00e1k-Szabads\u00e1gp\u00e1rt-\u00fajdons\u00fclt.jpg\",\"articleSection\":[\"LEG\u00daJABB P\u00c9NZ\u00dcGYI H\u00cdREK\"],\"inLanguage\":\"hu\",\"potentialAction\":[{\"@type\":\"CommentAction\",\"name\":\"Comment\",\"target\":[\"https:\\\/\\\/hotnewsinworld.com\\\/hu\\\/orban-viktor-levelet-irt-norbert-hofernek-az-osztrak-szabadsagpart-ujdonsult-elnokenek\\\/#respond\"]}]},{\"@type\":\"WebPage\",\"@id\":\"https:\\\/\\\/hotnewsinworld.com\\\/hu\\\/orban-viktor-levelet-irt-norbert-hofernek-az-osztrak-szabadsagpart-ujdonsult-elnokenek\\\/\",\"url\":\"https:\\\/\\\/hotnewsinworld.com\\\/hu\\\/orban-viktor-levelet-irt-norbert-hofernek-az-osztrak-szabadsagpart-ujdonsult-elnokenek\\\/\",\"name\":\"Orb\u00e1n Viktor levelet \u00edrt Norbert Hofernek, az Osztr\u00e1k Szabads\u00e1gp\u00e1rt \u00fajdons\u00fclt eln\u00f6k\u00e9nek - Hot News in World\",\"isPartOf\":{\"@id\":\"https:\\\/\\\/hotnewsinworld.com\\\/hu\\\/#website\"},\"primaryImageOfPage\":{\"@id\":\"https:\\\/\\\/hotnewsinworld.com\\\/hu\\\/orban-viktor-levelet-irt-norbert-hofernek-az-osztrak-szabadsagpart-ujdonsult-elnokenek\\\/#primaryimage\"},\"image\":{\"@id\":\"https:\\\/\\\/hotnewsinworld.com\\\/hu\\\/orban-viktor-levelet-irt-norbert-hofernek-az-osztrak-szabadsagpart-ujdonsult-elnokenek\\\/#primaryimage\"},\"thumbnailUrl\":\"https:\\\/\\\/hotnewsinworld.com\\\/hu\\\/wp-content\\\/uploads\\\/sites\\\/3\\\/2019\\\/09\\\/Orb\u00e1n-Viktor-levelet-\u00edrt-Norbert-Hofernek-az-Osztr\u00e1k-Szabads\u00e1gp\u00e1rt-\u00fajdons\u00fclt.jpg\",\"datePublished\":\"2019-09-16T15:29:44+00:00\",\"dateModified\":\"2019-09-16T15:29:45+00:00\",\"author\":{\"@id\":\"https:\\\/\\\/hotnewsinworld.com\\\/hu\\\/#\\\/schema\\\/person\\\/fe61448b21c0d59086e75fcc1f9d8f6b\"},\"breadcrumb\":{\"@id\":\"https:\\\/\\\/hotnewsinworld.com\\\/hu\\\/orban-viktor-levelet-irt-norbert-hofernek-az-osztrak-szabadsagpart-ujdonsult-elnokenek\\\/#breadcrumb\"},\"inLanguage\":\"hu\",\"potentialAction\":[{\"@type\":\"ReadAction\",\"target\":[\"https:\\\/\\\/hotnewsinworld.com\\\/hu\\\/orban-viktor-levelet-irt-norbert-hofernek-az-osztrak-szabadsagpart-ujdonsult-elnokenek\\\/\"]}]},{\"@type\":\"ImageObject\",\"inLanguage\":\"hu\",\"@id\":\"https:\\\/\\\/hotnewsinworld.com\\\/hu\\\/orban-viktor-levelet-irt-norbert-hofernek-az-osztrak-szabadsagpart-ujdonsult-elnokenek\\\/#primaryimage\",\"url\":\"https:\\\/\\\/hotnewsinworld.com\\\/hu\\\/wp-content\\\/uploads\\\/sites\\\/3\\\/2019\\\/09\\\/Orb\u00e1n-Viktor-levelet-\u00edrt-Norbert-Hofernek-az-Osztr\u00e1k-Szabads\u00e1gp\u00e1rt-\u00fajdons\u00fclt.jpg\",\"contentUrl\":\"https:\\\/\\\/hotnewsinworld.com\\\/hu\\\/wp-content\\\/uploads\\\/sites\\\/3\\\/2019\\\/09\\\/Orb\u00e1n-Viktor-levelet-\u00edrt-Norbert-Hofernek-az-Osztr\u00e1k-Szabads\u00e1gp\u00e1rt-\u00fajdons\u00fclt.jpg\",\"width\":768,\"height\":490,\"caption\":\"Orb\u00e1n Viktor levelet \u00edrt Norbert Hofernek, az Osztr\u00e1k Szabads\u00e1gp\u00e1rt \u00fajdons\u00fclt eln\u00f6k\u00e9nek\"},{\"@type\":\"BreadcrumbList\",\"@id\":\"https:\\\/\\\/hotnewsinworld.com\\\/hu\\\/orban-viktor-levelet-irt-norbert-hofernek-az-osztrak-szabadsagpart-ujdonsult-elnokenek\\\/#breadcrumb\",\"itemListElement\":[{\"@type\":\"ListItem\",\"position\":1,\"name\":\"\u0413\u043b\u0430\u0432\u043d\u0430\u044f \u0441\u0442\u0440\u0430\u043d\u0438\u0446\u0430\",\"item\":\"https:\\\/\\\/hotnewsinworld.com\\\/hu\\\/\"},{\"@type\":\"ListItem\",\"position\":2,\"name\":\"Orb\u00e1n Viktor levelet \u00edrt Norbert Hofernek, az Osztr\u00e1k Szabads\u00e1gp\u00e1rt \u00fajdons\u00fclt eln\u00f6k\u00e9nek\"}]},{\"@type\":\"WebSite\",\"@id\":\"https:\\\/\\\/hotnewsinworld.com\\\/hu\\\/#website\",\"url\":\"https:\\\/\\\/hotnewsinworld.com\\\/hu\\\/\",\"name\":\"Hot News in World\",\"description\":\"Hot News in World from Hungary\",\"potentialAction\":[{\"@type\":\"SearchAction\",\"target\":{\"@type\":\"EntryPoint\",\"urlTemplate\":\"https:\\\/\\\/hotnewsinworld.com\\\/hu\\\/?s={search_term_string}\"},\"query-input\":{\"@type\":\"PropertyValueSpecification\",\"valueRequired\":true,\"valueName\":\"search_term_string\"}}],\"inLanguage\":\"hu\"},{\"@type\":\"Person\",\"@id\":\"https:\\\/\\\/hotnewsinworld.com\\\/hu\\\/#\\\/schema\\\/person\\\/fe61448b21c0d59086e75fcc1f9d8f6b\",\"name\":\"hotnewsinworld\",\"image\":{\"@type\":\"ImageObject\",\"inLanguage\":\"hu\",\"@id\":\"https:\\\/\\\/secure.gravatar.com\\\/avatar\\\/8a09ac165600ce2e1c38fe593c63928eb1e6e7ba5c5a907d67787c41b3d00c14?s=96&d=mm&r=g\",\"url\":\"https:\\\/\\\/secure.gravatar.com\\\/avatar\\\/8a09ac165600ce2e1c38fe593c63928eb1e6e7ba5c5a907d67787c41b3d00c14?s=96&d=mm&r=g\",\"contentUrl\":\"https:\\\/\\\/secure.gravatar.com\\\/avatar\\\/8a09ac165600ce2e1c38fe593c63928eb1e6e7ba5c5a907d67787c41b3d00c14?s=96&d=mm&r=g\",\"caption\":\"hotnewsinworld\"},\"url\":\"https:\\\/\\\/hotnewsinworld.com\\\/hu\\\/author\\\/pt\\\/\"}]}<\/script>\n<!-- \/ Yoast SEO plugin. -->","yoast_head_json":{"title":"Orb\u00e1n Viktor levelet \u00edrt Norbert Hofernek, az Osztr\u00e1k Szabads\u00e1gp\u00e1rt \u00fajdons\u00fclt eln\u00f6k\u00e9nek - Hot News in World","robots":{"index":"index","follow":"follow","max-snippet":"max-snippet:-1","max-image-preview":"max-image-preview:large","max-video-preview":"max-video-preview:-1"},"canonical":"https:\/\/hotnewsinworld.com\/hu\/orban-viktor-levelet-irt-norbert-hofernek-az-osztrak-szabadsagpart-ujdonsult-elnokenek\/","og_locale":"hu_HU","og_type":"article","og_title":"Orb\u00e1n Viktor levelet \u00edrt Norbert Hofernek, az Osztr\u00e1k Szabads\u00e1gp\u00e1rt \u00fajdons\u00fclt eln\u00f6k\u00e9nek - Hot News in World","og_description":"2019.09.16. 17:25 Folytat\u00f3dhat a strat\u00e9giai egy\u00fcttm\u0171k\u00f6d\u00e9s a Fidesz \u00e9s az FP\u00d6 k\u00f6z\u00f6tt. Lev\u00e9lben gratul\u00e1lt Norbert Hofernek az Osztr\u00e1k Szabads\u00e1gp\u00e1rt (FP\u00d6) eln\u00f6k\u00e9v\u00e9 t\u00f6rt\u00e9nt nagyar\u00e1ny\u00fa megv\u00e1laszt\u00e1s\u00e1hoz Orb\u00e1n Viktor minisztereln\u00f6k, a Fidesz eln\u00f6ke \u2013 t\u00e1j\u00e9koztatta az MTI-t Havasi Bertalan, a korm\u00e1nyf\u0151 sajt\u00f3f\u0151n\u00f6ke h\u00e9tf\u0151n. Olyan id\u0151ben veszi \u00e1t hivatalosan is a p\u00e1rteln\u00f6ki staf\u00e9tabotot, amikor mind Eur\u00f3pa, mind pedig orsz\u00e1gaink [&hellip;]","og_url":"https:\/\/hotnewsinworld.com\/hu\/orban-viktor-levelet-irt-norbert-hofernek-az-osztrak-szabadsagpart-ujdonsult-elnokenek\/","og_site_name":"Hot News in World","article_published_time":"2019-09-16T15:29:44+00:00","article_modified_time":"2019-09-16T15:29:45+00:00","og_image":[{"width":768,"height":490,"url":"https:\/\/hotnewsinworld.com\/hu\/wp-content\/uploads\/sites\/3\/2019\/09\/Orb\u00e1n-Viktor-levelet-\u00edrt-Norbert-Hofernek-az-Osztr\u00e1k-Szabads\u00e1gp\u00e1rt-\u00fajdons\u00fclt.jpg","type":"image\/jpeg"}],"author":"hotnewsinworld","twitter_card":"summary_large_image","twitter_misc":{"Szerz\u0151:":"hotnewsinworld","Becs\u00fclt olvas\u00e1si id\u0151":"2 perc"},"schema":{"@context":"https:\/\/schema.org","@graph":[{"@type":"Article","@id":"https:\/\/hotnewsinworld.com\/hu\/orban-viktor-levelet-irt-norbert-hofernek-az-osztrak-szabadsagpart-ujdonsult-elnokenek\/#article","isPartOf":{"@id":"https:\/\/hotnewsinworld.com\/hu\/orban-viktor-levelet-irt-norbert-hofernek-az-osztrak-szabadsagpart-ujdonsult-elnokenek\/"},"author":{"name":"hotnewsinworld","@id":"https:\/\/hotnewsinworld.com\/hu\/#\/schema\/person\/fe61448b21c0d59086e75fcc1f9d8f6b"},"headline":"Orb\u00e1n Viktor levelet \u00edrt Norbert Hofernek, az Osztr\u00e1k Szabads\u00e1gp\u00e1rt \u00fajdons\u00fclt eln\u00f6k\u00e9nek","datePublished":"2019-09-16T15:29:44+00:00","dateModified":"2019-09-16T15:29:45+00:00","mainEntityOfPage":{"@id":"https:\/\/hotnewsinworld.com\/hu\/orban-viktor-levelet-irt-norbert-hofernek-az-osztrak-szabadsagpart-ujdonsult-elnokenek\/"},"wordCount":384,"commentCount":0,"image":{"@id":"https:\/\/hotnewsinworld.com\/hu\/orban-viktor-levelet-irt-norbert-hofernek-az-osztrak-szabadsagpart-ujdonsult-elnokenek\/#primaryimage"},"thumbnailUrl":"https:\/\/hotnewsinworld.com\/hu\/wp-content\/uploads\/sites\/3\/2019\/09\/Orb\u00e1n-Viktor-levelet-\u00edrt-Norbert-Hofernek-az-Osztr\u00e1k-Szabads\u00e1gp\u00e1rt-\u00fajdons\u00fclt.jpg","articleSection":["LEG\u00daJABB P\u00c9NZ\u00dcGYI H\u00cdREK"],"inLanguage":"hu","potentialAction":[{"@type":"CommentAction","name":"Comment","target":["https:\/\/hotnewsinworld.com\/hu\/orban-viktor-levelet-irt-norbert-hofernek-az-osztrak-szabadsagpart-ujdonsult-elnokenek\/#respond"]}]},{"@type":"WebPage","@id":"https:\/\/hotnewsinworld.com\/hu\/orban-viktor-levelet-irt-norbert-hofernek-az-osztrak-szabadsagpart-ujdonsult-elnokenek\/","url":"https:\/\/hotnewsinworld.com\/hu\/orban-viktor-levelet-irt-norbert-hofernek-az-osztrak-szabadsagpart-ujdonsult-elnokenek\/","name":"Orb\u00e1n Viktor levelet \u00edrt Norbert Hofernek, az Osztr\u00e1k Szabads\u00e1gp\u00e1rt \u00fajdons\u00fclt eln\u00f6k\u00e9nek - Hot News in World","isPartOf":{"@id":"https:\/\/hotnewsinworld.com\/hu\/#website"},"primaryImageOfPage":{"@id":"https:\/\/hotnewsinworld.com\/hu\/orban-viktor-levelet-irt-norbert-hofernek-az-osztrak-szabadsagpart-ujdonsult-elnokenek\/#primaryimage"},"image":{"@id":"https:\/\/hotnewsinworld.com\/hu\/orban-viktor-levelet-irt-norbert-hofernek-az-osztrak-szabadsagpart-ujdonsult-elnokenek\/#primaryimage"},"thumbnailUrl":"https:\/\/hotnewsinworld.com\/hu\/wp-content\/uploads\/sites\/3\/2019\/09\/Orb\u00e1n-Viktor-levelet-\u00edrt-Norbert-Hofernek-az-Osztr\u00e1k-Szabads\u00e1gp\u00e1rt-\u00fajdons\u00fclt.jpg","datePublished":"2019-09-16T15:29:44+00:00","dateModified":"2019-09-16T15:29:45+00:00","author":{"@id":"https:\/\/hotnewsinworld.com\/hu\/#\/schema\/person\/fe61448b21c0d59086e75fcc1f9d8f6b"},"breadcrumb":{"@id":"https:\/\/hotnewsinworld.com\/hu\/orban-viktor-levelet-irt-norbert-hofernek-az-osztrak-szabadsagpart-ujdonsult-elnokenek\/#breadcrumb"},"inLanguage":"hu","potentialAction":[{"@type":"ReadAction","target":["https:\/\/hotnewsinworld.com\/hu\/orban-viktor-levelet-irt-norbert-hofernek-az-osztrak-szabadsagpart-ujdonsult-elnokenek\/"]}]},{"@type":"ImageObject","inLanguage":"hu","@id":"https:\/\/hotnewsinworld.com\/hu\/orban-viktor-levelet-irt-norbert-hofernek-az-osztrak-szabadsagpart-ujdonsult-elnokenek\/#primaryimage","url":"https:\/\/hotnewsinworld.com\/hu\/wp-content\/uploads\/sites\/3\/2019\/09\/Orb\u00e1n-Viktor-levelet-\u00edrt-Norbert-Hofernek-az-Osztr\u00e1k-Szabads\u00e1gp\u00e1rt-\u00fajdons\u00fclt.jpg","contentUrl":"https:\/\/hotnewsinworld.com\/hu\/wp-content\/uploads\/sites\/3\/2019\/09\/Orb\u00e1n-Viktor-levelet-\u00edrt-Norbert-Hofernek-az-Osztr\u00e1k-Szabads\u00e1gp\u00e1rt-\u00fajdons\u00fclt.jpg","width":768,"height":490,"caption":"Orb\u00e1n Viktor levelet \u00edrt Norbert Hofernek, az Osztr\u00e1k Szabads\u00e1gp\u00e1rt \u00fajdons\u00fclt eln\u00f6k\u00e9nek"},{"@type":"BreadcrumbList","@id":"https:\/\/hotnewsinworld.com\/hu\/orban-viktor-levelet-irt-norbert-hofernek-az-osztrak-szabadsagpart-ujdonsult-elnokenek\/#breadcrumb","itemListElement":[{"@type":"ListItem","position":1,"name":"\u0413\u043b\u0430\u0432\u043d\u0430\u044f \u0441\u0442\u0440\u0430\u043d\u0438\u0446\u0430","item":"https:\/\/hotnewsinworld.com\/hu\/"},{"@type":"ListItem","position":2,"name":"Orb\u00e1n Viktor levelet \u00edrt Norbert Hofernek, az Osztr\u00e1k Szabads\u00e1gp\u00e1rt \u00fajdons\u00fclt eln\u00f6k\u00e9nek"}]},{"@type":"WebSite","@id":"https:\/\/hotnewsinworld.com\/hu\/#website","url":"https:\/\/hotnewsinworld.com\/hu\/","name":"Hot News in World","description":"Hot News in World from Hungary","potentialAction":[{"@type":"SearchAction","target":{"@type":"EntryPoint","urlTemplate":"https:\/\/hotnewsinworld.com\/hu\/?s={search_term_string}"},"query-input":{"@type":"PropertyValueSpecification","valueRequired":true,"valueName":"search_term_string"}}],"inLanguage":"hu"},{"@type":"Person","@id":"https:\/\/hotnewsinworld.com\/hu\/#\/schema\/person\/fe61448b21c0d59086e75fcc1f9d8f6b","name":"hotnewsinworld","image":{"@type":"ImageObject","inLanguage":"hu","@id":"https:\/\/secure.gravatar.com\/avatar\/8a09ac165600ce2e1c38fe593c63928eb1e6e7ba5c5a907d67787c41b3d00c14?s=96&d=mm&r=g","url":"https:\/\/secure.gravatar.com\/avatar\/8a09ac165600ce2e1c38fe593c63928eb1e6e7ba5c5a907d67787c41b3d00c14?s=96&d=mm&r=g","contentUrl":"https:\/\/secure.gravatar.com\/avatar\/8a09ac165600ce2e1c38fe593c63928eb1e6e7ba5c5a907d67787c41b3d00c14?s=96&d=mm&r=g","caption":"hotnewsinworld"},"url":"https:\/\/hotnewsinworld.com\/hu\/author\/pt\/"}]}},"_links":{"self":[{"href":"https:\/\/hotnewsinworld.com\/hu\/wp-json\/wp\/v2\/posts\/2159","targetHints":{"allow":["GET"]}}],"collection":[{"href":"https:\/\/hotnewsinworld.com\/hu\/wp-json\/wp\/v2\/posts"}],"about":[{"href":"https:\/\/hotnewsinworld.com\/hu\/wp-json\/wp\/v2\/types\/post"}],"author":[{"embeddable":true,"href":"https:\/\/hotnewsinworld.com\/hu\/wp-json\/wp\/v2\/users\/2"}],"replies":[{"embeddable":true,"href":"https:\/\/hotnewsinworld.com\/hu\/wp-json\/wp\/v2\/comments?post=2159"}],"version-history":[{"count":1,"href":"https:\/\/hotnewsinworld.com\/hu\/wp-json\/wp\/v2\/posts\/2159\/revisions"}],"predecessor-version":[{"id":2161,"href":"https:\/\/hotnewsinworld.com\/hu\/wp-json\/wp\/v2\/posts\/2159\/revisions\/2161"}],"wp:featuredmedia":[{"embeddable":true,"href":"https:\/\/hotnewsinworld.com\/hu\/wp-json\/wp\/v2\/media\/2160"}],"wp:attachment":[{"href":"https:\/\/hotnewsinworld.com\/hu\/wp-json\/wp\/v2\/media?parent=2159"}],"wp:term":[{"taxonomy":"category","embeddable":true,"href":"https:\/\/hotnewsinworld.com\/hu\/wp-json\/wp\/v2\/categories?post=2159"},{"taxonomy":"post_tag","embeddable":true,"href":"https:\/\/hotnewsinworld.com\/hu\/wp-json\/wp\/v2\/tags?post=2159"}],"curies":[{"name":"wp","href":"https:\/\/api.w.org\/{rel}","templated":true}]}}