{"id":2165,"date":"2019-09-16T21:19:33","date_gmt":"2019-09-16T18:19:33","guid":{"rendered":"https:\/\/hotnewsinworld.com\/hu\/nem-jarult-hozza-a-szomszed-az-akadalymentesiteshez-bukta-a-lakast-a-nagybeteg-fiat-egyedul-nevelo-edesanya\/"},"modified":"2019-09-16T21:19:34","modified_gmt":"2019-09-16T18:19:34","slug":"nem-jarult-hozza-a-szomszed-az-akadalymentesiteshez-bukta-a-lakast-a-nagybeteg-fiat-egyedul-nevelo-edesanya","status":"publish","type":"post","link":"https:\/\/hotnewsinworld.com\/hu\/nem-jarult-hozza-a-szomszed-az-akadalymentesiteshez-bukta-a-lakast-a-nagybeteg-fiat-egyedul-nevelo-edesanya\/","title":{"rendered":"Nem j\u00e1rult hozz\u00e1 a szomsz\u00e9d az akad\u00e1lymentes\u00edt\u00e9shez, bukta a lak\u00e1st a nagybeteg fi\u00e1t egyed\u00fcl nevel\u0151 \u00e9desanya"},"content":{"rendered":"<p>            Hihetetlen, hogy ilyesmi megt\u00f6rt\u00e9nhet.<\/p>\n<p>Az RTL Klub h\u00edrad\u00f3ja sz\u00e1molt be arr\u00f3l, hogy\u00a0nagy bajba ker\u00fclt egy debreceni n\u0151, aki nagybeteg fi\u00e1t k\u00e9nytelen egyed\u00fcl nevelni 45 ezer forintos lakb\u00e9r \u00e9s rengeteg k\u00f6lts\u00e9ges gy\u00f3gyszer mellett.<br \/>\nHajdu Ferencn\u00e9 b\u00e1r t\u00f6bbsz\u00f6r k\u00e9rte,<br \/>\n&#13;<br \/>\nnem kapott szoci\u00e1lis b\u00e9rlak\u00e1st, \u00edgy a lakb\u00e9r \u00e9s a gy\u00f3gyszerek kifizet\u00e9se ut\u00e1n alig marad valamij\u00fck a meg\u00e9lhet\u00e9sre.&#13;<\/p>\n<p>A debreceni \u00f6nkorm\u00e1nyzat k\u00f6zlem\u00e9ny\u00e9ben azt \u00edrja,\u00a0a h\u00f6lgyet 2017 \u00f3ta minden lehets\u00e9ges m\u00f3don t\u00e1mogatja a debreceni \u00f6nkorm\u00e1nyzat. Lak\u00e1sfenntart\u00e1si t\u00e1mogat\u00e1st kap, gyermeke gy\u00f3gyszert\u00e1mogat\u00e1s vesz ig\u00e9nybe, valamint rendszeresen r\u00e9szes\u00fcl \u00e9teladom\u00e1nyban is.\u00a0<br \/>\nHajdu Ferencn\u00e9 jelenleg az\u00e9rt nem szoci\u00e1lis b\u00e9rlak\u00e1sban \u00e9l, mert nem ilyenre p\u00e1ly\u00e1zott. 2017 augusztus\u00e1ban piaci alap\u00fa b\u00e9rlak\u00e1sra ny\u00fajtott be p\u00e1ly\u00e1zatot \u00e9s a maxim\u00e1lis, 56.160 forintos b\u00e9rleti d\u00edjat v\u00e1llalta egy Arany J\u00e1nos utcai ingatlanban \u2013 id\u00e9zi a k\u00f6zlem\u00e9nyt a Debreceni Nap, amely egy eg\u00e9szen elk\u00e9peszt\u0151 r\u00e9szletre is r\u00e1mutat:<br \/>\n&#13;<br \/>\nK\u00e9s\u0151bb kider\u00fclt, hogy ott a sz\u00fcks\u00e9ges akad\u00e1lymentes\u00edt\u00e9shez az egyik szomsz\u00e9d nem j\u00e1rul hozz\u00e1, ez\u00e9rt m\u00e9lt\u00e1nyoss\u00e1gb\u00f3l \u00e9s egyedi k\u00e9relemre egy \u00fajabb, a riportban megismert b\u00e9rlak\u00e1st bocs\u00e1tott\u00e1k rendelkez\u00e9s\u00e9re, amelynek alapter\u00fclete ugyanakkora, alb\u00e9rleti d\u00edja azonban 10 ezer forinttal olcs\u00f3bb.&#13;<\/p>\n<p>Az \u00f6nkorm\u00e1nyzat azt \u00edg\u00e9ri, minden seg\u00edts\u00e9get megadnak a bajba jutott csal\u00e1dnak.<\/p>\n<p>\n<!--noindex--><br \/>\n<a href=\"https:\/\/hirek.oldal.info\/rssclick\/14402112\" rel=\"nofollow\">Source link <\/a><br \/>\n<!--\/noindex--><\/p>\n","protected":false},"excerpt":{"rendered":"<p>Hihetetlen, hogy ilyesmi megt\u00f6rt\u00e9nhet. Az RTL Klub h\u00edrad\u00f3ja sz\u00e1molt be arr\u00f3l, hogy\u00a0nagy bajba ker\u00fclt egy debreceni n\u0151, aki nagybeteg fi\u00e1t k\u00e9nytelen egyed\u00fcl nevelni 45 ezer forintos lakb\u00e9r \u00e9s rengeteg k\u00f6lts\u00e9ges gy\u00f3gyszer mellett. Hajdu Ferencn\u00e9 b\u00e1r t\u00f6bbsz\u00f6r k\u00e9rte, &#13; nem kapott szoci\u00e1lis b\u00e9rlak\u00e1st, \u00edgy a lakb\u00e9r \u00e9s a gy\u00f3gyszerek kifizet\u00e9se ut\u00e1n alig marad valamij\u00fck a meg\u00e9lhet\u00e9sre.&#13; [&hellip;]<\/p>\n","protected":false},"author":2,"featured_media":2166,"comment_status":"open","ping_status":"open","sticky":false,"template":"","format":"standard","meta":{"footnotes":""},"categories":[1],"tags":[],"class_list":["post-2165","post","type-post","status-publish","format-standard","has-post-thumbnail","hentry","category-legujabb-penzugyi-hirek"],"yoast_head":"<!-- This site is optimized with the Yoast SEO plugin v27.4 - https:\/\/yoast.com\/product\/yoast-seo-wordpress\/ -->\n<title>Nem j\u00e1rult hozz\u00e1 a szomsz\u00e9d az akad\u00e1lymentes\u00edt\u00e9shez, bukta a lak\u00e1st a nagybeteg fi\u00e1t egyed\u00fcl nevel\u0151 \u00e9desanya - Hot News in World<\/title>\n<meta name=\"robots\" content=\"index, follow, max-snippet:-1, max-image-preview:large, max-video-preview:-1\" \/>\n<link rel=\"canonical\" href=\"https:\/\/hotnewsinworld.com\/hu\/nem-jarult-hozza-a-szomszed-az-akadalymentesiteshez-bukta-a-lakast-a-nagybeteg-fiat-egyedul-nevelo-edesanya\/\" \/>\n<meta property=\"og:locale\" content=\"hu_HU\" \/>\n<meta property=\"og:type\" content=\"article\" \/>\n<meta property=\"og:title\" content=\"Nem j\u00e1rult hozz\u00e1 a szomsz\u00e9d az akad\u00e1lymentes\u00edt\u00e9shez, bukta a lak\u00e1st a nagybeteg fi\u00e1t egyed\u00fcl nevel\u0151 \u00e9desanya - Hot News in World\" \/>\n<meta property=\"og:description\" content=\"Hihetetlen, hogy ilyesmi megt\u00f6rt\u00e9nhet. Az RTL Klub h\u00edrad\u00f3ja sz\u00e1molt be arr\u00f3l, hogy\u00a0nagy bajba ker\u00fclt egy debreceni n\u0151, aki nagybeteg fi\u00e1t k\u00e9nytelen egyed\u00fcl nevelni 45 ezer forintos lakb\u00e9r \u00e9s rengeteg k\u00f6lts\u00e9ges gy\u00f3gyszer mellett. Hajdu Ferencn\u00e9 b\u00e1r t\u00f6bbsz\u00f6r k\u00e9rte, &#013; nem kapott szoci\u00e1lis b\u00e9rlak\u00e1st, \u00edgy a lakb\u00e9r \u00e9s a gy\u00f3gyszerek kifizet\u00e9se ut\u00e1n alig marad valamij\u00fck a meg\u00e9lhet\u00e9sre.&#013; [&hellip;]\" \/>\n<meta property=\"og:url\" content=\"https:\/\/hotnewsinworld.com\/hu\/nem-jarult-hozza-a-szomszed-az-akadalymentesiteshez-bukta-a-lakast-a-nagybeteg-fiat-egyedul-nevelo-edesanya\/\" \/>\n<meta property=\"og:site_name\" content=\"Hot News in World\" \/>\n<meta property=\"article:published_time\" content=\"2019-09-16T18:19:33+00:00\" \/>\n<meta property=\"article:modified_time\" content=\"2019-09-16T18:19:34+00:00\" \/>\n<meta property=\"og:image\" content=\"https:\/\/hotnewsinworld.com\/hu\/wp-content\/uploads\/sites\/3\/2019\/09\/Nem-j\u00e1rult-hozz\u00e1-a-szomsz\u00e9d-az-akad\u00e1lymentes\u00edt\u00e9shez-bukta-a-lak\u00e1st.jpg\" \/>\n\t<meta property=\"og:image:width\" content=\"800\" \/>\n\t<meta property=\"og:image:height\" content=\"491\" \/>\n\t<meta property=\"og:image:type\" content=\"image\/jpeg\" \/>\n<meta name=\"author\" content=\"hotnewsinworld\" \/>\n<meta name=\"twitter:card\" content=\"summary_large_image\" \/>\n<meta name=\"twitter:label1\" content=\"Szerz\u0151:\" \/>\n\t<meta name=\"twitter:data1\" content=\"hotnewsinworld\" \/>\n\t<meta name=\"twitter:label2\" content=\"Becs\u00fclt olvas\u00e1si id\u0151\" \/>\n\t<meta name=\"twitter:data2\" content=\"1 perc\" \/>\n<script type=\"application\/ld+json\" class=\"yoast-schema-graph\">{\"@context\":\"https:\\\/\\\/schema.org\",\"@graph\":[{\"@type\":\"Article\",\"@id\":\"https:\\\/\\\/hotnewsinworld.com\\\/hu\\\/nem-jarult-hozza-a-szomszed-az-akadalymentesiteshez-bukta-a-lakast-a-nagybeteg-fiat-egyedul-nevelo-edesanya\\\/#article\",\"isPartOf\":{\"@id\":\"https:\\\/\\\/hotnewsinworld.com\\\/hu\\\/nem-jarult-hozza-a-szomszed-az-akadalymentesiteshez-bukta-a-lakast-a-nagybeteg-fiat-egyedul-nevelo-edesanya\\\/\"},\"author\":{\"name\":\"hotnewsinworld\",\"@id\":\"https:\\\/\\\/hotnewsinworld.com\\\/hu\\\/#\\\/schema\\\/person\\\/fe61448b21c0d59086e75fcc1f9d8f6b\"},\"headline\":\"Nem j\u00e1rult hozz\u00e1 a szomsz\u00e9d az akad\u00e1lymentes\u00edt\u00e9shez, bukta a lak\u00e1st a nagybeteg fi\u00e1t egyed\u00fcl nevel\u0151 \u00e9desanya\",\"datePublished\":\"2019-09-16T18:19:33+00:00\",\"dateModified\":\"2019-09-16T18:19:34+00:00\",\"mainEntityOfPage\":{\"@id\":\"https:\\\/\\\/hotnewsinworld.com\\\/hu\\\/nem-jarult-hozza-a-szomszed-az-akadalymentesiteshez-bukta-a-lakast-a-nagybeteg-fiat-egyedul-nevelo-edesanya\\\/\"},\"wordCount\":301,\"commentCount\":0,\"image\":{\"@id\":\"https:\\\/\\\/hotnewsinworld.com\\\/hu\\\/nem-jarult-hozza-a-szomszed-az-akadalymentesiteshez-bukta-a-lakast-a-nagybeteg-fiat-egyedul-nevelo-edesanya\\\/#primaryimage\"},\"thumbnailUrl\":\"https:\\\/\\\/hotnewsinworld.com\\\/hu\\\/wp-content\\\/uploads\\\/sites\\\/3\\\/2019\\\/09\\\/Nem-j\u00e1rult-hozz\u00e1-a-szomsz\u00e9d-az-akad\u00e1lymentes\u00edt\u00e9shez-bukta-a-lak\u00e1st.jpg\",\"articleSection\":[\"LEG\u00daJABB P\u00c9NZ\u00dcGYI H\u00cdREK\"],\"inLanguage\":\"hu\",\"potentialAction\":[{\"@type\":\"CommentAction\",\"name\":\"Comment\",\"target\":[\"https:\\\/\\\/hotnewsinworld.com\\\/hu\\\/nem-jarult-hozza-a-szomszed-az-akadalymentesiteshez-bukta-a-lakast-a-nagybeteg-fiat-egyedul-nevelo-edesanya\\\/#respond\"]}]},{\"@type\":\"WebPage\",\"@id\":\"https:\\\/\\\/hotnewsinworld.com\\\/hu\\\/nem-jarult-hozza-a-szomszed-az-akadalymentesiteshez-bukta-a-lakast-a-nagybeteg-fiat-egyedul-nevelo-edesanya\\\/\",\"url\":\"https:\\\/\\\/hotnewsinworld.com\\\/hu\\\/nem-jarult-hozza-a-szomszed-az-akadalymentesiteshez-bukta-a-lakast-a-nagybeteg-fiat-egyedul-nevelo-edesanya\\\/\",\"name\":\"Nem j\u00e1rult hozz\u00e1 a szomsz\u00e9d az akad\u00e1lymentes\u00edt\u00e9shez, bukta a lak\u00e1st a nagybeteg fi\u00e1t egyed\u00fcl nevel\u0151 \u00e9desanya - Hot News in World\",\"isPartOf\":{\"@id\":\"https:\\\/\\\/hotnewsinworld.com\\\/hu\\\/#website\"},\"primaryImageOfPage\":{\"@id\":\"https:\\\/\\\/hotnewsinworld.com\\\/hu\\\/nem-jarult-hozza-a-szomszed-az-akadalymentesiteshez-bukta-a-lakast-a-nagybeteg-fiat-egyedul-nevelo-edesanya\\\/#primaryimage\"},\"image\":{\"@id\":\"https:\\\/\\\/hotnewsinworld.com\\\/hu\\\/nem-jarult-hozza-a-szomszed-az-akadalymentesiteshez-bukta-a-lakast-a-nagybeteg-fiat-egyedul-nevelo-edesanya\\\/#primaryimage\"},\"thumbnailUrl\":\"https:\\\/\\\/hotnewsinworld.com\\\/hu\\\/wp-content\\\/uploads\\\/sites\\\/3\\\/2019\\\/09\\\/Nem-j\u00e1rult-hozz\u00e1-a-szomsz\u00e9d-az-akad\u00e1lymentes\u00edt\u00e9shez-bukta-a-lak\u00e1st.jpg\",\"datePublished\":\"2019-09-16T18:19:33+00:00\",\"dateModified\":\"2019-09-16T18:19:34+00:00\",\"author\":{\"@id\":\"https:\\\/\\\/hotnewsinworld.com\\\/hu\\\/#\\\/schema\\\/person\\\/fe61448b21c0d59086e75fcc1f9d8f6b\"},\"breadcrumb\":{\"@id\":\"https:\\\/\\\/hotnewsinworld.com\\\/hu\\\/nem-jarult-hozza-a-szomszed-az-akadalymentesiteshez-bukta-a-lakast-a-nagybeteg-fiat-egyedul-nevelo-edesanya\\\/#breadcrumb\"},\"inLanguage\":\"hu\",\"potentialAction\":[{\"@type\":\"ReadAction\",\"target\":[\"https:\\\/\\\/hotnewsinworld.com\\\/hu\\\/nem-jarult-hozza-a-szomszed-az-akadalymentesiteshez-bukta-a-lakast-a-nagybeteg-fiat-egyedul-nevelo-edesanya\\\/\"]}]},{\"@type\":\"ImageObject\",\"inLanguage\":\"hu\",\"@id\":\"https:\\\/\\\/hotnewsinworld.com\\\/hu\\\/nem-jarult-hozza-a-szomszed-az-akadalymentesiteshez-bukta-a-lakast-a-nagybeteg-fiat-egyedul-nevelo-edesanya\\\/#primaryimage\",\"url\":\"https:\\\/\\\/hotnewsinworld.com\\\/hu\\\/wp-content\\\/uploads\\\/sites\\\/3\\\/2019\\\/09\\\/Nem-j\u00e1rult-hozz\u00e1-a-szomsz\u00e9d-az-akad\u00e1lymentes\u00edt\u00e9shez-bukta-a-lak\u00e1st.jpg\",\"contentUrl\":\"https:\\\/\\\/hotnewsinworld.com\\\/hu\\\/wp-content\\\/uploads\\\/sites\\\/3\\\/2019\\\/09\\\/Nem-j\u00e1rult-hozz\u00e1-a-szomsz\u00e9d-az-akad\u00e1lymentes\u00edt\u00e9shez-bukta-a-lak\u00e1st.jpg\",\"width\":800,\"height\":491,\"caption\":\"Nem j&aacute;rult hozz&aacute; a szomsz&eacute;d az akad&aacute;lymentes&iacute;t&eacute;shez, bukta a lak&aacute;st a nagybeteg fi&aacute;t egyed&uuml;l nevel\u0151 &eacute;desanya\"},{\"@type\":\"BreadcrumbList\",\"@id\":\"https:\\\/\\\/hotnewsinworld.com\\\/hu\\\/nem-jarult-hozza-a-szomszed-az-akadalymentesiteshez-bukta-a-lakast-a-nagybeteg-fiat-egyedul-nevelo-edesanya\\\/#breadcrumb\",\"itemListElement\":[{\"@type\":\"ListItem\",\"position\":1,\"name\":\"\u0413\u043b\u0430\u0432\u043d\u0430\u044f \u0441\u0442\u0440\u0430\u043d\u0438\u0446\u0430\",\"item\":\"https:\\\/\\\/hotnewsinworld.com\\\/hu\\\/\"},{\"@type\":\"ListItem\",\"position\":2,\"name\":\"Nem j\u00e1rult hozz\u00e1 a szomsz\u00e9d az akad\u00e1lymentes\u00edt\u00e9shez, bukta a lak\u00e1st a nagybeteg fi\u00e1t egyed\u00fcl nevel\u0151 \u00e9desanya\"}]},{\"@type\":\"WebSite\",\"@id\":\"https:\\\/\\\/hotnewsinworld.com\\\/hu\\\/#website\",\"url\":\"https:\\\/\\\/hotnewsinworld.com\\\/hu\\\/\",\"name\":\"Hot News in World\",\"description\":\"Hot News in World from Hungary\",\"potentialAction\":[{\"@type\":\"SearchAction\",\"target\":{\"@type\":\"EntryPoint\",\"urlTemplate\":\"https:\\\/\\\/hotnewsinworld.com\\\/hu\\\/?s={search_term_string}\"},\"query-input\":{\"@type\":\"PropertyValueSpecification\",\"valueRequired\":true,\"valueName\":\"search_term_string\"}}],\"inLanguage\":\"hu\"},{\"@type\":\"Person\",\"@id\":\"https:\\\/\\\/hotnewsinworld.com\\\/hu\\\/#\\\/schema\\\/person\\\/fe61448b21c0d59086e75fcc1f9d8f6b\",\"name\":\"hotnewsinworld\",\"image\":{\"@type\":\"ImageObject\",\"inLanguage\":\"hu\",\"@id\":\"https:\\\/\\\/secure.gravatar.com\\\/avatar\\\/8a09ac165600ce2e1c38fe593c63928eb1e6e7ba5c5a907d67787c41b3d00c14?s=96&d=mm&r=g\",\"url\":\"https:\\\/\\\/secure.gravatar.com\\\/avatar\\\/8a09ac165600ce2e1c38fe593c63928eb1e6e7ba5c5a907d67787c41b3d00c14?s=96&d=mm&r=g\",\"contentUrl\":\"https:\\\/\\\/secure.gravatar.com\\\/avatar\\\/8a09ac165600ce2e1c38fe593c63928eb1e6e7ba5c5a907d67787c41b3d00c14?s=96&d=mm&r=g\",\"caption\":\"hotnewsinworld\"},\"url\":\"https:\\\/\\\/hotnewsinworld.com\\\/hu\\\/author\\\/pt\\\/\"}]}<\/script>\n<!-- \/ Yoast SEO plugin. -->","yoast_head_json":{"title":"Nem j\u00e1rult hozz\u00e1 a szomsz\u00e9d az akad\u00e1lymentes\u00edt\u00e9shez, bukta a lak\u00e1st a nagybeteg fi\u00e1t egyed\u00fcl nevel\u0151 \u00e9desanya - Hot News in World","robots":{"index":"index","follow":"follow","max-snippet":"max-snippet:-1","max-image-preview":"max-image-preview:large","max-video-preview":"max-video-preview:-1"},"canonical":"https:\/\/hotnewsinworld.com\/hu\/nem-jarult-hozza-a-szomszed-az-akadalymentesiteshez-bukta-a-lakast-a-nagybeteg-fiat-egyedul-nevelo-edesanya\/","og_locale":"hu_HU","og_type":"article","og_title":"Nem j\u00e1rult hozz\u00e1 a szomsz\u00e9d az akad\u00e1lymentes\u00edt\u00e9shez, bukta a lak\u00e1st a nagybeteg fi\u00e1t egyed\u00fcl nevel\u0151 \u00e9desanya - Hot News in World","og_description":"Hihetetlen, hogy ilyesmi megt\u00f6rt\u00e9nhet. Az RTL Klub h\u00edrad\u00f3ja sz\u00e1molt be arr\u00f3l, hogy\u00a0nagy bajba ker\u00fclt egy debreceni n\u0151, aki nagybeteg fi\u00e1t k\u00e9nytelen egyed\u00fcl nevelni 45 ezer forintos lakb\u00e9r \u00e9s rengeteg k\u00f6lts\u00e9ges gy\u00f3gyszer mellett. Hajdu Ferencn\u00e9 b\u00e1r t\u00f6bbsz\u00f6r k\u00e9rte, &#13; nem kapott szoci\u00e1lis b\u00e9rlak\u00e1st, \u00edgy a lakb\u00e9r \u00e9s a gy\u00f3gyszerek kifizet\u00e9se ut\u00e1n alig marad valamij\u00fck a meg\u00e9lhet\u00e9sre.&#13; [&hellip;]","og_url":"https:\/\/hotnewsinworld.com\/hu\/nem-jarult-hozza-a-szomszed-az-akadalymentesiteshez-bukta-a-lakast-a-nagybeteg-fiat-egyedul-nevelo-edesanya\/","og_site_name":"Hot News in World","article_published_time":"2019-09-16T18:19:33+00:00","article_modified_time":"2019-09-16T18:19:34+00:00","og_image":[{"width":800,"height":491,"url":"https:\/\/hotnewsinworld.com\/hu\/wp-content\/uploads\/sites\/3\/2019\/09\/Nem-j\u00e1rult-hozz\u00e1-a-szomsz\u00e9d-az-akad\u00e1lymentes\u00edt\u00e9shez-bukta-a-lak\u00e1st.jpg","type":"image\/jpeg"}],"author":"hotnewsinworld","twitter_card":"summary_large_image","twitter_misc":{"Szerz\u0151:":"hotnewsinworld","Becs\u00fclt olvas\u00e1si id\u0151":"1 perc"},"schema":{"@context":"https:\/\/schema.org","@graph":[{"@type":"Article","@id":"https:\/\/hotnewsinworld.com\/hu\/nem-jarult-hozza-a-szomszed-az-akadalymentesiteshez-bukta-a-lakast-a-nagybeteg-fiat-egyedul-nevelo-edesanya\/#article","isPartOf":{"@id":"https:\/\/hotnewsinworld.com\/hu\/nem-jarult-hozza-a-szomszed-az-akadalymentesiteshez-bukta-a-lakast-a-nagybeteg-fiat-egyedul-nevelo-edesanya\/"},"author":{"name":"hotnewsinworld","@id":"https:\/\/hotnewsinworld.com\/hu\/#\/schema\/person\/fe61448b21c0d59086e75fcc1f9d8f6b"},"headline":"Nem j\u00e1rult hozz\u00e1 a szomsz\u00e9d az akad\u00e1lymentes\u00edt\u00e9shez, bukta a lak\u00e1st a nagybeteg fi\u00e1t egyed\u00fcl nevel\u0151 \u00e9desanya","datePublished":"2019-09-16T18:19:33+00:00","dateModified":"2019-09-16T18:19:34+00:00","mainEntityOfPage":{"@id":"https:\/\/hotnewsinworld.com\/hu\/nem-jarult-hozza-a-szomszed-az-akadalymentesiteshez-bukta-a-lakast-a-nagybeteg-fiat-egyedul-nevelo-edesanya\/"},"wordCount":301,"commentCount":0,"image":{"@id":"https:\/\/hotnewsinworld.com\/hu\/nem-jarult-hozza-a-szomszed-az-akadalymentesiteshez-bukta-a-lakast-a-nagybeteg-fiat-egyedul-nevelo-edesanya\/#primaryimage"},"thumbnailUrl":"https:\/\/hotnewsinworld.com\/hu\/wp-content\/uploads\/sites\/3\/2019\/09\/Nem-j\u00e1rult-hozz\u00e1-a-szomsz\u00e9d-az-akad\u00e1lymentes\u00edt\u00e9shez-bukta-a-lak\u00e1st.jpg","articleSection":["LEG\u00daJABB P\u00c9NZ\u00dcGYI H\u00cdREK"],"inLanguage":"hu","potentialAction":[{"@type":"CommentAction","name":"Comment","target":["https:\/\/hotnewsinworld.com\/hu\/nem-jarult-hozza-a-szomszed-az-akadalymentesiteshez-bukta-a-lakast-a-nagybeteg-fiat-egyedul-nevelo-edesanya\/#respond"]}]},{"@type":"WebPage","@id":"https:\/\/hotnewsinworld.com\/hu\/nem-jarult-hozza-a-szomszed-az-akadalymentesiteshez-bukta-a-lakast-a-nagybeteg-fiat-egyedul-nevelo-edesanya\/","url":"https:\/\/hotnewsinworld.com\/hu\/nem-jarult-hozza-a-szomszed-az-akadalymentesiteshez-bukta-a-lakast-a-nagybeteg-fiat-egyedul-nevelo-edesanya\/","name":"Nem j\u00e1rult hozz\u00e1 a szomsz\u00e9d az akad\u00e1lymentes\u00edt\u00e9shez, bukta a lak\u00e1st a nagybeteg fi\u00e1t egyed\u00fcl nevel\u0151 \u00e9desanya - Hot News in World","isPartOf":{"@id":"https:\/\/hotnewsinworld.com\/hu\/#website"},"primaryImageOfPage":{"@id":"https:\/\/hotnewsinworld.com\/hu\/nem-jarult-hozza-a-szomszed-az-akadalymentesiteshez-bukta-a-lakast-a-nagybeteg-fiat-egyedul-nevelo-edesanya\/#primaryimage"},"image":{"@id":"https:\/\/hotnewsinworld.com\/hu\/nem-jarult-hozza-a-szomszed-az-akadalymentesiteshez-bukta-a-lakast-a-nagybeteg-fiat-egyedul-nevelo-edesanya\/#primaryimage"},"thumbnailUrl":"https:\/\/hotnewsinworld.com\/hu\/wp-content\/uploads\/sites\/3\/2019\/09\/Nem-j\u00e1rult-hozz\u00e1-a-szomsz\u00e9d-az-akad\u00e1lymentes\u00edt\u00e9shez-bukta-a-lak\u00e1st.jpg","datePublished":"2019-09-16T18:19:33+00:00","dateModified":"2019-09-16T18:19:34+00:00","author":{"@id":"https:\/\/hotnewsinworld.com\/hu\/#\/schema\/person\/fe61448b21c0d59086e75fcc1f9d8f6b"},"breadcrumb":{"@id":"https:\/\/hotnewsinworld.com\/hu\/nem-jarult-hozza-a-szomszed-az-akadalymentesiteshez-bukta-a-lakast-a-nagybeteg-fiat-egyedul-nevelo-edesanya\/#breadcrumb"},"inLanguage":"hu","potentialAction":[{"@type":"ReadAction","target":["https:\/\/hotnewsinworld.com\/hu\/nem-jarult-hozza-a-szomszed-az-akadalymentesiteshez-bukta-a-lakast-a-nagybeteg-fiat-egyedul-nevelo-edesanya\/"]}]},{"@type":"ImageObject","inLanguage":"hu","@id":"https:\/\/hotnewsinworld.com\/hu\/nem-jarult-hozza-a-szomszed-az-akadalymentesiteshez-bukta-a-lakast-a-nagybeteg-fiat-egyedul-nevelo-edesanya\/#primaryimage","url":"https:\/\/hotnewsinworld.com\/hu\/wp-content\/uploads\/sites\/3\/2019\/09\/Nem-j\u00e1rult-hozz\u00e1-a-szomsz\u00e9d-az-akad\u00e1lymentes\u00edt\u00e9shez-bukta-a-lak\u00e1st.jpg","contentUrl":"https:\/\/hotnewsinworld.com\/hu\/wp-content\/uploads\/sites\/3\/2019\/09\/Nem-j\u00e1rult-hozz\u00e1-a-szomsz\u00e9d-az-akad\u00e1lymentes\u00edt\u00e9shez-bukta-a-lak\u00e1st.jpg","width":800,"height":491,"caption":"Nem j&aacute;rult hozz&aacute; a szomsz&eacute;d az akad&aacute;lymentes&iacute;t&eacute;shez, bukta a lak&aacute;st a nagybeteg fi&aacute;t egyed&uuml;l nevel\u0151 &eacute;desanya"},{"@type":"BreadcrumbList","@id":"https:\/\/hotnewsinworld.com\/hu\/nem-jarult-hozza-a-szomszed-az-akadalymentesiteshez-bukta-a-lakast-a-nagybeteg-fiat-egyedul-nevelo-edesanya\/#breadcrumb","itemListElement":[{"@type":"ListItem","position":1,"name":"\u0413\u043b\u0430\u0432\u043d\u0430\u044f \u0441\u0442\u0440\u0430\u043d\u0438\u0446\u0430","item":"https:\/\/hotnewsinworld.com\/hu\/"},{"@type":"ListItem","position":2,"name":"Nem j\u00e1rult hozz\u00e1 a szomsz\u00e9d az akad\u00e1lymentes\u00edt\u00e9shez, bukta a lak\u00e1st a nagybeteg fi\u00e1t egyed\u00fcl nevel\u0151 \u00e9desanya"}]},{"@type":"WebSite","@id":"https:\/\/hotnewsinworld.com\/hu\/#website","url":"https:\/\/hotnewsinworld.com\/hu\/","name":"Hot News in World","description":"Hot News in World from Hungary","potentialAction":[{"@type":"SearchAction","target":{"@type":"EntryPoint","urlTemplate":"https:\/\/hotnewsinworld.com\/hu\/?s={search_term_string}"},"query-input":{"@type":"PropertyValueSpecification","valueRequired":true,"valueName":"search_term_string"}}],"inLanguage":"hu"},{"@type":"Person","@id":"https:\/\/hotnewsinworld.com\/hu\/#\/schema\/person\/fe61448b21c0d59086e75fcc1f9d8f6b","name":"hotnewsinworld","image":{"@type":"ImageObject","inLanguage":"hu","@id":"https:\/\/secure.gravatar.com\/avatar\/8a09ac165600ce2e1c38fe593c63928eb1e6e7ba5c5a907d67787c41b3d00c14?s=96&d=mm&r=g","url":"https:\/\/secure.gravatar.com\/avatar\/8a09ac165600ce2e1c38fe593c63928eb1e6e7ba5c5a907d67787c41b3d00c14?s=96&d=mm&r=g","contentUrl":"https:\/\/secure.gravatar.com\/avatar\/8a09ac165600ce2e1c38fe593c63928eb1e6e7ba5c5a907d67787c41b3d00c14?s=96&d=mm&r=g","caption":"hotnewsinworld"},"url":"https:\/\/hotnewsinworld.com\/hu\/author\/pt\/"}]}},"_links":{"self":[{"href":"https:\/\/hotnewsinworld.com\/hu\/wp-json\/wp\/v2\/posts\/2165","targetHints":{"allow":["GET"]}}],"collection":[{"href":"https:\/\/hotnewsinworld.com\/hu\/wp-json\/wp\/v2\/posts"}],"about":[{"href":"https:\/\/hotnewsinworld.com\/hu\/wp-json\/wp\/v2\/types\/post"}],"author":[{"embeddable":true,"href":"https:\/\/hotnewsinworld.com\/hu\/wp-json\/wp\/v2\/users\/2"}],"replies":[{"embeddable":true,"href":"https:\/\/hotnewsinworld.com\/hu\/wp-json\/wp\/v2\/comments?post=2165"}],"version-history":[{"count":1,"href":"https:\/\/hotnewsinworld.com\/hu\/wp-json\/wp\/v2\/posts\/2165\/revisions"}],"predecessor-version":[{"id":2167,"href":"https:\/\/hotnewsinworld.com\/hu\/wp-json\/wp\/v2\/posts\/2165\/revisions\/2167"}],"wp:featuredmedia":[{"embeddable":true,"href":"https:\/\/hotnewsinworld.com\/hu\/wp-json\/wp\/v2\/media\/2166"}],"wp:attachment":[{"href":"https:\/\/hotnewsinworld.com\/hu\/wp-json\/wp\/v2\/media?parent=2165"}],"wp:term":[{"taxonomy":"category","embeddable":true,"href":"https:\/\/hotnewsinworld.com\/hu\/wp-json\/wp\/v2\/categories?post=2165"},{"taxonomy":"post_tag","embeddable":true,"href":"https:\/\/hotnewsinworld.com\/hu\/wp-json\/wp\/v2\/tags?post=2165"}],"curies":[{"name":"wp","href":"https:\/\/api.w.org\/{rel}","templated":true}]}}