{"id":2168,"date":"2019-09-16T22:41:17","date_gmt":"2019-09-16T19:41:17","guid":{"rendered":"https:\/\/hotnewsinworld.com\/hu\/magyar-levente-a-mostani-evek-magyarorszag-evei\/"},"modified":"2019-09-16T22:41:18","modified_gmt":"2019-09-16T19:41:18","slug":"magyar-levente-a-mostani-evek-magyarorszag-evei","status":"publish","type":"post","link":"https:\/\/hotnewsinworld.com\/hu\/magyar-levente-a-mostani-evek-magyarorszag-evei\/","title":{"rendered":"Magyar Levente: A mostani \u00e9vek Magyarorsz\u00e1g \u00e9vei"},"content":{"rendered":"<p>\t\t\t\t\tA cikk emailben t\u00f6rt\u00e9n\u0151 elk\u00fcld\u00e9s\u00e9hez kattintson ide, vagy m\u00e1solja le \u00e9s k\u00fcldje el ezt a linket: https:\/\/magyarnemzet.hu\/belfold\/magyar-levente-a-mostani-evek-magyarorszag-evei-7311254\/<\/p>\n<p>\t\t\t\t\t2019. szeptember 16. h\u00e9tf\u0151 21:31<\/p>\n<p>\t\t\t\t\tMagyarorsz\u00e1g teljesen m\u00e1s helyzetben van, mint 2010 el\u0151tt, az elm\u00falt kilenc \u00e9vben emelkedett az \u00e9letsz\u00ednvonal, er\u0151ss\u00e9 \u00e9s stabill\u00e1 v\u00e1lt a gazdas\u00e1g, Eur\u00f3p\u00e1ban is tekint\u00e9lyes nemzett\u00e9 emelkedett fel a magyar \u2013 jelentette ki a K\u00fclgazdas\u00e1gi \u00e9s K\u00fcl\u00fcgyminiszt\u00e9rium parlamenti \u00e1llamtitk\u00e1ra h\u00e9tf\u0151n a Szabolcs-Szatm\u00e1r-Bereg megyei Feh\u00e9rgyarmaton.<br \/>\nMagyar Levente egy lakoss\u00e1gi f\u00f3rumon hangs\u00falyozta: K\u00f6z\u00e9p-Eur\u00f3pa, de igaz\u00e1n Magyarorsz\u00e1g \u00e9vei a mostaniak, rem\u00e9lhet\u0151leg a korm\u00e1ny \u2013 az orsz\u00e1g lakoss\u00e1g\u00e1nak seg\u00edts\u00e9g\u00e9vel \u2013 fenn tudja majd tartani ezt a fejl\u0151d\u00e9st. Ennek a sikert\u00f6rt\u00e9netnek pedig Kelet-Magyarorsz\u00e1g is r\u00e9szes\u00e9v\u00e9 v\u00e1lt \u2013 emelte ki.<br \/>\nAz \u00e1llamtitk\u00e1r a szatm\u00e1ri kisv\u00e1ros m\u0171vel\u0151d\u00e9si h\u00e1z\u00e1ban tartott rendezv\u00e9nyen arr\u00f3l besz\u00e9lt, meg kell tal\u00e1lni a m\u00f3dj\u00e1t annak, hogyan lehet ezt az orsz\u00e1gr\u00e9szt akt\u00edvabban bekapcsolni a fejl\u0151d\u00e9sbe \u00e9s hogyan lehet a kabinetnek felgyors\u00edtania a felz\u00e1rk\u00f3z\u00e1s \u00fctem\u00e9t.<br \/>\nEhhez kellenek a folyamatos \u201eingerek\u201d \u00e9s agilis, a helyi \u00e9rdekeket k\u00e9pvisel\u0151 emberek, akik a korm\u00e1ny ir\u00e1ny\u00e1ba tov\u00e1bb\u00edtj\u00e1k az emberek ig\u00e9nyeit \u2013 tette hozz\u00e1.<br \/>\nMagyar Levente az orsz\u00e1g helyzet\u00e9r\u0151l sz\u00f3lva azt mondta, Magyarorsz\u00e1g politikailag \u00e9s gazdas\u00e1gilag is \u00e9rezhet\u0151en stabilabb, mint t\u00edz \u00e9vvel ezel\u0151tt, ez teszi lehet\u0151v\u00e9 azt, hogy ki\u00e1lljon olyan dolgok mellett, amelyek kor\u00e1bban elk\u00e9pzelhetetlenek volt.<br \/>\nMagyarorsz\u00e1gnak m\u00e1ra olyan tekint\u00e9lye \u00e9s tisztelete lett Eur\u00f3p\u00e1ban \u00e9s a vil\u00e1gban, amilyen sz\u00e1z \u00e9ve nem volt \u2013 hangoztatta az \u00e1llamtitk\u00e1r. Megjegyezve: elismerik az orsz\u00e1g v\u00edzi\u00f3j\u00e1t \u00e9s vezet\u0151j\u00e9t \u00e9s azt, hogy az orsz\u00e1g sokkal fontosabb szerepet j\u00e1tszik Eur\u00f3p\u00e1ban, mint ami p\u00e9ld\u00e1ul a m\u00e9ret\u00e9b\u0151l, lakoss\u00e1gsz\u00e1m\u00e1b\u00f3l vagy gazdas\u00e1gi erej\u00e9b\u0151l ad\u00f3dna.<br \/>\nSzuver\u00e9nn\u00e9 v\u00e1lt az orsz\u00e1g, azaz m\u00e1r a saj\u00e1t \u00fatj\u00e1t j\u00e1rja, ebbe senkinek nem enged\u00fcnk belesz\u00f3l\u00e1st \u2013 hangs\u00falyozta a korm\u00e1nyp\u00e1rti politikus. Magyar Levente besz\u00e9d\u00e9ben sikerk\u00e9nt eml\u00edtette az \u00e1llamad\u00f3ss\u00e1g cs\u00f6kkent\u00e9s\u00e9vel p\u00e1rhuzamosan elind\u00edtott nagyar\u00e1ny\u00fa munkahelyteremt\u00e9st, a sz\u00e1mos beruh\u00e1z\u00e1st, a csal\u00e1dok t\u00e1mogat\u00e1s\u00e1t \u00e9s a nemzetpolitika kiterjeszt\u00e9s\u00e9t is.<br \/>\nEzt nem adt\u00e1k ingyen, ezek\u00e9rt a sikerek\u00e9rt minden magyar megdolgozott \u2013 fogalmazott az \u00e1llamtitk\u00e1r. Hozz\u00e1tette, a korm\u00e1ny elsz\u00e1nt abban, hogy f\u00fcggetlen\u00edtse az orsz\u00e1got a glob\u00e1lis folyamatokt\u00f3l \u00e9s folytassa az elkezdett munk\u00e1t.<br \/>\nMagyar Levente lesz\u00f6gezte, minden nem jelenti azt, hogy \u201eott tartunk, ahol szeretn\u00e9nk\u201d, de az ir\u00e1ny j\u00f3, ezt pedig az elm\u00falt \u00e9vekben megv\u00edvott nagy belf\u00f6ldi \u00e9s k\u00fclf\u00f6ldi \u201ecsat\u00e1k\u201d \u00e1r\u00e1n is tartani szeretn\u00e9 a kabinet.Fontosnak nevezte, hogy olyan vezet\u0151k legyenek a telep\u00fcl\u00e9sek \u00e9l\u00e9n, akik j\u00f3 kapcsolatban vannak \u00e9s egy\u00fcttm\u0171k\u00f6dnek a korm\u00e1nnyal.<br \/>\nSzeretn\u00e9nk a vid\u00e9k szerep\u00e9t \u00e9s erej\u00e9t hangs\u00falyozni, mint tal\u00e1n a legfontosabb nemzet\u00e9p\u00edt\u0151 er\u0151t, ez\u00e9rt olyan k\u00e9pvisel\u0151ket \u00e9s polg\u00e1rmestert kell v\u00e1lasztani okt\u00f3berben, akik sikeresen tudj\u00e1k k\u00e9pviselni a helyi \u00e9rdekeket Budapesten is \u2013 fogalmazott Magyar Levente.<br \/>\nAz \u00e1llamtitk\u00e1r hozz\u00e1f\u0171zte, \u201evan p\u00e9nz a kassz\u00e1ban\u201d \u00e9s van politikai akarat arra, hogy \u00e9rtelmes projekteket felkaroljon \u00e9s t\u00e1mogasson a korm\u00e1ny.<br \/>\nTilki Attila, a Fidesz megyei eln\u00f6ke, a t\u00e9rs\u00e9g orsz\u00e1ggy\u0171l\u00e9si k\u00e9pvisel\u0151je azt mondta: az elm\u00falt \u00f6t \u00e9vben t\u00f6bb mint hatmilli\u00e1rd forint \u00e9rt\u00e9k\u0171 fejleszt\u00e9s val\u00f3sult meg Feh\u00e9rgyarmaton, \u00e9s ebben nincsenek is benne a konkr\u00e9t korm\u00e1nyzati \u00e9s az egyh\u00e1zi beruh\u00e1z\u00e1sok, amelyek \u00e9rt\u00e9ke szint\u00e9n t\u00f6bb milli\u00e1rd forintot tesz ki.<\/p>\n<p>\n<!--noindex--><br \/>\n<a href=\"https:\/\/hirek.oldal.info\/rssclick\/14402226\" rel=\"nofollow\">Source link <\/a><br \/>\n<!--\/noindex--><\/p>\n","protected":false},"excerpt":{"rendered":"<p>A cikk emailben t\u00f6rt\u00e9n\u0151 elk\u00fcld\u00e9s\u00e9hez kattintson ide, vagy m\u00e1solja le \u00e9s k\u00fcldje el ezt a linket: https:\/\/magyarnemzet.hu\/belfold\/magyar-levente-a-mostani-evek-magyarorszag-evei-7311254\/ 2019. szeptember 16. h\u00e9tf\u0151 21:31 Magyarorsz\u00e1g teljesen m\u00e1s helyzetben van, mint 2010 el\u0151tt, az elm\u00falt kilenc \u00e9vben emelkedett az \u00e9letsz\u00ednvonal, er\u0151ss\u00e9 \u00e9s stabill\u00e1 v\u00e1lt a gazdas\u00e1g, Eur\u00f3p\u00e1ban is tekint\u00e9lyes nemzett\u00e9 emelkedett fel a magyar \u2013 jelentette ki a [&hellip;]<\/p>\n","protected":false},"author":2,"featured_media":199,"comment_status":"open","ping_status":"open","sticky":false,"template":"","format":"standard","meta":{"footnotes":""},"categories":[1],"tags":[],"class_list":["post-2168","post","type-post","status-publish","format-standard","has-post-thumbnail","hentry","category-legujabb-penzugyi-hirek"],"yoast_head":"<!-- This site is optimized with the Yoast SEO plugin v27.4 - https:\/\/yoast.com\/product\/yoast-seo-wordpress\/ -->\n<title>Magyar Levente: A mostani \u00e9vek Magyarorsz\u00e1g \u00e9vei - Hot News in World<\/title>\n<meta name=\"robots\" content=\"index, follow, max-snippet:-1, max-image-preview:large, max-video-preview:-1\" \/>\n<link rel=\"canonical\" href=\"https:\/\/hotnewsinworld.com\/hu\/magyar-levente-a-mostani-evek-magyarorszag-evei\/\" \/>\n<meta property=\"og:locale\" content=\"hu_HU\" \/>\n<meta property=\"og:type\" content=\"article\" \/>\n<meta property=\"og:title\" content=\"Magyar Levente: A mostani \u00e9vek Magyarorsz\u00e1g \u00e9vei - Hot News in World\" \/>\n<meta property=\"og:description\" content=\"A cikk emailben t\u00f6rt\u00e9n\u0151 elk\u00fcld\u00e9s\u00e9hez kattintson ide, vagy m\u00e1solja le \u00e9s k\u00fcldje el ezt a linket: https:\/\/magyarnemzet.hu\/belfold\/magyar-levente-a-mostani-evek-magyarorszag-evei-7311254\/ 2019. szeptember 16. h\u00e9tf\u0151 21:31 Magyarorsz\u00e1g teljesen m\u00e1s helyzetben van, mint 2010 el\u0151tt, az elm\u00falt kilenc \u00e9vben emelkedett az \u00e9letsz\u00ednvonal, er\u0151ss\u00e9 \u00e9s stabill\u00e1 v\u00e1lt a gazdas\u00e1g, Eur\u00f3p\u00e1ban is tekint\u00e9lyes nemzett\u00e9 emelkedett fel a magyar \u2013 jelentette ki a [&hellip;]\" \/>\n<meta property=\"og:url\" content=\"https:\/\/hotnewsinworld.com\/hu\/magyar-levente-a-mostani-evek-magyarorszag-evei\/\" \/>\n<meta property=\"og:site_name\" content=\"Hot News in World\" \/>\n<meta property=\"article:published_time\" content=\"2019-09-16T19:41:17+00:00\" \/>\n<meta property=\"article:modified_time\" content=\"2019-09-16T19:41:18+00:00\" \/>\n<meta property=\"og:image\" content=\"https:\/\/hotnewsinworld.com\/hu\/wp-content\/uploads\/sites\/3\/2019\/06\/Hidv\u00e9ghi-Bal\u00e1zs-A-Fidesz-kezdem\u00e9nyezni-fogja-a-migr\u00e1nsk\u00e1rty\u00e1k-megsz\u00fcntet\u00e9s\u00e9t.png\" \/>\n\t<meta property=\"og:image:width\" content=\"1200\" \/>\n\t<meta property=\"og:image:height\" content=\"630\" \/>\n\t<meta property=\"og:image:type\" content=\"image\/png\" \/>\n<meta name=\"author\" content=\"hotnewsinworld\" \/>\n<meta name=\"twitter:card\" content=\"summary_large_image\" \/>\n<meta name=\"twitter:label1\" content=\"Szerz\u0151:\" \/>\n\t<meta name=\"twitter:data1\" content=\"hotnewsinworld\" \/>\n\t<meta name=\"twitter:label2\" content=\"Becs\u00fclt olvas\u00e1si id\u0151\" \/>\n\t<meta name=\"twitter:data2\" content=\"4 perc\" \/>\n<script type=\"application\/ld+json\" class=\"yoast-schema-graph\">{\"@context\":\"https:\\\/\\\/schema.org\",\"@graph\":[{\"@type\":\"Article\",\"@id\":\"https:\\\/\\\/hotnewsinworld.com\\\/hu\\\/magyar-levente-a-mostani-evek-magyarorszag-evei\\\/#article\",\"isPartOf\":{\"@id\":\"https:\\\/\\\/hotnewsinworld.com\\\/hu\\\/magyar-levente-a-mostani-evek-magyarorszag-evei\\\/\"},\"author\":{\"name\":\"hotnewsinworld\",\"@id\":\"https:\\\/\\\/hotnewsinworld.com\\\/hu\\\/#\\\/schema\\\/person\\\/fe61448b21c0d59086e75fcc1f9d8f6b\"},\"headline\":\"Magyar Levente: A mostani \u00e9vek Magyarorsz\u00e1g \u00e9vei\",\"datePublished\":\"2019-09-16T19:41:17+00:00\",\"dateModified\":\"2019-09-16T19:41:18+00:00\",\"mainEntityOfPage\":{\"@id\":\"https:\\\/\\\/hotnewsinworld.com\\\/hu\\\/magyar-levente-a-mostani-evek-magyarorszag-evei\\\/\"},\"wordCount\":710,\"commentCount\":0,\"image\":{\"@id\":\"https:\\\/\\\/hotnewsinworld.com\\\/hu\\\/magyar-levente-a-mostani-evek-magyarorszag-evei\\\/#primaryimage\"},\"thumbnailUrl\":\"https:\\\/\\\/hotnewsinworld.com\\\/hu\\\/wp-content\\\/uploads\\\/sites\\\/3\\\/2019\\\/06\\\/Hidv\u00e9ghi-Bal\u00e1zs-A-Fidesz-kezdem\u00e9nyezni-fogja-a-migr\u00e1nsk\u00e1rty\u00e1k-megsz\u00fcntet\u00e9s\u00e9t.png\",\"articleSection\":[\"LEG\u00daJABB P\u00c9NZ\u00dcGYI H\u00cdREK\"],\"inLanguage\":\"hu\",\"potentialAction\":[{\"@type\":\"CommentAction\",\"name\":\"Comment\",\"target\":[\"https:\\\/\\\/hotnewsinworld.com\\\/hu\\\/magyar-levente-a-mostani-evek-magyarorszag-evei\\\/#respond\"]}]},{\"@type\":\"WebPage\",\"@id\":\"https:\\\/\\\/hotnewsinworld.com\\\/hu\\\/magyar-levente-a-mostani-evek-magyarorszag-evei\\\/\",\"url\":\"https:\\\/\\\/hotnewsinworld.com\\\/hu\\\/magyar-levente-a-mostani-evek-magyarorszag-evei\\\/\",\"name\":\"Magyar Levente: A mostani \u00e9vek Magyarorsz\u00e1g \u00e9vei - Hot News in World\",\"isPartOf\":{\"@id\":\"https:\\\/\\\/hotnewsinworld.com\\\/hu\\\/#website\"},\"primaryImageOfPage\":{\"@id\":\"https:\\\/\\\/hotnewsinworld.com\\\/hu\\\/magyar-levente-a-mostani-evek-magyarorszag-evei\\\/#primaryimage\"},\"image\":{\"@id\":\"https:\\\/\\\/hotnewsinworld.com\\\/hu\\\/magyar-levente-a-mostani-evek-magyarorszag-evei\\\/#primaryimage\"},\"thumbnailUrl\":\"https:\\\/\\\/hotnewsinworld.com\\\/hu\\\/wp-content\\\/uploads\\\/sites\\\/3\\\/2019\\\/06\\\/Hidv\u00e9ghi-Bal\u00e1zs-A-Fidesz-kezdem\u00e9nyezni-fogja-a-migr\u00e1nsk\u00e1rty\u00e1k-megsz\u00fcntet\u00e9s\u00e9t.png\",\"datePublished\":\"2019-09-16T19:41:17+00:00\",\"dateModified\":\"2019-09-16T19:41:18+00:00\",\"author\":{\"@id\":\"https:\\\/\\\/hotnewsinworld.com\\\/hu\\\/#\\\/schema\\\/person\\\/fe61448b21c0d59086e75fcc1f9d8f6b\"},\"breadcrumb\":{\"@id\":\"https:\\\/\\\/hotnewsinworld.com\\\/hu\\\/magyar-levente-a-mostani-evek-magyarorszag-evei\\\/#breadcrumb\"},\"inLanguage\":\"hu\",\"potentialAction\":[{\"@type\":\"ReadAction\",\"target\":[\"https:\\\/\\\/hotnewsinworld.com\\\/hu\\\/magyar-levente-a-mostani-evek-magyarorszag-evei\\\/\"]}]},{\"@type\":\"ImageObject\",\"inLanguage\":\"hu\",\"@id\":\"https:\\\/\\\/hotnewsinworld.com\\\/hu\\\/magyar-levente-a-mostani-evek-magyarorszag-evei\\\/#primaryimage\",\"url\":\"https:\\\/\\\/hotnewsinworld.com\\\/hu\\\/wp-content\\\/uploads\\\/sites\\\/3\\\/2019\\\/06\\\/Hidv\u00e9ghi-Bal\u00e1zs-A-Fidesz-kezdem\u00e9nyezni-fogja-a-migr\u00e1nsk\u00e1rty\u00e1k-megsz\u00fcntet\u00e9s\u00e9t.png\",\"contentUrl\":\"https:\\\/\\\/hotnewsinworld.com\\\/hu\\\/wp-content\\\/uploads\\\/sites\\\/3\\\/2019\\\/06\\\/Hidv\u00e9ghi-Bal\u00e1zs-A-Fidesz-kezdem\u00e9nyezni-fogja-a-migr\u00e1nsk\u00e1rty\u00e1k-megsz\u00fcntet\u00e9s\u00e9t.png\",\"width\":1200,\"height\":630,\"caption\":\"Hidv\u00e9ghi Bal\u00e1zs: A Fidesz kezdem\u00e9nyezni fogja a migr\u00e1nsk\u00e1rty\u00e1k megsz\u00fcntet\u00e9s\u00e9t\"},{\"@type\":\"BreadcrumbList\",\"@id\":\"https:\\\/\\\/hotnewsinworld.com\\\/hu\\\/magyar-levente-a-mostani-evek-magyarorszag-evei\\\/#breadcrumb\",\"itemListElement\":[{\"@type\":\"ListItem\",\"position\":1,\"name\":\"\u0413\u043b\u0430\u0432\u043d\u0430\u044f \u0441\u0442\u0440\u0430\u043d\u0438\u0446\u0430\",\"item\":\"https:\\\/\\\/hotnewsinworld.com\\\/hu\\\/\"},{\"@type\":\"ListItem\",\"position\":2,\"name\":\"Magyar Levente: A mostani \u00e9vek Magyarorsz\u00e1g \u00e9vei\"}]},{\"@type\":\"WebSite\",\"@id\":\"https:\\\/\\\/hotnewsinworld.com\\\/hu\\\/#website\",\"url\":\"https:\\\/\\\/hotnewsinworld.com\\\/hu\\\/\",\"name\":\"Hot News in World\",\"description\":\"Hot News in World from Hungary\",\"potentialAction\":[{\"@type\":\"SearchAction\",\"target\":{\"@type\":\"EntryPoint\",\"urlTemplate\":\"https:\\\/\\\/hotnewsinworld.com\\\/hu\\\/?s={search_term_string}\"},\"query-input\":{\"@type\":\"PropertyValueSpecification\",\"valueRequired\":true,\"valueName\":\"search_term_string\"}}],\"inLanguage\":\"hu\"},{\"@type\":\"Person\",\"@id\":\"https:\\\/\\\/hotnewsinworld.com\\\/hu\\\/#\\\/schema\\\/person\\\/fe61448b21c0d59086e75fcc1f9d8f6b\",\"name\":\"hotnewsinworld\",\"image\":{\"@type\":\"ImageObject\",\"inLanguage\":\"hu\",\"@id\":\"https:\\\/\\\/secure.gravatar.com\\\/avatar\\\/8a09ac165600ce2e1c38fe593c63928eb1e6e7ba5c5a907d67787c41b3d00c14?s=96&d=mm&r=g\",\"url\":\"https:\\\/\\\/secure.gravatar.com\\\/avatar\\\/8a09ac165600ce2e1c38fe593c63928eb1e6e7ba5c5a907d67787c41b3d00c14?s=96&d=mm&r=g\",\"contentUrl\":\"https:\\\/\\\/secure.gravatar.com\\\/avatar\\\/8a09ac165600ce2e1c38fe593c63928eb1e6e7ba5c5a907d67787c41b3d00c14?s=96&d=mm&r=g\",\"caption\":\"hotnewsinworld\"},\"url\":\"https:\\\/\\\/hotnewsinworld.com\\\/hu\\\/author\\\/pt\\\/\"}]}<\/script>\n<!-- \/ Yoast SEO plugin. -->","yoast_head_json":{"title":"Magyar Levente: A mostani \u00e9vek Magyarorsz\u00e1g \u00e9vei - Hot News in World","robots":{"index":"index","follow":"follow","max-snippet":"max-snippet:-1","max-image-preview":"max-image-preview:large","max-video-preview":"max-video-preview:-1"},"canonical":"https:\/\/hotnewsinworld.com\/hu\/magyar-levente-a-mostani-evek-magyarorszag-evei\/","og_locale":"hu_HU","og_type":"article","og_title":"Magyar Levente: A mostani \u00e9vek Magyarorsz\u00e1g \u00e9vei - Hot News in World","og_description":"A cikk emailben t\u00f6rt\u00e9n\u0151 elk\u00fcld\u00e9s\u00e9hez kattintson ide, vagy m\u00e1solja le \u00e9s k\u00fcldje el ezt a linket: https:\/\/magyarnemzet.hu\/belfold\/magyar-levente-a-mostani-evek-magyarorszag-evei-7311254\/ 2019. szeptember 16. h\u00e9tf\u0151 21:31 Magyarorsz\u00e1g teljesen m\u00e1s helyzetben van, mint 2010 el\u0151tt, az elm\u00falt kilenc \u00e9vben emelkedett az \u00e9letsz\u00ednvonal, er\u0151ss\u00e9 \u00e9s stabill\u00e1 v\u00e1lt a gazdas\u00e1g, Eur\u00f3p\u00e1ban is tekint\u00e9lyes nemzett\u00e9 emelkedett fel a magyar \u2013 jelentette ki a [&hellip;]","og_url":"https:\/\/hotnewsinworld.com\/hu\/magyar-levente-a-mostani-evek-magyarorszag-evei\/","og_site_name":"Hot News in World","article_published_time":"2019-09-16T19:41:17+00:00","article_modified_time":"2019-09-16T19:41:18+00:00","og_image":[{"width":1200,"height":630,"url":"https:\/\/hotnewsinworld.com\/hu\/wp-content\/uploads\/sites\/3\/2019\/06\/Hidv\u00e9ghi-Bal\u00e1zs-A-Fidesz-kezdem\u00e9nyezni-fogja-a-migr\u00e1nsk\u00e1rty\u00e1k-megsz\u00fcntet\u00e9s\u00e9t.png","type":"image\/png"}],"author":"hotnewsinworld","twitter_card":"summary_large_image","twitter_misc":{"Szerz\u0151:":"hotnewsinworld","Becs\u00fclt olvas\u00e1si id\u0151":"4 perc"},"schema":{"@context":"https:\/\/schema.org","@graph":[{"@type":"Article","@id":"https:\/\/hotnewsinworld.com\/hu\/magyar-levente-a-mostani-evek-magyarorszag-evei\/#article","isPartOf":{"@id":"https:\/\/hotnewsinworld.com\/hu\/magyar-levente-a-mostani-evek-magyarorszag-evei\/"},"author":{"name":"hotnewsinworld","@id":"https:\/\/hotnewsinworld.com\/hu\/#\/schema\/person\/fe61448b21c0d59086e75fcc1f9d8f6b"},"headline":"Magyar Levente: A mostani \u00e9vek Magyarorsz\u00e1g \u00e9vei","datePublished":"2019-09-16T19:41:17+00:00","dateModified":"2019-09-16T19:41:18+00:00","mainEntityOfPage":{"@id":"https:\/\/hotnewsinworld.com\/hu\/magyar-levente-a-mostani-evek-magyarorszag-evei\/"},"wordCount":710,"commentCount":0,"image":{"@id":"https:\/\/hotnewsinworld.com\/hu\/magyar-levente-a-mostani-evek-magyarorszag-evei\/#primaryimage"},"thumbnailUrl":"https:\/\/hotnewsinworld.com\/hu\/wp-content\/uploads\/sites\/3\/2019\/06\/Hidv\u00e9ghi-Bal\u00e1zs-A-Fidesz-kezdem\u00e9nyezni-fogja-a-migr\u00e1nsk\u00e1rty\u00e1k-megsz\u00fcntet\u00e9s\u00e9t.png","articleSection":["LEG\u00daJABB P\u00c9NZ\u00dcGYI H\u00cdREK"],"inLanguage":"hu","potentialAction":[{"@type":"CommentAction","name":"Comment","target":["https:\/\/hotnewsinworld.com\/hu\/magyar-levente-a-mostani-evek-magyarorszag-evei\/#respond"]}]},{"@type":"WebPage","@id":"https:\/\/hotnewsinworld.com\/hu\/magyar-levente-a-mostani-evek-magyarorszag-evei\/","url":"https:\/\/hotnewsinworld.com\/hu\/magyar-levente-a-mostani-evek-magyarorszag-evei\/","name":"Magyar Levente: A mostani \u00e9vek Magyarorsz\u00e1g \u00e9vei - Hot News in World","isPartOf":{"@id":"https:\/\/hotnewsinworld.com\/hu\/#website"},"primaryImageOfPage":{"@id":"https:\/\/hotnewsinworld.com\/hu\/magyar-levente-a-mostani-evek-magyarorszag-evei\/#primaryimage"},"image":{"@id":"https:\/\/hotnewsinworld.com\/hu\/magyar-levente-a-mostani-evek-magyarorszag-evei\/#primaryimage"},"thumbnailUrl":"https:\/\/hotnewsinworld.com\/hu\/wp-content\/uploads\/sites\/3\/2019\/06\/Hidv\u00e9ghi-Bal\u00e1zs-A-Fidesz-kezdem\u00e9nyezni-fogja-a-migr\u00e1nsk\u00e1rty\u00e1k-megsz\u00fcntet\u00e9s\u00e9t.png","datePublished":"2019-09-16T19:41:17+00:00","dateModified":"2019-09-16T19:41:18+00:00","author":{"@id":"https:\/\/hotnewsinworld.com\/hu\/#\/schema\/person\/fe61448b21c0d59086e75fcc1f9d8f6b"},"breadcrumb":{"@id":"https:\/\/hotnewsinworld.com\/hu\/magyar-levente-a-mostani-evek-magyarorszag-evei\/#breadcrumb"},"inLanguage":"hu","potentialAction":[{"@type":"ReadAction","target":["https:\/\/hotnewsinworld.com\/hu\/magyar-levente-a-mostani-evek-magyarorszag-evei\/"]}]},{"@type":"ImageObject","inLanguage":"hu","@id":"https:\/\/hotnewsinworld.com\/hu\/magyar-levente-a-mostani-evek-magyarorszag-evei\/#primaryimage","url":"https:\/\/hotnewsinworld.com\/hu\/wp-content\/uploads\/sites\/3\/2019\/06\/Hidv\u00e9ghi-Bal\u00e1zs-A-Fidesz-kezdem\u00e9nyezni-fogja-a-migr\u00e1nsk\u00e1rty\u00e1k-megsz\u00fcntet\u00e9s\u00e9t.png","contentUrl":"https:\/\/hotnewsinworld.com\/hu\/wp-content\/uploads\/sites\/3\/2019\/06\/Hidv\u00e9ghi-Bal\u00e1zs-A-Fidesz-kezdem\u00e9nyezni-fogja-a-migr\u00e1nsk\u00e1rty\u00e1k-megsz\u00fcntet\u00e9s\u00e9t.png","width":1200,"height":630,"caption":"Hidv\u00e9ghi Bal\u00e1zs: A Fidesz kezdem\u00e9nyezni fogja a migr\u00e1nsk\u00e1rty\u00e1k megsz\u00fcntet\u00e9s\u00e9t"},{"@type":"BreadcrumbList","@id":"https:\/\/hotnewsinworld.com\/hu\/magyar-levente-a-mostani-evek-magyarorszag-evei\/#breadcrumb","itemListElement":[{"@type":"ListItem","position":1,"name":"\u0413\u043b\u0430\u0432\u043d\u0430\u044f \u0441\u0442\u0440\u0430\u043d\u0438\u0446\u0430","item":"https:\/\/hotnewsinworld.com\/hu\/"},{"@type":"ListItem","position":2,"name":"Magyar Levente: A mostani \u00e9vek Magyarorsz\u00e1g \u00e9vei"}]},{"@type":"WebSite","@id":"https:\/\/hotnewsinworld.com\/hu\/#website","url":"https:\/\/hotnewsinworld.com\/hu\/","name":"Hot News in World","description":"Hot News in World from Hungary","potentialAction":[{"@type":"SearchAction","target":{"@type":"EntryPoint","urlTemplate":"https:\/\/hotnewsinworld.com\/hu\/?s={search_term_string}"},"query-input":{"@type":"PropertyValueSpecification","valueRequired":true,"valueName":"search_term_string"}}],"inLanguage":"hu"},{"@type":"Person","@id":"https:\/\/hotnewsinworld.com\/hu\/#\/schema\/person\/fe61448b21c0d59086e75fcc1f9d8f6b","name":"hotnewsinworld","image":{"@type":"ImageObject","inLanguage":"hu","@id":"https:\/\/secure.gravatar.com\/avatar\/8a09ac165600ce2e1c38fe593c63928eb1e6e7ba5c5a907d67787c41b3d00c14?s=96&d=mm&r=g","url":"https:\/\/secure.gravatar.com\/avatar\/8a09ac165600ce2e1c38fe593c63928eb1e6e7ba5c5a907d67787c41b3d00c14?s=96&d=mm&r=g","contentUrl":"https:\/\/secure.gravatar.com\/avatar\/8a09ac165600ce2e1c38fe593c63928eb1e6e7ba5c5a907d67787c41b3d00c14?s=96&d=mm&r=g","caption":"hotnewsinworld"},"url":"https:\/\/hotnewsinworld.com\/hu\/author\/pt\/"}]}},"_links":{"self":[{"href":"https:\/\/hotnewsinworld.com\/hu\/wp-json\/wp\/v2\/posts\/2168","targetHints":{"allow":["GET"]}}],"collection":[{"href":"https:\/\/hotnewsinworld.com\/hu\/wp-json\/wp\/v2\/posts"}],"about":[{"href":"https:\/\/hotnewsinworld.com\/hu\/wp-json\/wp\/v2\/types\/post"}],"author":[{"embeddable":true,"href":"https:\/\/hotnewsinworld.com\/hu\/wp-json\/wp\/v2\/users\/2"}],"replies":[{"embeddable":true,"href":"https:\/\/hotnewsinworld.com\/hu\/wp-json\/wp\/v2\/comments?post=2168"}],"version-history":[{"count":1,"href":"https:\/\/hotnewsinworld.com\/hu\/wp-json\/wp\/v2\/posts\/2168\/revisions"}],"predecessor-version":[{"id":2169,"href":"https:\/\/hotnewsinworld.com\/hu\/wp-json\/wp\/v2\/posts\/2168\/revisions\/2169"}],"wp:featuredmedia":[{"embeddable":true,"href":"https:\/\/hotnewsinworld.com\/hu\/wp-json\/wp\/v2\/media\/199"}],"wp:attachment":[{"href":"https:\/\/hotnewsinworld.com\/hu\/wp-json\/wp\/v2\/media?parent=2168"}],"wp:term":[{"taxonomy":"category","embeddable":true,"href":"https:\/\/hotnewsinworld.com\/hu\/wp-json\/wp\/v2\/categories?post=2168"},{"taxonomy":"post_tag","embeddable":true,"href":"https:\/\/hotnewsinworld.com\/hu\/wp-json\/wp\/v2\/tags?post=2168"}],"curies":[{"name":"wp","href":"https:\/\/api.w.org\/{rel}","templated":true}]}}