{"id":2170,"date":"2019-09-17T00:04:06","date_gmt":"2019-09-16T21:04:06","guid":{"rendered":"https:\/\/hotnewsinworld.com\/hu\/tomegesen-masolhatta-az-alairasokat-zugloban-a-munkaspart-es-a-mi-hazank\/"},"modified":"2019-09-17T00:04:06","modified_gmt":"2019-09-16T21:04:06","slug":"tomegesen-masolhatta-az-alairasokat-zugloban-a-munkaspart-es-a-mi-hazank","status":"publish","type":"post","link":"https:\/\/hotnewsinworld.com\/hu\/tomegesen-masolhatta-az-alairasokat-zugloban-a-munkaspart-es-a-mi-hazank\/","title":{"rendered":"T\u00f6megesen m\u00e1solhatta az al\u00e1\u00edr\u00e1sokat Zugl\u00f3ban a Munk\u00e1sp\u00e1rt \u00e9s a Mi Haz\u00e1nk"},"content":{"rendered":"<p>2019. szeptember 16. 22:48<br \/>\n                            Az Index szerint halottak al\u00e1\u00edr\u00e1sait tal\u00e1lt\u00e1k t\u00f6bb jel\u00f6ltj\u00fck al\u00e1\u00edr\u00e1sgy\u0171jt\u0151 \u00edvein.<\/p>\n<p>                            Halottak al\u00e1\u00edr\u00e1sait tal\u00e1lt\u00e1k a Munk\u00e1sp\u00e1rt \u00e9s a Mi Haz\u00e1nk t\u00f6bb jel\u00f6ltj\u00e9nk al\u00e1\u00edr\u00e1si \u00edvein \u2013 \u00edrja az Index. A vissza\u00e9l\u00e9sekre a zugl\u00f3i Helyi V\u00e1laszt\u00e1si Bizotts\u00e1g vezet\u0151je, Papp Imre h\u00edvta fel a figyelmet.\u00a0<\/p>\n<p>V\u00e1rnai L\u00e1szl\u00f3, a Civil Zugl\u00f3\u00e9rt Egyes\u00fclet polg\u00e1rmesterjel\u00f6ltje szerint int\u00e9zm\u00e9nyesen m\u00e1solhatt\u00e1k az al\u00e1\u00edr\u00e1sokat, csak \u2013 a csal\u00f3k szerencs\u00e9tlens\u00e9g\u00e9re \u2013 olyan adatokat kaptak valahonnan, amik k\u00f6z\u00f6tt halottak is szerepeltek.\u00a0<\/p>\n<p>V\u00e1rnai szerint nincs \u00e9rtelme feljelent\u00e9st tenni, ha a jel\u00f6lteket ett\u0151l f\u00fcggetlen\u00fcl is nyilv\u00e1ntart\u00e1sba veszik.\u00a0<\/p>\n<p>\n<!--noindex--><br \/>\n<a href=\"https:\/\/hirek.oldal.info\/rssclick\/14402313\" rel=\"nofollow\">Source link <\/a><br \/>\n<!--\/noindex--><\/p>\n","protected":false},"excerpt":{"rendered":"<p>2019. szeptember 16. 22:48 Az Index szerint halottak al\u00e1\u00edr\u00e1sait tal\u00e1lt\u00e1k t\u00f6bb jel\u00f6ltj\u00fck al\u00e1\u00edr\u00e1sgy\u0171jt\u0151 \u00edvein. Halottak al\u00e1\u00edr\u00e1sait tal\u00e1lt\u00e1k a Munk\u00e1sp\u00e1rt \u00e9s a Mi Haz\u00e1nk t\u00f6bb jel\u00f6ltj\u00e9nk al\u00e1\u00edr\u00e1si \u00edvein \u2013 \u00edrja az Index. A vissza\u00e9l\u00e9sekre a zugl\u00f3i Helyi V\u00e1laszt\u00e1si Bizotts\u00e1g vezet\u0151je, Papp Imre h\u00edvta fel a figyelmet.\u00a0 V\u00e1rnai L\u00e1szl\u00f3, a Civil Zugl\u00f3\u00e9rt Egyes\u00fclet polg\u00e1rmesterjel\u00f6ltje szerint int\u00e9zm\u00e9nyesen m\u00e1solhatt\u00e1k [&hellip;]<\/p>\n","protected":false},"author":2,"featured_media":1714,"comment_status":"open","ping_status":"open","sticky":false,"template":"","format":"standard","meta":{"footnotes":""},"categories":[1],"tags":[],"class_list":["post-2170","post","type-post","status-publish","format-standard","has-post-thumbnail","hentry","category-legujabb-penzugyi-hirek"],"yoast_head":"<!-- This site is optimized with the Yoast SEO plugin v27.4 - https:\/\/yoast.com\/product\/yoast-seo-wordpress\/ -->\n<title>T\u00f6megesen m\u00e1solhatta az al\u00e1\u00edr\u00e1sokat Zugl\u00f3ban a Munk\u00e1sp\u00e1rt \u00e9s a Mi Haz\u00e1nk - Hot News in World<\/title>\n<meta name=\"robots\" content=\"index, follow, max-snippet:-1, max-image-preview:large, max-video-preview:-1\" \/>\n<link rel=\"canonical\" href=\"https:\/\/hotnewsinworld.com\/hu\/tomegesen-masolhatta-az-alairasokat-zugloban-a-munkaspart-es-a-mi-hazank\/\" \/>\n<meta property=\"og:locale\" content=\"hu_HU\" \/>\n<meta property=\"og:type\" content=\"article\" \/>\n<meta property=\"og:title\" content=\"T\u00f6megesen m\u00e1solhatta az al\u00e1\u00edr\u00e1sokat Zugl\u00f3ban a Munk\u00e1sp\u00e1rt \u00e9s a Mi Haz\u00e1nk - Hot News in World\" \/>\n<meta property=\"og:description\" content=\"2019. szeptember 16. 22:48 Az Index szerint halottak al\u00e1\u00edr\u00e1sait tal\u00e1lt\u00e1k t\u00f6bb jel\u00f6ltj\u00fck al\u00e1\u00edr\u00e1sgy\u0171jt\u0151 \u00edvein. Halottak al\u00e1\u00edr\u00e1sait tal\u00e1lt\u00e1k a Munk\u00e1sp\u00e1rt \u00e9s a Mi Haz\u00e1nk t\u00f6bb jel\u00f6ltj\u00e9nk al\u00e1\u00edr\u00e1si \u00edvein \u2013 \u00edrja az Index. A vissza\u00e9l\u00e9sekre a zugl\u00f3i Helyi V\u00e1laszt\u00e1si Bizotts\u00e1g vezet\u0151je, Papp Imre h\u00edvta fel a figyelmet.\u00a0 V\u00e1rnai L\u00e1szl\u00f3, a Civil Zugl\u00f3\u00e9rt Egyes\u00fclet polg\u00e1rmesterjel\u00f6ltje szerint int\u00e9zm\u00e9nyesen m\u00e1solhatt\u00e1k [&hellip;]\" \/>\n<meta property=\"og:url\" content=\"https:\/\/hotnewsinworld.com\/hu\/tomegesen-masolhatta-az-alairasokat-zugloban-a-munkaspart-es-a-mi-hazank\/\" \/>\n<meta property=\"og:site_name\" content=\"Hot News in World\" \/>\n<meta property=\"article:published_time\" content=\"2019-09-16T21:04:06+00:00\" \/>\n<meta property=\"og:image\" content=\"https:\/\/hotnewsinworld.com\/hu\/wp-content\/uploads\/sites\/3\/2019\/09\/Magyarorsz\u00e1g-tov\u00e1bbra-is-az-els\u0151k-k\u00f6z\u00f6tt-GDP-n\u00f6veked\u00e9sben.png\" \/>\n\t<meta property=\"og:image:width\" content=\"630\" \/>\n\t<meta property=\"og:image:height\" content=\"630\" \/>\n\t<meta property=\"og:image:type\" content=\"image\/png\" \/>\n<meta name=\"author\" content=\"hotnewsinworld\" \/>\n<meta name=\"twitter:card\" content=\"summary_large_image\" \/>\n<meta name=\"twitter:label1\" content=\"Szerz\u0151:\" \/>\n\t<meta name=\"twitter:data1\" content=\"hotnewsinworld\" \/>\n\t<meta name=\"twitter:label2\" content=\"Becs\u00fclt olvas\u00e1si id\u0151\" \/>\n\t<meta name=\"twitter:data2\" content=\"1 perc\" \/>\n<script type=\"application\/ld+json\" class=\"yoast-schema-graph\">{\"@context\":\"https:\\\/\\\/schema.org\",\"@graph\":[{\"@type\":\"Article\",\"@id\":\"https:\\\/\\\/hotnewsinworld.com\\\/hu\\\/tomegesen-masolhatta-az-alairasokat-zugloban-a-munkaspart-es-a-mi-hazank\\\/#article\",\"isPartOf\":{\"@id\":\"https:\\\/\\\/hotnewsinworld.com\\\/hu\\\/tomegesen-masolhatta-az-alairasokat-zugloban-a-munkaspart-es-a-mi-hazank\\\/\"},\"author\":{\"name\":\"hotnewsinworld\",\"@id\":\"https:\\\/\\\/hotnewsinworld.com\\\/hu\\\/#\\\/schema\\\/person\\\/fe61448b21c0d59086e75fcc1f9d8f6b\"},\"headline\":\"T\u00f6megesen m\u00e1solhatta az al\u00e1\u00edr\u00e1sokat Zugl\u00f3ban a Munk\u00e1sp\u00e1rt \u00e9s a Mi Haz\u00e1nk\",\"datePublished\":\"2019-09-16T21:04:06+00:00\",\"mainEntityOfPage\":{\"@id\":\"https:\\\/\\\/hotnewsinworld.com\\\/hu\\\/tomegesen-masolhatta-az-alairasokat-zugloban-a-munkaspart-es-a-mi-hazank\\\/\"},\"wordCount\":157,\"commentCount\":0,\"image\":{\"@id\":\"https:\\\/\\\/hotnewsinworld.com\\\/hu\\\/tomegesen-masolhatta-az-alairasokat-zugloban-a-munkaspart-es-a-mi-hazank\\\/#primaryimage\"},\"thumbnailUrl\":\"https:\\\/\\\/hotnewsinworld.com\\\/hu\\\/wp-content\\\/uploads\\\/sites\\\/3\\\/2019\\\/09\\\/Magyarorsz\u00e1g-tov\u00e1bbra-is-az-els\u0151k-k\u00f6z\u00f6tt-GDP-n\u00f6veked\u00e9sben.png\",\"articleSection\":[\"LEG\u00daJABB P\u00c9NZ\u00dcGYI H\u00cdREK\"],\"inLanguage\":\"hu\",\"potentialAction\":[{\"@type\":\"CommentAction\",\"name\":\"Comment\",\"target\":[\"https:\\\/\\\/hotnewsinworld.com\\\/hu\\\/tomegesen-masolhatta-az-alairasokat-zugloban-a-munkaspart-es-a-mi-hazank\\\/#respond\"]}]},{\"@type\":\"WebPage\",\"@id\":\"https:\\\/\\\/hotnewsinworld.com\\\/hu\\\/tomegesen-masolhatta-az-alairasokat-zugloban-a-munkaspart-es-a-mi-hazank\\\/\",\"url\":\"https:\\\/\\\/hotnewsinworld.com\\\/hu\\\/tomegesen-masolhatta-az-alairasokat-zugloban-a-munkaspart-es-a-mi-hazank\\\/\",\"name\":\"T\u00f6megesen m\u00e1solhatta az al\u00e1\u00edr\u00e1sokat Zugl\u00f3ban a Munk\u00e1sp\u00e1rt \u00e9s a Mi Haz\u00e1nk - Hot News in World\",\"isPartOf\":{\"@id\":\"https:\\\/\\\/hotnewsinworld.com\\\/hu\\\/#website\"},\"primaryImageOfPage\":{\"@id\":\"https:\\\/\\\/hotnewsinworld.com\\\/hu\\\/tomegesen-masolhatta-az-alairasokat-zugloban-a-munkaspart-es-a-mi-hazank\\\/#primaryimage\"},\"image\":{\"@id\":\"https:\\\/\\\/hotnewsinworld.com\\\/hu\\\/tomegesen-masolhatta-az-alairasokat-zugloban-a-munkaspart-es-a-mi-hazank\\\/#primaryimage\"},\"thumbnailUrl\":\"https:\\\/\\\/hotnewsinworld.com\\\/hu\\\/wp-content\\\/uploads\\\/sites\\\/3\\\/2019\\\/09\\\/Magyarorsz\u00e1g-tov\u00e1bbra-is-az-els\u0151k-k\u00f6z\u00f6tt-GDP-n\u00f6veked\u00e9sben.png\",\"datePublished\":\"2019-09-16T21:04:06+00:00\",\"author\":{\"@id\":\"https:\\\/\\\/hotnewsinworld.com\\\/hu\\\/#\\\/schema\\\/person\\\/fe61448b21c0d59086e75fcc1f9d8f6b\"},\"breadcrumb\":{\"@id\":\"https:\\\/\\\/hotnewsinworld.com\\\/hu\\\/tomegesen-masolhatta-az-alairasokat-zugloban-a-munkaspart-es-a-mi-hazank\\\/#breadcrumb\"},\"inLanguage\":\"hu\",\"potentialAction\":[{\"@type\":\"ReadAction\",\"target\":[\"https:\\\/\\\/hotnewsinworld.com\\\/hu\\\/tomegesen-masolhatta-az-alairasokat-zugloban-a-munkaspart-es-a-mi-hazank\\\/\"]}]},{\"@type\":\"ImageObject\",\"inLanguage\":\"hu\",\"@id\":\"https:\\\/\\\/hotnewsinworld.com\\\/hu\\\/tomegesen-masolhatta-az-alairasokat-zugloban-a-munkaspart-es-a-mi-hazank\\\/#primaryimage\",\"url\":\"https:\\\/\\\/hotnewsinworld.com\\\/hu\\\/wp-content\\\/uploads\\\/sites\\\/3\\\/2019\\\/09\\\/Magyarorsz\u00e1g-tov\u00e1bbra-is-az-els\u0151k-k\u00f6z\u00f6tt-GDP-n\u00f6veked\u00e9sben.png\",\"contentUrl\":\"https:\\\/\\\/hotnewsinworld.com\\\/hu\\\/wp-content\\\/uploads\\\/sites\\\/3\\\/2019\\\/09\\\/Magyarorsz\u00e1g-tov\u00e1bbra-is-az-els\u0151k-k\u00f6z\u00f6tt-GDP-n\u00f6veked\u00e9sben.png\",\"width\":630,\"height\":630,\"caption\":\"Magyarorsz\u00e1g tov\u00e1bbra is az els\u0151k k\u00f6z\u00f6tt GDP-n\u00f6veked\u00e9sben\"},{\"@type\":\"BreadcrumbList\",\"@id\":\"https:\\\/\\\/hotnewsinworld.com\\\/hu\\\/tomegesen-masolhatta-az-alairasokat-zugloban-a-munkaspart-es-a-mi-hazank\\\/#breadcrumb\",\"itemListElement\":[{\"@type\":\"ListItem\",\"position\":1,\"name\":\"\u0413\u043b\u0430\u0432\u043d\u0430\u044f \u0441\u0442\u0440\u0430\u043d\u0438\u0446\u0430\",\"item\":\"https:\\\/\\\/hotnewsinworld.com\\\/hu\\\/\"},{\"@type\":\"ListItem\",\"position\":2,\"name\":\"T\u00f6megesen m\u00e1solhatta az al\u00e1\u00edr\u00e1sokat Zugl\u00f3ban a Munk\u00e1sp\u00e1rt \u00e9s a Mi Haz\u00e1nk\"}]},{\"@type\":\"WebSite\",\"@id\":\"https:\\\/\\\/hotnewsinworld.com\\\/hu\\\/#website\",\"url\":\"https:\\\/\\\/hotnewsinworld.com\\\/hu\\\/\",\"name\":\"Hot News in World\",\"description\":\"Hot News in World from Hungary\",\"potentialAction\":[{\"@type\":\"SearchAction\",\"target\":{\"@type\":\"EntryPoint\",\"urlTemplate\":\"https:\\\/\\\/hotnewsinworld.com\\\/hu\\\/?s={search_term_string}\"},\"query-input\":{\"@type\":\"PropertyValueSpecification\",\"valueRequired\":true,\"valueName\":\"search_term_string\"}}],\"inLanguage\":\"hu\"},{\"@type\":\"Person\",\"@id\":\"https:\\\/\\\/hotnewsinworld.com\\\/hu\\\/#\\\/schema\\\/person\\\/fe61448b21c0d59086e75fcc1f9d8f6b\",\"name\":\"hotnewsinworld\",\"image\":{\"@type\":\"ImageObject\",\"inLanguage\":\"hu\",\"@id\":\"https:\\\/\\\/secure.gravatar.com\\\/avatar\\\/8a09ac165600ce2e1c38fe593c63928eb1e6e7ba5c5a907d67787c41b3d00c14?s=96&d=mm&r=g\",\"url\":\"https:\\\/\\\/secure.gravatar.com\\\/avatar\\\/8a09ac165600ce2e1c38fe593c63928eb1e6e7ba5c5a907d67787c41b3d00c14?s=96&d=mm&r=g\",\"contentUrl\":\"https:\\\/\\\/secure.gravatar.com\\\/avatar\\\/8a09ac165600ce2e1c38fe593c63928eb1e6e7ba5c5a907d67787c41b3d00c14?s=96&d=mm&r=g\",\"caption\":\"hotnewsinworld\"},\"url\":\"https:\\\/\\\/hotnewsinworld.com\\\/hu\\\/author\\\/pt\\\/\"}]}<\/script>\n<!-- \/ Yoast SEO plugin. -->","yoast_head_json":{"title":"T\u00f6megesen m\u00e1solhatta az al\u00e1\u00edr\u00e1sokat Zugl\u00f3ban a Munk\u00e1sp\u00e1rt \u00e9s a Mi Haz\u00e1nk - Hot News in World","robots":{"index":"index","follow":"follow","max-snippet":"max-snippet:-1","max-image-preview":"max-image-preview:large","max-video-preview":"max-video-preview:-1"},"canonical":"https:\/\/hotnewsinworld.com\/hu\/tomegesen-masolhatta-az-alairasokat-zugloban-a-munkaspart-es-a-mi-hazank\/","og_locale":"hu_HU","og_type":"article","og_title":"T\u00f6megesen m\u00e1solhatta az al\u00e1\u00edr\u00e1sokat Zugl\u00f3ban a Munk\u00e1sp\u00e1rt \u00e9s a Mi Haz\u00e1nk - Hot News in World","og_description":"2019. szeptember 16. 22:48 Az Index szerint halottak al\u00e1\u00edr\u00e1sait tal\u00e1lt\u00e1k t\u00f6bb jel\u00f6ltj\u00fck al\u00e1\u00edr\u00e1sgy\u0171jt\u0151 \u00edvein. Halottak al\u00e1\u00edr\u00e1sait tal\u00e1lt\u00e1k a Munk\u00e1sp\u00e1rt \u00e9s a Mi Haz\u00e1nk t\u00f6bb jel\u00f6ltj\u00e9nk al\u00e1\u00edr\u00e1si \u00edvein \u2013 \u00edrja az Index. A vissza\u00e9l\u00e9sekre a zugl\u00f3i Helyi V\u00e1laszt\u00e1si Bizotts\u00e1g vezet\u0151je, Papp Imre h\u00edvta fel a figyelmet.\u00a0 V\u00e1rnai L\u00e1szl\u00f3, a Civil Zugl\u00f3\u00e9rt Egyes\u00fclet polg\u00e1rmesterjel\u00f6ltje szerint int\u00e9zm\u00e9nyesen m\u00e1solhatt\u00e1k [&hellip;]","og_url":"https:\/\/hotnewsinworld.com\/hu\/tomegesen-masolhatta-az-alairasokat-zugloban-a-munkaspart-es-a-mi-hazank\/","og_site_name":"Hot News in World","article_published_time":"2019-09-16T21:04:06+00:00","og_image":[{"width":630,"height":630,"url":"https:\/\/hotnewsinworld.com\/hu\/wp-content\/uploads\/sites\/3\/2019\/09\/Magyarorsz\u00e1g-tov\u00e1bbra-is-az-els\u0151k-k\u00f6z\u00f6tt-GDP-n\u00f6veked\u00e9sben.png","type":"image\/png"}],"author":"hotnewsinworld","twitter_card":"summary_large_image","twitter_misc":{"Szerz\u0151:":"hotnewsinworld","Becs\u00fclt olvas\u00e1si id\u0151":"1 perc"},"schema":{"@context":"https:\/\/schema.org","@graph":[{"@type":"Article","@id":"https:\/\/hotnewsinworld.com\/hu\/tomegesen-masolhatta-az-alairasokat-zugloban-a-munkaspart-es-a-mi-hazank\/#article","isPartOf":{"@id":"https:\/\/hotnewsinworld.com\/hu\/tomegesen-masolhatta-az-alairasokat-zugloban-a-munkaspart-es-a-mi-hazank\/"},"author":{"name":"hotnewsinworld","@id":"https:\/\/hotnewsinworld.com\/hu\/#\/schema\/person\/fe61448b21c0d59086e75fcc1f9d8f6b"},"headline":"T\u00f6megesen m\u00e1solhatta az al\u00e1\u00edr\u00e1sokat Zugl\u00f3ban a Munk\u00e1sp\u00e1rt \u00e9s a Mi Haz\u00e1nk","datePublished":"2019-09-16T21:04:06+00:00","mainEntityOfPage":{"@id":"https:\/\/hotnewsinworld.com\/hu\/tomegesen-masolhatta-az-alairasokat-zugloban-a-munkaspart-es-a-mi-hazank\/"},"wordCount":157,"commentCount":0,"image":{"@id":"https:\/\/hotnewsinworld.com\/hu\/tomegesen-masolhatta-az-alairasokat-zugloban-a-munkaspart-es-a-mi-hazank\/#primaryimage"},"thumbnailUrl":"https:\/\/hotnewsinworld.com\/hu\/wp-content\/uploads\/sites\/3\/2019\/09\/Magyarorsz\u00e1g-tov\u00e1bbra-is-az-els\u0151k-k\u00f6z\u00f6tt-GDP-n\u00f6veked\u00e9sben.png","articleSection":["LEG\u00daJABB P\u00c9NZ\u00dcGYI H\u00cdREK"],"inLanguage":"hu","potentialAction":[{"@type":"CommentAction","name":"Comment","target":["https:\/\/hotnewsinworld.com\/hu\/tomegesen-masolhatta-az-alairasokat-zugloban-a-munkaspart-es-a-mi-hazank\/#respond"]}]},{"@type":"WebPage","@id":"https:\/\/hotnewsinworld.com\/hu\/tomegesen-masolhatta-az-alairasokat-zugloban-a-munkaspart-es-a-mi-hazank\/","url":"https:\/\/hotnewsinworld.com\/hu\/tomegesen-masolhatta-az-alairasokat-zugloban-a-munkaspart-es-a-mi-hazank\/","name":"T\u00f6megesen m\u00e1solhatta az al\u00e1\u00edr\u00e1sokat Zugl\u00f3ban a Munk\u00e1sp\u00e1rt \u00e9s a Mi Haz\u00e1nk - Hot News in World","isPartOf":{"@id":"https:\/\/hotnewsinworld.com\/hu\/#website"},"primaryImageOfPage":{"@id":"https:\/\/hotnewsinworld.com\/hu\/tomegesen-masolhatta-az-alairasokat-zugloban-a-munkaspart-es-a-mi-hazank\/#primaryimage"},"image":{"@id":"https:\/\/hotnewsinworld.com\/hu\/tomegesen-masolhatta-az-alairasokat-zugloban-a-munkaspart-es-a-mi-hazank\/#primaryimage"},"thumbnailUrl":"https:\/\/hotnewsinworld.com\/hu\/wp-content\/uploads\/sites\/3\/2019\/09\/Magyarorsz\u00e1g-tov\u00e1bbra-is-az-els\u0151k-k\u00f6z\u00f6tt-GDP-n\u00f6veked\u00e9sben.png","datePublished":"2019-09-16T21:04:06+00:00","author":{"@id":"https:\/\/hotnewsinworld.com\/hu\/#\/schema\/person\/fe61448b21c0d59086e75fcc1f9d8f6b"},"breadcrumb":{"@id":"https:\/\/hotnewsinworld.com\/hu\/tomegesen-masolhatta-az-alairasokat-zugloban-a-munkaspart-es-a-mi-hazank\/#breadcrumb"},"inLanguage":"hu","potentialAction":[{"@type":"ReadAction","target":["https:\/\/hotnewsinworld.com\/hu\/tomegesen-masolhatta-az-alairasokat-zugloban-a-munkaspart-es-a-mi-hazank\/"]}]},{"@type":"ImageObject","inLanguage":"hu","@id":"https:\/\/hotnewsinworld.com\/hu\/tomegesen-masolhatta-az-alairasokat-zugloban-a-munkaspart-es-a-mi-hazank\/#primaryimage","url":"https:\/\/hotnewsinworld.com\/hu\/wp-content\/uploads\/sites\/3\/2019\/09\/Magyarorsz\u00e1g-tov\u00e1bbra-is-az-els\u0151k-k\u00f6z\u00f6tt-GDP-n\u00f6veked\u00e9sben.png","contentUrl":"https:\/\/hotnewsinworld.com\/hu\/wp-content\/uploads\/sites\/3\/2019\/09\/Magyarorsz\u00e1g-tov\u00e1bbra-is-az-els\u0151k-k\u00f6z\u00f6tt-GDP-n\u00f6veked\u00e9sben.png","width":630,"height":630,"caption":"Magyarorsz\u00e1g tov\u00e1bbra is az els\u0151k k\u00f6z\u00f6tt GDP-n\u00f6veked\u00e9sben"},{"@type":"BreadcrumbList","@id":"https:\/\/hotnewsinworld.com\/hu\/tomegesen-masolhatta-az-alairasokat-zugloban-a-munkaspart-es-a-mi-hazank\/#breadcrumb","itemListElement":[{"@type":"ListItem","position":1,"name":"\u0413\u043b\u0430\u0432\u043d\u0430\u044f \u0441\u0442\u0440\u0430\u043d\u0438\u0446\u0430","item":"https:\/\/hotnewsinworld.com\/hu\/"},{"@type":"ListItem","position":2,"name":"T\u00f6megesen m\u00e1solhatta az al\u00e1\u00edr\u00e1sokat Zugl\u00f3ban a Munk\u00e1sp\u00e1rt \u00e9s a Mi Haz\u00e1nk"}]},{"@type":"WebSite","@id":"https:\/\/hotnewsinworld.com\/hu\/#website","url":"https:\/\/hotnewsinworld.com\/hu\/","name":"Hot News in World","description":"Hot News in World from Hungary","potentialAction":[{"@type":"SearchAction","target":{"@type":"EntryPoint","urlTemplate":"https:\/\/hotnewsinworld.com\/hu\/?s={search_term_string}"},"query-input":{"@type":"PropertyValueSpecification","valueRequired":true,"valueName":"search_term_string"}}],"inLanguage":"hu"},{"@type":"Person","@id":"https:\/\/hotnewsinworld.com\/hu\/#\/schema\/person\/fe61448b21c0d59086e75fcc1f9d8f6b","name":"hotnewsinworld","image":{"@type":"ImageObject","inLanguage":"hu","@id":"https:\/\/secure.gravatar.com\/avatar\/8a09ac165600ce2e1c38fe593c63928eb1e6e7ba5c5a907d67787c41b3d00c14?s=96&d=mm&r=g","url":"https:\/\/secure.gravatar.com\/avatar\/8a09ac165600ce2e1c38fe593c63928eb1e6e7ba5c5a907d67787c41b3d00c14?s=96&d=mm&r=g","contentUrl":"https:\/\/secure.gravatar.com\/avatar\/8a09ac165600ce2e1c38fe593c63928eb1e6e7ba5c5a907d67787c41b3d00c14?s=96&d=mm&r=g","caption":"hotnewsinworld"},"url":"https:\/\/hotnewsinworld.com\/hu\/author\/pt\/"}]}},"_links":{"self":[{"href":"https:\/\/hotnewsinworld.com\/hu\/wp-json\/wp\/v2\/posts\/2170","targetHints":{"allow":["GET"]}}],"collection":[{"href":"https:\/\/hotnewsinworld.com\/hu\/wp-json\/wp\/v2\/posts"}],"about":[{"href":"https:\/\/hotnewsinworld.com\/hu\/wp-json\/wp\/v2\/types\/post"}],"author":[{"embeddable":true,"href":"https:\/\/hotnewsinworld.com\/hu\/wp-json\/wp\/v2\/users\/2"}],"replies":[{"embeddable":true,"href":"https:\/\/hotnewsinworld.com\/hu\/wp-json\/wp\/v2\/comments?post=2170"}],"version-history":[{"count":1,"href":"https:\/\/hotnewsinworld.com\/hu\/wp-json\/wp\/v2\/posts\/2170\/revisions"}],"predecessor-version":[{"id":2171,"href":"https:\/\/hotnewsinworld.com\/hu\/wp-json\/wp\/v2\/posts\/2170\/revisions\/2171"}],"wp:featuredmedia":[{"embeddable":true,"href":"https:\/\/hotnewsinworld.com\/hu\/wp-json\/wp\/v2\/media\/1714"}],"wp:attachment":[{"href":"https:\/\/hotnewsinworld.com\/hu\/wp-json\/wp\/v2\/media?parent=2170"}],"wp:term":[{"taxonomy":"category","embeddable":true,"href":"https:\/\/hotnewsinworld.com\/hu\/wp-json\/wp\/v2\/categories?post=2170"},{"taxonomy":"post_tag","embeddable":true,"href":"https:\/\/hotnewsinworld.com\/hu\/wp-json\/wp\/v2\/tags?post=2170"}],"curies":[{"name":"wp","href":"https:\/\/api.w.org\/{rel}","templated":true}]}}