{"id":2178,"date":"2019-09-17T04:10:03","date_gmt":"2019-09-17T01:10:03","guid":{"rendered":"https:\/\/hotnewsinworld.com\/hu\/magyarorszag-elso-okosvarosa-lesz-a-ligetben\/"},"modified":"2019-09-17T04:10:05","modified_gmt":"2019-09-17T01:10:05","slug":"magyarorszag-elso-okosvarosa-lesz-a-ligetben","status":"publish","type":"post","link":"https:\/\/hotnewsinworld.com\/hu\/magyarorszag-elso-okosvarosa-lesz-a-ligetben\/","title":{"rendered":"Magyarorsz\u00e1g els\u0151 okosv\u00e1rosa lesz a Ligetben"},"content":{"rendered":"<p> Lok\u00e1l, 2019. 09. 17. 00:01Magyarorsz\u00e1g egyik els\u0151 okosv\u00e1rosr\u00e9sze j\u00f6n l\u00e9tre 2023-ra a Liget Budapest Projekt r\u00e9v\u00e9n. A Smart Liget koncepci\u00f3ja az Eur\u00f3p\u00e1ban is egyed\u00fcl\u00e1ll\u00f3 megold\u00e1sokkal a f\u0151v\u00e1ros egyik legk\u00f6rnyezetbar\u00e1tabb, z\u00e9r\u00f3 k\u00e1rosanyag-kibocs\u00e1t\u00e1ssal m\u0171k\u00f6d\u0151 hely\u00e9v\u00e9 teszi a v\u00e1rosr\u00e9szt.A park teljesen aut\u00f3mentess\u00e9 v\u00e1lik, meg\u00fajul\u00f3 er\u0151forr\u00e1sokat alkalmaznak a m\u0171k\u00f6dtet\u00e9s\u00e9hez, \u00e9s a n\u00f6v\u00e9nyzetet is teljesen fel\u00faj\u00edtj\u00e1k, \u00edgy \u00e9rik el, hogy a V\u00e1rosligetben gyakorlatilag null\u00e1ra cs\u00f6kkenjen a k\u00e1rosanyag-kibocs\u00e1t\u00e1s, ez\u00e1ltal a f\u0151v\u00e1ros egyik legk\u00f6rnyezetbar\u00e1tabb helye j\u00f6n l\u00e9tre.Fot\u00f3: MTI\u2013 2023-ig megny\u00edlik az \u00f6sszes \u00faj int\u00e9zm\u00e9ny, \u00e9s a megn\u00f6vekedett \u00e9s meg\u00faj\u00edtott z\u00f6ldfel\u00fclet\u0171 park is teljes sz\u00e9ps\u00e9g\u00e9ben pomp\u00e1zik majd, \u00edgy a meg\u00fajult V\u00e1rosliget k\u00f6rny\u00e9ke Budapest egyik legdinamikusabban fejl\u0151d\u0151 r\u00e9sze lesz \u2013 mondta Gyorgyevics Benedek,\u00a0a V\u00e1rosliget Zrt. vez\u00e9rigazgat\u00f3ja, aki hozz\u00e1tette, hogy a Smart Liget tervez\u00e9se sor\u00e1n t\u00f6bbek k\u00f6z\u00f6tt a b\u00e9csi okosv\u00e1ros-fejleszt\u00e9seket vett\u00e9k alapul.MTI\/V\u00e1rosliget Zrt.Applik\u00e1ci\u00f3t is fejlesztettek a meg\u00fajul\u00f3 V\u00e1rosligethez, \u00edgy a\u00a0sporthoz, kult\u00far\u00e1hoz, pihen\u00e9shez vagy k\u00f6zleked\u00e9shez kapcsol\u00f3d\u00f3 inform\u00e1ci\u00f3k egyar\u00e1nt el\u00e9rhet\u0151k lesznek okostelefonr\u00f3l. Ehhez az eg\u00e9sz Ligetet\u00a0lefed\u0151 wifih\u00e1l\u00f3zatot hoznak l\u00e9tre. Az elektromos aut\u00f3k sz\u00e1m\u00e1ra pedig az \u00faj m\u00e9lygar\u00e1zsokban sz\u00e1mos t\u00f6lt\u0151\u00e1llom\u00e1st l\u00e9tes\u00edtenek. Gyorgyevics Benedek azt is elmondta, hogy az \u00faj smart rendszer a vakok \u00e9s gyeng\u00e9nl\u00e1t\u00f3k k\u00f6zleked\u00e9s\u00e9t, eligazod\u00e1s\u00e1t is seg\u00edti, mert az akad\u00e1lymentes\u00edt\u00e9s kiemelten fontos a V\u00e1rosliget Zrt. sz\u00e1m\u00e1ra.\u00a0Konferencia az \u00fajdons\u00e1gokr\u00f3lA Smart Liget rendszer\u00e9nek \u00fajdons\u00e1gait az Emobility Forum 2019 c\u00edm\u0171 orsz\u00e1gos konferenci\u00e1n ismertetik. Az elektromobilit\u00e1s trendjeir\u0151l sz\u00f3l\u00f3 f\u00f3rumot Tarl\u00f3s Istv\u00e1n f\u0151polg\u00e1rmester, valamint Palkovics L\u00e1szl\u00f3 innov\u00e1ci\u00f3s \u00e9s technol\u00f3giai miniszter f\u0151v\u00e9dn\u00f6ks\u00e9g\u00e9vel a Millen\u00e1ris Park rendezv\u00e9nyk\u00f6zpontban szeptember 18-\u00e1n \u00e9s 19-\u00e9n tartj\u00e1k.Tov\u00e1bbi cikkek:<br \/>\n<br \/>\n<!--noindex--><br \/>\n<a href=\"https:\/\/hirek.oldal.info\/rssclick\/14402400\" rel=\"nofollow\">Source link <\/a><br \/>\n<!--\/noindex--><\/p>\n","protected":false},"excerpt":{"rendered":"<p>Lok\u00e1l, 2019. 09. 17. 00:01Magyarorsz\u00e1g egyik els\u0151 okosv\u00e1rosr\u00e9sze j\u00f6n l\u00e9tre 2023-ra a Liget Budapest Projekt r\u00e9v\u00e9n. A Smart Liget koncepci\u00f3ja az Eur\u00f3p\u00e1ban is egyed\u00fcl\u00e1ll\u00f3 megold\u00e1sokkal a f\u0151v\u00e1ros egyik legk\u00f6rnyezetbar\u00e1tabb, z\u00e9r\u00f3 k\u00e1rosanyag-kibocs\u00e1t\u00e1ssal m\u0171k\u00f6d\u0151 hely\u00e9v\u00e9 teszi a v\u00e1rosr\u00e9szt.A park teljesen aut\u00f3mentess\u00e9 v\u00e1lik, meg\u00fajul\u00f3 er\u0151forr\u00e1sokat alkalmaznak a m\u0171k\u00f6dtet\u00e9s\u00e9hez, \u00e9s a n\u00f6v\u00e9nyzetet is teljesen fel\u00faj\u00edtj\u00e1k, \u00edgy \u00e9rik el, hogy [&hellip;]<\/p>\n","protected":false},"author":2,"featured_media":2179,"comment_status":"open","ping_status":"open","sticky":false,"template":"","format":"standard","meta":{"footnotes":""},"categories":[1],"tags":[],"class_list":["post-2178","post","type-post","status-publish","format-standard","has-post-thumbnail","hentry","category-legujabb-penzugyi-hirek"],"yoast_head":"<!-- This site is optimized with the Yoast SEO plugin v27.4 - https:\/\/yoast.com\/product\/yoast-seo-wordpress\/ -->\n<title>Magyarorsz\u00e1g els\u0151 okosv\u00e1rosa lesz a Ligetben - Hot News in World<\/title>\n<meta name=\"robots\" content=\"index, follow, max-snippet:-1, max-image-preview:large, max-video-preview:-1\" \/>\n<link rel=\"canonical\" href=\"https:\/\/hotnewsinworld.com\/hu\/magyarorszag-elso-okosvarosa-lesz-a-ligetben\/\" \/>\n<meta property=\"og:locale\" content=\"hu_HU\" \/>\n<meta property=\"og:type\" content=\"article\" \/>\n<meta property=\"og:title\" content=\"Magyarorsz\u00e1g els\u0151 okosv\u00e1rosa lesz a Ligetben - Hot News in World\" \/>\n<meta property=\"og:description\" content=\"Lok\u00e1l, 2019. 09. 17. 00:01Magyarorsz\u00e1g egyik els\u0151 okosv\u00e1rosr\u00e9sze j\u00f6n l\u00e9tre 2023-ra a Liget Budapest Projekt r\u00e9v\u00e9n. A Smart Liget koncepci\u00f3ja az Eur\u00f3p\u00e1ban is egyed\u00fcl\u00e1ll\u00f3 megold\u00e1sokkal a f\u0151v\u00e1ros egyik legk\u00f6rnyezetbar\u00e1tabb, z\u00e9r\u00f3 k\u00e1rosanyag-kibocs\u00e1t\u00e1ssal m\u0171k\u00f6d\u0151 hely\u00e9v\u00e9 teszi a v\u00e1rosr\u00e9szt.A park teljesen aut\u00f3mentess\u00e9 v\u00e1lik, meg\u00fajul\u00f3 er\u0151forr\u00e1sokat alkalmaznak a m\u0171k\u00f6dtet\u00e9s\u00e9hez, \u00e9s a n\u00f6v\u00e9nyzetet is teljesen fel\u00faj\u00edtj\u00e1k, \u00edgy \u00e9rik el, hogy [&hellip;]\" \/>\n<meta property=\"og:url\" content=\"https:\/\/hotnewsinworld.com\/hu\/magyarorszag-elso-okosvarosa-lesz-a-ligetben\/\" \/>\n<meta property=\"og:site_name\" content=\"Hot News in World\" \/>\n<meta property=\"article:published_time\" content=\"2019-09-17T01:10:03+00:00\" \/>\n<meta property=\"article:modified_time\" content=\"2019-09-17T01:10:05+00:00\" \/>\n<meta property=\"og:image\" content=\"https:\/\/hotnewsinworld.com\/hu\/wp-content\/uploads\/sites\/3\/2019\/09\/Magyarorsz\u00e1g-els\u0151-okosv\u00e1rosa-lesz-a-Ligetben.jpg\" \/>\n\t<meta property=\"og:image:width\" content=\"2880\" \/>\n\t<meta property=\"og:image:height\" content=\"1907\" \/>\n\t<meta property=\"og:image:type\" content=\"image\/jpeg\" \/>\n<meta name=\"author\" content=\"hotnewsinworld\" \/>\n<meta name=\"twitter:card\" content=\"summary_large_image\" \/>\n<meta name=\"twitter:label1\" content=\"Szerz\u0151:\" \/>\n\t<meta name=\"twitter:data1\" content=\"hotnewsinworld\" \/>\n\t<meta name=\"twitter:label2\" content=\"Becs\u00fclt olvas\u00e1si id\u0151\" \/>\n\t<meta name=\"twitter:data2\" content=\"2 perc\" \/>\n<script type=\"application\/ld+json\" class=\"yoast-schema-graph\">{\"@context\":\"https:\\\/\\\/schema.org\",\"@graph\":[{\"@type\":\"Article\",\"@id\":\"https:\\\/\\\/hotnewsinworld.com\\\/hu\\\/magyarorszag-elso-okosvarosa-lesz-a-ligetben\\\/#article\",\"isPartOf\":{\"@id\":\"https:\\\/\\\/hotnewsinworld.com\\\/hu\\\/magyarorszag-elso-okosvarosa-lesz-a-ligetben\\\/\"},\"author\":{\"name\":\"hotnewsinworld\",\"@id\":\"https:\\\/\\\/hotnewsinworld.com\\\/hu\\\/#\\\/schema\\\/person\\\/fe61448b21c0d59086e75fcc1f9d8f6b\"},\"headline\":\"Magyarorsz\u00e1g els\u0151 okosv\u00e1rosa lesz a Ligetben\",\"datePublished\":\"2019-09-17T01:10:03+00:00\",\"dateModified\":\"2019-09-17T01:10:05+00:00\",\"mainEntityOfPage\":{\"@id\":\"https:\\\/\\\/hotnewsinworld.com\\\/hu\\\/magyarorszag-elso-okosvarosa-lesz-a-ligetben\\\/\"},\"wordCount\":403,\"commentCount\":0,\"image\":{\"@id\":\"https:\\\/\\\/hotnewsinworld.com\\\/hu\\\/magyarorszag-elso-okosvarosa-lesz-a-ligetben\\\/#primaryimage\"},\"thumbnailUrl\":\"https:\\\/\\\/hotnewsinworld.com\\\/hu\\\/wp-content\\\/uploads\\\/sites\\\/3\\\/2019\\\/09\\\/Magyarorsz\u00e1g-els\u0151-okosv\u00e1rosa-lesz-a-Ligetben.jpg\",\"articleSection\":[\"LEG\u00daJABB P\u00c9NZ\u00dcGYI H\u00cdREK\"],\"inLanguage\":\"hu\",\"potentialAction\":[{\"@type\":\"CommentAction\",\"name\":\"Comment\",\"target\":[\"https:\\\/\\\/hotnewsinworld.com\\\/hu\\\/magyarorszag-elso-okosvarosa-lesz-a-ligetben\\\/#respond\"]}]},{\"@type\":\"WebPage\",\"@id\":\"https:\\\/\\\/hotnewsinworld.com\\\/hu\\\/magyarorszag-elso-okosvarosa-lesz-a-ligetben\\\/\",\"url\":\"https:\\\/\\\/hotnewsinworld.com\\\/hu\\\/magyarorszag-elso-okosvarosa-lesz-a-ligetben\\\/\",\"name\":\"Magyarorsz\u00e1g els\u0151 okosv\u00e1rosa lesz a Ligetben - Hot News in World\",\"isPartOf\":{\"@id\":\"https:\\\/\\\/hotnewsinworld.com\\\/hu\\\/#website\"},\"primaryImageOfPage\":{\"@id\":\"https:\\\/\\\/hotnewsinworld.com\\\/hu\\\/magyarorszag-elso-okosvarosa-lesz-a-ligetben\\\/#primaryimage\"},\"image\":{\"@id\":\"https:\\\/\\\/hotnewsinworld.com\\\/hu\\\/magyarorszag-elso-okosvarosa-lesz-a-ligetben\\\/#primaryimage\"},\"thumbnailUrl\":\"https:\\\/\\\/hotnewsinworld.com\\\/hu\\\/wp-content\\\/uploads\\\/sites\\\/3\\\/2019\\\/09\\\/Magyarorsz\u00e1g-els\u0151-okosv\u00e1rosa-lesz-a-Ligetben.jpg\",\"datePublished\":\"2019-09-17T01:10:03+00:00\",\"dateModified\":\"2019-09-17T01:10:05+00:00\",\"author\":{\"@id\":\"https:\\\/\\\/hotnewsinworld.com\\\/hu\\\/#\\\/schema\\\/person\\\/fe61448b21c0d59086e75fcc1f9d8f6b\"},\"breadcrumb\":{\"@id\":\"https:\\\/\\\/hotnewsinworld.com\\\/hu\\\/magyarorszag-elso-okosvarosa-lesz-a-ligetben\\\/#breadcrumb\"},\"inLanguage\":\"hu\",\"potentialAction\":[{\"@type\":\"ReadAction\",\"target\":[\"https:\\\/\\\/hotnewsinworld.com\\\/hu\\\/magyarorszag-elso-okosvarosa-lesz-a-ligetben\\\/\"]}]},{\"@type\":\"ImageObject\",\"inLanguage\":\"hu\",\"@id\":\"https:\\\/\\\/hotnewsinworld.com\\\/hu\\\/magyarorszag-elso-okosvarosa-lesz-a-ligetben\\\/#primaryimage\",\"url\":\"https:\\\/\\\/hotnewsinworld.com\\\/hu\\\/wp-content\\\/uploads\\\/sites\\\/3\\\/2019\\\/09\\\/Magyarorsz\u00e1g-els\u0151-okosv\u00e1rosa-lesz-a-Ligetben.jpg\",\"contentUrl\":\"https:\\\/\\\/hotnewsinworld.com\\\/hu\\\/wp-content\\\/uploads\\\/sites\\\/3\\\/2019\\\/09\\\/Magyarorsz\u00e1g-els\u0151-okosv\u00e1rosa-lesz-a-Ligetben.jpg\",\"width\":2880,\"height\":1907,\"caption\":\"Magyarorsz\u00e1g els\u0151 okosv\u00e1rosa lesz a Ligetben\"},{\"@type\":\"BreadcrumbList\",\"@id\":\"https:\\\/\\\/hotnewsinworld.com\\\/hu\\\/magyarorszag-elso-okosvarosa-lesz-a-ligetben\\\/#breadcrumb\",\"itemListElement\":[{\"@type\":\"ListItem\",\"position\":1,\"name\":\"\u0413\u043b\u0430\u0432\u043d\u0430\u044f \u0441\u0442\u0440\u0430\u043d\u0438\u0446\u0430\",\"item\":\"https:\\\/\\\/hotnewsinworld.com\\\/hu\\\/\"},{\"@type\":\"ListItem\",\"position\":2,\"name\":\"Magyarorsz\u00e1g els\u0151 okosv\u00e1rosa lesz a Ligetben\"}]},{\"@type\":\"WebSite\",\"@id\":\"https:\\\/\\\/hotnewsinworld.com\\\/hu\\\/#website\",\"url\":\"https:\\\/\\\/hotnewsinworld.com\\\/hu\\\/\",\"name\":\"Hot News in World\",\"description\":\"Hot News in World from Hungary\",\"potentialAction\":[{\"@type\":\"SearchAction\",\"target\":{\"@type\":\"EntryPoint\",\"urlTemplate\":\"https:\\\/\\\/hotnewsinworld.com\\\/hu\\\/?s={search_term_string}\"},\"query-input\":{\"@type\":\"PropertyValueSpecification\",\"valueRequired\":true,\"valueName\":\"search_term_string\"}}],\"inLanguage\":\"hu\"},{\"@type\":\"Person\",\"@id\":\"https:\\\/\\\/hotnewsinworld.com\\\/hu\\\/#\\\/schema\\\/person\\\/fe61448b21c0d59086e75fcc1f9d8f6b\",\"name\":\"hotnewsinworld\",\"image\":{\"@type\":\"ImageObject\",\"inLanguage\":\"hu\",\"@id\":\"https:\\\/\\\/secure.gravatar.com\\\/avatar\\\/8a09ac165600ce2e1c38fe593c63928eb1e6e7ba5c5a907d67787c41b3d00c14?s=96&d=mm&r=g\",\"url\":\"https:\\\/\\\/secure.gravatar.com\\\/avatar\\\/8a09ac165600ce2e1c38fe593c63928eb1e6e7ba5c5a907d67787c41b3d00c14?s=96&d=mm&r=g\",\"contentUrl\":\"https:\\\/\\\/secure.gravatar.com\\\/avatar\\\/8a09ac165600ce2e1c38fe593c63928eb1e6e7ba5c5a907d67787c41b3d00c14?s=96&d=mm&r=g\",\"caption\":\"hotnewsinworld\"},\"url\":\"https:\\\/\\\/hotnewsinworld.com\\\/hu\\\/author\\\/pt\\\/\"}]}<\/script>\n<!-- \/ Yoast SEO plugin. -->","yoast_head_json":{"title":"Magyarorsz\u00e1g els\u0151 okosv\u00e1rosa lesz a Ligetben - Hot News in World","robots":{"index":"index","follow":"follow","max-snippet":"max-snippet:-1","max-image-preview":"max-image-preview:large","max-video-preview":"max-video-preview:-1"},"canonical":"https:\/\/hotnewsinworld.com\/hu\/magyarorszag-elso-okosvarosa-lesz-a-ligetben\/","og_locale":"hu_HU","og_type":"article","og_title":"Magyarorsz\u00e1g els\u0151 okosv\u00e1rosa lesz a Ligetben - Hot News in World","og_description":"Lok\u00e1l, 2019. 09. 17. 00:01Magyarorsz\u00e1g egyik els\u0151 okosv\u00e1rosr\u00e9sze j\u00f6n l\u00e9tre 2023-ra a Liget Budapest Projekt r\u00e9v\u00e9n. A Smart Liget koncepci\u00f3ja az Eur\u00f3p\u00e1ban is egyed\u00fcl\u00e1ll\u00f3 megold\u00e1sokkal a f\u0151v\u00e1ros egyik legk\u00f6rnyezetbar\u00e1tabb, z\u00e9r\u00f3 k\u00e1rosanyag-kibocs\u00e1t\u00e1ssal m\u0171k\u00f6d\u0151 hely\u00e9v\u00e9 teszi a v\u00e1rosr\u00e9szt.A park teljesen aut\u00f3mentess\u00e9 v\u00e1lik, meg\u00fajul\u00f3 er\u0151forr\u00e1sokat alkalmaznak a m\u0171k\u00f6dtet\u00e9s\u00e9hez, \u00e9s a n\u00f6v\u00e9nyzetet is teljesen fel\u00faj\u00edtj\u00e1k, \u00edgy \u00e9rik el, hogy [&hellip;]","og_url":"https:\/\/hotnewsinworld.com\/hu\/magyarorszag-elso-okosvarosa-lesz-a-ligetben\/","og_site_name":"Hot News in World","article_published_time":"2019-09-17T01:10:03+00:00","article_modified_time":"2019-09-17T01:10:05+00:00","og_image":[{"width":2880,"height":1907,"url":"https:\/\/hotnewsinworld.com\/hu\/wp-content\/uploads\/sites\/3\/2019\/09\/Magyarorsz\u00e1g-els\u0151-okosv\u00e1rosa-lesz-a-Ligetben.jpg","type":"image\/jpeg"}],"author":"hotnewsinworld","twitter_card":"summary_large_image","twitter_misc":{"Szerz\u0151:":"hotnewsinworld","Becs\u00fclt olvas\u00e1si id\u0151":"2 perc"},"schema":{"@context":"https:\/\/schema.org","@graph":[{"@type":"Article","@id":"https:\/\/hotnewsinworld.com\/hu\/magyarorszag-elso-okosvarosa-lesz-a-ligetben\/#article","isPartOf":{"@id":"https:\/\/hotnewsinworld.com\/hu\/magyarorszag-elso-okosvarosa-lesz-a-ligetben\/"},"author":{"name":"hotnewsinworld","@id":"https:\/\/hotnewsinworld.com\/hu\/#\/schema\/person\/fe61448b21c0d59086e75fcc1f9d8f6b"},"headline":"Magyarorsz\u00e1g els\u0151 okosv\u00e1rosa lesz a Ligetben","datePublished":"2019-09-17T01:10:03+00:00","dateModified":"2019-09-17T01:10:05+00:00","mainEntityOfPage":{"@id":"https:\/\/hotnewsinworld.com\/hu\/magyarorszag-elso-okosvarosa-lesz-a-ligetben\/"},"wordCount":403,"commentCount":0,"image":{"@id":"https:\/\/hotnewsinworld.com\/hu\/magyarorszag-elso-okosvarosa-lesz-a-ligetben\/#primaryimage"},"thumbnailUrl":"https:\/\/hotnewsinworld.com\/hu\/wp-content\/uploads\/sites\/3\/2019\/09\/Magyarorsz\u00e1g-els\u0151-okosv\u00e1rosa-lesz-a-Ligetben.jpg","articleSection":["LEG\u00daJABB P\u00c9NZ\u00dcGYI H\u00cdREK"],"inLanguage":"hu","potentialAction":[{"@type":"CommentAction","name":"Comment","target":["https:\/\/hotnewsinworld.com\/hu\/magyarorszag-elso-okosvarosa-lesz-a-ligetben\/#respond"]}]},{"@type":"WebPage","@id":"https:\/\/hotnewsinworld.com\/hu\/magyarorszag-elso-okosvarosa-lesz-a-ligetben\/","url":"https:\/\/hotnewsinworld.com\/hu\/magyarorszag-elso-okosvarosa-lesz-a-ligetben\/","name":"Magyarorsz\u00e1g els\u0151 okosv\u00e1rosa lesz a Ligetben - Hot News in World","isPartOf":{"@id":"https:\/\/hotnewsinworld.com\/hu\/#website"},"primaryImageOfPage":{"@id":"https:\/\/hotnewsinworld.com\/hu\/magyarorszag-elso-okosvarosa-lesz-a-ligetben\/#primaryimage"},"image":{"@id":"https:\/\/hotnewsinworld.com\/hu\/magyarorszag-elso-okosvarosa-lesz-a-ligetben\/#primaryimage"},"thumbnailUrl":"https:\/\/hotnewsinworld.com\/hu\/wp-content\/uploads\/sites\/3\/2019\/09\/Magyarorsz\u00e1g-els\u0151-okosv\u00e1rosa-lesz-a-Ligetben.jpg","datePublished":"2019-09-17T01:10:03+00:00","dateModified":"2019-09-17T01:10:05+00:00","author":{"@id":"https:\/\/hotnewsinworld.com\/hu\/#\/schema\/person\/fe61448b21c0d59086e75fcc1f9d8f6b"},"breadcrumb":{"@id":"https:\/\/hotnewsinworld.com\/hu\/magyarorszag-elso-okosvarosa-lesz-a-ligetben\/#breadcrumb"},"inLanguage":"hu","potentialAction":[{"@type":"ReadAction","target":["https:\/\/hotnewsinworld.com\/hu\/magyarorszag-elso-okosvarosa-lesz-a-ligetben\/"]}]},{"@type":"ImageObject","inLanguage":"hu","@id":"https:\/\/hotnewsinworld.com\/hu\/magyarorszag-elso-okosvarosa-lesz-a-ligetben\/#primaryimage","url":"https:\/\/hotnewsinworld.com\/hu\/wp-content\/uploads\/sites\/3\/2019\/09\/Magyarorsz\u00e1g-els\u0151-okosv\u00e1rosa-lesz-a-Ligetben.jpg","contentUrl":"https:\/\/hotnewsinworld.com\/hu\/wp-content\/uploads\/sites\/3\/2019\/09\/Magyarorsz\u00e1g-els\u0151-okosv\u00e1rosa-lesz-a-Ligetben.jpg","width":2880,"height":1907,"caption":"Magyarorsz\u00e1g els\u0151 okosv\u00e1rosa lesz a Ligetben"},{"@type":"BreadcrumbList","@id":"https:\/\/hotnewsinworld.com\/hu\/magyarorszag-elso-okosvarosa-lesz-a-ligetben\/#breadcrumb","itemListElement":[{"@type":"ListItem","position":1,"name":"\u0413\u043b\u0430\u0432\u043d\u0430\u044f \u0441\u0442\u0440\u0430\u043d\u0438\u0446\u0430","item":"https:\/\/hotnewsinworld.com\/hu\/"},{"@type":"ListItem","position":2,"name":"Magyarorsz\u00e1g els\u0151 okosv\u00e1rosa lesz a Ligetben"}]},{"@type":"WebSite","@id":"https:\/\/hotnewsinworld.com\/hu\/#website","url":"https:\/\/hotnewsinworld.com\/hu\/","name":"Hot News in World","description":"Hot News in World from Hungary","potentialAction":[{"@type":"SearchAction","target":{"@type":"EntryPoint","urlTemplate":"https:\/\/hotnewsinworld.com\/hu\/?s={search_term_string}"},"query-input":{"@type":"PropertyValueSpecification","valueRequired":true,"valueName":"search_term_string"}}],"inLanguage":"hu"},{"@type":"Person","@id":"https:\/\/hotnewsinworld.com\/hu\/#\/schema\/person\/fe61448b21c0d59086e75fcc1f9d8f6b","name":"hotnewsinworld","image":{"@type":"ImageObject","inLanguage":"hu","@id":"https:\/\/secure.gravatar.com\/avatar\/8a09ac165600ce2e1c38fe593c63928eb1e6e7ba5c5a907d67787c41b3d00c14?s=96&d=mm&r=g","url":"https:\/\/secure.gravatar.com\/avatar\/8a09ac165600ce2e1c38fe593c63928eb1e6e7ba5c5a907d67787c41b3d00c14?s=96&d=mm&r=g","contentUrl":"https:\/\/secure.gravatar.com\/avatar\/8a09ac165600ce2e1c38fe593c63928eb1e6e7ba5c5a907d67787c41b3d00c14?s=96&d=mm&r=g","caption":"hotnewsinworld"},"url":"https:\/\/hotnewsinworld.com\/hu\/author\/pt\/"}]}},"_links":{"self":[{"href":"https:\/\/hotnewsinworld.com\/hu\/wp-json\/wp\/v2\/posts\/2178","targetHints":{"allow":["GET"]}}],"collection":[{"href":"https:\/\/hotnewsinworld.com\/hu\/wp-json\/wp\/v2\/posts"}],"about":[{"href":"https:\/\/hotnewsinworld.com\/hu\/wp-json\/wp\/v2\/types\/post"}],"author":[{"embeddable":true,"href":"https:\/\/hotnewsinworld.com\/hu\/wp-json\/wp\/v2\/users\/2"}],"replies":[{"embeddable":true,"href":"https:\/\/hotnewsinworld.com\/hu\/wp-json\/wp\/v2\/comments?post=2178"}],"version-history":[{"count":1,"href":"https:\/\/hotnewsinworld.com\/hu\/wp-json\/wp\/v2\/posts\/2178\/revisions"}],"predecessor-version":[{"id":2180,"href":"https:\/\/hotnewsinworld.com\/hu\/wp-json\/wp\/v2\/posts\/2178\/revisions\/2180"}],"wp:featuredmedia":[{"embeddable":true,"href":"https:\/\/hotnewsinworld.com\/hu\/wp-json\/wp\/v2\/media\/2179"}],"wp:attachment":[{"href":"https:\/\/hotnewsinworld.com\/hu\/wp-json\/wp\/v2\/media?parent=2178"}],"wp:term":[{"taxonomy":"category","embeddable":true,"href":"https:\/\/hotnewsinworld.com\/hu\/wp-json\/wp\/v2\/categories?post=2178"},{"taxonomy":"post_tag","embeddable":true,"href":"https:\/\/hotnewsinworld.com\/hu\/wp-json\/wp\/v2\/tags?post=2178"}],"curies":[{"name":"wp","href":"https:\/\/api.w.org\/{rel}","templated":true}]}}