{"id":2190,"date":"2019-09-17T09:56:17","date_gmt":"2019-09-17T06:56:17","guid":{"rendered":"https:\/\/hotnewsinworld.com\/hu\/bekes-megyeben-tortent-a-magyar-rendorseg-hivatalos-honlapja\/"},"modified":"2019-09-17T09:56:18","modified_gmt":"2019-09-17T06:56:18","slug":"bekes-megyeben-tortent-a-magyar-rendorseg-hivatalos-honlapja","status":"publish","type":"post","link":"https:\/\/hotnewsinworld.com\/hu\/bekes-megyeben-tortent-a-magyar-rendorseg-hivatalos-honlapja\/","title":{"rendered":"B\u00e9k\u00e9s megy\u00e9ben t\u00f6rt\u00e9nt | A Magyar Rend\u0151rs\u00e9g hivatalos honlapja"},"content":{"rendered":"\n<p>            K\u00f6zleked\u00e9si baleset, egyedi azonos\u00edt\u00f3 jellel vissza\u00e9l\u00e9s \u00e9s k\u00f6r\u00f6z\u00e9s alapj\u00e1n t\u00f6rt\u00e9nt rend\u0151ri int\u00e9zked\u00e9s.<\/p>\n<p>            B\u00e9k\u00e9scsab\u00e1n, a Gyulai \u00faton, 2019. szeptember 13-\u00e1n 19 \u00f3ra k\u00f6r\u00fcl szem\u00e9lyg\u00e9pkocsi ker\u00e9kp\u00e1rossal \u00fctk\u00f6z\u00f6tt. A ker\u00e9kp\u00e1ros 8 napon t\u00fal gy\u00f3gyul\u00f3 csontt\u00f6r\u00e9st szenvedett.<\/p>\n<p>A gyulai k\u00f6z\u00fati hat\u00e1r\u00e1tkel\u0151helyen, 2019. szeptember 13-\u00e1n 16 \u00f3ra k\u00f6r\u00fcl egy bolg\u00e1r f\u00e9rfi kil\u00e9p\u00e9sre jelentkezett egy teherg\u00e9pkocsival, amelyen egy osztr\u00e1k v\u00e1mrendsz\u00e1m volt. A hat\u00e1rrend\u00e9szek meg\u00e1llap\u00edtott\u00e1k, hogy a rendsz\u00e1mot \u00e9s az ahhoz tartoz\u00f3 forgalmi enged\u00e9lyt egy m\u00e1sik j\u00e1rm\u0171re adt\u00e1k ki. A teherg\u00e9pkocsi vezet\u0151j\u00e9t el\u0151\u00e1ll\u00edtott\u00e1k a Gyulai Rend\u0151rkapit\u00e1nys\u00e1gra, ahol egyedi azonos\u00edt\u00f3 jellel vissza\u00e9l\u00e9s miatt b\u00fcntet\u0151elj\u00e1r\u00e1s indult.<\/p>\n<p>A Szeghalmi Rend\u0151rkapit\u00e1nys\u00e1g rend\u0151rei 2019. szeptember 13-\u00e1n el\u0151\u00e1ll\u00edtottak egy gyomaendr\u0151di n\u0151t, akinek a rend\u0151rs\u00e9g tart\u00e1si k\u00f6telezetts\u00e9g elmulaszt\u00e1sa miatt rendelte el a k\u00f6r\u00f6z\u00e9s\u00e9t. A n\u0151t gyan\u00fas\u00edtottk\u00e9nt kihallgatt\u00e1k.<\/p>\n<p>\n<!--noindex--><br \/>\n<a href=\"https:\/\/hirek.oldal.info\/rssclick\/14402927\" rel=\"nofollow\">Source link <\/a><br \/>\n<!--\/noindex--><\/p>\n","protected":false},"excerpt":{"rendered":"<p>K\u00f6zleked\u00e9si baleset, egyedi azonos\u00edt\u00f3 jellel vissza\u00e9l\u00e9s \u00e9s k\u00f6r\u00f6z\u00e9s alapj\u00e1n t\u00f6rt\u00e9nt rend\u0151ri int\u00e9zked\u00e9s. B\u00e9k\u00e9scsab\u00e1n, a Gyulai \u00faton, 2019. szeptember 13-\u00e1n 19 \u00f3ra k\u00f6r\u00fcl szem\u00e9lyg\u00e9pkocsi ker\u00e9kp\u00e1rossal \u00fctk\u00f6z\u00f6tt. A ker\u00e9kp\u00e1ros 8 napon t\u00fal gy\u00f3gyul\u00f3 csontt\u00f6r\u00e9st szenvedett. A gyulai k\u00f6z\u00fati hat\u00e1r\u00e1tkel\u0151helyen, 2019. szeptember 13-\u00e1n 16 \u00f3ra k\u00f6r\u00fcl egy bolg\u00e1r f\u00e9rfi kil\u00e9p\u00e9sre jelentkezett egy teherg\u00e9pkocsival, amelyen egy osztr\u00e1k v\u00e1mrendsz\u00e1m volt. [&hellip;]<\/p>\n","protected":false},"author":2,"featured_media":2191,"comment_status":"open","ping_status":"open","sticky":false,"template":"","format":"standard","meta":{"footnotes":""},"categories":[1],"tags":[],"class_list":["post-2190","post","type-post","status-publish","format-standard","has-post-thumbnail","hentry","category-legujabb-penzugyi-hirek"],"yoast_head":"<!-- This site is optimized with the Yoast SEO plugin v27.4 - https:\/\/yoast.com\/product\/yoast-seo-wordpress\/ -->\n<title>B\u00e9k\u00e9s megy\u00e9ben t\u00f6rt\u00e9nt | A Magyar Rend\u0151rs\u00e9g hivatalos honlapja - Hot News in World<\/title>\n<meta name=\"robots\" content=\"index, follow, max-snippet:-1, max-image-preview:large, max-video-preview:-1\" \/>\n<link rel=\"canonical\" href=\"https:\/\/hotnewsinworld.com\/hu\/bekes-megyeben-tortent-a-magyar-rendorseg-hivatalos-honlapja\/\" \/>\n<meta property=\"og:locale\" content=\"hu_HU\" \/>\n<meta property=\"og:type\" content=\"article\" \/>\n<meta property=\"og:title\" content=\"B\u00e9k\u00e9s megy\u00e9ben t\u00f6rt\u00e9nt | A Magyar Rend\u0151rs\u00e9g hivatalos honlapja - Hot News in World\" \/>\n<meta property=\"og:description\" content=\"K\u00f6zleked\u00e9si baleset, egyedi azonos\u00edt\u00f3 jellel vissza\u00e9l\u00e9s \u00e9s k\u00f6r\u00f6z\u00e9s alapj\u00e1n t\u00f6rt\u00e9nt rend\u0151ri int\u00e9zked\u00e9s. B\u00e9k\u00e9scsab\u00e1n, a Gyulai \u00faton, 2019. szeptember 13-\u00e1n 19 \u00f3ra k\u00f6r\u00fcl szem\u00e9lyg\u00e9pkocsi ker\u00e9kp\u00e1rossal \u00fctk\u00f6z\u00f6tt. A ker\u00e9kp\u00e1ros 8 napon t\u00fal gy\u00f3gyul\u00f3 csontt\u00f6r\u00e9st szenvedett. A gyulai k\u00f6z\u00fati hat\u00e1r\u00e1tkel\u0151helyen, 2019. szeptember 13-\u00e1n 16 \u00f3ra k\u00f6r\u00fcl egy bolg\u00e1r f\u00e9rfi kil\u00e9p\u00e9sre jelentkezett egy teherg\u00e9pkocsival, amelyen egy osztr\u00e1k v\u00e1mrendsz\u00e1m volt. [&hellip;]\" \/>\n<meta property=\"og:url\" content=\"https:\/\/hotnewsinworld.com\/hu\/bekes-megyeben-tortent-a-magyar-rendorseg-hivatalos-honlapja\/\" \/>\n<meta property=\"og:site_name\" content=\"Hot News in World\" \/>\n<meta property=\"article:published_time\" content=\"2019-09-17T06:56:17+00:00\" \/>\n<meta property=\"article:modified_time\" content=\"2019-09-17T06:56:18+00:00\" \/>\n<meta property=\"og:image\" content=\"https:\/\/hotnewsinworld.com\/hu\/wp-content\/uploads\/sites\/3\/2019\/09\/B\u00e9k\u00e9s-megy\u00e9ben-t\u00f6rt\u00e9nt-A-Magyar-Rend\u0151rs\u00e9g-hivatalos-honlapja.jpg\" \/>\n\t<meta property=\"og:image:width\" content=\"751\" \/>\n\t<meta property=\"og:image:height\" content=\"500\" \/>\n\t<meta property=\"og:image:type\" content=\"image\/jpeg\" \/>\n<meta name=\"author\" content=\"hotnewsinworld\" \/>\n<meta name=\"twitter:card\" content=\"summary_large_image\" \/>\n<meta name=\"twitter:label1\" content=\"Szerz\u0151:\" \/>\n\t<meta name=\"twitter:data1\" content=\"hotnewsinworld\" \/>\n\t<meta name=\"twitter:label2\" content=\"Becs\u00fclt olvas\u00e1si id\u0151\" \/>\n\t<meta name=\"twitter:data2\" content=\"1 perc\" \/>\n<script type=\"application\/ld+json\" class=\"yoast-schema-graph\">{\"@context\":\"https:\\\/\\\/schema.org\",\"@graph\":[{\"@type\":\"Article\",\"@id\":\"https:\\\/\\\/hotnewsinworld.com\\\/hu\\\/bekes-megyeben-tortent-a-magyar-rendorseg-hivatalos-honlapja\\\/#article\",\"isPartOf\":{\"@id\":\"https:\\\/\\\/hotnewsinworld.com\\\/hu\\\/bekes-megyeben-tortent-a-magyar-rendorseg-hivatalos-honlapja\\\/\"},\"author\":{\"name\":\"hotnewsinworld\",\"@id\":\"https:\\\/\\\/hotnewsinworld.com\\\/hu\\\/#\\\/schema\\\/person\\\/fe61448b21c0d59086e75fcc1f9d8f6b\"},\"headline\":\"B\u00e9k\u00e9s megy\u00e9ben t\u00f6rt\u00e9nt | A Magyar Rend\u0151rs\u00e9g hivatalos honlapja\",\"datePublished\":\"2019-09-17T06:56:17+00:00\",\"dateModified\":\"2019-09-17T06:56:18+00:00\",\"mainEntityOfPage\":{\"@id\":\"https:\\\/\\\/hotnewsinworld.com\\\/hu\\\/bekes-megyeben-tortent-a-magyar-rendorseg-hivatalos-honlapja\\\/\"},\"wordCount\":223,\"commentCount\":0,\"image\":{\"@id\":\"https:\\\/\\\/hotnewsinworld.com\\\/hu\\\/bekes-megyeben-tortent-a-magyar-rendorseg-hivatalos-honlapja\\\/#primaryimage\"},\"thumbnailUrl\":\"https:\\\/\\\/hotnewsinworld.com\\\/hu\\\/wp-content\\\/uploads\\\/sites\\\/3\\\/2019\\\/09\\\/B\u00e9k\u00e9s-megy\u00e9ben-t\u00f6rt\u00e9nt-A-Magyar-Rend\u0151rs\u00e9g-hivatalos-honlapja.jpg\",\"articleSection\":[\"LEG\u00daJABB P\u00c9NZ\u00dcGYI H\u00cdREK\"],\"inLanguage\":\"hu\",\"potentialAction\":[{\"@type\":\"CommentAction\",\"name\":\"Comment\",\"target\":[\"https:\\\/\\\/hotnewsinworld.com\\\/hu\\\/bekes-megyeben-tortent-a-magyar-rendorseg-hivatalos-honlapja\\\/#respond\"]}]},{\"@type\":\"WebPage\",\"@id\":\"https:\\\/\\\/hotnewsinworld.com\\\/hu\\\/bekes-megyeben-tortent-a-magyar-rendorseg-hivatalos-honlapja\\\/\",\"url\":\"https:\\\/\\\/hotnewsinworld.com\\\/hu\\\/bekes-megyeben-tortent-a-magyar-rendorseg-hivatalos-honlapja\\\/\",\"name\":\"B\u00e9k\u00e9s megy\u00e9ben t\u00f6rt\u00e9nt | A Magyar Rend\u0151rs\u00e9g hivatalos honlapja - Hot News in World\",\"isPartOf\":{\"@id\":\"https:\\\/\\\/hotnewsinworld.com\\\/hu\\\/#website\"},\"primaryImageOfPage\":{\"@id\":\"https:\\\/\\\/hotnewsinworld.com\\\/hu\\\/bekes-megyeben-tortent-a-magyar-rendorseg-hivatalos-honlapja\\\/#primaryimage\"},\"image\":{\"@id\":\"https:\\\/\\\/hotnewsinworld.com\\\/hu\\\/bekes-megyeben-tortent-a-magyar-rendorseg-hivatalos-honlapja\\\/#primaryimage\"},\"thumbnailUrl\":\"https:\\\/\\\/hotnewsinworld.com\\\/hu\\\/wp-content\\\/uploads\\\/sites\\\/3\\\/2019\\\/09\\\/B\u00e9k\u00e9s-megy\u00e9ben-t\u00f6rt\u00e9nt-A-Magyar-Rend\u0151rs\u00e9g-hivatalos-honlapja.jpg\",\"datePublished\":\"2019-09-17T06:56:17+00:00\",\"dateModified\":\"2019-09-17T06:56:18+00:00\",\"author\":{\"@id\":\"https:\\\/\\\/hotnewsinworld.com\\\/hu\\\/#\\\/schema\\\/person\\\/fe61448b21c0d59086e75fcc1f9d8f6b\"},\"breadcrumb\":{\"@id\":\"https:\\\/\\\/hotnewsinworld.com\\\/hu\\\/bekes-megyeben-tortent-a-magyar-rendorseg-hivatalos-honlapja\\\/#breadcrumb\"},\"inLanguage\":\"hu\",\"potentialAction\":[{\"@type\":\"ReadAction\",\"target\":[\"https:\\\/\\\/hotnewsinworld.com\\\/hu\\\/bekes-megyeben-tortent-a-magyar-rendorseg-hivatalos-honlapja\\\/\"]}]},{\"@type\":\"ImageObject\",\"inLanguage\":\"hu\",\"@id\":\"https:\\\/\\\/hotnewsinworld.com\\\/hu\\\/bekes-megyeben-tortent-a-magyar-rendorseg-hivatalos-honlapja\\\/#primaryimage\",\"url\":\"https:\\\/\\\/hotnewsinworld.com\\\/hu\\\/wp-content\\\/uploads\\\/sites\\\/3\\\/2019\\\/09\\\/B\u00e9k\u00e9s-megy\u00e9ben-t\u00f6rt\u00e9nt-A-Magyar-Rend\u0151rs\u00e9g-hivatalos-honlapja.jpg\",\"contentUrl\":\"https:\\\/\\\/hotnewsinworld.com\\\/hu\\\/wp-content\\\/uploads\\\/sites\\\/3\\\/2019\\\/09\\\/B\u00e9k\u00e9s-megy\u00e9ben-t\u00f6rt\u00e9nt-A-Magyar-Rend\u0151rs\u00e9g-hivatalos-honlapja.jpg\",\"width\":751,\"height\":500,\"caption\":\"B\u00e9k\u00e9s megy\u00e9ben t\u00f6rt\u00e9nt | A Magyar Rend\u0151rs\u00e9g hivatalos honlapja\"},{\"@type\":\"BreadcrumbList\",\"@id\":\"https:\\\/\\\/hotnewsinworld.com\\\/hu\\\/bekes-megyeben-tortent-a-magyar-rendorseg-hivatalos-honlapja\\\/#breadcrumb\",\"itemListElement\":[{\"@type\":\"ListItem\",\"position\":1,\"name\":\"\u0413\u043b\u0430\u0432\u043d\u0430\u044f \u0441\u0442\u0440\u0430\u043d\u0438\u0446\u0430\",\"item\":\"https:\\\/\\\/hotnewsinworld.com\\\/hu\\\/\"},{\"@type\":\"ListItem\",\"position\":2,\"name\":\"B\u00e9k\u00e9s megy\u00e9ben t\u00f6rt\u00e9nt | A Magyar Rend\u0151rs\u00e9g hivatalos honlapja\"}]},{\"@type\":\"WebSite\",\"@id\":\"https:\\\/\\\/hotnewsinworld.com\\\/hu\\\/#website\",\"url\":\"https:\\\/\\\/hotnewsinworld.com\\\/hu\\\/\",\"name\":\"Hot News in World\",\"description\":\"Hot News in World from Hungary\",\"potentialAction\":[{\"@type\":\"SearchAction\",\"target\":{\"@type\":\"EntryPoint\",\"urlTemplate\":\"https:\\\/\\\/hotnewsinworld.com\\\/hu\\\/?s={search_term_string}\"},\"query-input\":{\"@type\":\"PropertyValueSpecification\",\"valueRequired\":true,\"valueName\":\"search_term_string\"}}],\"inLanguage\":\"hu\"},{\"@type\":\"Person\",\"@id\":\"https:\\\/\\\/hotnewsinworld.com\\\/hu\\\/#\\\/schema\\\/person\\\/fe61448b21c0d59086e75fcc1f9d8f6b\",\"name\":\"hotnewsinworld\",\"image\":{\"@type\":\"ImageObject\",\"inLanguage\":\"hu\",\"@id\":\"https:\\\/\\\/secure.gravatar.com\\\/avatar\\\/8a09ac165600ce2e1c38fe593c63928eb1e6e7ba5c5a907d67787c41b3d00c14?s=96&d=mm&r=g\",\"url\":\"https:\\\/\\\/secure.gravatar.com\\\/avatar\\\/8a09ac165600ce2e1c38fe593c63928eb1e6e7ba5c5a907d67787c41b3d00c14?s=96&d=mm&r=g\",\"contentUrl\":\"https:\\\/\\\/secure.gravatar.com\\\/avatar\\\/8a09ac165600ce2e1c38fe593c63928eb1e6e7ba5c5a907d67787c41b3d00c14?s=96&d=mm&r=g\",\"caption\":\"hotnewsinworld\"},\"url\":\"https:\\\/\\\/hotnewsinworld.com\\\/hu\\\/author\\\/pt\\\/\"}]}<\/script>\n<!-- \/ Yoast SEO plugin. -->","yoast_head_json":{"title":"B\u00e9k\u00e9s megy\u00e9ben t\u00f6rt\u00e9nt | A Magyar Rend\u0151rs\u00e9g hivatalos honlapja - Hot News in World","robots":{"index":"index","follow":"follow","max-snippet":"max-snippet:-1","max-image-preview":"max-image-preview:large","max-video-preview":"max-video-preview:-1"},"canonical":"https:\/\/hotnewsinworld.com\/hu\/bekes-megyeben-tortent-a-magyar-rendorseg-hivatalos-honlapja\/","og_locale":"hu_HU","og_type":"article","og_title":"B\u00e9k\u00e9s megy\u00e9ben t\u00f6rt\u00e9nt | A Magyar Rend\u0151rs\u00e9g hivatalos honlapja - Hot News in World","og_description":"K\u00f6zleked\u00e9si baleset, egyedi azonos\u00edt\u00f3 jellel vissza\u00e9l\u00e9s \u00e9s k\u00f6r\u00f6z\u00e9s alapj\u00e1n t\u00f6rt\u00e9nt rend\u0151ri int\u00e9zked\u00e9s. B\u00e9k\u00e9scsab\u00e1n, a Gyulai \u00faton, 2019. szeptember 13-\u00e1n 19 \u00f3ra k\u00f6r\u00fcl szem\u00e9lyg\u00e9pkocsi ker\u00e9kp\u00e1rossal \u00fctk\u00f6z\u00f6tt. A ker\u00e9kp\u00e1ros 8 napon t\u00fal gy\u00f3gyul\u00f3 csontt\u00f6r\u00e9st szenvedett. A gyulai k\u00f6z\u00fati hat\u00e1r\u00e1tkel\u0151helyen, 2019. szeptember 13-\u00e1n 16 \u00f3ra k\u00f6r\u00fcl egy bolg\u00e1r f\u00e9rfi kil\u00e9p\u00e9sre jelentkezett egy teherg\u00e9pkocsival, amelyen egy osztr\u00e1k v\u00e1mrendsz\u00e1m volt. [&hellip;]","og_url":"https:\/\/hotnewsinworld.com\/hu\/bekes-megyeben-tortent-a-magyar-rendorseg-hivatalos-honlapja\/","og_site_name":"Hot News in World","article_published_time":"2019-09-17T06:56:17+00:00","article_modified_time":"2019-09-17T06:56:18+00:00","og_image":[{"width":751,"height":500,"url":"https:\/\/hotnewsinworld.com\/hu\/wp-content\/uploads\/sites\/3\/2019\/09\/B\u00e9k\u00e9s-megy\u00e9ben-t\u00f6rt\u00e9nt-A-Magyar-Rend\u0151rs\u00e9g-hivatalos-honlapja.jpg","type":"image\/jpeg"}],"author":"hotnewsinworld","twitter_card":"summary_large_image","twitter_misc":{"Szerz\u0151:":"hotnewsinworld","Becs\u00fclt olvas\u00e1si id\u0151":"1 perc"},"schema":{"@context":"https:\/\/schema.org","@graph":[{"@type":"Article","@id":"https:\/\/hotnewsinworld.com\/hu\/bekes-megyeben-tortent-a-magyar-rendorseg-hivatalos-honlapja\/#article","isPartOf":{"@id":"https:\/\/hotnewsinworld.com\/hu\/bekes-megyeben-tortent-a-magyar-rendorseg-hivatalos-honlapja\/"},"author":{"name":"hotnewsinworld","@id":"https:\/\/hotnewsinworld.com\/hu\/#\/schema\/person\/fe61448b21c0d59086e75fcc1f9d8f6b"},"headline":"B\u00e9k\u00e9s megy\u00e9ben t\u00f6rt\u00e9nt | A Magyar Rend\u0151rs\u00e9g hivatalos honlapja","datePublished":"2019-09-17T06:56:17+00:00","dateModified":"2019-09-17T06:56:18+00:00","mainEntityOfPage":{"@id":"https:\/\/hotnewsinworld.com\/hu\/bekes-megyeben-tortent-a-magyar-rendorseg-hivatalos-honlapja\/"},"wordCount":223,"commentCount":0,"image":{"@id":"https:\/\/hotnewsinworld.com\/hu\/bekes-megyeben-tortent-a-magyar-rendorseg-hivatalos-honlapja\/#primaryimage"},"thumbnailUrl":"https:\/\/hotnewsinworld.com\/hu\/wp-content\/uploads\/sites\/3\/2019\/09\/B\u00e9k\u00e9s-megy\u00e9ben-t\u00f6rt\u00e9nt-A-Magyar-Rend\u0151rs\u00e9g-hivatalos-honlapja.jpg","articleSection":["LEG\u00daJABB P\u00c9NZ\u00dcGYI H\u00cdREK"],"inLanguage":"hu","potentialAction":[{"@type":"CommentAction","name":"Comment","target":["https:\/\/hotnewsinworld.com\/hu\/bekes-megyeben-tortent-a-magyar-rendorseg-hivatalos-honlapja\/#respond"]}]},{"@type":"WebPage","@id":"https:\/\/hotnewsinworld.com\/hu\/bekes-megyeben-tortent-a-magyar-rendorseg-hivatalos-honlapja\/","url":"https:\/\/hotnewsinworld.com\/hu\/bekes-megyeben-tortent-a-magyar-rendorseg-hivatalos-honlapja\/","name":"B\u00e9k\u00e9s megy\u00e9ben t\u00f6rt\u00e9nt | A Magyar Rend\u0151rs\u00e9g hivatalos honlapja - Hot News in World","isPartOf":{"@id":"https:\/\/hotnewsinworld.com\/hu\/#website"},"primaryImageOfPage":{"@id":"https:\/\/hotnewsinworld.com\/hu\/bekes-megyeben-tortent-a-magyar-rendorseg-hivatalos-honlapja\/#primaryimage"},"image":{"@id":"https:\/\/hotnewsinworld.com\/hu\/bekes-megyeben-tortent-a-magyar-rendorseg-hivatalos-honlapja\/#primaryimage"},"thumbnailUrl":"https:\/\/hotnewsinworld.com\/hu\/wp-content\/uploads\/sites\/3\/2019\/09\/B\u00e9k\u00e9s-megy\u00e9ben-t\u00f6rt\u00e9nt-A-Magyar-Rend\u0151rs\u00e9g-hivatalos-honlapja.jpg","datePublished":"2019-09-17T06:56:17+00:00","dateModified":"2019-09-17T06:56:18+00:00","author":{"@id":"https:\/\/hotnewsinworld.com\/hu\/#\/schema\/person\/fe61448b21c0d59086e75fcc1f9d8f6b"},"breadcrumb":{"@id":"https:\/\/hotnewsinworld.com\/hu\/bekes-megyeben-tortent-a-magyar-rendorseg-hivatalos-honlapja\/#breadcrumb"},"inLanguage":"hu","potentialAction":[{"@type":"ReadAction","target":["https:\/\/hotnewsinworld.com\/hu\/bekes-megyeben-tortent-a-magyar-rendorseg-hivatalos-honlapja\/"]}]},{"@type":"ImageObject","inLanguage":"hu","@id":"https:\/\/hotnewsinworld.com\/hu\/bekes-megyeben-tortent-a-magyar-rendorseg-hivatalos-honlapja\/#primaryimage","url":"https:\/\/hotnewsinworld.com\/hu\/wp-content\/uploads\/sites\/3\/2019\/09\/B\u00e9k\u00e9s-megy\u00e9ben-t\u00f6rt\u00e9nt-A-Magyar-Rend\u0151rs\u00e9g-hivatalos-honlapja.jpg","contentUrl":"https:\/\/hotnewsinworld.com\/hu\/wp-content\/uploads\/sites\/3\/2019\/09\/B\u00e9k\u00e9s-megy\u00e9ben-t\u00f6rt\u00e9nt-A-Magyar-Rend\u0151rs\u00e9g-hivatalos-honlapja.jpg","width":751,"height":500,"caption":"B\u00e9k\u00e9s megy\u00e9ben t\u00f6rt\u00e9nt | A Magyar Rend\u0151rs\u00e9g hivatalos honlapja"},{"@type":"BreadcrumbList","@id":"https:\/\/hotnewsinworld.com\/hu\/bekes-megyeben-tortent-a-magyar-rendorseg-hivatalos-honlapja\/#breadcrumb","itemListElement":[{"@type":"ListItem","position":1,"name":"\u0413\u043b\u0430\u0432\u043d\u0430\u044f \u0441\u0442\u0440\u0430\u043d\u0438\u0446\u0430","item":"https:\/\/hotnewsinworld.com\/hu\/"},{"@type":"ListItem","position":2,"name":"B\u00e9k\u00e9s megy\u00e9ben t\u00f6rt\u00e9nt | A Magyar Rend\u0151rs\u00e9g hivatalos honlapja"}]},{"@type":"WebSite","@id":"https:\/\/hotnewsinworld.com\/hu\/#website","url":"https:\/\/hotnewsinworld.com\/hu\/","name":"Hot News in World","description":"Hot News in World from Hungary","potentialAction":[{"@type":"SearchAction","target":{"@type":"EntryPoint","urlTemplate":"https:\/\/hotnewsinworld.com\/hu\/?s={search_term_string}"},"query-input":{"@type":"PropertyValueSpecification","valueRequired":true,"valueName":"search_term_string"}}],"inLanguage":"hu"},{"@type":"Person","@id":"https:\/\/hotnewsinworld.com\/hu\/#\/schema\/person\/fe61448b21c0d59086e75fcc1f9d8f6b","name":"hotnewsinworld","image":{"@type":"ImageObject","inLanguage":"hu","@id":"https:\/\/secure.gravatar.com\/avatar\/8a09ac165600ce2e1c38fe593c63928eb1e6e7ba5c5a907d67787c41b3d00c14?s=96&d=mm&r=g","url":"https:\/\/secure.gravatar.com\/avatar\/8a09ac165600ce2e1c38fe593c63928eb1e6e7ba5c5a907d67787c41b3d00c14?s=96&d=mm&r=g","contentUrl":"https:\/\/secure.gravatar.com\/avatar\/8a09ac165600ce2e1c38fe593c63928eb1e6e7ba5c5a907d67787c41b3d00c14?s=96&d=mm&r=g","caption":"hotnewsinworld"},"url":"https:\/\/hotnewsinworld.com\/hu\/author\/pt\/"}]}},"_links":{"self":[{"href":"https:\/\/hotnewsinworld.com\/hu\/wp-json\/wp\/v2\/posts\/2190","targetHints":{"allow":["GET"]}}],"collection":[{"href":"https:\/\/hotnewsinworld.com\/hu\/wp-json\/wp\/v2\/posts"}],"about":[{"href":"https:\/\/hotnewsinworld.com\/hu\/wp-json\/wp\/v2\/types\/post"}],"author":[{"embeddable":true,"href":"https:\/\/hotnewsinworld.com\/hu\/wp-json\/wp\/v2\/users\/2"}],"replies":[{"embeddable":true,"href":"https:\/\/hotnewsinworld.com\/hu\/wp-json\/wp\/v2\/comments?post=2190"}],"version-history":[{"count":1,"href":"https:\/\/hotnewsinworld.com\/hu\/wp-json\/wp\/v2\/posts\/2190\/revisions"}],"predecessor-version":[{"id":2192,"href":"https:\/\/hotnewsinworld.com\/hu\/wp-json\/wp\/v2\/posts\/2190\/revisions\/2192"}],"wp:featuredmedia":[{"embeddable":true,"href":"https:\/\/hotnewsinworld.com\/hu\/wp-json\/wp\/v2\/media\/2191"}],"wp:attachment":[{"href":"https:\/\/hotnewsinworld.com\/hu\/wp-json\/wp\/v2\/media?parent=2190"}],"wp:term":[{"taxonomy":"category","embeddable":true,"href":"https:\/\/hotnewsinworld.com\/hu\/wp-json\/wp\/v2\/categories?post=2190"},{"taxonomy":"post_tag","embeddable":true,"href":"https:\/\/hotnewsinworld.com\/hu\/wp-json\/wp\/v2\/tags?post=2190"}],"curies":[{"name":"wp","href":"https:\/\/api.w.org\/{rel}","templated":true}]}}