{"id":2193,"date":"2019-09-17T11:15:42","date_gmt":"2019-09-17T08:15:42","guid":{"rendered":"https:\/\/hotnewsinworld.com\/hu\/evekkel-korabban-halnak-akik-rossz-keruletbe-szuletnek\/"},"modified":"2019-09-17T11:15:44","modified_gmt":"2019-09-17T08:15:44","slug":"evekkel-korabban-halnak-akik-rossz-keruletbe-szuletnek","status":"publish","type":"post","link":"https:\/\/hotnewsinworld.com\/hu\/evekkel-korabban-halnak-akik-rossz-keruletbe-szuletnek\/","title":{"rendered":"\u00c9vekkel kor\u00e1bban halnak, akik rossz ker\u00fcletbe sz\u00fcletnek"},"content":{"rendered":"<p>\t\t\t\t\t\tT\u00e9rk\u00e9pre raktuk, hogy a budapesti ker\u00fcletekben mekkora a v\u00e1rhat\u00f3 \u00e9lettartam. A k\u00fcl\u00f6nbs\u00e9gek nagyok: egyes v\u00e1rosr\u00e9szek a vil\u00e1g \u00e9lvonal\u00e1ban, m\u00e1sok a harmadik vil\u00e1g szintj\u00e9n vannak. Mi a magyar\u00e1zat, \u00e9s jav\u00edthat\u00f3-e a helyzet?\t\t\t\t\t<\/p>\n<p>A magyarokn\u00e1l csak a rom\u00e1nok, a bolg\u00e1rok, a lettek \u00e9s a litv\u00e1nok halnak kor\u00e1bban az Eur\u00f3pai Uni\u00f3ban. A magyar n\u0151k sz\u00fclet\u00e9skor v\u00e1rhat\u00f3 \u00e9lettartama ugyan k\u00f6r\u00fclbel\u00fcl hat \u00e9vvel magasabb a f\u00e9rfiak\u00e9n\u00e1l, de uni\u00f3s \u00f6sszehasonl\u00edt\u00e1sban ez is csak a lista v\u00e9g\u00e9hez el\u00e9g.<\/p>\n<p>Az orsz\u00e1gon bel\u00fcl is nagyok a ter\u00fcleti elt\u00e9r\u00e9sek: \u00e1ltal\u00e1ban elmondhat\u00f3, hogy a szeg\u00e9nyebb telep\u00fcl\u00e9seken, megy\u00e9kben, r\u00e9gi\u00f3kban alacsonyabb a sz\u00fclet\u00e9skor v\u00e1rhat\u00f3 \u00e9lettartam, a gazdagabbakban pedig magasabb. Ennek megfelel\u0151en m\u00e1r hossz\u00fa ideje mind a n\u0151kn\u00e9l, mind a f\u00e9rfiakn\u00e1l Budapesten \u00e1ll a legjobban ebben a mutat\u00f3ban.<\/p>\n<p>Arr\u00f3l viszont kevesebb sz\u00f3 esik, hogy a budapesti ker\u00fcletek k\u00f6z\u00f6tt is drasztikus elt\u00e9r\u00e9sek vannak. Elk\u00e9rt\u00fck h\u00e1t az elm\u00falt t\u00edz \u00e9v adatait a K\u00f6zponti Statisztikai Hivatalt\u00f3l. Ezekb\u0151l pedig az l\u00e1tszik, hogy<\/p>\n<p>vannak olyan ker\u00fcletek, ahol olyanok az \u00e9letkil\u00e1t\u00e1sok, mint Szamo\u00e1n \u00e9s Mauritiuson, a Duna t\u00falpartj\u00e1n viszont a Hollandi\u00e1ban \u00e9s \u00daj-Z\u00e9landon tapasztalhat\u00f3an hossz\u00fa \u00e9letben b\u00edzhatnak az ott \u00e9l\u0151k.<\/p>\n<p>Soroks\u00e1r = Mauritius<\/p>\n<p>A KSH szakemberei h\u00e1rom\u00e9ves intervallumonk\u00e9nt adt\u00e1k meg az adatokat, hogy az esetleges kileng\u00e9seket kisz\u0171rj\u00e9k. Az \u00edgy kapott adatsort t\u00e9rk\u00e9pre vitt\u00fck, k\u00fcl\u00f6n a n\u0151k \u00e9s a f\u00e9rfiak \u00e9letkil\u00e1t\u00e1sait, \u00e9s azt l\u00e1thatjuk mindk\u00e9t esetben, hogy val\u00f3ban nem lehet v\u00e9letlenszer\u0171s\u00e9gr\u0151l besz\u00e9lni, alig v\u00e1ltoz\u00f3 mint\u00e1zatokat kaptunk. A n\u0151k v\u00e1rhat\u00f3 \u00e9lettartama l\u00e9nyeg\u00e9ben ugyanolyan k\u00fcl\u00f6nbs\u00e9geket mutat ker\u00fcletenk\u00e9nt, mint a f\u00e9rfiak\u00e9. A budai oldalon \u00e9s az V. ker\u00fcletben tov\u00e1bb \u00e9lnek az emberek, mint a t\u00f6bbi pesti ker\u00fcletben. \u00c9s van n\u00e9h\u00e1ny olyan ker\u00fclet, ahol nagyon rosszak mindk\u00e9t nem \u00e9letkil\u00e1t\u00e1sai.<\/p>\n<p>Fontos megjegyezni, hogy mindk\u00e9t nemn\u00e9l javul\u00f3 tendenci\u00e1t l\u00e1tunk, de a ker\u00fcletek k\u00f6z\u00f6tti k\u00fcl\u00f6nbs\u00e9gek m\u00e9gis szinte v\u00e1ltozatlanok. Ezt \u00fagy lehet l\u00e1tni a t\u00e9rk\u00e9pek k\u00f6z\u00f6tt v\u00e1ltogatva a grafika alj\u00e1n tal\u00e1lhat\u00f3 nyilakkal, hogy a z\u00f6ldek ugyan egyre vil\u00e1gosabbak lesznek, a s\u00f6t\u00e9tebb foltok viszont ugyanazokra a ker\u00fcletekre koncentr\u00e1l\u00f3dnak.<\/p>\n<p>A n\u0151kn\u00e9l J\u00f3zsefv\u00e1ros \u00e9s K\u0151b\u00e1nya stabilan a h\u00e1rom legrosszabb adatot produk\u00e1l\u00f3 ker\u00fclet k\u00f6z\u00f6tt van, a II., az V. \u00e9s a XII. ker\u00fclet pedig az \u00e9len \u00e1ll. A pesti oldalon Zugl\u00f3 \u00e9s a XVI. ker\u00fclet emelkedik ki az \u00e1tlagb\u00f3l.<\/p>\n<p>2010 \u00e9s 2018 k\u00f6z\u00f6tt egyetlen ker\u00fclet kiv\u00e9tel\u00e9vel mindenhol n\u0151tt a n\u0151k sz\u00fclet\u00e9skor v\u00e1rhat\u00f3 \u00e9lettartama, \u00e1tlagosan 1,1 \u00e9vvel. A legnagyobb ugr\u00e1st a XVII. ker\u00fcletben regisztr\u00e1lt\u00e1k, 2,7 \u00e9vvel, amit\u0151l az V. ker\u00fclet 2,5 \u00e9ves javul\u00e1sa sem marad el sokkal. Egyed\u00fcl Soroks\u00e1r hozott l\u00e9nyeg\u00e9ben hajsz\u00e1lra ugyanolyan sz\u00e1mot az utols\u00f3, 2016 \u00e9s 2018 k\u00f6z\u00f6tti peri\u00f3dusban, mint 2010 \u00e9s 2012 k\u00f6z\u00f6tt, amivel r\u00f6gt\u00f6n az utols\u00f3 helyre cs\u00faszott a sorban a XXIII. ker\u00fclet.<\/p>\n<p>Ha a vil\u00e1granglist\u00e1val hasonl\u00edtjuk \u00f6ssze a legfrissebb adatokat, akkor azt l\u00e1tjuk, hogy am\u00edg egy II. ker\u00fcleti n\u0151 v\u00e1rhat\u00f3 \u00e9lettartama egy brit\u00e9vel \u00e1ll\u00edthat\u00f3 p\u00e1rba, addig egy soroks\u00e1ri n\u0151 csak olyan hossz\u00fa \u00e9letre sz\u00e1m\u00edthat, mint egy maced\u00f3n vagy egy mauritiusi. <\/p>\n<p>J\u00f3zsefv\u00e1ros = Szamoa<\/p>\n<p>M\u00edg a n\u0151kn\u00e9l a k\u00e9t sz\u00e9ls\u0151 \u00e9rt\u00e9k k\u00f6z\u00f6tt \u00f6t \u00e9v a k\u00fcl\u00f6nbs\u00e9g, addig a f\u00e9rfiakn\u00e1l ennek majdnem a dupl\u00e1ja: egy II. ker\u00fcleti f\u00e9rfi kilenc \u00e9vvel sz\u00e1m\u00edthat hosszabb \u00e9letre, mint egy j\u00f3zsefv\u00e1rosi.<\/p>\n<p>J\u00f3zsefv\u00e1ros, Csepel, K\u0151b\u00e1nya \u00e9s Pesterzs\u00e9bet: a f\u00e9rfiakn\u00e1l ide nem j\u00f3 sz\u00fcletni, ha valaki sok\u00e1ig szeretne \u00e9lni. A m\u00e1sik v\u00e9gletben sincs meglepet\u00e9s: a Belv\u00e1ros, illetve a II. \u00e9s a XII. ker\u00fclet emelkedik ki.<\/p>\n<p>A f\u00e9rfiak v\u00e1rhat\u00f3 \u00e9lettartama a n\u0151kn\u00e9l nagyobb \u2013 m\u00e1sf\u00e9l \u00e9ves \u2013 javul\u00e1st mutat a sz\u00f3ban forg\u00f3 id\u0151szakban. A II., a VI. \u00e9s a XVII. ker\u00fcleti f\u00e9rfiak is 2,5 \u00e9vvel hosszabb \u00e9letre sz\u00e1m\u00edthatnak manaps\u00e1g, mint t\u00edz \u00e9vvel ezel\u0151tt. Egyed\u00fcl J\u00f3zsefv\u00e1ros adata romlott, igaz, csak 0,2 \u00e9vvel: ezzel Bulg\u00e1ria szintj\u00e9r\u0151l Szamoa szintj\u00e9re cs\u00faszott a VIII. ker\u00fclet, \u00e9s<\/p>\n<p>m\u00e1r csak egy hajsz\u00e1llal el\u0151zik meg a j\u00f3zsefv\u00e1rosi f\u00e9rfiak a bangladesieket a v\u00e1rhat\u00f3 \u00e9lettartamukat tekintve.<\/p>\n<p>J\u00f3 h\u00edr viszont a II. ker\u00fcleti f\u00e9rfiaknak: ha a ker\u00fclet\u00fck \u00f6n\u00e1ll\u00f3 orsz\u00e1g lenne, akkor a sz\u00fclet\u00e9skor v\u00e1rhat\u00f3 \u00e9lettartam vil\u00e1granglist\u00e1j\u00e1n bef\u00e9rn\u00e9nek a top 10-be. \u00daj-Z\u00e9landdal, Szingap\u00farral \u00e9s Hollandi\u00e1val hozza egy szintre R\u00f3zsadomb k\u00f6rny\u00e9k\u00e9t, hogy 80 \u00e9vig tart\u00f3 \u00e9letre sz\u00e1m\u00edthatnak az itt \u00e9l\u0151 f\u00e9rfiak.<\/p>\n<p>Mi a magyar\u00e1zat?<\/p>\n<p>A cikk elej\u00e9n m\u00e1r utaltunk arra, hogy a sz\u00fclet\u00e9skor v\u00e1rhat\u00f3 \u00e9lettartam ker\u00fcletek k\u00f6z\u00f6tti elt\u00e9r\u00e9seket magyar\u00e1zz\u00e1k a vagyoni, j\u00f6vedelmi k\u00fcl\u00f6nbs\u00e9gek, de term\u00e9szetesen nem olyan egyszer\u0171en, hogy aki gazdagabb, az tov\u00e1bb \u00e9l. Ha megn\u00e9zz\u00fck a GKI Gazdas\u00e1gkutat\u00f3 Zrt. t\u00e9rk\u00e9peit, amin a ker\u00fcletek v\u00e1s\u00e1rl\u00f3erej\u00e9nek k\u00fcl\u00f6nbs\u00e9gei l\u00e1tszanak, akkor els\u0151re felt\u0171nik, hogy hasonl\u00f3 mint\u00e1zat rajzol\u00f3dik ki, mint az \u00e1ltalunk k\u00e9sz\u00edtett t\u00e9rk\u00e9peken. Moln\u00e1r L\u00e1szl\u00f3, a GKI vez\u00e9rigazgat\u00f3ja elmondta, nem v\u00e9letlen az \u00f6sszef\u00fcgg\u00e9s, hiszen k\u00fcls\u0151 okokban \u2013 mint p\u00e9ld\u00e1ul leveg\u0151min\u0151s\u00e9g \u2013 nincs olyan nagy k\u00fcl\u00f6nbs\u00e9g a ker\u00fcletek k\u00f6z\u00f6tt, mint amit a v\u00e1rhat\u00f3 \u00e9lettartamok mutatnak.<\/p>\n<p>Szerinte az is fontos k\u00e9rd\u00e9s, hogy melyik ker\u00fcletben milyenek az ingatlan\u00e1rak, mert gyorsan cser\u00e9l\u0151dik a budapesti lakoss\u00e1g, \u00e9s a dr\u00e1g\u00e1bb k\u00f6rny\u00e9keket csak a gazdagabbak engedhetik meg maguknak. W\u00e9ber Andr\u00e1s, a KSH N\u00e9psz\u00e1ml\u00e1l\u00e1si \u00e9s n\u00e9pesed\u00e9si statisztikai f\u0151oszt\u00e1ly\u00e1nak szak\u00e9rt\u0151je is utalt erre, de az ok-okozati \u00f6sszef\u00fcgg\u00e9sek r\u00e9szletes felt\u00e1r\u00e1sa \u201eegy PhD dolgozat t\u00e9m\u00e1ja lehetne\u201d.<\/p>\n<p>Ezen t\u00fal viszont nagyon hasonl\u00f3 dolgokat mondott mindk\u00e9t \u00e1ltalunk megsz\u00f3laltatott szak\u00e9rt\u0151, amikor a ker\u00fcleti k\u00fcl\u00f6nbs\u00e9gekr\u0151l k\u00e9rdezt\u00fck \u0151ket:<\/p>\n<p>a legfontosabb ok nem meglep\u0151: az emberek eg\u00e9szs\u00e9g\u00fcgyh\u00f6z val\u00f3 viszonya sarkalatos k\u00e9rd\u00e9s.<\/p>\n<p>Moln\u00e1r L\u00e1szl\u00f3 kiemelte, hogy a vagyoni helyzet \u00f6sszef\u00fcgg \u00e9letm\u00f3dbeli k\u00e9rd\u00e9sekkel \u2013 az eg\u00e9szs\u00e9ges t\u00e1pl\u00e1lkoz\u00e1ssal p\u00e9ld\u00e1ul \u2013, az eg\u00e9szs\u00e9gtudatoss\u00e1g szintj\u00e9vel, azaz mondjuk azzal, hogy mennyire rutinszer\u0171en j\u00e1r valaki sz\u0171r\u0151vizsg\u00e1latokra. M\u00e1sr\u00e9szt az ell\u00e1t\u00e1s sz\u00ednvonala is m\u00e1s att\u00f3l f\u00fcgg\u0151en, ha valakinek t\u00f6bb p\u00e9nze van:<\/p>\n<p>A magn\u00e1neg\u00e9szs\u00e9g\u00fcgyben nem kell h\u00f3napokat v\u00e1rni egy CT-re<\/p>\n<p>\u2013 mondott a kutat\u00f3 egy nyilv\u00e1nval\u00f3 p\u00e9ld\u00e1t. Illetve azt is fontosnak mondta, hogy sokan azt sem engedhetik meg maguknak, hogy kimaradjanak a munk\u00e1b\u00f3l egy orvosi vizsg\u00e1lat miatt.<\/p>\n<p>W\u00e9ber Andr\u00e1s is elmondta, hogy a Magyarorsz\u00e1gon bel\u00fcli k\u00fcl\u00f6nbs\u00e9geket is magyar\u00e1zza, hogy Budapesten jobb a hozz\u00e1f\u00e9r\u00e9si lehet\u0151s\u00e9g az eg\u00e9szs\u00e9g\u00fcgyi ell\u00e1t\u00e1shoz, mint az orsz\u00e1gos \u00e1tlag, ez\u00e9rt magasabb a v\u00e1rhat\u00f3 \u00e9lettartam is a f\u0151v\u00e1rosban. Az \u00e9letkil\u00e1t\u00e1sok ker\u00fcleti szint\u0171 k\u00fcl\u00f6nbs\u00e9geiben a lakoss\u00e1g elt\u00e9r\u0151 j\u00f6vedelemszintje j\u00e1tssza a legfontosabb szerepet.<br \/>\nFot\u00f3: Mohai Bal\u00e1zs \/ MTIOrsz\u00e1gos k\u00f3rk\u00e9p<\/p>\n<p>Mindk\u00e9t szak\u00e9rt\u0151 eml\u00edtette, hogy a rom\u00e1k sz\u00fclet\u00e9skor v\u00e1rhat\u00f3 \u00e9lettartama alacsonyabb Magyarorsz\u00e1gon, mint a nem rom\u00e1k\u00e9, ami t\u00e1rsadalmi okokra vezethet\u0151 vissza. \u00cdgy nem meglep\u0151, hogy rendre azok a ker\u00fcletek a sereghajt\u00f3k, ahol t\u00f6bb roma \u00e9l, illetve ahol t\u00f6bb szegreg\u00e1tum van.<\/p>\n<p>\u00c9s mivel az iskol\u00e1zotts\u00e1gi szint szorosan \u00f6sszef\u00fcgg a j\u00f6vedelemmel, ami pedig \u2013 mint l\u00e1ttuk \u2013 az eg\u00e9szs\u00e9gtudatoss\u00e1ggal, illetve a lehet\u0151s\u00e9ggel az eg\u00e9szs\u00e9ges \u00e9letre, \u00edgy az sem meglep\u0151, hogy ha megn\u00e9zz\u00fck az iskol\u00e1zotts\u00e1gi szinteket ker\u00fcleti bont\u00e1sban, akkor nagyon hasonl\u00f3 mint\u00e1zatot kapunk, mint a sz\u00fclet\u00e9skor v\u00e1rhat\u00f3 \u00e9lettartamot \u00e1br\u00e1zol\u00f3kn\u00e1l.<\/p>\n<p>A fentiekb\u0151l k\u00f6vetkezik, hogy a ker\u00fcleti k\u00fcl\u00f6nbs\u00e9gek alapvet\u0151 okait egy ker\u00fcleti polg\u00e1rmester vagy \u00f6nkorm\u00e1nyzat nem tudja megsz\u00fcntetni, de p\u00e9ld\u00e1ul az eg\u00e9szs\u00e9g\u00fcgyi ell\u00e1t\u00e1sokhoz val\u00f3 hozz\u00e1f\u00e9r\u00e9st tudja jav\u00edtani, vagy p\u00e9ld\u00e1ul sz\u0171r\u0151vizsg\u00e1latok szervez\u00e9s\u00e9vel is jav\u00edthat\u00f3 a helyzet. Az viszont korm\u00e1nyzati k\u00e9rd\u00e9s, hogy van-e arra politikai akarat, hogy az orsz\u00e1gos k\u00fcl\u00f6nbs\u00e9geket t\u00fckr\u00f6z\u0151 ker\u00fcleti k\u00fcl\u00f6nbs\u00e9gek kiegyenl\u00edt\u00e9s\u00e9vel akar-e \u00e9s tud-e valamit kezdeni az orsz\u00e1g vezet\u00e9se.<\/p>\n<p>Kiemelt k\u00e9p: Mohai Bal\u00e1zs \/MTI<\/p>\n<p>\n<!--noindex--><br \/>\n<a href=\"https:\/\/hirek.oldal.info\/rssclick\/14403225\" rel=\"nofollow\">Source link <\/a><br \/>\n<!--\/noindex--><\/p>\n","protected":false},"excerpt":{"rendered":"<p>T\u00e9rk\u00e9pre raktuk, hogy a budapesti ker\u00fcletekben mekkora a v\u00e1rhat\u00f3 \u00e9lettartam. A k\u00fcl\u00f6nbs\u00e9gek nagyok: egyes v\u00e1rosr\u00e9szek a vil\u00e1g \u00e9lvonal\u00e1ban, m\u00e1sok a harmadik vil\u00e1g szintj\u00e9n vannak. Mi a magyar\u00e1zat, \u00e9s jav\u00edthat\u00f3-e a helyzet? A magyarokn\u00e1l csak a rom\u00e1nok, a bolg\u00e1rok, a lettek \u00e9s a litv\u00e1nok halnak kor\u00e1bban az Eur\u00f3pai Uni\u00f3ban. A magyar n\u0151k sz\u00fclet\u00e9skor v\u00e1rhat\u00f3 \u00e9lettartama ugyan [&hellip;]<\/p>\n","protected":false},"author":2,"featured_media":2194,"comment_status":"open","ping_status":"open","sticky":false,"template":"","format":"standard","meta":{"footnotes":""},"categories":[1],"tags":[],"class_list":["post-2193","post","type-post","status-publish","format-standard","has-post-thumbnail","hentry","category-legujabb-penzugyi-hirek"],"yoast_head":"<!-- This site is optimized with the Yoast SEO plugin v27.4 - https:\/\/yoast.com\/product\/yoast-seo-wordpress\/ -->\n<title>\u00c9vekkel kor\u00e1bban halnak, akik rossz ker\u00fcletbe sz\u00fcletnek - Hot News in World<\/title>\n<meta name=\"robots\" content=\"index, follow, max-snippet:-1, max-image-preview:large, max-video-preview:-1\" \/>\n<link rel=\"canonical\" href=\"https:\/\/hotnewsinworld.com\/hu\/evekkel-korabban-halnak-akik-rossz-keruletbe-szuletnek\/\" \/>\n<meta property=\"og:locale\" content=\"hu_HU\" \/>\n<meta property=\"og:type\" content=\"article\" \/>\n<meta property=\"og:title\" content=\"\u00c9vekkel kor\u00e1bban halnak, akik rossz ker\u00fcletbe sz\u00fcletnek - Hot News in World\" \/>\n<meta property=\"og:description\" content=\"T\u00e9rk\u00e9pre raktuk, hogy a budapesti ker\u00fcletekben mekkora a v\u00e1rhat\u00f3 \u00e9lettartam. A k\u00fcl\u00f6nbs\u00e9gek nagyok: egyes v\u00e1rosr\u00e9szek a vil\u00e1g \u00e9lvonal\u00e1ban, m\u00e1sok a harmadik vil\u00e1g szintj\u00e9n vannak. Mi a magyar\u00e1zat, \u00e9s jav\u00edthat\u00f3-e a helyzet? A magyarokn\u00e1l csak a rom\u00e1nok, a bolg\u00e1rok, a lettek \u00e9s a litv\u00e1nok halnak kor\u00e1bban az Eur\u00f3pai Uni\u00f3ban. A magyar n\u0151k sz\u00fclet\u00e9skor v\u00e1rhat\u00f3 \u00e9lettartama ugyan [&hellip;]\" \/>\n<meta property=\"og:url\" content=\"https:\/\/hotnewsinworld.com\/hu\/evekkel-korabban-halnak-akik-rossz-keruletbe-szuletnek\/\" \/>\n<meta property=\"og:site_name\" content=\"Hot News in World\" \/>\n<meta property=\"article:published_time\" content=\"2019-09-17T08:15:42+00:00\" \/>\n<meta property=\"article:modified_time\" content=\"2019-09-17T08:15:44+00:00\" \/>\n<meta property=\"og:image\" content=\"https:\/\/hotnewsinworld.com\/hu\/wp-content\/uploads\/sites\/3\/2019\/09\/\u00c9vekkel-kor\u00e1bban-halnak-akik-rossz-ker\u00fcletbe-sz\u00fcletnek.jpg\" \/>\n\t<meta property=\"og:image:width\" content=\"1024\" \/>\n\t<meta property=\"og:image:height\" content=\"576\" \/>\n\t<meta property=\"og:image:type\" content=\"image\/jpeg\" \/>\n<meta name=\"author\" content=\"hotnewsinworld\" \/>\n<meta name=\"twitter:card\" content=\"summary_large_image\" \/>\n<meta name=\"twitter:label1\" content=\"Szerz\u0151:\" \/>\n\t<meta name=\"twitter:data1\" content=\"hotnewsinworld\" \/>\n\t<meta name=\"twitter:label2\" content=\"Becs\u00fclt olvas\u00e1si id\u0151\" \/>\n\t<meta name=\"twitter:data2\" content=\"8 perc\" \/>\n<script type=\"application\/ld+json\" class=\"yoast-schema-graph\">{\"@context\":\"https:\\\/\\\/schema.org\",\"@graph\":[{\"@type\":\"Article\",\"@id\":\"https:\\\/\\\/hotnewsinworld.com\\\/hu\\\/evekkel-korabban-halnak-akik-rossz-keruletbe-szuletnek\\\/#article\",\"isPartOf\":{\"@id\":\"https:\\\/\\\/hotnewsinworld.com\\\/hu\\\/evekkel-korabban-halnak-akik-rossz-keruletbe-szuletnek\\\/\"},\"author\":{\"name\":\"hotnewsinworld\",\"@id\":\"https:\\\/\\\/hotnewsinworld.com\\\/hu\\\/#\\\/schema\\\/person\\\/fe61448b21c0d59086e75fcc1f9d8f6b\"},\"headline\":\"\u00c9vekkel kor\u00e1bban halnak, akik rossz ker\u00fcletbe sz\u00fcletnek\",\"datePublished\":\"2019-09-17T08:15:42+00:00\",\"dateModified\":\"2019-09-17T08:15:44+00:00\",\"mainEntityOfPage\":{\"@id\":\"https:\\\/\\\/hotnewsinworld.com\\\/hu\\\/evekkel-korabban-halnak-akik-rossz-keruletbe-szuletnek\\\/\"},\"wordCount\":1649,\"commentCount\":0,\"image\":{\"@id\":\"https:\\\/\\\/hotnewsinworld.com\\\/hu\\\/evekkel-korabban-halnak-akik-rossz-keruletbe-szuletnek\\\/#primaryimage\"},\"thumbnailUrl\":\"https:\\\/\\\/hotnewsinworld.com\\\/hu\\\/wp-content\\\/uploads\\\/sites\\\/3\\\/2019\\\/09\\\/\u00c9vekkel-kor\u00e1bban-halnak-akik-rossz-ker\u00fcletbe-sz\u00fcletnek.jpg\",\"articleSection\":[\"LEG\u00daJABB P\u00c9NZ\u00dcGYI H\u00cdREK\"],\"inLanguage\":\"hu\",\"potentialAction\":[{\"@type\":\"CommentAction\",\"name\":\"Comment\",\"target\":[\"https:\\\/\\\/hotnewsinworld.com\\\/hu\\\/evekkel-korabban-halnak-akik-rossz-keruletbe-szuletnek\\\/#respond\"]}]},{\"@type\":\"WebPage\",\"@id\":\"https:\\\/\\\/hotnewsinworld.com\\\/hu\\\/evekkel-korabban-halnak-akik-rossz-keruletbe-szuletnek\\\/\",\"url\":\"https:\\\/\\\/hotnewsinworld.com\\\/hu\\\/evekkel-korabban-halnak-akik-rossz-keruletbe-szuletnek\\\/\",\"name\":\"\u00c9vekkel kor\u00e1bban halnak, akik rossz ker\u00fcletbe sz\u00fcletnek - Hot News in World\",\"isPartOf\":{\"@id\":\"https:\\\/\\\/hotnewsinworld.com\\\/hu\\\/#website\"},\"primaryImageOfPage\":{\"@id\":\"https:\\\/\\\/hotnewsinworld.com\\\/hu\\\/evekkel-korabban-halnak-akik-rossz-keruletbe-szuletnek\\\/#primaryimage\"},\"image\":{\"@id\":\"https:\\\/\\\/hotnewsinworld.com\\\/hu\\\/evekkel-korabban-halnak-akik-rossz-keruletbe-szuletnek\\\/#primaryimage\"},\"thumbnailUrl\":\"https:\\\/\\\/hotnewsinworld.com\\\/hu\\\/wp-content\\\/uploads\\\/sites\\\/3\\\/2019\\\/09\\\/\u00c9vekkel-kor\u00e1bban-halnak-akik-rossz-ker\u00fcletbe-sz\u00fcletnek.jpg\",\"datePublished\":\"2019-09-17T08:15:42+00:00\",\"dateModified\":\"2019-09-17T08:15:44+00:00\",\"author\":{\"@id\":\"https:\\\/\\\/hotnewsinworld.com\\\/hu\\\/#\\\/schema\\\/person\\\/fe61448b21c0d59086e75fcc1f9d8f6b\"},\"breadcrumb\":{\"@id\":\"https:\\\/\\\/hotnewsinworld.com\\\/hu\\\/evekkel-korabban-halnak-akik-rossz-keruletbe-szuletnek\\\/#breadcrumb\"},\"inLanguage\":\"hu\",\"potentialAction\":[{\"@type\":\"ReadAction\",\"target\":[\"https:\\\/\\\/hotnewsinworld.com\\\/hu\\\/evekkel-korabban-halnak-akik-rossz-keruletbe-szuletnek\\\/\"]}]},{\"@type\":\"ImageObject\",\"inLanguage\":\"hu\",\"@id\":\"https:\\\/\\\/hotnewsinworld.com\\\/hu\\\/evekkel-korabban-halnak-akik-rossz-keruletbe-szuletnek\\\/#primaryimage\",\"url\":\"https:\\\/\\\/hotnewsinworld.com\\\/hu\\\/wp-content\\\/uploads\\\/sites\\\/3\\\/2019\\\/09\\\/\u00c9vekkel-kor\u00e1bban-halnak-akik-rossz-ker\u00fcletbe-sz\u00fcletnek.jpg\",\"contentUrl\":\"https:\\\/\\\/hotnewsinworld.com\\\/hu\\\/wp-content\\\/uploads\\\/sites\\\/3\\\/2019\\\/09\\\/\u00c9vekkel-kor\u00e1bban-halnak-akik-rossz-ker\u00fcletbe-sz\u00fcletnek.jpg\",\"width\":1024,\"height\":576,\"caption\":\"\u00c9vekkel kor\u00e1bban halnak, akik rossz ker\u00fcletbe sz\u00fcletnek\"},{\"@type\":\"BreadcrumbList\",\"@id\":\"https:\\\/\\\/hotnewsinworld.com\\\/hu\\\/evekkel-korabban-halnak-akik-rossz-keruletbe-szuletnek\\\/#breadcrumb\",\"itemListElement\":[{\"@type\":\"ListItem\",\"position\":1,\"name\":\"\u0413\u043b\u0430\u0432\u043d\u0430\u044f \u0441\u0442\u0440\u0430\u043d\u0438\u0446\u0430\",\"item\":\"https:\\\/\\\/hotnewsinworld.com\\\/hu\\\/\"},{\"@type\":\"ListItem\",\"position\":2,\"name\":\"\u00c9vekkel kor\u00e1bban halnak, akik rossz ker\u00fcletbe sz\u00fcletnek\"}]},{\"@type\":\"WebSite\",\"@id\":\"https:\\\/\\\/hotnewsinworld.com\\\/hu\\\/#website\",\"url\":\"https:\\\/\\\/hotnewsinworld.com\\\/hu\\\/\",\"name\":\"Hot News in World\",\"description\":\"Hot News in World from Hungary\",\"potentialAction\":[{\"@type\":\"SearchAction\",\"target\":{\"@type\":\"EntryPoint\",\"urlTemplate\":\"https:\\\/\\\/hotnewsinworld.com\\\/hu\\\/?s={search_term_string}\"},\"query-input\":{\"@type\":\"PropertyValueSpecification\",\"valueRequired\":true,\"valueName\":\"search_term_string\"}}],\"inLanguage\":\"hu\"},{\"@type\":\"Person\",\"@id\":\"https:\\\/\\\/hotnewsinworld.com\\\/hu\\\/#\\\/schema\\\/person\\\/fe61448b21c0d59086e75fcc1f9d8f6b\",\"name\":\"hotnewsinworld\",\"image\":{\"@type\":\"ImageObject\",\"inLanguage\":\"hu\",\"@id\":\"https:\\\/\\\/secure.gravatar.com\\\/avatar\\\/8a09ac165600ce2e1c38fe593c63928eb1e6e7ba5c5a907d67787c41b3d00c14?s=96&d=mm&r=g\",\"url\":\"https:\\\/\\\/secure.gravatar.com\\\/avatar\\\/8a09ac165600ce2e1c38fe593c63928eb1e6e7ba5c5a907d67787c41b3d00c14?s=96&d=mm&r=g\",\"contentUrl\":\"https:\\\/\\\/secure.gravatar.com\\\/avatar\\\/8a09ac165600ce2e1c38fe593c63928eb1e6e7ba5c5a907d67787c41b3d00c14?s=96&d=mm&r=g\",\"caption\":\"hotnewsinworld\"},\"url\":\"https:\\\/\\\/hotnewsinworld.com\\\/hu\\\/author\\\/pt\\\/\"}]}<\/script>\n<!-- \/ Yoast SEO plugin. -->","yoast_head_json":{"title":"\u00c9vekkel kor\u00e1bban halnak, akik rossz ker\u00fcletbe sz\u00fcletnek - Hot News in World","robots":{"index":"index","follow":"follow","max-snippet":"max-snippet:-1","max-image-preview":"max-image-preview:large","max-video-preview":"max-video-preview:-1"},"canonical":"https:\/\/hotnewsinworld.com\/hu\/evekkel-korabban-halnak-akik-rossz-keruletbe-szuletnek\/","og_locale":"hu_HU","og_type":"article","og_title":"\u00c9vekkel kor\u00e1bban halnak, akik rossz ker\u00fcletbe sz\u00fcletnek - Hot News in World","og_description":"T\u00e9rk\u00e9pre raktuk, hogy a budapesti ker\u00fcletekben mekkora a v\u00e1rhat\u00f3 \u00e9lettartam. A k\u00fcl\u00f6nbs\u00e9gek nagyok: egyes v\u00e1rosr\u00e9szek a vil\u00e1g \u00e9lvonal\u00e1ban, m\u00e1sok a harmadik vil\u00e1g szintj\u00e9n vannak. Mi a magyar\u00e1zat, \u00e9s jav\u00edthat\u00f3-e a helyzet? A magyarokn\u00e1l csak a rom\u00e1nok, a bolg\u00e1rok, a lettek \u00e9s a litv\u00e1nok halnak kor\u00e1bban az Eur\u00f3pai Uni\u00f3ban. A magyar n\u0151k sz\u00fclet\u00e9skor v\u00e1rhat\u00f3 \u00e9lettartama ugyan [&hellip;]","og_url":"https:\/\/hotnewsinworld.com\/hu\/evekkel-korabban-halnak-akik-rossz-keruletbe-szuletnek\/","og_site_name":"Hot News in World","article_published_time":"2019-09-17T08:15:42+00:00","article_modified_time":"2019-09-17T08:15:44+00:00","og_image":[{"width":1024,"height":576,"url":"https:\/\/hotnewsinworld.com\/hu\/wp-content\/uploads\/sites\/3\/2019\/09\/\u00c9vekkel-kor\u00e1bban-halnak-akik-rossz-ker\u00fcletbe-sz\u00fcletnek.jpg","type":"image\/jpeg"}],"author":"hotnewsinworld","twitter_card":"summary_large_image","twitter_misc":{"Szerz\u0151:":"hotnewsinworld","Becs\u00fclt olvas\u00e1si id\u0151":"8 perc"},"schema":{"@context":"https:\/\/schema.org","@graph":[{"@type":"Article","@id":"https:\/\/hotnewsinworld.com\/hu\/evekkel-korabban-halnak-akik-rossz-keruletbe-szuletnek\/#article","isPartOf":{"@id":"https:\/\/hotnewsinworld.com\/hu\/evekkel-korabban-halnak-akik-rossz-keruletbe-szuletnek\/"},"author":{"name":"hotnewsinworld","@id":"https:\/\/hotnewsinworld.com\/hu\/#\/schema\/person\/fe61448b21c0d59086e75fcc1f9d8f6b"},"headline":"\u00c9vekkel kor\u00e1bban halnak, akik rossz ker\u00fcletbe sz\u00fcletnek","datePublished":"2019-09-17T08:15:42+00:00","dateModified":"2019-09-17T08:15:44+00:00","mainEntityOfPage":{"@id":"https:\/\/hotnewsinworld.com\/hu\/evekkel-korabban-halnak-akik-rossz-keruletbe-szuletnek\/"},"wordCount":1649,"commentCount":0,"image":{"@id":"https:\/\/hotnewsinworld.com\/hu\/evekkel-korabban-halnak-akik-rossz-keruletbe-szuletnek\/#primaryimage"},"thumbnailUrl":"https:\/\/hotnewsinworld.com\/hu\/wp-content\/uploads\/sites\/3\/2019\/09\/\u00c9vekkel-kor\u00e1bban-halnak-akik-rossz-ker\u00fcletbe-sz\u00fcletnek.jpg","articleSection":["LEG\u00daJABB P\u00c9NZ\u00dcGYI H\u00cdREK"],"inLanguage":"hu","potentialAction":[{"@type":"CommentAction","name":"Comment","target":["https:\/\/hotnewsinworld.com\/hu\/evekkel-korabban-halnak-akik-rossz-keruletbe-szuletnek\/#respond"]}]},{"@type":"WebPage","@id":"https:\/\/hotnewsinworld.com\/hu\/evekkel-korabban-halnak-akik-rossz-keruletbe-szuletnek\/","url":"https:\/\/hotnewsinworld.com\/hu\/evekkel-korabban-halnak-akik-rossz-keruletbe-szuletnek\/","name":"\u00c9vekkel kor\u00e1bban halnak, akik rossz ker\u00fcletbe sz\u00fcletnek - Hot News in World","isPartOf":{"@id":"https:\/\/hotnewsinworld.com\/hu\/#website"},"primaryImageOfPage":{"@id":"https:\/\/hotnewsinworld.com\/hu\/evekkel-korabban-halnak-akik-rossz-keruletbe-szuletnek\/#primaryimage"},"image":{"@id":"https:\/\/hotnewsinworld.com\/hu\/evekkel-korabban-halnak-akik-rossz-keruletbe-szuletnek\/#primaryimage"},"thumbnailUrl":"https:\/\/hotnewsinworld.com\/hu\/wp-content\/uploads\/sites\/3\/2019\/09\/\u00c9vekkel-kor\u00e1bban-halnak-akik-rossz-ker\u00fcletbe-sz\u00fcletnek.jpg","datePublished":"2019-09-17T08:15:42+00:00","dateModified":"2019-09-17T08:15:44+00:00","author":{"@id":"https:\/\/hotnewsinworld.com\/hu\/#\/schema\/person\/fe61448b21c0d59086e75fcc1f9d8f6b"},"breadcrumb":{"@id":"https:\/\/hotnewsinworld.com\/hu\/evekkel-korabban-halnak-akik-rossz-keruletbe-szuletnek\/#breadcrumb"},"inLanguage":"hu","potentialAction":[{"@type":"ReadAction","target":["https:\/\/hotnewsinworld.com\/hu\/evekkel-korabban-halnak-akik-rossz-keruletbe-szuletnek\/"]}]},{"@type":"ImageObject","inLanguage":"hu","@id":"https:\/\/hotnewsinworld.com\/hu\/evekkel-korabban-halnak-akik-rossz-keruletbe-szuletnek\/#primaryimage","url":"https:\/\/hotnewsinworld.com\/hu\/wp-content\/uploads\/sites\/3\/2019\/09\/\u00c9vekkel-kor\u00e1bban-halnak-akik-rossz-ker\u00fcletbe-sz\u00fcletnek.jpg","contentUrl":"https:\/\/hotnewsinworld.com\/hu\/wp-content\/uploads\/sites\/3\/2019\/09\/\u00c9vekkel-kor\u00e1bban-halnak-akik-rossz-ker\u00fcletbe-sz\u00fcletnek.jpg","width":1024,"height":576,"caption":"\u00c9vekkel kor\u00e1bban halnak, akik rossz ker\u00fcletbe sz\u00fcletnek"},{"@type":"BreadcrumbList","@id":"https:\/\/hotnewsinworld.com\/hu\/evekkel-korabban-halnak-akik-rossz-keruletbe-szuletnek\/#breadcrumb","itemListElement":[{"@type":"ListItem","position":1,"name":"\u0413\u043b\u0430\u0432\u043d\u0430\u044f \u0441\u0442\u0440\u0430\u043d\u0438\u0446\u0430","item":"https:\/\/hotnewsinworld.com\/hu\/"},{"@type":"ListItem","position":2,"name":"\u00c9vekkel kor\u00e1bban halnak, akik rossz ker\u00fcletbe sz\u00fcletnek"}]},{"@type":"WebSite","@id":"https:\/\/hotnewsinworld.com\/hu\/#website","url":"https:\/\/hotnewsinworld.com\/hu\/","name":"Hot News in World","description":"Hot News in World from Hungary","potentialAction":[{"@type":"SearchAction","target":{"@type":"EntryPoint","urlTemplate":"https:\/\/hotnewsinworld.com\/hu\/?s={search_term_string}"},"query-input":{"@type":"PropertyValueSpecification","valueRequired":true,"valueName":"search_term_string"}}],"inLanguage":"hu"},{"@type":"Person","@id":"https:\/\/hotnewsinworld.com\/hu\/#\/schema\/person\/fe61448b21c0d59086e75fcc1f9d8f6b","name":"hotnewsinworld","image":{"@type":"ImageObject","inLanguage":"hu","@id":"https:\/\/secure.gravatar.com\/avatar\/8a09ac165600ce2e1c38fe593c63928eb1e6e7ba5c5a907d67787c41b3d00c14?s=96&d=mm&r=g","url":"https:\/\/secure.gravatar.com\/avatar\/8a09ac165600ce2e1c38fe593c63928eb1e6e7ba5c5a907d67787c41b3d00c14?s=96&d=mm&r=g","contentUrl":"https:\/\/secure.gravatar.com\/avatar\/8a09ac165600ce2e1c38fe593c63928eb1e6e7ba5c5a907d67787c41b3d00c14?s=96&d=mm&r=g","caption":"hotnewsinworld"},"url":"https:\/\/hotnewsinworld.com\/hu\/author\/pt\/"}]}},"_links":{"self":[{"href":"https:\/\/hotnewsinworld.com\/hu\/wp-json\/wp\/v2\/posts\/2193","targetHints":{"allow":["GET"]}}],"collection":[{"href":"https:\/\/hotnewsinworld.com\/hu\/wp-json\/wp\/v2\/posts"}],"about":[{"href":"https:\/\/hotnewsinworld.com\/hu\/wp-json\/wp\/v2\/types\/post"}],"author":[{"embeddable":true,"href":"https:\/\/hotnewsinworld.com\/hu\/wp-json\/wp\/v2\/users\/2"}],"replies":[{"embeddable":true,"href":"https:\/\/hotnewsinworld.com\/hu\/wp-json\/wp\/v2\/comments?post=2193"}],"version-history":[{"count":1,"href":"https:\/\/hotnewsinworld.com\/hu\/wp-json\/wp\/v2\/posts\/2193\/revisions"}],"predecessor-version":[{"id":2195,"href":"https:\/\/hotnewsinworld.com\/hu\/wp-json\/wp\/v2\/posts\/2193\/revisions\/2195"}],"wp:featuredmedia":[{"embeddable":true,"href":"https:\/\/hotnewsinworld.com\/hu\/wp-json\/wp\/v2\/media\/2194"}],"wp:attachment":[{"href":"https:\/\/hotnewsinworld.com\/hu\/wp-json\/wp\/v2\/media?parent=2193"}],"wp:term":[{"taxonomy":"category","embeddable":true,"href":"https:\/\/hotnewsinworld.com\/hu\/wp-json\/wp\/v2\/categories?post=2193"},{"taxonomy":"post_tag","embeddable":true,"href":"https:\/\/hotnewsinworld.com\/hu\/wp-json\/wp\/v2\/tags?post=2193"}],"curies":[{"name":"wp","href":"https:\/\/api.w.org\/{rel}","templated":true}]}}