{"id":2196,"date":"2019-09-17T12:38:35","date_gmt":"2019-09-17T09:38:35","guid":{"rendered":"https:\/\/hotnewsinworld.com\/hu\/gyasz-elhunyt-a-36-eves-magyar-szineszno\/"},"modified":"2019-09-17T12:38:37","modified_gmt":"2019-09-17T09:38:37","slug":"gyasz-elhunyt-a-36-eves-magyar-szineszno","status":"publish","type":"post","link":"https:\/\/hotnewsinworld.com\/hu\/gyasz-elhunyt-a-36-eves-magyar-szineszno\/","title":{"rendered":"Gy\u00e1sz! Elhunyt a 36 \u00e9ves magyar sz\u00edn\u00e9szn\u0151"},"content":{"rendered":"<p> Lok\u00e1l , 2019. 09. 17. 11:26Hosszan tart\u00f3 betegs\u00e9g ut\u00e1n elhunyt a nagyv\u00e1radi Szigligeti Sz\u00ednh\u00e1z Szigligeti T\u00e1rsulat\u00e1nak sz\u00ednm\u0171v\u00e9sze. A szomor\u00fa h\u00edrr\u0151l a t\u00e1rsulat sz\u00e1molt be a k\u00f6z\u00f6ss\u00e9gi oldal\u00e1n.\u201e\u00c9let\u00e9nek 36. \u00e9v\u00e9ben, m\u00e9lt\u00f3s\u00e1ggal \u00e9s k\u00fcl\u00f6nleges er\u0151vel viselt, hosszan tart\u00f3, s\u00falyos betegs\u00e9g ut\u00e1n, 2019. szeptember 16-\u00e1n elhunyt Ababi Csilla, a nagyv\u00e1radi Szigligeti Sz\u00ednh\u00e1z Szigligeti T\u00e1rsulat\u00e1nak sz\u00ednm\u0171v\u00e9sze.Ababi Csilla 1983. j\u00falius 19-\u00e9n sz\u00fcletett Nagyv\u00e1radon. K\u00f6z\u00e9piskolai tanulm\u00e1nyait sz\u00fcl\u0151v\u00e1ros\u00e1ban v\u00e9gezte, ezt k\u00f6vet\u0151en, 2001-2005 k\u00f6z\u00f6tt a marosv\u00e1s\u00e1rhelyi Sz\u00ednm\u0171v\u00e9szeti Egyetem Szentgy\u00f6rgyi Istv\u00e1n Tagozat\u00e1n tanulta a sz\u00edn\u00e9szmesters\u00e9get. Az egyetem elv\u00e9gz\u00e9se ut\u00e1n, 2006-t\u00f3l kezd\u0151d\u0151en a nagyv\u00e1radi Szigligeti T\u00e1rsulat tagja, ahol 2016-ban F\u00f6ldes Kati-d\u00edjjal \u00e9s a legjobb n\u0151i f\u0151szerepl\u0151nek j\u00e1r\u00f3 N\u00edv\u00f3d\u00edjjal t\u00fcntett\u00e9k ki\u201d \u2013 olvashat\u00f3 a sz\u00ednh\u00e1z hivatalos k\u00f6z\u00f6ss\u00e9gi oldal\u00e1n.<br \/>\n<br \/>\n<!--noindex--><br \/>\n<a href=\"https:\/\/hirek.oldal.info\/rssclick\/14403536\" rel=\"nofollow\">Source link <\/a><br \/>\n<!--\/noindex--><\/p>\n","protected":false},"excerpt":{"rendered":"<p>Lok\u00e1l , 2019. 09. 17. 11:26Hosszan tart\u00f3 betegs\u00e9g ut\u00e1n elhunyt a nagyv\u00e1radi Szigligeti Sz\u00ednh\u00e1z Szigligeti T\u00e1rsulat\u00e1nak sz\u00ednm\u0171v\u00e9sze. A szomor\u00fa h\u00edrr\u0151l a t\u00e1rsulat sz\u00e1molt be a k\u00f6z\u00f6ss\u00e9gi oldal\u00e1n.\u201e\u00c9let\u00e9nek 36. \u00e9v\u00e9ben, m\u00e9lt\u00f3s\u00e1ggal \u00e9s k\u00fcl\u00f6nleges er\u0151vel viselt, hosszan tart\u00f3, s\u00falyos betegs\u00e9g ut\u00e1n, 2019. szeptember 16-\u00e1n elhunyt Ababi Csilla, a nagyv\u00e1radi Szigligeti Sz\u00ednh\u00e1z Szigligeti T\u00e1rsulat\u00e1nak sz\u00ednm\u0171v\u00e9sze.Ababi Csilla 1983. j\u00falius [&hellip;]<\/p>\n","protected":false},"author":2,"featured_media":2197,"comment_status":"open","ping_status":"open","sticky":false,"template":"","format":"standard","meta":{"footnotes":""},"categories":[1],"tags":[],"class_list":["post-2196","post","type-post","status-publish","format-standard","has-post-thumbnail","hentry","category-legujabb-penzugyi-hirek"],"yoast_head":"<!-- This site is optimized with the Yoast SEO plugin v27.4 - https:\/\/yoast.com\/product\/yoast-seo-wordpress\/ -->\n<title>Gy\u00e1sz! Elhunyt a 36 \u00e9ves magyar sz\u00edn\u00e9szn\u0151 - Hot News in World<\/title>\n<meta name=\"robots\" content=\"index, follow, max-snippet:-1, max-image-preview:large, max-video-preview:-1\" \/>\n<link rel=\"canonical\" href=\"https:\/\/hotnewsinworld.com\/hu\/gyasz-elhunyt-a-36-eves-magyar-szineszno\/\" \/>\n<meta property=\"og:locale\" content=\"hu_HU\" \/>\n<meta property=\"og:type\" content=\"article\" \/>\n<meta property=\"og:title\" content=\"Gy\u00e1sz! Elhunyt a 36 \u00e9ves magyar sz\u00edn\u00e9szn\u0151 - Hot News in World\" \/>\n<meta property=\"og:description\" content=\"Lok\u00e1l , 2019. 09. 17. 11:26Hosszan tart\u00f3 betegs\u00e9g ut\u00e1n elhunyt a nagyv\u00e1radi Szigligeti Sz\u00ednh\u00e1z Szigligeti T\u00e1rsulat\u00e1nak sz\u00ednm\u0171v\u00e9sze. A szomor\u00fa h\u00edrr\u0151l a t\u00e1rsulat sz\u00e1molt be a k\u00f6z\u00f6ss\u00e9gi oldal\u00e1n.\u201e\u00c9let\u00e9nek 36. \u00e9v\u00e9ben, m\u00e9lt\u00f3s\u00e1ggal \u00e9s k\u00fcl\u00f6nleges er\u0151vel viselt, hosszan tart\u00f3, s\u00falyos betegs\u00e9g ut\u00e1n, 2019. szeptember 16-\u00e1n elhunyt Ababi Csilla, a nagyv\u00e1radi Szigligeti Sz\u00ednh\u00e1z Szigligeti T\u00e1rsulat\u00e1nak sz\u00ednm\u0171v\u00e9sze.Ababi Csilla 1983. j\u00falius [&hellip;]\" \/>\n<meta property=\"og:url\" content=\"https:\/\/hotnewsinworld.com\/hu\/gyasz-elhunyt-a-36-eves-magyar-szineszno\/\" \/>\n<meta property=\"og:site_name\" content=\"Hot News in World\" \/>\n<meta property=\"article:published_time\" content=\"2019-09-17T09:38:35+00:00\" \/>\n<meta property=\"article:modified_time\" content=\"2019-09-17T09:38:37+00:00\" \/>\n<meta property=\"og:image\" content=\"https:\/\/hotnewsinworld.com\/hu\/wp-content\/uploads\/sites\/3\/2019\/09\/Gy\u00e1sz-Elhunyt-a-36-\u00e9ves-magyar-sz\u00edn\u00e9szn\u0151.jpg\" \/>\n\t<meta property=\"og:image:width\" content=\"1920\" \/>\n\t<meta property=\"og:image:height\" content=\"1271\" \/>\n\t<meta property=\"og:image:type\" content=\"image\/jpeg\" \/>\n<meta name=\"author\" content=\"hotnewsinworld\" \/>\n<meta name=\"twitter:card\" content=\"summary_large_image\" \/>\n<meta name=\"twitter:label1\" content=\"Szerz\u0151:\" \/>\n\t<meta name=\"twitter:data1\" content=\"hotnewsinworld\" \/>\n\t<meta name=\"twitter:label2\" content=\"Becs\u00fclt olvas\u00e1si id\u0151\" \/>\n\t<meta name=\"twitter:data2\" content=\"1 perc\" \/>\n<script type=\"application\/ld+json\" class=\"yoast-schema-graph\">{\"@context\":\"https:\\\/\\\/schema.org\",\"@graph\":[{\"@type\":\"Article\",\"@id\":\"https:\\\/\\\/hotnewsinworld.com\\\/hu\\\/gyasz-elhunyt-a-36-eves-magyar-szineszno\\\/#article\",\"isPartOf\":{\"@id\":\"https:\\\/\\\/hotnewsinworld.com\\\/hu\\\/gyasz-elhunyt-a-36-eves-magyar-szineszno\\\/\"},\"author\":{\"name\":\"hotnewsinworld\",\"@id\":\"https:\\\/\\\/hotnewsinworld.com\\\/hu\\\/#\\\/schema\\\/person\\\/fe61448b21c0d59086e75fcc1f9d8f6b\"},\"headline\":\"Gy\u00e1sz! Elhunyt a 36 \u00e9ves magyar sz\u00edn\u00e9szn\u0151\",\"datePublished\":\"2019-09-17T09:38:35+00:00\",\"dateModified\":\"2019-09-17T09:38:37+00:00\",\"mainEntityOfPage\":{\"@id\":\"https:\\\/\\\/hotnewsinworld.com\\\/hu\\\/gyasz-elhunyt-a-36-eves-magyar-szineszno\\\/\"},\"wordCount\":203,\"commentCount\":0,\"image\":{\"@id\":\"https:\\\/\\\/hotnewsinworld.com\\\/hu\\\/gyasz-elhunyt-a-36-eves-magyar-szineszno\\\/#primaryimage\"},\"thumbnailUrl\":\"https:\\\/\\\/hotnewsinworld.com\\\/hu\\\/wp-content\\\/uploads\\\/sites\\\/3\\\/2019\\\/09\\\/Gy\u00e1sz-Elhunyt-a-36-\u00e9ves-magyar-sz\u00edn\u00e9szn\u0151.jpg\",\"articleSection\":[\"LEG\u00daJABB P\u00c9NZ\u00dcGYI H\u00cdREK\"],\"inLanguage\":\"hu\",\"potentialAction\":[{\"@type\":\"CommentAction\",\"name\":\"Comment\",\"target\":[\"https:\\\/\\\/hotnewsinworld.com\\\/hu\\\/gyasz-elhunyt-a-36-eves-magyar-szineszno\\\/#respond\"]}]},{\"@type\":\"WebPage\",\"@id\":\"https:\\\/\\\/hotnewsinworld.com\\\/hu\\\/gyasz-elhunyt-a-36-eves-magyar-szineszno\\\/\",\"url\":\"https:\\\/\\\/hotnewsinworld.com\\\/hu\\\/gyasz-elhunyt-a-36-eves-magyar-szineszno\\\/\",\"name\":\"Gy\u00e1sz! Elhunyt a 36 \u00e9ves magyar sz\u00edn\u00e9szn\u0151 - Hot News in World\",\"isPartOf\":{\"@id\":\"https:\\\/\\\/hotnewsinworld.com\\\/hu\\\/#website\"},\"primaryImageOfPage\":{\"@id\":\"https:\\\/\\\/hotnewsinworld.com\\\/hu\\\/gyasz-elhunyt-a-36-eves-magyar-szineszno\\\/#primaryimage\"},\"image\":{\"@id\":\"https:\\\/\\\/hotnewsinworld.com\\\/hu\\\/gyasz-elhunyt-a-36-eves-magyar-szineszno\\\/#primaryimage\"},\"thumbnailUrl\":\"https:\\\/\\\/hotnewsinworld.com\\\/hu\\\/wp-content\\\/uploads\\\/sites\\\/3\\\/2019\\\/09\\\/Gy\u00e1sz-Elhunyt-a-36-\u00e9ves-magyar-sz\u00edn\u00e9szn\u0151.jpg\",\"datePublished\":\"2019-09-17T09:38:35+00:00\",\"dateModified\":\"2019-09-17T09:38:37+00:00\",\"author\":{\"@id\":\"https:\\\/\\\/hotnewsinworld.com\\\/hu\\\/#\\\/schema\\\/person\\\/fe61448b21c0d59086e75fcc1f9d8f6b\"},\"breadcrumb\":{\"@id\":\"https:\\\/\\\/hotnewsinworld.com\\\/hu\\\/gyasz-elhunyt-a-36-eves-magyar-szineszno\\\/#breadcrumb\"},\"inLanguage\":\"hu\",\"potentialAction\":[{\"@type\":\"ReadAction\",\"target\":[\"https:\\\/\\\/hotnewsinworld.com\\\/hu\\\/gyasz-elhunyt-a-36-eves-magyar-szineszno\\\/\"]}]},{\"@type\":\"ImageObject\",\"inLanguage\":\"hu\",\"@id\":\"https:\\\/\\\/hotnewsinworld.com\\\/hu\\\/gyasz-elhunyt-a-36-eves-magyar-szineszno\\\/#primaryimage\",\"url\":\"https:\\\/\\\/hotnewsinworld.com\\\/hu\\\/wp-content\\\/uploads\\\/sites\\\/3\\\/2019\\\/09\\\/Gy\u00e1sz-Elhunyt-a-36-\u00e9ves-magyar-sz\u00edn\u00e9szn\u0151.jpg\",\"contentUrl\":\"https:\\\/\\\/hotnewsinworld.com\\\/hu\\\/wp-content\\\/uploads\\\/sites\\\/3\\\/2019\\\/09\\\/Gy\u00e1sz-Elhunyt-a-36-\u00e9ves-magyar-sz\u00edn\u00e9szn\u0151.jpg\",\"width\":1920,\"height\":1271,\"caption\":\"Gy\u00e1sz! Elhunyt a 36 \u00e9ves magyar sz\u00edn\u00e9szn\u0151\"},{\"@type\":\"BreadcrumbList\",\"@id\":\"https:\\\/\\\/hotnewsinworld.com\\\/hu\\\/gyasz-elhunyt-a-36-eves-magyar-szineszno\\\/#breadcrumb\",\"itemListElement\":[{\"@type\":\"ListItem\",\"position\":1,\"name\":\"\u0413\u043b\u0430\u0432\u043d\u0430\u044f \u0441\u0442\u0440\u0430\u043d\u0438\u0446\u0430\",\"item\":\"https:\\\/\\\/hotnewsinworld.com\\\/hu\\\/\"},{\"@type\":\"ListItem\",\"position\":2,\"name\":\"Gy\u00e1sz! Elhunyt a 36 \u00e9ves magyar sz\u00edn\u00e9szn\u0151\"}]},{\"@type\":\"WebSite\",\"@id\":\"https:\\\/\\\/hotnewsinworld.com\\\/hu\\\/#website\",\"url\":\"https:\\\/\\\/hotnewsinworld.com\\\/hu\\\/\",\"name\":\"Hot News in World\",\"description\":\"Hot News in World from Hungary\",\"potentialAction\":[{\"@type\":\"SearchAction\",\"target\":{\"@type\":\"EntryPoint\",\"urlTemplate\":\"https:\\\/\\\/hotnewsinworld.com\\\/hu\\\/?s={search_term_string}\"},\"query-input\":{\"@type\":\"PropertyValueSpecification\",\"valueRequired\":true,\"valueName\":\"search_term_string\"}}],\"inLanguage\":\"hu\"},{\"@type\":\"Person\",\"@id\":\"https:\\\/\\\/hotnewsinworld.com\\\/hu\\\/#\\\/schema\\\/person\\\/fe61448b21c0d59086e75fcc1f9d8f6b\",\"name\":\"hotnewsinworld\",\"image\":{\"@type\":\"ImageObject\",\"inLanguage\":\"hu\",\"@id\":\"https:\\\/\\\/secure.gravatar.com\\\/avatar\\\/8a09ac165600ce2e1c38fe593c63928eb1e6e7ba5c5a907d67787c41b3d00c14?s=96&d=mm&r=g\",\"url\":\"https:\\\/\\\/secure.gravatar.com\\\/avatar\\\/8a09ac165600ce2e1c38fe593c63928eb1e6e7ba5c5a907d67787c41b3d00c14?s=96&d=mm&r=g\",\"contentUrl\":\"https:\\\/\\\/secure.gravatar.com\\\/avatar\\\/8a09ac165600ce2e1c38fe593c63928eb1e6e7ba5c5a907d67787c41b3d00c14?s=96&d=mm&r=g\",\"caption\":\"hotnewsinworld\"},\"url\":\"https:\\\/\\\/hotnewsinworld.com\\\/hu\\\/author\\\/pt\\\/\"}]}<\/script>\n<!-- \/ Yoast SEO plugin. -->","yoast_head_json":{"title":"Gy\u00e1sz! Elhunyt a 36 \u00e9ves magyar sz\u00edn\u00e9szn\u0151 - Hot News in World","robots":{"index":"index","follow":"follow","max-snippet":"max-snippet:-1","max-image-preview":"max-image-preview:large","max-video-preview":"max-video-preview:-1"},"canonical":"https:\/\/hotnewsinworld.com\/hu\/gyasz-elhunyt-a-36-eves-magyar-szineszno\/","og_locale":"hu_HU","og_type":"article","og_title":"Gy\u00e1sz! Elhunyt a 36 \u00e9ves magyar sz\u00edn\u00e9szn\u0151 - Hot News in World","og_description":"Lok\u00e1l , 2019. 09. 17. 11:26Hosszan tart\u00f3 betegs\u00e9g ut\u00e1n elhunyt a nagyv\u00e1radi Szigligeti Sz\u00ednh\u00e1z Szigligeti T\u00e1rsulat\u00e1nak sz\u00ednm\u0171v\u00e9sze. A szomor\u00fa h\u00edrr\u0151l a t\u00e1rsulat sz\u00e1molt be a k\u00f6z\u00f6ss\u00e9gi oldal\u00e1n.\u201e\u00c9let\u00e9nek 36. \u00e9v\u00e9ben, m\u00e9lt\u00f3s\u00e1ggal \u00e9s k\u00fcl\u00f6nleges er\u0151vel viselt, hosszan tart\u00f3, s\u00falyos betegs\u00e9g ut\u00e1n, 2019. szeptember 16-\u00e1n elhunyt Ababi Csilla, a nagyv\u00e1radi Szigligeti Sz\u00ednh\u00e1z Szigligeti T\u00e1rsulat\u00e1nak sz\u00ednm\u0171v\u00e9sze.Ababi Csilla 1983. j\u00falius [&hellip;]","og_url":"https:\/\/hotnewsinworld.com\/hu\/gyasz-elhunyt-a-36-eves-magyar-szineszno\/","og_site_name":"Hot News in World","article_published_time":"2019-09-17T09:38:35+00:00","article_modified_time":"2019-09-17T09:38:37+00:00","og_image":[{"width":1920,"height":1271,"url":"https:\/\/hotnewsinworld.com\/hu\/wp-content\/uploads\/sites\/3\/2019\/09\/Gy\u00e1sz-Elhunyt-a-36-\u00e9ves-magyar-sz\u00edn\u00e9szn\u0151.jpg","type":"image\/jpeg"}],"author":"hotnewsinworld","twitter_card":"summary_large_image","twitter_misc":{"Szerz\u0151:":"hotnewsinworld","Becs\u00fclt olvas\u00e1si id\u0151":"1 perc"},"schema":{"@context":"https:\/\/schema.org","@graph":[{"@type":"Article","@id":"https:\/\/hotnewsinworld.com\/hu\/gyasz-elhunyt-a-36-eves-magyar-szineszno\/#article","isPartOf":{"@id":"https:\/\/hotnewsinworld.com\/hu\/gyasz-elhunyt-a-36-eves-magyar-szineszno\/"},"author":{"name":"hotnewsinworld","@id":"https:\/\/hotnewsinworld.com\/hu\/#\/schema\/person\/fe61448b21c0d59086e75fcc1f9d8f6b"},"headline":"Gy\u00e1sz! Elhunyt a 36 \u00e9ves magyar sz\u00edn\u00e9szn\u0151","datePublished":"2019-09-17T09:38:35+00:00","dateModified":"2019-09-17T09:38:37+00:00","mainEntityOfPage":{"@id":"https:\/\/hotnewsinworld.com\/hu\/gyasz-elhunyt-a-36-eves-magyar-szineszno\/"},"wordCount":203,"commentCount":0,"image":{"@id":"https:\/\/hotnewsinworld.com\/hu\/gyasz-elhunyt-a-36-eves-magyar-szineszno\/#primaryimage"},"thumbnailUrl":"https:\/\/hotnewsinworld.com\/hu\/wp-content\/uploads\/sites\/3\/2019\/09\/Gy\u00e1sz-Elhunyt-a-36-\u00e9ves-magyar-sz\u00edn\u00e9szn\u0151.jpg","articleSection":["LEG\u00daJABB P\u00c9NZ\u00dcGYI H\u00cdREK"],"inLanguage":"hu","potentialAction":[{"@type":"CommentAction","name":"Comment","target":["https:\/\/hotnewsinworld.com\/hu\/gyasz-elhunyt-a-36-eves-magyar-szineszno\/#respond"]}]},{"@type":"WebPage","@id":"https:\/\/hotnewsinworld.com\/hu\/gyasz-elhunyt-a-36-eves-magyar-szineszno\/","url":"https:\/\/hotnewsinworld.com\/hu\/gyasz-elhunyt-a-36-eves-magyar-szineszno\/","name":"Gy\u00e1sz! Elhunyt a 36 \u00e9ves magyar sz\u00edn\u00e9szn\u0151 - Hot News in World","isPartOf":{"@id":"https:\/\/hotnewsinworld.com\/hu\/#website"},"primaryImageOfPage":{"@id":"https:\/\/hotnewsinworld.com\/hu\/gyasz-elhunyt-a-36-eves-magyar-szineszno\/#primaryimage"},"image":{"@id":"https:\/\/hotnewsinworld.com\/hu\/gyasz-elhunyt-a-36-eves-magyar-szineszno\/#primaryimage"},"thumbnailUrl":"https:\/\/hotnewsinworld.com\/hu\/wp-content\/uploads\/sites\/3\/2019\/09\/Gy\u00e1sz-Elhunyt-a-36-\u00e9ves-magyar-sz\u00edn\u00e9szn\u0151.jpg","datePublished":"2019-09-17T09:38:35+00:00","dateModified":"2019-09-17T09:38:37+00:00","author":{"@id":"https:\/\/hotnewsinworld.com\/hu\/#\/schema\/person\/fe61448b21c0d59086e75fcc1f9d8f6b"},"breadcrumb":{"@id":"https:\/\/hotnewsinworld.com\/hu\/gyasz-elhunyt-a-36-eves-magyar-szineszno\/#breadcrumb"},"inLanguage":"hu","potentialAction":[{"@type":"ReadAction","target":["https:\/\/hotnewsinworld.com\/hu\/gyasz-elhunyt-a-36-eves-magyar-szineszno\/"]}]},{"@type":"ImageObject","inLanguage":"hu","@id":"https:\/\/hotnewsinworld.com\/hu\/gyasz-elhunyt-a-36-eves-magyar-szineszno\/#primaryimage","url":"https:\/\/hotnewsinworld.com\/hu\/wp-content\/uploads\/sites\/3\/2019\/09\/Gy\u00e1sz-Elhunyt-a-36-\u00e9ves-magyar-sz\u00edn\u00e9szn\u0151.jpg","contentUrl":"https:\/\/hotnewsinworld.com\/hu\/wp-content\/uploads\/sites\/3\/2019\/09\/Gy\u00e1sz-Elhunyt-a-36-\u00e9ves-magyar-sz\u00edn\u00e9szn\u0151.jpg","width":1920,"height":1271,"caption":"Gy\u00e1sz! Elhunyt a 36 \u00e9ves magyar sz\u00edn\u00e9szn\u0151"},{"@type":"BreadcrumbList","@id":"https:\/\/hotnewsinworld.com\/hu\/gyasz-elhunyt-a-36-eves-magyar-szineszno\/#breadcrumb","itemListElement":[{"@type":"ListItem","position":1,"name":"\u0413\u043b\u0430\u0432\u043d\u0430\u044f \u0441\u0442\u0440\u0430\u043d\u0438\u0446\u0430","item":"https:\/\/hotnewsinworld.com\/hu\/"},{"@type":"ListItem","position":2,"name":"Gy\u00e1sz! Elhunyt a 36 \u00e9ves magyar sz\u00edn\u00e9szn\u0151"}]},{"@type":"WebSite","@id":"https:\/\/hotnewsinworld.com\/hu\/#website","url":"https:\/\/hotnewsinworld.com\/hu\/","name":"Hot News in World","description":"Hot News in World from Hungary","potentialAction":[{"@type":"SearchAction","target":{"@type":"EntryPoint","urlTemplate":"https:\/\/hotnewsinworld.com\/hu\/?s={search_term_string}"},"query-input":{"@type":"PropertyValueSpecification","valueRequired":true,"valueName":"search_term_string"}}],"inLanguage":"hu"},{"@type":"Person","@id":"https:\/\/hotnewsinworld.com\/hu\/#\/schema\/person\/fe61448b21c0d59086e75fcc1f9d8f6b","name":"hotnewsinworld","image":{"@type":"ImageObject","inLanguage":"hu","@id":"https:\/\/secure.gravatar.com\/avatar\/8a09ac165600ce2e1c38fe593c63928eb1e6e7ba5c5a907d67787c41b3d00c14?s=96&d=mm&r=g","url":"https:\/\/secure.gravatar.com\/avatar\/8a09ac165600ce2e1c38fe593c63928eb1e6e7ba5c5a907d67787c41b3d00c14?s=96&d=mm&r=g","contentUrl":"https:\/\/secure.gravatar.com\/avatar\/8a09ac165600ce2e1c38fe593c63928eb1e6e7ba5c5a907d67787c41b3d00c14?s=96&d=mm&r=g","caption":"hotnewsinworld"},"url":"https:\/\/hotnewsinworld.com\/hu\/author\/pt\/"}]}},"_links":{"self":[{"href":"https:\/\/hotnewsinworld.com\/hu\/wp-json\/wp\/v2\/posts\/2196","targetHints":{"allow":["GET"]}}],"collection":[{"href":"https:\/\/hotnewsinworld.com\/hu\/wp-json\/wp\/v2\/posts"}],"about":[{"href":"https:\/\/hotnewsinworld.com\/hu\/wp-json\/wp\/v2\/types\/post"}],"author":[{"embeddable":true,"href":"https:\/\/hotnewsinworld.com\/hu\/wp-json\/wp\/v2\/users\/2"}],"replies":[{"embeddable":true,"href":"https:\/\/hotnewsinworld.com\/hu\/wp-json\/wp\/v2\/comments?post=2196"}],"version-history":[{"count":1,"href":"https:\/\/hotnewsinworld.com\/hu\/wp-json\/wp\/v2\/posts\/2196\/revisions"}],"predecessor-version":[{"id":2198,"href":"https:\/\/hotnewsinworld.com\/hu\/wp-json\/wp\/v2\/posts\/2196\/revisions\/2198"}],"wp:featuredmedia":[{"embeddable":true,"href":"https:\/\/hotnewsinworld.com\/hu\/wp-json\/wp\/v2\/media\/2197"}],"wp:attachment":[{"href":"https:\/\/hotnewsinworld.com\/hu\/wp-json\/wp\/v2\/media?parent=2196"}],"wp:term":[{"taxonomy":"category","embeddable":true,"href":"https:\/\/hotnewsinworld.com\/hu\/wp-json\/wp\/v2\/categories?post=2196"},{"taxonomy":"post_tag","embeddable":true,"href":"https:\/\/hotnewsinworld.com\/hu\/wp-json\/wp\/v2\/tags?post=2196"}],"curies":[{"name":"wp","href":"https:\/\/api.w.org\/{rel}","templated":true}]}}