{"id":2205,"date":"2019-09-17T19:00:39","date_gmt":"2019-09-17T16:00:39","guid":{"rendered":"https:\/\/hotnewsinworld.com\/hu\/szijjarto-peter-a-magyar-gazdasag-dimenziovaltason-ment-keresztul\/"},"modified":"2019-09-17T19:00:40","modified_gmt":"2019-09-17T16:00:40","slug":"szijjarto-peter-a-magyar-gazdasag-dimenziovaltason-ment-keresztul","status":"publish","type":"post","link":"https:\/\/hotnewsinworld.com\/hu\/szijjarto-peter-a-magyar-gazdasag-dimenziovaltason-ment-keresztul\/","title":{"rendered":"Szijj\u00e1rt\u00f3 P\u00e9ter: A magyar gazdas\u00e1g dimenzi\u00f3v\u00e1lt\u00e1son ment kereszt\u00fcl"},"content":{"rendered":"<p>\t\t\t\t\tA cikk emailben t\u00f6rt\u00e9n\u0151 elk\u00fcld\u00e9s\u00e9hez kattintson ide, vagy m\u00e1solja le \u00e9s k\u00fcldje el ezt a linket: https:\/\/magyarnemzet.hu\/belfold\/szijjarto-peter-a-magyar-gazdasag-dimenziovaltason-ment-keresztul-7313975\/<\/p>\n<p>\t\t\t\t\t2019. szeptember 17. kedd 17:37<\/p>\n<p>\t\t\t\t\t\t\t\tA magyar gazdas\u00e1g dimenzi\u00f3v\u00e1lt\u00e1son ment kereszt\u00fcl az elm\u00falt \u00e9vekben \u2013 jelentette ki a k\u00fclgazdas\u00e1gi \u00e9s k\u00fcl\u00fcgyminiszter kedden Szegeden.\t\t\t\t\t\t\t<\/p>\n<p>\t\t\t\t\tSzijj\u00e1rt\u00f3 P\u00e9ter a British Petrol magyarorsz\u00e1gi \u00fczleti szolg\u00e1ltat\u00f3k\u00f6zpontja megalap\u00edt\u00e1s\u00e1nak tizedik \u00e9vfordul\u00f3ja alkalm\u00e1b\u00f3l rendezett \u00fcnneps\u00e9gen kifejtette, az elm\u00falt \u00e9vtizedben a magyar gazdas\u00e1g nagy utat tett meg.<br \/>\nA b\u00e1tor v\u00e1llalati d\u00f6nt\u00e9sek, a magyar emberek teljes\u00edtm\u00e9nye \u00e9s a korm\u00e1nyzati gazdas\u00e1gpolitika egy\u00fctt\u00e1ll\u00e1s\u00e1val siker\u00fclt el\u00e9rni, hogy az Eur\u00f3pai Uni\u00f3 leggyorsabb n\u00f6veked\u00e9si \u00fctem\u00e9t Magyarorsz\u00e1g tudja felmutatni \u2013 k\u00f6z\u00f6lte.<br \/>\nM\u00e1r 4,5 milli\u00f3 ember dolgozik \u00e9s fizet ad\u00f3t, amire a rendszerv\u00e1lt\u00e1s \u00f3ta nem volt p\u00e9lda, \u00e9s minden \u00e9vben siker\u00fclt megd\u00f6nteni az \u00e9ppen aktu\u00e1lisan fenn\u00e1ll\u00f3 export- \u00e9s beruh\u00e1z\u00e1si rekordokat. Az \u00faj helyzet \u00faj gazdas\u00e1gpolitikai megk\u00f6zel\u00edt\u00e9st ig\u00e9nyel \u2013 mondta a miniszter.<br \/>\nA teljes foglalkoztat\u00e1s k\u00fcsz\u00f6b\u00e9n \u00e1llva, okt\u00f3ber 1-j\u00e9t\u0151l \u00faj beruh\u00e1z\u00e1s \u00f6szt\u00f6nz\u00e9si rendszert ind\u00edt a korm\u00e1ny, amelyben a munkahelyek l\u00e9trehoz\u00e1sa m\u00e1r nem szerepel a Magyarorsz\u00e1gra \u00e9rkez\u0151 beruh\u00e1z\u00e1sok k\u00f6lts\u00e9gvet\u00e9si t\u00e1mogat\u00e1s\u00e1nak felt\u00e9telei k\u00f6z\u00f6tt \u2013 k\u00f6z\u00f6lte Szijj\u00e1rt\u00f3 P\u00e9ter.<\/p>\n<p>\n<!--noindex--><br \/>\n<a href=\"https:\/\/hirek.oldal.info\/rssclick\/14404833\" rel=\"nofollow\">Source link <\/a><br \/>\n<!--\/noindex--><\/p>\n","protected":false},"excerpt":{"rendered":"<p>A cikk emailben t\u00f6rt\u00e9n\u0151 elk\u00fcld\u00e9s\u00e9hez kattintson ide, vagy m\u00e1solja le \u00e9s k\u00fcldje el ezt a linket: https:\/\/magyarnemzet.hu\/belfold\/szijjarto-peter-a-magyar-gazdasag-dimenziovaltason-ment-keresztul-7313975\/ 2019. szeptember 17. kedd 17:37 A magyar gazdas\u00e1g dimenzi\u00f3v\u00e1lt\u00e1son ment kereszt\u00fcl az elm\u00falt \u00e9vekben \u2013 jelentette ki a k\u00fclgazdas\u00e1gi \u00e9s k\u00fcl\u00fcgyminiszter kedden Szegeden. Szijj\u00e1rt\u00f3 P\u00e9ter a British Petrol magyarorsz\u00e1gi \u00fczleti szolg\u00e1ltat\u00f3k\u00f6zpontja megalap\u00edt\u00e1s\u00e1nak tizedik \u00e9vfordul\u00f3ja alkalm\u00e1b\u00f3l rendezett \u00fcnneps\u00e9gen kifejtette, [&hellip;]<\/p>\n","protected":false},"author":2,"featured_media":199,"comment_status":"open","ping_status":"open","sticky":false,"template":"","format":"standard","meta":{"footnotes":""},"categories":[1],"tags":[],"class_list":["post-2205","post","type-post","status-publish","format-standard","has-post-thumbnail","hentry","category-legujabb-penzugyi-hirek"],"yoast_head":"<!-- This site is optimized with the Yoast SEO plugin v27.4 - https:\/\/yoast.com\/product\/yoast-seo-wordpress\/ -->\n<title>Szijj\u00e1rt\u00f3 P\u00e9ter: A magyar gazdas\u00e1g dimenzi\u00f3v\u00e1lt\u00e1son ment kereszt\u00fcl - Hot News in World<\/title>\n<meta name=\"robots\" content=\"index, follow, max-snippet:-1, max-image-preview:large, max-video-preview:-1\" \/>\n<link rel=\"canonical\" href=\"https:\/\/hotnewsinworld.com\/hu\/szijjarto-peter-a-magyar-gazdasag-dimenziovaltason-ment-keresztul\/\" \/>\n<meta property=\"og:locale\" content=\"hu_HU\" \/>\n<meta property=\"og:type\" content=\"article\" \/>\n<meta property=\"og:title\" content=\"Szijj\u00e1rt\u00f3 P\u00e9ter: A magyar gazdas\u00e1g dimenzi\u00f3v\u00e1lt\u00e1son ment kereszt\u00fcl - Hot News in World\" \/>\n<meta property=\"og:description\" content=\"A cikk emailben t\u00f6rt\u00e9n\u0151 elk\u00fcld\u00e9s\u00e9hez kattintson ide, vagy m\u00e1solja le \u00e9s k\u00fcldje el ezt a linket: https:\/\/magyarnemzet.hu\/belfold\/szijjarto-peter-a-magyar-gazdasag-dimenziovaltason-ment-keresztul-7313975\/ 2019. szeptember 17. kedd 17:37 A magyar gazdas\u00e1g dimenzi\u00f3v\u00e1lt\u00e1son ment kereszt\u00fcl az elm\u00falt \u00e9vekben \u2013 jelentette ki a k\u00fclgazdas\u00e1gi \u00e9s k\u00fcl\u00fcgyminiszter kedden Szegeden. Szijj\u00e1rt\u00f3 P\u00e9ter a British Petrol magyarorsz\u00e1gi \u00fczleti szolg\u00e1ltat\u00f3k\u00f6zpontja megalap\u00edt\u00e1s\u00e1nak tizedik \u00e9vfordul\u00f3ja alkalm\u00e1b\u00f3l rendezett \u00fcnneps\u00e9gen kifejtette, [&hellip;]\" \/>\n<meta property=\"og:url\" content=\"https:\/\/hotnewsinworld.com\/hu\/szijjarto-peter-a-magyar-gazdasag-dimenziovaltason-ment-keresztul\/\" \/>\n<meta property=\"og:site_name\" content=\"Hot News in World\" \/>\n<meta property=\"article:published_time\" content=\"2019-09-17T16:00:39+00:00\" \/>\n<meta property=\"article:modified_time\" content=\"2019-09-17T16:00:40+00:00\" \/>\n<meta property=\"og:image\" content=\"https:\/\/hotnewsinworld.com\/hu\/wp-content\/uploads\/sites\/3\/2019\/06\/Hidv\u00e9ghi-Bal\u00e1zs-A-Fidesz-kezdem\u00e9nyezni-fogja-a-migr\u00e1nsk\u00e1rty\u00e1k-megsz\u00fcntet\u00e9s\u00e9t.png\" \/>\n\t<meta property=\"og:image:width\" content=\"1200\" \/>\n\t<meta property=\"og:image:height\" content=\"630\" \/>\n\t<meta property=\"og:image:type\" content=\"image\/png\" \/>\n<meta name=\"author\" content=\"hotnewsinworld\" \/>\n<meta name=\"twitter:card\" content=\"summary_large_image\" \/>\n<meta name=\"twitter:label1\" content=\"Szerz\u0151:\" \/>\n\t<meta name=\"twitter:data1\" content=\"hotnewsinworld\" \/>\n\t<meta name=\"twitter:label2\" content=\"Becs\u00fclt olvas\u00e1si id\u0151\" \/>\n\t<meta name=\"twitter:data2\" content=\"1 perc\" \/>\n<script type=\"application\/ld+json\" class=\"yoast-schema-graph\">{\"@context\":\"https:\\\/\\\/schema.org\",\"@graph\":[{\"@type\":\"Article\",\"@id\":\"https:\\\/\\\/hotnewsinworld.com\\\/hu\\\/szijjarto-peter-a-magyar-gazdasag-dimenziovaltason-ment-keresztul\\\/#article\",\"isPartOf\":{\"@id\":\"https:\\\/\\\/hotnewsinworld.com\\\/hu\\\/szijjarto-peter-a-magyar-gazdasag-dimenziovaltason-ment-keresztul\\\/\"},\"author\":{\"name\":\"hotnewsinworld\",\"@id\":\"https:\\\/\\\/hotnewsinworld.com\\\/hu\\\/#\\\/schema\\\/person\\\/fe61448b21c0d59086e75fcc1f9d8f6b\"},\"headline\":\"Szijj\u00e1rt\u00f3 P\u00e9ter: A magyar gazdas\u00e1g dimenzi\u00f3v\u00e1lt\u00e1son ment kereszt\u00fcl\",\"datePublished\":\"2019-09-17T16:00:39+00:00\",\"dateModified\":\"2019-09-17T16:00:40+00:00\",\"mainEntityOfPage\":{\"@id\":\"https:\\\/\\\/hotnewsinworld.com\\\/hu\\\/szijjarto-peter-a-magyar-gazdasag-dimenziovaltason-ment-keresztul\\\/\"},\"wordCount\":278,\"commentCount\":0,\"image\":{\"@id\":\"https:\\\/\\\/hotnewsinworld.com\\\/hu\\\/szijjarto-peter-a-magyar-gazdasag-dimenziovaltason-ment-keresztul\\\/#primaryimage\"},\"thumbnailUrl\":\"https:\\\/\\\/hotnewsinworld.com\\\/hu\\\/wp-content\\\/uploads\\\/sites\\\/3\\\/2019\\\/06\\\/Hidv\u00e9ghi-Bal\u00e1zs-A-Fidesz-kezdem\u00e9nyezni-fogja-a-migr\u00e1nsk\u00e1rty\u00e1k-megsz\u00fcntet\u00e9s\u00e9t.png\",\"articleSection\":[\"LEG\u00daJABB P\u00c9NZ\u00dcGYI H\u00cdREK\"],\"inLanguage\":\"hu\",\"potentialAction\":[{\"@type\":\"CommentAction\",\"name\":\"Comment\",\"target\":[\"https:\\\/\\\/hotnewsinworld.com\\\/hu\\\/szijjarto-peter-a-magyar-gazdasag-dimenziovaltason-ment-keresztul\\\/#respond\"]}]},{\"@type\":\"WebPage\",\"@id\":\"https:\\\/\\\/hotnewsinworld.com\\\/hu\\\/szijjarto-peter-a-magyar-gazdasag-dimenziovaltason-ment-keresztul\\\/\",\"url\":\"https:\\\/\\\/hotnewsinworld.com\\\/hu\\\/szijjarto-peter-a-magyar-gazdasag-dimenziovaltason-ment-keresztul\\\/\",\"name\":\"Szijj\u00e1rt\u00f3 P\u00e9ter: A magyar gazdas\u00e1g dimenzi\u00f3v\u00e1lt\u00e1son ment kereszt\u00fcl - Hot News in World\",\"isPartOf\":{\"@id\":\"https:\\\/\\\/hotnewsinworld.com\\\/hu\\\/#website\"},\"primaryImageOfPage\":{\"@id\":\"https:\\\/\\\/hotnewsinworld.com\\\/hu\\\/szijjarto-peter-a-magyar-gazdasag-dimenziovaltason-ment-keresztul\\\/#primaryimage\"},\"image\":{\"@id\":\"https:\\\/\\\/hotnewsinworld.com\\\/hu\\\/szijjarto-peter-a-magyar-gazdasag-dimenziovaltason-ment-keresztul\\\/#primaryimage\"},\"thumbnailUrl\":\"https:\\\/\\\/hotnewsinworld.com\\\/hu\\\/wp-content\\\/uploads\\\/sites\\\/3\\\/2019\\\/06\\\/Hidv\u00e9ghi-Bal\u00e1zs-A-Fidesz-kezdem\u00e9nyezni-fogja-a-migr\u00e1nsk\u00e1rty\u00e1k-megsz\u00fcntet\u00e9s\u00e9t.png\",\"datePublished\":\"2019-09-17T16:00:39+00:00\",\"dateModified\":\"2019-09-17T16:00:40+00:00\",\"author\":{\"@id\":\"https:\\\/\\\/hotnewsinworld.com\\\/hu\\\/#\\\/schema\\\/person\\\/fe61448b21c0d59086e75fcc1f9d8f6b\"},\"breadcrumb\":{\"@id\":\"https:\\\/\\\/hotnewsinworld.com\\\/hu\\\/szijjarto-peter-a-magyar-gazdasag-dimenziovaltason-ment-keresztul\\\/#breadcrumb\"},\"inLanguage\":\"hu\",\"potentialAction\":[{\"@type\":\"ReadAction\",\"target\":[\"https:\\\/\\\/hotnewsinworld.com\\\/hu\\\/szijjarto-peter-a-magyar-gazdasag-dimenziovaltason-ment-keresztul\\\/\"]}]},{\"@type\":\"ImageObject\",\"inLanguage\":\"hu\",\"@id\":\"https:\\\/\\\/hotnewsinworld.com\\\/hu\\\/szijjarto-peter-a-magyar-gazdasag-dimenziovaltason-ment-keresztul\\\/#primaryimage\",\"url\":\"https:\\\/\\\/hotnewsinworld.com\\\/hu\\\/wp-content\\\/uploads\\\/sites\\\/3\\\/2019\\\/06\\\/Hidv\u00e9ghi-Bal\u00e1zs-A-Fidesz-kezdem\u00e9nyezni-fogja-a-migr\u00e1nsk\u00e1rty\u00e1k-megsz\u00fcntet\u00e9s\u00e9t.png\",\"contentUrl\":\"https:\\\/\\\/hotnewsinworld.com\\\/hu\\\/wp-content\\\/uploads\\\/sites\\\/3\\\/2019\\\/06\\\/Hidv\u00e9ghi-Bal\u00e1zs-A-Fidesz-kezdem\u00e9nyezni-fogja-a-migr\u00e1nsk\u00e1rty\u00e1k-megsz\u00fcntet\u00e9s\u00e9t.png\",\"width\":1200,\"height\":630,\"caption\":\"Hidv\u00e9ghi Bal\u00e1zs: A Fidesz kezdem\u00e9nyezni fogja a migr\u00e1nsk\u00e1rty\u00e1k megsz\u00fcntet\u00e9s\u00e9t\"},{\"@type\":\"BreadcrumbList\",\"@id\":\"https:\\\/\\\/hotnewsinworld.com\\\/hu\\\/szijjarto-peter-a-magyar-gazdasag-dimenziovaltason-ment-keresztul\\\/#breadcrumb\",\"itemListElement\":[{\"@type\":\"ListItem\",\"position\":1,\"name\":\"\u0413\u043b\u0430\u0432\u043d\u0430\u044f \u0441\u0442\u0440\u0430\u043d\u0438\u0446\u0430\",\"item\":\"https:\\\/\\\/hotnewsinworld.com\\\/hu\\\/\"},{\"@type\":\"ListItem\",\"position\":2,\"name\":\"Szijj\u00e1rt\u00f3 P\u00e9ter: A magyar gazdas\u00e1g dimenzi\u00f3v\u00e1lt\u00e1son ment kereszt\u00fcl\"}]},{\"@type\":\"WebSite\",\"@id\":\"https:\\\/\\\/hotnewsinworld.com\\\/hu\\\/#website\",\"url\":\"https:\\\/\\\/hotnewsinworld.com\\\/hu\\\/\",\"name\":\"Hot News in World\",\"description\":\"Hot News in World from Hungary\",\"potentialAction\":[{\"@type\":\"SearchAction\",\"target\":{\"@type\":\"EntryPoint\",\"urlTemplate\":\"https:\\\/\\\/hotnewsinworld.com\\\/hu\\\/?s={search_term_string}\"},\"query-input\":{\"@type\":\"PropertyValueSpecification\",\"valueRequired\":true,\"valueName\":\"search_term_string\"}}],\"inLanguage\":\"hu\"},{\"@type\":\"Person\",\"@id\":\"https:\\\/\\\/hotnewsinworld.com\\\/hu\\\/#\\\/schema\\\/person\\\/fe61448b21c0d59086e75fcc1f9d8f6b\",\"name\":\"hotnewsinworld\",\"image\":{\"@type\":\"ImageObject\",\"inLanguage\":\"hu\",\"@id\":\"https:\\\/\\\/secure.gravatar.com\\\/avatar\\\/8a09ac165600ce2e1c38fe593c63928eb1e6e7ba5c5a907d67787c41b3d00c14?s=96&d=mm&r=g\",\"url\":\"https:\\\/\\\/secure.gravatar.com\\\/avatar\\\/8a09ac165600ce2e1c38fe593c63928eb1e6e7ba5c5a907d67787c41b3d00c14?s=96&d=mm&r=g\",\"contentUrl\":\"https:\\\/\\\/secure.gravatar.com\\\/avatar\\\/8a09ac165600ce2e1c38fe593c63928eb1e6e7ba5c5a907d67787c41b3d00c14?s=96&d=mm&r=g\",\"caption\":\"hotnewsinworld\"},\"url\":\"https:\\\/\\\/hotnewsinworld.com\\\/hu\\\/author\\\/pt\\\/\"}]}<\/script>\n<!-- \/ Yoast SEO plugin. -->","yoast_head_json":{"title":"Szijj\u00e1rt\u00f3 P\u00e9ter: A magyar gazdas\u00e1g dimenzi\u00f3v\u00e1lt\u00e1son ment kereszt\u00fcl - Hot News in World","robots":{"index":"index","follow":"follow","max-snippet":"max-snippet:-1","max-image-preview":"max-image-preview:large","max-video-preview":"max-video-preview:-1"},"canonical":"https:\/\/hotnewsinworld.com\/hu\/szijjarto-peter-a-magyar-gazdasag-dimenziovaltason-ment-keresztul\/","og_locale":"hu_HU","og_type":"article","og_title":"Szijj\u00e1rt\u00f3 P\u00e9ter: A magyar gazdas\u00e1g dimenzi\u00f3v\u00e1lt\u00e1son ment kereszt\u00fcl - Hot News in World","og_description":"A cikk emailben t\u00f6rt\u00e9n\u0151 elk\u00fcld\u00e9s\u00e9hez kattintson ide, vagy m\u00e1solja le \u00e9s k\u00fcldje el ezt a linket: https:\/\/magyarnemzet.hu\/belfold\/szijjarto-peter-a-magyar-gazdasag-dimenziovaltason-ment-keresztul-7313975\/ 2019. szeptember 17. kedd 17:37 A magyar gazdas\u00e1g dimenzi\u00f3v\u00e1lt\u00e1son ment kereszt\u00fcl az elm\u00falt \u00e9vekben \u2013 jelentette ki a k\u00fclgazdas\u00e1gi \u00e9s k\u00fcl\u00fcgyminiszter kedden Szegeden. Szijj\u00e1rt\u00f3 P\u00e9ter a British Petrol magyarorsz\u00e1gi \u00fczleti szolg\u00e1ltat\u00f3k\u00f6zpontja megalap\u00edt\u00e1s\u00e1nak tizedik \u00e9vfordul\u00f3ja alkalm\u00e1b\u00f3l rendezett \u00fcnneps\u00e9gen kifejtette, [&hellip;]","og_url":"https:\/\/hotnewsinworld.com\/hu\/szijjarto-peter-a-magyar-gazdasag-dimenziovaltason-ment-keresztul\/","og_site_name":"Hot News in World","article_published_time":"2019-09-17T16:00:39+00:00","article_modified_time":"2019-09-17T16:00:40+00:00","og_image":[{"width":1200,"height":630,"url":"https:\/\/hotnewsinworld.com\/hu\/wp-content\/uploads\/sites\/3\/2019\/06\/Hidv\u00e9ghi-Bal\u00e1zs-A-Fidesz-kezdem\u00e9nyezni-fogja-a-migr\u00e1nsk\u00e1rty\u00e1k-megsz\u00fcntet\u00e9s\u00e9t.png","type":"image\/png"}],"author":"hotnewsinworld","twitter_card":"summary_large_image","twitter_misc":{"Szerz\u0151:":"hotnewsinworld","Becs\u00fclt olvas\u00e1si id\u0151":"1 perc"},"schema":{"@context":"https:\/\/schema.org","@graph":[{"@type":"Article","@id":"https:\/\/hotnewsinworld.com\/hu\/szijjarto-peter-a-magyar-gazdasag-dimenziovaltason-ment-keresztul\/#article","isPartOf":{"@id":"https:\/\/hotnewsinworld.com\/hu\/szijjarto-peter-a-magyar-gazdasag-dimenziovaltason-ment-keresztul\/"},"author":{"name":"hotnewsinworld","@id":"https:\/\/hotnewsinworld.com\/hu\/#\/schema\/person\/fe61448b21c0d59086e75fcc1f9d8f6b"},"headline":"Szijj\u00e1rt\u00f3 P\u00e9ter: A magyar gazdas\u00e1g dimenzi\u00f3v\u00e1lt\u00e1son ment kereszt\u00fcl","datePublished":"2019-09-17T16:00:39+00:00","dateModified":"2019-09-17T16:00:40+00:00","mainEntityOfPage":{"@id":"https:\/\/hotnewsinworld.com\/hu\/szijjarto-peter-a-magyar-gazdasag-dimenziovaltason-ment-keresztul\/"},"wordCount":278,"commentCount":0,"image":{"@id":"https:\/\/hotnewsinworld.com\/hu\/szijjarto-peter-a-magyar-gazdasag-dimenziovaltason-ment-keresztul\/#primaryimage"},"thumbnailUrl":"https:\/\/hotnewsinworld.com\/hu\/wp-content\/uploads\/sites\/3\/2019\/06\/Hidv\u00e9ghi-Bal\u00e1zs-A-Fidesz-kezdem\u00e9nyezni-fogja-a-migr\u00e1nsk\u00e1rty\u00e1k-megsz\u00fcntet\u00e9s\u00e9t.png","articleSection":["LEG\u00daJABB P\u00c9NZ\u00dcGYI H\u00cdREK"],"inLanguage":"hu","potentialAction":[{"@type":"CommentAction","name":"Comment","target":["https:\/\/hotnewsinworld.com\/hu\/szijjarto-peter-a-magyar-gazdasag-dimenziovaltason-ment-keresztul\/#respond"]}]},{"@type":"WebPage","@id":"https:\/\/hotnewsinworld.com\/hu\/szijjarto-peter-a-magyar-gazdasag-dimenziovaltason-ment-keresztul\/","url":"https:\/\/hotnewsinworld.com\/hu\/szijjarto-peter-a-magyar-gazdasag-dimenziovaltason-ment-keresztul\/","name":"Szijj\u00e1rt\u00f3 P\u00e9ter: A magyar gazdas\u00e1g dimenzi\u00f3v\u00e1lt\u00e1son ment kereszt\u00fcl - Hot News in World","isPartOf":{"@id":"https:\/\/hotnewsinworld.com\/hu\/#website"},"primaryImageOfPage":{"@id":"https:\/\/hotnewsinworld.com\/hu\/szijjarto-peter-a-magyar-gazdasag-dimenziovaltason-ment-keresztul\/#primaryimage"},"image":{"@id":"https:\/\/hotnewsinworld.com\/hu\/szijjarto-peter-a-magyar-gazdasag-dimenziovaltason-ment-keresztul\/#primaryimage"},"thumbnailUrl":"https:\/\/hotnewsinworld.com\/hu\/wp-content\/uploads\/sites\/3\/2019\/06\/Hidv\u00e9ghi-Bal\u00e1zs-A-Fidesz-kezdem\u00e9nyezni-fogja-a-migr\u00e1nsk\u00e1rty\u00e1k-megsz\u00fcntet\u00e9s\u00e9t.png","datePublished":"2019-09-17T16:00:39+00:00","dateModified":"2019-09-17T16:00:40+00:00","author":{"@id":"https:\/\/hotnewsinworld.com\/hu\/#\/schema\/person\/fe61448b21c0d59086e75fcc1f9d8f6b"},"breadcrumb":{"@id":"https:\/\/hotnewsinworld.com\/hu\/szijjarto-peter-a-magyar-gazdasag-dimenziovaltason-ment-keresztul\/#breadcrumb"},"inLanguage":"hu","potentialAction":[{"@type":"ReadAction","target":["https:\/\/hotnewsinworld.com\/hu\/szijjarto-peter-a-magyar-gazdasag-dimenziovaltason-ment-keresztul\/"]}]},{"@type":"ImageObject","inLanguage":"hu","@id":"https:\/\/hotnewsinworld.com\/hu\/szijjarto-peter-a-magyar-gazdasag-dimenziovaltason-ment-keresztul\/#primaryimage","url":"https:\/\/hotnewsinworld.com\/hu\/wp-content\/uploads\/sites\/3\/2019\/06\/Hidv\u00e9ghi-Bal\u00e1zs-A-Fidesz-kezdem\u00e9nyezni-fogja-a-migr\u00e1nsk\u00e1rty\u00e1k-megsz\u00fcntet\u00e9s\u00e9t.png","contentUrl":"https:\/\/hotnewsinworld.com\/hu\/wp-content\/uploads\/sites\/3\/2019\/06\/Hidv\u00e9ghi-Bal\u00e1zs-A-Fidesz-kezdem\u00e9nyezni-fogja-a-migr\u00e1nsk\u00e1rty\u00e1k-megsz\u00fcntet\u00e9s\u00e9t.png","width":1200,"height":630,"caption":"Hidv\u00e9ghi Bal\u00e1zs: A Fidesz kezdem\u00e9nyezni fogja a migr\u00e1nsk\u00e1rty\u00e1k megsz\u00fcntet\u00e9s\u00e9t"},{"@type":"BreadcrumbList","@id":"https:\/\/hotnewsinworld.com\/hu\/szijjarto-peter-a-magyar-gazdasag-dimenziovaltason-ment-keresztul\/#breadcrumb","itemListElement":[{"@type":"ListItem","position":1,"name":"\u0413\u043b\u0430\u0432\u043d\u0430\u044f \u0441\u0442\u0440\u0430\u043d\u0438\u0446\u0430","item":"https:\/\/hotnewsinworld.com\/hu\/"},{"@type":"ListItem","position":2,"name":"Szijj\u00e1rt\u00f3 P\u00e9ter: A magyar gazdas\u00e1g dimenzi\u00f3v\u00e1lt\u00e1son ment kereszt\u00fcl"}]},{"@type":"WebSite","@id":"https:\/\/hotnewsinworld.com\/hu\/#website","url":"https:\/\/hotnewsinworld.com\/hu\/","name":"Hot News in World","description":"Hot News in World from Hungary","potentialAction":[{"@type":"SearchAction","target":{"@type":"EntryPoint","urlTemplate":"https:\/\/hotnewsinworld.com\/hu\/?s={search_term_string}"},"query-input":{"@type":"PropertyValueSpecification","valueRequired":true,"valueName":"search_term_string"}}],"inLanguage":"hu"},{"@type":"Person","@id":"https:\/\/hotnewsinworld.com\/hu\/#\/schema\/person\/fe61448b21c0d59086e75fcc1f9d8f6b","name":"hotnewsinworld","image":{"@type":"ImageObject","inLanguage":"hu","@id":"https:\/\/secure.gravatar.com\/avatar\/8a09ac165600ce2e1c38fe593c63928eb1e6e7ba5c5a907d67787c41b3d00c14?s=96&d=mm&r=g","url":"https:\/\/secure.gravatar.com\/avatar\/8a09ac165600ce2e1c38fe593c63928eb1e6e7ba5c5a907d67787c41b3d00c14?s=96&d=mm&r=g","contentUrl":"https:\/\/secure.gravatar.com\/avatar\/8a09ac165600ce2e1c38fe593c63928eb1e6e7ba5c5a907d67787c41b3d00c14?s=96&d=mm&r=g","caption":"hotnewsinworld"},"url":"https:\/\/hotnewsinworld.com\/hu\/author\/pt\/"}]}},"_links":{"self":[{"href":"https:\/\/hotnewsinworld.com\/hu\/wp-json\/wp\/v2\/posts\/2205","targetHints":{"allow":["GET"]}}],"collection":[{"href":"https:\/\/hotnewsinworld.com\/hu\/wp-json\/wp\/v2\/posts"}],"about":[{"href":"https:\/\/hotnewsinworld.com\/hu\/wp-json\/wp\/v2\/types\/post"}],"author":[{"embeddable":true,"href":"https:\/\/hotnewsinworld.com\/hu\/wp-json\/wp\/v2\/users\/2"}],"replies":[{"embeddable":true,"href":"https:\/\/hotnewsinworld.com\/hu\/wp-json\/wp\/v2\/comments?post=2205"}],"version-history":[{"count":1,"href":"https:\/\/hotnewsinworld.com\/hu\/wp-json\/wp\/v2\/posts\/2205\/revisions"}],"predecessor-version":[{"id":2206,"href":"https:\/\/hotnewsinworld.com\/hu\/wp-json\/wp\/v2\/posts\/2205\/revisions\/2206"}],"wp:featuredmedia":[{"embeddable":true,"href":"https:\/\/hotnewsinworld.com\/hu\/wp-json\/wp\/v2\/media\/199"}],"wp:attachment":[{"href":"https:\/\/hotnewsinworld.com\/hu\/wp-json\/wp\/v2\/media?parent=2205"}],"wp:term":[{"taxonomy":"category","embeddable":true,"href":"https:\/\/hotnewsinworld.com\/hu\/wp-json\/wp\/v2\/categories?post=2205"},{"taxonomy":"post_tag","embeddable":true,"href":"https:\/\/hotnewsinworld.com\/hu\/wp-json\/wp\/v2\/tags?post=2205"}],"curies":[{"name":"wp","href":"https:\/\/api.w.org\/{rel}","templated":true}]}}