{"id":2207,"date":"2019-09-17T20:22:34","date_gmt":"2019-09-17T17:22:34","guid":{"rendered":"https:\/\/hotnewsinworld.com\/hu\/gyermek-ofelsege-es-migransaradat-ofomeltosaga\/"},"modified":"2019-09-17T20:22:36","modified_gmt":"2019-09-17T17:22:36","slug":"gyermek-ofelsege-es-migransaradat-ofomeltosaga","status":"publish","type":"post","link":"https:\/\/hotnewsinworld.com\/hu\/gyermek-ofelsege-es-migransaradat-ofomeltosaga\/","title":{"rendered":"Gyermek \u0151fels\u00e9ge \u00e9s migr\u00e1ns\u00e1radat \u0151f\u0151m\u00e9lt\u00f3s\u00e1ga"},"content":{"rendered":"<p>                                \u00dcl\u00f6k a buszon. Szemben velem egy \u00fcres sz\u00e9k. Nagymama \u00e9s unoka sz\u00e1ll fel a k\u00f6vetkez\u0151 meg\u00e1ll\u00f3n\u00e1l. \u201e\u00dclj csak le gyorsan!\u201d \u2013 \u00edgy a nagyi a hat\u00e9ves gyereknek. Hat\u00e9ves le is \u00fcl. P\u00f6ffeszkedik. Neki ez term\u00e9szetes. Neki ez j\u00e1r. Nagyi k\u00f6rben\u00e9z, pillant\u00e1sa rajtam \u00e1llapodik meg. S\u00f3hajt. Hangosan. Mutatja, hogy f\u00e1radt.<br \/>\n\u00c9n meg n\u00e9zek r\u00e1 egy darabig, h\u00fcmm\u00f6g\u00f6k magamban, majd lassan elford\u00edtom a fejem, \u00e9s b\u00e1mulok kifel\u00e9 az ablakon. H\u00e1zak, f\u00e1k suhannak, ker\u00edt\u00e9sek, aut\u00f3k \u00e9s villamosok, majd n\u00e9ha-n\u00e9ha visszaford\u00edtom a fejem. Nagyi m\u00e9g mindig n\u00e9z elgy\u00f6t\u00f6rt arccal, mi\u00f3ta kifel\u00e9 b\u00e1multam pr\u00f3b\u00e1lt keresni m\u00e1s c\u00e9lszem\u00e9lyt is, de nem nagyon tal\u00e1lt, \u00edgy most \u2013 mivel \u00e9szrevette, hogy visszafordultam \u2013 ism\u00e9t fel\u00e9m ford\u00edtotta az arc\u00e1t, \u00e9s megint s\u00f3hajtott.<br \/>\nNekem.<br \/>\nT\u00f6prengek. \u00c1tadjam? Hisz az el\u0151bb adta \u00e1t \u0151 maga \u00f6nk\u00e9nt egy hat\u00e9ves k\u00f6ly\u00f6knek! Ha fel\u00e1llok, az olyan, mintha a gyereknek adtam volna \u00e1t.<br \/>\nNem \u00e1llok. Nagyi szenved. Gyerek p\u00f6ffeszkedik. Nagyi m\u00e9g jobban szenved, s megpr\u00f3b\u00e1lja, hogy a gyerek t\u00e1sk\u00e1j\u00e1t \u2013 amit \u0151 maga fog! \u2013 r\u00e1passzolja a gyerekre.<br \/>\n\u201eNe m\u00e1r!\u201d \u2013 \u00edgy a k\u00f6ly\u00f6k, s bambul tov\u00e1bb, \u00e9n meg nem b\u00edrom \u00e9s lesz\u00e1llok.<br \/>\nEbben a k\u00e9t meg\u00e1ll\u00f3ban benne van korunk l\u00e9nyege, a lefel\u00e9 val\u00f3 megfelel\u00e9s.<br \/>\nA sorozatok, melyben igaza mindig a gyereknek van, ki sim\u00e1n h\u00fcly\u00e9zheti sz\u00fcleit, j\u00f3l betesznek al\u00e1 g\u00e9pi r\u00f6h\u00f6g\u00e9st. A migr\u00e1ns, ki ingyen kapja az \u00e9telt, majd a s\u00ednek k\u00f6z\u00e9 r\u00fagja. Akinek m\u00e1r Germany se j\u00f3, s\u0151t, m\u00e1r D\u00e1nia se, maga se tudja, hol akar lenni, csak ingyen legyen minden, \u00e9s ne kelljen kimondani ezt a k\u00e9t sz\u00f3t: \u201ek\u00f6sz\u00f6n\u00f6m\u201d, \u201ek\u00e9rem\u201d.<br \/>\nMegjegyzem, a hat\u00e9ves k\u00f6ly\u00f6k h\u00e1rmunk k\u00f6zt a leger\u0151sebb. Ha \u0151 elesik, felpattan, azt annyi. \u00c9nnekem m\u00e1r z\u00faz\u00f3d\u00e1som van, \u00e9s napokig s\u00e1ntik\u00e1lok, a nagyi meg megy a k\u00f3rh\u00e1zba combnyakt\u00f6r\u00e9ssel. Lehet, t\u00fal se \u00e9li. De ma egy gyerek b\u00edr\u00e1lhatatlan.<br \/>\n(Igazs\u00e1g szerint minden b\u00edr\u00e1lhatatlan, ami a m\u0171k\u00f6d\u0151k\u00e9pes, szab\u00e1lyozott \u00e9lettel ellent\u00e9tes, \u00e9s minden b\u00edr\u00e1lhat\u00f3, ami a fennmarad\u00e1sr\u00f3l sz\u00f3l, vagy azt k\u00e9pviseli. M\u00e1r nem csak a nemi identit\u00e1st nem lehet b\u00edr\u00e1lni, de a betegre sem lehet mondani, hogy beteg. Ha a nyomor\u00e9kra azt mondom nyomor\u00e9k, ezernyi szervezet l\u00e9p porondra, hogy tiltakozzon. Ha egy celeb azt nyilatkozza, elh\u00fazok ebb\u0151l a nyomor\u00e9k orsz\u00e1gb\u00f3l, az senkit nem zavar.)<br \/>\nGyermek \u0151fels\u00e9ge \u00e9s migr\u00e1ns\u00e1radat \u0151f\u0151m\u00e9lt\u00f3s\u00e1ga.<br \/>\nA gyermek lassacsk\u00e1n csak egy kegyt\u00e1rgy, egy d\u00edsz, amit megfogni sem szabad, a port se lehet r\u00f3la let\u00f6r\u00f6lni. Ritka, p\u00f3tolhatatlan.<br \/>\nBezzeg a sok \u201emenek\u00fclt.\u201d N\u00e1luk \u00f6reg nincs, a gyerek meg \u00e1gy\u00fat\u00f6ltel\u00e9k.<br \/>\n\u201eGyermek.\u201d \u00cdgy ejtik, p\u00e1tosszal. Mert a kegyt\u00e1rggyal \u00edgy kell b\u00e1nni. Pofont adni nem lehet neki, de abortusszal \u00e9ves szinten sz\u00e1zezreket \u00f6l\u00fcnk meg.<\/p>\n<p>\n<!--noindex--><br \/>\n<a href=\"https:\/\/hirek.oldal.info\/rssclick\/14405093\" rel=\"nofollow\">Source link <\/a><br \/>\n<!--\/noindex--><\/p>\n","protected":false},"excerpt":{"rendered":"<p>\u00dcl\u00f6k a buszon. Szemben velem egy \u00fcres sz\u00e9k. Nagymama \u00e9s unoka sz\u00e1ll fel a k\u00f6vetkez\u0151 meg\u00e1ll\u00f3n\u00e1l. \u201e\u00dclj csak le gyorsan!\u201d \u2013 \u00edgy a nagyi a hat\u00e9ves gyereknek. Hat\u00e9ves le is \u00fcl. P\u00f6ffeszkedik. Neki ez term\u00e9szetes. Neki ez j\u00e1r. Nagyi k\u00f6rben\u00e9z, pillant\u00e1sa rajtam \u00e1llapodik meg. S\u00f3hajt. Hangosan. Mutatja, hogy f\u00e1radt. \u00c9n meg n\u00e9zek r\u00e1 egy darabig, [&hellip;]<\/p>\n","protected":false},"author":2,"featured_media":2208,"comment_status":"open","ping_status":"open","sticky":false,"template":"","format":"standard","meta":{"footnotes":""},"categories":[1],"tags":[],"class_list":["post-2207","post","type-post","status-publish","format-standard","has-post-thumbnail","hentry","category-legujabb-penzugyi-hirek"],"yoast_head":"<!-- This site is optimized with the Yoast SEO plugin v27.4 - https:\/\/yoast.com\/product\/yoast-seo-wordpress\/ -->\n<title>Gyermek \u0151fels\u00e9ge \u00e9s migr\u00e1ns\u00e1radat \u0151f\u0151m\u00e9lt\u00f3s\u00e1ga - Hot News in World<\/title>\n<meta name=\"robots\" content=\"index, follow, max-snippet:-1, max-image-preview:large, max-video-preview:-1\" \/>\n<link rel=\"canonical\" href=\"https:\/\/hotnewsinworld.com\/hu\/gyermek-ofelsege-es-migransaradat-ofomeltosaga\/\" \/>\n<meta property=\"og:locale\" content=\"hu_HU\" \/>\n<meta property=\"og:type\" content=\"article\" \/>\n<meta property=\"og:title\" content=\"Gyermek \u0151fels\u00e9ge \u00e9s migr\u00e1ns\u00e1radat \u0151f\u0151m\u00e9lt\u00f3s\u00e1ga - Hot News in World\" \/>\n<meta property=\"og:description\" content=\"\u00dcl\u00f6k a buszon. Szemben velem egy \u00fcres sz\u00e9k. Nagymama \u00e9s unoka sz\u00e1ll fel a k\u00f6vetkez\u0151 meg\u00e1ll\u00f3n\u00e1l. \u201e\u00dclj csak le gyorsan!\u201d \u2013 \u00edgy a nagyi a hat\u00e9ves gyereknek. Hat\u00e9ves le is \u00fcl. P\u00f6ffeszkedik. Neki ez term\u00e9szetes. Neki ez j\u00e1r. Nagyi k\u00f6rben\u00e9z, pillant\u00e1sa rajtam \u00e1llapodik meg. S\u00f3hajt. Hangosan. Mutatja, hogy f\u00e1radt. \u00c9n meg n\u00e9zek r\u00e1 egy darabig, [&hellip;]\" \/>\n<meta property=\"og:url\" content=\"https:\/\/hotnewsinworld.com\/hu\/gyermek-ofelsege-es-migransaradat-ofomeltosaga\/\" \/>\n<meta property=\"og:site_name\" content=\"Hot News in World\" \/>\n<meta property=\"article:published_time\" content=\"2019-09-17T17:22:34+00:00\" \/>\n<meta property=\"article:modified_time\" content=\"2019-09-17T17:22:36+00:00\" \/>\n<meta property=\"og:image\" content=\"https:\/\/hotnewsinworld.com\/hu\/wp-content\/uploads\/sites\/3\/2019\/09\/Gyermek-\u0151fels\u00e9ge-\u00e9s-migr\u00e1ns\u00e1radat-\u0151f\u0151m\u00e9lt\u00f3s\u00e1ga.png\" \/>\n\t<meta property=\"og:image:width\" content=\"760\" \/>\n\t<meta property=\"og:image:height\" content=\"460\" \/>\n\t<meta property=\"og:image:type\" content=\"image\/png\" \/>\n<meta name=\"author\" content=\"hotnewsinworld\" \/>\n<meta name=\"twitter:card\" content=\"summary_large_image\" \/>\n<meta name=\"twitter:label1\" content=\"Szerz\u0151:\" \/>\n\t<meta name=\"twitter:data1\" content=\"hotnewsinworld\" \/>\n\t<meta name=\"twitter:label2\" content=\"Becs\u00fclt olvas\u00e1si id\u0151\" \/>\n\t<meta name=\"twitter:data2\" content=\"3 perc\" \/>\n<script type=\"application\/ld+json\" class=\"yoast-schema-graph\">{\"@context\":\"https:\\\/\\\/schema.org\",\"@graph\":[{\"@type\":\"Article\",\"@id\":\"https:\\\/\\\/hotnewsinworld.com\\\/hu\\\/gyermek-ofelsege-es-migransaradat-ofomeltosaga\\\/#article\",\"isPartOf\":{\"@id\":\"https:\\\/\\\/hotnewsinworld.com\\\/hu\\\/gyermek-ofelsege-es-migransaradat-ofomeltosaga\\\/\"},\"author\":{\"name\":\"hotnewsinworld\",\"@id\":\"https:\\\/\\\/hotnewsinworld.com\\\/hu\\\/#\\\/schema\\\/person\\\/fe61448b21c0d59086e75fcc1f9d8f6b\"},\"headline\":\"Gyermek \u0151fels\u00e9ge \u00e9s migr\u00e1ns\u00e1radat \u0151f\u0151m\u00e9lt\u00f3s\u00e1ga\",\"datePublished\":\"2019-09-17T17:22:34+00:00\",\"dateModified\":\"2019-09-17T17:22:36+00:00\",\"mainEntityOfPage\":{\"@id\":\"https:\\\/\\\/hotnewsinworld.com\\\/hu\\\/gyermek-ofelsege-es-migransaradat-ofomeltosaga\\\/\"},\"wordCount\":577,\"commentCount\":0,\"image\":{\"@id\":\"https:\\\/\\\/hotnewsinworld.com\\\/hu\\\/gyermek-ofelsege-es-migransaradat-ofomeltosaga\\\/#primaryimage\"},\"thumbnailUrl\":\"https:\\\/\\\/hotnewsinworld.com\\\/hu\\\/wp-content\\\/uploads\\\/sites\\\/3\\\/2019\\\/09\\\/Gyermek-\u0151fels\u00e9ge-\u00e9s-migr\u00e1ns\u00e1radat-\u0151f\u0151m\u00e9lt\u00f3s\u00e1ga.png\",\"articleSection\":[\"LEG\u00daJABB P\u00c9NZ\u00dcGYI H\u00cdREK\"],\"inLanguage\":\"hu\",\"potentialAction\":[{\"@type\":\"CommentAction\",\"name\":\"Comment\",\"target\":[\"https:\\\/\\\/hotnewsinworld.com\\\/hu\\\/gyermek-ofelsege-es-migransaradat-ofomeltosaga\\\/#respond\"]}]},{\"@type\":\"WebPage\",\"@id\":\"https:\\\/\\\/hotnewsinworld.com\\\/hu\\\/gyermek-ofelsege-es-migransaradat-ofomeltosaga\\\/\",\"url\":\"https:\\\/\\\/hotnewsinworld.com\\\/hu\\\/gyermek-ofelsege-es-migransaradat-ofomeltosaga\\\/\",\"name\":\"Gyermek \u0151fels\u00e9ge \u00e9s migr\u00e1ns\u00e1radat \u0151f\u0151m\u00e9lt\u00f3s\u00e1ga - Hot News in World\",\"isPartOf\":{\"@id\":\"https:\\\/\\\/hotnewsinworld.com\\\/hu\\\/#website\"},\"primaryImageOfPage\":{\"@id\":\"https:\\\/\\\/hotnewsinworld.com\\\/hu\\\/gyermek-ofelsege-es-migransaradat-ofomeltosaga\\\/#primaryimage\"},\"image\":{\"@id\":\"https:\\\/\\\/hotnewsinworld.com\\\/hu\\\/gyermek-ofelsege-es-migransaradat-ofomeltosaga\\\/#primaryimage\"},\"thumbnailUrl\":\"https:\\\/\\\/hotnewsinworld.com\\\/hu\\\/wp-content\\\/uploads\\\/sites\\\/3\\\/2019\\\/09\\\/Gyermek-\u0151fels\u00e9ge-\u00e9s-migr\u00e1ns\u00e1radat-\u0151f\u0151m\u00e9lt\u00f3s\u00e1ga.png\",\"datePublished\":\"2019-09-17T17:22:34+00:00\",\"dateModified\":\"2019-09-17T17:22:36+00:00\",\"author\":{\"@id\":\"https:\\\/\\\/hotnewsinworld.com\\\/hu\\\/#\\\/schema\\\/person\\\/fe61448b21c0d59086e75fcc1f9d8f6b\"},\"breadcrumb\":{\"@id\":\"https:\\\/\\\/hotnewsinworld.com\\\/hu\\\/gyermek-ofelsege-es-migransaradat-ofomeltosaga\\\/#breadcrumb\"},\"inLanguage\":\"hu\",\"potentialAction\":[{\"@type\":\"ReadAction\",\"target\":[\"https:\\\/\\\/hotnewsinworld.com\\\/hu\\\/gyermek-ofelsege-es-migransaradat-ofomeltosaga\\\/\"]}]},{\"@type\":\"ImageObject\",\"inLanguage\":\"hu\",\"@id\":\"https:\\\/\\\/hotnewsinworld.com\\\/hu\\\/gyermek-ofelsege-es-migransaradat-ofomeltosaga\\\/#primaryimage\",\"url\":\"https:\\\/\\\/hotnewsinworld.com\\\/hu\\\/wp-content\\\/uploads\\\/sites\\\/3\\\/2019\\\/09\\\/Gyermek-\u0151fels\u00e9ge-\u00e9s-migr\u00e1ns\u00e1radat-\u0151f\u0151m\u00e9lt\u00f3s\u00e1ga.png\",\"contentUrl\":\"https:\\\/\\\/hotnewsinworld.com\\\/hu\\\/wp-content\\\/uploads\\\/sites\\\/3\\\/2019\\\/09\\\/Gyermek-\u0151fels\u00e9ge-\u00e9s-migr\u00e1ns\u00e1radat-\u0151f\u0151m\u00e9lt\u00f3s\u00e1ga.png\",\"width\":760,\"height\":460,\"caption\":\"Gyermek \u0151fels\u00e9ge \u00e9s migr\u00e1ns\u00e1radat \u0151f\u0151m\u00e9lt\u00f3s\u00e1ga\"},{\"@type\":\"BreadcrumbList\",\"@id\":\"https:\\\/\\\/hotnewsinworld.com\\\/hu\\\/gyermek-ofelsege-es-migransaradat-ofomeltosaga\\\/#breadcrumb\",\"itemListElement\":[{\"@type\":\"ListItem\",\"position\":1,\"name\":\"\u0413\u043b\u0430\u0432\u043d\u0430\u044f \u0441\u0442\u0440\u0430\u043d\u0438\u0446\u0430\",\"item\":\"https:\\\/\\\/hotnewsinworld.com\\\/hu\\\/\"},{\"@type\":\"ListItem\",\"position\":2,\"name\":\"Gyermek \u0151fels\u00e9ge \u00e9s migr\u00e1ns\u00e1radat \u0151f\u0151m\u00e9lt\u00f3s\u00e1ga\"}]},{\"@type\":\"WebSite\",\"@id\":\"https:\\\/\\\/hotnewsinworld.com\\\/hu\\\/#website\",\"url\":\"https:\\\/\\\/hotnewsinworld.com\\\/hu\\\/\",\"name\":\"Hot News in World\",\"description\":\"Hot News in World from Hungary\",\"potentialAction\":[{\"@type\":\"SearchAction\",\"target\":{\"@type\":\"EntryPoint\",\"urlTemplate\":\"https:\\\/\\\/hotnewsinworld.com\\\/hu\\\/?s={search_term_string}\"},\"query-input\":{\"@type\":\"PropertyValueSpecification\",\"valueRequired\":true,\"valueName\":\"search_term_string\"}}],\"inLanguage\":\"hu\"},{\"@type\":\"Person\",\"@id\":\"https:\\\/\\\/hotnewsinworld.com\\\/hu\\\/#\\\/schema\\\/person\\\/fe61448b21c0d59086e75fcc1f9d8f6b\",\"name\":\"hotnewsinworld\",\"image\":{\"@type\":\"ImageObject\",\"inLanguage\":\"hu\",\"@id\":\"https:\\\/\\\/secure.gravatar.com\\\/avatar\\\/8a09ac165600ce2e1c38fe593c63928eb1e6e7ba5c5a907d67787c41b3d00c14?s=96&d=mm&r=g\",\"url\":\"https:\\\/\\\/secure.gravatar.com\\\/avatar\\\/8a09ac165600ce2e1c38fe593c63928eb1e6e7ba5c5a907d67787c41b3d00c14?s=96&d=mm&r=g\",\"contentUrl\":\"https:\\\/\\\/secure.gravatar.com\\\/avatar\\\/8a09ac165600ce2e1c38fe593c63928eb1e6e7ba5c5a907d67787c41b3d00c14?s=96&d=mm&r=g\",\"caption\":\"hotnewsinworld\"},\"url\":\"https:\\\/\\\/hotnewsinworld.com\\\/hu\\\/author\\\/pt\\\/\"}]}<\/script>\n<!-- \/ Yoast SEO plugin. -->","yoast_head_json":{"title":"Gyermek \u0151fels\u00e9ge \u00e9s migr\u00e1ns\u00e1radat \u0151f\u0151m\u00e9lt\u00f3s\u00e1ga - Hot News in World","robots":{"index":"index","follow":"follow","max-snippet":"max-snippet:-1","max-image-preview":"max-image-preview:large","max-video-preview":"max-video-preview:-1"},"canonical":"https:\/\/hotnewsinworld.com\/hu\/gyermek-ofelsege-es-migransaradat-ofomeltosaga\/","og_locale":"hu_HU","og_type":"article","og_title":"Gyermek \u0151fels\u00e9ge \u00e9s migr\u00e1ns\u00e1radat \u0151f\u0151m\u00e9lt\u00f3s\u00e1ga - Hot News in World","og_description":"\u00dcl\u00f6k a buszon. Szemben velem egy \u00fcres sz\u00e9k. Nagymama \u00e9s unoka sz\u00e1ll fel a k\u00f6vetkez\u0151 meg\u00e1ll\u00f3n\u00e1l. \u201e\u00dclj csak le gyorsan!\u201d \u2013 \u00edgy a nagyi a hat\u00e9ves gyereknek. Hat\u00e9ves le is \u00fcl. P\u00f6ffeszkedik. Neki ez term\u00e9szetes. Neki ez j\u00e1r. Nagyi k\u00f6rben\u00e9z, pillant\u00e1sa rajtam \u00e1llapodik meg. S\u00f3hajt. Hangosan. Mutatja, hogy f\u00e1radt. \u00c9n meg n\u00e9zek r\u00e1 egy darabig, [&hellip;]","og_url":"https:\/\/hotnewsinworld.com\/hu\/gyermek-ofelsege-es-migransaradat-ofomeltosaga\/","og_site_name":"Hot News in World","article_published_time":"2019-09-17T17:22:34+00:00","article_modified_time":"2019-09-17T17:22:36+00:00","og_image":[{"width":760,"height":460,"url":"https:\/\/hotnewsinworld.com\/hu\/wp-content\/uploads\/sites\/3\/2019\/09\/Gyermek-\u0151fels\u00e9ge-\u00e9s-migr\u00e1ns\u00e1radat-\u0151f\u0151m\u00e9lt\u00f3s\u00e1ga.png","type":"image\/png"}],"author":"hotnewsinworld","twitter_card":"summary_large_image","twitter_misc":{"Szerz\u0151:":"hotnewsinworld","Becs\u00fclt olvas\u00e1si id\u0151":"3 perc"},"schema":{"@context":"https:\/\/schema.org","@graph":[{"@type":"Article","@id":"https:\/\/hotnewsinworld.com\/hu\/gyermek-ofelsege-es-migransaradat-ofomeltosaga\/#article","isPartOf":{"@id":"https:\/\/hotnewsinworld.com\/hu\/gyermek-ofelsege-es-migransaradat-ofomeltosaga\/"},"author":{"name":"hotnewsinworld","@id":"https:\/\/hotnewsinworld.com\/hu\/#\/schema\/person\/fe61448b21c0d59086e75fcc1f9d8f6b"},"headline":"Gyermek \u0151fels\u00e9ge \u00e9s migr\u00e1ns\u00e1radat \u0151f\u0151m\u00e9lt\u00f3s\u00e1ga","datePublished":"2019-09-17T17:22:34+00:00","dateModified":"2019-09-17T17:22:36+00:00","mainEntityOfPage":{"@id":"https:\/\/hotnewsinworld.com\/hu\/gyermek-ofelsege-es-migransaradat-ofomeltosaga\/"},"wordCount":577,"commentCount":0,"image":{"@id":"https:\/\/hotnewsinworld.com\/hu\/gyermek-ofelsege-es-migransaradat-ofomeltosaga\/#primaryimage"},"thumbnailUrl":"https:\/\/hotnewsinworld.com\/hu\/wp-content\/uploads\/sites\/3\/2019\/09\/Gyermek-\u0151fels\u00e9ge-\u00e9s-migr\u00e1ns\u00e1radat-\u0151f\u0151m\u00e9lt\u00f3s\u00e1ga.png","articleSection":["LEG\u00daJABB P\u00c9NZ\u00dcGYI H\u00cdREK"],"inLanguage":"hu","potentialAction":[{"@type":"CommentAction","name":"Comment","target":["https:\/\/hotnewsinworld.com\/hu\/gyermek-ofelsege-es-migransaradat-ofomeltosaga\/#respond"]}]},{"@type":"WebPage","@id":"https:\/\/hotnewsinworld.com\/hu\/gyermek-ofelsege-es-migransaradat-ofomeltosaga\/","url":"https:\/\/hotnewsinworld.com\/hu\/gyermek-ofelsege-es-migransaradat-ofomeltosaga\/","name":"Gyermek \u0151fels\u00e9ge \u00e9s migr\u00e1ns\u00e1radat \u0151f\u0151m\u00e9lt\u00f3s\u00e1ga - Hot News in World","isPartOf":{"@id":"https:\/\/hotnewsinworld.com\/hu\/#website"},"primaryImageOfPage":{"@id":"https:\/\/hotnewsinworld.com\/hu\/gyermek-ofelsege-es-migransaradat-ofomeltosaga\/#primaryimage"},"image":{"@id":"https:\/\/hotnewsinworld.com\/hu\/gyermek-ofelsege-es-migransaradat-ofomeltosaga\/#primaryimage"},"thumbnailUrl":"https:\/\/hotnewsinworld.com\/hu\/wp-content\/uploads\/sites\/3\/2019\/09\/Gyermek-\u0151fels\u00e9ge-\u00e9s-migr\u00e1ns\u00e1radat-\u0151f\u0151m\u00e9lt\u00f3s\u00e1ga.png","datePublished":"2019-09-17T17:22:34+00:00","dateModified":"2019-09-17T17:22:36+00:00","author":{"@id":"https:\/\/hotnewsinworld.com\/hu\/#\/schema\/person\/fe61448b21c0d59086e75fcc1f9d8f6b"},"breadcrumb":{"@id":"https:\/\/hotnewsinworld.com\/hu\/gyermek-ofelsege-es-migransaradat-ofomeltosaga\/#breadcrumb"},"inLanguage":"hu","potentialAction":[{"@type":"ReadAction","target":["https:\/\/hotnewsinworld.com\/hu\/gyermek-ofelsege-es-migransaradat-ofomeltosaga\/"]}]},{"@type":"ImageObject","inLanguage":"hu","@id":"https:\/\/hotnewsinworld.com\/hu\/gyermek-ofelsege-es-migransaradat-ofomeltosaga\/#primaryimage","url":"https:\/\/hotnewsinworld.com\/hu\/wp-content\/uploads\/sites\/3\/2019\/09\/Gyermek-\u0151fels\u00e9ge-\u00e9s-migr\u00e1ns\u00e1radat-\u0151f\u0151m\u00e9lt\u00f3s\u00e1ga.png","contentUrl":"https:\/\/hotnewsinworld.com\/hu\/wp-content\/uploads\/sites\/3\/2019\/09\/Gyermek-\u0151fels\u00e9ge-\u00e9s-migr\u00e1ns\u00e1radat-\u0151f\u0151m\u00e9lt\u00f3s\u00e1ga.png","width":760,"height":460,"caption":"Gyermek \u0151fels\u00e9ge \u00e9s migr\u00e1ns\u00e1radat \u0151f\u0151m\u00e9lt\u00f3s\u00e1ga"},{"@type":"BreadcrumbList","@id":"https:\/\/hotnewsinworld.com\/hu\/gyermek-ofelsege-es-migransaradat-ofomeltosaga\/#breadcrumb","itemListElement":[{"@type":"ListItem","position":1,"name":"\u0413\u043b\u0430\u0432\u043d\u0430\u044f \u0441\u0442\u0440\u0430\u043d\u0438\u0446\u0430","item":"https:\/\/hotnewsinworld.com\/hu\/"},{"@type":"ListItem","position":2,"name":"Gyermek \u0151fels\u00e9ge \u00e9s migr\u00e1ns\u00e1radat \u0151f\u0151m\u00e9lt\u00f3s\u00e1ga"}]},{"@type":"WebSite","@id":"https:\/\/hotnewsinworld.com\/hu\/#website","url":"https:\/\/hotnewsinworld.com\/hu\/","name":"Hot News in World","description":"Hot News in World from Hungary","potentialAction":[{"@type":"SearchAction","target":{"@type":"EntryPoint","urlTemplate":"https:\/\/hotnewsinworld.com\/hu\/?s={search_term_string}"},"query-input":{"@type":"PropertyValueSpecification","valueRequired":true,"valueName":"search_term_string"}}],"inLanguage":"hu"},{"@type":"Person","@id":"https:\/\/hotnewsinworld.com\/hu\/#\/schema\/person\/fe61448b21c0d59086e75fcc1f9d8f6b","name":"hotnewsinworld","image":{"@type":"ImageObject","inLanguage":"hu","@id":"https:\/\/secure.gravatar.com\/avatar\/8a09ac165600ce2e1c38fe593c63928eb1e6e7ba5c5a907d67787c41b3d00c14?s=96&d=mm&r=g","url":"https:\/\/secure.gravatar.com\/avatar\/8a09ac165600ce2e1c38fe593c63928eb1e6e7ba5c5a907d67787c41b3d00c14?s=96&d=mm&r=g","contentUrl":"https:\/\/secure.gravatar.com\/avatar\/8a09ac165600ce2e1c38fe593c63928eb1e6e7ba5c5a907d67787c41b3d00c14?s=96&d=mm&r=g","caption":"hotnewsinworld"},"url":"https:\/\/hotnewsinworld.com\/hu\/author\/pt\/"}]}},"_links":{"self":[{"href":"https:\/\/hotnewsinworld.com\/hu\/wp-json\/wp\/v2\/posts\/2207","targetHints":{"allow":["GET"]}}],"collection":[{"href":"https:\/\/hotnewsinworld.com\/hu\/wp-json\/wp\/v2\/posts"}],"about":[{"href":"https:\/\/hotnewsinworld.com\/hu\/wp-json\/wp\/v2\/types\/post"}],"author":[{"embeddable":true,"href":"https:\/\/hotnewsinworld.com\/hu\/wp-json\/wp\/v2\/users\/2"}],"replies":[{"embeddable":true,"href":"https:\/\/hotnewsinworld.com\/hu\/wp-json\/wp\/v2\/comments?post=2207"}],"version-history":[{"count":1,"href":"https:\/\/hotnewsinworld.com\/hu\/wp-json\/wp\/v2\/posts\/2207\/revisions"}],"predecessor-version":[{"id":2209,"href":"https:\/\/hotnewsinworld.com\/hu\/wp-json\/wp\/v2\/posts\/2207\/revisions\/2209"}],"wp:featuredmedia":[{"embeddable":true,"href":"https:\/\/hotnewsinworld.com\/hu\/wp-json\/wp\/v2\/media\/2208"}],"wp:attachment":[{"href":"https:\/\/hotnewsinworld.com\/hu\/wp-json\/wp\/v2\/media?parent=2207"}],"wp:term":[{"taxonomy":"category","embeddable":true,"href":"https:\/\/hotnewsinworld.com\/hu\/wp-json\/wp\/v2\/categories?post=2207"},{"taxonomy":"post_tag","embeddable":true,"href":"https:\/\/hotnewsinworld.com\/hu\/wp-json\/wp\/v2\/tags?post=2207"}],"curies":[{"name":"wp","href":"https:\/\/api.w.org\/{rel}","templated":true}]}}