{"id":2210,"date":"2019-09-17T21:42:04","date_gmt":"2019-09-17T18:42:04","guid":{"rendered":"https:\/\/hotnewsinworld.com\/hu\/l-simon-laszlo-konrad-gyorgyot-es-heller-agnest-meltatta\/"},"modified":"2019-09-17T21:42:05","modified_gmt":"2019-09-17T18:42:05","slug":"l-simon-laszlo-konrad-gyorgyot-es-heller-agnest-meltatta","status":"publish","type":"post","link":"https:\/\/hotnewsinworld.com\/hu\/l-simon-laszlo-konrad-gyorgyot-es-heller-agnest-meltatta\/","title":{"rendered":"L. Simon L\u00e1szl\u00f3 Konr\u00e1d Gy\u00f6rgy\u00f6t \u00e9s Heller \u00c1gnest m\u00e9ltatta"},"content":{"rendered":"<p>\t\t\t\tL. Simon L\u00e1szl\u00f3 Konr\u00e1d Gy\u00f6rgy\u00f6t \u00e9s Heller \u00c1gnest m\u00e9ltatta<\/p>\n<p>    \t\t\t\t\u201eLehet \u00f6r\u00f6kk\u00e9 mutogatni arra, hogy ezek a h\u00fclye n\u00e9metek nem \u00e9rtik, hogy mi is Eur\u00f3pa, de ez nem fog \u00edgy menni. nem mondhatunk le Nyugat-Eur\u00f3p\u00e1r\u00f3l, nem \u00e1ll\u00edthatjuk \u00f6n\u00f6kk\u00e9 szembe magunkat Nyugat-Eur\u00f3p\u00e1val\u201d \u2013 mondta Tusn\u00e1df\u00fcrd\u0151n id\u00e9n j\u00faliusban L. Simon L\u00e1szl\u00f3. A volt \u00e1llamtitk\u00e1rt az ATV Egyenes besz\u00e9d c\u00edm\u0171 m\u0171sor\u00e1ban R\u00f3nai Egon k\u00e9rdezte t\u00f6bbek k\u00f6z\u00f6tt err\u0151l is.<\/p>\n<p>\t\t\t\t\t\t\t\t\t\t\tNem mindegy, hogy \u00e9rted vitatkozom vagy ellened \u2013 \u00edgy reag\u00e1lt saj\u00e1t, tusn\u00e1df\u00fcrd\u0151i szavainak felid\u00e9z\u00e9s\u00e9re az ATV Egyenes besz\u00e9d c\u00edm\u0171 m\u0171sor\u00e1ban L. Simon L\u00e1szl\u00f3.<br \/>\n&#13;<br \/>\nA volt kultur\u00e1lis \u00e1llamtitk\u00e1r szerint nem mindegy, hogy egy-egy k\u00e9rd\u00e9sr\u0151l term\u00e9szetes sz\u00f6vets\u00e9gesk\u00e9nt mondja el valaki a v\u00e9lem\u00e9ny\u00e9t, vagy elvtelen\u00fcl, k\u00fclf\u00f6ld\u00f6n t\u00e1madja a magyar korm\u00e1nyt.&#13;<br \/>\nL. Simon \u00e9lesen kritiz\u00e1lta a magyar ellenz\u00e9ki EP-k\u00e9pvisel\u0151k magatart\u00e1s\u00e1t az EP bizotts\u00e1gi tiszts\u00e9gvisel\u0151inek megv\u00e1laszt\u00e1sakor.&#13;<br \/>\nEml\u00e9keztetett: kor\u00e1bban a t\u00f6bbs\u00e9g mindig megszavazta a kisebbs\u00e9g sz\u00e1m\u00e1ra j\u00e1r\u00f3 parlamenti helyeket, szerinte ennek \u00edgy kellett volna t\u00f6rt\u00e9nnie Br\u00fcsszelben is. L. Simon L\u00e1szl\u00f3 \u00fagy l\u00e1tja: a Tusn\u00e1df\u00fcrd\u0151 \u00f3ta t\u00f6rt\u00e9ntek (\u00edgy a soproni Orb\u00e1n-Merkel tal\u00e1lkoz\u00f3n t\u00f6rt\u00e9ntek igazolj\u00e1k a tusn\u00e1df\u00fcrd\u0151i szavait.&#13;<br \/>\nAz MTA k\u00f6r\u00fcl kialakult konfliktusr\u00f3l L. Simon L\u00e1szl\u00f3 elmondta: nem lehet mindig, minden \u00fcgyben meg\u00e1llapodni.&#13;<br \/>\nHozz\u00e1tette: a fejleszt\u00e9si t\u00e1rca \u00e9l\u00e9n egy nemzetk\u00f6zileg elismert tud\u00f3s, akad\u00e9mikus \u00e1ll Palkovics L\u00e1szl\u00f3 szem\u00e9ly\u00e9ben, ugyanakkor meg\u00e9rti: az Akad\u00e9mi\u00e1n vannak olyanok, akik egzisztenci\u00e1lis okokb\u00f3l nem \u00e9rtenek egyet Palkovics t\u00f6rekv\u00e9seivel.&#13;<br \/>\nEzzel egy\u00fctt szerinte a fenntart\u00f3 legitimen avatkozik bele az \u00e1tlala fenntartott int\u00e9zm\u00e9ny m\u0171k\u00f6d\u00e9s\u00e9be, \u00e9s ez nem \u00e9rinti a tudom\u00e1ny szabads\u00e1g\u00e1t.&#13;<br \/>\nL. Simon L\u00e1szl\u00f3 besz\u00e9lt a napokban elhunyt Konr\u00e1d Gy\u00f6rgyr\u0151l \u00e9s a ny\u00e1ron elhunyt Heller \u00c1gnesr\u0151l is. Konr\u00e1dot, akit L. Simon Kossuth- \u00e9s Herder-d\u00edjas magyar \u00edr\u00f3k\u00e9nt jellemzett, joggal gy\u00e1szolja a magyar k\u00f6zv\u00e9lem\u00e9ny \u2013 mondta a volt \u00e1llamtitk\u00e1r, aki m\u00e9lt\u00e1nyosnak tartja, hogy Konr\u00e1d Gy\u00f6rgy a hat\u00e1rker\u00edt\u00e9s \u00fcgy\u00e9ben megv\u00e9dte Orb\u00e1n Viktort.&#13;<br \/>\nHeller \u00c1gnessel m\u00e9g Konr\u00e1dn\u00e1l is kevesebb dologban \u00e9rtett egyet L. Simon L\u00e1szl\u00f3, \u00e1m felid\u00e9zte: fontos olvasm\u00e1ny\u00e9lm\u00e9nye volt a Bicikliz\u0151 majom, Heller \u00c1gnes \u00f6n\u00e9letrajzi \u00edr\u00e1sa. Mint elmondta: sok mindenben vitatkozott volna a vil\u00e1gh\u00edr\u0171 magyar filoz\u00f3fussal, de sajn\u00e1lja, hogy elt\u00e1vozott k\u00f6z\u00fcl\u00fcnk.&#13;<br \/>\natv.hu<\/p>\n<p>\n<!--noindex--><br \/>\n<a href=\"https:\/\/hirek.oldal.info\/rssclick\/14405271\" rel=\"nofollow\">Source link <\/a><br \/>\n<!--\/noindex--><\/p>\n","protected":false},"excerpt":{"rendered":"<p>L. Simon L\u00e1szl\u00f3 Konr\u00e1d Gy\u00f6rgy\u00f6t \u00e9s Heller \u00c1gnest m\u00e9ltatta \u201eLehet \u00f6r\u00f6kk\u00e9 mutogatni arra, hogy ezek a h\u00fclye n\u00e9metek nem \u00e9rtik, hogy mi is Eur\u00f3pa, de ez nem fog \u00edgy menni. nem mondhatunk le Nyugat-Eur\u00f3p\u00e1r\u00f3l, nem \u00e1ll\u00edthatjuk \u00f6n\u00f6kk\u00e9 szembe magunkat Nyugat-Eur\u00f3p\u00e1val\u201d \u2013 mondta Tusn\u00e1df\u00fcrd\u0151n id\u00e9n j\u00faliusban L. Simon L\u00e1szl\u00f3. A volt \u00e1llamtitk\u00e1rt az ATV Egyenes besz\u00e9d [&hellip;]<\/p>\n","protected":false},"author":2,"featured_media":2211,"comment_status":"open","ping_status":"open","sticky":false,"template":"","format":"standard","meta":{"footnotes":""},"categories":[1],"tags":[],"class_list":["post-2210","post","type-post","status-publish","format-standard","has-post-thumbnail","hentry","category-legujabb-penzugyi-hirek"],"yoast_head":"<!-- This site is optimized with the Yoast SEO plugin v27.4 - https:\/\/yoast.com\/product\/yoast-seo-wordpress\/ -->\n<title>L. Simon L\u00e1szl\u00f3 Konr\u00e1d Gy\u00f6rgy\u00f6t \u00e9s Heller \u00c1gnest m\u00e9ltatta - Hot News in World<\/title>\n<meta name=\"robots\" content=\"index, follow, max-snippet:-1, max-image-preview:large, max-video-preview:-1\" \/>\n<link rel=\"canonical\" href=\"https:\/\/hotnewsinworld.com\/hu\/l-simon-laszlo-konrad-gyorgyot-es-heller-agnest-meltatta\/\" \/>\n<meta property=\"og:locale\" content=\"hu_HU\" \/>\n<meta property=\"og:type\" content=\"article\" \/>\n<meta property=\"og:title\" content=\"L. Simon L\u00e1szl\u00f3 Konr\u00e1d Gy\u00f6rgy\u00f6t \u00e9s Heller \u00c1gnest m\u00e9ltatta - Hot News in World\" \/>\n<meta property=\"og:description\" content=\"L. Simon L\u00e1szl\u00f3 Konr\u00e1d Gy\u00f6rgy\u00f6t \u00e9s Heller \u00c1gnest m\u00e9ltatta \u201eLehet \u00f6r\u00f6kk\u00e9 mutogatni arra, hogy ezek a h\u00fclye n\u00e9metek nem \u00e9rtik, hogy mi is Eur\u00f3pa, de ez nem fog \u00edgy menni. nem mondhatunk le Nyugat-Eur\u00f3p\u00e1r\u00f3l, nem \u00e1ll\u00edthatjuk \u00f6n\u00f6kk\u00e9 szembe magunkat Nyugat-Eur\u00f3p\u00e1val\u201d \u2013 mondta Tusn\u00e1df\u00fcrd\u0151n id\u00e9n j\u00faliusban L. Simon L\u00e1szl\u00f3. A volt \u00e1llamtitk\u00e1rt az ATV Egyenes besz\u00e9d [&hellip;]\" \/>\n<meta property=\"og:url\" content=\"https:\/\/hotnewsinworld.com\/hu\/l-simon-laszlo-konrad-gyorgyot-es-heller-agnest-meltatta\/\" \/>\n<meta property=\"og:site_name\" content=\"Hot News in World\" \/>\n<meta property=\"article:published_time\" content=\"2019-09-17T18:42:04+00:00\" \/>\n<meta property=\"article:modified_time\" content=\"2019-09-17T18:42:05+00:00\" \/>\n<meta property=\"og:image\" content=\"https:\/\/hotnewsinworld.com\/hu\/wp-content\/uploads\/sites\/3\/2019\/09\/L.-Simon-L\u00e1szl\u00f3-Konr\u00e1d-Gy\u00f6rgy\u00f6t-\u00e9s-Heller-\u00c1gnest-m\u00e9ltatta.jpg\" \/>\n\t<meta property=\"og:image:width\" content=\"600\" \/>\n\t<meta property=\"og:image:height\" content=\"315\" \/>\n\t<meta property=\"og:image:type\" content=\"image\/jpeg\" \/>\n<meta name=\"author\" content=\"hotnewsinworld\" \/>\n<meta name=\"twitter:card\" content=\"summary_large_image\" \/>\n<meta name=\"twitter:label1\" content=\"Szerz\u0151:\" \/>\n\t<meta name=\"twitter:data1\" content=\"hotnewsinworld\" \/>\n\t<meta name=\"twitter:label2\" content=\"Becs\u00fclt olvas\u00e1si id\u0151\" \/>\n\t<meta name=\"twitter:data2\" content=\"2 perc\" \/>\n<script type=\"application\/ld+json\" class=\"yoast-schema-graph\">{\"@context\":\"https:\\\/\\\/schema.org\",\"@graph\":[{\"@type\":\"Article\",\"@id\":\"https:\\\/\\\/hotnewsinworld.com\\\/hu\\\/l-simon-laszlo-konrad-gyorgyot-es-heller-agnest-meltatta\\\/#article\",\"isPartOf\":{\"@id\":\"https:\\\/\\\/hotnewsinworld.com\\\/hu\\\/l-simon-laszlo-konrad-gyorgyot-es-heller-agnest-meltatta\\\/\"},\"author\":{\"name\":\"hotnewsinworld\",\"@id\":\"https:\\\/\\\/hotnewsinworld.com\\\/hu\\\/#\\\/schema\\\/person\\\/fe61448b21c0d59086e75fcc1f9d8f6b\"},\"headline\":\"L. Simon L\u00e1szl\u00f3 Konr\u00e1d Gy\u00f6rgy\u00f6t \u00e9s Heller \u00c1gnest m\u00e9ltatta\",\"datePublished\":\"2019-09-17T18:42:04+00:00\",\"dateModified\":\"2019-09-17T18:42:05+00:00\",\"mainEntityOfPage\":{\"@id\":\"https:\\\/\\\/hotnewsinworld.com\\\/hu\\\/l-simon-laszlo-konrad-gyorgyot-es-heller-agnest-meltatta\\\/\"},\"wordCount\":506,\"commentCount\":0,\"image\":{\"@id\":\"https:\\\/\\\/hotnewsinworld.com\\\/hu\\\/l-simon-laszlo-konrad-gyorgyot-es-heller-agnest-meltatta\\\/#primaryimage\"},\"thumbnailUrl\":\"https:\\\/\\\/hotnewsinworld.com\\\/hu\\\/wp-content\\\/uploads\\\/sites\\\/3\\\/2019\\\/09\\\/L.-Simon-L\u00e1szl\u00f3-Konr\u00e1d-Gy\u00f6rgy\u00f6t-\u00e9s-Heller-\u00c1gnest-m\u00e9ltatta.jpg\",\"articleSection\":[\"LEG\u00daJABB P\u00c9NZ\u00dcGYI H\u00cdREK\"],\"inLanguage\":\"hu\",\"potentialAction\":[{\"@type\":\"CommentAction\",\"name\":\"Comment\",\"target\":[\"https:\\\/\\\/hotnewsinworld.com\\\/hu\\\/l-simon-laszlo-konrad-gyorgyot-es-heller-agnest-meltatta\\\/#respond\"]}]},{\"@type\":\"WebPage\",\"@id\":\"https:\\\/\\\/hotnewsinworld.com\\\/hu\\\/l-simon-laszlo-konrad-gyorgyot-es-heller-agnest-meltatta\\\/\",\"url\":\"https:\\\/\\\/hotnewsinworld.com\\\/hu\\\/l-simon-laszlo-konrad-gyorgyot-es-heller-agnest-meltatta\\\/\",\"name\":\"L. Simon L\u00e1szl\u00f3 Konr\u00e1d Gy\u00f6rgy\u00f6t \u00e9s Heller \u00c1gnest m\u00e9ltatta - Hot News in World\",\"isPartOf\":{\"@id\":\"https:\\\/\\\/hotnewsinworld.com\\\/hu\\\/#website\"},\"primaryImageOfPage\":{\"@id\":\"https:\\\/\\\/hotnewsinworld.com\\\/hu\\\/l-simon-laszlo-konrad-gyorgyot-es-heller-agnest-meltatta\\\/#primaryimage\"},\"image\":{\"@id\":\"https:\\\/\\\/hotnewsinworld.com\\\/hu\\\/l-simon-laszlo-konrad-gyorgyot-es-heller-agnest-meltatta\\\/#primaryimage\"},\"thumbnailUrl\":\"https:\\\/\\\/hotnewsinworld.com\\\/hu\\\/wp-content\\\/uploads\\\/sites\\\/3\\\/2019\\\/09\\\/L.-Simon-L\u00e1szl\u00f3-Konr\u00e1d-Gy\u00f6rgy\u00f6t-\u00e9s-Heller-\u00c1gnest-m\u00e9ltatta.jpg\",\"datePublished\":\"2019-09-17T18:42:04+00:00\",\"dateModified\":\"2019-09-17T18:42:05+00:00\",\"author\":{\"@id\":\"https:\\\/\\\/hotnewsinworld.com\\\/hu\\\/#\\\/schema\\\/person\\\/fe61448b21c0d59086e75fcc1f9d8f6b\"},\"breadcrumb\":{\"@id\":\"https:\\\/\\\/hotnewsinworld.com\\\/hu\\\/l-simon-laszlo-konrad-gyorgyot-es-heller-agnest-meltatta\\\/#breadcrumb\"},\"inLanguage\":\"hu\",\"potentialAction\":[{\"@type\":\"ReadAction\",\"target\":[\"https:\\\/\\\/hotnewsinworld.com\\\/hu\\\/l-simon-laszlo-konrad-gyorgyot-es-heller-agnest-meltatta\\\/\"]}]},{\"@type\":\"ImageObject\",\"inLanguage\":\"hu\",\"@id\":\"https:\\\/\\\/hotnewsinworld.com\\\/hu\\\/l-simon-laszlo-konrad-gyorgyot-es-heller-agnest-meltatta\\\/#primaryimage\",\"url\":\"https:\\\/\\\/hotnewsinworld.com\\\/hu\\\/wp-content\\\/uploads\\\/sites\\\/3\\\/2019\\\/09\\\/L.-Simon-L\u00e1szl\u00f3-Konr\u00e1d-Gy\u00f6rgy\u00f6t-\u00e9s-Heller-\u00c1gnest-m\u00e9ltatta.jpg\",\"contentUrl\":\"https:\\\/\\\/hotnewsinworld.com\\\/hu\\\/wp-content\\\/uploads\\\/sites\\\/3\\\/2019\\\/09\\\/L.-Simon-L\u00e1szl\u00f3-Konr\u00e1d-Gy\u00f6rgy\u00f6t-\u00e9s-Heller-\u00c1gnest-m\u00e9ltatta.jpg\",\"width\":600,\"height\":315,\"caption\":\"L. Simon L\u00e1szl\u00f3 Konr\u00e1d Gy\u00f6rgy\u00f6t \u00e9s Heller \u00c1gnest m\u00e9ltatta\"},{\"@type\":\"BreadcrumbList\",\"@id\":\"https:\\\/\\\/hotnewsinworld.com\\\/hu\\\/l-simon-laszlo-konrad-gyorgyot-es-heller-agnest-meltatta\\\/#breadcrumb\",\"itemListElement\":[{\"@type\":\"ListItem\",\"position\":1,\"name\":\"\u0413\u043b\u0430\u0432\u043d\u0430\u044f \u0441\u0442\u0440\u0430\u043d\u0438\u0446\u0430\",\"item\":\"https:\\\/\\\/hotnewsinworld.com\\\/hu\\\/\"},{\"@type\":\"ListItem\",\"position\":2,\"name\":\"L. Simon L\u00e1szl\u00f3 Konr\u00e1d Gy\u00f6rgy\u00f6t \u00e9s Heller \u00c1gnest m\u00e9ltatta\"}]},{\"@type\":\"WebSite\",\"@id\":\"https:\\\/\\\/hotnewsinworld.com\\\/hu\\\/#website\",\"url\":\"https:\\\/\\\/hotnewsinworld.com\\\/hu\\\/\",\"name\":\"Hot News in World\",\"description\":\"Hot News in World from Hungary\",\"potentialAction\":[{\"@type\":\"SearchAction\",\"target\":{\"@type\":\"EntryPoint\",\"urlTemplate\":\"https:\\\/\\\/hotnewsinworld.com\\\/hu\\\/?s={search_term_string}\"},\"query-input\":{\"@type\":\"PropertyValueSpecification\",\"valueRequired\":true,\"valueName\":\"search_term_string\"}}],\"inLanguage\":\"hu\"},{\"@type\":\"Person\",\"@id\":\"https:\\\/\\\/hotnewsinworld.com\\\/hu\\\/#\\\/schema\\\/person\\\/fe61448b21c0d59086e75fcc1f9d8f6b\",\"name\":\"hotnewsinworld\",\"image\":{\"@type\":\"ImageObject\",\"inLanguage\":\"hu\",\"@id\":\"https:\\\/\\\/secure.gravatar.com\\\/avatar\\\/8a09ac165600ce2e1c38fe593c63928eb1e6e7ba5c5a907d67787c41b3d00c14?s=96&d=mm&r=g\",\"url\":\"https:\\\/\\\/secure.gravatar.com\\\/avatar\\\/8a09ac165600ce2e1c38fe593c63928eb1e6e7ba5c5a907d67787c41b3d00c14?s=96&d=mm&r=g\",\"contentUrl\":\"https:\\\/\\\/secure.gravatar.com\\\/avatar\\\/8a09ac165600ce2e1c38fe593c63928eb1e6e7ba5c5a907d67787c41b3d00c14?s=96&d=mm&r=g\",\"caption\":\"hotnewsinworld\"},\"url\":\"https:\\\/\\\/hotnewsinworld.com\\\/hu\\\/author\\\/pt\\\/\"}]}<\/script>\n<!-- \/ Yoast SEO plugin. -->","yoast_head_json":{"title":"L. Simon L\u00e1szl\u00f3 Konr\u00e1d Gy\u00f6rgy\u00f6t \u00e9s Heller \u00c1gnest m\u00e9ltatta - Hot News in World","robots":{"index":"index","follow":"follow","max-snippet":"max-snippet:-1","max-image-preview":"max-image-preview:large","max-video-preview":"max-video-preview:-1"},"canonical":"https:\/\/hotnewsinworld.com\/hu\/l-simon-laszlo-konrad-gyorgyot-es-heller-agnest-meltatta\/","og_locale":"hu_HU","og_type":"article","og_title":"L. Simon L\u00e1szl\u00f3 Konr\u00e1d Gy\u00f6rgy\u00f6t \u00e9s Heller \u00c1gnest m\u00e9ltatta - Hot News in World","og_description":"L. Simon L\u00e1szl\u00f3 Konr\u00e1d Gy\u00f6rgy\u00f6t \u00e9s Heller \u00c1gnest m\u00e9ltatta \u201eLehet \u00f6r\u00f6kk\u00e9 mutogatni arra, hogy ezek a h\u00fclye n\u00e9metek nem \u00e9rtik, hogy mi is Eur\u00f3pa, de ez nem fog \u00edgy menni. nem mondhatunk le Nyugat-Eur\u00f3p\u00e1r\u00f3l, nem \u00e1ll\u00edthatjuk \u00f6n\u00f6kk\u00e9 szembe magunkat Nyugat-Eur\u00f3p\u00e1val\u201d \u2013 mondta Tusn\u00e1df\u00fcrd\u0151n id\u00e9n j\u00faliusban L. Simon L\u00e1szl\u00f3. A volt \u00e1llamtitk\u00e1rt az ATV Egyenes besz\u00e9d [&hellip;]","og_url":"https:\/\/hotnewsinworld.com\/hu\/l-simon-laszlo-konrad-gyorgyot-es-heller-agnest-meltatta\/","og_site_name":"Hot News in World","article_published_time":"2019-09-17T18:42:04+00:00","article_modified_time":"2019-09-17T18:42:05+00:00","og_image":[{"width":600,"height":315,"url":"https:\/\/hotnewsinworld.com\/hu\/wp-content\/uploads\/sites\/3\/2019\/09\/L.-Simon-L\u00e1szl\u00f3-Konr\u00e1d-Gy\u00f6rgy\u00f6t-\u00e9s-Heller-\u00c1gnest-m\u00e9ltatta.jpg","type":"image\/jpeg"}],"author":"hotnewsinworld","twitter_card":"summary_large_image","twitter_misc":{"Szerz\u0151:":"hotnewsinworld","Becs\u00fclt olvas\u00e1si id\u0151":"2 perc"},"schema":{"@context":"https:\/\/schema.org","@graph":[{"@type":"Article","@id":"https:\/\/hotnewsinworld.com\/hu\/l-simon-laszlo-konrad-gyorgyot-es-heller-agnest-meltatta\/#article","isPartOf":{"@id":"https:\/\/hotnewsinworld.com\/hu\/l-simon-laszlo-konrad-gyorgyot-es-heller-agnest-meltatta\/"},"author":{"name":"hotnewsinworld","@id":"https:\/\/hotnewsinworld.com\/hu\/#\/schema\/person\/fe61448b21c0d59086e75fcc1f9d8f6b"},"headline":"L. Simon L\u00e1szl\u00f3 Konr\u00e1d Gy\u00f6rgy\u00f6t \u00e9s Heller \u00c1gnest m\u00e9ltatta","datePublished":"2019-09-17T18:42:04+00:00","dateModified":"2019-09-17T18:42:05+00:00","mainEntityOfPage":{"@id":"https:\/\/hotnewsinworld.com\/hu\/l-simon-laszlo-konrad-gyorgyot-es-heller-agnest-meltatta\/"},"wordCount":506,"commentCount":0,"image":{"@id":"https:\/\/hotnewsinworld.com\/hu\/l-simon-laszlo-konrad-gyorgyot-es-heller-agnest-meltatta\/#primaryimage"},"thumbnailUrl":"https:\/\/hotnewsinworld.com\/hu\/wp-content\/uploads\/sites\/3\/2019\/09\/L.-Simon-L\u00e1szl\u00f3-Konr\u00e1d-Gy\u00f6rgy\u00f6t-\u00e9s-Heller-\u00c1gnest-m\u00e9ltatta.jpg","articleSection":["LEG\u00daJABB P\u00c9NZ\u00dcGYI H\u00cdREK"],"inLanguage":"hu","potentialAction":[{"@type":"CommentAction","name":"Comment","target":["https:\/\/hotnewsinworld.com\/hu\/l-simon-laszlo-konrad-gyorgyot-es-heller-agnest-meltatta\/#respond"]}]},{"@type":"WebPage","@id":"https:\/\/hotnewsinworld.com\/hu\/l-simon-laszlo-konrad-gyorgyot-es-heller-agnest-meltatta\/","url":"https:\/\/hotnewsinworld.com\/hu\/l-simon-laszlo-konrad-gyorgyot-es-heller-agnest-meltatta\/","name":"L. Simon L\u00e1szl\u00f3 Konr\u00e1d Gy\u00f6rgy\u00f6t \u00e9s Heller \u00c1gnest m\u00e9ltatta - Hot News in World","isPartOf":{"@id":"https:\/\/hotnewsinworld.com\/hu\/#website"},"primaryImageOfPage":{"@id":"https:\/\/hotnewsinworld.com\/hu\/l-simon-laszlo-konrad-gyorgyot-es-heller-agnest-meltatta\/#primaryimage"},"image":{"@id":"https:\/\/hotnewsinworld.com\/hu\/l-simon-laszlo-konrad-gyorgyot-es-heller-agnest-meltatta\/#primaryimage"},"thumbnailUrl":"https:\/\/hotnewsinworld.com\/hu\/wp-content\/uploads\/sites\/3\/2019\/09\/L.-Simon-L\u00e1szl\u00f3-Konr\u00e1d-Gy\u00f6rgy\u00f6t-\u00e9s-Heller-\u00c1gnest-m\u00e9ltatta.jpg","datePublished":"2019-09-17T18:42:04+00:00","dateModified":"2019-09-17T18:42:05+00:00","author":{"@id":"https:\/\/hotnewsinworld.com\/hu\/#\/schema\/person\/fe61448b21c0d59086e75fcc1f9d8f6b"},"breadcrumb":{"@id":"https:\/\/hotnewsinworld.com\/hu\/l-simon-laszlo-konrad-gyorgyot-es-heller-agnest-meltatta\/#breadcrumb"},"inLanguage":"hu","potentialAction":[{"@type":"ReadAction","target":["https:\/\/hotnewsinworld.com\/hu\/l-simon-laszlo-konrad-gyorgyot-es-heller-agnest-meltatta\/"]}]},{"@type":"ImageObject","inLanguage":"hu","@id":"https:\/\/hotnewsinworld.com\/hu\/l-simon-laszlo-konrad-gyorgyot-es-heller-agnest-meltatta\/#primaryimage","url":"https:\/\/hotnewsinworld.com\/hu\/wp-content\/uploads\/sites\/3\/2019\/09\/L.-Simon-L\u00e1szl\u00f3-Konr\u00e1d-Gy\u00f6rgy\u00f6t-\u00e9s-Heller-\u00c1gnest-m\u00e9ltatta.jpg","contentUrl":"https:\/\/hotnewsinworld.com\/hu\/wp-content\/uploads\/sites\/3\/2019\/09\/L.-Simon-L\u00e1szl\u00f3-Konr\u00e1d-Gy\u00f6rgy\u00f6t-\u00e9s-Heller-\u00c1gnest-m\u00e9ltatta.jpg","width":600,"height":315,"caption":"L. Simon L\u00e1szl\u00f3 Konr\u00e1d Gy\u00f6rgy\u00f6t \u00e9s Heller \u00c1gnest m\u00e9ltatta"},{"@type":"BreadcrumbList","@id":"https:\/\/hotnewsinworld.com\/hu\/l-simon-laszlo-konrad-gyorgyot-es-heller-agnest-meltatta\/#breadcrumb","itemListElement":[{"@type":"ListItem","position":1,"name":"\u0413\u043b\u0430\u0432\u043d\u0430\u044f \u0441\u0442\u0440\u0430\u043d\u0438\u0446\u0430","item":"https:\/\/hotnewsinworld.com\/hu\/"},{"@type":"ListItem","position":2,"name":"L. Simon L\u00e1szl\u00f3 Konr\u00e1d Gy\u00f6rgy\u00f6t \u00e9s Heller \u00c1gnest m\u00e9ltatta"}]},{"@type":"WebSite","@id":"https:\/\/hotnewsinworld.com\/hu\/#website","url":"https:\/\/hotnewsinworld.com\/hu\/","name":"Hot News in World","description":"Hot News in World from Hungary","potentialAction":[{"@type":"SearchAction","target":{"@type":"EntryPoint","urlTemplate":"https:\/\/hotnewsinworld.com\/hu\/?s={search_term_string}"},"query-input":{"@type":"PropertyValueSpecification","valueRequired":true,"valueName":"search_term_string"}}],"inLanguage":"hu"},{"@type":"Person","@id":"https:\/\/hotnewsinworld.com\/hu\/#\/schema\/person\/fe61448b21c0d59086e75fcc1f9d8f6b","name":"hotnewsinworld","image":{"@type":"ImageObject","inLanguage":"hu","@id":"https:\/\/secure.gravatar.com\/avatar\/8a09ac165600ce2e1c38fe593c63928eb1e6e7ba5c5a907d67787c41b3d00c14?s=96&d=mm&r=g","url":"https:\/\/secure.gravatar.com\/avatar\/8a09ac165600ce2e1c38fe593c63928eb1e6e7ba5c5a907d67787c41b3d00c14?s=96&d=mm&r=g","contentUrl":"https:\/\/secure.gravatar.com\/avatar\/8a09ac165600ce2e1c38fe593c63928eb1e6e7ba5c5a907d67787c41b3d00c14?s=96&d=mm&r=g","caption":"hotnewsinworld"},"url":"https:\/\/hotnewsinworld.com\/hu\/author\/pt\/"}]}},"_links":{"self":[{"href":"https:\/\/hotnewsinworld.com\/hu\/wp-json\/wp\/v2\/posts\/2210","targetHints":{"allow":["GET"]}}],"collection":[{"href":"https:\/\/hotnewsinworld.com\/hu\/wp-json\/wp\/v2\/posts"}],"about":[{"href":"https:\/\/hotnewsinworld.com\/hu\/wp-json\/wp\/v2\/types\/post"}],"author":[{"embeddable":true,"href":"https:\/\/hotnewsinworld.com\/hu\/wp-json\/wp\/v2\/users\/2"}],"replies":[{"embeddable":true,"href":"https:\/\/hotnewsinworld.com\/hu\/wp-json\/wp\/v2\/comments?post=2210"}],"version-history":[{"count":1,"href":"https:\/\/hotnewsinworld.com\/hu\/wp-json\/wp\/v2\/posts\/2210\/revisions"}],"predecessor-version":[{"id":2212,"href":"https:\/\/hotnewsinworld.com\/hu\/wp-json\/wp\/v2\/posts\/2210\/revisions\/2212"}],"wp:featuredmedia":[{"embeddable":true,"href":"https:\/\/hotnewsinworld.com\/hu\/wp-json\/wp\/v2\/media\/2211"}],"wp:attachment":[{"href":"https:\/\/hotnewsinworld.com\/hu\/wp-json\/wp\/v2\/media?parent=2210"}],"wp:term":[{"taxonomy":"category","embeddable":true,"href":"https:\/\/hotnewsinworld.com\/hu\/wp-json\/wp\/v2\/categories?post=2210"},{"taxonomy":"post_tag","embeddable":true,"href":"https:\/\/hotnewsinworld.com\/hu\/wp-json\/wp\/v2\/tags?post=2210"}],"curies":[{"name":"wp","href":"https:\/\/api.w.org\/{rel}","templated":true}]}}