{"id":2213,"date":"2019-09-17T23:03:40","date_gmt":"2019-09-17T20:03:40","guid":{"rendered":"https:\/\/hotnewsinworld.com\/hu\/nepszava-jovore-mehet-csak-vizsgalatra-az-aki-most-ker-idopontot-hasi-ultrahangra-ujbudan\/"},"modified":"2019-09-17T23:03:41","modified_gmt":"2019-09-17T20:03:41","slug":"nepszava-jovore-mehet-csak-vizsgalatra-az-aki-most-ker-idopontot-hasi-ultrahangra-ujbudan","status":"publish","type":"post","link":"https:\/\/hotnewsinworld.com\/hu\/nepszava-jovore-mehet-csak-vizsgalatra-az-aki-most-ker-idopontot-hasi-ultrahangra-ujbudan\/","title":{"rendered":"N\u00e9pszava J\u00f6v\u0151re mehet csak vizsg\u00e1latra az, aki most k\u00e9r id\u0151pontot hasi ultrahangra \u00dajbud\u00e1n"},"content":{"rendered":"<p>\u00c1m a korm\u00e1nyhivatal nem tal\u00e1lt olyan k\u00f6r\u00fclm\u00e9nyt, ami miatt int\u00e9zkedni k\u00e9ne.Augusztus elej\u00e9n sz\u00e1molt be el\u0151sz\u00f6r az RTL H\u00edrad\u00f3 arr\u00f3l, hogy f\u00e9l \u00e9vet kell v\u00e1rni a budapesti 11. ker\u00fcleti Szent Krist\u00f3f szakrendel\u0151ben ultrahang-vizsg\u00e1latra, mert nincs el\u00e9g  szakorvos. Akkor a korm\u00e1nyhivatal azt \u00edg\u00e9rte, soron k\u00edv\u00fcl int\u00e9zkednek \u00e9s ak\u00e1r m\u00e1s szolg\u00e1ltat\u00f3kat is kijel\u00f6lnek a ker\u00fcletieknek.&#8221;Fel tudjuk venni a v\u00e1r\u00f3list\u00e1ra \u00e9s janu\u00e1r-febru\u00e1rra lesznek helyek&#8221;- ezt viszont m\u00e1r m\u00e1sf\u00e9l h\u00f3nappal k\u00e9s\u0151bb, kedden mondt\u00e1k a riporternek, mikor telefonon id\u0151pontot pr\u00f3b\u00e1lt k\u00e9rni ugyanott. &#8222;Orvos k\u00e9ne, nem old\u00f3dott meg semmi&#8221; &#8211; \u00e9rkezett a v\u00e1lasz arra, hogy a Korm\u00e1nyhivatal megold\u00e1st \u00edg\u00e9rt. M\u00e1sik int\u00e9zm\u00e9nyt sem jel\u00f6ltek ki, \u00e9s jelenleg azok kapnak id\u0151pontot, akik m\u00e1jusban jelentkeztek.Megkerest\u00e9k P\u00e1szt\u00e9lyi Zsoltot, a Magyar J\u00e1r\u00f3beteg Szakell\u00e1t\u00f3 Sz\u00f6vets\u00e9g eln\u00f6k\u00e9t, aki azt mondta, a m\u0171t\u00e9ti v\u00e1r\u00f3list\u00e1khoz hasonl\u00f3 szab\u00e1lyoz\u00e1s kellene, egy alap, amivel k\u00f6vetni lehetne az ell\u00e1t\u00e1si probl\u00e9m\u00e1kat, hogy az eg\u00e9szs\u00e9gbiztos\u00edt\u00f3 t\u00f6bbletforr\u00e1ssal l\u00e9phessen ott be. Kiss Zsolt, a NEAK f\u0151igazgat\u00f3ja kor\u00e1bban fejleszt\u00e9st \u00edg\u00e9rt, de friss k\u00f6zl\u00e9s\u00fck szerint jelenleg az informatikai rendszerrel foglalkoznak. A korm\u00e1nyhivatalt\u00f3l azt \u00edrt\u00e1k, nem \u00e1llap\u00edtottak meg olyan k\u00f6r\u00fclm\u00e9nyt, ami miatt int\u00e9zkedni kellett volna.Meg\u00e1llap\u00edtott\u00e1k tov\u00e1bb\u00e1, hogy a s\u00fcrg\u0151ss\u00e9ggel beutalt betegeket 1-2 munkanapon bel\u00fcl megvizsg\u00e1lj\u00e1k a Szent Krist\u00f3f szakrendel\u0151ben. Az \u00dajbudai \u00f6nkorm\u00e1nyzat pedig \u00e1ll\u00edtja, egyed\u00fcl a hasi ultrahangra kell v\u00e1rakozni, \u00e9s m\u00e1r ennek megold\u00e1sa is &#8222;folyamatban van&#8221;.<br \/>\n            <a class=\"slogo\"><br \/>\n                <\/a><\/p>\n<p>\n<!--noindex--><br \/>\n<a href=\"https:\/\/hirek.oldal.info\/rssclick\/14405397\" rel=\"nofollow\">Source link <\/a><br \/>\n<!--\/noindex--><\/p>\n","protected":false},"excerpt":{"rendered":"<p>\u00c1m a korm\u00e1nyhivatal nem tal\u00e1lt olyan k\u00f6r\u00fclm\u00e9nyt, ami miatt int\u00e9zkedni k\u00e9ne.Augusztus elej\u00e9n sz\u00e1molt be el\u0151sz\u00f6r az RTL H\u00edrad\u00f3 arr\u00f3l, hogy f\u00e9l \u00e9vet kell v\u00e1rni a budapesti 11. ker\u00fcleti Szent Krist\u00f3f szakrendel\u0151ben ultrahang-vizsg\u00e1latra, mert nincs el\u00e9g szakorvos. Akkor a korm\u00e1nyhivatal azt \u00edg\u00e9rte, soron k\u00edv\u00fcl int\u00e9zkednek \u00e9s ak\u00e1r m\u00e1s szolg\u00e1ltat\u00f3kat is kijel\u00f6lnek a ker\u00fcletieknek.&#8221;Fel tudjuk venni a [&hellip;]<\/p>\n","protected":false},"author":2,"featured_media":2214,"comment_status":"open","ping_status":"open","sticky":false,"template":"","format":"standard","meta":{"footnotes":""},"categories":[1],"tags":[],"class_list":["post-2213","post","type-post","status-publish","format-standard","has-post-thumbnail","hentry","category-legujabb-penzugyi-hirek"],"yoast_head":"<!-- This site is optimized with the Yoast SEO plugin v27.4 - https:\/\/yoast.com\/product\/yoast-seo-wordpress\/ -->\n<title>N\u00e9pszava J\u00f6v\u0151re mehet csak vizsg\u00e1latra az, aki most k\u00e9r id\u0151pontot hasi ultrahangra \u00dajbud\u00e1n - Hot News in World<\/title>\n<meta name=\"robots\" content=\"index, follow, max-snippet:-1, max-image-preview:large, max-video-preview:-1\" \/>\n<link rel=\"canonical\" href=\"https:\/\/hotnewsinworld.com\/hu\/nepszava-jovore-mehet-csak-vizsgalatra-az-aki-most-ker-idopontot-hasi-ultrahangra-ujbudan\/\" \/>\n<meta property=\"og:locale\" content=\"hu_HU\" \/>\n<meta property=\"og:type\" content=\"article\" \/>\n<meta property=\"og:title\" content=\"N\u00e9pszava J\u00f6v\u0151re mehet csak vizsg\u00e1latra az, aki most k\u00e9r id\u0151pontot hasi ultrahangra \u00dajbud\u00e1n - Hot News in World\" \/>\n<meta property=\"og:description\" content=\"\u00c1m a korm\u00e1nyhivatal nem tal\u00e1lt olyan k\u00f6r\u00fclm\u00e9nyt, ami miatt int\u00e9zkedni k\u00e9ne.Augusztus elej\u00e9n sz\u00e1molt be el\u0151sz\u00f6r az RTL H\u00edrad\u00f3 arr\u00f3l, hogy f\u00e9l \u00e9vet kell v\u00e1rni a budapesti 11. ker\u00fcleti Szent Krist\u00f3f szakrendel\u0151ben ultrahang-vizsg\u00e1latra, mert nincs el\u00e9g szakorvos. Akkor a korm\u00e1nyhivatal azt \u00edg\u00e9rte, soron k\u00edv\u00fcl int\u00e9zkednek \u00e9s ak\u00e1r m\u00e1s szolg\u00e1ltat\u00f3kat is kijel\u00f6lnek a ker\u00fcletieknek.&#8221;Fel tudjuk venni a [&hellip;]\" \/>\n<meta property=\"og:url\" content=\"https:\/\/hotnewsinworld.com\/hu\/nepszava-jovore-mehet-csak-vizsgalatra-az-aki-most-ker-idopontot-hasi-ultrahangra-ujbudan\/\" \/>\n<meta property=\"og:site_name\" content=\"Hot News in World\" \/>\n<meta property=\"article:published_time\" content=\"2019-09-17T20:03:40+00:00\" \/>\n<meta property=\"article:modified_time\" content=\"2019-09-17T20:03:41+00:00\" \/>\n<meta property=\"og:image\" content=\"https:\/\/hotnewsinworld.com\/hu\/wp-content\/uploads\/sites\/3\/2019\/09\/N\u00e9pszava-J\u00f6v\u0151re-mehet-csak-vizsg\u00e1latra-az-aki-most-k\u00e9r-id\u0151pontot.jpg\" \/>\n\t<meta property=\"og:image:width\" content=\"1000\" \/>\n\t<meta property=\"og:image:height\" content=\"600\" \/>\n\t<meta property=\"og:image:type\" content=\"image\/jpeg\" \/>\n<meta name=\"author\" content=\"hotnewsinworld\" \/>\n<meta name=\"twitter:card\" content=\"summary_large_image\" \/>\n<meta name=\"twitter:label1\" content=\"Szerz\u0151:\" \/>\n\t<meta name=\"twitter:data1\" content=\"hotnewsinworld\" \/>\n\t<meta name=\"twitter:label2\" content=\"Becs\u00fclt olvas\u00e1si id\u0151\" \/>\n\t<meta name=\"twitter:data2\" content=\"2 perc\" \/>\n<script type=\"application\/ld+json\" class=\"yoast-schema-graph\">{\"@context\":\"https:\\\/\\\/schema.org\",\"@graph\":[{\"@type\":\"Article\",\"@id\":\"https:\\\/\\\/hotnewsinworld.com\\\/hu\\\/nepszava-jovore-mehet-csak-vizsgalatra-az-aki-most-ker-idopontot-hasi-ultrahangra-ujbudan\\\/#article\",\"isPartOf\":{\"@id\":\"https:\\\/\\\/hotnewsinworld.com\\\/hu\\\/nepszava-jovore-mehet-csak-vizsgalatra-az-aki-most-ker-idopontot-hasi-ultrahangra-ujbudan\\\/\"},\"author\":{\"name\":\"hotnewsinworld\",\"@id\":\"https:\\\/\\\/hotnewsinworld.com\\\/hu\\\/#\\\/schema\\\/person\\\/fe61448b21c0d59086e75fcc1f9d8f6b\"},\"headline\":\"N\u00e9pszava J\u00f6v\u0151re mehet csak vizsg\u00e1latra az, aki most k\u00e9r id\u0151pontot hasi ultrahangra \u00dajbud\u00e1n\",\"datePublished\":\"2019-09-17T20:03:40+00:00\",\"dateModified\":\"2019-09-17T20:03:41+00:00\",\"mainEntityOfPage\":{\"@id\":\"https:\\\/\\\/hotnewsinworld.com\\\/hu\\\/nepszava-jovore-mehet-csak-vizsgalatra-az-aki-most-ker-idopontot-hasi-ultrahangra-ujbudan\\\/\"},\"wordCount\":347,\"commentCount\":0,\"image\":{\"@id\":\"https:\\\/\\\/hotnewsinworld.com\\\/hu\\\/nepszava-jovore-mehet-csak-vizsgalatra-az-aki-most-ker-idopontot-hasi-ultrahangra-ujbudan\\\/#primaryimage\"},\"thumbnailUrl\":\"https:\\\/\\\/hotnewsinworld.com\\\/hu\\\/wp-content\\\/uploads\\\/sites\\\/3\\\/2019\\\/09\\\/N\u00e9pszava-J\u00f6v\u0151re-mehet-csak-vizsg\u00e1latra-az-aki-most-k\u00e9r-id\u0151pontot.jpg\",\"articleSection\":[\"LEG\u00daJABB P\u00c9NZ\u00dcGYI H\u00cdREK\"],\"inLanguage\":\"hu\",\"potentialAction\":[{\"@type\":\"CommentAction\",\"name\":\"Comment\",\"target\":[\"https:\\\/\\\/hotnewsinworld.com\\\/hu\\\/nepszava-jovore-mehet-csak-vizsgalatra-az-aki-most-ker-idopontot-hasi-ultrahangra-ujbudan\\\/#respond\"]}]},{\"@type\":\"WebPage\",\"@id\":\"https:\\\/\\\/hotnewsinworld.com\\\/hu\\\/nepszava-jovore-mehet-csak-vizsgalatra-az-aki-most-ker-idopontot-hasi-ultrahangra-ujbudan\\\/\",\"url\":\"https:\\\/\\\/hotnewsinworld.com\\\/hu\\\/nepszava-jovore-mehet-csak-vizsgalatra-az-aki-most-ker-idopontot-hasi-ultrahangra-ujbudan\\\/\",\"name\":\"N\u00e9pszava J\u00f6v\u0151re mehet csak vizsg\u00e1latra az, aki most k\u00e9r id\u0151pontot hasi ultrahangra \u00dajbud\u00e1n - Hot News in World\",\"isPartOf\":{\"@id\":\"https:\\\/\\\/hotnewsinworld.com\\\/hu\\\/#website\"},\"primaryImageOfPage\":{\"@id\":\"https:\\\/\\\/hotnewsinworld.com\\\/hu\\\/nepszava-jovore-mehet-csak-vizsgalatra-az-aki-most-ker-idopontot-hasi-ultrahangra-ujbudan\\\/#primaryimage\"},\"image\":{\"@id\":\"https:\\\/\\\/hotnewsinworld.com\\\/hu\\\/nepszava-jovore-mehet-csak-vizsgalatra-az-aki-most-ker-idopontot-hasi-ultrahangra-ujbudan\\\/#primaryimage\"},\"thumbnailUrl\":\"https:\\\/\\\/hotnewsinworld.com\\\/hu\\\/wp-content\\\/uploads\\\/sites\\\/3\\\/2019\\\/09\\\/N\u00e9pszava-J\u00f6v\u0151re-mehet-csak-vizsg\u00e1latra-az-aki-most-k\u00e9r-id\u0151pontot.jpg\",\"datePublished\":\"2019-09-17T20:03:40+00:00\",\"dateModified\":\"2019-09-17T20:03:41+00:00\",\"author\":{\"@id\":\"https:\\\/\\\/hotnewsinworld.com\\\/hu\\\/#\\\/schema\\\/person\\\/fe61448b21c0d59086e75fcc1f9d8f6b\"},\"breadcrumb\":{\"@id\":\"https:\\\/\\\/hotnewsinworld.com\\\/hu\\\/nepszava-jovore-mehet-csak-vizsgalatra-az-aki-most-ker-idopontot-hasi-ultrahangra-ujbudan\\\/#breadcrumb\"},\"inLanguage\":\"hu\",\"potentialAction\":[{\"@type\":\"ReadAction\",\"target\":[\"https:\\\/\\\/hotnewsinworld.com\\\/hu\\\/nepszava-jovore-mehet-csak-vizsgalatra-az-aki-most-ker-idopontot-hasi-ultrahangra-ujbudan\\\/\"]}]},{\"@type\":\"ImageObject\",\"inLanguage\":\"hu\",\"@id\":\"https:\\\/\\\/hotnewsinworld.com\\\/hu\\\/nepszava-jovore-mehet-csak-vizsgalatra-az-aki-most-ker-idopontot-hasi-ultrahangra-ujbudan\\\/#primaryimage\",\"url\":\"https:\\\/\\\/hotnewsinworld.com\\\/hu\\\/wp-content\\\/uploads\\\/sites\\\/3\\\/2019\\\/09\\\/N\u00e9pszava-J\u00f6v\u0151re-mehet-csak-vizsg\u00e1latra-az-aki-most-k\u00e9r-id\u0151pontot.jpg\",\"contentUrl\":\"https:\\\/\\\/hotnewsinworld.com\\\/hu\\\/wp-content\\\/uploads\\\/sites\\\/3\\\/2019\\\/09\\\/N\u00e9pszava-J\u00f6v\u0151re-mehet-csak-vizsg\u00e1latra-az-aki-most-k\u00e9r-id\u0151pontot.jpg\",\"width\":1000,\"height\":600,\"caption\":\"N\u00e9pszava J\u00f6v\u0151re mehet csak vizsg\u00e1latra az, aki most k\u00e9r id\u0151pontot hasi ultrahangra \u00dajbud\u00e1n\"},{\"@type\":\"BreadcrumbList\",\"@id\":\"https:\\\/\\\/hotnewsinworld.com\\\/hu\\\/nepszava-jovore-mehet-csak-vizsgalatra-az-aki-most-ker-idopontot-hasi-ultrahangra-ujbudan\\\/#breadcrumb\",\"itemListElement\":[{\"@type\":\"ListItem\",\"position\":1,\"name\":\"\u0413\u043b\u0430\u0432\u043d\u0430\u044f \u0441\u0442\u0440\u0430\u043d\u0438\u0446\u0430\",\"item\":\"https:\\\/\\\/hotnewsinworld.com\\\/hu\\\/\"},{\"@type\":\"ListItem\",\"position\":2,\"name\":\"N\u00e9pszava J\u00f6v\u0151re mehet csak vizsg\u00e1latra az, aki most k\u00e9r id\u0151pontot hasi ultrahangra \u00dajbud\u00e1n\"}]},{\"@type\":\"WebSite\",\"@id\":\"https:\\\/\\\/hotnewsinworld.com\\\/hu\\\/#website\",\"url\":\"https:\\\/\\\/hotnewsinworld.com\\\/hu\\\/\",\"name\":\"Hot News in World\",\"description\":\"Hot News in World from Hungary\",\"potentialAction\":[{\"@type\":\"SearchAction\",\"target\":{\"@type\":\"EntryPoint\",\"urlTemplate\":\"https:\\\/\\\/hotnewsinworld.com\\\/hu\\\/?s={search_term_string}\"},\"query-input\":{\"@type\":\"PropertyValueSpecification\",\"valueRequired\":true,\"valueName\":\"search_term_string\"}}],\"inLanguage\":\"hu\"},{\"@type\":\"Person\",\"@id\":\"https:\\\/\\\/hotnewsinworld.com\\\/hu\\\/#\\\/schema\\\/person\\\/fe61448b21c0d59086e75fcc1f9d8f6b\",\"name\":\"hotnewsinworld\",\"image\":{\"@type\":\"ImageObject\",\"inLanguage\":\"hu\",\"@id\":\"https:\\\/\\\/secure.gravatar.com\\\/avatar\\\/8a09ac165600ce2e1c38fe593c63928eb1e6e7ba5c5a907d67787c41b3d00c14?s=96&d=mm&r=g\",\"url\":\"https:\\\/\\\/secure.gravatar.com\\\/avatar\\\/8a09ac165600ce2e1c38fe593c63928eb1e6e7ba5c5a907d67787c41b3d00c14?s=96&d=mm&r=g\",\"contentUrl\":\"https:\\\/\\\/secure.gravatar.com\\\/avatar\\\/8a09ac165600ce2e1c38fe593c63928eb1e6e7ba5c5a907d67787c41b3d00c14?s=96&d=mm&r=g\",\"caption\":\"hotnewsinworld\"},\"url\":\"https:\\\/\\\/hotnewsinworld.com\\\/hu\\\/author\\\/pt\\\/\"}]}<\/script>\n<!-- \/ Yoast SEO plugin. -->","yoast_head_json":{"title":"N\u00e9pszava J\u00f6v\u0151re mehet csak vizsg\u00e1latra az, aki most k\u00e9r id\u0151pontot hasi ultrahangra \u00dajbud\u00e1n - Hot News in World","robots":{"index":"index","follow":"follow","max-snippet":"max-snippet:-1","max-image-preview":"max-image-preview:large","max-video-preview":"max-video-preview:-1"},"canonical":"https:\/\/hotnewsinworld.com\/hu\/nepszava-jovore-mehet-csak-vizsgalatra-az-aki-most-ker-idopontot-hasi-ultrahangra-ujbudan\/","og_locale":"hu_HU","og_type":"article","og_title":"N\u00e9pszava J\u00f6v\u0151re mehet csak vizsg\u00e1latra az, aki most k\u00e9r id\u0151pontot hasi ultrahangra \u00dajbud\u00e1n - Hot News in World","og_description":"\u00c1m a korm\u00e1nyhivatal nem tal\u00e1lt olyan k\u00f6r\u00fclm\u00e9nyt, ami miatt int\u00e9zkedni k\u00e9ne.Augusztus elej\u00e9n sz\u00e1molt be el\u0151sz\u00f6r az RTL H\u00edrad\u00f3 arr\u00f3l, hogy f\u00e9l \u00e9vet kell v\u00e1rni a budapesti 11. ker\u00fcleti Szent Krist\u00f3f szakrendel\u0151ben ultrahang-vizsg\u00e1latra, mert nincs el\u00e9g szakorvos. Akkor a korm\u00e1nyhivatal azt \u00edg\u00e9rte, soron k\u00edv\u00fcl int\u00e9zkednek \u00e9s ak\u00e1r m\u00e1s szolg\u00e1ltat\u00f3kat is kijel\u00f6lnek a ker\u00fcletieknek.&#8221;Fel tudjuk venni a [&hellip;]","og_url":"https:\/\/hotnewsinworld.com\/hu\/nepszava-jovore-mehet-csak-vizsgalatra-az-aki-most-ker-idopontot-hasi-ultrahangra-ujbudan\/","og_site_name":"Hot News in World","article_published_time":"2019-09-17T20:03:40+00:00","article_modified_time":"2019-09-17T20:03:41+00:00","og_image":[{"width":1000,"height":600,"url":"https:\/\/hotnewsinworld.com\/hu\/wp-content\/uploads\/sites\/3\/2019\/09\/N\u00e9pszava-J\u00f6v\u0151re-mehet-csak-vizsg\u00e1latra-az-aki-most-k\u00e9r-id\u0151pontot.jpg","type":"image\/jpeg"}],"author":"hotnewsinworld","twitter_card":"summary_large_image","twitter_misc":{"Szerz\u0151:":"hotnewsinworld","Becs\u00fclt olvas\u00e1si id\u0151":"2 perc"},"schema":{"@context":"https:\/\/schema.org","@graph":[{"@type":"Article","@id":"https:\/\/hotnewsinworld.com\/hu\/nepszava-jovore-mehet-csak-vizsgalatra-az-aki-most-ker-idopontot-hasi-ultrahangra-ujbudan\/#article","isPartOf":{"@id":"https:\/\/hotnewsinworld.com\/hu\/nepszava-jovore-mehet-csak-vizsgalatra-az-aki-most-ker-idopontot-hasi-ultrahangra-ujbudan\/"},"author":{"name":"hotnewsinworld","@id":"https:\/\/hotnewsinworld.com\/hu\/#\/schema\/person\/fe61448b21c0d59086e75fcc1f9d8f6b"},"headline":"N\u00e9pszava J\u00f6v\u0151re mehet csak vizsg\u00e1latra az, aki most k\u00e9r id\u0151pontot hasi ultrahangra \u00dajbud\u00e1n","datePublished":"2019-09-17T20:03:40+00:00","dateModified":"2019-09-17T20:03:41+00:00","mainEntityOfPage":{"@id":"https:\/\/hotnewsinworld.com\/hu\/nepszava-jovore-mehet-csak-vizsgalatra-az-aki-most-ker-idopontot-hasi-ultrahangra-ujbudan\/"},"wordCount":347,"commentCount":0,"image":{"@id":"https:\/\/hotnewsinworld.com\/hu\/nepszava-jovore-mehet-csak-vizsgalatra-az-aki-most-ker-idopontot-hasi-ultrahangra-ujbudan\/#primaryimage"},"thumbnailUrl":"https:\/\/hotnewsinworld.com\/hu\/wp-content\/uploads\/sites\/3\/2019\/09\/N\u00e9pszava-J\u00f6v\u0151re-mehet-csak-vizsg\u00e1latra-az-aki-most-k\u00e9r-id\u0151pontot.jpg","articleSection":["LEG\u00daJABB P\u00c9NZ\u00dcGYI H\u00cdREK"],"inLanguage":"hu","potentialAction":[{"@type":"CommentAction","name":"Comment","target":["https:\/\/hotnewsinworld.com\/hu\/nepszava-jovore-mehet-csak-vizsgalatra-az-aki-most-ker-idopontot-hasi-ultrahangra-ujbudan\/#respond"]}]},{"@type":"WebPage","@id":"https:\/\/hotnewsinworld.com\/hu\/nepszava-jovore-mehet-csak-vizsgalatra-az-aki-most-ker-idopontot-hasi-ultrahangra-ujbudan\/","url":"https:\/\/hotnewsinworld.com\/hu\/nepszava-jovore-mehet-csak-vizsgalatra-az-aki-most-ker-idopontot-hasi-ultrahangra-ujbudan\/","name":"N\u00e9pszava J\u00f6v\u0151re mehet csak vizsg\u00e1latra az, aki most k\u00e9r id\u0151pontot hasi ultrahangra \u00dajbud\u00e1n - Hot News in World","isPartOf":{"@id":"https:\/\/hotnewsinworld.com\/hu\/#website"},"primaryImageOfPage":{"@id":"https:\/\/hotnewsinworld.com\/hu\/nepszava-jovore-mehet-csak-vizsgalatra-az-aki-most-ker-idopontot-hasi-ultrahangra-ujbudan\/#primaryimage"},"image":{"@id":"https:\/\/hotnewsinworld.com\/hu\/nepszava-jovore-mehet-csak-vizsgalatra-az-aki-most-ker-idopontot-hasi-ultrahangra-ujbudan\/#primaryimage"},"thumbnailUrl":"https:\/\/hotnewsinworld.com\/hu\/wp-content\/uploads\/sites\/3\/2019\/09\/N\u00e9pszava-J\u00f6v\u0151re-mehet-csak-vizsg\u00e1latra-az-aki-most-k\u00e9r-id\u0151pontot.jpg","datePublished":"2019-09-17T20:03:40+00:00","dateModified":"2019-09-17T20:03:41+00:00","author":{"@id":"https:\/\/hotnewsinworld.com\/hu\/#\/schema\/person\/fe61448b21c0d59086e75fcc1f9d8f6b"},"breadcrumb":{"@id":"https:\/\/hotnewsinworld.com\/hu\/nepszava-jovore-mehet-csak-vizsgalatra-az-aki-most-ker-idopontot-hasi-ultrahangra-ujbudan\/#breadcrumb"},"inLanguage":"hu","potentialAction":[{"@type":"ReadAction","target":["https:\/\/hotnewsinworld.com\/hu\/nepszava-jovore-mehet-csak-vizsgalatra-az-aki-most-ker-idopontot-hasi-ultrahangra-ujbudan\/"]}]},{"@type":"ImageObject","inLanguage":"hu","@id":"https:\/\/hotnewsinworld.com\/hu\/nepszava-jovore-mehet-csak-vizsgalatra-az-aki-most-ker-idopontot-hasi-ultrahangra-ujbudan\/#primaryimage","url":"https:\/\/hotnewsinworld.com\/hu\/wp-content\/uploads\/sites\/3\/2019\/09\/N\u00e9pszava-J\u00f6v\u0151re-mehet-csak-vizsg\u00e1latra-az-aki-most-k\u00e9r-id\u0151pontot.jpg","contentUrl":"https:\/\/hotnewsinworld.com\/hu\/wp-content\/uploads\/sites\/3\/2019\/09\/N\u00e9pszava-J\u00f6v\u0151re-mehet-csak-vizsg\u00e1latra-az-aki-most-k\u00e9r-id\u0151pontot.jpg","width":1000,"height":600,"caption":"N\u00e9pszava J\u00f6v\u0151re mehet csak vizsg\u00e1latra az, aki most k\u00e9r id\u0151pontot hasi ultrahangra \u00dajbud\u00e1n"},{"@type":"BreadcrumbList","@id":"https:\/\/hotnewsinworld.com\/hu\/nepszava-jovore-mehet-csak-vizsgalatra-az-aki-most-ker-idopontot-hasi-ultrahangra-ujbudan\/#breadcrumb","itemListElement":[{"@type":"ListItem","position":1,"name":"\u0413\u043b\u0430\u0432\u043d\u0430\u044f \u0441\u0442\u0440\u0430\u043d\u0438\u0446\u0430","item":"https:\/\/hotnewsinworld.com\/hu\/"},{"@type":"ListItem","position":2,"name":"N\u00e9pszava J\u00f6v\u0151re mehet csak vizsg\u00e1latra az, aki most k\u00e9r id\u0151pontot hasi ultrahangra \u00dajbud\u00e1n"}]},{"@type":"WebSite","@id":"https:\/\/hotnewsinworld.com\/hu\/#website","url":"https:\/\/hotnewsinworld.com\/hu\/","name":"Hot News in World","description":"Hot News in World from Hungary","potentialAction":[{"@type":"SearchAction","target":{"@type":"EntryPoint","urlTemplate":"https:\/\/hotnewsinworld.com\/hu\/?s={search_term_string}"},"query-input":{"@type":"PropertyValueSpecification","valueRequired":true,"valueName":"search_term_string"}}],"inLanguage":"hu"},{"@type":"Person","@id":"https:\/\/hotnewsinworld.com\/hu\/#\/schema\/person\/fe61448b21c0d59086e75fcc1f9d8f6b","name":"hotnewsinworld","image":{"@type":"ImageObject","inLanguage":"hu","@id":"https:\/\/secure.gravatar.com\/avatar\/8a09ac165600ce2e1c38fe593c63928eb1e6e7ba5c5a907d67787c41b3d00c14?s=96&d=mm&r=g","url":"https:\/\/secure.gravatar.com\/avatar\/8a09ac165600ce2e1c38fe593c63928eb1e6e7ba5c5a907d67787c41b3d00c14?s=96&d=mm&r=g","contentUrl":"https:\/\/secure.gravatar.com\/avatar\/8a09ac165600ce2e1c38fe593c63928eb1e6e7ba5c5a907d67787c41b3d00c14?s=96&d=mm&r=g","caption":"hotnewsinworld"},"url":"https:\/\/hotnewsinworld.com\/hu\/author\/pt\/"}]}},"_links":{"self":[{"href":"https:\/\/hotnewsinworld.com\/hu\/wp-json\/wp\/v2\/posts\/2213","targetHints":{"allow":["GET"]}}],"collection":[{"href":"https:\/\/hotnewsinworld.com\/hu\/wp-json\/wp\/v2\/posts"}],"about":[{"href":"https:\/\/hotnewsinworld.com\/hu\/wp-json\/wp\/v2\/types\/post"}],"author":[{"embeddable":true,"href":"https:\/\/hotnewsinworld.com\/hu\/wp-json\/wp\/v2\/users\/2"}],"replies":[{"embeddable":true,"href":"https:\/\/hotnewsinworld.com\/hu\/wp-json\/wp\/v2\/comments?post=2213"}],"version-history":[{"count":1,"href":"https:\/\/hotnewsinworld.com\/hu\/wp-json\/wp\/v2\/posts\/2213\/revisions"}],"predecessor-version":[{"id":2215,"href":"https:\/\/hotnewsinworld.com\/hu\/wp-json\/wp\/v2\/posts\/2213\/revisions\/2215"}],"wp:featuredmedia":[{"embeddable":true,"href":"https:\/\/hotnewsinworld.com\/hu\/wp-json\/wp\/v2\/media\/2214"}],"wp:attachment":[{"href":"https:\/\/hotnewsinworld.com\/hu\/wp-json\/wp\/v2\/media?parent=2213"}],"wp:term":[{"taxonomy":"category","embeddable":true,"href":"https:\/\/hotnewsinworld.com\/hu\/wp-json\/wp\/v2\/categories?post=2213"},{"taxonomy":"post_tag","embeddable":true,"href":"https:\/\/hotnewsinworld.com\/hu\/wp-json\/wp\/v2\/tags?post=2213"}],"curies":[{"name":"wp","href":"https:\/\/api.w.org\/{rel}","templated":true}]}}