{"id":2216,"date":"2019-09-18T00:33:43","date_gmt":"2019-09-17T21:33:43","guid":{"rendered":"https:\/\/hotnewsinworld.com\/hu\/pikoeknak-adott-igazat-a-fovarosi-valasztasi-bizottsag-nem-tortent-torvenysertes\/"},"modified":"2019-09-18T00:33:44","modified_gmt":"2019-09-17T21:33:44","slug":"pikoeknak-adott-igazat-a-fovarosi-valasztasi-bizottsag-nem-tortent-torvenysertes","status":"publish","type":"post","link":"https:\/\/hotnewsinworld.com\/hu\/pikoeknak-adott-igazat-a-fovarosi-valasztasi-bizottsag-nem-tortent-torvenysertes\/","title":{"rendered":"Pik\u00f3\u00e9knak adott igazat a F\u0151v\u00e1rosi V\u00e1laszt\u00e1si Bizotts\u00e1g: nem t\u00f6rt\u00e9nt t\u00f6rv\u00e9nys\u00e9rt\u00e9s"},"content":{"rendered":"<p>\tA\u00a0F\u0151v\u00e1rosi V\u00e1laszt\u00e1si Bizotts\u00e1g kedden kimondta: nincs bizony\u00edt\u00e9k, hogy b\u00e1rmilyen jogs\u00e9rt\u00e9st k\u00f6vetett volna el a VIII. ker\u00fcltei ellenz\u00e9k.<\/p>\n<p>M\u00edg a j\u00f3zsefv\u00e1rosi v\u00e1laszt\u00e1si bizotts\u00e1g elmarasztalta Pik\u00f3 Andr\u00e1s\u00e9kat az aj\u00e1nl\u00f3\u00edvek jogosulatlan feldolgoz\u00e1sa miatt, addig a F\u0151v\u00e1rosi V\u00e1laszt\u00e1si Bizotts\u00e1g megv\u00e1ltoztatta a hat\u00e1rozatot. Egyhang\u00falag meg\u00e1llap\u00edtott\u00e1<\/p>\n<p>class=&#8221;line-title-with-image&#8221;&gt;R\u00e9szben az ellenz\u00e9k nyolcadik ker\u00fcleti polg\u00e1rmesterjel\u00f6ltj\u00e9nek, Pik\u00f3 Andr\u00e1s\u00e9knak adott igazat a F\u0151v\u00e1rosi V\u00e1laszt\u00e1si Bizotts\u00e1g (FVB) h\u00e9tf\u0151n. Ugyanis egyhang\u00faan meg\u00e1llap\u00edtott\u00e1k: a nyolcadik ker\u00fcleti v\u00e1laszt\u00e1si iroda csup\u00e1n k\u00e9t, felt\u00e9telez\u00e9seken alapul\u00f3 \u00fajs\u00e1gcikk miatt m\u00e9g nem mondhatta volna ki, hogy jogs\u00e9rt\u00e9st k\u00f6vetett el Pik\u00f3 st\u00e1bja \u2026class=&#8221;line-title-with-image&#8221;&gt;A Magyar K\u00e9tfark\u00fa Kutya P\u00e1rt n\u00e9gy f\u0151v\u00e1rosi ker\u00fcletben indul az \u00f6nkorm\u00e1nyzati v\u00e1laszt\u00e1son. Kov\u00e1cs Gerg\u0151 plak\u00e1tja a 12. ker\u00fcletieknek sz\u00f3l.class=&#8221;&#8221;&gt;M\u00edg a j\u00f3zsefv\u00e1rosi v\u00e1laszt\u00e1si bizotts\u00e1g elmarasztalta Pik\u00f3 Andr\u00e1s\u00e9kat az aj\u00e1nl\u00f3\u00edvek jogosulatlan feldolgoz\u00e1sa miatt, addig a F\u0151v\u00e1rosi V\u00e1laszt\u00e1si Bizotts\u00e1g megv\u00e1ltoztatta a hat\u00e1rozatot.class=&#8221;line-title-with-image&#8221;&gt;A Pik\u00f3\u00e9kat illeg\u00e1lis adatb\u00e1zis-\u00e9p\u00edt\u00e9ssel v\u00e1dol\u00f3 \u00fajs\u00e1gcikkek felt\u00e9telez\u00e9sen alapultak.class=&#8221;&#8221;&gt;Nem elegend\u0151 k\u00e9t, felt\u00e9telez\u00e9seken alapul\u00f3 cikk a v\u00e1laszt\u00e1si jogs\u00e9rt\u00e9s meg\u00e1llap\u00edt\u00e1s\u00e1hoz a F\u0151v\u00e1rosi V\u00e1laszt\u00e1si Bizotts\u00e1g szerint.class=&#8221;line-title-with-image&#8221;&gt;M\u00edg a nyolcadik ker\u00fcleti v\u00e1laszt\u00e1si bizotts\u00e1g eleget tett a Fidesz-KDNP k\u00e9r\u00e9s\u00e9nek, \u00e9s k\u00e9t, felt\u00e9telez\u00e9sen alapul\u00f3 cikk miatt elmarasztalta Pik\u00f3 Andr\u00e1s\u00e9kat, a F\u0151v\u00e1rosi V\u00e1laszt\u00e1si Bizotts\u00e1g megv\u00e1ltoztatta a hat\u00e1rozatot.class=&#8221;line-title-with-image&#8221;&gt;K\u00e9t felt\u00e9telez\u00e9seken alapul\u00f3 \u00fajs\u00e1gcikk m\u00e9g nem el\u00e9g a jogs\u00e9rt\u00e9s kimond\u00e1s\u00e1hoz.class=&#8221;&#8221;&gt;Nagyon szomor\u00fa,hogy itt tartunk a Xxi-ik sz\u00e1zadban,hogy koholt v\u00e1dakkal b\u00e1rkit meghurcolhatnak. A korm\u00e1ny sz\u00e1m\u00e1ra k\u00ednos \u00fcgyeket pedig t\u00f6bb t\u00edz \u00e9vekre titkos\u00edtj\u00e1k l\u00e1sd Elios \u00fcgy stb\u2026 \u201cA h\u00e9tf\u0151i Magyar Nemzet-cikket adatv\u00e9delmi hat\u00f3s\u00e1gi vizsg\u00e1lat \u00e9s feljelent\u00e9s k\u00f6vette, Pik\u00f3 Andr\u00e1s Viii. ker\u00fcleti ellenz\u00e9ki polg\u00e1rmesterjel\u00f6lt (a Klubr\u00e1di\u00f3 volt m\u0171sorvezclass=&#8221;line-title-with-image&#8221;&gt;Egyhang\u00fa d\u00f6nt\u00e9ssel b\u00edr\u00e1lta fel\u00fcl a F\u0151v\u00e1rosi V\u00e1laszt\u00e1si Bizotts\u00e1g (FVB) a VIII. ker\u00fcleti v\u00e1laszt\u00e1si bizotts\u00e1g d\u00f6nt\u00e9s\u00e9t, amely kimondta, Pik\u00f3 Andr\u00e1s k\u00f6z\u00f6s ellenz\u00e9ki polg\u00e1rmesterjel\u00f6lt kamp\u00e1nycsapata jogs\u00e9rt\u00e9st k\u00f6vetett el az &#8222;aj\u00e1nl\u00f3\u00edvek jogosulatlan feldolgoz\u00e1sa miatt&#8221;.<br \/>\n<br \/>\n<!--noindex--><br \/>\n<a href=\"https:\/\/hirek.oldal.info\/rssclick\/14405481\" rel=\"nofollow\">Source link <\/a><br \/>\n<!--\/noindex--><\/p>\n","protected":false},"excerpt":{"rendered":"<p>A\u00a0F\u0151v\u00e1rosi V\u00e1laszt\u00e1si Bizotts\u00e1g kedden kimondta: nincs bizony\u00edt\u00e9k, hogy b\u00e1rmilyen jogs\u00e9rt\u00e9st k\u00f6vetett volna el a VIII. ker\u00fcltei ellenz\u00e9k. M\u00edg a j\u00f3zsefv\u00e1rosi v\u00e1laszt\u00e1si bizotts\u00e1g elmarasztalta Pik\u00f3 Andr\u00e1s\u00e9kat az aj\u00e1nl\u00f3\u00edvek jogosulatlan feldolgoz\u00e1sa miatt, addig a F\u0151v\u00e1rosi V\u00e1laszt\u00e1si Bizotts\u00e1g megv\u00e1ltoztatta a hat\u00e1rozatot. Egyhang\u00falag meg\u00e1llap\u00edtott\u00e1 class=&#8221;line-title-with-image&#8221;&gt;R\u00e9szben az ellenz\u00e9k nyolcadik ker\u00fcleti polg\u00e1rmesterjel\u00f6ltj\u00e9nek, Pik\u00f3 Andr\u00e1s\u00e9knak adott igazat a F\u0151v\u00e1rosi V\u00e1laszt\u00e1si Bizotts\u00e1g (FVB) [&hellip;]<\/p>\n","protected":false},"author":2,"featured_media":2217,"comment_status":"open","ping_status":"open","sticky":false,"template":"","format":"standard","meta":{"footnotes":""},"categories":[1],"tags":[],"class_list":["post-2216","post","type-post","status-publish","format-standard","has-post-thumbnail","hentry","category-legujabb-penzugyi-hirek"],"yoast_head":"<!-- This site is optimized with the Yoast SEO plugin v27.4 - https:\/\/yoast.com\/product\/yoast-seo-wordpress\/ -->\n<title>Pik\u00f3\u00e9knak adott igazat a F\u0151v\u00e1rosi V\u00e1laszt\u00e1si Bizotts\u00e1g: nem t\u00f6rt\u00e9nt t\u00f6rv\u00e9nys\u00e9rt\u00e9s - Hot News in World<\/title>\n<meta name=\"robots\" content=\"index, follow, max-snippet:-1, max-image-preview:large, max-video-preview:-1\" \/>\n<link rel=\"canonical\" href=\"https:\/\/hotnewsinworld.com\/hu\/pikoeknak-adott-igazat-a-fovarosi-valasztasi-bizottsag-nem-tortent-torvenysertes\/\" \/>\n<meta property=\"og:locale\" content=\"hu_HU\" \/>\n<meta property=\"og:type\" content=\"article\" \/>\n<meta property=\"og:title\" content=\"Pik\u00f3\u00e9knak adott igazat a F\u0151v\u00e1rosi V\u00e1laszt\u00e1si Bizotts\u00e1g: nem t\u00f6rt\u00e9nt t\u00f6rv\u00e9nys\u00e9rt\u00e9s - Hot News in World\" \/>\n<meta property=\"og:description\" content=\"A\u00a0F\u0151v\u00e1rosi V\u00e1laszt\u00e1si Bizotts\u00e1g kedden kimondta: nincs bizony\u00edt\u00e9k, hogy b\u00e1rmilyen jogs\u00e9rt\u00e9st k\u00f6vetett volna el a VIII. ker\u00fcltei ellenz\u00e9k. M\u00edg a j\u00f3zsefv\u00e1rosi v\u00e1laszt\u00e1si bizotts\u00e1g elmarasztalta Pik\u00f3 Andr\u00e1s\u00e9kat az aj\u00e1nl\u00f3\u00edvek jogosulatlan feldolgoz\u00e1sa miatt, addig a F\u0151v\u00e1rosi V\u00e1laszt\u00e1si Bizotts\u00e1g megv\u00e1ltoztatta a hat\u00e1rozatot. Egyhang\u00falag meg\u00e1llap\u00edtott\u00e1 class=&#8221;line-title-with-image&#8221;&gt;R\u00e9szben az ellenz\u00e9k nyolcadik ker\u00fcleti polg\u00e1rmesterjel\u00f6ltj\u00e9nek, Pik\u00f3 Andr\u00e1s\u00e9knak adott igazat a F\u0151v\u00e1rosi V\u00e1laszt\u00e1si Bizotts\u00e1g (FVB) [&hellip;]\" \/>\n<meta property=\"og:url\" content=\"https:\/\/hotnewsinworld.com\/hu\/pikoeknak-adott-igazat-a-fovarosi-valasztasi-bizottsag-nem-tortent-torvenysertes\/\" \/>\n<meta property=\"og:site_name\" content=\"Hot News in World\" \/>\n<meta property=\"article:published_time\" content=\"2019-09-17T21:33:43+00:00\" \/>\n<meta property=\"article:modified_time\" content=\"2019-09-17T21:33:44+00:00\" \/>\n<meta property=\"og:image\" content=\"https:\/\/hotnewsinworld.com\/hu\/wp-content\/uploads\/sites\/3\/2019\/09\/Pik\u00f3\u00e9knak-adott-igazat-a-F\u0151v\u00e1rosi-V\u00e1laszt\u00e1si-Bizotts\u00e1g-nem-t\u00f6rt\u00e9nt-t\u00f6rv\u00e9nys\u00e9rt\u00e9s.jpg\" \/>\n\t<meta property=\"og:image:width\" content=\"600\" \/>\n\t<meta property=\"og:image:height\" content=\"315\" \/>\n\t<meta property=\"og:image:type\" content=\"image\/jpeg\" \/>\n<meta name=\"author\" content=\"hotnewsinworld\" \/>\n<meta name=\"twitter:card\" content=\"summary_large_image\" \/>\n<meta name=\"twitter:label1\" content=\"Szerz\u0151:\" \/>\n\t<meta name=\"twitter:data1\" content=\"hotnewsinworld\" \/>\n\t<meta name=\"twitter:label2\" content=\"Becs\u00fclt olvas\u00e1si id\u0151\" \/>\n\t<meta name=\"twitter:data2\" content=\"2 perc\" \/>\n<script type=\"application\/ld+json\" class=\"yoast-schema-graph\">{\"@context\":\"https:\\\/\\\/schema.org\",\"@graph\":[{\"@type\":\"Article\",\"@id\":\"https:\\\/\\\/hotnewsinworld.com\\\/hu\\\/pikoeknak-adott-igazat-a-fovarosi-valasztasi-bizottsag-nem-tortent-torvenysertes\\\/#article\",\"isPartOf\":{\"@id\":\"https:\\\/\\\/hotnewsinworld.com\\\/hu\\\/pikoeknak-adott-igazat-a-fovarosi-valasztasi-bizottsag-nem-tortent-torvenysertes\\\/\"},\"author\":{\"name\":\"hotnewsinworld\",\"@id\":\"https:\\\/\\\/hotnewsinworld.com\\\/hu\\\/#\\\/schema\\\/person\\\/fe61448b21c0d59086e75fcc1f9d8f6b\"},\"headline\":\"Pik\u00f3\u00e9knak adott igazat a F\u0151v\u00e1rosi V\u00e1laszt\u00e1si Bizotts\u00e1g: nem t\u00f6rt\u00e9nt t\u00f6rv\u00e9nys\u00e9rt\u00e9s\",\"datePublished\":\"2019-09-17T21:33:43+00:00\",\"dateModified\":\"2019-09-17T21:33:44+00:00\",\"mainEntityOfPage\":{\"@id\":\"https:\\\/\\\/hotnewsinworld.com\\\/hu\\\/pikoeknak-adott-igazat-a-fovarosi-valasztasi-bizottsag-nem-tortent-torvenysertes\\\/\"},\"wordCount\":516,\"commentCount\":0,\"image\":{\"@id\":\"https:\\\/\\\/hotnewsinworld.com\\\/hu\\\/pikoeknak-adott-igazat-a-fovarosi-valasztasi-bizottsag-nem-tortent-torvenysertes\\\/#primaryimage\"},\"thumbnailUrl\":\"https:\\\/\\\/hotnewsinworld.com\\\/hu\\\/wp-content\\\/uploads\\\/sites\\\/3\\\/2019\\\/09\\\/Pik\u00f3\u00e9knak-adott-igazat-a-F\u0151v\u00e1rosi-V\u00e1laszt\u00e1si-Bizotts\u00e1g-nem-t\u00f6rt\u00e9nt-t\u00f6rv\u00e9nys\u00e9rt\u00e9s.jpg\",\"articleSection\":[\"LEG\u00daJABB P\u00c9NZ\u00dcGYI H\u00cdREK\"],\"inLanguage\":\"hu\",\"potentialAction\":[{\"@type\":\"CommentAction\",\"name\":\"Comment\",\"target\":[\"https:\\\/\\\/hotnewsinworld.com\\\/hu\\\/pikoeknak-adott-igazat-a-fovarosi-valasztasi-bizottsag-nem-tortent-torvenysertes\\\/#respond\"]}]},{\"@type\":\"WebPage\",\"@id\":\"https:\\\/\\\/hotnewsinworld.com\\\/hu\\\/pikoeknak-adott-igazat-a-fovarosi-valasztasi-bizottsag-nem-tortent-torvenysertes\\\/\",\"url\":\"https:\\\/\\\/hotnewsinworld.com\\\/hu\\\/pikoeknak-adott-igazat-a-fovarosi-valasztasi-bizottsag-nem-tortent-torvenysertes\\\/\",\"name\":\"Pik\u00f3\u00e9knak adott igazat a F\u0151v\u00e1rosi V\u00e1laszt\u00e1si Bizotts\u00e1g: nem t\u00f6rt\u00e9nt t\u00f6rv\u00e9nys\u00e9rt\u00e9s - Hot News in World\",\"isPartOf\":{\"@id\":\"https:\\\/\\\/hotnewsinworld.com\\\/hu\\\/#website\"},\"primaryImageOfPage\":{\"@id\":\"https:\\\/\\\/hotnewsinworld.com\\\/hu\\\/pikoeknak-adott-igazat-a-fovarosi-valasztasi-bizottsag-nem-tortent-torvenysertes\\\/#primaryimage\"},\"image\":{\"@id\":\"https:\\\/\\\/hotnewsinworld.com\\\/hu\\\/pikoeknak-adott-igazat-a-fovarosi-valasztasi-bizottsag-nem-tortent-torvenysertes\\\/#primaryimage\"},\"thumbnailUrl\":\"https:\\\/\\\/hotnewsinworld.com\\\/hu\\\/wp-content\\\/uploads\\\/sites\\\/3\\\/2019\\\/09\\\/Pik\u00f3\u00e9knak-adott-igazat-a-F\u0151v\u00e1rosi-V\u00e1laszt\u00e1si-Bizotts\u00e1g-nem-t\u00f6rt\u00e9nt-t\u00f6rv\u00e9nys\u00e9rt\u00e9s.jpg\",\"datePublished\":\"2019-09-17T21:33:43+00:00\",\"dateModified\":\"2019-09-17T21:33:44+00:00\",\"author\":{\"@id\":\"https:\\\/\\\/hotnewsinworld.com\\\/hu\\\/#\\\/schema\\\/person\\\/fe61448b21c0d59086e75fcc1f9d8f6b\"},\"breadcrumb\":{\"@id\":\"https:\\\/\\\/hotnewsinworld.com\\\/hu\\\/pikoeknak-adott-igazat-a-fovarosi-valasztasi-bizottsag-nem-tortent-torvenysertes\\\/#breadcrumb\"},\"inLanguage\":\"hu\",\"potentialAction\":[{\"@type\":\"ReadAction\",\"target\":[\"https:\\\/\\\/hotnewsinworld.com\\\/hu\\\/pikoeknak-adott-igazat-a-fovarosi-valasztasi-bizottsag-nem-tortent-torvenysertes\\\/\"]}]},{\"@type\":\"ImageObject\",\"inLanguage\":\"hu\",\"@id\":\"https:\\\/\\\/hotnewsinworld.com\\\/hu\\\/pikoeknak-adott-igazat-a-fovarosi-valasztasi-bizottsag-nem-tortent-torvenysertes\\\/#primaryimage\",\"url\":\"https:\\\/\\\/hotnewsinworld.com\\\/hu\\\/wp-content\\\/uploads\\\/sites\\\/3\\\/2019\\\/09\\\/Pik\u00f3\u00e9knak-adott-igazat-a-F\u0151v\u00e1rosi-V\u00e1laszt\u00e1si-Bizotts\u00e1g-nem-t\u00f6rt\u00e9nt-t\u00f6rv\u00e9nys\u00e9rt\u00e9s.jpg\",\"contentUrl\":\"https:\\\/\\\/hotnewsinworld.com\\\/hu\\\/wp-content\\\/uploads\\\/sites\\\/3\\\/2019\\\/09\\\/Pik\u00f3\u00e9knak-adott-igazat-a-F\u0151v\u00e1rosi-V\u00e1laszt\u00e1si-Bizotts\u00e1g-nem-t\u00f6rt\u00e9nt-t\u00f6rv\u00e9nys\u00e9rt\u00e9s.jpg\",\"width\":600,\"height\":315,\"caption\":\"Pik\u00f3\u00e9knak adott igazat a F\u0151v\u00e1rosi V\u00e1laszt\u00e1si Bizotts\u00e1g: nem t\u00f6rt\u00e9nt t\u00f6rv\u00e9nys\u00e9rt\u00e9s\"},{\"@type\":\"BreadcrumbList\",\"@id\":\"https:\\\/\\\/hotnewsinworld.com\\\/hu\\\/pikoeknak-adott-igazat-a-fovarosi-valasztasi-bizottsag-nem-tortent-torvenysertes\\\/#breadcrumb\",\"itemListElement\":[{\"@type\":\"ListItem\",\"position\":1,\"name\":\"\u0413\u043b\u0430\u0432\u043d\u0430\u044f \u0441\u0442\u0440\u0430\u043d\u0438\u0446\u0430\",\"item\":\"https:\\\/\\\/hotnewsinworld.com\\\/hu\\\/\"},{\"@type\":\"ListItem\",\"position\":2,\"name\":\"Pik\u00f3\u00e9knak adott igazat a F\u0151v\u00e1rosi V\u00e1laszt\u00e1si Bizotts\u00e1g: nem t\u00f6rt\u00e9nt t\u00f6rv\u00e9nys\u00e9rt\u00e9s\"}]},{\"@type\":\"WebSite\",\"@id\":\"https:\\\/\\\/hotnewsinworld.com\\\/hu\\\/#website\",\"url\":\"https:\\\/\\\/hotnewsinworld.com\\\/hu\\\/\",\"name\":\"Hot News in World\",\"description\":\"Hot News in World from Hungary\",\"potentialAction\":[{\"@type\":\"SearchAction\",\"target\":{\"@type\":\"EntryPoint\",\"urlTemplate\":\"https:\\\/\\\/hotnewsinworld.com\\\/hu\\\/?s={search_term_string}\"},\"query-input\":{\"@type\":\"PropertyValueSpecification\",\"valueRequired\":true,\"valueName\":\"search_term_string\"}}],\"inLanguage\":\"hu\"},{\"@type\":\"Person\",\"@id\":\"https:\\\/\\\/hotnewsinworld.com\\\/hu\\\/#\\\/schema\\\/person\\\/fe61448b21c0d59086e75fcc1f9d8f6b\",\"name\":\"hotnewsinworld\",\"image\":{\"@type\":\"ImageObject\",\"inLanguage\":\"hu\",\"@id\":\"https:\\\/\\\/secure.gravatar.com\\\/avatar\\\/8a09ac165600ce2e1c38fe593c63928eb1e6e7ba5c5a907d67787c41b3d00c14?s=96&d=mm&r=g\",\"url\":\"https:\\\/\\\/secure.gravatar.com\\\/avatar\\\/8a09ac165600ce2e1c38fe593c63928eb1e6e7ba5c5a907d67787c41b3d00c14?s=96&d=mm&r=g\",\"contentUrl\":\"https:\\\/\\\/secure.gravatar.com\\\/avatar\\\/8a09ac165600ce2e1c38fe593c63928eb1e6e7ba5c5a907d67787c41b3d00c14?s=96&d=mm&r=g\",\"caption\":\"hotnewsinworld\"},\"url\":\"https:\\\/\\\/hotnewsinworld.com\\\/hu\\\/author\\\/pt\\\/\"}]}<\/script>\n<!-- \/ Yoast SEO plugin. -->","yoast_head_json":{"title":"Pik\u00f3\u00e9knak adott igazat a F\u0151v\u00e1rosi V\u00e1laszt\u00e1si Bizotts\u00e1g: nem t\u00f6rt\u00e9nt t\u00f6rv\u00e9nys\u00e9rt\u00e9s - Hot News in World","robots":{"index":"index","follow":"follow","max-snippet":"max-snippet:-1","max-image-preview":"max-image-preview:large","max-video-preview":"max-video-preview:-1"},"canonical":"https:\/\/hotnewsinworld.com\/hu\/pikoeknak-adott-igazat-a-fovarosi-valasztasi-bizottsag-nem-tortent-torvenysertes\/","og_locale":"hu_HU","og_type":"article","og_title":"Pik\u00f3\u00e9knak adott igazat a F\u0151v\u00e1rosi V\u00e1laszt\u00e1si Bizotts\u00e1g: nem t\u00f6rt\u00e9nt t\u00f6rv\u00e9nys\u00e9rt\u00e9s - Hot News in World","og_description":"A\u00a0F\u0151v\u00e1rosi V\u00e1laszt\u00e1si Bizotts\u00e1g kedden kimondta: nincs bizony\u00edt\u00e9k, hogy b\u00e1rmilyen jogs\u00e9rt\u00e9st k\u00f6vetett volna el a VIII. ker\u00fcltei ellenz\u00e9k. M\u00edg a j\u00f3zsefv\u00e1rosi v\u00e1laszt\u00e1si bizotts\u00e1g elmarasztalta Pik\u00f3 Andr\u00e1s\u00e9kat az aj\u00e1nl\u00f3\u00edvek jogosulatlan feldolgoz\u00e1sa miatt, addig a F\u0151v\u00e1rosi V\u00e1laszt\u00e1si Bizotts\u00e1g megv\u00e1ltoztatta a hat\u00e1rozatot. Egyhang\u00falag meg\u00e1llap\u00edtott\u00e1 class=&#8221;line-title-with-image&#8221;&gt;R\u00e9szben az ellenz\u00e9k nyolcadik ker\u00fcleti polg\u00e1rmesterjel\u00f6ltj\u00e9nek, Pik\u00f3 Andr\u00e1s\u00e9knak adott igazat a F\u0151v\u00e1rosi V\u00e1laszt\u00e1si Bizotts\u00e1g (FVB) [&hellip;]","og_url":"https:\/\/hotnewsinworld.com\/hu\/pikoeknak-adott-igazat-a-fovarosi-valasztasi-bizottsag-nem-tortent-torvenysertes\/","og_site_name":"Hot News in World","article_published_time":"2019-09-17T21:33:43+00:00","article_modified_time":"2019-09-17T21:33:44+00:00","og_image":[{"width":600,"height":315,"url":"https:\/\/hotnewsinworld.com\/hu\/wp-content\/uploads\/sites\/3\/2019\/09\/Pik\u00f3\u00e9knak-adott-igazat-a-F\u0151v\u00e1rosi-V\u00e1laszt\u00e1si-Bizotts\u00e1g-nem-t\u00f6rt\u00e9nt-t\u00f6rv\u00e9nys\u00e9rt\u00e9s.jpg","type":"image\/jpeg"}],"author":"hotnewsinworld","twitter_card":"summary_large_image","twitter_misc":{"Szerz\u0151:":"hotnewsinworld","Becs\u00fclt olvas\u00e1si id\u0151":"2 perc"},"schema":{"@context":"https:\/\/schema.org","@graph":[{"@type":"Article","@id":"https:\/\/hotnewsinworld.com\/hu\/pikoeknak-adott-igazat-a-fovarosi-valasztasi-bizottsag-nem-tortent-torvenysertes\/#article","isPartOf":{"@id":"https:\/\/hotnewsinworld.com\/hu\/pikoeknak-adott-igazat-a-fovarosi-valasztasi-bizottsag-nem-tortent-torvenysertes\/"},"author":{"name":"hotnewsinworld","@id":"https:\/\/hotnewsinworld.com\/hu\/#\/schema\/person\/fe61448b21c0d59086e75fcc1f9d8f6b"},"headline":"Pik\u00f3\u00e9knak adott igazat a F\u0151v\u00e1rosi V\u00e1laszt\u00e1si Bizotts\u00e1g: nem t\u00f6rt\u00e9nt t\u00f6rv\u00e9nys\u00e9rt\u00e9s","datePublished":"2019-09-17T21:33:43+00:00","dateModified":"2019-09-17T21:33:44+00:00","mainEntityOfPage":{"@id":"https:\/\/hotnewsinworld.com\/hu\/pikoeknak-adott-igazat-a-fovarosi-valasztasi-bizottsag-nem-tortent-torvenysertes\/"},"wordCount":516,"commentCount":0,"image":{"@id":"https:\/\/hotnewsinworld.com\/hu\/pikoeknak-adott-igazat-a-fovarosi-valasztasi-bizottsag-nem-tortent-torvenysertes\/#primaryimage"},"thumbnailUrl":"https:\/\/hotnewsinworld.com\/hu\/wp-content\/uploads\/sites\/3\/2019\/09\/Pik\u00f3\u00e9knak-adott-igazat-a-F\u0151v\u00e1rosi-V\u00e1laszt\u00e1si-Bizotts\u00e1g-nem-t\u00f6rt\u00e9nt-t\u00f6rv\u00e9nys\u00e9rt\u00e9s.jpg","articleSection":["LEG\u00daJABB P\u00c9NZ\u00dcGYI H\u00cdREK"],"inLanguage":"hu","potentialAction":[{"@type":"CommentAction","name":"Comment","target":["https:\/\/hotnewsinworld.com\/hu\/pikoeknak-adott-igazat-a-fovarosi-valasztasi-bizottsag-nem-tortent-torvenysertes\/#respond"]}]},{"@type":"WebPage","@id":"https:\/\/hotnewsinworld.com\/hu\/pikoeknak-adott-igazat-a-fovarosi-valasztasi-bizottsag-nem-tortent-torvenysertes\/","url":"https:\/\/hotnewsinworld.com\/hu\/pikoeknak-adott-igazat-a-fovarosi-valasztasi-bizottsag-nem-tortent-torvenysertes\/","name":"Pik\u00f3\u00e9knak adott igazat a F\u0151v\u00e1rosi V\u00e1laszt\u00e1si Bizotts\u00e1g: nem t\u00f6rt\u00e9nt t\u00f6rv\u00e9nys\u00e9rt\u00e9s - Hot News in World","isPartOf":{"@id":"https:\/\/hotnewsinworld.com\/hu\/#website"},"primaryImageOfPage":{"@id":"https:\/\/hotnewsinworld.com\/hu\/pikoeknak-adott-igazat-a-fovarosi-valasztasi-bizottsag-nem-tortent-torvenysertes\/#primaryimage"},"image":{"@id":"https:\/\/hotnewsinworld.com\/hu\/pikoeknak-adott-igazat-a-fovarosi-valasztasi-bizottsag-nem-tortent-torvenysertes\/#primaryimage"},"thumbnailUrl":"https:\/\/hotnewsinworld.com\/hu\/wp-content\/uploads\/sites\/3\/2019\/09\/Pik\u00f3\u00e9knak-adott-igazat-a-F\u0151v\u00e1rosi-V\u00e1laszt\u00e1si-Bizotts\u00e1g-nem-t\u00f6rt\u00e9nt-t\u00f6rv\u00e9nys\u00e9rt\u00e9s.jpg","datePublished":"2019-09-17T21:33:43+00:00","dateModified":"2019-09-17T21:33:44+00:00","author":{"@id":"https:\/\/hotnewsinworld.com\/hu\/#\/schema\/person\/fe61448b21c0d59086e75fcc1f9d8f6b"},"breadcrumb":{"@id":"https:\/\/hotnewsinworld.com\/hu\/pikoeknak-adott-igazat-a-fovarosi-valasztasi-bizottsag-nem-tortent-torvenysertes\/#breadcrumb"},"inLanguage":"hu","potentialAction":[{"@type":"ReadAction","target":["https:\/\/hotnewsinworld.com\/hu\/pikoeknak-adott-igazat-a-fovarosi-valasztasi-bizottsag-nem-tortent-torvenysertes\/"]}]},{"@type":"ImageObject","inLanguage":"hu","@id":"https:\/\/hotnewsinworld.com\/hu\/pikoeknak-adott-igazat-a-fovarosi-valasztasi-bizottsag-nem-tortent-torvenysertes\/#primaryimage","url":"https:\/\/hotnewsinworld.com\/hu\/wp-content\/uploads\/sites\/3\/2019\/09\/Pik\u00f3\u00e9knak-adott-igazat-a-F\u0151v\u00e1rosi-V\u00e1laszt\u00e1si-Bizotts\u00e1g-nem-t\u00f6rt\u00e9nt-t\u00f6rv\u00e9nys\u00e9rt\u00e9s.jpg","contentUrl":"https:\/\/hotnewsinworld.com\/hu\/wp-content\/uploads\/sites\/3\/2019\/09\/Pik\u00f3\u00e9knak-adott-igazat-a-F\u0151v\u00e1rosi-V\u00e1laszt\u00e1si-Bizotts\u00e1g-nem-t\u00f6rt\u00e9nt-t\u00f6rv\u00e9nys\u00e9rt\u00e9s.jpg","width":600,"height":315,"caption":"Pik\u00f3\u00e9knak adott igazat a F\u0151v\u00e1rosi V\u00e1laszt\u00e1si Bizotts\u00e1g: nem t\u00f6rt\u00e9nt t\u00f6rv\u00e9nys\u00e9rt\u00e9s"},{"@type":"BreadcrumbList","@id":"https:\/\/hotnewsinworld.com\/hu\/pikoeknak-adott-igazat-a-fovarosi-valasztasi-bizottsag-nem-tortent-torvenysertes\/#breadcrumb","itemListElement":[{"@type":"ListItem","position":1,"name":"\u0413\u043b\u0430\u0432\u043d\u0430\u044f \u0441\u0442\u0440\u0430\u043d\u0438\u0446\u0430","item":"https:\/\/hotnewsinworld.com\/hu\/"},{"@type":"ListItem","position":2,"name":"Pik\u00f3\u00e9knak adott igazat a F\u0151v\u00e1rosi V\u00e1laszt\u00e1si Bizotts\u00e1g: nem t\u00f6rt\u00e9nt t\u00f6rv\u00e9nys\u00e9rt\u00e9s"}]},{"@type":"WebSite","@id":"https:\/\/hotnewsinworld.com\/hu\/#website","url":"https:\/\/hotnewsinworld.com\/hu\/","name":"Hot News in World","description":"Hot News in World from Hungary","potentialAction":[{"@type":"SearchAction","target":{"@type":"EntryPoint","urlTemplate":"https:\/\/hotnewsinworld.com\/hu\/?s={search_term_string}"},"query-input":{"@type":"PropertyValueSpecification","valueRequired":true,"valueName":"search_term_string"}}],"inLanguage":"hu"},{"@type":"Person","@id":"https:\/\/hotnewsinworld.com\/hu\/#\/schema\/person\/fe61448b21c0d59086e75fcc1f9d8f6b","name":"hotnewsinworld","image":{"@type":"ImageObject","inLanguage":"hu","@id":"https:\/\/secure.gravatar.com\/avatar\/8a09ac165600ce2e1c38fe593c63928eb1e6e7ba5c5a907d67787c41b3d00c14?s=96&d=mm&r=g","url":"https:\/\/secure.gravatar.com\/avatar\/8a09ac165600ce2e1c38fe593c63928eb1e6e7ba5c5a907d67787c41b3d00c14?s=96&d=mm&r=g","contentUrl":"https:\/\/secure.gravatar.com\/avatar\/8a09ac165600ce2e1c38fe593c63928eb1e6e7ba5c5a907d67787c41b3d00c14?s=96&d=mm&r=g","caption":"hotnewsinworld"},"url":"https:\/\/hotnewsinworld.com\/hu\/author\/pt\/"}]}},"_links":{"self":[{"href":"https:\/\/hotnewsinworld.com\/hu\/wp-json\/wp\/v2\/posts\/2216","targetHints":{"allow":["GET"]}}],"collection":[{"href":"https:\/\/hotnewsinworld.com\/hu\/wp-json\/wp\/v2\/posts"}],"about":[{"href":"https:\/\/hotnewsinworld.com\/hu\/wp-json\/wp\/v2\/types\/post"}],"author":[{"embeddable":true,"href":"https:\/\/hotnewsinworld.com\/hu\/wp-json\/wp\/v2\/users\/2"}],"replies":[{"embeddable":true,"href":"https:\/\/hotnewsinworld.com\/hu\/wp-json\/wp\/v2\/comments?post=2216"}],"version-history":[{"count":1,"href":"https:\/\/hotnewsinworld.com\/hu\/wp-json\/wp\/v2\/posts\/2216\/revisions"}],"predecessor-version":[{"id":2218,"href":"https:\/\/hotnewsinworld.com\/hu\/wp-json\/wp\/v2\/posts\/2216\/revisions\/2218"}],"wp:featuredmedia":[{"embeddable":true,"href":"https:\/\/hotnewsinworld.com\/hu\/wp-json\/wp\/v2\/media\/2217"}],"wp:attachment":[{"href":"https:\/\/hotnewsinworld.com\/hu\/wp-json\/wp\/v2\/media?parent=2216"}],"wp:term":[{"taxonomy":"category","embeddable":true,"href":"https:\/\/hotnewsinworld.com\/hu\/wp-json\/wp\/v2\/categories?post=2216"},{"taxonomy":"post_tag","embeddable":true,"href":"https:\/\/hotnewsinworld.com\/hu\/wp-json\/wp\/v2\/tags?post=2216"}],"curies":[{"name":"wp","href":"https:\/\/api.w.org\/{rel}","templated":true}]}}