{"id":2231,"date":"2019-09-18T07:38:10","date_gmt":"2019-09-18T04:38:10","guid":{"rendered":"https:\/\/hotnewsinworld.com\/hu\/gyorsan-veget-erhet-a-rendkivuli-parlamenti-ules\/"},"modified":"2019-09-18T07:38:12","modified_gmt":"2019-09-18T04:38:12","slug":"gyorsan-veget-erhet-a-rendkivuli-parlamenti-ules","status":"publish","type":"post","link":"https:\/\/hotnewsinworld.com\/hu\/gyorsan-veget-erhet-a-rendkivuli-parlamenti-ules\/","title":{"rendered":"Gyorsan v\u00e9get \u00e9rhet a rendk\u00edv\u00fcli parlamenti \u00fcl\u00e9s"},"content":{"rendered":"<p>\t\tA h\u00e1zeln\u00f6k &#8211; Orsz\u00e1ggy\u0171l\u00e9s honlapj\u00e1n el\u00e9rhet\u0151 &#8211; napirendi javaslata alapj\u00e1n a rendk\u00edv\u00fcli \u00fcl\u00e9s 10 \u00f3rakor, napirend el\u0151tti felsz\u00f3lal\u00e1sokkal kezd\u0151dik, majd v\u00e1rhat\u00f3an v\u00e9get is \u00e9r, mivel nem \u00e1ll majd rendelkez\u00e9sre a napirend elfogad\u00e1s\u00e1hoz sz\u00fcks\u00e9ges t\u00f6bbs\u00e9g.<\/p>\n<p>\t\t\t\tAz LMP augusztus v\u00e9g\u00e9n jelentette be, hogy kezdem\u00e9nyezi a parlament rendk\u00edv\u00fcli \u00fcl\u00e9s\u00e9nek \u00f6sszeh\u00edv\u00e1s\u00e1t, amelyen t\u00e1j\u00e9koztat\u00e1st v\u00e1r a korm\u00e1nyt\u00f3l Magyarorsz\u00e1g kl\u00edma\u00fcgyi v\u00e1llal\u00e1sair\u00f3l. A rendk\u00edv\u00fcli \u00fcl\u00e9s \u00f6sszeh\u00edv\u00e1s\u00e1t az LMP-s k\u00e9pvisel\u0151k mellett t\u00e1mogatt\u00e1k a P\u00e1rbesz\u00e9d-, a DK-, a Jobbik-frakci\u00f3 tagjai, valamint MSZP-s \u00e9s f\u00fcggetlen k\u00e9pvisel\u0151k is.<br \/>\nAz ellenz\u00e9k a szeptember 23-i ENSZ-kl\u00edmacs\u00facs miatt tartan\u00e1 fontosnak az \u00fcl\u00e9s megtart\u00e1s\u00e1t, k\u00e9pvisel\u0151ik szeretn\u00e9k ugyanis megvitatni a korm\u00e1ny kl\u00edmacs\u00faccsal kapcsolatos \u00e1ll\u00e1spontj\u00e1t, valamint azt, hogy Magyarorsz\u00e1g milyen k\u00f6telezetts\u00e9geket v\u00e1llal 2030-ig a kl\u00edmav\u00e1ltoz\u00e1s megf\u00e9kez\u00e9se \u00e9s az alkalmazkod\u00e1si feladatok ter\u00e9n.<br \/>\nA Fidesz-frakci\u00f3 a kezdem\u00e9nyez\u00e9sre adott reakci\u00f3j\u00e1ban arra h\u00edvta fel a figyelmet, hogy ellenz\u00e9k tavaly december 12-re is rendk\u00edv\u00fcli, &#8222;halaszt\u00e1st nem t\u0171r\u0151&#8221; parlamenti vitanapot kezdem\u00e9nyezett az \u00e9ghajlatv\u00e1ltoz\u00e1sr\u00f3l, majd k\u00e9pvisel\u0151ik r\u00e9szt sem vettek rajta. &#8222;Ez is bizony\u00edtja, hogy most is csak kamp\u00e1ny\u00fcl\u00e9sr\u0151l \u00e9s hangulatkelt\u00e9sr\u0151l van sz\u00f3&#8221; &#8211; fogalmazott a korm\u00e1nyp\u00e1rti k\u00e9pvisel\u0151csoport, amelnyek \u00e9rt\u00e9kel\u00e9se szerint az ellenz\u00e9k csak &#8222;botr\u00e1nykelt\u00e9ssel&#8221; foglalkozik.<br \/>\n&#8222;Kamp\u00e1ny van, az ellenz\u00e9k kamp\u00e1nyc\u00e9lokb\u00f3l akarja \u00f6sszeh\u00edvni az Orsz\u00e1ggy\u0171l\u00e9st, amivel a Fidesz-KDNP k\u00e9pvisel\u0151csoportja nem \u00e9rt egyet&#8221; &#8211; \u00edrta a Fidesz-frakci\u00f3.<\/p>\n<p>\t\t\t\t\t\tNyit\u00f3k\u00e9p: MTI\/So\u00f3s Lajos<\/p>\n<p>\n<!--noindex--><br \/>\n<a href=\"https:\/\/hirek.oldal.info\/rssclick\/14405769\" rel=\"nofollow\">Source link <\/a><br \/>\n<!--\/noindex--><\/p>\n","protected":false},"excerpt":{"rendered":"<p>A h\u00e1zeln\u00f6k &#8211; Orsz\u00e1ggy\u0171l\u00e9s honlapj\u00e1n el\u00e9rhet\u0151 &#8211; napirendi javaslata alapj\u00e1n a rendk\u00edv\u00fcli \u00fcl\u00e9s 10 \u00f3rakor, napirend el\u0151tti felsz\u00f3lal\u00e1sokkal kezd\u0151dik, majd v\u00e1rhat\u00f3an v\u00e9get is \u00e9r, mivel nem \u00e1ll majd rendelkez\u00e9sre a napirend elfogad\u00e1s\u00e1hoz sz\u00fcks\u00e9ges t\u00f6bbs\u00e9g. Az LMP augusztus v\u00e9g\u00e9n jelentette be, hogy kezdem\u00e9nyezi a parlament rendk\u00edv\u00fcli \u00fcl\u00e9s\u00e9nek \u00f6sszeh\u00edv\u00e1s\u00e1t, amelyen t\u00e1j\u00e9koztat\u00e1st v\u00e1r a korm\u00e1nyt\u00f3l Magyarorsz\u00e1g kl\u00edma\u00fcgyi v\u00e1llal\u00e1sair\u00f3l. [&hellip;]<\/p>\n","protected":false},"author":2,"featured_media":2232,"comment_status":"open","ping_status":"open","sticky":false,"template":"","format":"standard","meta":{"footnotes":""},"categories":[1],"tags":[],"class_list":["post-2231","post","type-post","status-publish","format-standard","has-post-thumbnail","hentry","category-legujabb-penzugyi-hirek"],"yoast_head":"<!-- This site is optimized with the Yoast SEO plugin v27.4 - https:\/\/yoast.com\/product\/yoast-seo-wordpress\/ -->\n<title>Gyorsan v\u00e9get \u00e9rhet a rendk\u00edv\u00fcli parlamenti \u00fcl\u00e9s - Hot News in World<\/title>\n<meta name=\"robots\" content=\"index, follow, max-snippet:-1, max-image-preview:large, max-video-preview:-1\" \/>\n<link rel=\"canonical\" href=\"https:\/\/hotnewsinworld.com\/hu\/gyorsan-veget-erhet-a-rendkivuli-parlamenti-ules\/\" \/>\n<meta property=\"og:locale\" content=\"hu_HU\" \/>\n<meta property=\"og:type\" content=\"article\" \/>\n<meta property=\"og:title\" content=\"Gyorsan v\u00e9get \u00e9rhet a rendk\u00edv\u00fcli parlamenti \u00fcl\u00e9s - Hot News in World\" \/>\n<meta property=\"og:description\" content=\"A h\u00e1zeln\u00f6k &#8211; Orsz\u00e1ggy\u0171l\u00e9s honlapj\u00e1n el\u00e9rhet\u0151 &#8211; napirendi javaslata alapj\u00e1n a rendk\u00edv\u00fcli \u00fcl\u00e9s 10 \u00f3rakor, napirend el\u0151tti felsz\u00f3lal\u00e1sokkal kezd\u0151dik, majd v\u00e1rhat\u00f3an v\u00e9get is \u00e9r, mivel nem \u00e1ll majd rendelkez\u00e9sre a napirend elfogad\u00e1s\u00e1hoz sz\u00fcks\u00e9ges t\u00f6bbs\u00e9g. Az LMP augusztus v\u00e9g\u00e9n jelentette be, hogy kezdem\u00e9nyezi a parlament rendk\u00edv\u00fcli \u00fcl\u00e9s\u00e9nek \u00f6sszeh\u00edv\u00e1s\u00e1t, amelyen t\u00e1j\u00e9koztat\u00e1st v\u00e1r a korm\u00e1nyt\u00f3l Magyarorsz\u00e1g kl\u00edma\u00fcgyi v\u00e1llal\u00e1sair\u00f3l. [&hellip;]\" \/>\n<meta property=\"og:url\" content=\"https:\/\/hotnewsinworld.com\/hu\/gyorsan-veget-erhet-a-rendkivuli-parlamenti-ules\/\" \/>\n<meta property=\"og:site_name\" content=\"Hot News in World\" \/>\n<meta property=\"article:published_time\" content=\"2019-09-18T04:38:10+00:00\" \/>\n<meta property=\"article:modified_time\" content=\"2019-09-18T04:38:12+00:00\" \/>\n<meta property=\"og:image\" content=\"https:\/\/hotnewsinworld.com\/hu\/wp-content\/uploads\/sites\/3\/2019\/09\/Gyorsan-v\u00e9get-\u00e9rhet-a-rendk\u00edv\u00fcli-parlamenti-\u00fcl\u00e9s.jpg\" \/>\n\t<meta property=\"og:image:width\" content=\"1200\" \/>\n\t<meta property=\"og:image:height\" content=\"675\" \/>\n\t<meta property=\"og:image:type\" content=\"image\/jpeg\" \/>\n<meta name=\"author\" content=\"hotnewsinworld\" \/>\n<meta name=\"twitter:card\" content=\"summary_large_image\" \/>\n<meta name=\"twitter:label1\" content=\"Szerz\u0151:\" \/>\n\t<meta name=\"twitter:data1\" content=\"hotnewsinworld\" \/>\n\t<meta name=\"twitter:label2\" content=\"Becs\u00fclt olvas\u00e1si id\u0151\" \/>\n\t<meta name=\"twitter:data2\" content=\"2 perc\" \/>\n<script type=\"application\/ld+json\" class=\"yoast-schema-graph\">{\"@context\":\"https:\\\/\\\/schema.org\",\"@graph\":[{\"@type\":\"Article\",\"@id\":\"https:\\\/\\\/hotnewsinworld.com\\\/hu\\\/gyorsan-veget-erhet-a-rendkivuli-parlamenti-ules\\\/#article\",\"isPartOf\":{\"@id\":\"https:\\\/\\\/hotnewsinworld.com\\\/hu\\\/gyorsan-veget-erhet-a-rendkivuli-parlamenti-ules\\\/\"},\"author\":{\"name\":\"hotnewsinworld\",\"@id\":\"https:\\\/\\\/hotnewsinworld.com\\\/hu\\\/#\\\/schema\\\/person\\\/fe61448b21c0d59086e75fcc1f9d8f6b\"},\"headline\":\"Gyorsan v\u00e9get \u00e9rhet a rendk\u00edv\u00fcli parlamenti \u00fcl\u00e9s\",\"datePublished\":\"2019-09-18T04:38:10+00:00\",\"dateModified\":\"2019-09-18T04:38:12+00:00\",\"mainEntityOfPage\":{\"@id\":\"https:\\\/\\\/hotnewsinworld.com\\\/hu\\\/gyorsan-veget-erhet-a-rendkivuli-parlamenti-ules\\\/\"},\"wordCount\":341,\"commentCount\":0,\"image\":{\"@id\":\"https:\\\/\\\/hotnewsinworld.com\\\/hu\\\/gyorsan-veget-erhet-a-rendkivuli-parlamenti-ules\\\/#primaryimage\"},\"thumbnailUrl\":\"https:\\\/\\\/hotnewsinworld.com\\\/hu\\\/wp-content\\\/uploads\\\/sites\\\/3\\\/2019\\\/09\\\/Gyorsan-v\u00e9get-\u00e9rhet-a-rendk\u00edv\u00fcli-parlamenti-\u00fcl\u00e9s.jpg\",\"articleSection\":[\"LEG\u00daJABB P\u00c9NZ\u00dcGYI H\u00cdREK\"],\"inLanguage\":\"hu\",\"potentialAction\":[{\"@type\":\"CommentAction\",\"name\":\"Comment\",\"target\":[\"https:\\\/\\\/hotnewsinworld.com\\\/hu\\\/gyorsan-veget-erhet-a-rendkivuli-parlamenti-ules\\\/#respond\"]}]},{\"@type\":\"WebPage\",\"@id\":\"https:\\\/\\\/hotnewsinworld.com\\\/hu\\\/gyorsan-veget-erhet-a-rendkivuli-parlamenti-ules\\\/\",\"url\":\"https:\\\/\\\/hotnewsinworld.com\\\/hu\\\/gyorsan-veget-erhet-a-rendkivuli-parlamenti-ules\\\/\",\"name\":\"Gyorsan v\u00e9get \u00e9rhet a rendk\u00edv\u00fcli parlamenti \u00fcl\u00e9s - Hot News in World\",\"isPartOf\":{\"@id\":\"https:\\\/\\\/hotnewsinworld.com\\\/hu\\\/#website\"},\"primaryImageOfPage\":{\"@id\":\"https:\\\/\\\/hotnewsinworld.com\\\/hu\\\/gyorsan-veget-erhet-a-rendkivuli-parlamenti-ules\\\/#primaryimage\"},\"image\":{\"@id\":\"https:\\\/\\\/hotnewsinworld.com\\\/hu\\\/gyorsan-veget-erhet-a-rendkivuli-parlamenti-ules\\\/#primaryimage\"},\"thumbnailUrl\":\"https:\\\/\\\/hotnewsinworld.com\\\/hu\\\/wp-content\\\/uploads\\\/sites\\\/3\\\/2019\\\/09\\\/Gyorsan-v\u00e9get-\u00e9rhet-a-rendk\u00edv\u00fcli-parlamenti-\u00fcl\u00e9s.jpg\",\"datePublished\":\"2019-09-18T04:38:10+00:00\",\"dateModified\":\"2019-09-18T04:38:12+00:00\",\"author\":{\"@id\":\"https:\\\/\\\/hotnewsinworld.com\\\/hu\\\/#\\\/schema\\\/person\\\/fe61448b21c0d59086e75fcc1f9d8f6b\"},\"breadcrumb\":{\"@id\":\"https:\\\/\\\/hotnewsinworld.com\\\/hu\\\/gyorsan-veget-erhet-a-rendkivuli-parlamenti-ules\\\/#breadcrumb\"},\"inLanguage\":\"hu\",\"potentialAction\":[{\"@type\":\"ReadAction\",\"target\":[\"https:\\\/\\\/hotnewsinworld.com\\\/hu\\\/gyorsan-veget-erhet-a-rendkivuli-parlamenti-ules\\\/\"]}]},{\"@type\":\"ImageObject\",\"inLanguage\":\"hu\",\"@id\":\"https:\\\/\\\/hotnewsinworld.com\\\/hu\\\/gyorsan-veget-erhet-a-rendkivuli-parlamenti-ules\\\/#primaryimage\",\"url\":\"https:\\\/\\\/hotnewsinworld.com\\\/hu\\\/wp-content\\\/uploads\\\/sites\\\/3\\\/2019\\\/09\\\/Gyorsan-v\u00e9get-\u00e9rhet-a-rendk\u00edv\u00fcli-parlamenti-\u00fcl\u00e9s.jpg\",\"contentUrl\":\"https:\\\/\\\/hotnewsinworld.com\\\/hu\\\/wp-content\\\/uploads\\\/sites\\\/3\\\/2019\\\/09\\\/Gyorsan-v\u00e9get-\u00e9rhet-a-rendk\u00edv\u00fcli-parlamenti-\u00fcl\u00e9s.jpg\",\"width\":1200,\"height\":675,\"caption\":\"Gyorsan v\u00e9get \u00e9rhet a rendk\u00edv\u00fcli parlamenti \u00fcl\u00e9s\"},{\"@type\":\"BreadcrumbList\",\"@id\":\"https:\\\/\\\/hotnewsinworld.com\\\/hu\\\/gyorsan-veget-erhet-a-rendkivuli-parlamenti-ules\\\/#breadcrumb\",\"itemListElement\":[{\"@type\":\"ListItem\",\"position\":1,\"name\":\"\u0413\u043b\u0430\u0432\u043d\u0430\u044f \u0441\u0442\u0440\u0430\u043d\u0438\u0446\u0430\",\"item\":\"https:\\\/\\\/hotnewsinworld.com\\\/hu\\\/\"},{\"@type\":\"ListItem\",\"position\":2,\"name\":\"Gyorsan v\u00e9get \u00e9rhet a rendk\u00edv\u00fcli parlamenti \u00fcl\u00e9s\"}]},{\"@type\":\"WebSite\",\"@id\":\"https:\\\/\\\/hotnewsinworld.com\\\/hu\\\/#website\",\"url\":\"https:\\\/\\\/hotnewsinworld.com\\\/hu\\\/\",\"name\":\"Hot News in World\",\"description\":\"Hot News in World from Hungary\",\"potentialAction\":[{\"@type\":\"SearchAction\",\"target\":{\"@type\":\"EntryPoint\",\"urlTemplate\":\"https:\\\/\\\/hotnewsinworld.com\\\/hu\\\/?s={search_term_string}\"},\"query-input\":{\"@type\":\"PropertyValueSpecification\",\"valueRequired\":true,\"valueName\":\"search_term_string\"}}],\"inLanguage\":\"hu\"},{\"@type\":\"Person\",\"@id\":\"https:\\\/\\\/hotnewsinworld.com\\\/hu\\\/#\\\/schema\\\/person\\\/fe61448b21c0d59086e75fcc1f9d8f6b\",\"name\":\"hotnewsinworld\",\"image\":{\"@type\":\"ImageObject\",\"inLanguage\":\"hu\",\"@id\":\"https:\\\/\\\/secure.gravatar.com\\\/avatar\\\/8a09ac165600ce2e1c38fe593c63928eb1e6e7ba5c5a907d67787c41b3d00c14?s=96&d=mm&r=g\",\"url\":\"https:\\\/\\\/secure.gravatar.com\\\/avatar\\\/8a09ac165600ce2e1c38fe593c63928eb1e6e7ba5c5a907d67787c41b3d00c14?s=96&d=mm&r=g\",\"contentUrl\":\"https:\\\/\\\/secure.gravatar.com\\\/avatar\\\/8a09ac165600ce2e1c38fe593c63928eb1e6e7ba5c5a907d67787c41b3d00c14?s=96&d=mm&r=g\",\"caption\":\"hotnewsinworld\"},\"url\":\"https:\\\/\\\/hotnewsinworld.com\\\/hu\\\/author\\\/pt\\\/\"}]}<\/script>\n<!-- \/ Yoast SEO plugin. -->","yoast_head_json":{"title":"Gyorsan v\u00e9get \u00e9rhet a rendk\u00edv\u00fcli parlamenti \u00fcl\u00e9s - Hot News in World","robots":{"index":"index","follow":"follow","max-snippet":"max-snippet:-1","max-image-preview":"max-image-preview:large","max-video-preview":"max-video-preview:-1"},"canonical":"https:\/\/hotnewsinworld.com\/hu\/gyorsan-veget-erhet-a-rendkivuli-parlamenti-ules\/","og_locale":"hu_HU","og_type":"article","og_title":"Gyorsan v\u00e9get \u00e9rhet a rendk\u00edv\u00fcli parlamenti \u00fcl\u00e9s - Hot News in World","og_description":"A h\u00e1zeln\u00f6k &#8211; Orsz\u00e1ggy\u0171l\u00e9s honlapj\u00e1n el\u00e9rhet\u0151 &#8211; napirendi javaslata alapj\u00e1n a rendk\u00edv\u00fcli \u00fcl\u00e9s 10 \u00f3rakor, napirend el\u0151tti felsz\u00f3lal\u00e1sokkal kezd\u0151dik, majd v\u00e1rhat\u00f3an v\u00e9get is \u00e9r, mivel nem \u00e1ll majd rendelkez\u00e9sre a napirend elfogad\u00e1s\u00e1hoz sz\u00fcks\u00e9ges t\u00f6bbs\u00e9g. Az LMP augusztus v\u00e9g\u00e9n jelentette be, hogy kezdem\u00e9nyezi a parlament rendk\u00edv\u00fcli \u00fcl\u00e9s\u00e9nek \u00f6sszeh\u00edv\u00e1s\u00e1t, amelyen t\u00e1j\u00e9koztat\u00e1st v\u00e1r a korm\u00e1nyt\u00f3l Magyarorsz\u00e1g kl\u00edma\u00fcgyi v\u00e1llal\u00e1sair\u00f3l. [&hellip;]","og_url":"https:\/\/hotnewsinworld.com\/hu\/gyorsan-veget-erhet-a-rendkivuli-parlamenti-ules\/","og_site_name":"Hot News in World","article_published_time":"2019-09-18T04:38:10+00:00","article_modified_time":"2019-09-18T04:38:12+00:00","og_image":[{"width":1200,"height":675,"url":"https:\/\/hotnewsinworld.com\/hu\/wp-content\/uploads\/sites\/3\/2019\/09\/Gyorsan-v\u00e9get-\u00e9rhet-a-rendk\u00edv\u00fcli-parlamenti-\u00fcl\u00e9s.jpg","type":"image\/jpeg"}],"author":"hotnewsinworld","twitter_card":"summary_large_image","twitter_misc":{"Szerz\u0151:":"hotnewsinworld","Becs\u00fclt olvas\u00e1si id\u0151":"2 perc"},"schema":{"@context":"https:\/\/schema.org","@graph":[{"@type":"Article","@id":"https:\/\/hotnewsinworld.com\/hu\/gyorsan-veget-erhet-a-rendkivuli-parlamenti-ules\/#article","isPartOf":{"@id":"https:\/\/hotnewsinworld.com\/hu\/gyorsan-veget-erhet-a-rendkivuli-parlamenti-ules\/"},"author":{"name":"hotnewsinworld","@id":"https:\/\/hotnewsinworld.com\/hu\/#\/schema\/person\/fe61448b21c0d59086e75fcc1f9d8f6b"},"headline":"Gyorsan v\u00e9get \u00e9rhet a rendk\u00edv\u00fcli parlamenti \u00fcl\u00e9s","datePublished":"2019-09-18T04:38:10+00:00","dateModified":"2019-09-18T04:38:12+00:00","mainEntityOfPage":{"@id":"https:\/\/hotnewsinworld.com\/hu\/gyorsan-veget-erhet-a-rendkivuli-parlamenti-ules\/"},"wordCount":341,"commentCount":0,"image":{"@id":"https:\/\/hotnewsinworld.com\/hu\/gyorsan-veget-erhet-a-rendkivuli-parlamenti-ules\/#primaryimage"},"thumbnailUrl":"https:\/\/hotnewsinworld.com\/hu\/wp-content\/uploads\/sites\/3\/2019\/09\/Gyorsan-v\u00e9get-\u00e9rhet-a-rendk\u00edv\u00fcli-parlamenti-\u00fcl\u00e9s.jpg","articleSection":["LEG\u00daJABB P\u00c9NZ\u00dcGYI H\u00cdREK"],"inLanguage":"hu","potentialAction":[{"@type":"CommentAction","name":"Comment","target":["https:\/\/hotnewsinworld.com\/hu\/gyorsan-veget-erhet-a-rendkivuli-parlamenti-ules\/#respond"]}]},{"@type":"WebPage","@id":"https:\/\/hotnewsinworld.com\/hu\/gyorsan-veget-erhet-a-rendkivuli-parlamenti-ules\/","url":"https:\/\/hotnewsinworld.com\/hu\/gyorsan-veget-erhet-a-rendkivuli-parlamenti-ules\/","name":"Gyorsan v\u00e9get \u00e9rhet a rendk\u00edv\u00fcli parlamenti \u00fcl\u00e9s - Hot News in World","isPartOf":{"@id":"https:\/\/hotnewsinworld.com\/hu\/#website"},"primaryImageOfPage":{"@id":"https:\/\/hotnewsinworld.com\/hu\/gyorsan-veget-erhet-a-rendkivuli-parlamenti-ules\/#primaryimage"},"image":{"@id":"https:\/\/hotnewsinworld.com\/hu\/gyorsan-veget-erhet-a-rendkivuli-parlamenti-ules\/#primaryimage"},"thumbnailUrl":"https:\/\/hotnewsinworld.com\/hu\/wp-content\/uploads\/sites\/3\/2019\/09\/Gyorsan-v\u00e9get-\u00e9rhet-a-rendk\u00edv\u00fcli-parlamenti-\u00fcl\u00e9s.jpg","datePublished":"2019-09-18T04:38:10+00:00","dateModified":"2019-09-18T04:38:12+00:00","author":{"@id":"https:\/\/hotnewsinworld.com\/hu\/#\/schema\/person\/fe61448b21c0d59086e75fcc1f9d8f6b"},"breadcrumb":{"@id":"https:\/\/hotnewsinworld.com\/hu\/gyorsan-veget-erhet-a-rendkivuli-parlamenti-ules\/#breadcrumb"},"inLanguage":"hu","potentialAction":[{"@type":"ReadAction","target":["https:\/\/hotnewsinworld.com\/hu\/gyorsan-veget-erhet-a-rendkivuli-parlamenti-ules\/"]}]},{"@type":"ImageObject","inLanguage":"hu","@id":"https:\/\/hotnewsinworld.com\/hu\/gyorsan-veget-erhet-a-rendkivuli-parlamenti-ules\/#primaryimage","url":"https:\/\/hotnewsinworld.com\/hu\/wp-content\/uploads\/sites\/3\/2019\/09\/Gyorsan-v\u00e9get-\u00e9rhet-a-rendk\u00edv\u00fcli-parlamenti-\u00fcl\u00e9s.jpg","contentUrl":"https:\/\/hotnewsinworld.com\/hu\/wp-content\/uploads\/sites\/3\/2019\/09\/Gyorsan-v\u00e9get-\u00e9rhet-a-rendk\u00edv\u00fcli-parlamenti-\u00fcl\u00e9s.jpg","width":1200,"height":675,"caption":"Gyorsan v\u00e9get \u00e9rhet a rendk\u00edv\u00fcli parlamenti \u00fcl\u00e9s"},{"@type":"BreadcrumbList","@id":"https:\/\/hotnewsinworld.com\/hu\/gyorsan-veget-erhet-a-rendkivuli-parlamenti-ules\/#breadcrumb","itemListElement":[{"@type":"ListItem","position":1,"name":"\u0413\u043b\u0430\u0432\u043d\u0430\u044f \u0441\u0442\u0440\u0430\u043d\u0438\u0446\u0430","item":"https:\/\/hotnewsinworld.com\/hu\/"},{"@type":"ListItem","position":2,"name":"Gyorsan v\u00e9get \u00e9rhet a rendk\u00edv\u00fcli parlamenti \u00fcl\u00e9s"}]},{"@type":"WebSite","@id":"https:\/\/hotnewsinworld.com\/hu\/#website","url":"https:\/\/hotnewsinworld.com\/hu\/","name":"Hot News in World","description":"Hot News in World from Hungary","potentialAction":[{"@type":"SearchAction","target":{"@type":"EntryPoint","urlTemplate":"https:\/\/hotnewsinworld.com\/hu\/?s={search_term_string}"},"query-input":{"@type":"PropertyValueSpecification","valueRequired":true,"valueName":"search_term_string"}}],"inLanguage":"hu"},{"@type":"Person","@id":"https:\/\/hotnewsinworld.com\/hu\/#\/schema\/person\/fe61448b21c0d59086e75fcc1f9d8f6b","name":"hotnewsinworld","image":{"@type":"ImageObject","inLanguage":"hu","@id":"https:\/\/secure.gravatar.com\/avatar\/8a09ac165600ce2e1c38fe593c63928eb1e6e7ba5c5a907d67787c41b3d00c14?s=96&d=mm&r=g","url":"https:\/\/secure.gravatar.com\/avatar\/8a09ac165600ce2e1c38fe593c63928eb1e6e7ba5c5a907d67787c41b3d00c14?s=96&d=mm&r=g","contentUrl":"https:\/\/secure.gravatar.com\/avatar\/8a09ac165600ce2e1c38fe593c63928eb1e6e7ba5c5a907d67787c41b3d00c14?s=96&d=mm&r=g","caption":"hotnewsinworld"},"url":"https:\/\/hotnewsinworld.com\/hu\/author\/pt\/"}]}},"_links":{"self":[{"href":"https:\/\/hotnewsinworld.com\/hu\/wp-json\/wp\/v2\/posts\/2231","targetHints":{"allow":["GET"]}}],"collection":[{"href":"https:\/\/hotnewsinworld.com\/hu\/wp-json\/wp\/v2\/posts"}],"about":[{"href":"https:\/\/hotnewsinworld.com\/hu\/wp-json\/wp\/v2\/types\/post"}],"author":[{"embeddable":true,"href":"https:\/\/hotnewsinworld.com\/hu\/wp-json\/wp\/v2\/users\/2"}],"replies":[{"embeddable":true,"href":"https:\/\/hotnewsinworld.com\/hu\/wp-json\/wp\/v2\/comments?post=2231"}],"version-history":[{"count":1,"href":"https:\/\/hotnewsinworld.com\/hu\/wp-json\/wp\/v2\/posts\/2231\/revisions"}],"predecessor-version":[{"id":2233,"href":"https:\/\/hotnewsinworld.com\/hu\/wp-json\/wp\/v2\/posts\/2231\/revisions\/2233"}],"wp:featuredmedia":[{"embeddable":true,"href":"https:\/\/hotnewsinworld.com\/hu\/wp-json\/wp\/v2\/media\/2232"}],"wp:attachment":[{"href":"https:\/\/hotnewsinworld.com\/hu\/wp-json\/wp\/v2\/media?parent=2231"}],"wp:term":[{"taxonomy":"category","embeddable":true,"href":"https:\/\/hotnewsinworld.com\/hu\/wp-json\/wp\/v2\/categories?post=2231"},{"taxonomy":"post_tag","embeddable":true,"href":"https:\/\/hotnewsinworld.com\/hu\/wp-json\/wp\/v2\/tags?post=2231"}],"curies":[{"name":"wp","href":"https:\/\/api.w.org\/{rel}","templated":true}]}}