{"id":2237,"date":"2019-09-18T10:28:12","date_gmt":"2019-09-18T07:28:12","guid":{"rendered":"https:\/\/hotnewsinworld.com\/hu\/itthon-a-valasztas-elott-nem-olhetik-le-jozsi-bacsi-malacait-titkos-terv-keszult-a-sertespestis-megallitasara\/"},"modified":"2019-09-18T10:28:13","modified_gmt":"2019-09-18T07:28:13","slug":"itthon-a-valasztas-elott-nem-olhetik-le-jozsi-bacsi-malacait-titkos-terv-keszult-a-sertespestis-megallitasara","status":"publish","type":"post","link":"https:\/\/hotnewsinworld.com\/hu\/itthon-a-valasztas-elott-nem-olhetik-le-jozsi-bacsi-malacait-titkos-terv-keszult-a-sertespestis-megallitasara\/","title":{"rendered":"Itthon: &#8222;A v\u00e1laszt\u00e1s el\u0151tt nem \u00f6lhetik le J\u00f3zsi b\u00e1csi malacait&#8221; \u2013 titkos terv k\u00e9sz\u00fclt a sert\u00e9spestis meg\u00e1ll\u00edt\u00e1s\u00e1ra"},"content":{"rendered":"<p>    Hivatalosan \u00f6tezer h\u00e1zi sert\u00e9st, szak\u00e9rt\u0151 forr\u00e1saink szerint val\u00f3j\u00e1ban ennek sokszoros\u00e1t kellett eddig le\u00f6lni az afrikai sert\u00e9spestis (ASP) megf\u00e9kez\u00e9se \u00e9rdek\u00e9ben.<br \/>\nNemr\u00e9g kiterjesztett\u00e9k a\u00a0fert\u0151z\u00f6tt ter\u00fcletet, a legrosszabb a helyzet\u00a0\u00c9szak-, illetve Kelet-Magyarorsz\u00e1gon.<br \/>\nA hat\u00f3s\u00e1gok \u00e9rezhet\u0151en a \u201emin\u00e9l kevesebbet mondunk, ann\u00e1l jobb\u201d kommunik\u00e1ci\u00f3ra rendezkedtek be, ez\u00e9rt az \u00e1llataikat, \u00edgy meg\u00e9lhet\u00e9s\u00fcket f\u00e9lt\u0151 gazd\u00e1k arra panaszkodnak, hogy nincs el\u00e9g inform\u00e1ci\u00f3juk.<br \/>\nBogn\u00e1r Lajos orsz\u00e1gos f\u0151\u00e1llatorvos augusztusban bejelentette: a fert\u0151z\u00e9s vaddiszn\u00f3k k\u00f6zt terjed, a h\u00e1zisert\u00e9s-\u00e1llom\u00e1ny nem is \u00e9rintett. Tov\u00e1bb bagatelliz\u00e1lva a helyzetet hozz\u00e1tette, hogy\u00a0\u201ea gazd\u00e1lkod\u00f3knak jelent\u0151s v\u00e1ltoz\u00e1st nem jelent\u201d a v\u00e9dekez\u00e9s, csak a vad\u00e1szoknak ad\u00f3dnak pluszfeladataik.<br \/>\nEhhez k\u00e9pest a k\u00e9rd\u00e9sben illet\u00e9kes cs\u00facsszervn\u00e9l, az Agr\u00e1rminiszt\u00e9riumban m\u00e1r j\u00faliusra kidolgoztak egy\u00a0szakmai javaslatot arr\u00f3l, hogy ak\u00e1r a legradik\u00e1lisabb megold\u00e1s \u00e1r\u00e1n is meg kell akad\u00e1lyozni a v\u00edrus tov\u00e1bbterjed\u00e9s\u00e9t annak \u00e9rdek\u00e9ben, hogy megments\u00e9k az eg\u00e9sz sert\u00e9s\u00e1gazatot, ennek nemzetgazdas\u00e1gi jelent\u0151s\u00e9g\u0171 exportj\u00e1t, \u00e9s ezzel a szektorban dolgoz\u00f3 k\u00f6zel 300 ezer ember egzisztenci\u00e1j\u00e1t. Ez \u00fagy der\u00fclt ki, hogy lapunknak siker\u00fclt megszereznie ezt a l\u00e1that\u00f3an teljesen k\u00e9sz, m\u00e1r a jogszab\u00e1ly-m\u00f3dos\u00edt\u00e1si verzi\u00f3kat is tartalmaz\u00f3 tervezetet.<\/p>\n<p>        &#13;<br \/>\n&#13;<br \/>\n&#13;<\/p>\n<p>Ennek l\u00e9nyege, hogy nem a nagyobb, m\u00e1r most is ellen\u0151rz\u00f6tt sert\u00e9stelepek, hanem a \u201ekisl\u00e9tsz\u00e1m\u00fa \u00e1llom\u00e1nyok\u201d, vagyis a \u201eh\u00e1zt\u00e1ji tart\u00e1sban, n\u00e9h\u00e1ny sert\u00e9sb\u0151l \u00e1ll\u00f3 \u00e1llom\u00e1nyok jelentik a legnagyobb kock\u00e1zatot\u201d. Hiszen a hagyom\u00e1nyos h\u00e1zt\u00e1ji tart\u00e1sn\u00e1l \u201eval\u00f3sulnak meg legkev\u00e9sb\u00e9 a j\u00e1rv\u00e1nyv\u00e9delmi megel\u0151z\u0151 int\u00e9zked\u00e9sek\u201d, \u00e9rtelemszer\u0171en a vid\u00e9ki h\u00e1zakn\u00e1l tartott malacok eset\u00e9ben eleve nem olyan szab\u00e1lyozott a tart\u00e1si m\u00f3d, \u00e9s nem is v\u00e9dekeznek nap mint nap olyan szinten a v\u00edrus ellen.<br \/>\nEz\u00e9rt azt javasolj\u00e1k az Orb\u00e1n-korm\u00e1nynak:<\/p>\n<p>Belgium p\u00e9ld\u00e1j\u00e1t k\u00f6vetve az orsz\u00e1g ASP-fert\u0151z\u00e9ssel \u00e9rintett ter\u00fclet\u00e9n fel kellene sz\u00e1molni minden kisl\u00e9tsz\u00e1m\u00fa \u00e1llom\u00e1nyt, \u00e1llami k\u00e1rtalan\u00edt\u00e1st fizetve a tulajdonosoknak.<\/p>\n<p>Belgiumban ugyanis viszonylag kis kiterjed\u00e9s\u0171 volt a v\u00edrussal fert\u0151z\u00f6tt ter\u00fclet, ahol a teljes h\u00e1zisert\u00e9s-\u00e1llom\u00e1nyt, mintegy 5000 \u00e1llatot le\u00f6ltek. Az \u00e1llateg\u00e9szs\u00e9g\u00fcgyi szab\u00e1lyzat alapj\u00e1n kisl\u00e9tsz\u00e1m\u00fa sert\u00e9start\u00f3 telepnek sz\u00e1m\u00edt minden,\u00a0ahol 100 sert\u00e9sn\u00e9l kevesebb az elhelyezhet\u0151 \u00e1llatok sz\u00e1ma, vagyis a h\u00e1zt\u00e1ji \u00e1llattart\u00e1s is.<br \/>\nNem tudni, mi\u00e9rt \u00e9s hol akadt el<br \/>\nA rajta szerepl\u0151 d\u00e1tum alapj\u00e1n m\u00e1r j\u00faliusban\u00a0el\u00e9g s\u00fcrget\u0151nek tal\u00e1lt\u00e1k a helyzetet ehhez a drasztikus beavatkoz\u00e1shoz. \u201eA tervezett int\u00e9zked\u00e9seknek nincsen alternat\u00edv\u00e1ja\u201d \u2013 olvashat\u00f3 az anyagban. Azonban hi\u00e1ba dolgozt\u00e1k ki a szakt\u00e1rca szak\u00e9rt\u0151i, egy n\u00e9vtelens\u00e9get k\u00e9r\u0151 korm\u00e1nyzati forr\u00e1sunk szerint a javaslat \u201evalahol elakadt\u201d. Ennek pontos ok\u00e1t nem tudni, de mivel a sert\u00e9spestis miatti j\u00e1rv\u00e1nyhelyzet tov\u00e1bbra is akut, arra k\u00f6vetkeztet, hogy ennek politikai oka lehet: elk\u00e9pzelhet\u0151, hogy a vid\u00e9ken, ott is a kisebb telep\u00fcl\u00e9seken hagyom\u00e1nyosan er\u0151s Fidesz az okt\u00f3ber 13-i v\u00e1laszt\u00e1s el\u0151tt nem akarja bev\u00e1llalni a n\u00e9pszer\u0171tlen int\u00e9zked\u00e9st.<\/p>\n<p>        &#13;<br \/>\n&#13;<br \/>\n&#13;<\/p>\n<p>\u201eAz anyagot m\u00e1r ny\u00e1ron k\u00f6r\u00f6ztett\u00e9k, az\u00f3ta viszont valahol\u00a0jegelik. Nyilv\u00e1n rosszul hatna, ha a v\u00e1laszt\u00e1s el\u0151tt le\u00f6ln\u00e9k \u2019J\u00f3zsi b\u00e1csi\u2019 malacait. De joguk van tudni, hogy l\u00e9tezik ilyen opci\u00f3, \u00e9s ezt b\u00e1rmikor, ak\u00e1r a v\u00e1laszt\u00e1s ut\u00e1n\u00a0egy nappal is el\u0151vehetik&#8221;\u00a0\u2013 jegyezte meg.<br \/>\n&#8222;\u00c9rzelmi k\u00f6t\u0151d\u00e9s&#8221; az \u00e1llataihoz vs. \u00e1gazati \u00e9rdek<br \/>\nEzt t\u00e1masztja al\u00e1, hogy az egy\u00e9rtelm\u0171en\u00a0szakmai anyagban is megeml\u00edtik: &#8222;sz\u00e1molni kell egy\u00e9b, a felsz\u00e1mol\u00e1s v\u00e9grehajt\u00e1s\u00e1b\u00f3l fakad\u00f3 kock\u00e1zatokkal is, \u00edgy<\/p>\n<p>&#8222;az \u00e1llattart\u00f3k \u00e9rzelmi k\u00f6t\u0151d\u00e9s\u00e9vel az\u00a0\u00e1ltala nevelt \u00e1llatokhoz, \u00e9s az ebb\u0151l fakad\u00f3 tiltakoz\u00e1ssal, politikai k\u00f6vetkezm\u00e9nyekkel&#8221;,<\/p>\n<p>hiszen az int\u00e9zked\u00e9s a sz\u00e1m\u00edt\u00e1saik szerint ak\u00e1r 10 ezer embert is \u00e9rinthetne. Az anyag egy m\u00e1sik r\u00e9sz\u00e9ben pedig\u00a0egy\u00e9rtelm\u0171en s\u00falyosb\u00edt\u00f3 k\u00f6r\u00fclm\u00e9nyk\u00e9nt eml\u00edtik, hogy megn\u0151tt a figyelem a sert\u00e9spestis miatt: \u201eegyre nagyobb az \u00e9rdekl\u0151d\u00e9s a magyar j\u00e1rv\u00e1nyhelyzettel kapcsolatban: mind az oknyomoz\u00f3 \u00fajs\u00e1g\u00edr\u00f3k r\u00e9sz\u00e9r\u0151l, mind a k\u00f6rnyez\u0151 olyan orsz\u00e1gok r\u00e9sz\u00e9r\u0151l, ahol h\u00e1zi sert\u00e9sben is bejelent\u00e9sre ker\u00fclt a betegs\u00e9g, mind az Eur\u00f3pai Bizotts\u00e1g auditjai sor\u00e1n\u201d.<\/p>\n<p>                            &#13;<br \/>\n                                \u00a9 AFP \/ Imagechina \/ Chen Jianhua&#13;<\/p>\n<p>                    &#13;<br \/>\n&#13;<br \/>\n&#13;<\/p>\n<p>Az\u00a0agr\u00e1rt\u00e1rca azonban \u00fagy v\u00e9li, hogy ha\u00a0a betegs\u00e9g ezekben a legkisebb gazdas\u00e1gokban is megjelenik, \u201eaz az eg\u00e9sz sert\u00e9s\u00e1gazatot s\u00fajtan\u00e1, ami\u00a0280 000 embert \u00e9rint, akik k\u00f6zvetlen\u00fcl \u00e9s k\u00f6zvetve az \u00e1gazatban dolgoznak\u201d. \u00a0\u00c9rvk\u00e9nt azt is felhozz\u00e1k, hogy Lengyelorsz\u00e1gban is pr\u00f3b\u00e1lkoztak ugyan r\u00e9szleges felsz\u00e1mol\u00e1ssal, de ez nem akad\u00e1lyozta meg a v\u00edrus ism\u00e9telt felbukkan\u00e1s\u00e1t, \u00e9s elterjed\u00e9s\u00e9t a h\u00e1zi sert\u00e9s\u00e1llom\u00e1nyban.<br \/>\nAzt kommunik\u00e1lni, hogy elker\u00fclhetetlen<br \/>\nMint minden korm\u00e1ny el\u00e9 ker\u00fcl\u0151 el\u0151terjeszt\u00e9snek, ennek is van a d\u00f6nt\u00e9s kommunik\u00e1ci\u00f3j\u00e1r\u00f3l sz\u00f3l\u00f3 r\u00e9sze, itt is el\u0151re kital\u00e1lt\u00e1k, hogyan t\u00e1laln\u00e1k, amennyiben az Orb\u00e1n-korm\u00e1ny r\u00e1b\u00f3lintana. Ebb\u0151l is egy\u00e9rtelm\u0171en az t\u0171nik ki, tudj\u00e1k, hogy a r\u00e1z\u00f3s int\u00e9zked\u00e9s eset\u00e9n csillap\u00edtani kell majd a ked\u00e9lyeket. A f\u0151 \u00fczenet az lenne, hogy &#8222;szakmai szempontb\u00f3l az int\u00e9zked\u00e9s elker\u00fclhetetlen, \u00e9s ezzel megel\u0151zhet\u0151 az eg\u00e9sz sert\u00e9s\u00e1gazatot \u00e9s az eg\u00e9sz t\u00e1rsadalmat is \u00e9rint\u0151 k\u00e1r\u201d.\u00a0<br \/>\nFontos hangs\u00falyozni, \u201eel\u0151t\u00e9rbe helyezni\u201d a k\u00e1rtalan\u00edt\u00e1st is. A d\u00f6nt\u00e9st annak kihirdet\u00e9sekor Nagy Istv\u00e1n ag\u00e1rminiszter jelenten\u00e9 be, majd az ezt k\u00f6vet\u0151 napokban k\u00f6vetkezhet \u201et\u00f6bb orsz\u00e1gos f\u0151\u00e1llatorvosi nyilatkozat\u201d. De sz\u00fcks\u00e9g lesz \u201ea t\u00e1rsadalmi hat\u00e1st kompenz\u00e1l\u00f3 int\u00e9zked\u00e9sekre, nem csak \u00e1llateg\u00e9szs\u00e9g\u00fcgyi, hanem gazdas\u00e1gi, termel\u00e9si szempont\u00fa nyilatkozatokra\u201d az \u00e1gazat tov\u00e1bbi szerepl\u0151it\u0151l, \u00edgy a Magyar Nemzeti Agr\u00e1rkamar\u00e1t\u00f3l, v\u00e1g\u00f3\u00e1llat \u00e9s h\u00fas term\u00e9ktan\u00e1cst\u00f3l \u00e9s m\u00e1s sert\u00e9steny\u00e9szt\u0151 szervezetekt\u0151l\u00a0\u2013 olvashat\u00f3 az anyagban.<br \/>\nVagyis \u2013 a miniszter mellett \u2013 \u00e9rtelemszer\u0171en f\u0151szerepet sz\u00e1ntak az \u00e9lelmiszerl\u00e1nc-fel\u00fcgyeletet ir\u00e1ny\u00edt\u00f3 Bogn\u00e1r Lajos orsz\u00e1gos f\u0151\u00e1llatorvosnak, aki egyben az Agr\u00e1rminiszt\u00e9rium helyettes \u00e1llamtitk\u00e1ra. Neh\u00e9z elk\u00e9pzelni, hogy az egy\u00e9rtelm\u0171en s\u00falyos vesz\u00e9lyt felfest\u0151 tervezetr\u0151l ne tudott volna, amikor\u00a0augusztusban az MTI-n kereszt\u00fcl azzal nyugtatott, hogy csak a vaddiszn\u00f3k k\u00f6r\u00e9ben terjed a v\u00edrus. F\u0151leg, hogy a neve szerepel azok k\u00f6zt, akik \u201el\u00e1tt\u00e1k\u201d a javaslatot, b\u00e1r ennek megt\u00f6rt\u00e9nt\u00e9t nyilv\u00e1n nem tudjuk ellen\u0151rizni. Legf\u0151bb j\u00f3v\u00e1hagy\u00f3k\u00e9nt pedig Nagy Istv\u00e1n jegyezn\u00e9 az el\u0151terjeszt\u00e9st, amennyiben v\u00e9gleges\u00edtik \u00e9s az Orb\u00e1n-korm\u00e1ny el\u00e9 ker\u00fclne.<br \/>\nH\u00e1rom alternat\u00edv\u00e1t is kidolgoztak a korm\u00e1nynak<br \/>\nA javaslat mell\u00e9klete a megsz\u00f6vegezett korm\u00e1nyhat\u00e1rozat, amely a gyakorlatba \u00fcltetn\u00e9 \u00e1t a tervet. Itt viszont mindj\u00e1rt h\u00e1rom verzi\u00f3, A, B \u00e9s C v\u00e1ltozat k\u00e9sz\u00fclt annak megfelel\u0151en, hogyan d\u00f6nt a korm\u00e1ny. Ugyanis h\u00e1rom javaslatot is kidolgoztak arra n\u00e9zve, hogy mekkora r\u00e9szen, illetve kiknek az \u00e1llatait \u00f6ln\u00e9k le:<br \/>\nA legdrasztikusabb verzi\u00f3 az, hogy a fert\u0151z\u00f6tt ter\u00fcleten valamennyi kisl\u00e9tsz\u00e1m\u00fa sert\u00e9s\u00e1llom\u00e1nyt kiirtanak \u00e1llami k\u00e1rtalan\u00edt\u00e1s mellett. \u201eJ\u00e1rv\u00e1ny\u00fcgyi szempontb\u00f3l ez a leghat\u00e9konyabb megold\u00e1s, a min\u00e9l hamarabbi, gyors v\u00e9grehajt\u00e1s a k\u00edv\u00e1natos\u201d, de ez 1 milli\u00e1rd forintba ker\u00fclne az el\u0151zetes sz\u00e1m\u00edt\u00e1sok alapj\u00e1n. Ez egyben azt is jelenti, hogy nemcsak felsz\u00e1moln\u00e1k a jelenleg megl\u00e9v\u0151 \u00e1llom\u00e1nyt, de \u00fajra sert\u00e9st tartani, vagyis \u201e\u00fajratelep\u00edteni\u201d is csak k\u00e9relemre, a helyi \u00e1llateg\u00e9szs\u00e9g\u00fcgyi hat\u00f3s\u00e1g el\u0151zetes helysz\u00edni bej\u00e1r\u00e1sa ut\u00e1n, enged\u00e9llyel lehetne \u2013 m\u00e1r ha megfelel az el\u0151\u00edr\u00e1soknak az \u00e1llattart\u00f3.<br \/>\nA m\u00e1sodik, hogy egy kisebb r\u00e9szen a fert\u0151z\u00f6tt ter\u00fcleten bel\u00fcl tal\u00e1lhat\u00f3 \u00fagynevezett szigor\u00faan korl\u00e1tozott ter\u00fcleten v\u00e1gj\u00e1k le az \u00e1llatokat. Ez j\u00e1rv\u00e1ny\u00fcgyi szempontb\u00f3l szerint\u00fck \u201enem megfelel\u0151 megold\u00e1s\u201d, mivel ezen k\u00edv\u00fcl is egyre t\u00f6bb a fert\u0151z\u00f6ttvaddiszn\u00f3-eset. Ez a megold\u00e1s viszont kij\u00f6nne 320 milli\u00f3 forintb\u00f3l.<br \/>\nV\u00e9g\u00fcl a harmadik verzi\u00f3, hogy azoknak az \u00e1llatait \u00f6lik le, akik nem felelnek meg az el\u0151\u00edr\u00e1soknak, vagy akik ezt nem v\u00e1llalj\u00e1k. Ezt tartj\u00e1k a legkev\u00e9sb\u00e9 hat\u00e9kony megold\u00e1snak a bonyolult ellen\u0151rz\u00e9s \u00e9s az egy\u00e9ni elb\u00edr\u00e1s miatt, \u00e9s m\u00e1r el\u0151zetesen felm\u00e9rt\u00e9k, hogy a t\u00falnyom\u00f3 t\u00f6bbs\u00e9get \u00e9rinten\u00e9, vagyis nem sokban t\u00e9r el az els\u0151 verzi\u00f3t\u00f3l.<br \/>\nAz eg\u00e9sz \u00e1gazat \u00e9rdeke, \u00e9s\u00a0anyagilag is\u00a0jobb megold\u00e1s<br \/>\nA k\u00f6lts\u00e9gek szempontj\u00e1b\u00f3l a szakt\u00e1rca szerint egy\u00e9rtelm\u0171en meg\u00e9rn\u00e9 a k\u00edm\u00e9letlen, de kock\u00e1zatokat minimaliz\u00e1l\u00f3 megold\u00e1s. Ki is sz\u00e1molt\u00e1k, hogy ha a teljes fert\u0151z\u00f6tt ter\u00fcleten likvid\u00e1lj\u00e1k a kisl\u00e9tsz\u00e1m\u00fa \u00e1llom\u00e1nyokat, \u201eaz \u00e1llatok\u00e9rt kifizetend\u0151 k\u00e1rtalan\u00edt\u00e1si \u00f6sszeg aktu\u00e1lis \u00e1rfolyamon sz\u00e1molva nem \u00e9ri el az 1 milli\u00e1rd forintot, amely r\u00e1ad\u00e1sul uni\u00f3s t\u00e1mogat\u00e1ssal jelent\u0151sen cs\u00f6kkenthet\u0151\u201d. \u201eEzzel szemben a betegs\u00e9g h\u00e1zi sert\u00e9s \u00e1llom\u00e1nyban t\u00f6rt\u00e9n\u0151 megjelen\u00e9s\u00e9nek k\u00f6zvetett hat\u00e1sa a nemzetgazdas\u00e1gra \u00e9s azon bel\u00fcl a sert\u00e9s\u00e1gazatra felbecs\u00fclhetetlen\u201d \u2013 \u00e1ll\u00edtj\u00e1k szembe a vesz\u00e9ly k\u00f6vetkezm\u00e9nyeivel.<br \/>\n\u201eNemzetgazdas\u00e1gi szempontb\u00f3l\u201d az\u00e9rt is s\u00falyos k\u00f6vetkezm\u00e9nyekkel j\u00e1rna a v\u00edrus \u00e1tterjed\u00e9se a h\u00e1zi sert\u00e9sekre, mert m\u00e1r a vaddiszn\u00f3kban el\u0151fordul\u00f3 megbeteged\u00e9sek hat\u00e1s\u00e1ra is sz\u00e1mos orsz\u00e1g exporttilalmat vezetett be a magyar sert\u00e9ssel, illetve sert\u00e9sterm\u00e9kekkel szemben. Lapunknak a kinevez\u00e9se ut\u00e1n adott interj\u00fat Nagy Istv\u00e1n ag\u00e1rminiszter t\u00f6bbek k\u00f6zt arr\u00f3l, hogyan\u00a0pr\u00f3b\u00e1lj\u00e1k\u00a0el\u00e9rni ezek felold\u00e1s\u00e1t. M\u00e1r akkor firtattuk a h\u00e1zi sert\u00e9sek sors\u00e1t, mire akkor konkr\u00e9tum n\u00e9lk\u00fcl azt mondta, hogy a v\u00edrushordoz\u00f3kt\u00f3l meg\u00f3v\u00e1suk \u00e9rdek\u00e9ben m\u00e1r dolgoznak a kis\u00a0\u00e1llom\u00e1nyokra vonatkoz\u00f3 int\u00e9zked\u00e9scsomagon.<br \/>\nA javaslatban is az \u00e1ll, hogy tov\u00e1bbra is\u00a0folynak az egyeztet\u00e9sek a magyar term\u00e9keket letilt\u00f3 orsz\u00e1gokkal az\u00e9rt, hogy legal\u00e1bb a m\u00e9g nem fert\u0151z\u00f6tt ter\u00fcletekr\u0151l engedj\u00e9k az exportot. Pontosan ez\u00e9rt kritikus k\u00e9rd\u00e9s, hogy a\u00a0v\u00edrus megjelenik-e a\u00a0h\u00e1zi sert\u00e9sekben, mert akkor \u201ea legt\u00f6bb harmadik orsz\u00e1g a tilalmat azonnal \u00e9s az orsz\u00e1g teljes ter\u00fclet\u00e9re bevezetn\u00e9\u201d \u2013 jelentik ki.\u00a0\u201eEz a hazai termel\u00e9s drasztikus visszaes\u00e9s\u00e9hez, a kivitel megsz\u0171n\u00e9s\u00e9hez, a sert\u00e9s\u00e1gazat sz\u00e9tes\u00e9s\u00e9hez vezethetne\u201d \u2013 sorolj\u00e1k. \u201eA direkt k\u00f6lts\u00e9gek a j\u00e1rv\u00e1ny m\u00e9rt\u00e9k\u00e9t\u0151l f\u00fcgg\u0151en t\u00f6bb milli\u00e1rd forintra is r\u00faghatn\u00e1nak, m\u00edg az indirekt k\u00f6lts\u00e9gek felbecs\u00fclhetetlen m\u00e9rt\u00e9k\u0171ek is lehetn\u00e9nek\u201d.<br \/>\nMi lesz a h\u00e1zi v\u00e1g\u00e1s hagyom\u00e1ny\u00e1val?<br \/>\nA k\u00e1rtalan\u00edt\u00e1sra ford\u00edtott \u00f6sszeg m\u00e9g cs\u00f6kkenhetne is\u00a0\u2013 \u00e9rvelnek \u2013 \u00edgy ha adott hat\u00e1rid\u0151n bel\u00fcl \u00e9s felt\u00e9telekkel enged\u00e9lyezik a h\u00e1zi v\u00e1g\u00e1st, vagy ha a v\u00e1g\u00f3h\u00eddra ker\u00fcl\u0151 teny\u00e9szsert\u00e9sek v\u00e1g\u00f3\u00e9rt\u00e9k\u00e9t nem kellene kifizetni. De az is felmer\u00fcl, hogy ilyen c\u00e9lra az Eur\u00f3pai Uni\u00f3t\u00f3l is ig\u00e9nyelhet\u0151 t\u00e1mogat\u00e1s is ig\u00e9nyelhet\u0151, amit a magyar \u00e1llam kihaszn\u00e1lhatna.<\/p>\n<p>        &#13;<br \/>\n&#13;<br \/>\n&#13;<\/p>\n<p>A javaslat k\u00e9sz\u00edt\u0151i elismerik, hogy a l\u00e9p\u00e9s \u201et\u00e1rsadalmi hat\u00e1sa\u201d viszont pont szembemegy a h\u00e1zt\u00e1ji gazdas\u00e1gok er\u0151s\u00f6d\u00e9s\u00e9t c\u00e9lz\u00f3 t\u00f6rekv\u00e9seikkel, rosszat tesz a h\u00e1zi sert\u00e9start\u00e1snak,\u00a0\u201ea h\u00e1zi v\u00e1g\u00e1s hagyom\u00e1ny\u00e1nak\u201d, \u00e9s vesz\u00e9lyezteti a kistermel\u0151i tev\u00e9kenys\u00e9get folytat\u00f3k helyzet\u00e9t.<br \/>\nDe mint \u00edrj\u00e1k, majd ha \u201emegfelel\u0151 felt\u00e9teleket\u201d tudnak teremteni a kev\u00e9s sert\u00e9st tart\u00f3 gazd\u00e1k, akkor \u201ea tov\u00e1bbiakban is folytathat\u00f3\u201d a h\u00e1zt\u00e1ji \u00e1llattart\u00e1s a fert\u0151z\u00f6tt ter\u00fcleten.<br \/>\nFelm\u00e9rt\u00e9k: nem hajland\u00f3ak \u00e9s\/vagy nem tudnak v\u00e9dekezni<br \/>\nAz el\u0151terjeszt\u00e9sb\u0151l ugyanakkor kit\u0171nik, hogy ha ezeket a felt\u00e9teleket tudn\u00e1k, \u00e9s f\u0151leg akarn\u00e1k teljes\u00edteni a sert\u00e9start\u00f3k, akkor tal\u00e1n nem is lenne sz\u00fcks\u00e9g arra, hogy ilyen kem\u00e9ny int\u00e9zked\u00e9sen agyaljanak. A nagyobb \u00e1llom\u00e1nyokn\u00e1l, vagyis az \u00e1llatteny\u00e9szt\u00e9sre szakosodott telepeken ugyanis pont az\u00e9rt javult a helyzet, mert ezek z\u00e1rtabbak, illetve pr\u00f3b\u00e1lj\u00e1k betartatni vel\u00fck a j\u00e1rv\u00e1nyv\u00e9delmi int\u00e9zked\u00e9seket. A h\u00e1zakn\u00e1l tartott \u00e1llatok j\u00e1rv\u00e1nyv\u00e9delem szempontj\u00e1b\u00f3l fontos k\u00f6r\u00fclm\u00e9nyeit viszont \u201elehetetlen biztons\u00e1goss\u00e1 tenni, ez\u00e9rt a j\u00e1rv\u00e1ny\u00fcgyi \u00e9s a k\u00f6vetkezm\u00e9nyes gazdas\u00e1gi kock\u00e1zat \u00f3ri\u00e1si, ar\u00e1nytalanul magas\u201d.<\/p>\n<p>        &#13;<br \/>\n&#13;<br \/>\n&#13;<\/p>\n<p>R\u00e9szletesen ismertetik, hogyan jutottak erre a meg\u00e1llap\u00edt\u00e1sra: az \u00e1llateg\u00e9szs\u00e9g\u00fcgyi szolg\u00e1latok, \u00e1llatorvosok seg\u00edts\u00e9g\u00e9vel, m\u00e9di\u00e1ban megjelentetett anyagokkal, \u00edr\u00e1sos ismeretterjeszt\u0151 sz\u00f3r\u00f3anyagokkal r\u00e9g\u00f3ta pr\u00f3b\u00e1lj\u00e1k megismertetni az \u00e1llattart\u00f3kat a \u201ebiol\u00f3giai biztons\u00e1g fontoss\u00e1g\u00e1val\u201d, ennek \u201eminim\u00e1lisan elv\u00e1rt\u201d szintj\u00e9vel. Err\u0151l m\u00e9g egy \u00fagynevezett \u201ej\u00f3 sert\u00e9start\u00e1si gyakorlat\u201d elnevez\u00e9s\u0171 kiadv\u00e1nyt is kidolgoztak figyelemfelh\u00edv\u00f3 akci\u00f3k\u00e9nt a sert\u00e9steny\u00e9szt\u0151k \u00e9rdekv\u00e9delmi szervezeteivel k\u00f6z\u00f6sen, ez a N\u00e9bih oldal\u00e1n is megtal\u00e1lhat\u00f3.<br \/>\nM\u00e1r tavaly ny\u00e1ron a fert\u0151z\u00f6tt ter\u00fcleten valamennyi sert\u00e9start\u00f3hoz eljuttatt\u00e1k ennek a \u201ej\u00f3 gyakorlat\u201d -nak a szab\u00e1lyait, \u00e9s k\u00e9rt\u00e9k a gazd\u00e1kat, hogy \u00edr\u00e1sban nyilatkozzanak ezek betart\u00e1s\u00e1r\u00f3l.<br \/>\nA v\u00e9geredm\u00e9ny les\u00fajt\u00f3 volt: a 4700 nyilatkozatb\u00f3l 1470 \u00e9rkezett vissza, \u00e9s m\u00e9g akik vett\u00e9k is\u00a0a f\u00e1radts\u00e1got, hogy visszak\u00fcldj\u00e9k,\u00a0azoknak a harmada is kereken megmondta, hogy nem v\u00e1llalja a kock\u00e1zatcs\u00f6kkent\u0151 int\u00e9zked\u00e9sek betart\u00e1s\u00e1t. Hogy m\u00e9g rosszabb legyen az ar\u00e1ny: amikor a megyei korm\u00e1nyhivatalok ellen\u0151rizt\u00e9k azokat, akik \u00edr\u00e1sban pozit\u00edvan nyilatkoztak, arra jutottak, hogy val\u00f3j\u00e1ban \u0151k sem tartj\u00e1k be a szab\u00e1lyokat, de az Orsz\u00e1gos J\u00e1rv\u00e1nyv\u00e9delmi K\u00f6zpont (OJK) fel\u00fclvizsg\u00e1lata szerint is nagyon rossz a helyzet. Az el\u0151\u00edrt szab\u00e1lyokat kategorikusan megtagad\u00f3k \u201ejellemz\u0151en a legkisebb, udvaronk\u00e9nt \u00e1tlagosan 1,5 \u00e1llatot\u201d tart\u00f3 csal\u00e1dok.<br \/>\nRagaszkodnak a mosl\u00e9khoz<br \/>\nAhogy meg\u00e1llap\u00edtj\u00e1k, r\u00e9g\u00f3ta tendenciaszer\u0171en cs\u00f6kken a h\u00e1zt\u00e1ji sert\u00e9start\u00e1si kedv, ugyanakkor akik nem hagytak fel vele, azok val\u00f3ban ragaszkodnak h\u00e1zi diszn\u00f3tart\u00e1shoz.<br \/>\nDe az a probl\u00e9ma, hogy ennek \u201er\u00e9gi, elavult, j\u00e1rv\u00e1ny\u00fcgyi szempontb\u00f3l rendk\u00edv\u00fcl vesz\u00e9lyes \u00e1llattart\u00e1si gyakorlat\u00e1hoz\u201d. \u00cdgy a h\u00e1zn\u00e1l tartott sert\u00e9sekn\u00e9l m\u00e9g mindig elterjedt \u201ea konyhai \u00e9lelmiszerhullad\u00e9kot is tartalmaz\u00f3 mosl\u00e9k \u00e9s a friss z\u00f6ldtakarm\u00e1ny tiltott etet\u00e9se\u201d, pedig nemzetk\u00f6zi j\u00e1rv\u00e1ny\u00fcgyi tapasztalatok alapj\u00e1n ez a legnagyobb vesz\u00e9lyforr\u00e1sok k\u00f6z\u00e9 tartozik.<br \/>\n\u201eHossz\u00fa ideig\u201d vel\u00fcnk lesz<br \/>\nA javaslatban egy\u00e9rtelm\u0171en s\u00f6t\u00e9t k\u00e9pet festenek: a v\u00edrus 12 \u00e9vvel ezel\u0151tti megjelen\u00e9se \u00f3ta szerzett nemzetk\u00f6zi tapasztalatok \u00e9s a mostani terjed\u00e9s gyorsas\u00e1ga alapj\u00e1n \u201eegyre biztosabbnak t\u0171nik, hogy am\u00edg nem lesz a betegs\u00e9ggel szemben hat\u00e1sos vakcina\u201d, addig a terjed\u00e9se a vaddiszn\u00f3 \u00e1llom\u00e1nyban meg\u00e1ll\u00edthatatlan. Ez\u00e9rt azt j\u00f3solj\u00e1k, hogy a m\u00e1r\u00a0fert\u0151z\u00f6tt ter\u00fcleteken &#8222;nagyon hossz\u00fa ideig jelen lesz a v\u00edrus\u201d.<\/p>\n<p>\n<!--noindex--><br \/>\n<a href=\"https:\/\/hirek.oldal.info\/rssclick\/14406252\" rel=\"nofollow\">Source link <\/a><br \/>\n<!--\/noindex--><\/p>\n","protected":false},"excerpt":{"rendered":"<p>Hivatalosan \u00f6tezer h\u00e1zi sert\u00e9st, szak\u00e9rt\u0151 forr\u00e1saink szerint val\u00f3j\u00e1ban ennek sokszoros\u00e1t kellett eddig le\u00f6lni az afrikai sert\u00e9spestis (ASP) megf\u00e9kez\u00e9se \u00e9rdek\u00e9ben. Nemr\u00e9g kiterjesztett\u00e9k a\u00a0fert\u0151z\u00f6tt ter\u00fcletet, a legrosszabb a helyzet\u00a0\u00c9szak-, illetve Kelet-Magyarorsz\u00e1gon. A hat\u00f3s\u00e1gok \u00e9rezhet\u0151en a \u201emin\u00e9l kevesebbet mondunk, ann\u00e1l jobb\u201d kommunik\u00e1ci\u00f3ra rendezkedtek be, ez\u00e9rt az \u00e1llataikat, \u00edgy meg\u00e9lhet\u00e9s\u00fcket f\u00e9lt\u0151 gazd\u00e1k arra panaszkodnak, hogy nincs el\u00e9g inform\u00e1ci\u00f3juk. Bogn\u00e1r [&hellip;]<\/p>\n","protected":false},"author":2,"featured_media":2238,"comment_status":"open","ping_status":"open","sticky":false,"template":"","format":"standard","meta":{"footnotes":""},"categories":[1],"tags":[],"class_list":["post-2237","post","type-post","status-publish","format-standard","has-post-thumbnail","hentry","category-legujabb-penzugyi-hirek"],"yoast_head":"<!-- This site is optimized with the Yoast SEO plugin v27.4 - https:\/\/yoast.com\/product\/yoast-seo-wordpress\/ -->\n<title>Itthon: &quot;A v\u00e1laszt\u00e1s el\u0151tt nem \u00f6lhetik le J\u00f3zsi b\u00e1csi malacait&quot; \u2013 titkos terv k\u00e9sz\u00fclt a sert\u00e9spestis meg\u00e1ll\u00edt\u00e1s\u00e1ra - Hot News in World<\/title>\n<meta name=\"robots\" content=\"index, follow, max-snippet:-1, max-image-preview:large, max-video-preview:-1\" \/>\n<link rel=\"canonical\" href=\"https:\/\/hotnewsinworld.com\/hu\/itthon-a-valasztas-elott-nem-olhetik-le-jozsi-bacsi-malacait-titkos-terv-keszult-a-sertespestis-megallitasara\/\" \/>\n<meta property=\"og:locale\" content=\"hu_HU\" \/>\n<meta property=\"og:type\" content=\"article\" \/>\n<meta property=\"og:title\" content=\"Itthon: &quot;A v\u00e1laszt\u00e1s el\u0151tt nem \u00f6lhetik le J\u00f3zsi b\u00e1csi malacait&quot; \u2013 titkos terv k\u00e9sz\u00fclt a sert\u00e9spestis meg\u00e1ll\u00edt\u00e1s\u00e1ra - Hot News in World\" \/>\n<meta property=\"og:description\" content=\"Hivatalosan \u00f6tezer h\u00e1zi sert\u00e9st, szak\u00e9rt\u0151 forr\u00e1saink szerint val\u00f3j\u00e1ban ennek sokszoros\u00e1t kellett eddig le\u00f6lni az afrikai sert\u00e9spestis (ASP) megf\u00e9kez\u00e9se \u00e9rdek\u00e9ben. Nemr\u00e9g kiterjesztett\u00e9k a\u00a0fert\u0151z\u00f6tt ter\u00fcletet, a legrosszabb a helyzet\u00a0\u00c9szak-, illetve Kelet-Magyarorsz\u00e1gon. A hat\u00f3s\u00e1gok \u00e9rezhet\u0151en a \u201emin\u00e9l kevesebbet mondunk, ann\u00e1l jobb\u201d kommunik\u00e1ci\u00f3ra rendezkedtek be, ez\u00e9rt az \u00e1llataikat, \u00edgy meg\u00e9lhet\u00e9s\u00fcket f\u00e9lt\u0151 gazd\u00e1k arra panaszkodnak, hogy nincs el\u00e9g inform\u00e1ci\u00f3juk. Bogn\u00e1r [&hellip;]\" \/>\n<meta property=\"og:url\" content=\"https:\/\/hotnewsinworld.com\/hu\/itthon-a-valasztas-elott-nem-olhetik-le-jozsi-bacsi-malacait-titkos-terv-keszult-a-sertespestis-megallitasara\/\" \/>\n<meta property=\"og:site_name\" content=\"Hot News in World\" \/>\n<meta property=\"article:published_time\" content=\"2019-09-18T07:28:12+00:00\" \/>\n<meta property=\"article:modified_time\" content=\"2019-09-18T07:28:13+00:00\" \/>\n<meta property=\"og:image\" content=\"https:\/\/hotnewsinworld.com\/hu\/wp-content\/uploads\/sites\/3\/2019\/09\/Itthon-A-v\u00e1laszt\u00e1s-el\u0151tt-nem-\u00f6lhetik-le-J\u00f3zsi-b\u00e1csi-malacait.jpg\" \/>\n\t<meta property=\"og:image:width\" content=\"560\" \/>\n\t<meta property=\"og:image:height\" content=\"363\" \/>\n\t<meta property=\"og:image:type\" content=\"image\/jpeg\" \/>\n<meta name=\"author\" content=\"hotnewsinworld\" \/>\n<meta name=\"twitter:card\" content=\"summary_large_image\" \/>\n<meta name=\"twitter:label1\" content=\"Szerz\u0151:\" \/>\n\t<meta name=\"twitter:data1\" content=\"hotnewsinworld\" \/>\n\t<meta name=\"twitter:label2\" content=\"Becs\u00fclt olvas\u00e1si id\u0151\" \/>\n\t<meta name=\"twitter:data2\" content=\"14 perc\" \/>\n<script type=\"application\/ld+json\" class=\"yoast-schema-graph\">{\"@context\":\"https:\\\/\\\/schema.org\",\"@graph\":[{\"@type\":\"Article\",\"@id\":\"https:\\\/\\\/hotnewsinworld.com\\\/hu\\\/itthon-a-valasztas-elott-nem-olhetik-le-jozsi-bacsi-malacait-titkos-terv-keszult-a-sertespestis-megallitasara\\\/#article\",\"isPartOf\":{\"@id\":\"https:\\\/\\\/hotnewsinworld.com\\\/hu\\\/itthon-a-valasztas-elott-nem-olhetik-le-jozsi-bacsi-malacait-titkos-terv-keszult-a-sertespestis-megallitasara\\\/\"},\"author\":{\"name\":\"hotnewsinworld\",\"@id\":\"https:\\\/\\\/hotnewsinworld.com\\\/hu\\\/#\\\/schema\\\/person\\\/fe61448b21c0d59086e75fcc1f9d8f6b\"},\"headline\":\"Itthon: &#8222;A v\u00e1laszt\u00e1s el\u0151tt nem \u00f6lhetik le J\u00f3zsi b\u00e1csi malacait&#8221; \u2013 titkos terv k\u00e9sz\u00fclt a sert\u00e9spestis meg\u00e1ll\u00edt\u00e1s\u00e1ra\",\"datePublished\":\"2019-09-18T07:28:12+00:00\",\"dateModified\":\"2019-09-18T07:28:13+00:00\",\"mainEntityOfPage\":{\"@id\":\"https:\\\/\\\/hotnewsinworld.com\\\/hu\\\/itthon-a-valasztas-elott-nem-olhetik-le-jozsi-bacsi-malacait-titkos-terv-keszult-a-sertespestis-megallitasara\\\/\"},\"wordCount\":2869,\"commentCount\":0,\"image\":{\"@id\":\"https:\\\/\\\/hotnewsinworld.com\\\/hu\\\/itthon-a-valasztas-elott-nem-olhetik-le-jozsi-bacsi-malacait-titkos-terv-keszult-a-sertespestis-megallitasara\\\/#primaryimage\"},\"thumbnailUrl\":\"https:\\\/\\\/hotnewsinworld.com\\\/hu\\\/wp-content\\\/uploads\\\/sites\\\/3\\\/2019\\\/09\\\/Itthon-A-v\u00e1laszt\u00e1s-el\u0151tt-nem-\u00f6lhetik-le-J\u00f3zsi-b\u00e1csi-malacait.jpg\",\"articleSection\":[\"LEG\u00daJABB P\u00c9NZ\u00dcGYI H\u00cdREK\"],\"inLanguage\":\"hu\",\"potentialAction\":[{\"@type\":\"CommentAction\",\"name\":\"Comment\",\"target\":[\"https:\\\/\\\/hotnewsinworld.com\\\/hu\\\/itthon-a-valasztas-elott-nem-olhetik-le-jozsi-bacsi-malacait-titkos-terv-keszult-a-sertespestis-megallitasara\\\/#respond\"]}]},{\"@type\":\"WebPage\",\"@id\":\"https:\\\/\\\/hotnewsinworld.com\\\/hu\\\/itthon-a-valasztas-elott-nem-olhetik-le-jozsi-bacsi-malacait-titkos-terv-keszult-a-sertespestis-megallitasara\\\/\",\"url\":\"https:\\\/\\\/hotnewsinworld.com\\\/hu\\\/itthon-a-valasztas-elott-nem-olhetik-le-jozsi-bacsi-malacait-titkos-terv-keszult-a-sertespestis-megallitasara\\\/\",\"name\":\"Itthon: \\\"A v\u00e1laszt\u00e1s el\u0151tt nem \u00f6lhetik le J\u00f3zsi b\u00e1csi malacait\\\" \u2013 titkos terv k\u00e9sz\u00fclt a sert\u00e9spestis meg\u00e1ll\u00edt\u00e1s\u00e1ra - Hot News in World\",\"isPartOf\":{\"@id\":\"https:\\\/\\\/hotnewsinworld.com\\\/hu\\\/#website\"},\"primaryImageOfPage\":{\"@id\":\"https:\\\/\\\/hotnewsinworld.com\\\/hu\\\/itthon-a-valasztas-elott-nem-olhetik-le-jozsi-bacsi-malacait-titkos-terv-keszult-a-sertespestis-megallitasara\\\/#primaryimage\"},\"image\":{\"@id\":\"https:\\\/\\\/hotnewsinworld.com\\\/hu\\\/itthon-a-valasztas-elott-nem-olhetik-le-jozsi-bacsi-malacait-titkos-terv-keszult-a-sertespestis-megallitasara\\\/#primaryimage\"},\"thumbnailUrl\":\"https:\\\/\\\/hotnewsinworld.com\\\/hu\\\/wp-content\\\/uploads\\\/sites\\\/3\\\/2019\\\/09\\\/Itthon-A-v\u00e1laszt\u00e1s-el\u0151tt-nem-\u00f6lhetik-le-J\u00f3zsi-b\u00e1csi-malacait.jpg\",\"datePublished\":\"2019-09-18T07:28:12+00:00\",\"dateModified\":\"2019-09-18T07:28:13+00:00\",\"author\":{\"@id\":\"https:\\\/\\\/hotnewsinworld.com\\\/hu\\\/#\\\/schema\\\/person\\\/fe61448b21c0d59086e75fcc1f9d8f6b\"},\"breadcrumb\":{\"@id\":\"https:\\\/\\\/hotnewsinworld.com\\\/hu\\\/itthon-a-valasztas-elott-nem-olhetik-le-jozsi-bacsi-malacait-titkos-terv-keszult-a-sertespestis-megallitasara\\\/#breadcrumb\"},\"inLanguage\":\"hu\",\"potentialAction\":[{\"@type\":\"ReadAction\",\"target\":[\"https:\\\/\\\/hotnewsinworld.com\\\/hu\\\/itthon-a-valasztas-elott-nem-olhetik-le-jozsi-bacsi-malacait-titkos-terv-keszult-a-sertespestis-megallitasara\\\/\"]}]},{\"@type\":\"ImageObject\",\"inLanguage\":\"hu\",\"@id\":\"https:\\\/\\\/hotnewsinworld.com\\\/hu\\\/itthon-a-valasztas-elott-nem-olhetik-le-jozsi-bacsi-malacait-titkos-terv-keszult-a-sertespestis-megallitasara\\\/#primaryimage\",\"url\":\"https:\\\/\\\/hotnewsinworld.com\\\/hu\\\/wp-content\\\/uploads\\\/sites\\\/3\\\/2019\\\/09\\\/Itthon-A-v\u00e1laszt\u00e1s-el\u0151tt-nem-\u00f6lhetik-le-J\u00f3zsi-b\u00e1csi-malacait.jpg\",\"contentUrl\":\"https:\\\/\\\/hotnewsinworld.com\\\/hu\\\/wp-content\\\/uploads\\\/sites\\\/3\\\/2019\\\/09\\\/Itthon-A-v\u00e1laszt\u00e1s-el\u0151tt-nem-\u00f6lhetik-le-J\u00f3zsi-b\u00e1csi-malacait.jpg\",\"width\":560,\"height\":363,\"caption\":\"Itthon: \\\"A v\u00e1laszt\u00e1s el\u0151tt nem \u00f6lhetik le J\u00f3zsi b\u00e1csi malacait\\\" \u2013 titkos terv k\u00e9sz\u00fclt a sert\u00e9spestis meg\u00e1ll\u00edt\u00e1s\u00e1ra\"},{\"@type\":\"BreadcrumbList\",\"@id\":\"https:\\\/\\\/hotnewsinworld.com\\\/hu\\\/itthon-a-valasztas-elott-nem-olhetik-le-jozsi-bacsi-malacait-titkos-terv-keszult-a-sertespestis-megallitasara\\\/#breadcrumb\",\"itemListElement\":[{\"@type\":\"ListItem\",\"position\":1,\"name\":\"\u0413\u043b\u0430\u0432\u043d\u0430\u044f \u0441\u0442\u0440\u0430\u043d\u0438\u0446\u0430\",\"item\":\"https:\\\/\\\/hotnewsinworld.com\\\/hu\\\/\"},{\"@type\":\"ListItem\",\"position\":2,\"name\":\"Itthon: &#8220;A v\u00e1laszt\u00e1s el\u0151tt nem \u00f6lhetik le J\u00f3zsi b\u00e1csi malacait&#8221; \u2013 titkos terv k\u00e9sz\u00fclt a sert\u00e9spestis meg\u00e1ll\u00edt\u00e1s\u00e1ra\"}]},{\"@type\":\"WebSite\",\"@id\":\"https:\\\/\\\/hotnewsinworld.com\\\/hu\\\/#website\",\"url\":\"https:\\\/\\\/hotnewsinworld.com\\\/hu\\\/\",\"name\":\"Hot News in World\",\"description\":\"Hot News in World from Hungary\",\"potentialAction\":[{\"@type\":\"SearchAction\",\"target\":{\"@type\":\"EntryPoint\",\"urlTemplate\":\"https:\\\/\\\/hotnewsinworld.com\\\/hu\\\/?s={search_term_string}\"},\"query-input\":{\"@type\":\"PropertyValueSpecification\",\"valueRequired\":true,\"valueName\":\"search_term_string\"}}],\"inLanguage\":\"hu\"},{\"@type\":\"Person\",\"@id\":\"https:\\\/\\\/hotnewsinworld.com\\\/hu\\\/#\\\/schema\\\/person\\\/fe61448b21c0d59086e75fcc1f9d8f6b\",\"name\":\"hotnewsinworld\",\"image\":{\"@type\":\"ImageObject\",\"inLanguage\":\"hu\",\"@id\":\"https:\\\/\\\/secure.gravatar.com\\\/avatar\\\/8a09ac165600ce2e1c38fe593c63928eb1e6e7ba5c5a907d67787c41b3d00c14?s=96&d=mm&r=g\",\"url\":\"https:\\\/\\\/secure.gravatar.com\\\/avatar\\\/8a09ac165600ce2e1c38fe593c63928eb1e6e7ba5c5a907d67787c41b3d00c14?s=96&d=mm&r=g\",\"contentUrl\":\"https:\\\/\\\/secure.gravatar.com\\\/avatar\\\/8a09ac165600ce2e1c38fe593c63928eb1e6e7ba5c5a907d67787c41b3d00c14?s=96&d=mm&r=g\",\"caption\":\"hotnewsinworld\"},\"url\":\"https:\\\/\\\/hotnewsinworld.com\\\/hu\\\/author\\\/pt\\\/\"}]}<\/script>\n<!-- \/ Yoast SEO plugin. -->","yoast_head_json":{"title":"Itthon: \"A v\u00e1laszt\u00e1s el\u0151tt nem \u00f6lhetik le J\u00f3zsi b\u00e1csi malacait\" \u2013 titkos terv k\u00e9sz\u00fclt a sert\u00e9spestis meg\u00e1ll\u00edt\u00e1s\u00e1ra - Hot News in World","robots":{"index":"index","follow":"follow","max-snippet":"max-snippet:-1","max-image-preview":"max-image-preview:large","max-video-preview":"max-video-preview:-1"},"canonical":"https:\/\/hotnewsinworld.com\/hu\/itthon-a-valasztas-elott-nem-olhetik-le-jozsi-bacsi-malacait-titkos-terv-keszult-a-sertespestis-megallitasara\/","og_locale":"hu_HU","og_type":"article","og_title":"Itthon: \"A v\u00e1laszt\u00e1s el\u0151tt nem \u00f6lhetik le J\u00f3zsi b\u00e1csi malacait\" \u2013 titkos terv k\u00e9sz\u00fclt a sert\u00e9spestis meg\u00e1ll\u00edt\u00e1s\u00e1ra - Hot News in World","og_description":"Hivatalosan \u00f6tezer h\u00e1zi sert\u00e9st, szak\u00e9rt\u0151 forr\u00e1saink szerint val\u00f3j\u00e1ban ennek sokszoros\u00e1t kellett eddig le\u00f6lni az afrikai sert\u00e9spestis (ASP) megf\u00e9kez\u00e9se \u00e9rdek\u00e9ben. Nemr\u00e9g kiterjesztett\u00e9k a\u00a0fert\u0151z\u00f6tt ter\u00fcletet, a legrosszabb a helyzet\u00a0\u00c9szak-, illetve Kelet-Magyarorsz\u00e1gon. A hat\u00f3s\u00e1gok \u00e9rezhet\u0151en a \u201emin\u00e9l kevesebbet mondunk, ann\u00e1l jobb\u201d kommunik\u00e1ci\u00f3ra rendezkedtek be, ez\u00e9rt az \u00e1llataikat, \u00edgy meg\u00e9lhet\u00e9s\u00fcket f\u00e9lt\u0151 gazd\u00e1k arra panaszkodnak, hogy nincs el\u00e9g inform\u00e1ci\u00f3juk. Bogn\u00e1r [&hellip;]","og_url":"https:\/\/hotnewsinworld.com\/hu\/itthon-a-valasztas-elott-nem-olhetik-le-jozsi-bacsi-malacait-titkos-terv-keszult-a-sertespestis-megallitasara\/","og_site_name":"Hot News in World","article_published_time":"2019-09-18T07:28:12+00:00","article_modified_time":"2019-09-18T07:28:13+00:00","og_image":[{"width":560,"height":363,"url":"https:\/\/hotnewsinworld.com\/hu\/wp-content\/uploads\/sites\/3\/2019\/09\/Itthon-A-v\u00e1laszt\u00e1s-el\u0151tt-nem-\u00f6lhetik-le-J\u00f3zsi-b\u00e1csi-malacait.jpg","type":"image\/jpeg"}],"author":"hotnewsinworld","twitter_card":"summary_large_image","twitter_misc":{"Szerz\u0151:":"hotnewsinworld","Becs\u00fclt olvas\u00e1si id\u0151":"14 perc"},"schema":{"@context":"https:\/\/schema.org","@graph":[{"@type":"Article","@id":"https:\/\/hotnewsinworld.com\/hu\/itthon-a-valasztas-elott-nem-olhetik-le-jozsi-bacsi-malacait-titkos-terv-keszult-a-sertespestis-megallitasara\/#article","isPartOf":{"@id":"https:\/\/hotnewsinworld.com\/hu\/itthon-a-valasztas-elott-nem-olhetik-le-jozsi-bacsi-malacait-titkos-terv-keszult-a-sertespestis-megallitasara\/"},"author":{"name":"hotnewsinworld","@id":"https:\/\/hotnewsinworld.com\/hu\/#\/schema\/person\/fe61448b21c0d59086e75fcc1f9d8f6b"},"headline":"Itthon: &#8222;A v\u00e1laszt\u00e1s el\u0151tt nem \u00f6lhetik le J\u00f3zsi b\u00e1csi malacait&#8221; \u2013 titkos terv k\u00e9sz\u00fclt a sert\u00e9spestis meg\u00e1ll\u00edt\u00e1s\u00e1ra","datePublished":"2019-09-18T07:28:12+00:00","dateModified":"2019-09-18T07:28:13+00:00","mainEntityOfPage":{"@id":"https:\/\/hotnewsinworld.com\/hu\/itthon-a-valasztas-elott-nem-olhetik-le-jozsi-bacsi-malacait-titkos-terv-keszult-a-sertespestis-megallitasara\/"},"wordCount":2869,"commentCount":0,"image":{"@id":"https:\/\/hotnewsinworld.com\/hu\/itthon-a-valasztas-elott-nem-olhetik-le-jozsi-bacsi-malacait-titkos-terv-keszult-a-sertespestis-megallitasara\/#primaryimage"},"thumbnailUrl":"https:\/\/hotnewsinworld.com\/hu\/wp-content\/uploads\/sites\/3\/2019\/09\/Itthon-A-v\u00e1laszt\u00e1s-el\u0151tt-nem-\u00f6lhetik-le-J\u00f3zsi-b\u00e1csi-malacait.jpg","articleSection":["LEG\u00daJABB P\u00c9NZ\u00dcGYI H\u00cdREK"],"inLanguage":"hu","potentialAction":[{"@type":"CommentAction","name":"Comment","target":["https:\/\/hotnewsinworld.com\/hu\/itthon-a-valasztas-elott-nem-olhetik-le-jozsi-bacsi-malacait-titkos-terv-keszult-a-sertespestis-megallitasara\/#respond"]}]},{"@type":"WebPage","@id":"https:\/\/hotnewsinworld.com\/hu\/itthon-a-valasztas-elott-nem-olhetik-le-jozsi-bacsi-malacait-titkos-terv-keszult-a-sertespestis-megallitasara\/","url":"https:\/\/hotnewsinworld.com\/hu\/itthon-a-valasztas-elott-nem-olhetik-le-jozsi-bacsi-malacait-titkos-terv-keszult-a-sertespestis-megallitasara\/","name":"Itthon: \"A v\u00e1laszt\u00e1s el\u0151tt nem \u00f6lhetik le J\u00f3zsi b\u00e1csi malacait\" \u2013 titkos terv k\u00e9sz\u00fclt a sert\u00e9spestis meg\u00e1ll\u00edt\u00e1s\u00e1ra - Hot News in World","isPartOf":{"@id":"https:\/\/hotnewsinworld.com\/hu\/#website"},"primaryImageOfPage":{"@id":"https:\/\/hotnewsinworld.com\/hu\/itthon-a-valasztas-elott-nem-olhetik-le-jozsi-bacsi-malacait-titkos-terv-keszult-a-sertespestis-megallitasara\/#primaryimage"},"image":{"@id":"https:\/\/hotnewsinworld.com\/hu\/itthon-a-valasztas-elott-nem-olhetik-le-jozsi-bacsi-malacait-titkos-terv-keszult-a-sertespestis-megallitasara\/#primaryimage"},"thumbnailUrl":"https:\/\/hotnewsinworld.com\/hu\/wp-content\/uploads\/sites\/3\/2019\/09\/Itthon-A-v\u00e1laszt\u00e1s-el\u0151tt-nem-\u00f6lhetik-le-J\u00f3zsi-b\u00e1csi-malacait.jpg","datePublished":"2019-09-18T07:28:12+00:00","dateModified":"2019-09-18T07:28:13+00:00","author":{"@id":"https:\/\/hotnewsinworld.com\/hu\/#\/schema\/person\/fe61448b21c0d59086e75fcc1f9d8f6b"},"breadcrumb":{"@id":"https:\/\/hotnewsinworld.com\/hu\/itthon-a-valasztas-elott-nem-olhetik-le-jozsi-bacsi-malacait-titkos-terv-keszult-a-sertespestis-megallitasara\/#breadcrumb"},"inLanguage":"hu","potentialAction":[{"@type":"ReadAction","target":["https:\/\/hotnewsinworld.com\/hu\/itthon-a-valasztas-elott-nem-olhetik-le-jozsi-bacsi-malacait-titkos-terv-keszult-a-sertespestis-megallitasara\/"]}]},{"@type":"ImageObject","inLanguage":"hu","@id":"https:\/\/hotnewsinworld.com\/hu\/itthon-a-valasztas-elott-nem-olhetik-le-jozsi-bacsi-malacait-titkos-terv-keszult-a-sertespestis-megallitasara\/#primaryimage","url":"https:\/\/hotnewsinworld.com\/hu\/wp-content\/uploads\/sites\/3\/2019\/09\/Itthon-A-v\u00e1laszt\u00e1s-el\u0151tt-nem-\u00f6lhetik-le-J\u00f3zsi-b\u00e1csi-malacait.jpg","contentUrl":"https:\/\/hotnewsinworld.com\/hu\/wp-content\/uploads\/sites\/3\/2019\/09\/Itthon-A-v\u00e1laszt\u00e1s-el\u0151tt-nem-\u00f6lhetik-le-J\u00f3zsi-b\u00e1csi-malacait.jpg","width":560,"height":363,"caption":"Itthon: \"A v\u00e1laszt\u00e1s el\u0151tt nem \u00f6lhetik le J\u00f3zsi b\u00e1csi malacait\" \u2013 titkos terv k\u00e9sz\u00fclt a sert\u00e9spestis meg\u00e1ll\u00edt\u00e1s\u00e1ra"},{"@type":"BreadcrumbList","@id":"https:\/\/hotnewsinworld.com\/hu\/itthon-a-valasztas-elott-nem-olhetik-le-jozsi-bacsi-malacait-titkos-terv-keszult-a-sertespestis-megallitasara\/#breadcrumb","itemListElement":[{"@type":"ListItem","position":1,"name":"\u0413\u043b\u0430\u0432\u043d\u0430\u044f \u0441\u0442\u0440\u0430\u043d\u0438\u0446\u0430","item":"https:\/\/hotnewsinworld.com\/hu\/"},{"@type":"ListItem","position":2,"name":"Itthon: &#8220;A v\u00e1laszt\u00e1s el\u0151tt nem \u00f6lhetik le J\u00f3zsi b\u00e1csi malacait&#8221; \u2013 titkos terv k\u00e9sz\u00fclt a sert\u00e9spestis meg\u00e1ll\u00edt\u00e1s\u00e1ra"}]},{"@type":"WebSite","@id":"https:\/\/hotnewsinworld.com\/hu\/#website","url":"https:\/\/hotnewsinworld.com\/hu\/","name":"Hot News in World","description":"Hot News in World from Hungary","potentialAction":[{"@type":"SearchAction","target":{"@type":"EntryPoint","urlTemplate":"https:\/\/hotnewsinworld.com\/hu\/?s={search_term_string}"},"query-input":{"@type":"PropertyValueSpecification","valueRequired":true,"valueName":"search_term_string"}}],"inLanguage":"hu"},{"@type":"Person","@id":"https:\/\/hotnewsinworld.com\/hu\/#\/schema\/person\/fe61448b21c0d59086e75fcc1f9d8f6b","name":"hotnewsinworld","image":{"@type":"ImageObject","inLanguage":"hu","@id":"https:\/\/secure.gravatar.com\/avatar\/8a09ac165600ce2e1c38fe593c63928eb1e6e7ba5c5a907d67787c41b3d00c14?s=96&d=mm&r=g","url":"https:\/\/secure.gravatar.com\/avatar\/8a09ac165600ce2e1c38fe593c63928eb1e6e7ba5c5a907d67787c41b3d00c14?s=96&d=mm&r=g","contentUrl":"https:\/\/secure.gravatar.com\/avatar\/8a09ac165600ce2e1c38fe593c63928eb1e6e7ba5c5a907d67787c41b3d00c14?s=96&d=mm&r=g","caption":"hotnewsinworld"},"url":"https:\/\/hotnewsinworld.com\/hu\/author\/pt\/"}]}},"_links":{"self":[{"href":"https:\/\/hotnewsinworld.com\/hu\/wp-json\/wp\/v2\/posts\/2237","targetHints":{"allow":["GET"]}}],"collection":[{"href":"https:\/\/hotnewsinworld.com\/hu\/wp-json\/wp\/v2\/posts"}],"about":[{"href":"https:\/\/hotnewsinworld.com\/hu\/wp-json\/wp\/v2\/types\/post"}],"author":[{"embeddable":true,"href":"https:\/\/hotnewsinworld.com\/hu\/wp-json\/wp\/v2\/users\/2"}],"replies":[{"embeddable":true,"href":"https:\/\/hotnewsinworld.com\/hu\/wp-json\/wp\/v2\/comments?post=2237"}],"version-history":[{"count":1,"href":"https:\/\/hotnewsinworld.com\/hu\/wp-json\/wp\/v2\/posts\/2237\/revisions"}],"predecessor-version":[{"id":2239,"href":"https:\/\/hotnewsinworld.com\/hu\/wp-json\/wp\/v2\/posts\/2237\/revisions\/2239"}],"wp:featuredmedia":[{"embeddable":true,"href":"https:\/\/hotnewsinworld.com\/hu\/wp-json\/wp\/v2\/media\/2238"}],"wp:attachment":[{"href":"https:\/\/hotnewsinworld.com\/hu\/wp-json\/wp\/v2\/media?parent=2237"}],"wp:term":[{"taxonomy":"category","embeddable":true,"href":"https:\/\/hotnewsinworld.com\/hu\/wp-json\/wp\/v2\/categories?post=2237"},{"taxonomy":"post_tag","embeddable":true,"href":"https:\/\/hotnewsinworld.com\/hu\/wp-json\/wp\/v2\/tags?post=2237"}],"curies":[{"name":"wp","href":"https:\/\/api.w.org\/{rel}","templated":true}]}}