{"id":2246,"date":"2019-09-18T14:25:40","date_gmt":"2019-09-18T11:25:40","guid":{"rendered":"https:\/\/hotnewsinworld.com\/hu\/megfujtak-a-kompresszort-a-magyar-rendorseg-hivatalos-honlapja\/"},"modified":"2019-09-18T14:25:41","modified_gmt":"2019-09-18T11:25:41","slug":"megfujtak-a-kompresszort-a-magyar-rendorseg-hivatalos-honlapja","status":"publish","type":"post","link":"https:\/\/hotnewsinworld.com\/hu\/megfujtak-a-kompresszort-a-magyar-rendorseg-hivatalos-honlapja\/","title":{"rendered":"Megf\u00fajt\u00e1k a kompresszort | A Magyar Rend\u0151rs\u00e9g hivatalos honlapja"},"content":{"rendered":"\n<p>            A k\u0151b\u00e1nyai rend\u0151r\u00f6k keresik az ismeretlen f\u00e9rfit, aki k\u00e9t t\u00e1rs\u00e1val egy\u00fctt egy benzink\u00fatr\u00f3l ellopott egy kompresszort.<\/p>\n<p>            A Budapesti Rend\u0151r-f\u0151kapit\u00e1nys\u00e1g X. ker\u00fcleti Rend\u0151rkapit\u00e1nys\u00e1ga 01100\/115\/2018. b\u0171n\u00fcgyi sz\u00e1mon nyomoz\u00e1st folytat L. Andr\u00e1s \u00e9s t\u00e1rsai ellen lop\u00e1s v\u00e9ts\u00e9g gyan\u00faja miatt.<\/p>\n<p>A jelenleg rendelkez\u00e9sre \u00e1ll\u00f3 adatok szerint a h\u00e1rom f\u00e9rfi 2018. janu\u00e1r 13-\u00e1n 17 \u00f3ra 50 perckor egy K\u00f6nyves K\u00e1lm\u00e1n k\u00f6r\u00fati benzink\u00fatr\u00f3l ellopott egy kompresszort. A BRFK X. ker\u00fcleti Rend\u0151rkapit\u00e1nys\u00e1g nyomoz\u00f3i a felv\u00e9telek alapj\u00e1n azonos\u00edtott\u00e1k a 39 \u00e9ves budapesti L. Andr\u00e1st \u00e9s a 43 \u00e9ves szint\u00e9n budapesti B. Domonkost, de ismeretlen t\u00e1rsukat m\u00e9g keresik.<\/p>\n<p>Az ismeretlen elk\u00f6vet\u0151kr\u0151l fot\u00f3 \u00e1ll a hat\u00f3s\u00e1g rendelkez\u00e9s\u00e9re.<\/p>\n<p>A Budapesti Rend\u0151r-f\u0151kapit\u00e1nys\u00e1g X. ker\u00fcleti Rend\u0151rkapit\u00e1nys\u00e1ga k\u00e9ri, hogy aki a felv\u00e9telen l\u00e1that\u00f3 f\u00e9rfit felismeri, szem\u00e9lyazonoss\u00e1g\u00e1val, tart\u00f3zkod\u00e1si hely\u00e9vel vagy a b\u0171ncselekm\u00e9nnyel kapcsolatban inform\u00e1ci\u00f3val rendelkezik, ak\u00e1r n\u00e9vtelens\u00e9ge meg\u0151rz\u00e9se mellett tegyen bejelent\u00e9st a 06-80-555-111 \u201eTelefontan\u00fa\u201d z\u00f6ldsz\u00e1m\u00e1n, a 107 vagy 112 k\u00f6zponti seg\u00e9lyh\u00edv\u00f3 sz\u00e1mok valamelyik\u00e9n. \u200b<\/p>\n<p>\n<!--noindex--><br \/>\n<a href=\"https:\/\/hirek.oldal.info\/rssclick\/14407078\" rel=\"nofollow\">Source link <\/a><br \/>\n<!--\/noindex--><\/p>\n","protected":false},"excerpt":{"rendered":"<p>A k\u0151b\u00e1nyai rend\u0151r\u00f6k keresik az ismeretlen f\u00e9rfit, aki k\u00e9t t\u00e1rs\u00e1val egy\u00fctt egy benzink\u00fatr\u00f3l ellopott egy kompresszort. A Budapesti Rend\u0151r-f\u0151kapit\u00e1nys\u00e1g X. ker\u00fcleti Rend\u0151rkapit\u00e1nys\u00e1ga 01100\/115\/2018. b\u0171n\u00fcgyi sz\u00e1mon nyomoz\u00e1st folytat L. Andr\u00e1s \u00e9s t\u00e1rsai ellen lop\u00e1s v\u00e9ts\u00e9g gyan\u00faja miatt. A jelenleg rendelkez\u00e9sre \u00e1ll\u00f3 adatok szerint a h\u00e1rom f\u00e9rfi 2018. janu\u00e1r 13-\u00e1n 17 \u00f3ra 50 perckor egy K\u00f6nyves K\u00e1lm\u00e1n [&hellip;]<\/p>\n","protected":false},"author":2,"featured_media":2247,"comment_status":"open","ping_status":"open","sticky":false,"template":"","format":"standard","meta":{"footnotes":""},"categories":[1],"tags":[],"class_list":["post-2246","post","type-post","status-publish","format-standard","has-post-thumbnail","hentry","category-legujabb-penzugyi-hirek"],"yoast_head":"<!-- This site is optimized with the Yoast SEO plugin v27.4 - https:\/\/yoast.com\/product\/yoast-seo-wordpress\/ -->\n<title>Megf\u00fajt\u00e1k a kompresszort | A Magyar Rend\u0151rs\u00e9g hivatalos honlapja - Hot News in World<\/title>\n<meta name=\"robots\" content=\"index, follow, max-snippet:-1, max-image-preview:large, max-video-preview:-1\" \/>\n<link rel=\"canonical\" href=\"https:\/\/hotnewsinworld.com\/hu\/megfujtak-a-kompresszort-a-magyar-rendorseg-hivatalos-honlapja\/\" \/>\n<meta property=\"og:locale\" content=\"hu_HU\" \/>\n<meta property=\"og:type\" content=\"article\" \/>\n<meta property=\"og:title\" content=\"Megf\u00fajt\u00e1k a kompresszort | A Magyar Rend\u0151rs\u00e9g hivatalos honlapja - Hot News in World\" \/>\n<meta property=\"og:description\" content=\"A k\u0151b\u00e1nyai rend\u0151r\u00f6k keresik az ismeretlen f\u00e9rfit, aki k\u00e9t t\u00e1rs\u00e1val egy\u00fctt egy benzink\u00fatr\u00f3l ellopott egy kompresszort. A Budapesti Rend\u0151r-f\u0151kapit\u00e1nys\u00e1g X. ker\u00fcleti Rend\u0151rkapit\u00e1nys\u00e1ga 01100\/115\/2018. b\u0171n\u00fcgyi sz\u00e1mon nyomoz\u00e1st folytat L. Andr\u00e1s \u00e9s t\u00e1rsai ellen lop\u00e1s v\u00e9ts\u00e9g gyan\u00faja miatt. A jelenleg rendelkez\u00e9sre \u00e1ll\u00f3 adatok szerint a h\u00e1rom f\u00e9rfi 2018. janu\u00e1r 13-\u00e1n 17 \u00f3ra 50 perckor egy K\u00f6nyves K\u00e1lm\u00e1n [&hellip;]\" \/>\n<meta property=\"og:url\" content=\"https:\/\/hotnewsinworld.com\/hu\/megfujtak-a-kompresszort-a-magyar-rendorseg-hivatalos-honlapja\/\" \/>\n<meta property=\"og:site_name\" content=\"Hot News in World\" \/>\n<meta property=\"article:published_time\" content=\"2019-09-18T11:25:40+00:00\" \/>\n<meta property=\"article:modified_time\" content=\"2019-09-18T11:25:41+00:00\" \/>\n<meta property=\"og:image\" content=\"https:\/\/hotnewsinworld.com\/hu\/wp-content\/uploads\/sites\/3\/2019\/09\/Megf\u00fajt\u00e1k-a-kompresszort-A-Magyar-Rend\u0151rs\u00e9g-hivatalos-honlapja.jpg\" \/>\n\t<meta property=\"og:image:width\" content=\"751\" \/>\n\t<meta property=\"og:image:height\" content=\"500\" \/>\n\t<meta property=\"og:image:type\" content=\"image\/jpeg\" \/>\n<meta name=\"author\" content=\"hotnewsinworld\" \/>\n<meta name=\"twitter:card\" content=\"summary_large_image\" \/>\n<meta name=\"twitter:label1\" content=\"Szerz\u0151:\" \/>\n\t<meta name=\"twitter:data1\" content=\"hotnewsinworld\" \/>\n\t<meta name=\"twitter:label2\" content=\"Becs\u00fclt olvas\u00e1si id\u0151\" \/>\n\t<meta name=\"twitter:data2\" content=\"1 perc\" \/>\n<script type=\"application\/ld+json\" class=\"yoast-schema-graph\">{\"@context\":\"https:\\\/\\\/schema.org\",\"@graph\":[{\"@type\":\"Article\",\"@id\":\"https:\\\/\\\/hotnewsinworld.com\\\/hu\\\/megfujtak-a-kompresszort-a-magyar-rendorseg-hivatalos-honlapja\\\/#article\",\"isPartOf\":{\"@id\":\"https:\\\/\\\/hotnewsinworld.com\\\/hu\\\/megfujtak-a-kompresszort-a-magyar-rendorseg-hivatalos-honlapja\\\/\"},\"author\":{\"name\":\"hotnewsinworld\",\"@id\":\"https:\\\/\\\/hotnewsinworld.com\\\/hu\\\/#\\\/schema\\\/person\\\/fe61448b21c0d59086e75fcc1f9d8f6b\"},\"headline\":\"Megf\u00fajt\u00e1k a kompresszort | A Magyar Rend\u0151rs\u00e9g hivatalos honlapja\",\"datePublished\":\"2019-09-18T11:25:40+00:00\",\"dateModified\":\"2019-09-18T11:25:41+00:00\",\"mainEntityOfPage\":{\"@id\":\"https:\\\/\\\/hotnewsinworld.com\\\/hu\\\/megfujtak-a-kompresszort-a-magyar-rendorseg-hivatalos-honlapja\\\/\"},\"wordCount\":243,\"commentCount\":0,\"image\":{\"@id\":\"https:\\\/\\\/hotnewsinworld.com\\\/hu\\\/megfujtak-a-kompresszort-a-magyar-rendorseg-hivatalos-honlapja\\\/#primaryimage\"},\"thumbnailUrl\":\"https:\\\/\\\/hotnewsinworld.com\\\/hu\\\/wp-content\\\/uploads\\\/sites\\\/3\\\/2019\\\/09\\\/Megf\u00fajt\u00e1k-a-kompresszort-A-Magyar-Rend\u0151rs\u00e9g-hivatalos-honlapja.jpg\",\"articleSection\":[\"LEG\u00daJABB P\u00c9NZ\u00dcGYI H\u00cdREK\"],\"inLanguage\":\"hu\",\"potentialAction\":[{\"@type\":\"CommentAction\",\"name\":\"Comment\",\"target\":[\"https:\\\/\\\/hotnewsinworld.com\\\/hu\\\/megfujtak-a-kompresszort-a-magyar-rendorseg-hivatalos-honlapja\\\/#respond\"]}]},{\"@type\":\"WebPage\",\"@id\":\"https:\\\/\\\/hotnewsinworld.com\\\/hu\\\/megfujtak-a-kompresszort-a-magyar-rendorseg-hivatalos-honlapja\\\/\",\"url\":\"https:\\\/\\\/hotnewsinworld.com\\\/hu\\\/megfujtak-a-kompresszort-a-magyar-rendorseg-hivatalos-honlapja\\\/\",\"name\":\"Megf\u00fajt\u00e1k a kompresszort | A Magyar Rend\u0151rs\u00e9g hivatalos honlapja - Hot News in World\",\"isPartOf\":{\"@id\":\"https:\\\/\\\/hotnewsinworld.com\\\/hu\\\/#website\"},\"primaryImageOfPage\":{\"@id\":\"https:\\\/\\\/hotnewsinworld.com\\\/hu\\\/megfujtak-a-kompresszort-a-magyar-rendorseg-hivatalos-honlapja\\\/#primaryimage\"},\"image\":{\"@id\":\"https:\\\/\\\/hotnewsinworld.com\\\/hu\\\/megfujtak-a-kompresszort-a-magyar-rendorseg-hivatalos-honlapja\\\/#primaryimage\"},\"thumbnailUrl\":\"https:\\\/\\\/hotnewsinworld.com\\\/hu\\\/wp-content\\\/uploads\\\/sites\\\/3\\\/2019\\\/09\\\/Megf\u00fajt\u00e1k-a-kompresszort-A-Magyar-Rend\u0151rs\u00e9g-hivatalos-honlapja.jpg\",\"datePublished\":\"2019-09-18T11:25:40+00:00\",\"dateModified\":\"2019-09-18T11:25:41+00:00\",\"author\":{\"@id\":\"https:\\\/\\\/hotnewsinworld.com\\\/hu\\\/#\\\/schema\\\/person\\\/fe61448b21c0d59086e75fcc1f9d8f6b\"},\"breadcrumb\":{\"@id\":\"https:\\\/\\\/hotnewsinworld.com\\\/hu\\\/megfujtak-a-kompresszort-a-magyar-rendorseg-hivatalos-honlapja\\\/#breadcrumb\"},\"inLanguage\":\"hu\",\"potentialAction\":[{\"@type\":\"ReadAction\",\"target\":[\"https:\\\/\\\/hotnewsinworld.com\\\/hu\\\/megfujtak-a-kompresszort-a-magyar-rendorseg-hivatalos-honlapja\\\/\"]}]},{\"@type\":\"ImageObject\",\"inLanguage\":\"hu\",\"@id\":\"https:\\\/\\\/hotnewsinworld.com\\\/hu\\\/megfujtak-a-kompresszort-a-magyar-rendorseg-hivatalos-honlapja\\\/#primaryimage\",\"url\":\"https:\\\/\\\/hotnewsinworld.com\\\/hu\\\/wp-content\\\/uploads\\\/sites\\\/3\\\/2019\\\/09\\\/Megf\u00fajt\u00e1k-a-kompresszort-A-Magyar-Rend\u0151rs\u00e9g-hivatalos-honlapja.jpg\",\"contentUrl\":\"https:\\\/\\\/hotnewsinworld.com\\\/hu\\\/wp-content\\\/uploads\\\/sites\\\/3\\\/2019\\\/09\\\/Megf\u00fajt\u00e1k-a-kompresszort-A-Magyar-Rend\u0151rs\u00e9g-hivatalos-honlapja.jpg\",\"width\":751,\"height\":500,\"caption\":\"Megf\u00fajt\u00e1k a kompresszort | A Magyar Rend\u0151rs\u00e9g hivatalos honlapja\"},{\"@type\":\"BreadcrumbList\",\"@id\":\"https:\\\/\\\/hotnewsinworld.com\\\/hu\\\/megfujtak-a-kompresszort-a-magyar-rendorseg-hivatalos-honlapja\\\/#breadcrumb\",\"itemListElement\":[{\"@type\":\"ListItem\",\"position\":1,\"name\":\"\u0413\u043b\u0430\u0432\u043d\u0430\u044f \u0441\u0442\u0440\u0430\u043d\u0438\u0446\u0430\",\"item\":\"https:\\\/\\\/hotnewsinworld.com\\\/hu\\\/\"},{\"@type\":\"ListItem\",\"position\":2,\"name\":\"Megf\u00fajt\u00e1k a kompresszort | A Magyar Rend\u0151rs\u00e9g hivatalos honlapja\"}]},{\"@type\":\"WebSite\",\"@id\":\"https:\\\/\\\/hotnewsinworld.com\\\/hu\\\/#website\",\"url\":\"https:\\\/\\\/hotnewsinworld.com\\\/hu\\\/\",\"name\":\"Hot News in World\",\"description\":\"Hot News in World from Hungary\",\"potentialAction\":[{\"@type\":\"SearchAction\",\"target\":{\"@type\":\"EntryPoint\",\"urlTemplate\":\"https:\\\/\\\/hotnewsinworld.com\\\/hu\\\/?s={search_term_string}\"},\"query-input\":{\"@type\":\"PropertyValueSpecification\",\"valueRequired\":true,\"valueName\":\"search_term_string\"}}],\"inLanguage\":\"hu\"},{\"@type\":\"Person\",\"@id\":\"https:\\\/\\\/hotnewsinworld.com\\\/hu\\\/#\\\/schema\\\/person\\\/fe61448b21c0d59086e75fcc1f9d8f6b\",\"name\":\"hotnewsinworld\",\"image\":{\"@type\":\"ImageObject\",\"inLanguage\":\"hu\",\"@id\":\"https:\\\/\\\/secure.gravatar.com\\\/avatar\\\/8a09ac165600ce2e1c38fe593c63928eb1e6e7ba5c5a907d67787c41b3d00c14?s=96&d=mm&r=g\",\"url\":\"https:\\\/\\\/secure.gravatar.com\\\/avatar\\\/8a09ac165600ce2e1c38fe593c63928eb1e6e7ba5c5a907d67787c41b3d00c14?s=96&d=mm&r=g\",\"contentUrl\":\"https:\\\/\\\/secure.gravatar.com\\\/avatar\\\/8a09ac165600ce2e1c38fe593c63928eb1e6e7ba5c5a907d67787c41b3d00c14?s=96&d=mm&r=g\",\"caption\":\"hotnewsinworld\"},\"url\":\"https:\\\/\\\/hotnewsinworld.com\\\/hu\\\/author\\\/pt\\\/\"}]}<\/script>\n<!-- \/ Yoast SEO plugin. -->","yoast_head_json":{"title":"Megf\u00fajt\u00e1k a kompresszort | A Magyar Rend\u0151rs\u00e9g hivatalos honlapja - Hot News in World","robots":{"index":"index","follow":"follow","max-snippet":"max-snippet:-1","max-image-preview":"max-image-preview:large","max-video-preview":"max-video-preview:-1"},"canonical":"https:\/\/hotnewsinworld.com\/hu\/megfujtak-a-kompresszort-a-magyar-rendorseg-hivatalos-honlapja\/","og_locale":"hu_HU","og_type":"article","og_title":"Megf\u00fajt\u00e1k a kompresszort | A Magyar Rend\u0151rs\u00e9g hivatalos honlapja - Hot News in World","og_description":"A k\u0151b\u00e1nyai rend\u0151r\u00f6k keresik az ismeretlen f\u00e9rfit, aki k\u00e9t t\u00e1rs\u00e1val egy\u00fctt egy benzink\u00fatr\u00f3l ellopott egy kompresszort. A Budapesti Rend\u0151r-f\u0151kapit\u00e1nys\u00e1g X. ker\u00fcleti Rend\u0151rkapit\u00e1nys\u00e1ga 01100\/115\/2018. b\u0171n\u00fcgyi sz\u00e1mon nyomoz\u00e1st folytat L. Andr\u00e1s \u00e9s t\u00e1rsai ellen lop\u00e1s v\u00e9ts\u00e9g gyan\u00faja miatt. A jelenleg rendelkez\u00e9sre \u00e1ll\u00f3 adatok szerint a h\u00e1rom f\u00e9rfi 2018. janu\u00e1r 13-\u00e1n 17 \u00f3ra 50 perckor egy K\u00f6nyves K\u00e1lm\u00e1n [&hellip;]","og_url":"https:\/\/hotnewsinworld.com\/hu\/megfujtak-a-kompresszort-a-magyar-rendorseg-hivatalos-honlapja\/","og_site_name":"Hot News in World","article_published_time":"2019-09-18T11:25:40+00:00","article_modified_time":"2019-09-18T11:25:41+00:00","og_image":[{"width":751,"height":500,"url":"https:\/\/hotnewsinworld.com\/hu\/wp-content\/uploads\/sites\/3\/2019\/09\/Megf\u00fajt\u00e1k-a-kompresszort-A-Magyar-Rend\u0151rs\u00e9g-hivatalos-honlapja.jpg","type":"image\/jpeg"}],"author":"hotnewsinworld","twitter_card":"summary_large_image","twitter_misc":{"Szerz\u0151:":"hotnewsinworld","Becs\u00fclt olvas\u00e1si id\u0151":"1 perc"},"schema":{"@context":"https:\/\/schema.org","@graph":[{"@type":"Article","@id":"https:\/\/hotnewsinworld.com\/hu\/megfujtak-a-kompresszort-a-magyar-rendorseg-hivatalos-honlapja\/#article","isPartOf":{"@id":"https:\/\/hotnewsinworld.com\/hu\/megfujtak-a-kompresszort-a-magyar-rendorseg-hivatalos-honlapja\/"},"author":{"name":"hotnewsinworld","@id":"https:\/\/hotnewsinworld.com\/hu\/#\/schema\/person\/fe61448b21c0d59086e75fcc1f9d8f6b"},"headline":"Megf\u00fajt\u00e1k a kompresszort | A Magyar Rend\u0151rs\u00e9g hivatalos honlapja","datePublished":"2019-09-18T11:25:40+00:00","dateModified":"2019-09-18T11:25:41+00:00","mainEntityOfPage":{"@id":"https:\/\/hotnewsinworld.com\/hu\/megfujtak-a-kompresszort-a-magyar-rendorseg-hivatalos-honlapja\/"},"wordCount":243,"commentCount":0,"image":{"@id":"https:\/\/hotnewsinworld.com\/hu\/megfujtak-a-kompresszort-a-magyar-rendorseg-hivatalos-honlapja\/#primaryimage"},"thumbnailUrl":"https:\/\/hotnewsinworld.com\/hu\/wp-content\/uploads\/sites\/3\/2019\/09\/Megf\u00fajt\u00e1k-a-kompresszort-A-Magyar-Rend\u0151rs\u00e9g-hivatalos-honlapja.jpg","articleSection":["LEG\u00daJABB P\u00c9NZ\u00dcGYI H\u00cdREK"],"inLanguage":"hu","potentialAction":[{"@type":"CommentAction","name":"Comment","target":["https:\/\/hotnewsinworld.com\/hu\/megfujtak-a-kompresszort-a-magyar-rendorseg-hivatalos-honlapja\/#respond"]}]},{"@type":"WebPage","@id":"https:\/\/hotnewsinworld.com\/hu\/megfujtak-a-kompresszort-a-magyar-rendorseg-hivatalos-honlapja\/","url":"https:\/\/hotnewsinworld.com\/hu\/megfujtak-a-kompresszort-a-magyar-rendorseg-hivatalos-honlapja\/","name":"Megf\u00fajt\u00e1k a kompresszort | A Magyar Rend\u0151rs\u00e9g hivatalos honlapja - Hot News in World","isPartOf":{"@id":"https:\/\/hotnewsinworld.com\/hu\/#website"},"primaryImageOfPage":{"@id":"https:\/\/hotnewsinworld.com\/hu\/megfujtak-a-kompresszort-a-magyar-rendorseg-hivatalos-honlapja\/#primaryimage"},"image":{"@id":"https:\/\/hotnewsinworld.com\/hu\/megfujtak-a-kompresszort-a-magyar-rendorseg-hivatalos-honlapja\/#primaryimage"},"thumbnailUrl":"https:\/\/hotnewsinworld.com\/hu\/wp-content\/uploads\/sites\/3\/2019\/09\/Megf\u00fajt\u00e1k-a-kompresszort-A-Magyar-Rend\u0151rs\u00e9g-hivatalos-honlapja.jpg","datePublished":"2019-09-18T11:25:40+00:00","dateModified":"2019-09-18T11:25:41+00:00","author":{"@id":"https:\/\/hotnewsinworld.com\/hu\/#\/schema\/person\/fe61448b21c0d59086e75fcc1f9d8f6b"},"breadcrumb":{"@id":"https:\/\/hotnewsinworld.com\/hu\/megfujtak-a-kompresszort-a-magyar-rendorseg-hivatalos-honlapja\/#breadcrumb"},"inLanguage":"hu","potentialAction":[{"@type":"ReadAction","target":["https:\/\/hotnewsinworld.com\/hu\/megfujtak-a-kompresszort-a-magyar-rendorseg-hivatalos-honlapja\/"]}]},{"@type":"ImageObject","inLanguage":"hu","@id":"https:\/\/hotnewsinworld.com\/hu\/megfujtak-a-kompresszort-a-magyar-rendorseg-hivatalos-honlapja\/#primaryimage","url":"https:\/\/hotnewsinworld.com\/hu\/wp-content\/uploads\/sites\/3\/2019\/09\/Megf\u00fajt\u00e1k-a-kompresszort-A-Magyar-Rend\u0151rs\u00e9g-hivatalos-honlapja.jpg","contentUrl":"https:\/\/hotnewsinworld.com\/hu\/wp-content\/uploads\/sites\/3\/2019\/09\/Megf\u00fajt\u00e1k-a-kompresszort-A-Magyar-Rend\u0151rs\u00e9g-hivatalos-honlapja.jpg","width":751,"height":500,"caption":"Megf\u00fajt\u00e1k a kompresszort | A Magyar Rend\u0151rs\u00e9g hivatalos honlapja"},{"@type":"BreadcrumbList","@id":"https:\/\/hotnewsinworld.com\/hu\/megfujtak-a-kompresszort-a-magyar-rendorseg-hivatalos-honlapja\/#breadcrumb","itemListElement":[{"@type":"ListItem","position":1,"name":"\u0413\u043b\u0430\u0432\u043d\u0430\u044f \u0441\u0442\u0440\u0430\u043d\u0438\u0446\u0430","item":"https:\/\/hotnewsinworld.com\/hu\/"},{"@type":"ListItem","position":2,"name":"Megf\u00fajt\u00e1k a kompresszort | A Magyar Rend\u0151rs\u00e9g hivatalos honlapja"}]},{"@type":"WebSite","@id":"https:\/\/hotnewsinworld.com\/hu\/#website","url":"https:\/\/hotnewsinworld.com\/hu\/","name":"Hot News in World","description":"Hot News in World from Hungary","potentialAction":[{"@type":"SearchAction","target":{"@type":"EntryPoint","urlTemplate":"https:\/\/hotnewsinworld.com\/hu\/?s={search_term_string}"},"query-input":{"@type":"PropertyValueSpecification","valueRequired":true,"valueName":"search_term_string"}}],"inLanguage":"hu"},{"@type":"Person","@id":"https:\/\/hotnewsinworld.com\/hu\/#\/schema\/person\/fe61448b21c0d59086e75fcc1f9d8f6b","name":"hotnewsinworld","image":{"@type":"ImageObject","inLanguage":"hu","@id":"https:\/\/secure.gravatar.com\/avatar\/8a09ac165600ce2e1c38fe593c63928eb1e6e7ba5c5a907d67787c41b3d00c14?s=96&d=mm&r=g","url":"https:\/\/secure.gravatar.com\/avatar\/8a09ac165600ce2e1c38fe593c63928eb1e6e7ba5c5a907d67787c41b3d00c14?s=96&d=mm&r=g","contentUrl":"https:\/\/secure.gravatar.com\/avatar\/8a09ac165600ce2e1c38fe593c63928eb1e6e7ba5c5a907d67787c41b3d00c14?s=96&d=mm&r=g","caption":"hotnewsinworld"},"url":"https:\/\/hotnewsinworld.com\/hu\/author\/pt\/"}]}},"_links":{"self":[{"href":"https:\/\/hotnewsinworld.com\/hu\/wp-json\/wp\/v2\/posts\/2246","targetHints":{"allow":["GET"]}}],"collection":[{"href":"https:\/\/hotnewsinworld.com\/hu\/wp-json\/wp\/v2\/posts"}],"about":[{"href":"https:\/\/hotnewsinworld.com\/hu\/wp-json\/wp\/v2\/types\/post"}],"author":[{"embeddable":true,"href":"https:\/\/hotnewsinworld.com\/hu\/wp-json\/wp\/v2\/users\/2"}],"replies":[{"embeddable":true,"href":"https:\/\/hotnewsinworld.com\/hu\/wp-json\/wp\/v2\/comments?post=2246"}],"version-history":[{"count":1,"href":"https:\/\/hotnewsinworld.com\/hu\/wp-json\/wp\/v2\/posts\/2246\/revisions"}],"predecessor-version":[{"id":2248,"href":"https:\/\/hotnewsinworld.com\/hu\/wp-json\/wp\/v2\/posts\/2246\/revisions\/2248"}],"wp:featuredmedia":[{"embeddable":true,"href":"https:\/\/hotnewsinworld.com\/hu\/wp-json\/wp\/v2\/media\/2247"}],"wp:attachment":[{"href":"https:\/\/hotnewsinworld.com\/hu\/wp-json\/wp\/v2\/media?parent=2246"}],"wp:term":[{"taxonomy":"category","embeddable":true,"href":"https:\/\/hotnewsinworld.com\/hu\/wp-json\/wp\/v2\/categories?post=2246"},{"taxonomy":"post_tag","embeddable":true,"href":"https:\/\/hotnewsinworld.com\/hu\/wp-json\/wp\/v2\/tags?post=2246"}],"curies":[{"name":"wp","href":"https:\/\/api.w.org\/{rel}","templated":true}]}}