{"id":2249,"date":"2019-09-18T15:50:18","date_gmt":"2019-09-18T12:50:18","guid":{"rendered":"https:\/\/hotnewsinworld.com\/hu\/tobb-telepulesen-senki-sem-akar-polgarmester-vagy-kepviselo-lenni\/"},"modified":"2019-09-18T15:50:20","modified_gmt":"2019-09-18T12:50:20","slug":"tobb-telepulesen-senki-sem-akar-polgarmester-vagy-kepviselo-lenni","status":"publish","type":"post","link":"https:\/\/hotnewsinworld.com\/hu\/tobb-telepulesen-senki-sem-akar-polgarmester-vagy-kepviselo-lenni\/","title":{"rendered":"T\u00f6bb telep\u00fcl\u00e9sen senki sem akar polg\u00e1rmester vagy k\u00e9pvisel\u0151 lenni"},"content":{"rendered":"<p>\t\tHajd\u00fa-Bihar megy\u00e9ben a 17 ezer lakos\u00fa Hajd\u00fan\u00e1n\u00e1son egyetlen ellenz\u00e9ki sem akadt, aki \u00fagy \u00e9rezte volna, hogy van kedve vagy es\u00e9lye legy\u0151zni Sz\u00f3ll\u00e1th Tibort, a telep\u00fcl\u00e9st t\u00edz \u00e9ve ir\u00e1ny\u00edt\u00f3 korm\u00e1nyp\u00e1rti polg\u00e1rmestert. A megy\u00e9ben Mikep\u00e9rcsen, Eszt\u00e1ron, F\u00f6ldesen, \u00dajtokoson, Bed\u0151n, Derecsk\u00e9n \u00e9s K\u00f6r\u00f6sszak\u00e1lon is elmarad a verseny.<\/p>\n<p>\t\t\t\tGy\u0151r-Moson-Sopron megy\u00e9ben T\u00e9ten, Fert\u0151szentmikl\u00f3son \u00e9s Fert\u0151d\u00f6n sem ker\u00fclt kih\u00edv\u00f3ja a telep\u00fcl\u00e9svezet\u0151nek.<br \/>\nCsongr\u00e1d megye 60 telep\u00fcl\u00e9s\u00e9b\u0151l 13-ban nem kell k\u00fcl\u00f6n\u00f6sebb izgalmakra sz\u00e1m\u00edtani. Csan\u00e1dalbertiben, Derekegyh\u00e1zon, Deszken, Felgy\u0151n, K\u00fcbekh\u00e1z\u00e1n, M\u00f3rahalmon, Nagy\u00e9ren, \u00d3f\u00f6lde\u00e1kon, R\u00f6szk\u00e9n, Sz\u00e9kkutason, T\u00f6m\u00f6rk\u00e9nyen, \u00dcll\u00e9sen \u00e9s Z\u00e1k\u00e1nysz\u00e9ken<br \/>\nsenki sem indul el a polg\u00e1rmester ellen.<br \/>\nNagy\u00e9ren \u00e9s R\u00f6szk\u00e9n r\u00e1ad\u00e1sul ugyanannyi k\u00e9pvisel\u0151i hely van, ah\u00e1ny jel\u00f6lt, teh\u00e1t ezen a k\u00e9t telep\u00fcl\u00e9sen m\u00e1r most mindenki biztos lehet a megv\u00e1laszt\u00e1s\u00e1ban.<br \/>\nB\u00e1cs-Kiskun megy\u00e9ben, ellenf\u00e9l hi\u00e1ny\u00e1ban a m\u00e9lyk\u00fati polg\u00e1rmester, Kov\u00e1cs Tam\u00e1s hanyagolhatja a kamp\u00e1nyt. B\u00e9k\u00e9s megy\u00e9ben a sarkadi Mok\u00e1n Istv\u00e1n tervezhet \u00fajabb 5 \u00e9vre.<br \/>\nSomogy megy\u00e9ben Igalon \u00e9s Tabon \u00fajr\u00e1zhat a polg\u00e1rmester, Fej\u00e9r megy\u00e9ben pedig a felcs\u00fati M\u00e9sz\u00e1ros L\u00e1szl\u00f3 Istv\u00e1n lehet biztos benne, hogy okt\u00f3ber 14-\u00e9n is ugyan az lesz a munk\u00e1ja, mint most.<br \/>\nBaranya megy\u00e9ben 72, Heves megy\u00e9ben 21 olyan telep\u00fcl\u00e9s van, ahol csak egy polg\u00e1rmesterjel\u00f6lt m\u00e9retteti meg mag\u00e1t.<br \/>\nDe ezeken a helyeken legal\u00e1bb lesz v\u00e1laszt\u00e1s.<br \/>\nA Zala megyei Lakhegyen \u00e9s a Veszpr\u00e9m megyei Balatonszepezden egyetlen polg\u00e1rmesterjel\u00f6lt sem regisztr\u00e1lta mag\u00e1t. Lakhegyen \u00e9s a Gy\u0151r-Moson-Sopron megyei R\u00e1baszentandr\u00e1son k\u00e9pvisel\u0151jel\u00f6ltek sincsenek. A Baranya megyei Ap\u00e1tvarasdon pedig csak 4-en p\u00e1ly\u00e1znak az 5 k\u00e9pvisel\u0151mand\u00e1tumra. \u00dagyhogy ezeken a helyeken csak<br \/>\n\u00e1prilisban tartj\u00e1k meg a v\u00e1laszt\u00e1st, h\u00e1tha addig fel\u00e9bred a politikai v\u00e1llalkoz\u00f3szellem n\u00e9h\u00e1ny helyb\u00e9liben.<\/p>\n<p>\t\t\t\t\t\tNyit\u00f3k\u00e9p: Bir\u00f3 Istv\u00e1n<\/p>\n<p>\n<!--noindex--><br \/>\n<a href=\"https:\/\/hirek.oldal.info\/rssclick\/14407359\" rel=\"nofollow\">Source link <\/a><br \/>\n<!--\/noindex--><\/p>\n","protected":false},"excerpt":{"rendered":"<p>Hajd\u00fa-Bihar megy\u00e9ben a 17 ezer lakos\u00fa Hajd\u00fan\u00e1n\u00e1son egyetlen ellenz\u00e9ki sem akadt, aki \u00fagy \u00e9rezte volna, hogy van kedve vagy es\u00e9lye legy\u0151zni Sz\u00f3ll\u00e1th Tibort, a telep\u00fcl\u00e9st t\u00edz \u00e9ve ir\u00e1ny\u00edt\u00f3 korm\u00e1nyp\u00e1rti polg\u00e1rmestert. A megy\u00e9ben Mikep\u00e9rcsen, Eszt\u00e1ron, F\u00f6ldesen, \u00dajtokoson, Bed\u0151n, Derecsk\u00e9n \u00e9s K\u00f6r\u00f6sszak\u00e1lon is elmarad a verseny. Gy\u0151r-Moson-Sopron megy\u00e9ben T\u00e9ten, Fert\u0151szentmikl\u00f3son \u00e9s Fert\u0151d\u00f6n sem ker\u00fclt kih\u00edv\u00f3ja a telep\u00fcl\u00e9svezet\u0151nek. [&hellip;]<\/p>\n","protected":false},"author":2,"featured_media":2250,"comment_status":"open","ping_status":"open","sticky":false,"template":"","format":"standard","meta":{"footnotes":""},"categories":[1],"tags":[],"class_list":["post-2249","post","type-post","status-publish","format-standard","has-post-thumbnail","hentry","category-legujabb-penzugyi-hirek"],"yoast_head":"<!-- This site is optimized with the Yoast SEO plugin v27.4 - https:\/\/yoast.com\/product\/yoast-seo-wordpress\/ -->\n<title>T\u00f6bb telep\u00fcl\u00e9sen senki sem akar polg\u00e1rmester vagy k\u00e9pvisel\u0151 lenni - Hot News in World<\/title>\n<meta name=\"robots\" content=\"index, follow, max-snippet:-1, max-image-preview:large, max-video-preview:-1\" \/>\n<link rel=\"canonical\" href=\"https:\/\/hotnewsinworld.com\/hu\/tobb-telepulesen-senki-sem-akar-polgarmester-vagy-kepviselo-lenni\/\" \/>\n<meta property=\"og:locale\" content=\"hu_HU\" \/>\n<meta property=\"og:type\" content=\"article\" \/>\n<meta property=\"og:title\" content=\"T\u00f6bb telep\u00fcl\u00e9sen senki sem akar polg\u00e1rmester vagy k\u00e9pvisel\u0151 lenni - Hot News in World\" \/>\n<meta property=\"og:description\" content=\"Hajd\u00fa-Bihar megy\u00e9ben a 17 ezer lakos\u00fa Hajd\u00fan\u00e1n\u00e1son egyetlen ellenz\u00e9ki sem akadt, aki \u00fagy \u00e9rezte volna, hogy van kedve vagy es\u00e9lye legy\u0151zni Sz\u00f3ll\u00e1th Tibort, a telep\u00fcl\u00e9st t\u00edz \u00e9ve ir\u00e1ny\u00edt\u00f3 korm\u00e1nyp\u00e1rti polg\u00e1rmestert. A megy\u00e9ben Mikep\u00e9rcsen, Eszt\u00e1ron, F\u00f6ldesen, \u00dajtokoson, Bed\u0151n, Derecsk\u00e9n \u00e9s K\u00f6r\u00f6sszak\u00e1lon is elmarad a verseny. Gy\u0151r-Moson-Sopron megy\u00e9ben T\u00e9ten, Fert\u0151szentmikl\u00f3son \u00e9s Fert\u0151d\u00f6n sem ker\u00fclt kih\u00edv\u00f3ja a telep\u00fcl\u00e9svezet\u0151nek. [&hellip;]\" \/>\n<meta property=\"og:url\" content=\"https:\/\/hotnewsinworld.com\/hu\/tobb-telepulesen-senki-sem-akar-polgarmester-vagy-kepviselo-lenni\/\" \/>\n<meta property=\"og:site_name\" content=\"Hot News in World\" \/>\n<meta property=\"article:published_time\" content=\"2019-09-18T12:50:18+00:00\" \/>\n<meta property=\"article:modified_time\" content=\"2019-09-18T12:50:20+00:00\" \/>\n<meta property=\"og:image\" content=\"https:\/\/hotnewsinworld.com\/hu\/wp-content\/uploads\/sites\/3\/2019\/09\/T\u00f6bb-telep\u00fcl\u00e9sen-senki-sem-akar-polg\u00e1rmester-vagy-k\u00e9pvisel\u0151-lenni.jpg\" \/>\n\t<meta property=\"og:image:width\" content=\"1000\" \/>\n\t<meta property=\"og:image:height\" content=\"562\" \/>\n\t<meta property=\"og:image:type\" content=\"image\/jpeg\" \/>\n<meta name=\"author\" content=\"hotnewsinworld\" \/>\n<meta name=\"twitter:card\" content=\"summary_large_image\" \/>\n<meta name=\"twitter:label1\" content=\"Szerz\u0151:\" \/>\n\t<meta name=\"twitter:data1\" content=\"hotnewsinworld\" \/>\n\t<meta name=\"twitter:label2\" content=\"Becs\u00fclt olvas\u00e1si id\u0151\" \/>\n\t<meta name=\"twitter:data2\" content=\"2 perc\" \/>\n<script type=\"application\/ld+json\" class=\"yoast-schema-graph\">{\"@context\":\"https:\\\/\\\/schema.org\",\"@graph\":[{\"@type\":\"Article\",\"@id\":\"https:\\\/\\\/hotnewsinworld.com\\\/hu\\\/tobb-telepulesen-senki-sem-akar-polgarmester-vagy-kepviselo-lenni\\\/#article\",\"isPartOf\":{\"@id\":\"https:\\\/\\\/hotnewsinworld.com\\\/hu\\\/tobb-telepulesen-senki-sem-akar-polgarmester-vagy-kepviselo-lenni\\\/\"},\"author\":{\"name\":\"hotnewsinworld\",\"@id\":\"https:\\\/\\\/hotnewsinworld.com\\\/hu\\\/#\\\/schema\\\/person\\\/fe61448b21c0d59086e75fcc1f9d8f6b\"},\"headline\":\"T\u00f6bb telep\u00fcl\u00e9sen senki sem akar polg\u00e1rmester vagy k\u00e9pvisel\u0151 lenni\",\"datePublished\":\"2019-09-18T12:50:18+00:00\",\"dateModified\":\"2019-09-18T12:50:20+00:00\",\"mainEntityOfPage\":{\"@id\":\"https:\\\/\\\/hotnewsinworld.com\\\/hu\\\/tobb-telepulesen-senki-sem-akar-polgarmester-vagy-kepviselo-lenni\\\/\"},\"wordCount\":405,\"commentCount\":0,\"image\":{\"@id\":\"https:\\\/\\\/hotnewsinworld.com\\\/hu\\\/tobb-telepulesen-senki-sem-akar-polgarmester-vagy-kepviselo-lenni\\\/#primaryimage\"},\"thumbnailUrl\":\"https:\\\/\\\/hotnewsinworld.com\\\/hu\\\/wp-content\\\/uploads\\\/sites\\\/3\\\/2019\\\/09\\\/T\u00f6bb-telep\u00fcl\u00e9sen-senki-sem-akar-polg\u00e1rmester-vagy-k\u00e9pvisel\u0151-lenni.jpg\",\"articleSection\":[\"LEG\u00daJABB P\u00c9NZ\u00dcGYI H\u00cdREK\"],\"inLanguage\":\"hu\",\"potentialAction\":[{\"@type\":\"CommentAction\",\"name\":\"Comment\",\"target\":[\"https:\\\/\\\/hotnewsinworld.com\\\/hu\\\/tobb-telepulesen-senki-sem-akar-polgarmester-vagy-kepviselo-lenni\\\/#respond\"]}]},{\"@type\":\"WebPage\",\"@id\":\"https:\\\/\\\/hotnewsinworld.com\\\/hu\\\/tobb-telepulesen-senki-sem-akar-polgarmester-vagy-kepviselo-lenni\\\/\",\"url\":\"https:\\\/\\\/hotnewsinworld.com\\\/hu\\\/tobb-telepulesen-senki-sem-akar-polgarmester-vagy-kepviselo-lenni\\\/\",\"name\":\"T\u00f6bb telep\u00fcl\u00e9sen senki sem akar polg\u00e1rmester vagy k\u00e9pvisel\u0151 lenni - Hot News in World\",\"isPartOf\":{\"@id\":\"https:\\\/\\\/hotnewsinworld.com\\\/hu\\\/#website\"},\"primaryImageOfPage\":{\"@id\":\"https:\\\/\\\/hotnewsinworld.com\\\/hu\\\/tobb-telepulesen-senki-sem-akar-polgarmester-vagy-kepviselo-lenni\\\/#primaryimage\"},\"image\":{\"@id\":\"https:\\\/\\\/hotnewsinworld.com\\\/hu\\\/tobb-telepulesen-senki-sem-akar-polgarmester-vagy-kepviselo-lenni\\\/#primaryimage\"},\"thumbnailUrl\":\"https:\\\/\\\/hotnewsinworld.com\\\/hu\\\/wp-content\\\/uploads\\\/sites\\\/3\\\/2019\\\/09\\\/T\u00f6bb-telep\u00fcl\u00e9sen-senki-sem-akar-polg\u00e1rmester-vagy-k\u00e9pvisel\u0151-lenni.jpg\",\"datePublished\":\"2019-09-18T12:50:18+00:00\",\"dateModified\":\"2019-09-18T12:50:20+00:00\",\"author\":{\"@id\":\"https:\\\/\\\/hotnewsinworld.com\\\/hu\\\/#\\\/schema\\\/person\\\/fe61448b21c0d59086e75fcc1f9d8f6b\"},\"breadcrumb\":{\"@id\":\"https:\\\/\\\/hotnewsinworld.com\\\/hu\\\/tobb-telepulesen-senki-sem-akar-polgarmester-vagy-kepviselo-lenni\\\/#breadcrumb\"},\"inLanguage\":\"hu\",\"potentialAction\":[{\"@type\":\"ReadAction\",\"target\":[\"https:\\\/\\\/hotnewsinworld.com\\\/hu\\\/tobb-telepulesen-senki-sem-akar-polgarmester-vagy-kepviselo-lenni\\\/\"]}]},{\"@type\":\"ImageObject\",\"inLanguage\":\"hu\",\"@id\":\"https:\\\/\\\/hotnewsinworld.com\\\/hu\\\/tobb-telepulesen-senki-sem-akar-polgarmester-vagy-kepviselo-lenni\\\/#primaryimage\",\"url\":\"https:\\\/\\\/hotnewsinworld.com\\\/hu\\\/wp-content\\\/uploads\\\/sites\\\/3\\\/2019\\\/09\\\/T\u00f6bb-telep\u00fcl\u00e9sen-senki-sem-akar-polg\u00e1rmester-vagy-k\u00e9pvisel\u0151-lenni.jpg\",\"contentUrl\":\"https:\\\/\\\/hotnewsinworld.com\\\/hu\\\/wp-content\\\/uploads\\\/sites\\\/3\\\/2019\\\/09\\\/T\u00f6bb-telep\u00fcl\u00e9sen-senki-sem-akar-polg\u00e1rmester-vagy-k\u00e9pvisel\u0151-lenni.jpg\",\"width\":1000,\"height\":562,\"caption\":\"T\u00f6bb telep\u00fcl\u00e9sen senki sem akar polg\u00e1rmester vagy k\u00e9pvisel\u0151 lenni\"},{\"@type\":\"BreadcrumbList\",\"@id\":\"https:\\\/\\\/hotnewsinworld.com\\\/hu\\\/tobb-telepulesen-senki-sem-akar-polgarmester-vagy-kepviselo-lenni\\\/#breadcrumb\",\"itemListElement\":[{\"@type\":\"ListItem\",\"position\":1,\"name\":\"\u0413\u043b\u0430\u0432\u043d\u0430\u044f \u0441\u0442\u0440\u0430\u043d\u0438\u0446\u0430\",\"item\":\"https:\\\/\\\/hotnewsinworld.com\\\/hu\\\/\"},{\"@type\":\"ListItem\",\"position\":2,\"name\":\"T\u00f6bb telep\u00fcl\u00e9sen senki sem akar polg\u00e1rmester vagy k\u00e9pvisel\u0151 lenni\"}]},{\"@type\":\"WebSite\",\"@id\":\"https:\\\/\\\/hotnewsinworld.com\\\/hu\\\/#website\",\"url\":\"https:\\\/\\\/hotnewsinworld.com\\\/hu\\\/\",\"name\":\"Hot News in World\",\"description\":\"Hot News in World from Hungary\",\"potentialAction\":[{\"@type\":\"SearchAction\",\"target\":{\"@type\":\"EntryPoint\",\"urlTemplate\":\"https:\\\/\\\/hotnewsinworld.com\\\/hu\\\/?s={search_term_string}\"},\"query-input\":{\"@type\":\"PropertyValueSpecification\",\"valueRequired\":true,\"valueName\":\"search_term_string\"}}],\"inLanguage\":\"hu\"},{\"@type\":\"Person\",\"@id\":\"https:\\\/\\\/hotnewsinworld.com\\\/hu\\\/#\\\/schema\\\/person\\\/fe61448b21c0d59086e75fcc1f9d8f6b\",\"name\":\"hotnewsinworld\",\"image\":{\"@type\":\"ImageObject\",\"inLanguage\":\"hu\",\"@id\":\"https:\\\/\\\/secure.gravatar.com\\\/avatar\\\/8a09ac165600ce2e1c38fe593c63928eb1e6e7ba5c5a907d67787c41b3d00c14?s=96&d=mm&r=g\",\"url\":\"https:\\\/\\\/secure.gravatar.com\\\/avatar\\\/8a09ac165600ce2e1c38fe593c63928eb1e6e7ba5c5a907d67787c41b3d00c14?s=96&d=mm&r=g\",\"contentUrl\":\"https:\\\/\\\/secure.gravatar.com\\\/avatar\\\/8a09ac165600ce2e1c38fe593c63928eb1e6e7ba5c5a907d67787c41b3d00c14?s=96&d=mm&r=g\",\"caption\":\"hotnewsinworld\"},\"url\":\"https:\\\/\\\/hotnewsinworld.com\\\/hu\\\/author\\\/pt\\\/\"}]}<\/script>\n<!-- \/ Yoast SEO plugin. -->","yoast_head_json":{"title":"T\u00f6bb telep\u00fcl\u00e9sen senki sem akar polg\u00e1rmester vagy k\u00e9pvisel\u0151 lenni - Hot News in World","robots":{"index":"index","follow":"follow","max-snippet":"max-snippet:-1","max-image-preview":"max-image-preview:large","max-video-preview":"max-video-preview:-1"},"canonical":"https:\/\/hotnewsinworld.com\/hu\/tobb-telepulesen-senki-sem-akar-polgarmester-vagy-kepviselo-lenni\/","og_locale":"hu_HU","og_type":"article","og_title":"T\u00f6bb telep\u00fcl\u00e9sen senki sem akar polg\u00e1rmester vagy k\u00e9pvisel\u0151 lenni - Hot News in World","og_description":"Hajd\u00fa-Bihar megy\u00e9ben a 17 ezer lakos\u00fa Hajd\u00fan\u00e1n\u00e1son egyetlen ellenz\u00e9ki sem akadt, aki \u00fagy \u00e9rezte volna, hogy van kedve vagy es\u00e9lye legy\u0151zni Sz\u00f3ll\u00e1th Tibort, a telep\u00fcl\u00e9st t\u00edz \u00e9ve ir\u00e1ny\u00edt\u00f3 korm\u00e1nyp\u00e1rti polg\u00e1rmestert. A megy\u00e9ben Mikep\u00e9rcsen, Eszt\u00e1ron, F\u00f6ldesen, \u00dajtokoson, Bed\u0151n, Derecsk\u00e9n \u00e9s K\u00f6r\u00f6sszak\u00e1lon is elmarad a verseny. Gy\u0151r-Moson-Sopron megy\u00e9ben T\u00e9ten, Fert\u0151szentmikl\u00f3son \u00e9s Fert\u0151d\u00f6n sem ker\u00fclt kih\u00edv\u00f3ja a telep\u00fcl\u00e9svezet\u0151nek. [&hellip;]","og_url":"https:\/\/hotnewsinworld.com\/hu\/tobb-telepulesen-senki-sem-akar-polgarmester-vagy-kepviselo-lenni\/","og_site_name":"Hot News in World","article_published_time":"2019-09-18T12:50:18+00:00","article_modified_time":"2019-09-18T12:50:20+00:00","og_image":[{"width":1000,"height":562,"url":"https:\/\/hotnewsinworld.com\/hu\/wp-content\/uploads\/sites\/3\/2019\/09\/T\u00f6bb-telep\u00fcl\u00e9sen-senki-sem-akar-polg\u00e1rmester-vagy-k\u00e9pvisel\u0151-lenni.jpg","type":"image\/jpeg"}],"author":"hotnewsinworld","twitter_card":"summary_large_image","twitter_misc":{"Szerz\u0151:":"hotnewsinworld","Becs\u00fclt olvas\u00e1si id\u0151":"2 perc"},"schema":{"@context":"https:\/\/schema.org","@graph":[{"@type":"Article","@id":"https:\/\/hotnewsinworld.com\/hu\/tobb-telepulesen-senki-sem-akar-polgarmester-vagy-kepviselo-lenni\/#article","isPartOf":{"@id":"https:\/\/hotnewsinworld.com\/hu\/tobb-telepulesen-senki-sem-akar-polgarmester-vagy-kepviselo-lenni\/"},"author":{"name":"hotnewsinworld","@id":"https:\/\/hotnewsinworld.com\/hu\/#\/schema\/person\/fe61448b21c0d59086e75fcc1f9d8f6b"},"headline":"T\u00f6bb telep\u00fcl\u00e9sen senki sem akar polg\u00e1rmester vagy k\u00e9pvisel\u0151 lenni","datePublished":"2019-09-18T12:50:18+00:00","dateModified":"2019-09-18T12:50:20+00:00","mainEntityOfPage":{"@id":"https:\/\/hotnewsinworld.com\/hu\/tobb-telepulesen-senki-sem-akar-polgarmester-vagy-kepviselo-lenni\/"},"wordCount":405,"commentCount":0,"image":{"@id":"https:\/\/hotnewsinworld.com\/hu\/tobb-telepulesen-senki-sem-akar-polgarmester-vagy-kepviselo-lenni\/#primaryimage"},"thumbnailUrl":"https:\/\/hotnewsinworld.com\/hu\/wp-content\/uploads\/sites\/3\/2019\/09\/T\u00f6bb-telep\u00fcl\u00e9sen-senki-sem-akar-polg\u00e1rmester-vagy-k\u00e9pvisel\u0151-lenni.jpg","articleSection":["LEG\u00daJABB P\u00c9NZ\u00dcGYI H\u00cdREK"],"inLanguage":"hu","potentialAction":[{"@type":"CommentAction","name":"Comment","target":["https:\/\/hotnewsinworld.com\/hu\/tobb-telepulesen-senki-sem-akar-polgarmester-vagy-kepviselo-lenni\/#respond"]}]},{"@type":"WebPage","@id":"https:\/\/hotnewsinworld.com\/hu\/tobb-telepulesen-senki-sem-akar-polgarmester-vagy-kepviselo-lenni\/","url":"https:\/\/hotnewsinworld.com\/hu\/tobb-telepulesen-senki-sem-akar-polgarmester-vagy-kepviselo-lenni\/","name":"T\u00f6bb telep\u00fcl\u00e9sen senki sem akar polg\u00e1rmester vagy k\u00e9pvisel\u0151 lenni - Hot News in World","isPartOf":{"@id":"https:\/\/hotnewsinworld.com\/hu\/#website"},"primaryImageOfPage":{"@id":"https:\/\/hotnewsinworld.com\/hu\/tobb-telepulesen-senki-sem-akar-polgarmester-vagy-kepviselo-lenni\/#primaryimage"},"image":{"@id":"https:\/\/hotnewsinworld.com\/hu\/tobb-telepulesen-senki-sem-akar-polgarmester-vagy-kepviselo-lenni\/#primaryimage"},"thumbnailUrl":"https:\/\/hotnewsinworld.com\/hu\/wp-content\/uploads\/sites\/3\/2019\/09\/T\u00f6bb-telep\u00fcl\u00e9sen-senki-sem-akar-polg\u00e1rmester-vagy-k\u00e9pvisel\u0151-lenni.jpg","datePublished":"2019-09-18T12:50:18+00:00","dateModified":"2019-09-18T12:50:20+00:00","author":{"@id":"https:\/\/hotnewsinworld.com\/hu\/#\/schema\/person\/fe61448b21c0d59086e75fcc1f9d8f6b"},"breadcrumb":{"@id":"https:\/\/hotnewsinworld.com\/hu\/tobb-telepulesen-senki-sem-akar-polgarmester-vagy-kepviselo-lenni\/#breadcrumb"},"inLanguage":"hu","potentialAction":[{"@type":"ReadAction","target":["https:\/\/hotnewsinworld.com\/hu\/tobb-telepulesen-senki-sem-akar-polgarmester-vagy-kepviselo-lenni\/"]}]},{"@type":"ImageObject","inLanguage":"hu","@id":"https:\/\/hotnewsinworld.com\/hu\/tobb-telepulesen-senki-sem-akar-polgarmester-vagy-kepviselo-lenni\/#primaryimage","url":"https:\/\/hotnewsinworld.com\/hu\/wp-content\/uploads\/sites\/3\/2019\/09\/T\u00f6bb-telep\u00fcl\u00e9sen-senki-sem-akar-polg\u00e1rmester-vagy-k\u00e9pvisel\u0151-lenni.jpg","contentUrl":"https:\/\/hotnewsinworld.com\/hu\/wp-content\/uploads\/sites\/3\/2019\/09\/T\u00f6bb-telep\u00fcl\u00e9sen-senki-sem-akar-polg\u00e1rmester-vagy-k\u00e9pvisel\u0151-lenni.jpg","width":1000,"height":562,"caption":"T\u00f6bb telep\u00fcl\u00e9sen senki sem akar polg\u00e1rmester vagy k\u00e9pvisel\u0151 lenni"},{"@type":"BreadcrumbList","@id":"https:\/\/hotnewsinworld.com\/hu\/tobb-telepulesen-senki-sem-akar-polgarmester-vagy-kepviselo-lenni\/#breadcrumb","itemListElement":[{"@type":"ListItem","position":1,"name":"\u0413\u043b\u0430\u0432\u043d\u0430\u044f \u0441\u0442\u0440\u0430\u043d\u0438\u0446\u0430","item":"https:\/\/hotnewsinworld.com\/hu\/"},{"@type":"ListItem","position":2,"name":"T\u00f6bb telep\u00fcl\u00e9sen senki sem akar polg\u00e1rmester vagy k\u00e9pvisel\u0151 lenni"}]},{"@type":"WebSite","@id":"https:\/\/hotnewsinworld.com\/hu\/#website","url":"https:\/\/hotnewsinworld.com\/hu\/","name":"Hot News in World","description":"Hot News in World from Hungary","potentialAction":[{"@type":"SearchAction","target":{"@type":"EntryPoint","urlTemplate":"https:\/\/hotnewsinworld.com\/hu\/?s={search_term_string}"},"query-input":{"@type":"PropertyValueSpecification","valueRequired":true,"valueName":"search_term_string"}}],"inLanguage":"hu"},{"@type":"Person","@id":"https:\/\/hotnewsinworld.com\/hu\/#\/schema\/person\/fe61448b21c0d59086e75fcc1f9d8f6b","name":"hotnewsinworld","image":{"@type":"ImageObject","inLanguage":"hu","@id":"https:\/\/secure.gravatar.com\/avatar\/8a09ac165600ce2e1c38fe593c63928eb1e6e7ba5c5a907d67787c41b3d00c14?s=96&d=mm&r=g","url":"https:\/\/secure.gravatar.com\/avatar\/8a09ac165600ce2e1c38fe593c63928eb1e6e7ba5c5a907d67787c41b3d00c14?s=96&d=mm&r=g","contentUrl":"https:\/\/secure.gravatar.com\/avatar\/8a09ac165600ce2e1c38fe593c63928eb1e6e7ba5c5a907d67787c41b3d00c14?s=96&d=mm&r=g","caption":"hotnewsinworld"},"url":"https:\/\/hotnewsinworld.com\/hu\/author\/pt\/"}]}},"_links":{"self":[{"href":"https:\/\/hotnewsinworld.com\/hu\/wp-json\/wp\/v2\/posts\/2249","targetHints":{"allow":["GET"]}}],"collection":[{"href":"https:\/\/hotnewsinworld.com\/hu\/wp-json\/wp\/v2\/posts"}],"about":[{"href":"https:\/\/hotnewsinworld.com\/hu\/wp-json\/wp\/v2\/types\/post"}],"author":[{"embeddable":true,"href":"https:\/\/hotnewsinworld.com\/hu\/wp-json\/wp\/v2\/users\/2"}],"replies":[{"embeddable":true,"href":"https:\/\/hotnewsinworld.com\/hu\/wp-json\/wp\/v2\/comments?post=2249"}],"version-history":[{"count":1,"href":"https:\/\/hotnewsinworld.com\/hu\/wp-json\/wp\/v2\/posts\/2249\/revisions"}],"predecessor-version":[{"id":2251,"href":"https:\/\/hotnewsinworld.com\/hu\/wp-json\/wp\/v2\/posts\/2249\/revisions\/2251"}],"wp:featuredmedia":[{"embeddable":true,"href":"https:\/\/hotnewsinworld.com\/hu\/wp-json\/wp\/v2\/media\/2250"}],"wp:attachment":[{"href":"https:\/\/hotnewsinworld.com\/hu\/wp-json\/wp\/v2\/media?parent=2249"}],"wp:term":[{"taxonomy":"category","embeddable":true,"href":"https:\/\/hotnewsinworld.com\/hu\/wp-json\/wp\/v2\/categories?post=2249"},{"taxonomy":"post_tag","embeddable":true,"href":"https:\/\/hotnewsinworld.com\/hu\/wp-json\/wp\/v2\/tags?post=2249"}],"curies":[{"name":"wp","href":"https:\/\/api.w.org\/{rel}","templated":true}]}}