{"id":2264,"date":"2019-09-18T23:07:00","date_gmt":"2019-09-18T20:07:00","guid":{"rendered":"https:\/\/hotnewsinworld.com\/hu\/negy-jaratot-sem-tudott-elinditani-a-mav-egyetlen-nap-alatt-mert-nem-volt-rajuk-mozdonyvezeto\/"},"modified":"2019-09-18T23:07:01","modified_gmt":"2019-09-18T20:07:01","slug":"negy-jaratot-sem-tudott-elinditani-a-mav-egyetlen-nap-alatt-mert-nem-volt-rajuk-mozdonyvezeto","status":"publish","type":"post","link":"https:\/\/hotnewsinworld.com\/hu\/negy-jaratot-sem-tudott-elinditani-a-mav-egyetlen-nap-alatt-mert-nem-volt-rajuk-mozdonyvezeto\/","title":{"rendered":"N\u00e9gy j\u00e1ratot sem tudott elind\u00edtani a M\u00c1V egyetlen nap alatt, mert nem volt r\u00e1juk mozdonyvezet\u0151"},"content":{"rendered":"<p>                    2019. szeptember 18. 21:34  &#8211; szerz\u0151: 168 \u00d3ra                <\/p>\n<p>                T\u00f6bb sz\u00e1z utas csak f\u00e9l \u00f3r\u00e1s k\u00e9s\u00e9ssel tudott el\u00e9rni \u00fati c\u00e9lj\u00e1hoz amiatt, mert szerd\u00e1n egyetlen nap alatt n\u00e9gy el\u0151v\u00e1rosi vonatot sem tudott elind\u00edtani a M\u00c1V, a K\u00f6zleked\u0151 T\u00f6meg Egyes\u00fclet (KTE) szerint az\u00e9rt, mert nem volt r\u00e1juk mozdonyvezet\u0151 &#8211; \u00edrta a hvg.hu.Ez a n\u00e9gy vonat nem indult el:3046 sz. G80-as gyors\u00edtott szem\u00e9lyvonat, 19:05 Budapest-Keleti \u2013 19:35 P\u00e9cel3238 sz. S80-as szem\u00e9lyvonat, 21:05 Budapest-Keleti \u2013 21:35 P\u00e9cel3021 sz. G80-as gyors\u00edtott szem\u00e9lyvonat, 20:23 P\u00e9cel \u2013 20:55 Budapest-Keleti3041 sz. S80-as szem\u00e9lyvonat, 22:23 P\u00e9cel \u2013 22:55 Budapest-KeletiAz egyes\u00fclet szerint a szerdai nem elszigetelt eset, rendszeresek a szem\u00e9lyzethi\u00e1ny miatti j\u00e1ratkimarad\u00e1sok. Mint eml\u00e9keztettek, a M\u00c1V sz\u00f3viv\u0151je nemr\u00e9g azt k\u00f6z\u00f6lte, hogy augusztusban 30 olyan vonat volt, amely szem\u00e9lyzethi\u00e1ny miatt nem tudott elindulni.<\/p>\n<p>\n<!--noindex--><br \/>\n<a href=\"https:\/\/hirek.oldal.info\/rssclick\/14408460\" rel=\"nofollow\">Source link <\/a><br \/>\n<!--\/noindex--><\/p>\n","protected":false},"excerpt":{"rendered":"<p>2019. szeptember 18. 21:34 &#8211; szerz\u0151: 168 \u00d3ra T\u00f6bb sz\u00e1z utas csak f\u00e9l \u00f3r\u00e1s k\u00e9s\u00e9ssel tudott el\u00e9rni \u00fati c\u00e9lj\u00e1hoz amiatt, mert szerd\u00e1n egyetlen nap alatt n\u00e9gy el\u0151v\u00e1rosi vonatot sem tudott elind\u00edtani a M\u00c1V, a K\u00f6zleked\u0151 T\u00f6meg Egyes\u00fclet (KTE) szerint az\u00e9rt, mert nem volt r\u00e1juk mozdonyvezet\u0151 &#8211; \u00edrta a hvg.hu.Ez a n\u00e9gy vonat nem indult el:3046 [&hellip;]<\/p>\n","protected":false},"author":2,"featured_media":2265,"comment_status":"open","ping_status":"open","sticky":false,"template":"","format":"standard","meta":{"footnotes":""},"categories":[1],"tags":[],"class_list":["post-2264","post","type-post","status-publish","format-standard","has-post-thumbnail","hentry","category-legujabb-penzugyi-hirek"],"yoast_head":"<!-- This site is optimized with the Yoast SEO plugin v27.4 - https:\/\/yoast.com\/product\/yoast-seo-wordpress\/ -->\n<title>N\u00e9gy j\u00e1ratot sem tudott elind\u00edtani a M\u00c1V egyetlen nap alatt, mert nem volt r\u00e1juk mozdonyvezet\u0151 - Hot News in World<\/title>\n<meta name=\"robots\" content=\"index, follow, max-snippet:-1, max-image-preview:large, max-video-preview:-1\" \/>\n<link rel=\"canonical\" href=\"https:\/\/hotnewsinworld.com\/hu\/negy-jaratot-sem-tudott-elinditani-a-mav-egyetlen-nap-alatt-mert-nem-volt-rajuk-mozdonyvezeto\/\" \/>\n<meta property=\"og:locale\" content=\"hu_HU\" \/>\n<meta property=\"og:type\" content=\"article\" \/>\n<meta property=\"og:title\" content=\"N\u00e9gy j\u00e1ratot sem tudott elind\u00edtani a M\u00c1V egyetlen nap alatt, mert nem volt r\u00e1juk mozdonyvezet\u0151 - Hot News in World\" \/>\n<meta property=\"og:description\" content=\"2019. szeptember 18. 21:34 &#8211; szerz\u0151: 168 \u00d3ra T\u00f6bb sz\u00e1z utas csak f\u00e9l \u00f3r\u00e1s k\u00e9s\u00e9ssel tudott el\u00e9rni \u00fati c\u00e9lj\u00e1hoz amiatt, mert szerd\u00e1n egyetlen nap alatt n\u00e9gy el\u0151v\u00e1rosi vonatot sem tudott elind\u00edtani a M\u00c1V, a K\u00f6zleked\u0151 T\u00f6meg Egyes\u00fclet (KTE) szerint az\u00e9rt, mert nem volt r\u00e1juk mozdonyvezet\u0151 &#8211; \u00edrta a hvg.hu.Ez a n\u00e9gy vonat nem indult el:3046 [&hellip;]\" \/>\n<meta property=\"og:url\" content=\"https:\/\/hotnewsinworld.com\/hu\/negy-jaratot-sem-tudott-elinditani-a-mav-egyetlen-nap-alatt-mert-nem-volt-rajuk-mozdonyvezeto\/\" \/>\n<meta property=\"og:site_name\" content=\"Hot News in World\" \/>\n<meta property=\"article:published_time\" content=\"2019-09-18T20:07:00+00:00\" \/>\n<meta property=\"article:modified_time\" content=\"2019-09-18T20:07:01+00:00\" \/>\n<meta property=\"og:image\" content=\"https:\/\/hotnewsinworld.com\/hu\/wp-content\/uploads\/sites\/3\/2019\/09\/N\u00e9gy-j\u00e1ratot-sem-tudott-elind\u00edtani-a-M\u00c1V-egyetlen-nap-alatt.jpg\" \/>\n\t<meta property=\"og:image:width\" content=\"960\" \/>\n\t<meta property=\"og:image:height\" content=\"720\" \/>\n\t<meta property=\"og:image:type\" content=\"image\/jpeg\" \/>\n<meta name=\"author\" content=\"hotnewsinworld\" \/>\n<meta name=\"twitter:card\" content=\"summary_large_image\" \/>\n<meta name=\"twitter:label1\" content=\"Szerz\u0151:\" \/>\n\t<meta name=\"twitter:data1\" content=\"hotnewsinworld\" \/>\n\t<meta name=\"twitter:label2\" content=\"Becs\u00fclt olvas\u00e1si id\u0151\" \/>\n\t<meta name=\"twitter:data2\" content=\"1 perc\" \/>\n<script type=\"application\/ld+json\" class=\"yoast-schema-graph\">{\"@context\":\"https:\\\/\\\/schema.org\",\"@graph\":[{\"@type\":\"Article\",\"@id\":\"https:\\\/\\\/hotnewsinworld.com\\\/hu\\\/negy-jaratot-sem-tudott-elinditani-a-mav-egyetlen-nap-alatt-mert-nem-volt-rajuk-mozdonyvezeto\\\/#article\",\"isPartOf\":{\"@id\":\"https:\\\/\\\/hotnewsinworld.com\\\/hu\\\/negy-jaratot-sem-tudott-elinditani-a-mav-egyetlen-nap-alatt-mert-nem-volt-rajuk-mozdonyvezeto\\\/\"},\"author\":{\"name\":\"hotnewsinworld\",\"@id\":\"https:\\\/\\\/hotnewsinworld.com\\\/hu\\\/#\\\/schema\\\/person\\\/fe61448b21c0d59086e75fcc1f9d8f6b\"},\"headline\":\"N\u00e9gy j\u00e1ratot sem tudott elind\u00edtani a M\u00c1V egyetlen nap alatt, mert nem volt r\u00e1juk mozdonyvezet\u0151\",\"datePublished\":\"2019-09-18T20:07:00+00:00\",\"dateModified\":\"2019-09-18T20:07:01+00:00\",\"mainEntityOfPage\":{\"@id\":\"https:\\\/\\\/hotnewsinworld.com\\\/hu\\\/negy-jaratot-sem-tudott-elinditani-a-mav-egyetlen-nap-alatt-mert-nem-volt-rajuk-mozdonyvezeto\\\/\"},\"wordCount\":177,\"commentCount\":0,\"image\":{\"@id\":\"https:\\\/\\\/hotnewsinworld.com\\\/hu\\\/negy-jaratot-sem-tudott-elinditani-a-mav-egyetlen-nap-alatt-mert-nem-volt-rajuk-mozdonyvezeto\\\/#primaryimage\"},\"thumbnailUrl\":\"https:\\\/\\\/hotnewsinworld.com\\\/hu\\\/wp-content\\\/uploads\\\/sites\\\/3\\\/2019\\\/09\\\/N\u00e9gy-j\u00e1ratot-sem-tudott-elind\u00edtani-a-M\u00c1V-egyetlen-nap-alatt.jpg\",\"articleSection\":[\"LEG\u00daJABB P\u00c9NZ\u00dcGYI H\u00cdREK\"],\"inLanguage\":\"hu\",\"potentialAction\":[{\"@type\":\"CommentAction\",\"name\":\"Comment\",\"target\":[\"https:\\\/\\\/hotnewsinworld.com\\\/hu\\\/negy-jaratot-sem-tudott-elinditani-a-mav-egyetlen-nap-alatt-mert-nem-volt-rajuk-mozdonyvezeto\\\/#respond\"]}]},{\"@type\":\"WebPage\",\"@id\":\"https:\\\/\\\/hotnewsinworld.com\\\/hu\\\/negy-jaratot-sem-tudott-elinditani-a-mav-egyetlen-nap-alatt-mert-nem-volt-rajuk-mozdonyvezeto\\\/\",\"url\":\"https:\\\/\\\/hotnewsinworld.com\\\/hu\\\/negy-jaratot-sem-tudott-elinditani-a-mav-egyetlen-nap-alatt-mert-nem-volt-rajuk-mozdonyvezeto\\\/\",\"name\":\"N\u00e9gy j\u00e1ratot sem tudott elind\u00edtani a M\u00c1V egyetlen nap alatt, mert nem volt r\u00e1juk mozdonyvezet\u0151 - Hot News in World\",\"isPartOf\":{\"@id\":\"https:\\\/\\\/hotnewsinworld.com\\\/hu\\\/#website\"},\"primaryImageOfPage\":{\"@id\":\"https:\\\/\\\/hotnewsinworld.com\\\/hu\\\/negy-jaratot-sem-tudott-elinditani-a-mav-egyetlen-nap-alatt-mert-nem-volt-rajuk-mozdonyvezeto\\\/#primaryimage\"},\"image\":{\"@id\":\"https:\\\/\\\/hotnewsinworld.com\\\/hu\\\/negy-jaratot-sem-tudott-elinditani-a-mav-egyetlen-nap-alatt-mert-nem-volt-rajuk-mozdonyvezeto\\\/#primaryimage\"},\"thumbnailUrl\":\"https:\\\/\\\/hotnewsinworld.com\\\/hu\\\/wp-content\\\/uploads\\\/sites\\\/3\\\/2019\\\/09\\\/N\u00e9gy-j\u00e1ratot-sem-tudott-elind\u00edtani-a-M\u00c1V-egyetlen-nap-alatt.jpg\",\"datePublished\":\"2019-09-18T20:07:00+00:00\",\"dateModified\":\"2019-09-18T20:07:01+00:00\",\"author\":{\"@id\":\"https:\\\/\\\/hotnewsinworld.com\\\/hu\\\/#\\\/schema\\\/person\\\/fe61448b21c0d59086e75fcc1f9d8f6b\"},\"breadcrumb\":{\"@id\":\"https:\\\/\\\/hotnewsinworld.com\\\/hu\\\/negy-jaratot-sem-tudott-elinditani-a-mav-egyetlen-nap-alatt-mert-nem-volt-rajuk-mozdonyvezeto\\\/#breadcrumb\"},\"inLanguage\":\"hu\",\"potentialAction\":[{\"@type\":\"ReadAction\",\"target\":[\"https:\\\/\\\/hotnewsinworld.com\\\/hu\\\/negy-jaratot-sem-tudott-elinditani-a-mav-egyetlen-nap-alatt-mert-nem-volt-rajuk-mozdonyvezeto\\\/\"]}]},{\"@type\":\"ImageObject\",\"inLanguage\":\"hu\",\"@id\":\"https:\\\/\\\/hotnewsinworld.com\\\/hu\\\/negy-jaratot-sem-tudott-elinditani-a-mav-egyetlen-nap-alatt-mert-nem-volt-rajuk-mozdonyvezeto\\\/#primaryimage\",\"url\":\"https:\\\/\\\/hotnewsinworld.com\\\/hu\\\/wp-content\\\/uploads\\\/sites\\\/3\\\/2019\\\/09\\\/N\u00e9gy-j\u00e1ratot-sem-tudott-elind\u00edtani-a-M\u00c1V-egyetlen-nap-alatt.jpg\",\"contentUrl\":\"https:\\\/\\\/hotnewsinworld.com\\\/hu\\\/wp-content\\\/uploads\\\/sites\\\/3\\\/2019\\\/09\\\/N\u00e9gy-j\u00e1ratot-sem-tudott-elind\u00edtani-a-M\u00c1V-egyetlen-nap-alatt.jpg\",\"width\":960,\"height\":720,\"caption\":\"N\u00e9gy j\u00e1ratot sem tudott elind\u00edtani a M\u00c1V egyetlen nap alatt, mert nem volt r\u00e1juk mozdonyvezet\u0151\"},{\"@type\":\"BreadcrumbList\",\"@id\":\"https:\\\/\\\/hotnewsinworld.com\\\/hu\\\/negy-jaratot-sem-tudott-elinditani-a-mav-egyetlen-nap-alatt-mert-nem-volt-rajuk-mozdonyvezeto\\\/#breadcrumb\",\"itemListElement\":[{\"@type\":\"ListItem\",\"position\":1,\"name\":\"\u0413\u043b\u0430\u0432\u043d\u0430\u044f \u0441\u0442\u0440\u0430\u043d\u0438\u0446\u0430\",\"item\":\"https:\\\/\\\/hotnewsinworld.com\\\/hu\\\/\"},{\"@type\":\"ListItem\",\"position\":2,\"name\":\"N\u00e9gy j\u00e1ratot sem tudott elind\u00edtani a M\u00c1V egyetlen nap alatt, mert nem volt r\u00e1juk mozdonyvezet\u0151\"}]},{\"@type\":\"WebSite\",\"@id\":\"https:\\\/\\\/hotnewsinworld.com\\\/hu\\\/#website\",\"url\":\"https:\\\/\\\/hotnewsinworld.com\\\/hu\\\/\",\"name\":\"Hot News in World\",\"description\":\"Hot News in World from Hungary\",\"potentialAction\":[{\"@type\":\"SearchAction\",\"target\":{\"@type\":\"EntryPoint\",\"urlTemplate\":\"https:\\\/\\\/hotnewsinworld.com\\\/hu\\\/?s={search_term_string}\"},\"query-input\":{\"@type\":\"PropertyValueSpecification\",\"valueRequired\":true,\"valueName\":\"search_term_string\"}}],\"inLanguage\":\"hu\"},{\"@type\":\"Person\",\"@id\":\"https:\\\/\\\/hotnewsinworld.com\\\/hu\\\/#\\\/schema\\\/person\\\/fe61448b21c0d59086e75fcc1f9d8f6b\",\"name\":\"hotnewsinworld\",\"image\":{\"@type\":\"ImageObject\",\"inLanguage\":\"hu\",\"@id\":\"https:\\\/\\\/secure.gravatar.com\\\/avatar\\\/8a09ac165600ce2e1c38fe593c63928eb1e6e7ba5c5a907d67787c41b3d00c14?s=96&d=mm&r=g\",\"url\":\"https:\\\/\\\/secure.gravatar.com\\\/avatar\\\/8a09ac165600ce2e1c38fe593c63928eb1e6e7ba5c5a907d67787c41b3d00c14?s=96&d=mm&r=g\",\"contentUrl\":\"https:\\\/\\\/secure.gravatar.com\\\/avatar\\\/8a09ac165600ce2e1c38fe593c63928eb1e6e7ba5c5a907d67787c41b3d00c14?s=96&d=mm&r=g\",\"caption\":\"hotnewsinworld\"},\"url\":\"https:\\\/\\\/hotnewsinworld.com\\\/hu\\\/author\\\/pt\\\/\"}]}<\/script>\n<!-- \/ Yoast SEO plugin. -->","yoast_head_json":{"title":"N\u00e9gy j\u00e1ratot sem tudott elind\u00edtani a M\u00c1V egyetlen nap alatt, mert nem volt r\u00e1juk mozdonyvezet\u0151 - Hot News in World","robots":{"index":"index","follow":"follow","max-snippet":"max-snippet:-1","max-image-preview":"max-image-preview:large","max-video-preview":"max-video-preview:-1"},"canonical":"https:\/\/hotnewsinworld.com\/hu\/negy-jaratot-sem-tudott-elinditani-a-mav-egyetlen-nap-alatt-mert-nem-volt-rajuk-mozdonyvezeto\/","og_locale":"hu_HU","og_type":"article","og_title":"N\u00e9gy j\u00e1ratot sem tudott elind\u00edtani a M\u00c1V egyetlen nap alatt, mert nem volt r\u00e1juk mozdonyvezet\u0151 - Hot News in World","og_description":"2019. szeptember 18. 21:34 &#8211; szerz\u0151: 168 \u00d3ra T\u00f6bb sz\u00e1z utas csak f\u00e9l \u00f3r\u00e1s k\u00e9s\u00e9ssel tudott el\u00e9rni \u00fati c\u00e9lj\u00e1hoz amiatt, mert szerd\u00e1n egyetlen nap alatt n\u00e9gy el\u0151v\u00e1rosi vonatot sem tudott elind\u00edtani a M\u00c1V, a K\u00f6zleked\u0151 T\u00f6meg Egyes\u00fclet (KTE) szerint az\u00e9rt, mert nem volt r\u00e1juk mozdonyvezet\u0151 &#8211; \u00edrta a hvg.hu.Ez a n\u00e9gy vonat nem indult el:3046 [&hellip;]","og_url":"https:\/\/hotnewsinworld.com\/hu\/negy-jaratot-sem-tudott-elinditani-a-mav-egyetlen-nap-alatt-mert-nem-volt-rajuk-mozdonyvezeto\/","og_site_name":"Hot News in World","article_published_time":"2019-09-18T20:07:00+00:00","article_modified_time":"2019-09-18T20:07:01+00:00","og_image":[{"width":960,"height":720,"url":"https:\/\/hotnewsinworld.com\/hu\/wp-content\/uploads\/sites\/3\/2019\/09\/N\u00e9gy-j\u00e1ratot-sem-tudott-elind\u00edtani-a-M\u00c1V-egyetlen-nap-alatt.jpg","type":"image\/jpeg"}],"author":"hotnewsinworld","twitter_card":"summary_large_image","twitter_misc":{"Szerz\u0151:":"hotnewsinworld","Becs\u00fclt olvas\u00e1si id\u0151":"1 perc"},"schema":{"@context":"https:\/\/schema.org","@graph":[{"@type":"Article","@id":"https:\/\/hotnewsinworld.com\/hu\/negy-jaratot-sem-tudott-elinditani-a-mav-egyetlen-nap-alatt-mert-nem-volt-rajuk-mozdonyvezeto\/#article","isPartOf":{"@id":"https:\/\/hotnewsinworld.com\/hu\/negy-jaratot-sem-tudott-elinditani-a-mav-egyetlen-nap-alatt-mert-nem-volt-rajuk-mozdonyvezeto\/"},"author":{"name":"hotnewsinworld","@id":"https:\/\/hotnewsinworld.com\/hu\/#\/schema\/person\/fe61448b21c0d59086e75fcc1f9d8f6b"},"headline":"N\u00e9gy j\u00e1ratot sem tudott elind\u00edtani a M\u00c1V egyetlen nap alatt, mert nem volt r\u00e1juk mozdonyvezet\u0151","datePublished":"2019-09-18T20:07:00+00:00","dateModified":"2019-09-18T20:07:01+00:00","mainEntityOfPage":{"@id":"https:\/\/hotnewsinworld.com\/hu\/negy-jaratot-sem-tudott-elinditani-a-mav-egyetlen-nap-alatt-mert-nem-volt-rajuk-mozdonyvezeto\/"},"wordCount":177,"commentCount":0,"image":{"@id":"https:\/\/hotnewsinworld.com\/hu\/negy-jaratot-sem-tudott-elinditani-a-mav-egyetlen-nap-alatt-mert-nem-volt-rajuk-mozdonyvezeto\/#primaryimage"},"thumbnailUrl":"https:\/\/hotnewsinworld.com\/hu\/wp-content\/uploads\/sites\/3\/2019\/09\/N\u00e9gy-j\u00e1ratot-sem-tudott-elind\u00edtani-a-M\u00c1V-egyetlen-nap-alatt.jpg","articleSection":["LEG\u00daJABB P\u00c9NZ\u00dcGYI H\u00cdREK"],"inLanguage":"hu","potentialAction":[{"@type":"CommentAction","name":"Comment","target":["https:\/\/hotnewsinworld.com\/hu\/negy-jaratot-sem-tudott-elinditani-a-mav-egyetlen-nap-alatt-mert-nem-volt-rajuk-mozdonyvezeto\/#respond"]}]},{"@type":"WebPage","@id":"https:\/\/hotnewsinworld.com\/hu\/negy-jaratot-sem-tudott-elinditani-a-mav-egyetlen-nap-alatt-mert-nem-volt-rajuk-mozdonyvezeto\/","url":"https:\/\/hotnewsinworld.com\/hu\/negy-jaratot-sem-tudott-elinditani-a-mav-egyetlen-nap-alatt-mert-nem-volt-rajuk-mozdonyvezeto\/","name":"N\u00e9gy j\u00e1ratot sem tudott elind\u00edtani a M\u00c1V egyetlen nap alatt, mert nem volt r\u00e1juk mozdonyvezet\u0151 - Hot News in World","isPartOf":{"@id":"https:\/\/hotnewsinworld.com\/hu\/#website"},"primaryImageOfPage":{"@id":"https:\/\/hotnewsinworld.com\/hu\/negy-jaratot-sem-tudott-elinditani-a-mav-egyetlen-nap-alatt-mert-nem-volt-rajuk-mozdonyvezeto\/#primaryimage"},"image":{"@id":"https:\/\/hotnewsinworld.com\/hu\/negy-jaratot-sem-tudott-elinditani-a-mav-egyetlen-nap-alatt-mert-nem-volt-rajuk-mozdonyvezeto\/#primaryimage"},"thumbnailUrl":"https:\/\/hotnewsinworld.com\/hu\/wp-content\/uploads\/sites\/3\/2019\/09\/N\u00e9gy-j\u00e1ratot-sem-tudott-elind\u00edtani-a-M\u00c1V-egyetlen-nap-alatt.jpg","datePublished":"2019-09-18T20:07:00+00:00","dateModified":"2019-09-18T20:07:01+00:00","author":{"@id":"https:\/\/hotnewsinworld.com\/hu\/#\/schema\/person\/fe61448b21c0d59086e75fcc1f9d8f6b"},"breadcrumb":{"@id":"https:\/\/hotnewsinworld.com\/hu\/negy-jaratot-sem-tudott-elinditani-a-mav-egyetlen-nap-alatt-mert-nem-volt-rajuk-mozdonyvezeto\/#breadcrumb"},"inLanguage":"hu","potentialAction":[{"@type":"ReadAction","target":["https:\/\/hotnewsinworld.com\/hu\/negy-jaratot-sem-tudott-elinditani-a-mav-egyetlen-nap-alatt-mert-nem-volt-rajuk-mozdonyvezeto\/"]}]},{"@type":"ImageObject","inLanguage":"hu","@id":"https:\/\/hotnewsinworld.com\/hu\/negy-jaratot-sem-tudott-elinditani-a-mav-egyetlen-nap-alatt-mert-nem-volt-rajuk-mozdonyvezeto\/#primaryimage","url":"https:\/\/hotnewsinworld.com\/hu\/wp-content\/uploads\/sites\/3\/2019\/09\/N\u00e9gy-j\u00e1ratot-sem-tudott-elind\u00edtani-a-M\u00c1V-egyetlen-nap-alatt.jpg","contentUrl":"https:\/\/hotnewsinworld.com\/hu\/wp-content\/uploads\/sites\/3\/2019\/09\/N\u00e9gy-j\u00e1ratot-sem-tudott-elind\u00edtani-a-M\u00c1V-egyetlen-nap-alatt.jpg","width":960,"height":720,"caption":"N\u00e9gy j\u00e1ratot sem tudott elind\u00edtani a M\u00c1V egyetlen nap alatt, mert nem volt r\u00e1juk mozdonyvezet\u0151"},{"@type":"BreadcrumbList","@id":"https:\/\/hotnewsinworld.com\/hu\/negy-jaratot-sem-tudott-elinditani-a-mav-egyetlen-nap-alatt-mert-nem-volt-rajuk-mozdonyvezeto\/#breadcrumb","itemListElement":[{"@type":"ListItem","position":1,"name":"\u0413\u043b\u0430\u0432\u043d\u0430\u044f \u0441\u0442\u0440\u0430\u043d\u0438\u0446\u0430","item":"https:\/\/hotnewsinworld.com\/hu\/"},{"@type":"ListItem","position":2,"name":"N\u00e9gy j\u00e1ratot sem tudott elind\u00edtani a M\u00c1V egyetlen nap alatt, mert nem volt r\u00e1juk mozdonyvezet\u0151"}]},{"@type":"WebSite","@id":"https:\/\/hotnewsinworld.com\/hu\/#website","url":"https:\/\/hotnewsinworld.com\/hu\/","name":"Hot News in World","description":"Hot News in World from Hungary","potentialAction":[{"@type":"SearchAction","target":{"@type":"EntryPoint","urlTemplate":"https:\/\/hotnewsinworld.com\/hu\/?s={search_term_string}"},"query-input":{"@type":"PropertyValueSpecification","valueRequired":true,"valueName":"search_term_string"}}],"inLanguage":"hu"},{"@type":"Person","@id":"https:\/\/hotnewsinworld.com\/hu\/#\/schema\/person\/fe61448b21c0d59086e75fcc1f9d8f6b","name":"hotnewsinworld","image":{"@type":"ImageObject","inLanguage":"hu","@id":"https:\/\/secure.gravatar.com\/avatar\/8a09ac165600ce2e1c38fe593c63928eb1e6e7ba5c5a907d67787c41b3d00c14?s=96&d=mm&r=g","url":"https:\/\/secure.gravatar.com\/avatar\/8a09ac165600ce2e1c38fe593c63928eb1e6e7ba5c5a907d67787c41b3d00c14?s=96&d=mm&r=g","contentUrl":"https:\/\/secure.gravatar.com\/avatar\/8a09ac165600ce2e1c38fe593c63928eb1e6e7ba5c5a907d67787c41b3d00c14?s=96&d=mm&r=g","caption":"hotnewsinworld"},"url":"https:\/\/hotnewsinworld.com\/hu\/author\/pt\/"}]}},"_links":{"self":[{"href":"https:\/\/hotnewsinworld.com\/hu\/wp-json\/wp\/v2\/posts\/2264","targetHints":{"allow":["GET"]}}],"collection":[{"href":"https:\/\/hotnewsinworld.com\/hu\/wp-json\/wp\/v2\/posts"}],"about":[{"href":"https:\/\/hotnewsinworld.com\/hu\/wp-json\/wp\/v2\/types\/post"}],"author":[{"embeddable":true,"href":"https:\/\/hotnewsinworld.com\/hu\/wp-json\/wp\/v2\/users\/2"}],"replies":[{"embeddable":true,"href":"https:\/\/hotnewsinworld.com\/hu\/wp-json\/wp\/v2\/comments?post=2264"}],"version-history":[{"count":1,"href":"https:\/\/hotnewsinworld.com\/hu\/wp-json\/wp\/v2\/posts\/2264\/revisions"}],"predecessor-version":[{"id":2266,"href":"https:\/\/hotnewsinworld.com\/hu\/wp-json\/wp\/v2\/posts\/2264\/revisions\/2266"}],"wp:featuredmedia":[{"embeddable":true,"href":"https:\/\/hotnewsinworld.com\/hu\/wp-json\/wp\/v2\/media\/2265"}],"wp:attachment":[{"href":"https:\/\/hotnewsinworld.com\/hu\/wp-json\/wp\/v2\/media?parent=2264"}],"wp:term":[{"taxonomy":"category","embeddable":true,"href":"https:\/\/hotnewsinworld.com\/hu\/wp-json\/wp\/v2\/categories?post=2264"},{"taxonomy":"post_tag","embeddable":true,"href":"https:\/\/hotnewsinworld.com\/hu\/wp-json\/wp\/v2\/tags?post=2264"}],"curies":[{"name":"wp","href":"https:\/\/api.w.org\/{rel}","templated":true}]}}