{"id":2267,"date":"2019-09-19T00:25:40","date_gmt":"2019-09-18T21:25:40","guid":{"rendered":"https:\/\/hotnewsinworld.com\/hu\/gergo-ki-foglak-utni-uzent-tarlos-karacsonynak-aki-szerinte-konyorgott-hogy-ne-legyen-durva-a-kampany\/"},"modified":"2019-09-19T00:25:41","modified_gmt":"2019-09-18T21:25:41","slug":"gergo-ki-foglak-utni-uzent-tarlos-karacsonynak-aki-szerinte-konyorgott-hogy-ne-legyen-durva-a-kampany","status":"publish","type":"post","link":"https:\/\/hotnewsinworld.com\/hu\/gergo-ki-foglak-utni-uzent-tarlos-karacsonynak-aki-szerinte-konyorgott-hogy-ne-legyen-durva-a-kampany\/","title":{"rendered":"&#8222;Gerg\u0151, ki foglak \u00fctni&#8221; \u2013 \u00fczent Tarl\u00f3s Kar\u00e1csonynak, aki szerinte k\u00f6ny\u00f6rg\u00f6tt, hogy ne legyen durva a kamp\u00e1ny"},"content":{"rendered":"<p>            Hosszabb interj\u00fa jelenik meg cs\u00fct\u00f6rt\u00f6k\u00f6n Tarl\u00f3s Istv\u00e1nnal az ATV-n. Most ebb\u0151l k\u00f6z\u00f6ltek r\u00e9szleteket.<\/p>\n<p>Fot\u00f3: MTI\/Kosztics\u00e1k Szil\u00e1rd<br \/>\nTarl\u00f3s Istv\u00e1n az atv.hu cikke szerint azt mondta, tavasszal m\u00e9g nagy riv\u00e1lisa, Kar\u00e1csony Gergely k\u00f6ny\u00f6rg\u00f6tt neki, hogy\u00a0ne legyen kem\u00e9ny a kamp\u00e1ny.<br \/>\n&#13;<br \/>\nEhhez k\u00e9pest egyfolyt\u00e1ban gyal\u00e1zkodik&#13;<\/p>\n<p>&#8211; \u00e1ll\u00edtja Tarl\u00f3s.<br \/>\nBudapest jelenlegi f\u0151polg\u00e1rmestere\u00a0azt is elmondta, egy telev\u00edzi\u00f3s vit\u00e1t tudna elk\u00e9pzelni Kar\u00e1csonnyal \u00fagy, hogy egym\u00e1st k\u00e9rdezik, felt\u00e9ve, &#8222;ha eljutnak od\u00e1ig&#8221;.<br \/>\nAz\u00e9rt egy jobbegyenest is bevitt az ellenz\u00e9ki jel\u00f6ltnek:<br \/>\n&#13;<br \/>\nGerg\u0151, te bej\u00f6tt\u00e9l velem a ringbe, \u00e9n ki foglak t\u00e9ged \u00fctni&#13;<\/p>\n<p>&#8211; csapott oda Tarl\u00f3s Istv\u00e1n.<br \/>\nAz interj\u00faban arra is r\u00e1k\u00e9rdeznek, hogy Orb\u00e1n Viktor r\u00e9szt vesz-e a f\u0151polg\u00e1rmesteri kamp\u00e1ny\u00e1ban. Tarl\u00f3s szerint az eddigiek alapj\u00e1n vil\u00e1gos kellene legyen, hogy nem.<br \/>\n&#13;<br \/>\nHallotta egyszer is r\u00e9szt venni? \u00c9s mi\u00e9rt venne r\u00e9szt? Mi nem vagyunk \u00f6sszek\u00f6tve a minisztereln\u00f6kkel, van nek\u00fcnk egy csom\u00f3 vit\u00e1nk. \u00c9s m\u00e9g lesz is! Hallan\u00e1 valaki, hogy n\u00e9gyszemk\u00f6zt milyen \u00e9les vit\u00e1ink voltak m\u00e1r. A saj\u00e1t k\u00f6z\u00f6ss\u00e9gemmel a vit\u00e1k t\u00f6bb energi\u00e1t vettek el az elm\u00falt kilenc \u00e9vben, mint az ellenz\u00e9kkel, mert az ellenz\u00e9k gyenge volt, Kar\u00e1csonnyal az \u00e9len. A Fideszben mindenki tudja ezt, csak Kar\u00e1csony hazudja az ellenkez\u0151j\u00e9t\u201d. De a csal\u00e1dmodell, eur\u00f3pai kereszt\u00e9ny kult\u00fara- \u00e9s szok\u00e1sjogok, nemzet\u00e1llam k\u00e9rd\u00e9s\u00e9ben egyet\u00e9rt\u00e9s van&#13;<\/p>\n<p>&#8211; teszi hozz\u00e1. Tarl\u00f3s Istv\u00e1n azt is elmondta, hogy a Fidesz-KDNP log\u00f3 term\u00e9szetesen rajta lesz a plak\u00e1tjain<\/p>\n<p>\n<!--noindex--><br \/>\n<a href=\"https:\/\/hirek.oldal.info\/rssclick\/14408531\" rel=\"nofollow\">Source link <\/a><br \/>\n<!--\/noindex--><\/p>\n","protected":false},"excerpt":{"rendered":"<p>Hosszabb interj\u00fa jelenik meg cs\u00fct\u00f6rt\u00f6k\u00f6n Tarl\u00f3s Istv\u00e1nnal az ATV-n. Most ebb\u0151l k\u00f6z\u00f6ltek r\u00e9szleteket. Fot\u00f3: MTI\/Kosztics\u00e1k Szil\u00e1rd Tarl\u00f3s Istv\u00e1n az atv.hu cikke szerint azt mondta, tavasszal m\u00e9g nagy riv\u00e1lisa, Kar\u00e1csony Gergely k\u00f6ny\u00f6rg\u00f6tt neki, hogy\u00a0ne legyen kem\u00e9ny a kamp\u00e1ny. &#13; Ehhez k\u00e9pest egyfolyt\u00e1ban gyal\u00e1zkodik&#13; &#8211; \u00e1ll\u00edtja Tarl\u00f3s. Budapest jelenlegi f\u0151polg\u00e1rmestere\u00a0azt is elmondta, egy telev\u00edzi\u00f3s vit\u00e1t tudna elk\u00e9pzelni [&hellip;]<\/p>\n","protected":false},"author":2,"featured_media":2268,"comment_status":"open","ping_status":"open","sticky":false,"template":"","format":"standard","meta":{"footnotes":""},"categories":[1],"tags":[],"class_list":["post-2267","post","type-post","status-publish","format-standard","has-post-thumbnail","hentry","category-legujabb-penzugyi-hirek"],"yoast_head":"<!-- This site is optimized with the Yoast SEO plugin v27.4 - https:\/\/yoast.com\/product\/yoast-seo-wordpress\/ -->\n<title>&quot;Gerg\u0151, ki foglak \u00fctni&quot; \u2013 \u00fczent Tarl\u00f3s Kar\u00e1csonynak, aki szerinte k\u00f6ny\u00f6rg\u00f6tt, hogy ne legyen durva a kamp\u00e1ny - Hot News in World<\/title>\n<meta name=\"robots\" content=\"index, follow, max-snippet:-1, max-image-preview:large, max-video-preview:-1\" \/>\n<link rel=\"canonical\" href=\"https:\/\/hotnewsinworld.com\/hu\/gergo-ki-foglak-utni-uzent-tarlos-karacsonynak-aki-szerinte-konyorgott-hogy-ne-legyen-durva-a-kampany\/\" \/>\n<meta property=\"og:locale\" content=\"hu_HU\" \/>\n<meta property=\"og:type\" content=\"article\" \/>\n<meta property=\"og:title\" content=\"&quot;Gerg\u0151, ki foglak \u00fctni&quot; \u2013 \u00fczent Tarl\u00f3s Kar\u00e1csonynak, aki szerinte k\u00f6ny\u00f6rg\u00f6tt, hogy ne legyen durva a kamp\u00e1ny - Hot News in World\" \/>\n<meta property=\"og:description\" content=\"Hosszabb interj\u00fa jelenik meg cs\u00fct\u00f6rt\u00f6k\u00f6n Tarl\u00f3s Istv\u00e1nnal az ATV-n. Most ebb\u0151l k\u00f6z\u00f6ltek r\u00e9szleteket. Fot\u00f3: MTI\/Kosztics\u00e1k Szil\u00e1rd Tarl\u00f3s Istv\u00e1n az atv.hu cikke szerint azt mondta, tavasszal m\u00e9g nagy riv\u00e1lisa, Kar\u00e1csony Gergely k\u00f6ny\u00f6rg\u00f6tt neki, hogy\u00a0ne legyen kem\u00e9ny a kamp\u00e1ny. &#013; Ehhez k\u00e9pest egyfolyt\u00e1ban gyal\u00e1zkodik&#013; &#8211; \u00e1ll\u00edtja Tarl\u00f3s. Budapest jelenlegi f\u0151polg\u00e1rmestere\u00a0azt is elmondta, egy telev\u00edzi\u00f3s vit\u00e1t tudna elk\u00e9pzelni [&hellip;]\" \/>\n<meta property=\"og:url\" content=\"https:\/\/hotnewsinworld.com\/hu\/gergo-ki-foglak-utni-uzent-tarlos-karacsonynak-aki-szerinte-konyorgott-hogy-ne-legyen-durva-a-kampany\/\" \/>\n<meta property=\"og:site_name\" content=\"Hot News in World\" \/>\n<meta property=\"article:published_time\" content=\"2019-09-18T21:25:40+00:00\" \/>\n<meta property=\"article:modified_time\" content=\"2019-09-18T21:25:41+00:00\" \/>\n<meta property=\"og:image\" content=\"https:\/\/hotnewsinworld.com\/hu\/wp-content\/uploads\/sites\/3\/2019\/09\/Gerg\u0151-ki-foglak-\u00fctni-\u2013-\u00fczent-Tarl\u00f3s-Kar\u00e1csonynak-aki-szerinte.jpg\" \/>\n\t<meta property=\"og:image:width\" content=\"800\" \/>\n\t<meta property=\"og:image:height\" content=\"533\" \/>\n\t<meta property=\"og:image:type\" content=\"image\/jpeg\" \/>\n<meta name=\"author\" content=\"hotnewsinworld\" \/>\n<meta name=\"twitter:card\" content=\"summary_large_image\" \/>\n<meta name=\"twitter:label1\" content=\"Szerz\u0151:\" \/>\n\t<meta name=\"twitter:data1\" content=\"hotnewsinworld\" \/>\n\t<meta name=\"twitter:label2\" content=\"Becs\u00fclt olvas\u00e1si id\u0151\" \/>\n\t<meta name=\"twitter:data2\" content=\"2 perc\" \/>\n<script type=\"application\/ld+json\" class=\"yoast-schema-graph\">{\"@context\":\"https:\\\/\\\/schema.org\",\"@graph\":[{\"@type\":\"Article\",\"@id\":\"https:\\\/\\\/hotnewsinworld.com\\\/hu\\\/gergo-ki-foglak-utni-uzent-tarlos-karacsonynak-aki-szerinte-konyorgott-hogy-ne-legyen-durva-a-kampany\\\/#article\",\"isPartOf\":{\"@id\":\"https:\\\/\\\/hotnewsinworld.com\\\/hu\\\/gergo-ki-foglak-utni-uzent-tarlos-karacsonynak-aki-szerinte-konyorgott-hogy-ne-legyen-durva-a-kampany\\\/\"},\"author\":{\"name\":\"hotnewsinworld\",\"@id\":\"https:\\\/\\\/hotnewsinworld.com\\\/hu\\\/#\\\/schema\\\/person\\\/fe61448b21c0d59086e75fcc1f9d8f6b\"},\"headline\":\"&#8222;Gerg\u0151, ki foglak \u00fctni&#8221; \u2013 \u00fczent Tarl\u00f3s Kar\u00e1csonynak, aki szerinte k\u00f6ny\u00f6rg\u00f6tt, hogy ne legyen durva a kamp\u00e1ny\",\"datePublished\":\"2019-09-18T21:25:40+00:00\",\"dateModified\":\"2019-09-18T21:25:41+00:00\",\"mainEntityOfPage\":{\"@id\":\"https:\\\/\\\/hotnewsinworld.com\\\/hu\\\/gergo-ki-foglak-utni-uzent-tarlos-karacsonynak-aki-szerinte-konyorgott-hogy-ne-legyen-durva-a-kampany\\\/\"},\"wordCount\":333,\"commentCount\":0,\"image\":{\"@id\":\"https:\\\/\\\/hotnewsinworld.com\\\/hu\\\/gergo-ki-foglak-utni-uzent-tarlos-karacsonynak-aki-szerinte-konyorgott-hogy-ne-legyen-durva-a-kampany\\\/#primaryimage\"},\"thumbnailUrl\":\"https:\\\/\\\/hotnewsinworld.com\\\/hu\\\/wp-content\\\/uploads\\\/sites\\\/3\\\/2019\\\/09\\\/Gerg\u0151-ki-foglak-\u00fctni-\u2013-\u00fczent-Tarl\u00f3s-Kar\u00e1csonynak-aki-szerinte.jpg\",\"articleSection\":[\"LEG\u00daJABB P\u00c9NZ\u00dcGYI H\u00cdREK\"],\"inLanguage\":\"hu\",\"potentialAction\":[{\"@type\":\"CommentAction\",\"name\":\"Comment\",\"target\":[\"https:\\\/\\\/hotnewsinworld.com\\\/hu\\\/gergo-ki-foglak-utni-uzent-tarlos-karacsonynak-aki-szerinte-konyorgott-hogy-ne-legyen-durva-a-kampany\\\/#respond\"]}]},{\"@type\":\"WebPage\",\"@id\":\"https:\\\/\\\/hotnewsinworld.com\\\/hu\\\/gergo-ki-foglak-utni-uzent-tarlos-karacsonynak-aki-szerinte-konyorgott-hogy-ne-legyen-durva-a-kampany\\\/\",\"url\":\"https:\\\/\\\/hotnewsinworld.com\\\/hu\\\/gergo-ki-foglak-utni-uzent-tarlos-karacsonynak-aki-szerinte-konyorgott-hogy-ne-legyen-durva-a-kampany\\\/\",\"name\":\"\\\"Gerg\u0151, ki foglak \u00fctni\\\" \u2013 \u00fczent Tarl\u00f3s Kar\u00e1csonynak, aki szerinte k\u00f6ny\u00f6rg\u00f6tt, hogy ne legyen durva a kamp\u00e1ny - Hot News in World\",\"isPartOf\":{\"@id\":\"https:\\\/\\\/hotnewsinworld.com\\\/hu\\\/#website\"},\"primaryImageOfPage\":{\"@id\":\"https:\\\/\\\/hotnewsinworld.com\\\/hu\\\/gergo-ki-foglak-utni-uzent-tarlos-karacsonynak-aki-szerinte-konyorgott-hogy-ne-legyen-durva-a-kampany\\\/#primaryimage\"},\"image\":{\"@id\":\"https:\\\/\\\/hotnewsinworld.com\\\/hu\\\/gergo-ki-foglak-utni-uzent-tarlos-karacsonynak-aki-szerinte-konyorgott-hogy-ne-legyen-durva-a-kampany\\\/#primaryimage\"},\"thumbnailUrl\":\"https:\\\/\\\/hotnewsinworld.com\\\/hu\\\/wp-content\\\/uploads\\\/sites\\\/3\\\/2019\\\/09\\\/Gerg\u0151-ki-foglak-\u00fctni-\u2013-\u00fczent-Tarl\u00f3s-Kar\u00e1csonynak-aki-szerinte.jpg\",\"datePublished\":\"2019-09-18T21:25:40+00:00\",\"dateModified\":\"2019-09-18T21:25:41+00:00\",\"author\":{\"@id\":\"https:\\\/\\\/hotnewsinworld.com\\\/hu\\\/#\\\/schema\\\/person\\\/fe61448b21c0d59086e75fcc1f9d8f6b\"},\"breadcrumb\":{\"@id\":\"https:\\\/\\\/hotnewsinworld.com\\\/hu\\\/gergo-ki-foglak-utni-uzent-tarlos-karacsonynak-aki-szerinte-konyorgott-hogy-ne-legyen-durva-a-kampany\\\/#breadcrumb\"},\"inLanguage\":\"hu\",\"potentialAction\":[{\"@type\":\"ReadAction\",\"target\":[\"https:\\\/\\\/hotnewsinworld.com\\\/hu\\\/gergo-ki-foglak-utni-uzent-tarlos-karacsonynak-aki-szerinte-konyorgott-hogy-ne-legyen-durva-a-kampany\\\/\"]}]},{\"@type\":\"ImageObject\",\"inLanguage\":\"hu\",\"@id\":\"https:\\\/\\\/hotnewsinworld.com\\\/hu\\\/gergo-ki-foglak-utni-uzent-tarlos-karacsonynak-aki-szerinte-konyorgott-hogy-ne-legyen-durva-a-kampany\\\/#primaryimage\",\"url\":\"https:\\\/\\\/hotnewsinworld.com\\\/hu\\\/wp-content\\\/uploads\\\/sites\\\/3\\\/2019\\\/09\\\/Gerg\u0151-ki-foglak-\u00fctni-\u2013-\u00fczent-Tarl\u00f3s-Kar\u00e1csonynak-aki-szerinte.jpg\",\"contentUrl\":\"https:\\\/\\\/hotnewsinworld.com\\\/hu\\\/wp-content\\\/uploads\\\/sites\\\/3\\\/2019\\\/09\\\/Gerg\u0151-ki-foglak-\u00fctni-\u2013-\u00fczent-Tarl\u00f3s-Kar\u00e1csonynak-aki-szerinte.jpg\",\"width\":800,\"height\":533,\"caption\":\"&quot;Gerg\u0151, ki foglak &uuml;tni&quot; &ndash; &uuml;zent Tarl&oacute;s Kar&aacute;csonynak, aki szerinte k&ouml;ny&ouml;rg&ouml;tt, hogy ne legyen durva a kamp&aacute;ny\"},{\"@type\":\"BreadcrumbList\",\"@id\":\"https:\\\/\\\/hotnewsinworld.com\\\/hu\\\/gergo-ki-foglak-utni-uzent-tarlos-karacsonynak-aki-szerinte-konyorgott-hogy-ne-legyen-durva-a-kampany\\\/#breadcrumb\",\"itemListElement\":[{\"@type\":\"ListItem\",\"position\":1,\"name\":\"\u0413\u043b\u0430\u0432\u043d\u0430\u044f \u0441\u0442\u0440\u0430\u043d\u0438\u0446\u0430\",\"item\":\"https:\\\/\\\/hotnewsinworld.com\\\/hu\\\/\"},{\"@type\":\"ListItem\",\"position\":2,\"name\":\"&#8220;Gerg\u0151, ki foglak \u00fctni&#8221; \u2013 \u00fczent Tarl\u00f3s Kar\u00e1csonynak, aki szerinte k\u00f6ny\u00f6rg\u00f6tt, hogy ne legyen durva a kamp\u00e1ny\"}]},{\"@type\":\"WebSite\",\"@id\":\"https:\\\/\\\/hotnewsinworld.com\\\/hu\\\/#website\",\"url\":\"https:\\\/\\\/hotnewsinworld.com\\\/hu\\\/\",\"name\":\"Hot News in World\",\"description\":\"Hot News in World from Hungary\",\"potentialAction\":[{\"@type\":\"SearchAction\",\"target\":{\"@type\":\"EntryPoint\",\"urlTemplate\":\"https:\\\/\\\/hotnewsinworld.com\\\/hu\\\/?s={search_term_string}\"},\"query-input\":{\"@type\":\"PropertyValueSpecification\",\"valueRequired\":true,\"valueName\":\"search_term_string\"}}],\"inLanguage\":\"hu\"},{\"@type\":\"Person\",\"@id\":\"https:\\\/\\\/hotnewsinworld.com\\\/hu\\\/#\\\/schema\\\/person\\\/fe61448b21c0d59086e75fcc1f9d8f6b\",\"name\":\"hotnewsinworld\",\"image\":{\"@type\":\"ImageObject\",\"inLanguage\":\"hu\",\"@id\":\"https:\\\/\\\/secure.gravatar.com\\\/avatar\\\/8a09ac165600ce2e1c38fe593c63928eb1e6e7ba5c5a907d67787c41b3d00c14?s=96&d=mm&r=g\",\"url\":\"https:\\\/\\\/secure.gravatar.com\\\/avatar\\\/8a09ac165600ce2e1c38fe593c63928eb1e6e7ba5c5a907d67787c41b3d00c14?s=96&d=mm&r=g\",\"contentUrl\":\"https:\\\/\\\/secure.gravatar.com\\\/avatar\\\/8a09ac165600ce2e1c38fe593c63928eb1e6e7ba5c5a907d67787c41b3d00c14?s=96&d=mm&r=g\",\"caption\":\"hotnewsinworld\"},\"url\":\"https:\\\/\\\/hotnewsinworld.com\\\/hu\\\/author\\\/pt\\\/\"}]}<\/script>\n<!-- \/ Yoast SEO plugin. -->","yoast_head_json":{"title":"\"Gerg\u0151, ki foglak \u00fctni\" \u2013 \u00fczent Tarl\u00f3s Kar\u00e1csonynak, aki szerinte k\u00f6ny\u00f6rg\u00f6tt, hogy ne legyen durva a kamp\u00e1ny - Hot News in World","robots":{"index":"index","follow":"follow","max-snippet":"max-snippet:-1","max-image-preview":"max-image-preview:large","max-video-preview":"max-video-preview:-1"},"canonical":"https:\/\/hotnewsinworld.com\/hu\/gergo-ki-foglak-utni-uzent-tarlos-karacsonynak-aki-szerinte-konyorgott-hogy-ne-legyen-durva-a-kampany\/","og_locale":"hu_HU","og_type":"article","og_title":"\"Gerg\u0151, ki foglak \u00fctni\" \u2013 \u00fczent Tarl\u00f3s Kar\u00e1csonynak, aki szerinte k\u00f6ny\u00f6rg\u00f6tt, hogy ne legyen durva a kamp\u00e1ny - Hot News in World","og_description":"Hosszabb interj\u00fa jelenik meg cs\u00fct\u00f6rt\u00f6k\u00f6n Tarl\u00f3s Istv\u00e1nnal az ATV-n. Most ebb\u0151l k\u00f6z\u00f6ltek r\u00e9szleteket. Fot\u00f3: MTI\/Kosztics\u00e1k Szil\u00e1rd Tarl\u00f3s Istv\u00e1n az atv.hu cikke szerint azt mondta, tavasszal m\u00e9g nagy riv\u00e1lisa, Kar\u00e1csony Gergely k\u00f6ny\u00f6rg\u00f6tt neki, hogy\u00a0ne legyen kem\u00e9ny a kamp\u00e1ny. &#13; Ehhez k\u00e9pest egyfolyt\u00e1ban gyal\u00e1zkodik&#13; &#8211; \u00e1ll\u00edtja Tarl\u00f3s. Budapest jelenlegi f\u0151polg\u00e1rmestere\u00a0azt is elmondta, egy telev\u00edzi\u00f3s vit\u00e1t tudna elk\u00e9pzelni [&hellip;]","og_url":"https:\/\/hotnewsinworld.com\/hu\/gergo-ki-foglak-utni-uzent-tarlos-karacsonynak-aki-szerinte-konyorgott-hogy-ne-legyen-durva-a-kampany\/","og_site_name":"Hot News in World","article_published_time":"2019-09-18T21:25:40+00:00","article_modified_time":"2019-09-18T21:25:41+00:00","og_image":[{"width":800,"height":533,"url":"https:\/\/hotnewsinworld.com\/hu\/wp-content\/uploads\/sites\/3\/2019\/09\/Gerg\u0151-ki-foglak-\u00fctni-\u2013-\u00fczent-Tarl\u00f3s-Kar\u00e1csonynak-aki-szerinte.jpg","type":"image\/jpeg"}],"author":"hotnewsinworld","twitter_card":"summary_large_image","twitter_misc":{"Szerz\u0151:":"hotnewsinworld","Becs\u00fclt olvas\u00e1si id\u0151":"2 perc"},"schema":{"@context":"https:\/\/schema.org","@graph":[{"@type":"Article","@id":"https:\/\/hotnewsinworld.com\/hu\/gergo-ki-foglak-utni-uzent-tarlos-karacsonynak-aki-szerinte-konyorgott-hogy-ne-legyen-durva-a-kampany\/#article","isPartOf":{"@id":"https:\/\/hotnewsinworld.com\/hu\/gergo-ki-foglak-utni-uzent-tarlos-karacsonynak-aki-szerinte-konyorgott-hogy-ne-legyen-durva-a-kampany\/"},"author":{"name":"hotnewsinworld","@id":"https:\/\/hotnewsinworld.com\/hu\/#\/schema\/person\/fe61448b21c0d59086e75fcc1f9d8f6b"},"headline":"&#8222;Gerg\u0151, ki foglak \u00fctni&#8221; \u2013 \u00fczent Tarl\u00f3s Kar\u00e1csonynak, aki szerinte k\u00f6ny\u00f6rg\u00f6tt, hogy ne legyen durva a kamp\u00e1ny","datePublished":"2019-09-18T21:25:40+00:00","dateModified":"2019-09-18T21:25:41+00:00","mainEntityOfPage":{"@id":"https:\/\/hotnewsinworld.com\/hu\/gergo-ki-foglak-utni-uzent-tarlos-karacsonynak-aki-szerinte-konyorgott-hogy-ne-legyen-durva-a-kampany\/"},"wordCount":333,"commentCount":0,"image":{"@id":"https:\/\/hotnewsinworld.com\/hu\/gergo-ki-foglak-utni-uzent-tarlos-karacsonynak-aki-szerinte-konyorgott-hogy-ne-legyen-durva-a-kampany\/#primaryimage"},"thumbnailUrl":"https:\/\/hotnewsinworld.com\/hu\/wp-content\/uploads\/sites\/3\/2019\/09\/Gerg\u0151-ki-foglak-\u00fctni-\u2013-\u00fczent-Tarl\u00f3s-Kar\u00e1csonynak-aki-szerinte.jpg","articleSection":["LEG\u00daJABB P\u00c9NZ\u00dcGYI H\u00cdREK"],"inLanguage":"hu","potentialAction":[{"@type":"CommentAction","name":"Comment","target":["https:\/\/hotnewsinworld.com\/hu\/gergo-ki-foglak-utni-uzent-tarlos-karacsonynak-aki-szerinte-konyorgott-hogy-ne-legyen-durva-a-kampany\/#respond"]}]},{"@type":"WebPage","@id":"https:\/\/hotnewsinworld.com\/hu\/gergo-ki-foglak-utni-uzent-tarlos-karacsonynak-aki-szerinte-konyorgott-hogy-ne-legyen-durva-a-kampany\/","url":"https:\/\/hotnewsinworld.com\/hu\/gergo-ki-foglak-utni-uzent-tarlos-karacsonynak-aki-szerinte-konyorgott-hogy-ne-legyen-durva-a-kampany\/","name":"\"Gerg\u0151, ki foglak \u00fctni\" \u2013 \u00fczent Tarl\u00f3s Kar\u00e1csonynak, aki szerinte k\u00f6ny\u00f6rg\u00f6tt, hogy ne legyen durva a kamp\u00e1ny - Hot News in World","isPartOf":{"@id":"https:\/\/hotnewsinworld.com\/hu\/#website"},"primaryImageOfPage":{"@id":"https:\/\/hotnewsinworld.com\/hu\/gergo-ki-foglak-utni-uzent-tarlos-karacsonynak-aki-szerinte-konyorgott-hogy-ne-legyen-durva-a-kampany\/#primaryimage"},"image":{"@id":"https:\/\/hotnewsinworld.com\/hu\/gergo-ki-foglak-utni-uzent-tarlos-karacsonynak-aki-szerinte-konyorgott-hogy-ne-legyen-durva-a-kampany\/#primaryimage"},"thumbnailUrl":"https:\/\/hotnewsinworld.com\/hu\/wp-content\/uploads\/sites\/3\/2019\/09\/Gerg\u0151-ki-foglak-\u00fctni-\u2013-\u00fczent-Tarl\u00f3s-Kar\u00e1csonynak-aki-szerinte.jpg","datePublished":"2019-09-18T21:25:40+00:00","dateModified":"2019-09-18T21:25:41+00:00","author":{"@id":"https:\/\/hotnewsinworld.com\/hu\/#\/schema\/person\/fe61448b21c0d59086e75fcc1f9d8f6b"},"breadcrumb":{"@id":"https:\/\/hotnewsinworld.com\/hu\/gergo-ki-foglak-utni-uzent-tarlos-karacsonynak-aki-szerinte-konyorgott-hogy-ne-legyen-durva-a-kampany\/#breadcrumb"},"inLanguage":"hu","potentialAction":[{"@type":"ReadAction","target":["https:\/\/hotnewsinworld.com\/hu\/gergo-ki-foglak-utni-uzent-tarlos-karacsonynak-aki-szerinte-konyorgott-hogy-ne-legyen-durva-a-kampany\/"]}]},{"@type":"ImageObject","inLanguage":"hu","@id":"https:\/\/hotnewsinworld.com\/hu\/gergo-ki-foglak-utni-uzent-tarlos-karacsonynak-aki-szerinte-konyorgott-hogy-ne-legyen-durva-a-kampany\/#primaryimage","url":"https:\/\/hotnewsinworld.com\/hu\/wp-content\/uploads\/sites\/3\/2019\/09\/Gerg\u0151-ki-foglak-\u00fctni-\u2013-\u00fczent-Tarl\u00f3s-Kar\u00e1csonynak-aki-szerinte.jpg","contentUrl":"https:\/\/hotnewsinworld.com\/hu\/wp-content\/uploads\/sites\/3\/2019\/09\/Gerg\u0151-ki-foglak-\u00fctni-\u2013-\u00fczent-Tarl\u00f3s-Kar\u00e1csonynak-aki-szerinte.jpg","width":800,"height":533,"caption":"&quot;Gerg\u0151, ki foglak &uuml;tni&quot; &ndash; &uuml;zent Tarl&oacute;s Kar&aacute;csonynak, aki szerinte k&ouml;ny&ouml;rg&ouml;tt, hogy ne legyen durva a kamp&aacute;ny"},{"@type":"BreadcrumbList","@id":"https:\/\/hotnewsinworld.com\/hu\/gergo-ki-foglak-utni-uzent-tarlos-karacsonynak-aki-szerinte-konyorgott-hogy-ne-legyen-durva-a-kampany\/#breadcrumb","itemListElement":[{"@type":"ListItem","position":1,"name":"\u0413\u043b\u0430\u0432\u043d\u0430\u044f \u0441\u0442\u0440\u0430\u043d\u0438\u0446\u0430","item":"https:\/\/hotnewsinworld.com\/hu\/"},{"@type":"ListItem","position":2,"name":"&#8220;Gerg\u0151, ki foglak \u00fctni&#8221; \u2013 \u00fczent Tarl\u00f3s Kar\u00e1csonynak, aki szerinte k\u00f6ny\u00f6rg\u00f6tt, hogy ne legyen durva a kamp\u00e1ny"}]},{"@type":"WebSite","@id":"https:\/\/hotnewsinworld.com\/hu\/#website","url":"https:\/\/hotnewsinworld.com\/hu\/","name":"Hot News in World","description":"Hot News in World from Hungary","potentialAction":[{"@type":"SearchAction","target":{"@type":"EntryPoint","urlTemplate":"https:\/\/hotnewsinworld.com\/hu\/?s={search_term_string}"},"query-input":{"@type":"PropertyValueSpecification","valueRequired":true,"valueName":"search_term_string"}}],"inLanguage":"hu"},{"@type":"Person","@id":"https:\/\/hotnewsinworld.com\/hu\/#\/schema\/person\/fe61448b21c0d59086e75fcc1f9d8f6b","name":"hotnewsinworld","image":{"@type":"ImageObject","inLanguage":"hu","@id":"https:\/\/secure.gravatar.com\/avatar\/8a09ac165600ce2e1c38fe593c63928eb1e6e7ba5c5a907d67787c41b3d00c14?s=96&d=mm&r=g","url":"https:\/\/secure.gravatar.com\/avatar\/8a09ac165600ce2e1c38fe593c63928eb1e6e7ba5c5a907d67787c41b3d00c14?s=96&d=mm&r=g","contentUrl":"https:\/\/secure.gravatar.com\/avatar\/8a09ac165600ce2e1c38fe593c63928eb1e6e7ba5c5a907d67787c41b3d00c14?s=96&d=mm&r=g","caption":"hotnewsinworld"},"url":"https:\/\/hotnewsinworld.com\/hu\/author\/pt\/"}]}},"_links":{"self":[{"href":"https:\/\/hotnewsinworld.com\/hu\/wp-json\/wp\/v2\/posts\/2267","targetHints":{"allow":["GET"]}}],"collection":[{"href":"https:\/\/hotnewsinworld.com\/hu\/wp-json\/wp\/v2\/posts"}],"about":[{"href":"https:\/\/hotnewsinworld.com\/hu\/wp-json\/wp\/v2\/types\/post"}],"author":[{"embeddable":true,"href":"https:\/\/hotnewsinworld.com\/hu\/wp-json\/wp\/v2\/users\/2"}],"replies":[{"embeddable":true,"href":"https:\/\/hotnewsinworld.com\/hu\/wp-json\/wp\/v2\/comments?post=2267"}],"version-history":[{"count":1,"href":"https:\/\/hotnewsinworld.com\/hu\/wp-json\/wp\/v2\/posts\/2267\/revisions"}],"predecessor-version":[{"id":2269,"href":"https:\/\/hotnewsinworld.com\/hu\/wp-json\/wp\/v2\/posts\/2267\/revisions\/2269"}],"wp:featuredmedia":[{"embeddable":true,"href":"https:\/\/hotnewsinworld.com\/hu\/wp-json\/wp\/v2\/media\/2268"}],"wp:attachment":[{"href":"https:\/\/hotnewsinworld.com\/hu\/wp-json\/wp\/v2\/media?parent=2267"}],"wp:term":[{"taxonomy":"category","embeddable":true,"href":"https:\/\/hotnewsinworld.com\/hu\/wp-json\/wp\/v2\/categories?post=2267"},{"taxonomy":"post_tag","embeddable":true,"href":"https:\/\/hotnewsinworld.com\/hu\/wp-json\/wp\/v2\/tags?post=2267"}],"curies":[{"name":"wp","href":"https:\/\/api.w.org\/{rel}","templated":true}]}}