{"id":2270,"date":"2019-09-19T02:07:43","date_gmt":"2019-09-18T23:07:43","guid":{"rendered":"https:\/\/hotnewsinworld.com\/hu\/berki-karacsony-megbukott-zugloban-lokal\/"},"modified":"2019-09-19T02:07:43","modified_gmt":"2019-09-18T23:07:43","slug":"berki-karacsony-megbukott-zugloban-lokal","status":"publish","type":"post","link":"https:\/\/hotnewsinworld.com\/hu\/berki-karacsony-megbukott-zugloban-lokal\/","title":{"rendered":"Berki: Kar\u00e1csony megbukott Zugl\u00f3ban! | Lok\u00e1l"},"content":{"rendered":"<p> Lok\u00e1l, 2019. 09. 19. 00:01Berki Kriszti\u00e1n f\u0151polg\u00e1rmester-jel\u00f6lt tov\u00e1bb folytatja versenyt\u00e1rsaival az ellenz\u00e9ki cirkuszt. A celeb ez\u00fattal Kar\u00e1csony Gergely ker\u00fclete, Zugl\u00f3 rendezetlens\u00e9g\u00e9re \u00e9s kaotikus \u00e1llapotaira szerette volna felh\u00edvni a figyelmet.\u201eZugl\u00f3 2019-ben!!! Kar\u00e1csony Gergely Zugl\u00f3ban megbukott! Ugye nem akarjuk, hogy Budapest is ilyen \u00e1llapotban legyen\u201d \u2013 \u00fczente k\u00f6z\u00f6ss\u00e9gi oldal\u00e1n Berki, miut\u00e1n megosztotta egy omladoz\u00f3 zugl\u00f3i h\u00e1zban k\u00e9sz\u00fclt vide\u00f3j\u00e1t, amit els\u0151k\u00e9nt a Ripost sz\u00fart ki.Kar\u00e1csony Gergely 2015 szeptember\u00e9ben tett \u00edg\u00e9retet a h\u00e1zban l\u00e9v\u0151 \u00e9letvesz\u00e9lyes \u00e1llapotok felsz\u00e1mol\u00e1s\u00e1ra, v\u00e1ltoz\u00e1s azonban az\u00f3ta sem t\u00f6rt\u00e9nt.\u201eZugl\u00f3ban j\u00e1rva olyan dolgokat tapasztal az ember, mintha D\u00e9l-Osz\u00e9ti\u00e1ban lenne. A 21. sz\u00e1zadban ilyen Budapesten, nem fordulhatna el\u0151. Ha Kar\u00e1csony Gergely n\u00e9gy \u00e9vvel ezel\u0151tt azt \u00edg\u00e9ri, hogy lebont egy h\u00e1zat, mert az lakhatatlan, \u00e9s ez nem siker\u00fcl neki, akkor ink\u00e1bb h\u00fazza be f\u00fcl\u00e9t, fark\u00e1t \u00e9s vegyen m\u00e9g egy vitorl\u00e1s inget, majd keressen egy m\u00e1sik szakm\u00e1t, mert ez nem az \u0151 ter\u00fclete. \u00c9s v\u00e9letlen\u00fcl se k\u00e9rjen egy ilyen lak\u00e1s\u00e9rt 20 ezer forint b\u00e9rleti d\u00edjat! Embers\u00e9gb\u0151l 1-esre vizsg\u00e1zott, megbukott. P\u00f3tfelv\u00e9teli 10 \u00e9v m\u00falva\u201d \u2013 mondta a Ripostnak Berki, aki egy vide\u00f3j\u00e1ban egy zugl\u00f3i szem\u00e9tkupacot is bemutatott.Fot\u00f3: Facebook\u00a0Cs\u0151dk\u00f6zelben a ker\u00fclet\u201eZugl\u00f3 gyakorlatilag cs\u0151dbe ment\u201d \u2013 \u00edrta augusztusban az Origo a zugl\u00f3i \u00f6nkorm\u00e1nyzat p\u00e9nz\u00fcgyi bizotts\u00e1g\u00e1nak jegyz\u0151k\u00f6nyvei alapj\u00e1n. Ezekb\u0151l kider\u00fclt, hogy a ker\u00fclet \u2013 egy\u00e9bk\u00e9nt kor\u00e1bban Gyurcs\u00e1ny \u00e1llamtitk\u00e1rak\u00e9nt is dolgoz\u00f3 \u2013 jegyz\u0151je, Papp Imre szerint Zugl\u00f3 k\u00f6lts\u00e9gvet\u00e9se m\u0171k\u00f6d\u00e9sk\u00e9ptelen, fejleszt\u00e9sek nincsenek, bev\u00e9tel pedig csak pap\u00edron l\u00e9tezik. Kar\u00e1csony ker\u00fclete a jegyz\u0151 szerint egy k\u00e9tmilli\u00e1rdos hitelb\u0151l \u00e9l, \u201eami a k\u00f6lts\u00e9gvet\u00e9st h\u00f3napr\u00f3l h\u00f3napra \u00e9letben tartja\u201d.Tov\u00e1bbi cikkek:<br \/>\n<br \/>\n<!--noindex--><br \/>\n<a href=\"https:\/\/hirek.oldal.info\/rssclick\/14408610\" rel=\"nofollow\">Source link <\/a><br \/>\n<!--\/noindex--><\/p>\n","protected":false},"excerpt":{"rendered":"<p>Lok\u00e1l, 2019. 09. 19. 00:01Berki Kriszti\u00e1n f\u0151polg\u00e1rmester-jel\u00f6lt tov\u00e1bb folytatja versenyt\u00e1rsaival az ellenz\u00e9ki cirkuszt. A celeb ez\u00fattal Kar\u00e1csony Gergely ker\u00fclete, Zugl\u00f3 rendezetlens\u00e9g\u00e9re \u00e9s kaotikus \u00e1llapotaira szerette volna felh\u00edvni a figyelmet.\u201eZugl\u00f3 2019-ben!!! Kar\u00e1csony Gergely Zugl\u00f3ban megbukott! Ugye nem akarjuk, hogy Budapest is ilyen \u00e1llapotban legyen\u201d \u2013 \u00fczente k\u00f6z\u00f6ss\u00e9gi oldal\u00e1n Berki, miut\u00e1n megosztotta egy omladoz\u00f3 zugl\u00f3i h\u00e1zban k\u00e9sz\u00fclt [&hellip;]<\/p>\n","protected":false},"author":2,"featured_media":2271,"comment_status":"open","ping_status":"open","sticky":false,"template":"","format":"standard","meta":{"footnotes":""},"categories":[1],"tags":[],"class_list":["post-2270","post","type-post","status-publish","format-standard","has-post-thumbnail","hentry","category-legujabb-penzugyi-hirek"],"yoast_head":"<!-- This site is optimized with the Yoast SEO plugin v27.4 - https:\/\/yoast.com\/product\/yoast-seo-wordpress\/ -->\n<title>Berki: Kar\u00e1csony megbukott Zugl\u00f3ban! | Lok\u00e1l - Hot News in World<\/title>\n<meta name=\"robots\" content=\"index, follow, max-snippet:-1, max-image-preview:large, max-video-preview:-1\" \/>\n<link rel=\"canonical\" href=\"https:\/\/hotnewsinworld.com\/hu\/berki-karacsony-megbukott-zugloban-lokal\/\" \/>\n<meta property=\"og:locale\" content=\"hu_HU\" \/>\n<meta property=\"og:type\" content=\"article\" \/>\n<meta property=\"og:title\" content=\"Berki: Kar\u00e1csony megbukott Zugl\u00f3ban! | Lok\u00e1l - Hot News in World\" \/>\n<meta property=\"og:description\" content=\"Lok\u00e1l, 2019. 09. 19. 00:01Berki Kriszti\u00e1n f\u0151polg\u00e1rmester-jel\u00f6lt tov\u00e1bb folytatja versenyt\u00e1rsaival az ellenz\u00e9ki cirkuszt. A celeb ez\u00fattal Kar\u00e1csony Gergely ker\u00fclete, Zugl\u00f3 rendezetlens\u00e9g\u00e9re \u00e9s kaotikus \u00e1llapotaira szerette volna felh\u00edvni a figyelmet.\u201eZugl\u00f3 2019-ben!!! Kar\u00e1csony Gergely Zugl\u00f3ban megbukott! Ugye nem akarjuk, hogy Budapest is ilyen \u00e1llapotban legyen\u201d \u2013 \u00fczente k\u00f6z\u00f6ss\u00e9gi oldal\u00e1n Berki, miut\u00e1n megosztotta egy omladoz\u00f3 zugl\u00f3i h\u00e1zban k\u00e9sz\u00fclt [&hellip;]\" \/>\n<meta property=\"og:url\" content=\"https:\/\/hotnewsinworld.com\/hu\/berki-karacsony-megbukott-zugloban-lokal\/\" \/>\n<meta property=\"og:site_name\" content=\"Hot News in World\" \/>\n<meta property=\"article:published_time\" content=\"2019-09-18T23:07:43+00:00\" \/>\n<meta property=\"og:image\" content=\"https:\/\/hotnewsinworld.com\/hu\/wp-content\/uploads\/sites\/3\/2019\/09\/Berki-Kar\u00e1csony-megbukott-Zugl\u00f3ban-Lok\u00e1l.jpg\" \/>\n\t<meta property=\"og:image:width\" content=\"441\" \/>\n\t<meta property=\"og:image:height\" content=\"264\" \/>\n\t<meta property=\"og:image:type\" content=\"image\/jpeg\" \/>\n<meta name=\"author\" content=\"hotnewsinworld\" \/>\n<meta name=\"twitter:card\" content=\"summary_large_image\" \/>\n<meta name=\"twitter:label1\" content=\"Szerz\u0151:\" \/>\n\t<meta name=\"twitter:data1\" content=\"hotnewsinworld\" \/>\n\t<meta name=\"twitter:label2\" content=\"Becs\u00fclt olvas\u00e1si id\u0151\" \/>\n\t<meta name=\"twitter:data2\" content=\"2 perc\" \/>\n<script type=\"application\/ld+json\" class=\"yoast-schema-graph\">{\"@context\":\"https:\\\/\\\/schema.org\",\"@graph\":[{\"@type\":\"Article\",\"@id\":\"https:\\\/\\\/hotnewsinworld.com\\\/hu\\\/berki-karacsony-megbukott-zugloban-lokal\\\/#article\",\"isPartOf\":{\"@id\":\"https:\\\/\\\/hotnewsinworld.com\\\/hu\\\/berki-karacsony-megbukott-zugloban-lokal\\\/\"},\"author\":{\"name\":\"hotnewsinworld\",\"@id\":\"https:\\\/\\\/hotnewsinworld.com\\\/hu\\\/#\\\/schema\\\/person\\\/fe61448b21c0d59086e75fcc1f9d8f6b\"},\"headline\":\"Berki: Kar\u00e1csony megbukott Zugl\u00f3ban! | Lok\u00e1l\",\"datePublished\":\"2019-09-18T23:07:43+00:00\",\"mainEntityOfPage\":{\"@id\":\"https:\\\/\\\/hotnewsinworld.com\\\/hu\\\/berki-karacsony-megbukott-zugloban-lokal\\\/\"},\"wordCount\":366,\"commentCount\":0,\"image\":{\"@id\":\"https:\\\/\\\/hotnewsinworld.com\\\/hu\\\/berki-karacsony-megbukott-zugloban-lokal\\\/#primaryimage\"},\"thumbnailUrl\":\"https:\\\/\\\/hotnewsinworld.com\\\/hu\\\/wp-content\\\/uploads\\\/sites\\\/3\\\/2019\\\/09\\\/Berki-Kar\u00e1csony-megbukott-Zugl\u00f3ban-Lok\u00e1l.jpg\",\"articleSection\":[\"LEG\u00daJABB P\u00c9NZ\u00dcGYI H\u00cdREK\"],\"inLanguage\":\"hu\",\"potentialAction\":[{\"@type\":\"CommentAction\",\"name\":\"Comment\",\"target\":[\"https:\\\/\\\/hotnewsinworld.com\\\/hu\\\/berki-karacsony-megbukott-zugloban-lokal\\\/#respond\"]}]},{\"@type\":\"WebPage\",\"@id\":\"https:\\\/\\\/hotnewsinworld.com\\\/hu\\\/berki-karacsony-megbukott-zugloban-lokal\\\/\",\"url\":\"https:\\\/\\\/hotnewsinworld.com\\\/hu\\\/berki-karacsony-megbukott-zugloban-lokal\\\/\",\"name\":\"Berki: Kar\u00e1csony megbukott Zugl\u00f3ban! | Lok\u00e1l - Hot News in World\",\"isPartOf\":{\"@id\":\"https:\\\/\\\/hotnewsinworld.com\\\/hu\\\/#website\"},\"primaryImageOfPage\":{\"@id\":\"https:\\\/\\\/hotnewsinworld.com\\\/hu\\\/berki-karacsony-megbukott-zugloban-lokal\\\/#primaryimage\"},\"image\":{\"@id\":\"https:\\\/\\\/hotnewsinworld.com\\\/hu\\\/berki-karacsony-megbukott-zugloban-lokal\\\/#primaryimage\"},\"thumbnailUrl\":\"https:\\\/\\\/hotnewsinworld.com\\\/hu\\\/wp-content\\\/uploads\\\/sites\\\/3\\\/2019\\\/09\\\/Berki-Kar\u00e1csony-megbukott-Zugl\u00f3ban-Lok\u00e1l.jpg\",\"datePublished\":\"2019-09-18T23:07:43+00:00\",\"author\":{\"@id\":\"https:\\\/\\\/hotnewsinworld.com\\\/hu\\\/#\\\/schema\\\/person\\\/fe61448b21c0d59086e75fcc1f9d8f6b\"},\"breadcrumb\":{\"@id\":\"https:\\\/\\\/hotnewsinworld.com\\\/hu\\\/berki-karacsony-megbukott-zugloban-lokal\\\/#breadcrumb\"},\"inLanguage\":\"hu\",\"potentialAction\":[{\"@type\":\"ReadAction\",\"target\":[\"https:\\\/\\\/hotnewsinworld.com\\\/hu\\\/berki-karacsony-megbukott-zugloban-lokal\\\/\"]}]},{\"@type\":\"ImageObject\",\"inLanguage\":\"hu\",\"@id\":\"https:\\\/\\\/hotnewsinworld.com\\\/hu\\\/berki-karacsony-megbukott-zugloban-lokal\\\/#primaryimage\",\"url\":\"https:\\\/\\\/hotnewsinworld.com\\\/hu\\\/wp-content\\\/uploads\\\/sites\\\/3\\\/2019\\\/09\\\/Berki-Kar\u00e1csony-megbukott-Zugl\u00f3ban-Lok\u00e1l.jpg\",\"contentUrl\":\"https:\\\/\\\/hotnewsinworld.com\\\/hu\\\/wp-content\\\/uploads\\\/sites\\\/3\\\/2019\\\/09\\\/Berki-Kar\u00e1csony-megbukott-Zugl\u00f3ban-Lok\u00e1l.jpg\",\"width\":441,\"height\":264,\"caption\":\"Berki: Kar\u00e1csony megbukott Zugl\u00f3ban! | Lok\u00e1l\"},{\"@type\":\"BreadcrumbList\",\"@id\":\"https:\\\/\\\/hotnewsinworld.com\\\/hu\\\/berki-karacsony-megbukott-zugloban-lokal\\\/#breadcrumb\",\"itemListElement\":[{\"@type\":\"ListItem\",\"position\":1,\"name\":\"\u0413\u043b\u0430\u0432\u043d\u0430\u044f \u0441\u0442\u0440\u0430\u043d\u0438\u0446\u0430\",\"item\":\"https:\\\/\\\/hotnewsinworld.com\\\/hu\\\/\"},{\"@type\":\"ListItem\",\"position\":2,\"name\":\"Berki: Kar\u00e1csony megbukott Zugl\u00f3ban! | Lok\u00e1l\"}]},{\"@type\":\"WebSite\",\"@id\":\"https:\\\/\\\/hotnewsinworld.com\\\/hu\\\/#website\",\"url\":\"https:\\\/\\\/hotnewsinworld.com\\\/hu\\\/\",\"name\":\"Hot News in World\",\"description\":\"Hot News in World from Hungary\",\"potentialAction\":[{\"@type\":\"SearchAction\",\"target\":{\"@type\":\"EntryPoint\",\"urlTemplate\":\"https:\\\/\\\/hotnewsinworld.com\\\/hu\\\/?s={search_term_string}\"},\"query-input\":{\"@type\":\"PropertyValueSpecification\",\"valueRequired\":true,\"valueName\":\"search_term_string\"}}],\"inLanguage\":\"hu\"},{\"@type\":\"Person\",\"@id\":\"https:\\\/\\\/hotnewsinworld.com\\\/hu\\\/#\\\/schema\\\/person\\\/fe61448b21c0d59086e75fcc1f9d8f6b\",\"name\":\"hotnewsinworld\",\"image\":{\"@type\":\"ImageObject\",\"inLanguage\":\"hu\",\"@id\":\"https:\\\/\\\/secure.gravatar.com\\\/avatar\\\/8a09ac165600ce2e1c38fe593c63928eb1e6e7ba5c5a907d67787c41b3d00c14?s=96&d=mm&r=g\",\"url\":\"https:\\\/\\\/secure.gravatar.com\\\/avatar\\\/8a09ac165600ce2e1c38fe593c63928eb1e6e7ba5c5a907d67787c41b3d00c14?s=96&d=mm&r=g\",\"contentUrl\":\"https:\\\/\\\/secure.gravatar.com\\\/avatar\\\/8a09ac165600ce2e1c38fe593c63928eb1e6e7ba5c5a907d67787c41b3d00c14?s=96&d=mm&r=g\",\"caption\":\"hotnewsinworld\"},\"url\":\"https:\\\/\\\/hotnewsinworld.com\\\/hu\\\/author\\\/pt\\\/\"}]}<\/script>\n<!-- \/ Yoast SEO plugin. -->","yoast_head_json":{"title":"Berki: Kar\u00e1csony megbukott Zugl\u00f3ban! | Lok\u00e1l - Hot News in World","robots":{"index":"index","follow":"follow","max-snippet":"max-snippet:-1","max-image-preview":"max-image-preview:large","max-video-preview":"max-video-preview:-1"},"canonical":"https:\/\/hotnewsinworld.com\/hu\/berki-karacsony-megbukott-zugloban-lokal\/","og_locale":"hu_HU","og_type":"article","og_title":"Berki: Kar\u00e1csony megbukott Zugl\u00f3ban! | Lok\u00e1l - Hot News in World","og_description":"Lok\u00e1l, 2019. 09. 19. 00:01Berki Kriszti\u00e1n f\u0151polg\u00e1rmester-jel\u00f6lt tov\u00e1bb folytatja versenyt\u00e1rsaival az ellenz\u00e9ki cirkuszt. A celeb ez\u00fattal Kar\u00e1csony Gergely ker\u00fclete, Zugl\u00f3 rendezetlens\u00e9g\u00e9re \u00e9s kaotikus \u00e1llapotaira szerette volna felh\u00edvni a figyelmet.\u201eZugl\u00f3 2019-ben!!! Kar\u00e1csony Gergely Zugl\u00f3ban megbukott! Ugye nem akarjuk, hogy Budapest is ilyen \u00e1llapotban legyen\u201d \u2013 \u00fczente k\u00f6z\u00f6ss\u00e9gi oldal\u00e1n Berki, miut\u00e1n megosztotta egy omladoz\u00f3 zugl\u00f3i h\u00e1zban k\u00e9sz\u00fclt [&hellip;]","og_url":"https:\/\/hotnewsinworld.com\/hu\/berki-karacsony-megbukott-zugloban-lokal\/","og_site_name":"Hot News in World","article_published_time":"2019-09-18T23:07:43+00:00","og_image":[{"width":441,"height":264,"url":"https:\/\/hotnewsinworld.com\/hu\/wp-content\/uploads\/sites\/3\/2019\/09\/Berki-Kar\u00e1csony-megbukott-Zugl\u00f3ban-Lok\u00e1l.jpg","type":"image\/jpeg"}],"author":"hotnewsinworld","twitter_card":"summary_large_image","twitter_misc":{"Szerz\u0151:":"hotnewsinworld","Becs\u00fclt olvas\u00e1si id\u0151":"2 perc"},"schema":{"@context":"https:\/\/schema.org","@graph":[{"@type":"Article","@id":"https:\/\/hotnewsinworld.com\/hu\/berki-karacsony-megbukott-zugloban-lokal\/#article","isPartOf":{"@id":"https:\/\/hotnewsinworld.com\/hu\/berki-karacsony-megbukott-zugloban-lokal\/"},"author":{"name":"hotnewsinworld","@id":"https:\/\/hotnewsinworld.com\/hu\/#\/schema\/person\/fe61448b21c0d59086e75fcc1f9d8f6b"},"headline":"Berki: Kar\u00e1csony megbukott Zugl\u00f3ban! | Lok\u00e1l","datePublished":"2019-09-18T23:07:43+00:00","mainEntityOfPage":{"@id":"https:\/\/hotnewsinworld.com\/hu\/berki-karacsony-megbukott-zugloban-lokal\/"},"wordCount":366,"commentCount":0,"image":{"@id":"https:\/\/hotnewsinworld.com\/hu\/berki-karacsony-megbukott-zugloban-lokal\/#primaryimage"},"thumbnailUrl":"https:\/\/hotnewsinworld.com\/hu\/wp-content\/uploads\/sites\/3\/2019\/09\/Berki-Kar\u00e1csony-megbukott-Zugl\u00f3ban-Lok\u00e1l.jpg","articleSection":["LEG\u00daJABB P\u00c9NZ\u00dcGYI H\u00cdREK"],"inLanguage":"hu","potentialAction":[{"@type":"CommentAction","name":"Comment","target":["https:\/\/hotnewsinworld.com\/hu\/berki-karacsony-megbukott-zugloban-lokal\/#respond"]}]},{"@type":"WebPage","@id":"https:\/\/hotnewsinworld.com\/hu\/berki-karacsony-megbukott-zugloban-lokal\/","url":"https:\/\/hotnewsinworld.com\/hu\/berki-karacsony-megbukott-zugloban-lokal\/","name":"Berki: Kar\u00e1csony megbukott Zugl\u00f3ban! | Lok\u00e1l - Hot News in World","isPartOf":{"@id":"https:\/\/hotnewsinworld.com\/hu\/#website"},"primaryImageOfPage":{"@id":"https:\/\/hotnewsinworld.com\/hu\/berki-karacsony-megbukott-zugloban-lokal\/#primaryimage"},"image":{"@id":"https:\/\/hotnewsinworld.com\/hu\/berki-karacsony-megbukott-zugloban-lokal\/#primaryimage"},"thumbnailUrl":"https:\/\/hotnewsinworld.com\/hu\/wp-content\/uploads\/sites\/3\/2019\/09\/Berki-Kar\u00e1csony-megbukott-Zugl\u00f3ban-Lok\u00e1l.jpg","datePublished":"2019-09-18T23:07:43+00:00","author":{"@id":"https:\/\/hotnewsinworld.com\/hu\/#\/schema\/person\/fe61448b21c0d59086e75fcc1f9d8f6b"},"breadcrumb":{"@id":"https:\/\/hotnewsinworld.com\/hu\/berki-karacsony-megbukott-zugloban-lokal\/#breadcrumb"},"inLanguage":"hu","potentialAction":[{"@type":"ReadAction","target":["https:\/\/hotnewsinworld.com\/hu\/berki-karacsony-megbukott-zugloban-lokal\/"]}]},{"@type":"ImageObject","inLanguage":"hu","@id":"https:\/\/hotnewsinworld.com\/hu\/berki-karacsony-megbukott-zugloban-lokal\/#primaryimage","url":"https:\/\/hotnewsinworld.com\/hu\/wp-content\/uploads\/sites\/3\/2019\/09\/Berki-Kar\u00e1csony-megbukott-Zugl\u00f3ban-Lok\u00e1l.jpg","contentUrl":"https:\/\/hotnewsinworld.com\/hu\/wp-content\/uploads\/sites\/3\/2019\/09\/Berki-Kar\u00e1csony-megbukott-Zugl\u00f3ban-Lok\u00e1l.jpg","width":441,"height":264,"caption":"Berki: Kar\u00e1csony megbukott Zugl\u00f3ban! | Lok\u00e1l"},{"@type":"BreadcrumbList","@id":"https:\/\/hotnewsinworld.com\/hu\/berki-karacsony-megbukott-zugloban-lokal\/#breadcrumb","itemListElement":[{"@type":"ListItem","position":1,"name":"\u0413\u043b\u0430\u0432\u043d\u0430\u044f \u0441\u0442\u0440\u0430\u043d\u0438\u0446\u0430","item":"https:\/\/hotnewsinworld.com\/hu\/"},{"@type":"ListItem","position":2,"name":"Berki: Kar\u00e1csony megbukott Zugl\u00f3ban! | Lok\u00e1l"}]},{"@type":"WebSite","@id":"https:\/\/hotnewsinworld.com\/hu\/#website","url":"https:\/\/hotnewsinworld.com\/hu\/","name":"Hot News in World","description":"Hot News in World from Hungary","potentialAction":[{"@type":"SearchAction","target":{"@type":"EntryPoint","urlTemplate":"https:\/\/hotnewsinworld.com\/hu\/?s={search_term_string}"},"query-input":{"@type":"PropertyValueSpecification","valueRequired":true,"valueName":"search_term_string"}}],"inLanguage":"hu"},{"@type":"Person","@id":"https:\/\/hotnewsinworld.com\/hu\/#\/schema\/person\/fe61448b21c0d59086e75fcc1f9d8f6b","name":"hotnewsinworld","image":{"@type":"ImageObject","inLanguage":"hu","@id":"https:\/\/secure.gravatar.com\/avatar\/8a09ac165600ce2e1c38fe593c63928eb1e6e7ba5c5a907d67787c41b3d00c14?s=96&d=mm&r=g","url":"https:\/\/secure.gravatar.com\/avatar\/8a09ac165600ce2e1c38fe593c63928eb1e6e7ba5c5a907d67787c41b3d00c14?s=96&d=mm&r=g","contentUrl":"https:\/\/secure.gravatar.com\/avatar\/8a09ac165600ce2e1c38fe593c63928eb1e6e7ba5c5a907d67787c41b3d00c14?s=96&d=mm&r=g","caption":"hotnewsinworld"},"url":"https:\/\/hotnewsinworld.com\/hu\/author\/pt\/"}]}},"_links":{"self":[{"href":"https:\/\/hotnewsinworld.com\/hu\/wp-json\/wp\/v2\/posts\/2270","targetHints":{"allow":["GET"]}}],"collection":[{"href":"https:\/\/hotnewsinworld.com\/hu\/wp-json\/wp\/v2\/posts"}],"about":[{"href":"https:\/\/hotnewsinworld.com\/hu\/wp-json\/wp\/v2\/types\/post"}],"author":[{"embeddable":true,"href":"https:\/\/hotnewsinworld.com\/hu\/wp-json\/wp\/v2\/users\/2"}],"replies":[{"embeddable":true,"href":"https:\/\/hotnewsinworld.com\/hu\/wp-json\/wp\/v2\/comments?post=2270"}],"version-history":[{"count":1,"href":"https:\/\/hotnewsinworld.com\/hu\/wp-json\/wp\/v2\/posts\/2270\/revisions"}],"predecessor-version":[{"id":2272,"href":"https:\/\/hotnewsinworld.com\/hu\/wp-json\/wp\/v2\/posts\/2270\/revisions\/2272"}],"wp:featuredmedia":[{"embeddable":true,"href":"https:\/\/hotnewsinworld.com\/hu\/wp-json\/wp\/v2\/media\/2271"}],"wp:attachment":[{"href":"https:\/\/hotnewsinworld.com\/hu\/wp-json\/wp\/v2\/media?parent=2270"}],"wp:term":[{"taxonomy":"category","embeddable":true,"href":"https:\/\/hotnewsinworld.com\/hu\/wp-json\/wp\/v2\/categories?post=2270"},{"taxonomy":"post_tag","embeddable":true,"href":"https:\/\/hotnewsinworld.com\/hu\/wp-json\/wp\/v2\/tags?post=2270"}],"curies":[{"name":"wp","href":"https:\/\/api.w.org\/{rel}","templated":true}]}}