{"id":2319,"date":"2019-09-20T02:46:49","date_gmt":"2019-09-19T23:46:49","guid":{"rendered":"https:\/\/hotnewsinworld.com\/hu\/lezarasok-lesznek-a-hetvegen-budapesten\/"},"modified":"2019-09-20T02:46:50","modified_gmt":"2019-09-19T23:46:50","slug":"lezarasok-lesznek-a-hetvegen-budapesten","status":"publish","type":"post","link":"https:\/\/hotnewsinworld.com\/hu\/lezarasok-lesznek-a-hetvegen-budapesten\/","title":{"rendered":"Lez\u00e1r\u00e1sok lesznek a h\u00e9tv\u00e9g\u00e9n Budapesten"},"content":{"rendered":"<p>\t\t\t\t\tAz Eur\u00f3pai Mobilit\u00e1si H\u00e9t rendezv\u00e9nyeihez kapcsol\u00f3dva a h\u00e9tv\u00e9g\u00e9n rendezik meg Budapesten az aut\u00f3mentes napot, p\u00e9ntekt\u0151l h\u00e9tf\u0151 hajnalig lez\u00e1rj\u00e1k az Andr\u00e1ssy \u00fat egy szakasz\u00e1t, emiatt v\u00e1ltozik a t\u00f6megk\u00f6zleked\u00e9s menetrendje \u2013 k\u00f6z\u00f6lte cs\u00fct\u00f6rt\u00f6k\u00f6n a Budapesti K\u00f6zleked\u00e9si K\u00f6zpont.<br \/>\nA rendezv\u00e9ny miatt az Andr\u00e1ssy \u00fat a Bajcsy-Zsilinszky \u00fat \u00e9s a Bajza utca k\u00f6z\u00f6tti szakaszon lesz lez\u00e1rva a forgalom el\u0151l p\u00e9ntek d\u00e9lut\u00e1nt\u00f3l h\u00e9tf\u0151 hajnalig, az aut\u00f3forgalom el\u0151l lez\u00e1rt \u00fatszakaszon csak az Oktogonon kereszt\u00fcl lehet majd g\u00e9pkocsival \u00e1thaladni. Szombaton d\u00e9lel\u0151tt a D\u00f3zsa Gy\u00f6rgy utat is lez\u00e1rj\u00e1k a Podmaniczky utca \u00e9s a V\u00e1rosligeti fasor k\u00f6z\u00f6tt.<br \/>\nA lez\u00e1r\u00e1sok miatt p\u00e9ntekt\u0151l h\u00e9tf\u0151 hajnalig a 105-\u00f6s \u00e9s a 979-es busz az eredetit\u0151l elt\u00e9r\u0151 \u00fatvonalon sz\u00e1ll\u00edtja az utasokat, vas\u00e1rnap d\u00e9lel\u0151tt ugyanilyen v\u00e1ltoz\u00e1sra kell sz\u00e1m\u00edtani a 20E, a 30-as, 30A \u00e9s 230-as busz, valamint a 75-\u00f6s troli eset\u00e9ben is.<br \/>\nA rendezv\u00e9nnyel p\u00e1rhuzamosan R\u00e1kosment\u00e9n is megtartj\u00e1k az aut\u00f3mentes napot, amely miatt szombaton lez\u00e1rj\u00e1k a forgalom el\u0151l a Ferihegyi utat a Pesti \u00fat \u00e9s a Gy\u00f6k\u00e9r utca k\u00f6z\u00f6tt. A 46-os, a 98-as \u00e9s a 980-as busz terelve k\u00f6zlekedik.<br \/>\n(MTI, kiemelt k\u00e9p\u00fcnk illusztr\u00e1ci\u00f3, fot\u00f3: MTI\/M\u00e1th\u00e9 Zolt\u00e1n)<\/p>\n<p>\n<!--noindex--><br \/>\n<a href=\"https:\/\/hirek.oldal.info\/rssclick\/14411713\" rel=\"nofollow\">Source link <\/a><br \/>\n<!--\/noindex--><\/p>\n","protected":false},"excerpt":{"rendered":"<p>Az Eur\u00f3pai Mobilit\u00e1si H\u00e9t rendezv\u00e9nyeihez kapcsol\u00f3dva a h\u00e9tv\u00e9g\u00e9n rendezik meg Budapesten az aut\u00f3mentes napot, p\u00e9ntekt\u0151l h\u00e9tf\u0151 hajnalig lez\u00e1rj\u00e1k az Andr\u00e1ssy \u00fat egy szakasz\u00e1t, emiatt v\u00e1ltozik a t\u00f6megk\u00f6zleked\u00e9s menetrendje \u2013 k\u00f6z\u00f6lte cs\u00fct\u00f6rt\u00f6k\u00f6n a Budapesti K\u00f6zleked\u00e9si K\u00f6zpont. A rendezv\u00e9ny miatt az Andr\u00e1ssy \u00fat a Bajcsy-Zsilinszky \u00fat \u00e9s a Bajza utca k\u00f6z\u00f6tti szakaszon lesz lez\u00e1rva a forgalom el\u0151l [&hellip;]<\/p>\n","protected":false},"author":2,"featured_media":2320,"comment_status":"open","ping_status":"open","sticky":false,"template":"","format":"standard","meta":{"footnotes":""},"categories":[1],"tags":[],"class_list":["post-2319","post","type-post","status-publish","format-standard","has-post-thumbnail","hentry","category-legujabb-penzugyi-hirek"],"yoast_head":"<!-- This site is optimized with the Yoast SEO plugin v27.4 - https:\/\/yoast.com\/product\/yoast-seo-wordpress\/ -->\n<title>Lez\u00e1r\u00e1sok lesznek a h\u00e9tv\u00e9g\u00e9n Budapesten - Hot News in World<\/title>\n<meta name=\"robots\" content=\"index, follow, max-snippet:-1, max-image-preview:large, max-video-preview:-1\" \/>\n<link rel=\"canonical\" href=\"https:\/\/hotnewsinworld.com\/hu\/lezarasok-lesznek-a-hetvegen-budapesten\/\" \/>\n<meta property=\"og:locale\" content=\"hu_HU\" \/>\n<meta property=\"og:type\" content=\"article\" \/>\n<meta property=\"og:title\" content=\"Lez\u00e1r\u00e1sok lesznek a h\u00e9tv\u00e9g\u00e9n Budapesten - Hot News in World\" \/>\n<meta property=\"og:description\" content=\"Az Eur\u00f3pai Mobilit\u00e1si H\u00e9t rendezv\u00e9nyeihez kapcsol\u00f3dva a h\u00e9tv\u00e9g\u00e9n rendezik meg Budapesten az aut\u00f3mentes napot, p\u00e9ntekt\u0151l h\u00e9tf\u0151 hajnalig lez\u00e1rj\u00e1k az Andr\u00e1ssy \u00fat egy szakasz\u00e1t, emiatt v\u00e1ltozik a t\u00f6megk\u00f6zleked\u00e9s menetrendje \u2013 k\u00f6z\u00f6lte cs\u00fct\u00f6rt\u00f6k\u00f6n a Budapesti K\u00f6zleked\u00e9si K\u00f6zpont. A rendezv\u00e9ny miatt az Andr\u00e1ssy \u00fat a Bajcsy-Zsilinszky \u00fat \u00e9s a Bajza utca k\u00f6z\u00f6tti szakaszon lesz lez\u00e1rva a forgalom el\u0151l [&hellip;]\" \/>\n<meta property=\"og:url\" content=\"https:\/\/hotnewsinworld.com\/hu\/lezarasok-lesznek-a-hetvegen-budapesten\/\" \/>\n<meta property=\"og:site_name\" content=\"Hot News in World\" \/>\n<meta property=\"article:published_time\" content=\"2019-09-19T23:46:49+00:00\" \/>\n<meta property=\"article:modified_time\" content=\"2019-09-19T23:46:50+00:00\" \/>\n<meta property=\"og:image\" content=\"https:\/\/hotnewsinworld.com\/hu\/wp-content\/uploads\/sites\/3\/2019\/09\/Lez\u00e1r\u00e1sok-lesznek-a-h\u00e9tv\u00e9g\u00e9n-Budapesten.jpg\" \/>\n\t<meta property=\"og:image:width\" content=\"1024\" \/>\n\t<meta property=\"og:image:height\" content=\"576\" \/>\n\t<meta property=\"og:image:type\" content=\"image\/jpeg\" \/>\n<meta name=\"author\" content=\"hotnewsinworld\" \/>\n<meta name=\"twitter:card\" content=\"summary_large_image\" \/>\n<meta name=\"twitter:label1\" content=\"Szerz\u0151:\" \/>\n\t<meta name=\"twitter:data1\" content=\"hotnewsinworld\" \/>\n\t<meta name=\"twitter:label2\" content=\"Becs\u00fclt olvas\u00e1si id\u0151\" \/>\n\t<meta name=\"twitter:data2\" content=\"1 perc\" \/>\n<script type=\"application\/ld+json\" class=\"yoast-schema-graph\">{\"@context\":\"https:\\\/\\\/schema.org\",\"@graph\":[{\"@type\":\"Article\",\"@id\":\"https:\\\/\\\/hotnewsinworld.com\\\/hu\\\/lezarasok-lesznek-a-hetvegen-budapesten\\\/#article\",\"isPartOf\":{\"@id\":\"https:\\\/\\\/hotnewsinworld.com\\\/hu\\\/lezarasok-lesznek-a-hetvegen-budapesten\\\/\"},\"author\":{\"name\":\"hotnewsinworld\",\"@id\":\"https:\\\/\\\/hotnewsinworld.com\\\/hu\\\/#\\\/schema\\\/person\\\/fe61448b21c0d59086e75fcc1f9d8f6b\"},\"headline\":\"Lez\u00e1r\u00e1sok lesznek a h\u00e9tv\u00e9g\u00e9n Budapesten\",\"datePublished\":\"2019-09-19T23:46:49+00:00\",\"dateModified\":\"2019-09-19T23:46:50+00:00\",\"mainEntityOfPage\":{\"@id\":\"https:\\\/\\\/hotnewsinworld.com\\\/hu\\\/lezarasok-lesznek-a-hetvegen-budapesten\\\/\"},\"wordCount\":275,\"commentCount\":0,\"image\":{\"@id\":\"https:\\\/\\\/hotnewsinworld.com\\\/hu\\\/lezarasok-lesznek-a-hetvegen-budapesten\\\/#primaryimage\"},\"thumbnailUrl\":\"https:\\\/\\\/hotnewsinworld.com\\\/hu\\\/wp-content\\\/uploads\\\/sites\\\/3\\\/2019\\\/09\\\/Lez\u00e1r\u00e1sok-lesznek-a-h\u00e9tv\u00e9g\u00e9n-Budapesten.jpg\",\"articleSection\":[\"LEG\u00daJABB P\u00c9NZ\u00dcGYI H\u00cdREK\"],\"inLanguage\":\"hu\",\"potentialAction\":[{\"@type\":\"CommentAction\",\"name\":\"Comment\",\"target\":[\"https:\\\/\\\/hotnewsinworld.com\\\/hu\\\/lezarasok-lesznek-a-hetvegen-budapesten\\\/#respond\"]}]},{\"@type\":\"WebPage\",\"@id\":\"https:\\\/\\\/hotnewsinworld.com\\\/hu\\\/lezarasok-lesznek-a-hetvegen-budapesten\\\/\",\"url\":\"https:\\\/\\\/hotnewsinworld.com\\\/hu\\\/lezarasok-lesznek-a-hetvegen-budapesten\\\/\",\"name\":\"Lez\u00e1r\u00e1sok lesznek a h\u00e9tv\u00e9g\u00e9n Budapesten - Hot News in World\",\"isPartOf\":{\"@id\":\"https:\\\/\\\/hotnewsinworld.com\\\/hu\\\/#website\"},\"primaryImageOfPage\":{\"@id\":\"https:\\\/\\\/hotnewsinworld.com\\\/hu\\\/lezarasok-lesznek-a-hetvegen-budapesten\\\/#primaryimage\"},\"image\":{\"@id\":\"https:\\\/\\\/hotnewsinworld.com\\\/hu\\\/lezarasok-lesznek-a-hetvegen-budapesten\\\/#primaryimage\"},\"thumbnailUrl\":\"https:\\\/\\\/hotnewsinworld.com\\\/hu\\\/wp-content\\\/uploads\\\/sites\\\/3\\\/2019\\\/09\\\/Lez\u00e1r\u00e1sok-lesznek-a-h\u00e9tv\u00e9g\u00e9n-Budapesten.jpg\",\"datePublished\":\"2019-09-19T23:46:49+00:00\",\"dateModified\":\"2019-09-19T23:46:50+00:00\",\"author\":{\"@id\":\"https:\\\/\\\/hotnewsinworld.com\\\/hu\\\/#\\\/schema\\\/person\\\/fe61448b21c0d59086e75fcc1f9d8f6b\"},\"breadcrumb\":{\"@id\":\"https:\\\/\\\/hotnewsinworld.com\\\/hu\\\/lezarasok-lesznek-a-hetvegen-budapesten\\\/#breadcrumb\"},\"inLanguage\":\"hu\",\"potentialAction\":[{\"@type\":\"ReadAction\",\"target\":[\"https:\\\/\\\/hotnewsinworld.com\\\/hu\\\/lezarasok-lesznek-a-hetvegen-budapesten\\\/\"]}]},{\"@type\":\"ImageObject\",\"inLanguage\":\"hu\",\"@id\":\"https:\\\/\\\/hotnewsinworld.com\\\/hu\\\/lezarasok-lesznek-a-hetvegen-budapesten\\\/#primaryimage\",\"url\":\"https:\\\/\\\/hotnewsinworld.com\\\/hu\\\/wp-content\\\/uploads\\\/sites\\\/3\\\/2019\\\/09\\\/Lez\u00e1r\u00e1sok-lesznek-a-h\u00e9tv\u00e9g\u00e9n-Budapesten.jpg\",\"contentUrl\":\"https:\\\/\\\/hotnewsinworld.com\\\/hu\\\/wp-content\\\/uploads\\\/sites\\\/3\\\/2019\\\/09\\\/Lez\u00e1r\u00e1sok-lesznek-a-h\u00e9tv\u00e9g\u00e9n-Budapesten.jpg\",\"width\":1024,\"height\":576,\"caption\":\"Lez\u00e1r\u00e1sok lesznek a h\u00e9tv\u00e9g\u00e9n Budapesten\"},{\"@type\":\"BreadcrumbList\",\"@id\":\"https:\\\/\\\/hotnewsinworld.com\\\/hu\\\/lezarasok-lesznek-a-hetvegen-budapesten\\\/#breadcrumb\",\"itemListElement\":[{\"@type\":\"ListItem\",\"position\":1,\"name\":\"\u0413\u043b\u0430\u0432\u043d\u0430\u044f \u0441\u0442\u0440\u0430\u043d\u0438\u0446\u0430\",\"item\":\"https:\\\/\\\/hotnewsinworld.com\\\/hu\\\/\"},{\"@type\":\"ListItem\",\"position\":2,\"name\":\"Lez\u00e1r\u00e1sok lesznek a h\u00e9tv\u00e9g\u00e9n Budapesten\"}]},{\"@type\":\"WebSite\",\"@id\":\"https:\\\/\\\/hotnewsinworld.com\\\/hu\\\/#website\",\"url\":\"https:\\\/\\\/hotnewsinworld.com\\\/hu\\\/\",\"name\":\"Hot News in World\",\"description\":\"Hot News in World from Hungary\",\"potentialAction\":[{\"@type\":\"SearchAction\",\"target\":{\"@type\":\"EntryPoint\",\"urlTemplate\":\"https:\\\/\\\/hotnewsinworld.com\\\/hu\\\/?s={search_term_string}\"},\"query-input\":{\"@type\":\"PropertyValueSpecification\",\"valueRequired\":true,\"valueName\":\"search_term_string\"}}],\"inLanguage\":\"hu\"},{\"@type\":\"Person\",\"@id\":\"https:\\\/\\\/hotnewsinworld.com\\\/hu\\\/#\\\/schema\\\/person\\\/fe61448b21c0d59086e75fcc1f9d8f6b\",\"name\":\"hotnewsinworld\",\"image\":{\"@type\":\"ImageObject\",\"inLanguage\":\"hu\",\"@id\":\"https:\\\/\\\/secure.gravatar.com\\\/avatar\\\/8a09ac165600ce2e1c38fe593c63928eb1e6e7ba5c5a907d67787c41b3d00c14?s=96&d=mm&r=g\",\"url\":\"https:\\\/\\\/secure.gravatar.com\\\/avatar\\\/8a09ac165600ce2e1c38fe593c63928eb1e6e7ba5c5a907d67787c41b3d00c14?s=96&d=mm&r=g\",\"contentUrl\":\"https:\\\/\\\/secure.gravatar.com\\\/avatar\\\/8a09ac165600ce2e1c38fe593c63928eb1e6e7ba5c5a907d67787c41b3d00c14?s=96&d=mm&r=g\",\"caption\":\"hotnewsinworld\"},\"url\":\"https:\\\/\\\/hotnewsinworld.com\\\/hu\\\/author\\\/pt\\\/\"}]}<\/script>\n<!-- \/ Yoast SEO plugin. -->","yoast_head_json":{"title":"Lez\u00e1r\u00e1sok lesznek a h\u00e9tv\u00e9g\u00e9n Budapesten - Hot News in World","robots":{"index":"index","follow":"follow","max-snippet":"max-snippet:-1","max-image-preview":"max-image-preview:large","max-video-preview":"max-video-preview:-1"},"canonical":"https:\/\/hotnewsinworld.com\/hu\/lezarasok-lesznek-a-hetvegen-budapesten\/","og_locale":"hu_HU","og_type":"article","og_title":"Lez\u00e1r\u00e1sok lesznek a h\u00e9tv\u00e9g\u00e9n Budapesten - Hot News in World","og_description":"Az Eur\u00f3pai Mobilit\u00e1si H\u00e9t rendezv\u00e9nyeihez kapcsol\u00f3dva a h\u00e9tv\u00e9g\u00e9n rendezik meg Budapesten az aut\u00f3mentes napot, p\u00e9ntekt\u0151l h\u00e9tf\u0151 hajnalig lez\u00e1rj\u00e1k az Andr\u00e1ssy \u00fat egy szakasz\u00e1t, emiatt v\u00e1ltozik a t\u00f6megk\u00f6zleked\u00e9s menetrendje \u2013 k\u00f6z\u00f6lte cs\u00fct\u00f6rt\u00f6k\u00f6n a Budapesti K\u00f6zleked\u00e9si K\u00f6zpont. A rendezv\u00e9ny miatt az Andr\u00e1ssy \u00fat a Bajcsy-Zsilinszky \u00fat \u00e9s a Bajza utca k\u00f6z\u00f6tti szakaszon lesz lez\u00e1rva a forgalom el\u0151l [&hellip;]","og_url":"https:\/\/hotnewsinworld.com\/hu\/lezarasok-lesznek-a-hetvegen-budapesten\/","og_site_name":"Hot News in World","article_published_time":"2019-09-19T23:46:49+00:00","article_modified_time":"2019-09-19T23:46:50+00:00","og_image":[{"width":1024,"height":576,"url":"https:\/\/hotnewsinworld.com\/hu\/wp-content\/uploads\/sites\/3\/2019\/09\/Lez\u00e1r\u00e1sok-lesznek-a-h\u00e9tv\u00e9g\u00e9n-Budapesten.jpg","type":"image\/jpeg"}],"author":"hotnewsinworld","twitter_card":"summary_large_image","twitter_misc":{"Szerz\u0151:":"hotnewsinworld","Becs\u00fclt olvas\u00e1si id\u0151":"1 perc"},"schema":{"@context":"https:\/\/schema.org","@graph":[{"@type":"Article","@id":"https:\/\/hotnewsinworld.com\/hu\/lezarasok-lesznek-a-hetvegen-budapesten\/#article","isPartOf":{"@id":"https:\/\/hotnewsinworld.com\/hu\/lezarasok-lesznek-a-hetvegen-budapesten\/"},"author":{"name":"hotnewsinworld","@id":"https:\/\/hotnewsinworld.com\/hu\/#\/schema\/person\/fe61448b21c0d59086e75fcc1f9d8f6b"},"headline":"Lez\u00e1r\u00e1sok lesznek a h\u00e9tv\u00e9g\u00e9n Budapesten","datePublished":"2019-09-19T23:46:49+00:00","dateModified":"2019-09-19T23:46:50+00:00","mainEntityOfPage":{"@id":"https:\/\/hotnewsinworld.com\/hu\/lezarasok-lesznek-a-hetvegen-budapesten\/"},"wordCount":275,"commentCount":0,"image":{"@id":"https:\/\/hotnewsinworld.com\/hu\/lezarasok-lesznek-a-hetvegen-budapesten\/#primaryimage"},"thumbnailUrl":"https:\/\/hotnewsinworld.com\/hu\/wp-content\/uploads\/sites\/3\/2019\/09\/Lez\u00e1r\u00e1sok-lesznek-a-h\u00e9tv\u00e9g\u00e9n-Budapesten.jpg","articleSection":["LEG\u00daJABB P\u00c9NZ\u00dcGYI H\u00cdREK"],"inLanguage":"hu","potentialAction":[{"@type":"CommentAction","name":"Comment","target":["https:\/\/hotnewsinworld.com\/hu\/lezarasok-lesznek-a-hetvegen-budapesten\/#respond"]}]},{"@type":"WebPage","@id":"https:\/\/hotnewsinworld.com\/hu\/lezarasok-lesznek-a-hetvegen-budapesten\/","url":"https:\/\/hotnewsinworld.com\/hu\/lezarasok-lesznek-a-hetvegen-budapesten\/","name":"Lez\u00e1r\u00e1sok lesznek a h\u00e9tv\u00e9g\u00e9n Budapesten - Hot News in World","isPartOf":{"@id":"https:\/\/hotnewsinworld.com\/hu\/#website"},"primaryImageOfPage":{"@id":"https:\/\/hotnewsinworld.com\/hu\/lezarasok-lesznek-a-hetvegen-budapesten\/#primaryimage"},"image":{"@id":"https:\/\/hotnewsinworld.com\/hu\/lezarasok-lesznek-a-hetvegen-budapesten\/#primaryimage"},"thumbnailUrl":"https:\/\/hotnewsinworld.com\/hu\/wp-content\/uploads\/sites\/3\/2019\/09\/Lez\u00e1r\u00e1sok-lesznek-a-h\u00e9tv\u00e9g\u00e9n-Budapesten.jpg","datePublished":"2019-09-19T23:46:49+00:00","dateModified":"2019-09-19T23:46:50+00:00","author":{"@id":"https:\/\/hotnewsinworld.com\/hu\/#\/schema\/person\/fe61448b21c0d59086e75fcc1f9d8f6b"},"breadcrumb":{"@id":"https:\/\/hotnewsinworld.com\/hu\/lezarasok-lesznek-a-hetvegen-budapesten\/#breadcrumb"},"inLanguage":"hu","potentialAction":[{"@type":"ReadAction","target":["https:\/\/hotnewsinworld.com\/hu\/lezarasok-lesznek-a-hetvegen-budapesten\/"]}]},{"@type":"ImageObject","inLanguage":"hu","@id":"https:\/\/hotnewsinworld.com\/hu\/lezarasok-lesznek-a-hetvegen-budapesten\/#primaryimage","url":"https:\/\/hotnewsinworld.com\/hu\/wp-content\/uploads\/sites\/3\/2019\/09\/Lez\u00e1r\u00e1sok-lesznek-a-h\u00e9tv\u00e9g\u00e9n-Budapesten.jpg","contentUrl":"https:\/\/hotnewsinworld.com\/hu\/wp-content\/uploads\/sites\/3\/2019\/09\/Lez\u00e1r\u00e1sok-lesznek-a-h\u00e9tv\u00e9g\u00e9n-Budapesten.jpg","width":1024,"height":576,"caption":"Lez\u00e1r\u00e1sok lesznek a h\u00e9tv\u00e9g\u00e9n Budapesten"},{"@type":"BreadcrumbList","@id":"https:\/\/hotnewsinworld.com\/hu\/lezarasok-lesznek-a-hetvegen-budapesten\/#breadcrumb","itemListElement":[{"@type":"ListItem","position":1,"name":"\u0413\u043b\u0430\u0432\u043d\u0430\u044f \u0441\u0442\u0440\u0430\u043d\u0438\u0446\u0430","item":"https:\/\/hotnewsinworld.com\/hu\/"},{"@type":"ListItem","position":2,"name":"Lez\u00e1r\u00e1sok lesznek a h\u00e9tv\u00e9g\u00e9n Budapesten"}]},{"@type":"WebSite","@id":"https:\/\/hotnewsinworld.com\/hu\/#website","url":"https:\/\/hotnewsinworld.com\/hu\/","name":"Hot News in World","description":"Hot News in World from Hungary","potentialAction":[{"@type":"SearchAction","target":{"@type":"EntryPoint","urlTemplate":"https:\/\/hotnewsinworld.com\/hu\/?s={search_term_string}"},"query-input":{"@type":"PropertyValueSpecification","valueRequired":true,"valueName":"search_term_string"}}],"inLanguage":"hu"},{"@type":"Person","@id":"https:\/\/hotnewsinworld.com\/hu\/#\/schema\/person\/fe61448b21c0d59086e75fcc1f9d8f6b","name":"hotnewsinworld","image":{"@type":"ImageObject","inLanguage":"hu","@id":"https:\/\/secure.gravatar.com\/avatar\/8a09ac165600ce2e1c38fe593c63928eb1e6e7ba5c5a907d67787c41b3d00c14?s=96&d=mm&r=g","url":"https:\/\/secure.gravatar.com\/avatar\/8a09ac165600ce2e1c38fe593c63928eb1e6e7ba5c5a907d67787c41b3d00c14?s=96&d=mm&r=g","contentUrl":"https:\/\/secure.gravatar.com\/avatar\/8a09ac165600ce2e1c38fe593c63928eb1e6e7ba5c5a907d67787c41b3d00c14?s=96&d=mm&r=g","caption":"hotnewsinworld"},"url":"https:\/\/hotnewsinworld.com\/hu\/author\/pt\/"}]}},"_links":{"self":[{"href":"https:\/\/hotnewsinworld.com\/hu\/wp-json\/wp\/v2\/posts\/2319","targetHints":{"allow":["GET"]}}],"collection":[{"href":"https:\/\/hotnewsinworld.com\/hu\/wp-json\/wp\/v2\/posts"}],"about":[{"href":"https:\/\/hotnewsinworld.com\/hu\/wp-json\/wp\/v2\/types\/post"}],"author":[{"embeddable":true,"href":"https:\/\/hotnewsinworld.com\/hu\/wp-json\/wp\/v2\/users\/2"}],"replies":[{"embeddable":true,"href":"https:\/\/hotnewsinworld.com\/hu\/wp-json\/wp\/v2\/comments?post=2319"}],"version-history":[{"count":1,"href":"https:\/\/hotnewsinworld.com\/hu\/wp-json\/wp\/v2\/posts\/2319\/revisions"}],"predecessor-version":[{"id":2321,"href":"https:\/\/hotnewsinworld.com\/hu\/wp-json\/wp\/v2\/posts\/2319\/revisions\/2321"}],"wp:featuredmedia":[{"embeddable":true,"href":"https:\/\/hotnewsinworld.com\/hu\/wp-json\/wp\/v2\/media\/2320"}],"wp:attachment":[{"href":"https:\/\/hotnewsinworld.com\/hu\/wp-json\/wp\/v2\/media?parent=2319"}],"wp:term":[{"taxonomy":"category","embeddable":true,"href":"https:\/\/hotnewsinworld.com\/hu\/wp-json\/wp\/v2\/categories?post=2319"},{"taxonomy":"post_tag","embeddable":true,"href":"https:\/\/hotnewsinworld.com\/hu\/wp-json\/wp\/v2\/tags?post=2319"}],"curies":[{"name":"wp","href":"https:\/\/api.w.org\/{rel}","templated":true}]}}