{"id":2322,"date":"2019-09-20T04:07:37","date_gmt":"2019-09-20T01:07:37","guid":{"rendered":"https:\/\/hotnewsinworld.com\/hu\/orban-magyarorszagnak-kell-alkotmanyvedelem\/"},"modified":"2019-09-20T04:07:38","modified_gmt":"2019-09-20T01:07:38","slug":"orban-magyarorszagnak-kell-alkotmanyvedelem","status":"publish","type":"post","link":"https:\/\/hotnewsinworld.com\/hu\/orban-magyarorszagnak-kell-alkotmanyvedelem\/","title":{"rendered":"Orb\u00e1n: Magyarorsz\u00e1gnak kell alkotm\u00e1nyv\u00e9delem"},"content":{"rendered":"<p>\tA modern magyar \u00e1llamnak sz\u00fcks\u00e9ge van titkosszolg\u00e1latra, alkotm\u00e1nyv\u00e9delemre, nemzetbiztons\u00e1gi szolg\u00e1latokra, \u00e9s minden hasonl\u00f3 tev\u00e9kenys\u00e9gre &#8211; jelentette ki Orb\u00e1n Viktor minisztereln\u00f6k cs\u00fct\u00f6rt\u00f6k\u00f6n Budapesten, az Alkotm\u00e1nyv\u00e9delmi Hivatal (AH) \u00faj, XI. ker\u00fcleti \u00e9p\u00fclet\u00e9nek \u00e1tad\u00e1si \u00fcnneps\u00e9g\u00e9n.<\/p>\n<p>class=&#8221;line-title-with-image&#8221;&gt;A modern magyar \u00e1llamnak sz\u00fcks\u00e9ge van titkosszolg\u00e1latra, alkotm\u00e1nyv\u00e9delemre, nemzetbiztons\u00e1gi szolg\u00e1latokra, \u00e9s minden hasonl\u00f3 tev\u00e9kenys\u00e9gre \u2013 jelentette ki Orb\u00e1n Viktor minisztereln\u00f6k cs\u00fct\u00f6rt\u00f6k\u00f6n Budapesten, az Alkotm\u00e1nyv\u00e9delmi Hivatal (AH) \u00faj, XI. ker\u00fcleti \u00e9p\u00fclet\u00e9nek \u00e1tad\u00e1si \u00fcnneps\u00e9g\u00e9n.class=&#8221;&#8221;&gt;A korm\u00e1nyf\u0151 szerint a modern magyar \u00e1llamnak sz\u00fcks\u00e9ge van m\u00e9g alkotm\u00e1nyv\u00e9delemre, nemzetbiztons\u00e1gi szolg\u00e1latokra, \u00e9s minden hasonl\u00f3 tev\u00e9kenys\u00e9gre. Orb\u00e1n Viktor minisztereln\u00f6k az Alkotm\u00e1nyv\u00e9delmi Hivatal (AH) \u00faj, XI. ker\u00fcleti \u00e9p\u00fclet\u00e9nek \u00e1tad\u00e1si \u00fcnneps\u00e9g\u00e9n j\u00e1rt.class=&#8221;line-title-with-image&#8221;&gt;A korm\u00e1nyf\u0151 elmondta, v\u00e9deni kell Magyarorsz\u00e1g szuverenit\u00e1s\u00e1t, amelyet els\u0151sorban az alkotm\u00e1nyos szervek \u00e9s int\u00e9zm\u00e9nyek garant\u00e1lnak.class=&#8221;line-title-with-image&#8221;&gt;A korm\u00e1nyf\u0151 az Alkotm\u00e1nyv\u00e9delmi Hivatal \u00faj \u00e9p\u00fclet\u00e9nek \u00e1tad\u00e1si \u00fcnneps\u00e9g\u00e9n mondott besz\u00e9det.class=&#8221;line-title-with-image&#8221;&gt;A modern magyar \u00e1llamnak sz\u00fcks\u00e9ge van titkosszolg\u00e1latra, alkotm\u00e1nyv\u00e9delemre, nemzetbiztons\u00e1gi szolg\u00e1latokra, \u00e9s minden hasonl\u00f3 tev\u00e9kenys\u00e9gre. Orb\u00e1n Viktor minisztereln\u00f6k cs\u00fct\u00f6rt\u00f6k\u00f6n Budapesten, az Alkotm\u00e1nyv\u00e9delmi Hivatal (AH) \u00faj \u00e9p\u00fclet\u00e9nek \u00e1tad\u00e1s\u00e1n mondott besz\u00e9det.\u00a0class=&#8221;line-title-with-image&#8221;&gt;A modern magyar \u00e1llamnak sz\u00fcks\u00e9ge van titkosszolg\u00e1latra, alkotm\u00e1nyv\u00e9delemre, nemzetbiztons\u00e1gi szolg\u00e1latokra, \u00e9s minden hasonl\u00f3 tev\u00e9kenys\u00e9gre &#8211; jelentette ki Orb\u00e1n Viktor minisztereln\u00f6k cs\u00fct\u00f6rt\u00f6k\u00f6n Budapesten, az Alkotm\u00e1nyv\u00e9delmi Hivatal (AH) \u00faj, XI. ker\u00fcleti \u00e9p\u00fclet\u00e9nek \u00e1tad\u00e1si \u00fcnneps\u00e9g\u00e9n.class=&#8221;line-title-with-image&#8221;&gt;\u00c1tadt\u00e1k az Alkotm\u00e1nyv\u00e9delmi Hivatal \u00faj \u00e9p\u00fclet\u00e9t, ami csaknem 30 milli\u00e1rd forintba ker\u00fclt.class=&#8221;line-title-with-image&#8221;&gt;A modern magyar \u00e1llamnak sz\u00fcks\u00e9ge van titkosszolg\u00e1latra, alkotm\u00e1nyv\u00e9delemre, nemzetbiztons\u00e1gi szolg\u00e1latokra, \u00e9s minden hasonl\u00f3 tev\u00e9kenys\u00e9gre &#8211; jelentette ki Orb\u00e1n Viktor minisztereln\u00f6k cs\u00fct\u00f6rt\u00f6k\u00f6n az Alkotm\u00e1nyv\u00e9delmi Hivatal (AH) \u00faj, XI. ker\u00fcleti \u00e9p\u00fclet\u00e9nek \u00e1tad\u00e1s\u00e1n.class=&#8221;line-title-with-image&#8221;&gt;\u00c1tadt\u00e1k az Alkotm\u00e1nyv\u00e9delmi Hivatal \u00faj \u00e9p\u00fclet\u00e9t, az \u00fcnneps\u00e9gen felsz\u00f3lalt a minisztereln\u00f6k is.class=&#8221;line-title-with-image&#8221;&gt;A modern magyar \u00e1llamnak sz\u00fcks\u00e9ge van titkosszolg\u00e1latra,\u00a0alkotm\u00e1nyv\u00e9delemre, nemzetbiztons\u00e1gi szolg\u00e1latokra, \u00e9s minden hasonl\u00f3 tev\u00e9kenys\u00e9gre &#8211; jelentette ki Orb\u00e1n Viktor minisztereln\u00f6k cs\u00fct\u00f6rt\u00f6k\u00f6n Budapesten, az Alkotm\u00e1nyv\u00e9delmi Hivatal (AH) \u00faj, XI. ker\u00fcleti \u00e9p\u00fclet\u00e9nek \u00e1tad\u00e1si \u00fcnneps\u00e9g\u00e9n.A korm\u00e1nyf\u0151 azt mondta, v\u00e9deni kell\u2026class=&#8221;&#8221;&gt;A modern magyar \u00e1llamnak sz\u00fcks\u00e9ge van titkosszolg\u00e1latra, alkotm\u00e1nyv\u00e9delemre, nemzetbiztons\u00e1gi szolg\u00e1latokra, \u00e9s minden hasonl\u00f3 tev\u00e9kenys\u00e9gre &#8211; jelentette ki Orb\u00e1n Viktor minisztereln\u00f6k cs\u00fct\u00f6rt\u00f6k\u00f6n Budapesten, az Alkotm\u00e1nyv\u00e9delmi Hivatal (AH) \u00faj, XI. ker\u00fcleti \u00e9p\u00fclet\u00e9nek \u00e1tad\u00e1si \u00fcnneps\u00e9g\u00e9n.class=&#8221;line-title-with-image&#8221;&gt;A modern magyar \u00e1llamnak sz\u00fcks\u00e9ge van titkosszolg\u00e1latra, alkotm\u00e1nyv\u00e9delemre, nemzetbiztons\u00e1gi szolg\u00e1latokra, \u00e9s minden hasonl\u00f3 tev\u00e9kenys\u00e9gre \u2013 jelentette ki Orb\u00e1n Viktor minisztereln\u00f6k cs\u00fct\u00f6rt\u00f6k\u00f6n Budapesten, az Alkotm\u00e1nyv\u00e9delmi Hivatal (AH) \u00faj, XI. ker\u00fcleti \u00e9p\u00fclet\u00e9nek \u00e1tad\u00e1si \u00fcnneps\u00e9g\u00e9n.class=&#8221;line-title-with-image&#8221;&gt;A modern magyar \u00e1llamnak sz\u00fcks\u00e9ge van titkosszolg\u00e1latra, alkotm\u00e1nyv\u00e9delemre, nemzetbiztons\u00e1gi szolg\u00e1latokra, \u00e9s minden hasonl\u00f3 tev\u00e9kenys\u00e9gre.class=&#8221;line-title-with-image&#8221;&gt;A modern magyar \u00e1llamnak sz\u00fcks\u00e9ge van titkosszolg\u00e1latra, nemzetbiztons\u00e1gi szolg\u00e1latokra. Ja, \u00e9s alkotm\u00e1nyv\u00e9delemre. Mert v\u00e9deni kell Magyarorsz\u00e1g szuverenit\u00e1s\u00e1t.class=&#8221;line-title-with-image&#8221;&gt;\u00c1tadt\u00e1k az Alkotm\u00e1nyv\u00e9delmi Hivatal \u00faj sz\u00e9kh\u00e1z\u00e1t a XI. ker\u00fcleti Feh\u00e9rv\u00e1ri \u00faton. A modern, korszer\u0171 \u00e9p\u00fcletbe k\u00f6lt\u00f6znek a kor\u00e1bban n\u00e9gy helysz\u00ednen m\u0171k\u00f6d\u00f6tt alkotm\u00e1nyv\u00e9delmi int\u00e9zm\u00e9nyek.class=&#8221;line-title-with-image&#8221;&gt;A modern magyar \u00e1llamnak sz\u00fcks\u00e9ge van titkosszolg\u00e1latra, alkotm\u00e1nyv\u00e9delemre, nemzetbiztons\u00e1gi szolg\u00e1latokra, \u00e9s minden hasonl\u00f3 tev\u00e9kenys\u00e9gre &#8211; jelentette ki Orb\u00e1n Viktor minisztereln\u00f6k cs\u00fct\u00f6rt\u00f6k\u00f6n Budapesten, az Alkotm\u00e1nyv\u00e9delmi Hivatal (AH) \u00faj, XI. ker\u00fcleti \u00e9p\u00fclet\u00e9nek \u00e1tad\u00e1si \u00fcnneps\u00e9g\u00e9n.class=&#8221;line-title-with-image&#8221;&gt;A modern magyar \u00e1llamnak sz\u00fcks\u00e9ge van titkosszolg\u00e1latra, alkotm\u00e1nyv\u00e9delemre, nemzetbiztons\u00e1gi szolg\u00e1latokra, \u00e9s minden hasonl\u00f3 tev\u00e9kenys\u00e9gre &#8211; jelentette ki Orb\u00e1n Viktor minisztereln\u00f6k cs\u00fct\u00f6rt\u00f6k\u00f6n Budapesten, az Alkotm\u00e1nyv\u00e9delmi Hivatal (AH) \u00faj, XI. ker\u00fcleti \u00e9p\u00fclet\u00e9nek \u00e1tad\u00e1si \u00fcnneps\u00e9g\u00e9n.class=&#8221;&#8221;&gt;A modern magyar \u00e1llamnak sz\u00fcks\u00e9ge van titkosszolg\u00e1latra, alkotm\u00e1nyv\u00e9delemre, nemzetbiztons\u00e1gi szolg\u00e1latokra, \u00e9s minden hasonl\u00f3 tev\u00e9kenys\u00e9gre \u2013 jelentette ki Orb\u00e1n Viktor minisztereln\u00f6k cs\u00fct\u00f6rt\u00f6k\u00f6n Budapesten, az Alkotm\u00e1nyv\u00e9delmi Hivatal (AH) \u00faj, XI. ker\u00fcleti \u00e9p\u00fclet\u00e9nek \u00e1tad\u00e1si \u00fcnneps\u00e9g\u00e9n. A korm\u00e1nyf\u0151 azt mondta, v\u00e9deni kell\u2026class=&#8221;line-title-with-image&#8221;&gt;A modern magyar \u00e1llamnak sz\u00fcks\u00e9ge van titkosszolg\u00e1latra, alkotm\u00e1nyv\u00e9delemre, nemzetbiztons\u00e1gi szolg\u00e1latokra, \u00e9s minden hasonl\u00f3 tev\u00e9kenys\u00e9gre &#8211; jelentette ki Orb\u00e1n Viktor minisztereln\u00f6k cs\u00fct\u00f6rt\u00f6k\u00f6n Budapesten, az Alkotm\u00e1nyv\u00e9delmi Hivatal (AH) \u00faj, XI. ker\u00fcleti \u00e9p\u00fclet\u00e9nek \u00e1tad\u00e1si \u00fcnneps\u00e9g\u00e9n.class=&#8221;line-title-with-image&#8221;&gt;Nyit\u00f3k\u00e9p: MTI\/M\u00e1th\u00e9 Zolt\u00e1n \u00a0 A modern magyar \u00e1llamnak sz\u00fcks\u00e9ge van titkosszolg\u00e1latra, alkotm\u00e1nyv\u00e9delemre, nemzetbiztons\u00e1gi szolg\u00e1latokra, \u00e9s minden hasonl\u00f3 tev\u00e9kenys\u00e9gre \u2013 jelentette ki Orb\u00e1n Viktor minisztereln\u00f6k cs\u00fct\u00f6rt\u00f6k\u00f6n Budapesten, az Alkotm\u00e1nyv\u00e9delmi Hivatal (AH) \u00faj, XI. ker\u00fcleti \u00e9p\u00fclet\u00e9nek \u00e1tad\u00e1si \u00fcnneps\u00e9g\u00e9n. \u00a0 A\u2026class=&#8221;&#8221;&gt;\u00c1tadt\u00e1k az Alkotm\u00e1nyv\u00e9delmi Hivatal \u00faj sz\u00e9kh\u00e1z\u00e1t, az avat\u00e1son a minisztereln\u00f6k is besz\u00e9det mondott.class=&#8221;&#8221;&gt;\u00c1tadt\u00e1k az Alkotm\u00e1nyv\u00e9delmi Hivatal \u00faj sz\u00e9kh\u00e1z\u00e1t, az avat\u00e1son a minisztereln\u00f6k is besz\u00e9det mondott.class=&#8221;line-title-with-image&#8221;&gt;V\u00e9deni kell Magyarorsz\u00e1g szuverenit\u00e1s\u00e1t, amelyet els\u0151sorban az alkotm\u00e1nyos szervek \u00e9s int\u00e9zm\u00e9nyek garant\u00e1lnak.class=&#8221;line-title-with-image&#8221;&gt;V\u00e9deni kell Magyarorsz\u00e1g szuverenit\u00e1s\u00e1t \u2013 hangs\u00falyozta a korm\u00e1nyf\u0151.<br \/>\n<br \/>\n<!--noindex--><br \/>\n<a href=\"https:\/\/hirek.oldal.info\/rssclick\/14411728\" rel=\"nofollow\">Source link <\/a><br \/>\n<!--\/noindex--><\/p>\n","protected":false},"excerpt":{"rendered":"<p>A modern magyar \u00e1llamnak sz\u00fcks\u00e9ge van titkosszolg\u00e1latra, alkotm\u00e1nyv\u00e9delemre, nemzetbiztons\u00e1gi szolg\u00e1latokra, \u00e9s minden hasonl\u00f3 tev\u00e9kenys\u00e9gre &#8211; jelentette ki Orb\u00e1n Viktor minisztereln\u00f6k cs\u00fct\u00f6rt\u00f6k\u00f6n Budapesten, az Alkotm\u00e1nyv\u00e9delmi Hivatal (AH) \u00faj, XI. ker\u00fcleti \u00e9p\u00fclet\u00e9nek \u00e1tad\u00e1si \u00fcnneps\u00e9g\u00e9n. class=&#8221;line-title-with-image&#8221;&gt;A modern magyar \u00e1llamnak sz\u00fcks\u00e9ge van titkosszolg\u00e1latra, alkotm\u00e1nyv\u00e9delemre, nemzetbiztons\u00e1gi szolg\u00e1latokra, \u00e9s minden hasonl\u00f3 tev\u00e9kenys\u00e9gre \u2013 jelentette ki Orb\u00e1n Viktor minisztereln\u00f6k cs\u00fct\u00f6rt\u00f6k\u00f6n Budapesten, az [&hellip;]<\/p>\n","protected":false},"author":2,"featured_media":2323,"comment_status":"open","ping_status":"open","sticky":false,"template":"","format":"standard","meta":{"footnotes":""},"categories":[1],"tags":[],"class_list":["post-2322","post","type-post","status-publish","format-standard","has-post-thumbnail","hentry","category-legujabb-penzugyi-hirek"],"yoast_head":"<!-- This site is optimized with the Yoast SEO plugin v27.4 - https:\/\/yoast.com\/product\/yoast-seo-wordpress\/ -->\n<title>Orb\u00e1n: Magyarorsz\u00e1gnak kell alkotm\u00e1nyv\u00e9delem - Hot News in World<\/title>\n<meta name=\"robots\" content=\"index, follow, max-snippet:-1, max-image-preview:large, max-video-preview:-1\" \/>\n<link rel=\"canonical\" href=\"https:\/\/hotnewsinworld.com\/hu\/orban-magyarorszagnak-kell-alkotmanyvedelem\/\" \/>\n<meta property=\"og:locale\" content=\"hu_HU\" \/>\n<meta property=\"og:type\" content=\"article\" \/>\n<meta property=\"og:title\" content=\"Orb\u00e1n: Magyarorsz\u00e1gnak kell alkotm\u00e1nyv\u00e9delem - Hot News in World\" \/>\n<meta property=\"og:description\" content=\"A modern magyar \u00e1llamnak sz\u00fcks\u00e9ge van titkosszolg\u00e1latra, alkotm\u00e1nyv\u00e9delemre, nemzetbiztons\u00e1gi szolg\u00e1latokra, \u00e9s minden hasonl\u00f3 tev\u00e9kenys\u00e9gre &#8211; jelentette ki Orb\u00e1n Viktor minisztereln\u00f6k cs\u00fct\u00f6rt\u00f6k\u00f6n Budapesten, az Alkotm\u00e1nyv\u00e9delmi Hivatal (AH) \u00faj, XI. ker\u00fcleti \u00e9p\u00fclet\u00e9nek \u00e1tad\u00e1si \u00fcnneps\u00e9g\u00e9n. class=&#8221;line-title-with-image&#8221;&gt;A modern magyar \u00e1llamnak sz\u00fcks\u00e9ge van titkosszolg\u00e1latra, alkotm\u00e1nyv\u00e9delemre, nemzetbiztons\u00e1gi szolg\u00e1latokra, \u00e9s minden hasonl\u00f3 tev\u00e9kenys\u00e9gre \u2013 jelentette ki Orb\u00e1n Viktor minisztereln\u00f6k cs\u00fct\u00f6rt\u00f6k\u00f6n Budapesten, az [&hellip;]\" \/>\n<meta property=\"og:url\" content=\"https:\/\/hotnewsinworld.com\/hu\/orban-magyarorszagnak-kell-alkotmanyvedelem\/\" \/>\n<meta property=\"og:site_name\" content=\"Hot News in World\" \/>\n<meta property=\"article:published_time\" content=\"2019-09-20T01:07:37+00:00\" \/>\n<meta property=\"article:modified_time\" content=\"2019-09-20T01:07:38+00:00\" \/>\n<meta property=\"og:image\" content=\"https:\/\/hotnewsinworld.com\/hu\/wp-content\/uploads\/sites\/3\/2019\/09\/Orb\u00e1n-Magyarorsz\u00e1gnak-kell-alkotm\u00e1nyv\u00e9delem.jpg\" \/>\n\t<meta property=\"og:image:width\" content=\"600\" \/>\n\t<meta property=\"og:image:height\" content=\"315\" \/>\n\t<meta property=\"og:image:type\" content=\"image\/jpeg\" \/>\n<meta name=\"author\" content=\"hotnewsinworld\" \/>\n<meta name=\"twitter:card\" content=\"summary_large_image\" \/>\n<meta name=\"twitter:label1\" content=\"Szerz\u0151:\" \/>\n\t<meta name=\"twitter:data1\" content=\"hotnewsinworld\" \/>\n\t<meta name=\"twitter:label2\" content=\"Becs\u00fclt olvas\u00e1si id\u0151\" \/>\n\t<meta name=\"twitter:data2\" content=\"6 perc\" \/>\n<script type=\"application\/ld+json\" class=\"yoast-schema-graph\">{\"@context\":\"https:\\\/\\\/schema.org\",\"@graph\":[{\"@type\":\"Article\",\"@id\":\"https:\\\/\\\/hotnewsinworld.com\\\/hu\\\/orban-magyarorszagnak-kell-alkotmanyvedelem\\\/#article\",\"isPartOf\":{\"@id\":\"https:\\\/\\\/hotnewsinworld.com\\\/hu\\\/orban-magyarorszagnak-kell-alkotmanyvedelem\\\/\"},\"author\":{\"name\":\"hotnewsinworld\",\"@id\":\"https:\\\/\\\/hotnewsinworld.com\\\/hu\\\/#\\\/schema\\\/person\\\/fe61448b21c0d59086e75fcc1f9d8f6b\"},\"headline\":\"Orb\u00e1n: Magyarorsz\u00e1gnak kell alkotm\u00e1nyv\u00e9delem\",\"datePublished\":\"2019-09-20T01:07:37+00:00\",\"dateModified\":\"2019-09-20T01:07:38+00:00\",\"mainEntityOfPage\":{\"@id\":\"https:\\\/\\\/hotnewsinworld.com\\\/hu\\\/orban-magyarorszagnak-kell-alkotmanyvedelem\\\/\"},\"wordCount\":1114,\"commentCount\":0,\"image\":{\"@id\":\"https:\\\/\\\/hotnewsinworld.com\\\/hu\\\/orban-magyarorszagnak-kell-alkotmanyvedelem\\\/#primaryimage\"},\"thumbnailUrl\":\"https:\\\/\\\/hotnewsinworld.com\\\/hu\\\/wp-content\\\/uploads\\\/sites\\\/3\\\/2019\\\/09\\\/Orb\u00e1n-Magyarorsz\u00e1gnak-kell-alkotm\u00e1nyv\u00e9delem.jpg\",\"articleSection\":[\"LEG\u00daJABB P\u00c9NZ\u00dcGYI H\u00cdREK\"],\"inLanguage\":\"hu\",\"potentialAction\":[{\"@type\":\"CommentAction\",\"name\":\"Comment\",\"target\":[\"https:\\\/\\\/hotnewsinworld.com\\\/hu\\\/orban-magyarorszagnak-kell-alkotmanyvedelem\\\/#respond\"]}]},{\"@type\":\"WebPage\",\"@id\":\"https:\\\/\\\/hotnewsinworld.com\\\/hu\\\/orban-magyarorszagnak-kell-alkotmanyvedelem\\\/\",\"url\":\"https:\\\/\\\/hotnewsinworld.com\\\/hu\\\/orban-magyarorszagnak-kell-alkotmanyvedelem\\\/\",\"name\":\"Orb\u00e1n: Magyarorsz\u00e1gnak kell alkotm\u00e1nyv\u00e9delem - Hot News in World\",\"isPartOf\":{\"@id\":\"https:\\\/\\\/hotnewsinworld.com\\\/hu\\\/#website\"},\"primaryImageOfPage\":{\"@id\":\"https:\\\/\\\/hotnewsinworld.com\\\/hu\\\/orban-magyarorszagnak-kell-alkotmanyvedelem\\\/#primaryimage\"},\"image\":{\"@id\":\"https:\\\/\\\/hotnewsinworld.com\\\/hu\\\/orban-magyarorszagnak-kell-alkotmanyvedelem\\\/#primaryimage\"},\"thumbnailUrl\":\"https:\\\/\\\/hotnewsinworld.com\\\/hu\\\/wp-content\\\/uploads\\\/sites\\\/3\\\/2019\\\/09\\\/Orb\u00e1n-Magyarorsz\u00e1gnak-kell-alkotm\u00e1nyv\u00e9delem.jpg\",\"datePublished\":\"2019-09-20T01:07:37+00:00\",\"dateModified\":\"2019-09-20T01:07:38+00:00\",\"author\":{\"@id\":\"https:\\\/\\\/hotnewsinworld.com\\\/hu\\\/#\\\/schema\\\/person\\\/fe61448b21c0d59086e75fcc1f9d8f6b\"},\"breadcrumb\":{\"@id\":\"https:\\\/\\\/hotnewsinworld.com\\\/hu\\\/orban-magyarorszagnak-kell-alkotmanyvedelem\\\/#breadcrumb\"},\"inLanguage\":\"hu\",\"potentialAction\":[{\"@type\":\"ReadAction\",\"target\":[\"https:\\\/\\\/hotnewsinworld.com\\\/hu\\\/orban-magyarorszagnak-kell-alkotmanyvedelem\\\/\"]}]},{\"@type\":\"ImageObject\",\"inLanguage\":\"hu\",\"@id\":\"https:\\\/\\\/hotnewsinworld.com\\\/hu\\\/orban-magyarorszagnak-kell-alkotmanyvedelem\\\/#primaryimage\",\"url\":\"https:\\\/\\\/hotnewsinworld.com\\\/hu\\\/wp-content\\\/uploads\\\/sites\\\/3\\\/2019\\\/09\\\/Orb\u00e1n-Magyarorsz\u00e1gnak-kell-alkotm\u00e1nyv\u00e9delem.jpg\",\"contentUrl\":\"https:\\\/\\\/hotnewsinworld.com\\\/hu\\\/wp-content\\\/uploads\\\/sites\\\/3\\\/2019\\\/09\\\/Orb\u00e1n-Magyarorsz\u00e1gnak-kell-alkotm\u00e1nyv\u00e9delem.jpg\",\"width\":600,\"height\":315,\"caption\":\"Orb\u00e1n: Magyarorsz\u00e1gnak kell alkotm\u00e1nyv\u00e9delem\"},{\"@type\":\"BreadcrumbList\",\"@id\":\"https:\\\/\\\/hotnewsinworld.com\\\/hu\\\/orban-magyarorszagnak-kell-alkotmanyvedelem\\\/#breadcrumb\",\"itemListElement\":[{\"@type\":\"ListItem\",\"position\":1,\"name\":\"\u0413\u043b\u0430\u0432\u043d\u0430\u044f \u0441\u0442\u0440\u0430\u043d\u0438\u0446\u0430\",\"item\":\"https:\\\/\\\/hotnewsinworld.com\\\/hu\\\/\"},{\"@type\":\"ListItem\",\"position\":2,\"name\":\"Orb\u00e1n: Magyarorsz\u00e1gnak kell alkotm\u00e1nyv\u00e9delem\"}]},{\"@type\":\"WebSite\",\"@id\":\"https:\\\/\\\/hotnewsinworld.com\\\/hu\\\/#website\",\"url\":\"https:\\\/\\\/hotnewsinworld.com\\\/hu\\\/\",\"name\":\"Hot News in World\",\"description\":\"Hot News in World from Hungary\",\"potentialAction\":[{\"@type\":\"SearchAction\",\"target\":{\"@type\":\"EntryPoint\",\"urlTemplate\":\"https:\\\/\\\/hotnewsinworld.com\\\/hu\\\/?s={search_term_string}\"},\"query-input\":{\"@type\":\"PropertyValueSpecification\",\"valueRequired\":true,\"valueName\":\"search_term_string\"}}],\"inLanguage\":\"hu\"},{\"@type\":\"Person\",\"@id\":\"https:\\\/\\\/hotnewsinworld.com\\\/hu\\\/#\\\/schema\\\/person\\\/fe61448b21c0d59086e75fcc1f9d8f6b\",\"name\":\"hotnewsinworld\",\"image\":{\"@type\":\"ImageObject\",\"inLanguage\":\"hu\",\"@id\":\"https:\\\/\\\/secure.gravatar.com\\\/avatar\\\/8a09ac165600ce2e1c38fe593c63928eb1e6e7ba5c5a907d67787c41b3d00c14?s=96&d=mm&r=g\",\"url\":\"https:\\\/\\\/secure.gravatar.com\\\/avatar\\\/8a09ac165600ce2e1c38fe593c63928eb1e6e7ba5c5a907d67787c41b3d00c14?s=96&d=mm&r=g\",\"contentUrl\":\"https:\\\/\\\/secure.gravatar.com\\\/avatar\\\/8a09ac165600ce2e1c38fe593c63928eb1e6e7ba5c5a907d67787c41b3d00c14?s=96&d=mm&r=g\",\"caption\":\"hotnewsinworld\"},\"url\":\"https:\\\/\\\/hotnewsinworld.com\\\/hu\\\/author\\\/pt\\\/\"}]}<\/script>\n<!-- \/ Yoast SEO plugin. -->","yoast_head_json":{"title":"Orb\u00e1n: Magyarorsz\u00e1gnak kell alkotm\u00e1nyv\u00e9delem - Hot News in World","robots":{"index":"index","follow":"follow","max-snippet":"max-snippet:-1","max-image-preview":"max-image-preview:large","max-video-preview":"max-video-preview:-1"},"canonical":"https:\/\/hotnewsinworld.com\/hu\/orban-magyarorszagnak-kell-alkotmanyvedelem\/","og_locale":"hu_HU","og_type":"article","og_title":"Orb\u00e1n: Magyarorsz\u00e1gnak kell alkotm\u00e1nyv\u00e9delem - Hot News in World","og_description":"A modern magyar \u00e1llamnak sz\u00fcks\u00e9ge van titkosszolg\u00e1latra, alkotm\u00e1nyv\u00e9delemre, nemzetbiztons\u00e1gi szolg\u00e1latokra, \u00e9s minden hasonl\u00f3 tev\u00e9kenys\u00e9gre &#8211; jelentette ki Orb\u00e1n Viktor minisztereln\u00f6k cs\u00fct\u00f6rt\u00f6k\u00f6n Budapesten, az Alkotm\u00e1nyv\u00e9delmi Hivatal (AH) \u00faj, XI. ker\u00fcleti \u00e9p\u00fclet\u00e9nek \u00e1tad\u00e1si \u00fcnneps\u00e9g\u00e9n. class=&#8221;line-title-with-image&#8221;&gt;A modern magyar \u00e1llamnak sz\u00fcks\u00e9ge van titkosszolg\u00e1latra, alkotm\u00e1nyv\u00e9delemre, nemzetbiztons\u00e1gi szolg\u00e1latokra, \u00e9s minden hasonl\u00f3 tev\u00e9kenys\u00e9gre \u2013 jelentette ki Orb\u00e1n Viktor minisztereln\u00f6k cs\u00fct\u00f6rt\u00f6k\u00f6n Budapesten, az [&hellip;]","og_url":"https:\/\/hotnewsinworld.com\/hu\/orban-magyarorszagnak-kell-alkotmanyvedelem\/","og_site_name":"Hot News in World","article_published_time":"2019-09-20T01:07:37+00:00","article_modified_time":"2019-09-20T01:07:38+00:00","og_image":[{"width":600,"height":315,"url":"https:\/\/hotnewsinworld.com\/hu\/wp-content\/uploads\/sites\/3\/2019\/09\/Orb\u00e1n-Magyarorsz\u00e1gnak-kell-alkotm\u00e1nyv\u00e9delem.jpg","type":"image\/jpeg"}],"author":"hotnewsinworld","twitter_card":"summary_large_image","twitter_misc":{"Szerz\u0151:":"hotnewsinworld","Becs\u00fclt olvas\u00e1si id\u0151":"6 perc"},"schema":{"@context":"https:\/\/schema.org","@graph":[{"@type":"Article","@id":"https:\/\/hotnewsinworld.com\/hu\/orban-magyarorszagnak-kell-alkotmanyvedelem\/#article","isPartOf":{"@id":"https:\/\/hotnewsinworld.com\/hu\/orban-magyarorszagnak-kell-alkotmanyvedelem\/"},"author":{"name":"hotnewsinworld","@id":"https:\/\/hotnewsinworld.com\/hu\/#\/schema\/person\/fe61448b21c0d59086e75fcc1f9d8f6b"},"headline":"Orb\u00e1n: Magyarorsz\u00e1gnak kell alkotm\u00e1nyv\u00e9delem","datePublished":"2019-09-20T01:07:37+00:00","dateModified":"2019-09-20T01:07:38+00:00","mainEntityOfPage":{"@id":"https:\/\/hotnewsinworld.com\/hu\/orban-magyarorszagnak-kell-alkotmanyvedelem\/"},"wordCount":1114,"commentCount":0,"image":{"@id":"https:\/\/hotnewsinworld.com\/hu\/orban-magyarorszagnak-kell-alkotmanyvedelem\/#primaryimage"},"thumbnailUrl":"https:\/\/hotnewsinworld.com\/hu\/wp-content\/uploads\/sites\/3\/2019\/09\/Orb\u00e1n-Magyarorsz\u00e1gnak-kell-alkotm\u00e1nyv\u00e9delem.jpg","articleSection":["LEG\u00daJABB P\u00c9NZ\u00dcGYI H\u00cdREK"],"inLanguage":"hu","potentialAction":[{"@type":"CommentAction","name":"Comment","target":["https:\/\/hotnewsinworld.com\/hu\/orban-magyarorszagnak-kell-alkotmanyvedelem\/#respond"]}]},{"@type":"WebPage","@id":"https:\/\/hotnewsinworld.com\/hu\/orban-magyarorszagnak-kell-alkotmanyvedelem\/","url":"https:\/\/hotnewsinworld.com\/hu\/orban-magyarorszagnak-kell-alkotmanyvedelem\/","name":"Orb\u00e1n: Magyarorsz\u00e1gnak kell alkotm\u00e1nyv\u00e9delem - Hot News in World","isPartOf":{"@id":"https:\/\/hotnewsinworld.com\/hu\/#website"},"primaryImageOfPage":{"@id":"https:\/\/hotnewsinworld.com\/hu\/orban-magyarorszagnak-kell-alkotmanyvedelem\/#primaryimage"},"image":{"@id":"https:\/\/hotnewsinworld.com\/hu\/orban-magyarorszagnak-kell-alkotmanyvedelem\/#primaryimage"},"thumbnailUrl":"https:\/\/hotnewsinworld.com\/hu\/wp-content\/uploads\/sites\/3\/2019\/09\/Orb\u00e1n-Magyarorsz\u00e1gnak-kell-alkotm\u00e1nyv\u00e9delem.jpg","datePublished":"2019-09-20T01:07:37+00:00","dateModified":"2019-09-20T01:07:38+00:00","author":{"@id":"https:\/\/hotnewsinworld.com\/hu\/#\/schema\/person\/fe61448b21c0d59086e75fcc1f9d8f6b"},"breadcrumb":{"@id":"https:\/\/hotnewsinworld.com\/hu\/orban-magyarorszagnak-kell-alkotmanyvedelem\/#breadcrumb"},"inLanguage":"hu","potentialAction":[{"@type":"ReadAction","target":["https:\/\/hotnewsinworld.com\/hu\/orban-magyarorszagnak-kell-alkotmanyvedelem\/"]}]},{"@type":"ImageObject","inLanguage":"hu","@id":"https:\/\/hotnewsinworld.com\/hu\/orban-magyarorszagnak-kell-alkotmanyvedelem\/#primaryimage","url":"https:\/\/hotnewsinworld.com\/hu\/wp-content\/uploads\/sites\/3\/2019\/09\/Orb\u00e1n-Magyarorsz\u00e1gnak-kell-alkotm\u00e1nyv\u00e9delem.jpg","contentUrl":"https:\/\/hotnewsinworld.com\/hu\/wp-content\/uploads\/sites\/3\/2019\/09\/Orb\u00e1n-Magyarorsz\u00e1gnak-kell-alkotm\u00e1nyv\u00e9delem.jpg","width":600,"height":315,"caption":"Orb\u00e1n: Magyarorsz\u00e1gnak kell alkotm\u00e1nyv\u00e9delem"},{"@type":"BreadcrumbList","@id":"https:\/\/hotnewsinworld.com\/hu\/orban-magyarorszagnak-kell-alkotmanyvedelem\/#breadcrumb","itemListElement":[{"@type":"ListItem","position":1,"name":"\u0413\u043b\u0430\u0432\u043d\u0430\u044f \u0441\u0442\u0440\u0430\u043d\u0438\u0446\u0430","item":"https:\/\/hotnewsinworld.com\/hu\/"},{"@type":"ListItem","position":2,"name":"Orb\u00e1n: Magyarorsz\u00e1gnak kell alkotm\u00e1nyv\u00e9delem"}]},{"@type":"WebSite","@id":"https:\/\/hotnewsinworld.com\/hu\/#website","url":"https:\/\/hotnewsinworld.com\/hu\/","name":"Hot News in World","description":"Hot News in World from Hungary","potentialAction":[{"@type":"SearchAction","target":{"@type":"EntryPoint","urlTemplate":"https:\/\/hotnewsinworld.com\/hu\/?s={search_term_string}"},"query-input":{"@type":"PropertyValueSpecification","valueRequired":true,"valueName":"search_term_string"}}],"inLanguage":"hu"},{"@type":"Person","@id":"https:\/\/hotnewsinworld.com\/hu\/#\/schema\/person\/fe61448b21c0d59086e75fcc1f9d8f6b","name":"hotnewsinworld","image":{"@type":"ImageObject","inLanguage":"hu","@id":"https:\/\/secure.gravatar.com\/avatar\/8a09ac165600ce2e1c38fe593c63928eb1e6e7ba5c5a907d67787c41b3d00c14?s=96&d=mm&r=g","url":"https:\/\/secure.gravatar.com\/avatar\/8a09ac165600ce2e1c38fe593c63928eb1e6e7ba5c5a907d67787c41b3d00c14?s=96&d=mm&r=g","contentUrl":"https:\/\/secure.gravatar.com\/avatar\/8a09ac165600ce2e1c38fe593c63928eb1e6e7ba5c5a907d67787c41b3d00c14?s=96&d=mm&r=g","caption":"hotnewsinworld"},"url":"https:\/\/hotnewsinworld.com\/hu\/author\/pt\/"}]}},"_links":{"self":[{"href":"https:\/\/hotnewsinworld.com\/hu\/wp-json\/wp\/v2\/posts\/2322","targetHints":{"allow":["GET"]}}],"collection":[{"href":"https:\/\/hotnewsinworld.com\/hu\/wp-json\/wp\/v2\/posts"}],"about":[{"href":"https:\/\/hotnewsinworld.com\/hu\/wp-json\/wp\/v2\/types\/post"}],"author":[{"embeddable":true,"href":"https:\/\/hotnewsinworld.com\/hu\/wp-json\/wp\/v2\/users\/2"}],"replies":[{"embeddable":true,"href":"https:\/\/hotnewsinworld.com\/hu\/wp-json\/wp\/v2\/comments?post=2322"}],"version-history":[{"count":1,"href":"https:\/\/hotnewsinworld.com\/hu\/wp-json\/wp\/v2\/posts\/2322\/revisions"}],"predecessor-version":[{"id":2324,"href":"https:\/\/hotnewsinworld.com\/hu\/wp-json\/wp\/v2\/posts\/2322\/revisions\/2324"}],"wp:featuredmedia":[{"embeddable":true,"href":"https:\/\/hotnewsinworld.com\/hu\/wp-json\/wp\/v2\/media\/2323"}],"wp:attachment":[{"href":"https:\/\/hotnewsinworld.com\/hu\/wp-json\/wp\/v2\/media?parent=2322"}],"wp:term":[{"taxonomy":"category","embeddable":true,"href":"https:\/\/hotnewsinworld.com\/hu\/wp-json\/wp\/v2\/categories?post=2322"},{"taxonomy":"post_tag","embeddable":true,"href":"https:\/\/hotnewsinworld.com\/hu\/wp-json\/wp\/v2\/tags?post=2322"}],"curies":[{"name":"wp","href":"https:\/\/api.w.org\/{rel}","templated":true}]}}