{"id":2328,"date":"2019-09-20T07:25:51","date_gmt":"2019-09-20T04:25:51","guid":{"rendered":"https:\/\/hotnewsinworld.com\/hu\/nemzeti-ugy-segiteni-a-keresztenyeknek\/"},"modified":"2019-09-20T07:25:52","modified_gmt":"2019-09-20T04:25:52","slug":"nemzeti-ugy-segiteni-a-keresztenyeknek","status":"publish","type":"post","link":"https:\/\/hotnewsinworld.com\/hu\/nemzeti-ugy-segiteni-a-keresztenyeknek\/","title":{"rendered":"Nemzeti \u00fcgy seg\u00edteni a kereszt\u00e9nyeknek"},"content":{"rendered":"<p>\t\t\t\t\tA cikk emailben t\u00f6rt\u00e9n\u0151 elk\u00fcld\u00e9s\u00e9hez kattintson ide, vagy m\u00e1solja le \u00e9s k\u00fcldje el ezt a linket: https:\/\/magyarnemzet.hu\/belfold\/nemzeti-ugy-segiteni-a-keresztenyeknek-7321136\/<\/p>\n<p>\t\t\t\t\t2019. szeptember 20. p\u00e9ntek 06:17<\/p>\n<p>\t\t\t\t\t\t\t\tPolitikai n\u00e9zett\u0151l f\u00fcggetlen\u00fcl magas a korm\u00e1ny \u00fcld\u00f6z\u00f6tt kereszt\u00e9nyeket seg\u00edt\u0151 tev\u00e9kenys\u00e9g\u00e9nek t\u00e1mogatotts\u00e1ga, a lakoss\u00e1g mintegy k\u00e9tharmada \u00e9rt ezzel egyet a N\u00e9z\u0151pont Int\u00e9zet felm\u00e9r\u00e9se szerint. A kutat\u00e1s eredm\u00e9nyeib\u0151l kider\u00fcl: a magyarok k\u00f6zel h\u00e1romnegyede szerint a sz\u00fcl\u0151f\u00f6ldj\u00fck\u00f6n kell seg\u00edteni a vall\u00e1suk miatt \u00fcld\u00f6z\u00f6tteket.\t\t\t\t\t\t\t<\/p>\n<p>\t\t\t\t\t\u2013 A magyarok k\u00e9tharmada, 65 sz\u00e1zal\u00e9ka \u2013 vagyis t\u00f6bb mint \u00f6tmilli\u00f3 \u00e1llampolg\u00e1r \u2013 szerint jelent\u0151s probl\u00e9ma a kereszt\u00e9ny\u00fcld\u00f6z\u00e9s, \u00e9s mind\u00f6ssze a megk\u00e9rdezettek 22 sz\u00e1zal\u00e9ka (1,8 milli\u00f3 szavaz\u00f3polg\u00e1r) nem tartja annak \u2013 jelentette ki tegnap Nagy D\u00e1\u00adniel, a N\u00e9z\u0151pont Int\u00e9zet kutat\u00e1si igazgat\u00f3ja, a Minisztereln\u00f6ks\u00e9g megb\u00edz\u00e1s\u00e1b\u00f3l v\u00e9gzett k\u00f6zv\u00e9lem\u00e9ny-kutat\u00e1suk eredm\u00e9nyeit ismertetve. Szavai szerint m\u00e9g enn\u00e9l is nagyobb a konszenzus azzal kapcsolatban, hogy helyben, a haz\u00e1jukban kell seg\u00edteni az \u00fcld\u00f6z\u00f6tt kereszt\u00e9nyeken, hisz a nagy mint\u00e1s reprezentat\u00edv felm\u00e9r\u00e9s szerint a magyarok mintegy h\u00e1romnegyede gondolja \u00edgy. \u2013 Mivel az ellenz\u00e9ki csoportokban is 65 sz\u00e1zal\u00e9k k\u00f6r\u00fcl mozgott az \u00fcld\u00f6z\u00f6tt kereszt\u00e9nyek megseg\u00edt\u00e9s\u00e9t szorgalmaz\u00f3 politika t\u00e1mogat\u00e1sa, ez nemzeti, p\u00e1rtt\u00e1borokon \u00e1t\u00edvel\u0151 \u00fcgynek tekinthet\u0151 \u2013 hangs\u00falyozta, hozz\u00e1t\u00e9ve: minden t\u00e1rsadalmi csoportban azok vannak abszol\u00fat t\u00f6bbs\u00e9gben, akik egyet\u00e9rtenek a vall\u00e1si alapon \u00e9rt t\u00e1mad\u00e1sokkal szembeni korm\u00e1nyzati fell\u00e9p\u00e9ssel. Mr\u00e1z \u00c1goston S\u00e1muel, a N\u00e9z\u0151pont Int\u00e9zet igazgat\u00f3ja mesterfog\u00e1sk\u00e9nt \u00e9rt\u00e9kelte, hogy \u00fagy siker\u00fclt egy korm\u00e1nyzati filoz\u00f3fi\u00e1b\u00f3l k\u00f6vetkez\u0151 vil\u00e1g\u00fajdons\u00e1g programot bevezetni, hogy em\u00f6g\u00f6tt nem a korm\u00e1nyr\u00f3l alkotott v\u00e9lem\u00e9ny ment\u00e9n alakult ki jelent\u0151s t\u00e1rsadalmi t\u00e1mogatotts\u00e1g.<br \/>\nGy\u00e1sz Sr\u00ed Lank\u00e1n. Emberek milli\u00f3it \u00fcld\u00f6zik a hit\u00fck miattFot\u00f3: Reuters<br \/>\nIsmert: a magyar korm\u00e1ny 2010 \u00f3ta jelent\u0151s forr\u00e1sokat mozg\u00f3s\u00edtott a sz\u00fcl\u0151f\u00f6ldj\u00fck\u00f6n vall\u00e1suk miatt \u00fcld\u00f6z\u00f6tt kereszt\u00e9nyek humanit\u00e1rius seg\u00edts\u00e9g ny\u00fajt\u00e1s\u00e1ra, jelent\u0151s templom- \u00e9s iskolafel\u00faj\u00edt\u00e1sok mellett a terrort\u00e1mad\u00e1sok \u00e1ldozatait \u00e9s azok csal\u00e1dj\u00e1t is seg\u00edtett\u00e9k t\u00f6bb kontinensen. Azbej Tristan, a Minisztereln\u00f6ks\u00e9g \u00fcld\u00f6z\u00f6tt kereszt\u00e9nyek megseg\u00edt\u00e9s\u00e9\u00e9rt \u00e9s a Hungary Helps program megval\u00f3s\u00edt\u00e1s\u00e1\u00e9rt felel\u0151s \u00e1llamtitk\u00e1rs\u00e1g\u00e1nak vezet\u0151je a konferenci\u00e1n arr\u00f3l besz\u00e9lt: t\u00e1rsadalmi t\u00e1mogatotts\u00e1g n\u00e9lk\u00fcl a korm\u00e1ny nem v\u00e1llalhatn\u00e1 sikeresen a vall\u00e1suk miatt \u00fcld\u00f6z\u00f6tt emberek megseg\u00edt\u00e9s\u00e9t. \u2013 A kereszt\u00e9nyek a vil\u00e1g leg\u00fcld\u00f6z\u00f6ttebb vall\u00e1si csoportja, J\u00e9zusnak mintegy 245 milli\u00f3 k\u00f6vet\u0151je szenved \u00fcld\u00f6ztet\u00e9st vagy n\u00e9pirt\u00e1st a hite miatt, s csak a m\u00falt \u00e9vben t\u00f6bb mint 4100 kereszt\u00e9nyt gyilkoltak meg \u2013 ismertette.<br \/>\nKit\u00e9rt r\u00e1: a seg\u00edts\u00e9get k\u00f6zvetlen\u00fcl a bajban l\u00e9v\u0151knek juttatj\u00e1k el, mivel a nemzetk\u00f6zi seg\u00e9lyszervezetek \u00e9s \u00fcgyn\u00f6ks\u00e9gek gyakran az adom\u00e1nyok egyharmad\u00e1t is adminisztr\u00e1ci\u00f3s k\u00f6lts\u00e9gk\u00e9nt k\u00f6nyvelik el. Bejelentette: november 25. \u00e9s 28. k\u00f6z\u00f6tt haz\u00e1nk megrendezi a m\u00e1sodik nemzetk\u00f6zi konferenci\u00e1t a kereszt\u00e9ny\u00fcld\u00f6z\u00e9s t\u00e9m\u00e1j\u00e1ban. Lapunknak elmondta: magas rang\u00fa eur\u00f3pai \u00e9s amerikai \u00e1llami vezet\u0151k \u00edg\u00e9rt\u00e9k r\u00e9szv\u00e9tel\u00fcket a konferenci\u00e1n, ahol a magyar korm\u00e1ny t\u00f6bb vezet\u0151 tiszts\u00e9gvisel\u0151je mellett k\u00f6zel-keleti \u00e9s afrikai \u00fcld\u00f6z\u00f6tt kereszt\u00e9ny k\u00f6z\u00f6ss\u00e9gek egyh\u00e1zi vezet\u0151i s nemzetk\u00f6zi karitat\u00edv szervezetek k\u00e9pvisel\u0151i fognak el\u0151adni.<\/p>\n<p>\n<!--noindex--><br \/>\n<a href=\"https:\/\/hirek.oldal.info\/rssclick\/14411873\" rel=\"nofollow\">Source link <\/a><br \/>\n<!--\/noindex--><\/p>\n","protected":false},"excerpt":{"rendered":"<p>A cikk emailben t\u00f6rt\u00e9n\u0151 elk\u00fcld\u00e9s\u00e9hez kattintson ide, vagy m\u00e1solja le \u00e9s k\u00fcldje el ezt a linket: https:\/\/magyarnemzet.hu\/belfold\/nemzeti-ugy-segiteni-a-keresztenyeknek-7321136\/ 2019. szeptember 20. p\u00e9ntek 06:17 Politikai n\u00e9zett\u0151l f\u00fcggetlen\u00fcl magas a korm\u00e1ny \u00fcld\u00f6z\u00f6tt kereszt\u00e9nyeket seg\u00edt\u0151 tev\u00e9kenys\u00e9g\u00e9nek t\u00e1mogatotts\u00e1ga, a lakoss\u00e1g mintegy k\u00e9tharmada \u00e9rt ezzel egyet a N\u00e9z\u0151pont Int\u00e9zet felm\u00e9r\u00e9se szerint. A kutat\u00e1s eredm\u00e9nyeib\u0151l kider\u00fcl: a magyarok k\u00f6zel h\u00e1romnegyede szerint a [&hellip;]<\/p>\n","protected":false},"author":2,"featured_media":2329,"comment_status":"open","ping_status":"open","sticky":false,"template":"","format":"standard","meta":{"footnotes":""},"categories":[1],"tags":[],"class_list":["post-2328","post","type-post","status-publish","format-standard","has-post-thumbnail","hentry","category-legujabb-penzugyi-hirek"],"yoast_head":"<!-- This site is optimized with the Yoast SEO plugin v27.4 - https:\/\/yoast.com\/product\/yoast-seo-wordpress\/ -->\n<title>Nemzeti \u00fcgy seg\u00edteni a kereszt\u00e9nyeknek - Hot News in World<\/title>\n<meta name=\"robots\" content=\"index, follow, max-snippet:-1, max-image-preview:large, max-video-preview:-1\" \/>\n<link rel=\"canonical\" href=\"https:\/\/hotnewsinworld.com\/hu\/nemzeti-ugy-segiteni-a-keresztenyeknek\/\" \/>\n<meta property=\"og:locale\" content=\"hu_HU\" \/>\n<meta property=\"og:type\" content=\"article\" \/>\n<meta property=\"og:title\" content=\"Nemzeti \u00fcgy seg\u00edteni a kereszt\u00e9nyeknek - Hot News in World\" \/>\n<meta property=\"og:description\" content=\"A cikk emailben t\u00f6rt\u00e9n\u0151 elk\u00fcld\u00e9s\u00e9hez kattintson ide, vagy m\u00e1solja le \u00e9s k\u00fcldje el ezt a linket: https:\/\/magyarnemzet.hu\/belfold\/nemzeti-ugy-segiteni-a-keresztenyeknek-7321136\/ 2019. szeptember 20. p\u00e9ntek 06:17 Politikai n\u00e9zett\u0151l f\u00fcggetlen\u00fcl magas a korm\u00e1ny \u00fcld\u00f6z\u00f6tt kereszt\u00e9nyeket seg\u00edt\u0151 tev\u00e9kenys\u00e9g\u00e9nek t\u00e1mogatotts\u00e1ga, a lakoss\u00e1g mintegy k\u00e9tharmada \u00e9rt ezzel egyet a N\u00e9z\u0151pont Int\u00e9zet felm\u00e9r\u00e9se szerint. A kutat\u00e1s eredm\u00e9nyeib\u0151l kider\u00fcl: a magyarok k\u00f6zel h\u00e1romnegyede szerint a [&hellip;]\" \/>\n<meta property=\"og:url\" content=\"https:\/\/hotnewsinworld.com\/hu\/nemzeti-ugy-segiteni-a-keresztenyeknek\/\" \/>\n<meta property=\"og:site_name\" content=\"Hot News in World\" \/>\n<meta property=\"article:published_time\" content=\"2019-09-20T04:25:51+00:00\" \/>\n<meta property=\"article:modified_time\" content=\"2019-09-20T04:25:52+00:00\" \/>\n<meta property=\"og:image\" content=\"https:\/\/hotnewsinworld.com\/hu\/wp-content\/uploads\/sites\/3\/2019\/09\/Nemzeti-\u00fcgy-seg\u00edteni-a-kereszt\u00e9nyeknek.jpg\" \/>\n\t<meta property=\"og:image:width\" content=\"768\" \/>\n\t<meta property=\"og:image:height\" content=\"431\" \/>\n\t<meta property=\"og:image:type\" content=\"image\/jpeg\" \/>\n<meta name=\"author\" content=\"hotnewsinworld\" \/>\n<meta name=\"twitter:card\" content=\"summary_large_image\" \/>\n<meta name=\"twitter:label1\" content=\"Szerz\u0151:\" \/>\n\t<meta name=\"twitter:data1\" content=\"hotnewsinworld\" \/>\n\t<meta name=\"twitter:label2\" content=\"Becs\u00fclt olvas\u00e1si id\u0151\" \/>\n\t<meta name=\"twitter:data2\" content=\"3 perc\" \/>\n<script type=\"application\/ld+json\" class=\"yoast-schema-graph\">{\"@context\":\"https:\\\/\\\/schema.org\",\"@graph\":[{\"@type\":\"Article\",\"@id\":\"https:\\\/\\\/hotnewsinworld.com\\\/hu\\\/nemzeti-ugy-segiteni-a-keresztenyeknek\\\/#article\",\"isPartOf\":{\"@id\":\"https:\\\/\\\/hotnewsinworld.com\\\/hu\\\/nemzeti-ugy-segiteni-a-keresztenyeknek\\\/\"},\"author\":{\"name\":\"hotnewsinworld\",\"@id\":\"https:\\\/\\\/hotnewsinworld.com\\\/hu\\\/#\\\/schema\\\/person\\\/fe61448b21c0d59086e75fcc1f9d8f6b\"},\"headline\":\"Nemzeti \u00fcgy seg\u00edteni a kereszt\u00e9nyeknek\",\"datePublished\":\"2019-09-20T04:25:51+00:00\",\"dateModified\":\"2019-09-20T04:25:52+00:00\",\"mainEntityOfPage\":{\"@id\":\"https:\\\/\\\/hotnewsinworld.com\\\/hu\\\/nemzeti-ugy-segiteni-a-keresztenyeknek\\\/\"},\"wordCount\":690,\"commentCount\":0,\"image\":{\"@id\":\"https:\\\/\\\/hotnewsinworld.com\\\/hu\\\/nemzeti-ugy-segiteni-a-keresztenyeknek\\\/#primaryimage\"},\"thumbnailUrl\":\"https:\\\/\\\/hotnewsinworld.com\\\/hu\\\/wp-content\\\/uploads\\\/sites\\\/3\\\/2019\\\/09\\\/Nemzeti-\u00fcgy-seg\u00edteni-a-kereszt\u00e9nyeknek.jpg\",\"articleSection\":[\"LEG\u00daJABB P\u00c9NZ\u00dcGYI H\u00cdREK\"],\"inLanguage\":\"hu\",\"potentialAction\":[{\"@type\":\"CommentAction\",\"name\":\"Comment\",\"target\":[\"https:\\\/\\\/hotnewsinworld.com\\\/hu\\\/nemzeti-ugy-segiteni-a-keresztenyeknek\\\/#respond\"]}]},{\"@type\":\"WebPage\",\"@id\":\"https:\\\/\\\/hotnewsinworld.com\\\/hu\\\/nemzeti-ugy-segiteni-a-keresztenyeknek\\\/\",\"url\":\"https:\\\/\\\/hotnewsinworld.com\\\/hu\\\/nemzeti-ugy-segiteni-a-keresztenyeknek\\\/\",\"name\":\"Nemzeti \u00fcgy seg\u00edteni a kereszt\u00e9nyeknek - Hot News in World\",\"isPartOf\":{\"@id\":\"https:\\\/\\\/hotnewsinworld.com\\\/hu\\\/#website\"},\"primaryImageOfPage\":{\"@id\":\"https:\\\/\\\/hotnewsinworld.com\\\/hu\\\/nemzeti-ugy-segiteni-a-keresztenyeknek\\\/#primaryimage\"},\"image\":{\"@id\":\"https:\\\/\\\/hotnewsinworld.com\\\/hu\\\/nemzeti-ugy-segiteni-a-keresztenyeknek\\\/#primaryimage\"},\"thumbnailUrl\":\"https:\\\/\\\/hotnewsinworld.com\\\/hu\\\/wp-content\\\/uploads\\\/sites\\\/3\\\/2019\\\/09\\\/Nemzeti-\u00fcgy-seg\u00edteni-a-kereszt\u00e9nyeknek.jpg\",\"datePublished\":\"2019-09-20T04:25:51+00:00\",\"dateModified\":\"2019-09-20T04:25:52+00:00\",\"author\":{\"@id\":\"https:\\\/\\\/hotnewsinworld.com\\\/hu\\\/#\\\/schema\\\/person\\\/fe61448b21c0d59086e75fcc1f9d8f6b\"},\"breadcrumb\":{\"@id\":\"https:\\\/\\\/hotnewsinworld.com\\\/hu\\\/nemzeti-ugy-segiteni-a-keresztenyeknek\\\/#breadcrumb\"},\"inLanguage\":\"hu\",\"potentialAction\":[{\"@type\":\"ReadAction\",\"target\":[\"https:\\\/\\\/hotnewsinworld.com\\\/hu\\\/nemzeti-ugy-segiteni-a-keresztenyeknek\\\/\"]}]},{\"@type\":\"ImageObject\",\"inLanguage\":\"hu\",\"@id\":\"https:\\\/\\\/hotnewsinworld.com\\\/hu\\\/nemzeti-ugy-segiteni-a-keresztenyeknek\\\/#primaryimage\",\"url\":\"https:\\\/\\\/hotnewsinworld.com\\\/hu\\\/wp-content\\\/uploads\\\/sites\\\/3\\\/2019\\\/09\\\/Nemzeti-\u00fcgy-seg\u00edteni-a-kereszt\u00e9nyeknek.jpg\",\"contentUrl\":\"https:\\\/\\\/hotnewsinworld.com\\\/hu\\\/wp-content\\\/uploads\\\/sites\\\/3\\\/2019\\\/09\\\/Nemzeti-\u00fcgy-seg\u00edteni-a-kereszt\u00e9nyeknek.jpg\",\"width\":768,\"height\":431,\"caption\":\"Nemzeti \u00fcgy seg\u00edteni a kereszt\u00e9nyeknek\"},{\"@type\":\"BreadcrumbList\",\"@id\":\"https:\\\/\\\/hotnewsinworld.com\\\/hu\\\/nemzeti-ugy-segiteni-a-keresztenyeknek\\\/#breadcrumb\",\"itemListElement\":[{\"@type\":\"ListItem\",\"position\":1,\"name\":\"\u0413\u043b\u0430\u0432\u043d\u0430\u044f \u0441\u0442\u0440\u0430\u043d\u0438\u0446\u0430\",\"item\":\"https:\\\/\\\/hotnewsinworld.com\\\/hu\\\/\"},{\"@type\":\"ListItem\",\"position\":2,\"name\":\"Nemzeti \u00fcgy seg\u00edteni a kereszt\u00e9nyeknek\"}]},{\"@type\":\"WebSite\",\"@id\":\"https:\\\/\\\/hotnewsinworld.com\\\/hu\\\/#website\",\"url\":\"https:\\\/\\\/hotnewsinworld.com\\\/hu\\\/\",\"name\":\"Hot News in World\",\"description\":\"Hot News in World from Hungary\",\"potentialAction\":[{\"@type\":\"SearchAction\",\"target\":{\"@type\":\"EntryPoint\",\"urlTemplate\":\"https:\\\/\\\/hotnewsinworld.com\\\/hu\\\/?s={search_term_string}\"},\"query-input\":{\"@type\":\"PropertyValueSpecification\",\"valueRequired\":true,\"valueName\":\"search_term_string\"}}],\"inLanguage\":\"hu\"},{\"@type\":\"Person\",\"@id\":\"https:\\\/\\\/hotnewsinworld.com\\\/hu\\\/#\\\/schema\\\/person\\\/fe61448b21c0d59086e75fcc1f9d8f6b\",\"name\":\"hotnewsinworld\",\"image\":{\"@type\":\"ImageObject\",\"inLanguage\":\"hu\",\"@id\":\"https:\\\/\\\/secure.gravatar.com\\\/avatar\\\/8a09ac165600ce2e1c38fe593c63928eb1e6e7ba5c5a907d67787c41b3d00c14?s=96&d=mm&r=g\",\"url\":\"https:\\\/\\\/secure.gravatar.com\\\/avatar\\\/8a09ac165600ce2e1c38fe593c63928eb1e6e7ba5c5a907d67787c41b3d00c14?s=96&d=mm&r=g\",\"contentUrl\":\"https:\\\/\\\/secure.gravatar.com\\\/avatar\\\/8a09ac165600ce2e1c38fe593c63928eb1e6e7ba5c5a907d67787c41b3d00c14?s=96&d=mm&r=g\",\"caption\":\"hotnewsinworld\"},\"url\":\"https:\\\/\\\/hotnewsinworld.com\\\/hu\\\/author\\\/pt\\\/\"}]}<\/script>\n<!-- \/ Yoast SEO plugin. -->","yoast_head_json":{"title":"Nemzeti \u00fcgy seg\u00edteni a kereszt\u00e9nyeknek - Hot News in World","robots":{"index":"index","follow":"follow","max-snippet":"max-snippet:-1","max-image-preview":"max-image-preview:large","max-video-preview":"max-video-preview:-1"},"canonical":"https:\/\/hotnewsinworld.com\/hu\/nemzeti-ugy-segiteni-a-keresztenyeknek\/","og_locale":"hu_HU","og_type":"article","og_title":"Nemzeti \u00fcgy seg\u00edteni a kereszt\u00e9nyeknek - Hot News in World","og_description":"A cikk emailben t\u00f6rt\u00e9n\u0151 elk\u00fcld\u00e9s\u00e9hez kattintson ide, vagy m\u00e1solja le \u00e9s k\u00fcldje el ezt a linket: https:\/\/magyarnemzet.hu\/belfold\/nemzeti-ugy-segiteni-a-keresztenyeknek-7321136\/ 2019. szeptember 20. p\u00e9ntek 06:17 Politikai n\u00e9zett\u0151l f\u00fcggetlen\u00fcl magas a korm\u00e1ny \u00fcld\u00f6z\u00f6tt kereszt\u00e9nyeket seg\u00edt\u0151 tev\u00e9kenys\u00e9g\u00e9nek t\u00e1mogatotts\u00e1ga, a lakoss\u00e1g mintegy k\u00e9tharmada \u00e9rt ezzel egyet a N\u00e9z\u0151pont Int\u00e9zet felm\u00e9r\u00e9se szerint. A kutat\u00e1s eredm\u00e9nyeib\u0151l kider\u00fcl: a magyarok k\u00f6zel h\u00e1romnegyede szerint a [&hellip;]","og_url":"https:\/\/hotnewsinworld.com\/hu\/nemzeti-ugy-segiteni-a-keresztenyeknek\/","og_site_name":"Hot News in World","article_published_time":"2019-09-20T04:25:51+00:00","article_modified_time":"2019-09-20T04:25:52+00:00","og_image":[{"width":768,"height":431,"url":"https:\/\/hotnewsinworld.com\/hu\/wp-content\/uploads\/sites\/3\/2019\/09\/Nemzeti-\u00fcgy-seg\u00edteni-a-kereszt\u00e9nyeknek.jpg","type":"image\/jpeg"}],"author":"hotnewsinworld","twitter_card":"summary_large_image","twitter_misc":{"Szerz\u0151:":"hotnewsinworld","Becs\u00fclt olvas\u00e1si id\u0151":"3 perc"},"schema":{"@context":"https:\/\/schema.org","@graph":[{"@type":"Article","@id":"https:\/\/hotnewsinworld.com\/hu\/nemzeti-ugy-segiteni-a-keresztenyeknek\/#article","isPartOf":{"@id":"https:\/\/hotnewsinworld.com\/hu\/nemzeti-ugy-segiteni-a-keresztenyeknek\/"},"author":{"name":"hotnewsinworld","@id":"https:\/\/hotnewsinworld.com\/hu\/#\/schema\/person\/fe61448b21c0d59086e75fcc1f9d8f6b"},"headline":"Nemzeti \u00fcgy seg\u00edteni a kereszt\u00e9nyeknek","datePublished":"2019-09-20T04:25:51+00:00","dateModified":"2019-09-20T04:25:52+00:00","mainEntityOfPage":{"@id":"https:\/\/hotnewsinworld.com\/hu\/nemzeti-ugy-segiteni-a-keresztenyeknek\/"},"wordCount":690,"commentCount":0,"image":{"@id":"https:\/\/hotnewsinworld.com\/hu\/nemzeti-ugy-segiteni-a-keresztenyeknek\/#primaryimage"},"thumbnailUrl":"https:\/\/hotnewsinworld.com\/hu\/wp-content\/uploads\/sites\/3\/2019\/09\/Nemzeti-\u00fcgy-seg\u00edteni-a-kereszt\u00e9nyeknek.jpg","articleSection":["LEG\u00daJABB P\u00c9NZ\u00dcGYI H\u00cdREK"],"inLanguage":"hu","potentialAction":[{"@type":"CommentAction","name":"Comment","target":["https:\/\/hotnewsinworld.com\/hu\/nemzeti-ugy-segiteni-a-keresztenyeknek\/#respond"]}]},{"@type":"WebPage","@id":"https:\/\/hotnewsinworld.com\/hu\/nemzeti-ugy-segiteni-a-keresztenyeknek\/","url":"https:\/\/hotnewsinworld.com\/hu\/nemzeti-ugy-segiteni-a-keresztenyeknek\/","name":"Nemzeti \u00fcgy seg\u00edteni a kereszt\u00e9nyeknek - Hot News in World","isPartOf":{"@id":"https:\/\/hotnewsinworld.com\/hu\/#website"},"primaryImageOfPage":{"@id":"https:\/\/hotnewsinworld.com\/hu\/nemzeti-ugy-segiteni-a-keresztenyeknek\/#primaryimage"},"image":{"@id":"https:\/\/hotnewsinworld.com\/hu\/nemzeti-ugy-segiteni-a-keresztenyeknek\/#primaryimage"},"thumbnailUrl":"https:\/\/hotnewsinworld.com\/hu\/wp-content\/uploads\/sites\/3\/2019\/09\/Nemzeti-\u00fcgy-seg\u00edteni-a-kereszt\u00e9nyeknek.jpg","datePublished":"2019-09-20T04:25:51+00:00","dateModified":"2019-09-20T04:25:52+00:00","author":{"@id":"https:\/\/hotnewsinworld.com\/hu\/#\/schema\/person\/fe61448b21c0d59086e75fcc1f9d8f6b"},"breadcrumb":{"@id":"https:\/\/hotnewsinworld.com\/hu\/nemzeti-ugy-segiteni-a-keresztenyeknek\/#breadcrumb"},"inLanguage":"hu","potentialAction":[{"@type":"ReadAction","target":["https:\/\/hotnewsinworld.com\/hu\/nemzeti-ugy-segiteni-a-keresztenyeknek\/"]}]},{"@type":"ImageObject","inLanguage":"hu","@id":"https:\/\/hotnewsinworld.com\/hu\/nemzeti-ugy-segiteni-a-keresztenyeknek\/#primaryimage","url":"https:\/\/hotnewsinworld.com\/hu\/wp-content\/uploads\/sites\/3\/2019\/09\/Nemzeti-\u00fcgy-seg\u00edteni-a-kereszt\u00e9nyeknek.jpg","contentUrl":"https:\/\/hotnewsinworld.com\/hu\/wp-content\/uploads\/sites\/3\/2019\/09\/Nemzeti-\u00fcgy-seg\u00edteni-a-kereszt\u00e9nyeknek.jpg","width":768,"height":431,"caption":"Nemzeti \u00fcgy seg\u00edteni a kereszt\u00e9nyeknek"},{"@type":"BreadcrumbList","@id":"https:\/\/hotnewsinworld.com\/hu\/nemzeti-ugy-segiteni-a-keresztenyeknek\/#breadcrumb","itemListElement":[{"@type":"ListItem","position":1,"name":"\u0413\u043b\u0430\u0432\u043d\u0430\u044f \u0441\u0442\u0440\u0430\u043d\u0438\u0446\u0430","item":"https:\/\/hotnewsinworld.com\/hu\/"},{"@type":"ListItem","position":2,"name":"Nemzeti \u00fcgy seg\u00edteni a kereszt\u00e9nyeknek"}]},{"@type":"WebSite","@id":"https:\/\/hotnewsinworld.com\/hu\/#website","url":"https:\/\/hotnewsinworld.com\/hu\/","name":"Hot News in World","description":"Hot News in World from Hungary","potentialAction":[{"@type":"SearchAction","target":{"@type":"EntryPoint","urlTemplate":"https:\/\/hotnewsinworld.com\/hu\/?s={search_term_string}"},"query-input":{"@type":"PropertyValueSpecification","valueRequired":true,"valueName":"search_term_string"}}],"inLanguage":"hu"},{"@type":"Person","@id":"https:\/\/hotnewsinworld.com\/hu\/#\/schema\/person\/fe61448b21c0d59086e75fcc1f9d8f6b","name":"hotnewsinworld","image":{"@type":"ImageObject","inLanguage":"hu","@id":"https:\/\/secure.gravatar.com\/avatar\/8a09ac165600ce2e1c38fe593c63928eb1e6e7ba5c5a907d67787c41b3d00c14?s=96&d=mm&r=g","url":"https:\/\/secure.gravatar.com\/avatar\/8a09ac165600ce2e1c38fe593c63928eb1e6e7ba5c5a907d67787c41b3d00c14?s=96&d=mm&r=g","contentUrl":"https:\/\/secure.gravatar.com\/avatar\/8a09ac165600ce2e1c38fe593c63928eb1e6e7ba5c5a907d67787c41b3d00c14?s=96&d=mm&r=g","caption":"hotnewsinworld"},"url":"https:\/\/hotnewsinworld.com\/hu\/author\/pt\/"}]}},"_links":{"self":[{"href":"https:\/\/hotnewsinworld.com\/hu\/wp-json\/wp\/v2\/posts\/2328","targetHints":{"allow":["GET"]}}],"collection":[{"href":"https:\/\/hotnewsinworld.com\/hu\/wp-json\/wp\/v2\/posts"}],"about":[{"href":"https:\/\/hotnewsinworld.com\/hu\/wp-json\/wp\/v2\/types\/post"}],"author":[{"embeddable":true,"href":"https:\/\/hotnewsinworld.com\/hu\/wp-json\/wp\/v2\/users\/2"}],"replies":[{"embeddable":true,"href":"https:\/\/hotnewsinworld.com\/hu\/wp-json\/wp\/v2\/comments?post=2328"}],"version-history":[{"count":1,"href":"https:\/\/hotnewsinworld.com\/hu\/wp-json\/wp\/v2\/posts\/2328\/revisions"}],"predecessor-version":[{"id":2330,"href":"https:\/\/hotnewsinworld.com\/hu\/wp-json\/wp\/v2\/posts\/2328\/revisions\/2330"}],"wp:featuredmedia":[{"embeddable":true,"href":"https:\/\/hotnewsinworld.com\/hu\/wp-json\/wp\/v2\/media\/2329"}],"wp:attachment":[{"href":"https:\/\/hotnewsinworld.com\/hu\/wp-json\/wp\/v2\/media?parent=2328"}],"wp:term":[{"taxonomy":"category","embeddable":true,"href":"https:\/\/hotnewsinworld.com\/hu\/wp-json\/wp\/v2\/categories?post=2328"},{"taxonomy":"post_tag","embeddable":true,"href":"https:\/\/hotnewsinworld.com\/hu\/wp-json\/wp\/v2\/tags?post=2328"}],"curies":[{"name":"wp","href":"https:\/\/api.w.org\/{rel}","templated":true}]}}