{"id":2334,"date":"2019-09-20T11:44:55","date_gmt":"2019-09-20T08:44:55","guid":{"rendered":"https:\/\/hotnewsinworld.com\/hu\/megtalaltak-az-idos-not-a-magyar-rendorseg-hivatalos-honlapja\/"},"modified":"2019-09-20T11:44:56","modified_gmt":"2019-09-20T08:44:56","slug":"megtalaltak-az-idos-not-a-magyar-rendorseg-hivatalos-honlapja","status":"publish","type":"post","link":"https:\/\/hotnewsinworld.com\/hu\/megtalaltak-az-idos-not-a-magyar-rendorseg-hivatalos-honlapja\/","title":{"rendered":"Megtal\u00e1lt\u00e1k az id\u0151s n\u0151t | A Magyar Rend\u0151rs\u00e9g hivatalos honlapja"},"content":{"rendered":"\n<p>            A b\u00e1tonyterenyei rend\u0151r\u00f6k biztons\u00e1gi int\u00e9zked\u00e9st alkalmaztak egy 68 \u00e9ves n\u0151 \u00e9rdek\u00e9ben.<\/p>\n<p>            Bejelent\u00e9s \u00e9rkezett 2019. szeptember 19-\u00e9n 15 \u00f3ra 17 perckor a 112-es seg\u00e9lyh\u00edv\u00f3 sz\u00e1mra, miszerint egy id\u0151s asszony M\u00e1tramindszentr\u0151l a k\u00f6rnyez\u0151 erd\u0151r\u00e9szbe ment ismer\u0151seivel, mely sor\u00e1n a t\u00f6bbiekt\u0151l elt\u00e1volodott. A n\u0151t a rokonok kerest\u00e9k, de nem tal\u00e1lj\u00e1k, telefon nincs n\u00e1la. \u00a0Ezt k\u00f6vet\u0151en a k\u00f6rzeti megb\u00edzottak azonnal a bejelent\u00e9sben szerepl\u0151 erd\u0151r\u00e9sz ir\u00e1ny\u00e1ba indultak \u00e9s ennek sor\u00e1n a K\u00e1ny\u00e1s-Cseres erd\u0151r\u00e9szhez \u00e9rtek, ahol az \u00faton gyalogosan k\u00f6zleked\u0151, elt\u00e9vedt, f\u00e1radt 68 \u00e9ves n\u0151t megtal\u00e1lt\u00e1k. A keresett h\u00f6lgyet a csal\u00e1dtagjainak s\u00e9r\u00fcl\u00e9s \u00e9s panaszmentesen \u00e1tadt\u00e1k, akik otthon\u00e1ba k\u00eds\u00e9rt\u00e9k, ahol gondoskodhattak r\u00f3la.<\/p>\n<p>\u00a0<\/p>\n<p>\n<!--noindex--><br \/>\n<a href=\"https:\/\/hirek.oldal.info\/rssclick\/14412588\" rel=\"nofollow\">Source link <\/a><br \/>\n<!--\/noindex--><\/p>\n","protected":false},"excerpt":{"rendered":"<p>A b\u00e1tonyterenyei rend\u0151r\u00f6k biztons\u00e1gi int\u00e9zked\u00e9st alkalmaztak egy 68 \u00e9ves n\u0151 \u00e9rdek\u00e9ben. Bejelent\u00e9s \u00e9rkezett 2019. szeptember 19-\u00e9n 15 \u00f3ra 17 perckor a 112-es seg\u00e9lyh\u00edv\u00f3 sz\u00e1mra, miszerint egy id\u0151s asszony M\u00e1tramindszentr\u0151l a k\u00f6rnyez\u0151 erd\u0151r\u00e9szbe ment ismer\u0151seivel, mely sor\u00e1n a t\u00f6bbiekt\u0151l elt\u00e1volodott. A n\u0151t a rokonok kerest\u00e9k, de nem tal\u00e1lj\u00e1k, telefon nincs n\u00e1la. \u00a0Ezt k\u00f6vet\u0151en a k\u00f6rzeti megb\u00edzottak [&hellip;]<\/p>\n","protected":false},"author":2,"featured_media":2335,"comment_status":"open","ping_status":"open","sticky":false,"template":"","format":"standard","meta":{"footnotes":""},"categories":[1],"tags":[],"class_list":["post-2334","post","type-post","status-publish","format-standard","has-post-thumbnail","hentry","category-legujabb-penzugyi-hirek"],"yoast_head":"<!-- This site is optimized with the Yoast SEO plugin v27.4 - https:\/\/yoast.com\/product\/yoast-seo-wordpress\/ -->\n<title>Megtal\u00e1lt\u00e1k az id\u0151s n\u0151t | A Magyar Rend\u0151rs\u00e9g hivatalos honlapja - Hot News in World<\/title>\n<meta name=\"robots\" content=\"index, follow, max-snippet:-1, max-image-preview:large, max-video-preview:-1\" \/>\n<link rel=\"canonical\" href=\"https:\/\/hotnewsinworld.com\/hu\/megtalaltak-az-idos-not-a-magyar-rendorseg-hivatalos-honlapja\/\" \/>\n<meta property=\"og:locale\" content=\"hu_HU\" \/>\n<meta property=\"og:type\" content=\"article\" \/>\n<meta property=\"og:title\" content=\"Megtal\u00e1lt\u00e1k az id\u0151s n\u0151t | A Magyar Rend\u0151rs\u00e9g hivatalos honlapja - Hot News in World\" \/>\n<meta property=\"og:description\" content=\"A b\u00e1tonyterenyei rend\u0151r\u00f6k biztons\u00e1gi int\u00e9zked\u00e9st alkalmaztak egy 68 \u00e9ves n\u0151 \u00e9rdek\u00e9ben. Bejelent\u00e9s \u00e9rkezett 2019. szeptember 19-\u00e9n 15 \u00f3ra 17 perckor a 112-es seg\u00e9lyh\u00edv\u00f3 sz\u00e1mra, miszerint egy id\u0151s asszony M\u00e1tramindszentr\u0151l a k\u00f6rnyez\u0151 erd\u0151r\u00e9szbe ment ismer\u0151seivel, mely sor\u00e1n a t\u00f6bbiekt\u0151l elt\u00e1volodott. A n\u0151t a rokonok kerest\u00e9k, de nem tal\u00e1lj\u00e1k, telefon nincs n\u00e1la. \u00a0Ezt k\u00f6vet\u0151en a k\u00f6rzeti megb\u00edzottak [&hellip;]\" \/>\n<meta property=\"og:url\" content=\"https:\/\/hotnewsinworld.com\/hu\/megtalaltak-az-idos-not-a-magyar-rendorseg-hivatalos-honlapja\/\" \/>\n<meta property=\"og:site_name\" content=\"Hot News in World\" \/>\n<meta property=\"article:published_time\" content=\"2019-09-20T08:44:55+00:00\" \/>\n<meta property=\"article:modified_time\" content=\"2019-09-20T08:44:56+00:00\" \/>\n<meta property=\"og:image\" content=\"https:\/\/hotnewsinworld.com\/hu\/wp-content\/uploads\/sites\/3\/2019\/09\/Megtal\u00e1lt\u00e1k-az-id\u0151s-n\u0151t-A-Magyar-Rend\u0151rs\u00e9g-hivatalos-honlapja.jpg\" \/>\n\t<meta property=\"og:image:width\" content=\"751\" \/>\n\t<meta property=\"og:image:height\" content=\"500\" \/>\n\t<meta property=\"og:image:type\" content=\"image\/jpeg\" \/>\n<meta name=\"author\" content=\"hotnewsinworld\" \/>\n<meta name=\"twitter:card\" content=\"summary_large_image\" \/>\n<meta name=\"twitter:label1\" content=\"Szerz\u0151:\" \/>\n\t<meta name=\"twitter:data1\" content=\"hotnewsinworld\" \/>\n\t<meta name=\"twitter:label2\" content=\"Becs\u00fclt olvas\u00e1si id\u0151\" \/>\n\t<meta name=\"twitter:data2\" content=\"1 perc\" \/>\n<script type=\"application\/ld+json\" class=\"yoast-schema-graph\">{\"@context\":\"https:\\\/\\\/schema.org\",\"@graph\":[{\"@type\":\"Article\",\"@id\":\"https:\\\/\\\/hotnewsinworld.com\\\/hu\\\/megtalaltak-az-idos-not-a-magyar-rendorseg-hivatalos-honlapja\\\/#article\",\"isPartOf\":{\"@id\":\"https:\\\/\\\/hotnewsinworld.com\\\/hu\\\/megtalaltak-az-idos-not-a-magyar-rendorseg-hivatalos-honlapja\\\/\"},\"author\":{\"name\":\"hotnewsinworld\",\"@id\":\"https:\\\/\\\/hotnewsinworld.com\\\/hu\\\/#\\\/schema\\\/person\\\/fe61448b21c0d59086e75fcc1f9d8f6b\"},\"headline\":\"Megtal\u00e1lt\u00e1k az id\u0151s n\u0151t | A Magyar Rend\u0151rs\u00e9g hivatalos honlapja\",\"datePublished\":\"2019-09-20T08:44:55+00:00\",\"dateModified\":\"2019-09-20T08:44:56+00:00\",\"mainEntityOfPage\":{\"@id\":\"https:\\\/\\\/hotnewsinworld.com\\\/hu\\\/megtalaltak-az-idos-not-a-magyar-rendorseg-hivatalos-honlapja\\\/\"},\"wordCount\":166,\"commentCount\":0,\"image\":{\"@id\":\"https:\\\/\\\/hotnewsinworld.com\\\/hu\\\/megtalaltak-az-idos-not-a-magyar-rendorseg-hivatalos-honlapja\\\/#primaryimage\"},\"thumbnailUrl\":\"https:\\\/\\\/hotnewsinworld.com\\\/hu\\\/wp-content\\\/uploads\\\/sites\\\/3\\\/2019\\\/09\\\/Megtal\u00e1lt\u00e1k-az-id\u0151s-n\u0151t-A-Magyar-Rend\u0151rs\u00e9g-hivatalos-honlapja.jpg\",\"articleSection\":[\"LEG\u00daJABB P\u00c9NZ\u00dcGYI H\u00cdREK\"],\"inLanguage\":\"hu\",\"potentialAction\":[{\"@type\":\"CommentAction\",\"name\":\"Comment\",\"target\":[\"https:\\\/\\\/hotnewsinworld.com\\\/hu\\\/megtalaltak-az-idos-not-a-magyar-rendorseg-hivatalos-honlapja\\\/#respond\"]}]},{\"@type\":\"WebPage\",\"@id\":\"https:\\\/\\\/hotnewsinworld.com\\\/hu\\\/megtalaltak-az-idos-not-a-magyar-rendorseg-hivatalos-honlapja\\\/\",\"url\":\"https:\\\/\\\/hotnewsinworld.com\\\/hu\\\/megtalaltak-az-idos-not-a-magyar-rendorseg-hivatalos-honlapja\\\/\",\"name\":\"Megtal\u00e1lt\u00e1k az id\u0151s n\u0151t | A Magyar Rend\u0151rs\u00e9g hivatalos honlapja - Hot News in World\",\"isPartOf\":{\"@id\":\"https:\\\/\\\/hotnewsinworld.com\\\/hu\\\/#website\"},\"primaryImageOfPage\":{\"@id\":\"https:\\\/\\\/hotnewsinworld.com\\\/hu\\\/megtalaltak-az-idos-not-a-magyar-rendorseg-hivatalos-honlapja\\\/#primaryimage\"},\"image\":{\"@id\":\"https:\\\/\\\/hotnewsinworld.com\\\/hu\\\/megtalaltak-az-idos-not-a-magyar-rendorseg-hivatalos-honlapja\\\/#primaryimage\"},\"thumbnailUrl\":\"https:\\\/\\\/hotnewsinworld.com\\\/hu\\\/wp-content\\\/uploads\\\/sites\\\/3\\\/2019\\\/09\\\/Megtal\u00e1lt\u00e1k-az-id\u0151s-n\u0151t-A-Magyar-Rend\u0151rs\u00e9g-hivatalos-honlapja.jpg\",\"datePublished\":\"2019-09-20T08:44:55+00:00\",\"dateModified\":\"2019-09-20T08:44:56+00:00\",\"author\":{\"@id\":\"https:\\\/\\\/hotnewsinworld.com\\\/hu\\\/#\\\/schema\\\/person\\\/fe61448b21c0d59086e75fcc1f9d8f6b\"},\"breadcrumb\":{\"@id\":\"https:\\\/\\\/hotnewsinworld.com\\\/hu\\\/megtalaltak-az-idos-not-a-magyar-rendorseg-hivatalos-honlapja\\\/#breadcrumb\"},\"inLanguage\":\"hu\",\"potentialAction\":[{\"@type\":\"ReadAction\",\"target\":[\"https:\\\/\\\/hotnewsinworld.com\\\/hu\\\/megtalaltak-az-idos-not-a-magyar-rendorseg-hivatalos-honlapja\\\/\"]}]},{\"@type\":\"ImageObject\",\"inLanguage\":\"hu\",\"@id\":\"https:\\\/\\\/hotnewsinworld.com\\\/hu\\\/megtalaltak-az-idos-not-a-magyar-rendorseg-hivatalos-honlapja\\\/#primaryimage\",\"url\":\"https:\\\/\\\/hotnewsinworld.com\\\/hu\\\/wp-content\\\/uploads\\\/sites\\\/3\\\/2019\\\/09\\\/Megtal\u00e1lt\u00e1k-az-id\u0151s-n\u0151t-A-Magyar-Rend\u0151rs\u00e9g-hivatalos-honlapja.jpg\",\"contentUrl\":\"https:\\\/\\\/hotnewsinworld.com\\\/hu\\\/wp-content\\\/uploads\\\/sites\\\/3\\\/2019\\\/09\\\/Megtal\u00e1lt\u00e1k-az-id\u0151s-n\u0151t-A-Magyar-Rend\u0151rs\u00e9g-hivatalos-honlapja.jpg\",\"width\":751,\"height\":500,\"caption\":\"Megtal\u00e1lt\u00e1k az id\u0151s n\u0151t | A Magyar Rend\u0151rs\u00e9g hivatalos honlapja\"},{\"@type\":\"BreadcrumbList\",\"@id\":\"https:\\\/\\\/hotnewsinworld.com\\\/hu\\\/megtalaltak-az-idos-not-a-magyar-rendorseg-hivatalos-honlapja\\\/#breadcrumb\",\"itemListElement\":[{\"@type\":\"ListItem\",\"position\":1,\"name\":\"\u0413\u043b\u0430\u0432\u043d\u0430\u044f \u0441\u0442\u0440\u0430\u043d\u0438\u0446\u0430\",\"item\":\"https:\\\/\\\/hotnewsinworld.com\\\/hu\\\/\"},{\"@type\":\"ListItem\",\"position\":2,\"name\":\"Megtal\u00e1lt\u00e1k az id\u0151s n\u0151t | A Magyar Rend\u0151rs\u00e9g hivatalos honlapja\"}]},{\"@type\":\"WebSite\",\"@id\":\"https:\\\/\\\/hotnewsinworld.com\\\/hu\\\/#website\",\"url\":\"https:\\\/\\\/hotnewsinworld.com\\\/hu\\\/\",\"name\":\"Hot News in World\",\"description\":\"Hot News in World from Hungary\",\"potentialAction\":[{\"@type\":\"SearchAction\",\"target\":{\"@type\":\"EntryPoint\",\"urlTemplate\":\"https:\\\/\\\/hotnewsinworld.com\\\/hu\\\/?s={search_term_string}\"},\"query-input\":{\"@type\":\"PropertyValueSpecification\",\"valueRequired\":true,\"valueName\":\"search_term_string\"}}],\"inLanguage\":\"hu\"},{\"@type\":\"Person\",\"@id\":\"https:\\\/\\\/hotnewsinworld.com\\\/hu\\\/#\\\/schema\\\/person\\\/fe61448b21c0d59086e75fcc1f9d8f6b\",\"name\":\"hotnewsinworld\",\"image\":{\"@type\":\"ImageObject\",\"inLanguage\":\"hu\",\"@id\":\"https:\\\/\\\/secure.gravatar.com\\\/avatar\\\/8a09ac165600ce2e1c38fe593c63928eb1e6e7ba5c5a907d67787c41b3d00c14?s=96&d=mm&r=g\",\"url\":\"https:\\\/\\\/secure.gravatar.com\\\/avatar\\\/8a09ac165600ce2e1c38fe593c63928eb1e6e7ba5c5a907d67787c41b3d00c14?s=96&d=mm&r=g\",\"contentUrl\":\"https:\\\/\\\/secure.gravatar.com\\\/avatar\\\/8a09ac165600ce2e1c38fe593c63928eb1e6e7ba5c5a907d67787c41b3d00c14?s=96&d=mm&r=g\",\"caption\":\"hotnewsinworld\"},\"url\":\"https:\\\/\\\/hotnewsinworld.com\\\/hu\\\/author\\\/pt\\\/\"}]}<\/script>\n<!-- \/ Yoast SEO plugin. -->","yoast_head_json":{"title":"Megtal\u00e1lt\u00e1k az id\u0151s n\u0151t | A Magyar Rend\u0151rs\u00e9g hivatalos honlapja - Hot News in World","robots":{"index":"index","follow":"follow","max-snippet":"max-snippet:-1","max-image-preview":"max-image-preview:large","max-video-preview":"max-video-preview:-1"},"canonical":"https:\/\/hotnewsinworld.com\/hu\/megtalaltak-az-idos-not-a-magyar-rendorseg-hivatalos-honlapja\/","og_locale":"hu_HU","og_type":"article","og_title":"Megtal\u00e1lt\u00e1k az id\u0151s n\u0151t | A Magyar Rend\u0151rs\u00e9g hivatalos honlapja - Hot News in World","og_description":"A b\u00e1tonyterenyei rend\u0151r\u00f6k biztons\u00e1gi int\u00e9zked\u00e9st alkalmaztak egy 68 \u00e9ves n\u0151 \u00e9rdek\u00e9ben. Bejelent\u00e9s \u00e9rkezett 2019. szeptember 19-\u00e9n 15 \u00f3ra 17 perckor a 112-es seg\u00e9lyh\u00edv\u00f3 sz\u00e1mra, miszerint egy id\u0151s asszony M\u00e1tramindszentr\u0151l a k\u00f6rnyez\u0151 erd\u0151r\u00e9szbe ment ismer\u0151seivel, mely sor\u00e1n a t\u00f6bbiekt\u0151l elt\u00e1volodott. A n\u0151t a rokonok kerest\u00e9k, de nem tal\u00e1lj\u00e1k, telefon nincs n\u00e1la. \u00a0Ezt k\u00f6vet\u0151en a k\u00f6rzeti megb\u00edzottak [&hellip;]","og_url":"https:\/\/hotnewsinworld.com\/hu\/megtalaltak-az-idos-not-a-magyar-rendorseg-hivatalos-honlapja\/","og_site_name":"Hot News in World","article_published_time":"2019-09-20T08:44:55+00:00","article_modified_time":"2019-09-20T08:44:56+00:00","og_image":[{"width":751,"height":500,"url":"https:\/\/hotnewsinworld.com\/hu\/wp-content\/uploads\/sites\/3\/2019\/09\/Megtal\u00e1lt\u00e1k-az-id\u0151s-n\u0151t-A-Magyar-Rend\u0151rs\u00e9g-hivatalos-honlapja.jpg","type":"image\/jpeg"}],"author":"hotnewsinworld","twitter_card":"summary_large_image","twitter_misc":{"Szerz\u0151:":"hotnewsinworld","Becs\u00fclt olvas\u00e1si id\u0151":"1 perc"},"schema":{"@context":"https:\/\/schema.org","@graph":[{"@type":"Article","@id":"https:\/\/hotnewsinworld.com\/hu\/megtalaltak-az-idos-not-a-magyar-rendorseg-hivatalos-honlapja\/#article","isPartOf":{"@id":"https:\/\/hotnewsinworld.com\/hu\/megtalaltak-az-idos-not-a-magyar-rendorseg-hivatalos-honlapja\/"},"author":{"name":"hotnewsinworld","@id":"https:\/\/hotnewsinworld.com\/hu\/#\/schema\/person\/fe61448b21c0d59086e75fcc1f9d8f6b"},"headline":"Megtal\u00e1lt\u00e1k az id\u0151s n\u0151t | A Magyar Rend\u0151rs\u00e9g hivatalos honlapja","datePublished":"2019-09-20T08:44:55+00:00","dateModified":"2019-09-20T08:44:56+00:00","mainEntityOfPage":{"@id":"https:\/\/hotnewsinworld.com\/hu\/megtalaltak-az-idos-not-a-magyar-rendorseg-hivatalos-honlapja\/"},"wordCount":166,"commentCount":0,"image":{"@id":"https:\/\/hotnewsinworld.com\/hu\/megtalaltak-az-idos-not-a-magyar-rendorseg-hivatalos-honlapja\/#primaryimage"},"thumbnailUrl":"https:\/\/hotnewsinworld.com\/hu\/wp-content\/uploads\/sites\/3\/2019\/09\/Megtal\u00e1lt\u00e1k-az-id\u0151s-n\u0151t-A-Magyar-Rend\u0151rs\u00e9g-hivatalos-honlapja.jpg","articleSection":["LEG\u00daJABB P\u00c9NZ\u00dcGYI H\u00cdREK"],"inLanguage":"hu","potentialAction":[{"@type":"CommentAction","name":"Comment","target":["https:\/\/hotnewsinworld.com\/hu\/megtalaltak-az-idos-not-a-magyar-rendorseg-hivatalos-honlapja\/#respond"]}]},{"@type":"WebPage","@id":"https:\/\/hotnewsinworld.com\/hu\/megtalaltak-az-idos-not-a-magyar-rendorseg-hivatalos-honlapja\/","url":"https:\/\/hotnewsinworld.com\/hu\/megtalaltak-az-idos-not-a-magyar-rendorseg-hivatalos-honlapja\/","name":"Megtal\u00e1lt\u00e1k az id\u0151s n\u0151t | A Magyar Rend\u0151rs\u00e9g hivatalos honlapja - Hot News in World","isPartOf":{"@id":"https:\/\/hotnewsinworld.com\/hu\/#website"},"primaryImageOfPage":{"@id":"https:\/\/hotnewsinworld.com\/hu\/megtalaltak-az-idos-not-a-magyar-rendorseg-hivatalos-honlapja\/#primaryimage"},"image":{"@id":"https:\/\/hotnewsinworld.com\/hu\/megtalaltak-az-idos-not-a-magyar-rendorseg-hivatalos-honlapja\/#primaryimage"},"thumbnailUrl":"https:\/\/hotnewsinworld.com\/hu\/wp-content\/uploads\/sites\/3\/2019\/09\/Megtal\u00e1lt\u00e1k-az-id\u0151s-n\u0151t-A-Magyar-Rend\u0151rs\u00e9g-hivatalos-honlapja.jpg","datePublished":"2019-09-20T08:44:55+00:00","dateModified":"2019-09-20T08:44:56+00:00","author":{"@id":"https:\/\/hotnewsinworld.com\/hu\/#\/schema\/person\/fe61448b21c0d59086e75fcc1f9d8f6b"},"breadcrumb":{"@id":"https:\/\/hotnewsinworld.com\/hu\/megtalaltak-az-idos-not-a-magyar-rendorseg-hivatalos-honlapja\/#breadcrumb"},"inLanguage":"hu","potentialAction":[{"@type":"ReadAction","target":["https:\/\/hotnewsinworld.com\/hu\/megtalaltak-az-idos-not-a-magyar-rendorseg-hivatalos-honlapja\/"]}]},{"@type":"ImageObject","inLanguage":"hu","@id":"https:\/\/hotnewsinworld.com\/hu\/megtalaltak-az-idos-not-a-magyar-rendorseg-hivatalos-honlapja\/#primaryimage","url":"https:\/\/hotnewsinworld.com\/hu\/wp-content\/uploads\/sites\/3\/2019\/09\/Megtal\u00e1lt\u00e1k-az-id\u0151s-n\u0151t-A-Magyar-Rend\u0151rs\u00e9g-hivatalos-honlapja.jpg","contentUrl":"https:\/\/hotnewsinworld.com\/hu\/wp-content\/uploads\/sites\/3\/2019\/09\/Megtal\u00e1lt\u00e1k-az-id\u0151s-n\u0151t-A-Magyar-Rend\u0151rs\u00e9g-hivatalos-honlapja.jpg","width":751,"height":500,"caption":"Megtal\u00e1lt\u00e1k az id\u0151s n\u0151t | A Magyar Rend\u0151rs\u00e9g hivatalos honlapja"},{"@type":"BreadcrumbList","@id":"https:\/\/hotnewsinworld.com\/hu\/megtalaltak-az-idos-not-a-magyar-rendorseg-hivatalos-honlapja\/#breadcrumb","itemListElement":[{"@type":"ListItem","position":1,"name":"\u0413\u043b\u0430\u0432\u043d\u0430\u044f \u0441\u0442\u0440\u0430\u043d\u0438\u0446\u0430","item":"https:\/\/hotnewsinworld.com\/hu\/"},{"@type":"ListItem","position":2,"name":"Megtal\u00e1lt\u00e1k az id\u0151s n\u0151t | A Magyar Rend\u0151rs\u00e9g hivatalos honlapja"}]},{"@type":"WebSite","@id":"https:\/\/hotnewsinworld.com\/hu\/#website","url":"https:\/\/hotnewsinworld.com\/hu\/","name":"Hot News in World","description":"Hot News in World from Hungary","potentialAction":[{"@type":"SearchAction","target":{"@type":"EntryPoint","urlTemplate":"https:\/\/hotnewsinworld.com\/hu\/?s={search_term_string}"},"query-input":{"@type":"PropertyValueSpecification","valueRequired":true,"valueName":"search_term_string"}}],"inLanguage":"hu"},{"@type":"Person","@id":"https:\/\/hotnewsinworld.com\/hu\/#\/schema\/person\/fe61448b21c0d59086e75fcc1f9d8f6b","name":"hotnewsinworld","image":{"@type":"ImageObject","inLanguage":"hu","@id":"https:\/\/secure.gravatar.com\/avatar\/8a09ac165600ce2e1c38fe593c63928eb1e6e7ba5c5a907d67787c41b3d00c14?s=96&d=mm&r=g","url":"https:\/\/secure.gravatar.com\/avatar\/8a09ac165600ce2e1c38fe593c63928eb1e6e7ba5c5a907d67787c41b3d00c14?s=96&d=mm&r=g","contentUrl":"https:\/\/secure.gravatar.com\/avatar\/8a09ac165600ce2e1c38fe593c63928eb1e6e7ba5c5a907d67787c41b3d00c14?s=96&d=mm&r=g","caption":"hotnewsinworld"},"url":"https:\/\/hotnewsinworld.com\/hu\/author\/pt\/"}]}},"_links":{"self":[{"href":"https:\/\/hotnewsinworld.com\/hu\/wp-json\/wp\/v2\/posts\/2334","targetHints":{"allow":["GET"]}}],"collection":[{"href":"https:\/\/hotnewsinworld.com\/hu\/wp-json\/wp\/v2\/posts"}],"about":[{"href":"https:\/\/hotnewsinworld.com\/hu\/wp-json\/wp\/v2\/types\/post"}],"author":[{"embeddable":true,"href":"https:\/\/hotnewsinworld.com\/hu\/wp-json\/wp\/v2\/users\/2"}],"replies":[{"embeddable":true,"href":"https:\/\/hotnewsinworld.com\/hu\/wp-json\/wp\/v2\/comments?post=2334"}],"version-history":[{"count":1,"href":"https:\/\/hotnewsinworld.com\/hu\/wp-json\/wp\/v2\/posts\/2334\/revisions"}],"predecessor-version":[{"id":2336,"href":"https:\/\/hotnewsinworld.com\/hu\/wp-json\/wp\/v2\/posts\/2334\/revisions\/2336"}],"wp:featuredmedia":[{"embeddable":true,"href":"https:\/\/hotnewsinworld.com\/hu\/wp-json\/wp\/v2\/media\/2335"}],"wp:attachment":[{"href":"https:\/\/hotnewsinworld.com\/hu\/wp-json\/wp\/v2\/media?parent=2334"}],"wp:term":[{"taxonomy":"category","embeddable":true,"href":"https:\/\/hotnewsinworld.com\/hu\/wp-json\/wp\/v2\/categories?post=2334"},{"taxonomy":"post_tag","embeddable":true,"href":"https:\/\/hotnewsinworld.com\/hu\/wp-json\/wp\/v2\/tags?post=2334"}],"curies":[{"name":"wp","href":"https:\/\/api.w.org\/{rel}","templated":true}]}}