{"id":2337,"date":"2019-09-20T13:11:15","date_gmt":"2019-09-20T10:11:15","guid":{"rendered":"https:\/\/hotnewsinworld.com\/hu\/magyarorszag-elen-jar-az-elelmiszeripari-fejlesztesekben\/"},"modified":"2019-09-20T13:11:16","modified_gmt":"2019-09-20T10:11:16","slug":"magyarorszag-elen-jar-az-elelmiszeripari-fejlesztesekben","status":"publish","type":"post","link":"https:\/\/hotnewsinworld.com\/hu\/magyarorszag-elen-jar-az-elelmiszeripari-fejlesztesekben\/","title":{"rendered":"Magyarorsz\u00e1g \u00e9len j\u00e1r az \u00e9lelmiszeripari fejleszt\u00e9sekben"},"content":{"rendered":"<p> MTI, 2019. 09. 20. 12:07Magyarorsz\u00e1g m\u00e1r 2018 v\u00e9g\u00e9n t\u00falteljes\u00edtette a 2014-2020-as eur\u00f3pai uni\u00f3s k\u00f6lts\u00e9gvet\u00e9si ciklusra tervezett 300 milli\u00e1rd forintos \u00e9lelmiszeripari fejleszt\u00e9st \u2013 mondta az agr\u00e1rminiszter p\u00e9nteken G\u00f6d\u00f6ll\u0151n, ahol r\u00e9szt vett a Pap Kolb\u00e1szm\u0171hely \u00e1tad\u00f3 \u00fcnneps\u00e9g\u00e9n.Nagy Istv\u00e1n hangs\u00falyozta, hogy a magyar \u00e9lelmiszeripar nemzetgazdas\u00e1gi szempontb\u00f3l meghat\u00e1roz\u00f3 \u00e1gazat, amely 4500 v\u00e1llalkoz\u00e1ssal, 33 szak\u00e1gazatban k\u00f6zel 90 ezer alkalmazottal gy\u00e1rt \u00e9lelmiszert.A miniszter elmondta, hogy a Pap Kolb\u00e1szm\u0171hely 325 milli\u00f3 forintos beruh\u00e1z\u00e1st hajtott v\u00e9gre, amib\u0151l t\u00f6bb mint 103 milli\u00f3 forint az Eur\u00f3pai Mez\u0151gazdas\u00e1gi Vid\u00e9kfejleszt\u00e9si Alap fejleszt\u00e9si t\u00e1mogat\u00e1sa a Sz\u00e9chenyi 2020 program keret\u00e9ben, \u00e9s 14 \u00faj munkahely is l\u00e9tes\u00fclt. Hozz\u00e1tette, hogy a 280 tonna k\u00e9szterm\u00e9k el\u0151\u00e1ll\u00edt\u00e1s\u00e1b\u00f3l sz\u00e1rmaz\u00f3, a j\u00f6v\u0151 \u00e9vre tervezett 550 milli\u00f3 forintos \u00e1rbev\u00e9tel el\u0151revet\u00edti a Pap Kolb\u00e1szm\u0171hely siker\u00e9t.<br \/>\n<br \/>\n<!--noindex--><br \/>\n<a href=\"https:\/\/hirek.oldal.info\/rssclick\/14412909\" rel=\"nofollow\">Source link <\/a><br \/>\n<!--\/noindex--><\/p>\n","protected":false},"excerpt":{"rendered":"<p>MTI, 2019. 09. 20. 12:07Magyarorsz\u00e1g m\u00e1r 2018 v\u00e9g\u00e9n t\u00falteljes\u00edtette a 2014-2020-as eur\u00f3pai uni\u00f3s k\u00f6lts\u00e9gvet\u00e9si ciklusra tervezett 300 milli\u00e1rd forintos \u00e9lelmiszeripari fejleszt\u00e9st \u2013 mondta az agr\u00e1rminiszter p\u00e9nteken G\u00f6d\u00f6ll\u0151n, ahol r\u00e9szt vett a Pap Kolb\u00e1szm\u0171hely \u00e1tad\u00f3 \u00fcnneps\u00e9g\u00e9n.Nagy Istv\u00e1n hangs\u00falyozta, hogy a magyar \u00e9lelmiszeripar nemzetgazdas\u00e1gi szempontb\u00f3l meghat\u00e1roz\u00f3 \u00e1gazat, amely 4500 v\u00e1llalkoz\u00e1ssal, 33 szak\u00e1gazatban k\u00f6zel 90 ezer alkalmazottal gy\u00e1rt [&hellip;]<\/p>\n","protected":false},"author":2,"featured_media":2338,"comment_status":"open","ping_status":"open","sticky":false,"template":"","format":"standard","meta":{"footnotes":""},"categories":[1],"tags":[],"class_list":["post-2337","post","type-post","status-publish","format-standard","has-post-thumbnail","hentry","category-legujabb-penzugyi-hirek"],"yoast_head":"<!-- This site is optimized with the Yoast SEO plugin v27.4 - https:\/\/yoast.com\/product\/yoast-seo-wordpress\/ -->\n<title>Magyarorsz\u00e1g \u00e9len j\u00e1r az \u00e9lelmiszeripari fejleszt\u00e9sekben - Hot News in World<\/title>\n<meta name=\"robots\" content=\"index, follow, max-snippet:-1, max-image-preview:large, max-video-preview:-1\" \/>\n<link rel=\"canonical\" href=\"https:\/\/hotnewsinworld.com\/hu\/magyarorszag-elen-jar-az-elelmiszeripari-fejlesztesekben\/\" \/>\n<meta property=\"og:locale\" content=\"hu_HU\" \/>\n<meta property=\"og:type\" content=\"article\" \/>\n<meta property=\"og:title\" content=\"Magyarorsz\u00e1g \u00e9len j\u00e1r az \u00e9lelmiszeripari fejleszt\u00e9sekben - Hot News in World\" \/>\n<meta property=\"og:description\" content=\"MTI, 2019. 09. 20. 12:07Magyarorsz\u00e1g m\u00e1r 2018 v\u00e9g\u00e9n t\u00falteljes\u00edtette a 2014-2020-as eur\u00f3pai uni\u00f3s k\u00f6lts\u00e9gvet\u00e9si ciklusra tervezett 300 milli\u00e1rd forintos \u00e9lelmiszeripari fejleszt\u00e9st \u2013 mondta az agr\u00e1rminiszter p\u00e9nteken G\u00f6d\u00f6ll\u0151n, ahol r\u00e9szt vett a Pap Kolb\u00e1szm\u0171hely \u00e1tad\u00f3 \u00fcnneps\u00e9g\u00e9n.Nagy Istv\u00e1n hangs\u00falyozta, hogy a magyar \u00e9lelmiszeripar nemzetgazdas\u00e1gi szempontb\u00f3l meghat\u00e1roz\u00f3 \u00e1gazat, amely 4500 v\u00e1llalkoz\u00e1ssal, 33 szak\u00e1gazatban k\u00f6zel 90 ezer alkalmazottal gy\u00e1rt [&hellip;]\" \/>\n<meta property=\"og:url\" content=\"https:\/\/hotnewsinworld.com\/hu\/magyarorszag-elen-jar-az-elelmiszeripari-fejlesztesekben\/\" \/>\n<meta property=\"og:site_name\" content=\"Hot News in World\" \/>\n<meta property=\"article:published_time\" content=\"2019-09-20T10:11:15+00:00\" \/>\n<meta property=\"article:modified_time\" content=\"2019-09-20T10:11:16+00:00\" \/>\n<meta property=\"og:image\" content=\"https:\/\/hotnewsinworld.com\/hu\/wp-content\/uploads\/sites\/3\/2019\/09\/Magyarorsz\u00e1g-\u00e9len-j\u00e1r-az-\u00e9lelmiszeripari-fejleszt\u00e9sekben.jpg\" \/>\n\t<meta property=\"og:image:width\" content=\"2880\" \/>\n\t<meta property=\"og:image:height\" content=\"1920\" \/>\n\t<meta property=\"og:image:type\" content=\"image\/jpeg\" \/>\n<meta name=\"author\" content=\"hotnewsinworld\" \/>\n<meta name=\"twitter:card\" content=\"summary_large_image\" \/>\n<meta name=\"twitter:label1\" content=\"Szerz\u0151:\" \/>\n\t<meta name=\"twitter:data1\" content=\"hotnewsinworld\" \/>\n\t<meta name=\"twitter:label2\" content=\"Becs\u00fclt olvas\u00e1si id\u0151\" \/>\n\t<meta name=\"twitter:data2\" content=\"1 perc\" \/>\n<script type=\"application\/ld+json\" class=\"yoast-schema-graph\">{\"@context\":\"https:\\\/\\\/schema.org\",\"@graph\":[{\"@type\":\"Article\",\"@id\":\"https:\\\/\\\/hotnewsinworld.com\\\/hu\\\/magyarorszag-elen-jar-az-elelmiszeripari-fejlesztesekben\\\/#article\",\"isPartOf\":{\"@id\":\"https:\\\/\\\/hotnewsinworld.com\\\/hu\\\/magyarorszag-elen-jar-az-elelmiszeripari-fejlesztesekben\\\/\"},\"author\":{\"name\":\"hotnewsinworld\",\"@id\":\"https:\\\/\\\/hotnewsinworld.com\\\/hu\\\/#\\\/schema\\\/person\\\/fe61448b21c0d59086e75fcc1f9d8f6b\"},\"headline\":\"Magyarorsz\u00e1g \u00e9len j\u00e1r az \u00e9lelmiszeripari fejleszt\u00e9sekben\",\"datePublished\":\"2019-09-20T10:11:15+00:00\",\"dateModified\":\"2019-09-20T10:11:16+00:00\",\"mainEntityOfPage\":{\"@id\":\"https:\\\/\\\/hotnewsinworld.com\\\/hu\\\/magyarorszag-elen-jar-az-elelmiszeripari-fejlesztesekben\\\/\"},\"wordCount\":180,\"commentCount\":0,\"image\":{\"@id\":\"https:\\\/\\\/hotnewsinworld.com\\\/hu\\\/magyarorszag-elen-jar-az-elelmiszeripari-fejlesztesekben\\\/#primaryimage\"},\"thumbnailUrl\":\"https:\\\/\\\/hotnewsinworld.com\\\/hu\\\/wp-content\\\/uploads\\\/sites\\\/3\\\/2019\\\/09\\\/Magyarorsz\u00e1g-\u00e9len-j\u00e1r-az-\u00e9lelmiszeripari-fejleszt\u00e9sekben.jpg\",\"articleSection\":[\"LEG\u00daJABB P\u00c9NZ\u00dcGYI H\u00cdREK\"],\"inLanguage\":\"hu\",\"potentialAction\":[{\"@type\":\"CommentAction\",\"name\":\"Comment\",\"target\":[\"https:\\\/\\\/hotnewsinworld.com\\\/hu\\\/magyarorszag-elen-jar-az-elelmiszeripari-fejlesztesekben\\\/#respond\"]}]},{\"@type\":\"WebPage\",\"@id\":\"https:\\\/\\\/hotnewsinworld.com\\\/hu\\\/magyarorszag-elen-jar-az-elelmiszeripari-fejlesztesekben\\\/\",\"url\":\"https:\\\/\\\/hotnewsinworld.com\\\/hu\\\/magyarorszag-elen-jar-az-elelmiszeripari-fejlesztesekben\\\/\",\"name\":\"Magyarorsz\u00e1g \u00e9len j\u00e1r az \u00e9lelmiszeripari fejleszt\u00e9sekben - Hot News in World\",\"isPartOf\":{\"@id\":\"https:\\\/\\\/hotnewsinworld.com\\\/hu\\\/#website\"},\"primaryImageOfPage\":{\"@id\":\"https:\\\/\\\/hotnewsinworld.com\\\/hu\\\/magyarorszag-elen-jar-az-elelmiszeripari-fejlesztesekben\\\/#primaryimage\"},\"image\":{\"@id\":\"https:\\\/\\\/hotnewsinworld.com\\\/hu\\\/magyarorszag-elen-jar-az-elelmiszeripari-fejlesztesekben\\\/#primaryimage\"},\"thumbnailUrl\":\"https:\\\/\\\/hotnewsinworld.com\\\/hu\\\/wp-content\\\/uploads\\\/sites\\\/3\\\/2019\\\/09\\\/Magyarorsz\u00e1g-\u00e9len-j\u00e1r-az-\u00e9lelmiszeripari-fejleszt\u00e9sekben.jpg\",\"datePublished\":\"2019-09-20T10:11:15+00:00\",\"dateModified\":\"2019-09-20T10:11:16+00:00\",\"author\":{\"@id\":\"https:\\\/\\\/hotnewsinworld.com\\\/hu\\\/#\\\/schema\\\/person\\\/fe61448b21c0d59086e75fcc1f9d8f6b\"},\"breadcrumb\":{\"@id\":\"https:\\\/\\\/hotnewsinworld.com\\\/hu\\\/magyarorszag-elen-jar-az-elelmiszeripari-fejlesztesekben\\\/#breadcrumb\"},\"inLanguage\":\"hu\",\"potentialAction\":[{\"@type\":\"ReadAction\",\"target\":[\"https:\\\/\\\/hotnewsinworld.com\\\/hu\\\/magyarorszag-elen-jar-az-elelmiszeripari-fejlesztesekben\\\/\"]}]},{\"@type\":\"ImageObject\",\"inLanguage\":\"hu\",\"@id\":\"https:\\\/\\\/hotnewsinworld.com\\\/hu\\\/magyarorszag-elen-jar-az-elelmiszeripari-fejlesztesekben\\\/#primaryimage\",\"url\":\"https:\\\/\\\/hotnewsinworld.com\\\/hu\\\/wp-content\\\/uploads\\\/sites\\\/3\\\/2019\\\/09\\\/Magyarorsz\u00e1g-\u00e9len-j\u00e1r-az-\u00e9lelmiszeripari-fejleszt\u00e9sekben.jpg\",\"contentUrl\":\"https:\\\/\\\/hotnewsinworld.com\\\/hu\\\/wp-content\\\/uploads\\\/sites\\\/3\\\/2019\\\/09\\\/Magyarorsz\u00e1g-\u00e9len-j\u00e1r-az-\u00e9lelmiszeripari-fejleszt\u00e9sekben.jpg\",\"width\":2880,\"height\":1920,\"caption\":\"Magyarorsz\u00e1g \u00e9len j\u00e1r az \u00e9lelmiszeripari fejleszt\u00e9sekben\"},{\"@type\":\"BreadcrumbList\",\"@id\":\"https:\\\/\\\/hotnewsinworld.com\\\/hu\\\/magyarorszag-elen-jar-az-elelmiszeripari-fejlesztesekben\\\/#breadcrumb\",\"itemListElement\":[{\"@type\":\"ListItem\",\"position\":1,\"name\":\"\u0413\u043b\u0430\u0432\u043d\u0430\u044f \u0441\u0442\u0440\u0430\u043d\u0438\u0446\u0430\",\"item\":\"https:\\\/\\\/hotnewsinworld.com\\\/hu\\\/\"},{\"@type\":\"ListItem\",\"position\":2,\"name\":\"Magyarorsz\u00e1g \u00e9len j\u00e1r az \u00e9lelmiszeripari fejleszt\u00e9sekben\"}]},{\"@type\":\"WebSite\",\"@id\":\"https:\\\/\\\/hotnewsinworld.com\\\/hu\\\/#website\",\"url\":\"https:\\\/\\\/hotnewsinworld.com\\\/hu\\\/\",\"name\":\"Hot News in World\",\"description\":\"Hot News in World from Hungary\",\"potentialAction\":[{\"@type\":\"SearchAction\",\"target\":{\"@type\":\"EntryPoint\",\"urlTemplate\":\"https:\\\/\\\/hotnewsinworld.com\\\/hu\\\/?s={search_term_string}\"},\"query-input\":{\"@type\":\"PropertyValueSpecification\",\"valueRequired\":true,\"valueName\":\"search_term_string\"}}],\"inLanguage\":\"hu\"},{\"@type\":\"Person\",\"@id\":\"https:\\\/\\\/hotnewsinworld.com\\\/hu\\\/#\\\/schema\\\/person\\\/fe61448b21c0d59086e75fcc1f9d8f6b\",\"name\":\"hotnewsinworld\",\"image\":{\"@type\":\"ImageObject\",\"inLanguage\":\"hu\",\"@id\":\"https:\\\/\\\/secure.gravatar.com\\\/avatar\\\/8a09ac165600ce2e1c38fe593c63928eb1e6e7ba5c5a907d67787c41b3d00c14?s=96&d=mm&r=g\",\"url\":\"https:\\\/\\\/secure.gravatar.com\\\/avatar\\\/8a09ac165600ce2e1c38fe593c63928eb1e6e7ba5c5a907d67787c41b3d00c14?s=96&d=mm&r=g\",\"contentUrl\":\"https:\\\/\\\/secure.gravatar.com\\\/avatar\\\/8a09ac165600ce2e1c38fe593c63928eb1e6e7ba5c5a907d67787c41b3d00c14?s=96&d=mm&r=g\",\"caption\":\"hotnewsinworld\"},\"url\":\"https:\\\/\\\/hotnewsinworld.com\\\/hu\\\/author\\\/pt\\\/\"}]}<\/script>\n<!-- \/ Yoast SEO plugin. -->","yoast_head_json":{"title":"Magyarorsz\u00e1g \u00e9len j\u00e1r az \u00e9lelmiszeripari fejleszt\u00e9sekben - Hot News in World","robots":{"index":"index","follow":"follow","max-snippet":"max-snippet:-1","max-image-preview":"max-image-preview:large","max-video-preview":"max-video-preview:-1"},"canonical":"https:\/\/hotnewsinworld.com\/hu\/magyarorszag-elen-jar-az-elelmiszeripari-fejlesztesekben\/","og_locale":"hu_HU","og_type":"article","og_title":"Magyarorsz\u00e1g \u00e9len j\u00e1r az \u00e9lelmiszeripari fejleszt\u00e9sekben - Hot News in World","og_description":"MTI, 2019. 09. 20. 12:07Magyarorsz\u00e1g m\u00e1r 2018 v\u00e9g\u00e9n t\u00falteljes\u00edtette a 2014-2020-as eur\u00f3pai uni\u00f3s k\u00f6lts\u00e9gvet\u00e9si ciklusra tervezett 300 milli\u00e1rd forintos \u00e9lelmiszeripari fejleszt\u00e9st \u2013 mondta az agr\u00e1rminiszter p\u00e9nteken G\u00f6d\u00f6ll\u0151n, ahol r\u00e9szt vett a Pap Kolb\u00e1szm\u0171hely \u00e1tad\u00f3 \u00fcnneps\u00e9g\u00e9n.Nagy Istv\u00e1n hangs\u00falyozta, hogy a magyar \u00e9lelmiszeripar nemzetgazdas\u00e1gi szempontb\u00f3l meghat\u00e1roz\u00f3 \u00e1gazat, amely 4500 v\u00e1llalkoz\u00e1ssal, 33 szak\u00e1gazatban k\u00f6zel 90 ezer alkalmazottal gy\u00e1rt [&hellip;]","og_url":"https:\/\/hotnewsinworld.com\/hu\/magyarorszag-elen-jar-az-elelmiszeripari-fejlesztesekben\/","og_site_name":"Hot News in World","article_published_time":"2019-09-20T10:11:15+00:00","article_modified_time":"2019-09-20T10:11:16+00:00","og_image":[{"width":2880,"height":1920,"url":"https:\/\/hotnewsinworld.com\/hu\/wp-content\/uploads\/sites\/3\/2019\/09\/Magyarorsz\u00e1g-\u00e9len-j\u00e1r-az-\u00e9lelmiszeripari-fejleszt\u00e9sekben.jpg","type":"image\/jpeg"}],"author":"hotnewsinworld","twitter_card":"summary_large_image","twitter_misc":{"Szerz\u0151:":"hotnewsinworld","Becs\u00fclt olvas\u00e1si id\u0151":"1 perc"},"schema":{"@context":"https:\/\/schema.org","@graph":[{"@type":"Article","@id":"https:\/\/hotnewsinworld.com\/hu\/magyarorszag-elen-jar-az-elelmiszeripari-fejlesztesekben\/#article","isPartOf":{"@id":"https:\/\/hotnewsinworld.com\/hu\/magyarorszag-elen-jar-az-elelmiszeripari-fejlesztesekben\/"},"author":{"name":"hotnewsinworld","@id":"https:\/\/hotnewsinworld.com\/hu\/#\/schema\/person\/fe61448b21c0d59086e75fcc1f9d8f6b"},"headline":"Magyarorsz\u00e1g \u00e9len j\u00e1r az \u00e9lelmiszeripari fejleszt\u00e9sekben","datePublished":"2019-09-20T10:11:15+00:00","dateModified":"2019-09-20T10:11:16+00:00","mainEntityOfPage":{"@id":"https:\/\/hotnewsinworld.com\/hu\/magyarorszag-elen-jar-az-elelmiszeripari-fejlesztesekben\/"},"wordCount":180,"commentCount":0,"image":{"@id":"https:\/\/hotnewsinworld.com\/hu\/magyarorszag-elen-jar-az-elelmiszeripari-fejlesztesekben\/#primaryimage"},"thumbnailUrl":"https:\/\/hotnewsinworld.com\/hu\/wp-content\/uploads\/sites\/3\/2019\/09\/Magyarorsz\u00e1g-\u00e9len-j\u00e1r-az-\u00e9lelmiszeripari-fejleszt\u00e9sekben.jpg","articleSection":["LEG\u00daJABB P\u00c9NZ\u00dcGYI H\u00cdREK"],"inLanguage":"hu","potentialAction":[{"@type":"CommentAction","name":"Comment","target":["https:\/\/hotnewsinworld.com\/hu\/magyarorszag-elen-jar-az-elelmiszeripari-fejlesztesekben\/#respond"]}]},{"@type":"WebPage","@id":"https:\/\/hotnewsinworld.com\/hu\/magyarorszag-elen-jar-az-elelmiszeripari-fejlesztesekben\/","url":"https:\/\/hotnewsinworld.com\/hu\/magyarorszag-elen-jar-az-elelmiszeripari-fejlesztesekben\/","name":"Magyarorsz\u00e1g \u00e9len j\u00e1r az \u00e9lelmiszeripari fejleszt\u00e9sekben - Hot News in World","isPartOf":{"@id":"https:\/\/hotnewsinworld.com\/hu\/#website"},"primaryImageOfPage":{"@id":"https:\/\/hotnewsinworld.com\/hu\/magyarorszag-elen-jar-az-elelmiszeripari-fejlesztesekben\/#primaryimage"},"image":{"@id":"https:\/\/hotnewsinworld.com\/hu\/magyarorszag-elen-jar-az-elelmiszeripari-fejlesztesekben\/#primaryimage"},"thumbnailUrl":"https:\/\/hotnewsinworld.com\/hu\/wp-content\/uploads\/sites\/3\/2019\/09\/Magyarorsz\u00e1g-\u00e9len-j\u00e1r-az-\u00e9lelmiszeripari-fejleszt\u00e9sekben.jpg","datePublished":"2019-09-20T10:11:15+00:00","dateModified":"2019-09-20T10:11:16+00:00","author":{"@id":"https:\/\/hotnewsinworld.com\/hu\/#\/schema\/person\/fe61448b21c0d59086e75fcc1f9d8f6b"},"breadcrumb":{"@id":"https:\/\/hotnewsinworld.com\/hu\/magyarorszag-elen-jar-az-elelmiszeripari-fejlesztesekben\/#breadcrumb"},"inLanguage":"hu","potentialAction":[{"@type":"ReadAction","target":["https:\/\/hotnewsinworld.com\/hu\/magyarorszag-elen-jar-az-elelmiszeripari-fejlesztesekben\/"]}]},{"@type":"ImageObject","inLanguage":"hu","@id":"https:\/\/hotnewsinworld.com\/hu\/magyarorszag-elen-jar-az-elelmiszeripari-fejlesztesekben\/#primaryimage","url":"https:\/\/hotnewsinworld.com\/hu\/wp-content\/uploads\/sites\/3\/2019\/09\/Magyarorsz\u00e1g-\u00e9len-j\u00e1r-az-\u00e9lelmiszeripari-fejleszt\u00e9sekben.jpg","contentUrl":"https:\/\/hotnewsinworld.com\/hu\/wp-content\/uploads\/sites\/3\/2019\/09\/Magyarorsz\u00e1g-\u00e9len-j\u00e1r-az-\u00e9lelmiszeripari-fejleszt\u00e9sekben.jpg","width":2880,"height":1920,"caption":"Magyarorsz\u00e1g \u00e9len j\u00e1r az \u00e9lelmiszeripari fejleszt\u00e9sekben"},{"@type":"BreadcrumbList","@id":"https:\/\/hotnewsinworld.com\/hu\/magyarorszag-elen-jar-az-elelmiszeripari-fejlesztesekben\/#breadcrumb","itemListElement":[{"@type":"ListItem","position":1,"name":"\u0413\u043b\u0430\u0432\u043d\u0430\u044f \u0441\u0442\u0440\u0430\u043d\u0438\u0446\u0430","item":"https:\/\/hotnewsinworld.com\/hu\/"},{"@type":"ListItem","position":2,"name":"Magyarorsz\u00e1g \u00e9len j\u00e1r az \u00e9lelmiszeripari fejleszt\u00e9sekben"}]},{"@type":"WebSite","@id":"https:\/\/hotnewsinworld.com\/hu\/#website","url":"https:\/\/hotnewsinworld.com\/hu\/","name":"Hot News in World","description":"Hot News in World from Hungary","potentialAction":[{"@type":"SearchAction","target":{"@type":"EntryPoint","urlTemplate":"https:\/\/hotnewsinworld.com\/hu\/?s={search_term_string}"},"query-input":{"@type":"PropertyValueSpecification","valueRequired":true,"valueName":"search_term_string"}}],"inLanguage":"hu"},{"@type":"Person","@id":"https:\/\/hotnewsinworld.com\/hu\/#\/schema\/person\/fe61448b21c0d59086e75fcc1f9d8f6b","name":"hotnewsinworld","image":{"@type":"ImageObject","inLanguage":"hu","@id":"https:\/\/secure.gravatar.com\/avatar\/8a09ac165600ce2e1c38fe593c63928eb1e6e7ba5c5a907d67787c41b3d00c14?s=96&d=mm&r=g","url":"https:\/\/secure.gravatar.com\/avatar\/8a09ac165600ce2e1c38fe593c63928eb1e6e7ba5c5a907d67787c41b3d00c14?s=96&d=mm&r=g","contentUrl":"https:\/\/secure.gravatar.com\/avatar\/8a09ac165600ce2e1c38fe593c63928eb1e6e7ba5c5a907d67787c41b3d00c14?s=96&d=mm&r=g","caption":"hotnewsinworld"},"url":"https:\/\/hotnewsinworld.com\/hu\/author\/pt\/"}]}},"_links":{"self":[{"href":"https:\/\/hotnewsinworld.com\/hu\/wp-json\/wp\/v2\/posts\/2337","targetHints":{"allow":["GET"]}}],"collection":[{"href":"https:\/\/hotnewsinworld.com\/hu\/wp-json\/wp\/v2\/posts"}],"about":[{"href":"https:\/\/hotnewsinworld.com\/hu\/wp-json\/wp\/v2\/types\/post"}],"author":[{"embeddable":true,"href":"https:\/\/hotnewsinworld.com\/hu\/wp-json\/wp\/v2\/users\/2"}],"replies":[{"embeddable":true,"href":"https:\/\/hotnewsinworld.com\/hu\/wp-json\/wp\/v2\/comments?post=2337"}],"version-history":[{"count":1,"href":"https:\/\/hotnewsinworld.com\/hu\/wp-json\/wp\/v2\/posts\/2337\/revisions"}],"predecessor-version":[{"id":2339,"href":"https:\/\/hotnewsinworld.com\/hu\/wp-json\/wp\/v2\/posts\/2337\/revisions\/2339"}],"wp:featuredmedia":[{"embeddable":true,"href":"https:\/\/hotnewsinworld.com\/hu\/wp-json\/wp\/v2\/media\/2338"}],"wp:attachment":[{"href":"https:\/\/hotnewsinworld.com\/hu\/wp-json\/wp\/v2\/media?parent=2337"}],"wp:term":[{"taxonomy":"category","embeddable":true,"href":"https:\/\/hotnewsinworld.com\/hu\/wp-json\/wp\/v2\/categories?post=2337"},{"taxonomy":"post_tag","embeddable":true,"href":"https:\/\/hotnewsinworld.com\/hu\/wp-json\/wp\/v2\/tags?post=2337"}],"curies":[{"name":"wp","href":"https:\/\/api.w.org\/{rel}","templated":true}]}}