{"id":2345,"date":"2019-09-20T14:34:09","date_gmt":"2019-09-20T11:34:09","guid":{"rendered":"https:\/\/hotnewsinworld.com\/hu\/dk-nincs-eleg-hely-a-fovarosi-altalanos-iskolakban\/"},"modified":"2019-09-20T14:34:10","modified_gmt":"2019-09-20T11:34:10","slug":"dk-nincs-eleg-hely-a-fovarosi-altalanos-iskolakban","status":"publish","type":"post","link":"https:\/\/hotnewsinworld.com\/hu\/dk-nincs-eleg-hely-a-fovarosi-altalanos-iskolakban\/","title":{"rendered":"DK: Nincs el\u00e9g hely a f\u0151v\u00e1rosi \u00e1ltal\u00e1nos iskol\u00e1kban"},"content":{"rendered":"<p>2019. szeptember 20. 13:22<br \/>\n                            A p\u00e1rt szerint a korm\u00e1ny \u00e1tgondolatlanul m\u00f3dos\u00edtotta a k\u00f6zoktat\u00e1si t\u00f6rv\u00e9nyt.<\/p>\n<p>                            \u00c1tgondolatlanul m\u00f3dos\u00edtott t\u00f6rv\u00e9nyt a korm\u00e1ny,\u00a0nincs el\u00e9g hely a f\u0151v\u00e1rosi \u00e1ltal\u00e1nos iskol\u00e1kban \u2013 \u00edrja k\u00f6zlem\u00e9ny\u00e9ben a Demokratikus Koal\u00edci\u00f3.<\/p>\n<p>\u201eSajt\u00f3inform\u00e1ci\u00f3k szerint kont\u00e9nertantermekben kezdhetik a tan\u00e9vet j\u00f6v\u0151re az els\u0151 oszt\u00e1lyosok t\u00f6bb budapesti ker\u00fclet iskol\u00e1iban. A Fidesz ugyanis \u00fagy m\u00f3dos\u00edtotta k\u00f6zoktat\u00e1si t\u00f6rv\u00e9nyt, hogy szok\u00e1s szerint meg sem vizsg\u00e1lta, milyen k\u00f6vetkezm\u00e9nyekkel j\u00e1r d\u00f6nt\u00e9s\u00fck. P\u00e9ld\u00e1ul, hogy a hat\u00e9ves kort\u00f3l k\u00f6telez\u0151 iskol\u00e1ztat\u00e1shoz lesz-e egy\u00e1ltal\u00e1n el\u00e9g hely a gyerekeknek.\u201d<\/p>\n<p>Remek\u00fcl t\u00fckr\u00f6zi a fideszes helytart\u00f3k nemt\u00f6r\u0151d\u00f6m hozz\u00e1\u00e1ll\u00e1s\u00e1t ez a minden logik\u00e1t n\u00e9lk\u00fcl\u00f6z\u0151 d\u00f6nt\u00e9s is \u2013 \u00edrja a p\u00e1rt.<\/p>\n<p>\u201eMagasr\u00f3l tesznek r\u00e1, hogy mi szolg\u00e1lja val\u00f3j\u00e1ban a gyerekek \u00e9rdek\u00e9t,<\/p>\n<p>ha \u00e9ppen \u00fagy l\u00e1tj\u00e1k j\u00f3nak, akkor kont\u00e9nerbe pakolj\u00e1k a hat\u00e9veseket. Mi, eur\u00f3pai magyarok azonban nem gondoljuk \u00fagy, hogy a hat\u00e9vesen er\u0151ltetett iskolakezd\u00e9s vagy a kont\u00e9nerek lenn\u00e9nek a gyerekeink jav\u00e1ra.\u201d<\/p>\n<p>A p\u00e1rt szerint kont\u00e9nerek helyett sokkal ink\u00e1bb a nyugodt, kiegyens\u00falyozott gyerekkor \u00e9s a k\u00e9nyelmes, korszer\u0171 iskol\u00e1k j\u00e1rnak a budapesti gyerekeknek.<\/p>\n<p>\n<!--noindex--><br \/>\n<a href=\"https:\/\/hirek.oldal.info\/rssclick\/14413192\" rel=\"nofollow\">Source link <\/a><br \/>\n<!--\/noindex--><\/p>\n","protected":false},"excerpt":{"rendered":"<p>2019. szeptember 20. 13:22 A p\u00e1rt szerint a korm\u00e1ny \u00e1tgondolatlanul m\u00f3dos\u00edtotta a k\u00f6zoktat\u00e1si t\u00f6rv\u00e9nyt. \u00c1tgondolatlanul m\u00f3dos\u00edtott t\u00f6rv\u00e9nyt a korm\u00e1ny,\u00a0nincs el\u00e9g hely a f\u0151v\u00e1rosi \u00e1ltal\u00e1nos iskol\u00e1kban \u2013 \u00edrja k\u00f6zlem\u00e9ny\u00e9ben a Demokratikus Koal\u00edci\u00f3. \u201eSajt\u00f3inform\u00e1ci\u00f3k szerint kont\u00e9nertantermekben kezdhetik a tan\u00e9vet j\u00f6v\u0151re az els\u0151 oszt\u00e1lyosok t\u00f6bb budapesti ker\u00fclet iskol\u00e1iban. A Fidesz ugyanis \u00fagy m\u00f3dos\u00edtotta k\u00f6zoktat\u00e1si t\u00f6rv\u00e9nyt, hogy szok\u00e1s szerint [&hellip;]<\/p>\n","protected":false},"author":2,"featured_media":1714,"comment_status":"open","ping_status":"open","sticky":false,"template":"","format":"standard","meta":{"footnotes":""},"categories":[1],"tags":[],"class_list":["post-2345","post","type-post","status-publish","format-standard","has-post-thumbnail","hentry","category-legujabb-penzugyi-hirek"],"yoast_head":"<!-- This site is optimized with the Yoast SEO plugin v27.4 - https:\/\/yoast.com\/product\/yoast-seo-wordpress\/ -->\n<title>DK: Nincs el\u00e9g hely a f\u0151v\u00e1rosi \u00e1ltal\u00e1nos iskol\u00e1kban - Hot News in World<\/title>\n<meta name=\"robots\" content=\"index, follow, max-snippet:-1, max-image-preview:large, max-video-preview:-1\" \/>\n<link rel=\"canonical\" href=\"https:\/\/hotnewsinworld.com\/hu\/dk-nincs-eleg-hely-a-fovarosi-altalanos-iskolakban\/\" \/>\n<meta property=\"og:locale\" content=\"hu_HU\" \/>\n<meta property=\"og:type\" content=\"article\" \/>\n<meta property=\"og:title\" content=\"DK: Nincs el\u00e9g hely a f\u0151v\u00e1rosi \u00e1ltal\u00e1nos iskol\u00e1kban - Hot News in World\" \/>\n<meta property=\"og:description\" content=\"2019. szeptember 20. 13:22 A p\u00e1rt szerint a korm\u00e1ny \u00e1tgondolatlanul m\u00f3dos\u00edtotta a k\u00f6zoktat\u00e1si t\u00f6rv\u00e9nyt. \u00c1tgondolatlanul m\u00f3dos\u00edtott t\u00f6rv\u00e9nyt a korm\u00e1ny,\u00a0nincs el\u00e9g hely a f\u0151v\u00e1rosi \u00e1ltal\u00e1nos iskol\u00e1kban \u2013 \u00edrja k\u00f6zlem\u00e9ny\u00e9ben a Demokratikus Koal\u00edci\u00f3. \u201eSajt\u00f3inform\u00e1ci\u00f3k szerint kont\u00e9nertantermekben kezdhetik a tan\u00e9vet j\u00f6v\u0151re az els\u0151 oszt\u00e1lyosok t\u00f6bb budapesti ker\u00fclet iskol\u00e1iban. A Fidesz ugyanis \u00fagy m\u00f3dos\u00edtotta k\u00f6zoktat\u00e1si t\u00f6rv\u00e9nyt, hogy szok\u00e1s szerint [&hellip;]\" \/>\n<meta property=\"og:url\" content=\"https:\/\/hotnewsinworld.com\/hu\/dk-nincs-eleg-hely-a-fovarosi-altalanos-iskolakban\/\" \/>\n<meta property=\"og:site_name\" content=\"Hot News in World\" \/>\n<meta property=\"article:published_time\" content=\"2019-09-20T11:34:09+00:00\" \/>\n<meta property=\"article:modified_time\" content=\"2019-09-20T11:34:10+00:00\" \/>\n<meta property=\"og:image\" content=\"https:\/\/hotnewsinworld.com\/hu\/wp-content\/uploads\/sites\/3\/2019\/09\/Magyarorsz\u00e1g-tov\u00e1bbra-is-az-els\u0151k-k\u00f6z\u00f6tt-GDP-n\u00f6veked\u00e9sben.png\" \/>\n\t<meta property=\"og:image:width\" content=\"630\" \/>\n\t<meta property=\"og:image:height\" content=\"630\" \/>\n\t<meta property=\"og:image:type\" content=\"image\/png\" \/>\n<meta name=\"author\" content=\"hotnewsinworld\" \/>\n<meta name=\"twitter:card\" content=\"summary_large_image\" \/>\n<meta name=\"twitter:label1\" content=\"Szerz\u0151:\" \/>\n\t<meta name=\"twitter:data1\" content=\"hotnewsinworld\" \/>\n\t<meta name=\"twitter:label2\" content=\"Becs\u00fclt olvas\u00e1si id\u0151\" \/>\n\t<meta name=\"twitter:data2\" content=\"1 perc\" \/>\n<script type=\"application\/ld+json\" class=\"yoast-schema-graph\">{\"@context\":\"https:\\\/\\\/schema.org\",\"@graph\":[{\"@type\":\"Article\",\"@id\":\"https:\\\/\\\/hotnewsinworld.com\\\/hu\\\/dk-nincs-eleg-hely-a-fovarosi-altalanos-iskolakban\\\/#article\",\"isPartOf\":{\"@id\":\"https:\\\/\\\/hotnewsinworld.com\\\/hu\\\/dk-nincs-eleg-hely-a-fovarosi-altalanos-iskolakban\\\/\"},\"author\":{\"name\":\"hotnewsinworld\",\"@id\":\"https:\\\/\\\/hotnewsinworld.com\\\/hu\\\/#\\\/schema\\\/person\\\/fe61448b21c0d59086e75fcc1f9d8f6b\"},\"headline\":\"DK: Nincs el\u00e9g hely a f\u0151v\u00e1rosi \u00e1ltal\u00e1nos iskol\u00e1kban\",\"datePublished\":\"2019-09-20T11:34:09+00:00\",\"dateModified\":\"2019-09-20T11:34:10+00:00\",\"mainEntityOfPage\":{\"@id\":\"https:\\\/\\\/hotnewsinworld.com\\\/hu\\\/dk-nincs-eleg-hely-a-fovarosi-altalanos-iskolakban\\\/\"},\"wordCount\":262,\"commentCount\":0,\"image\":{\"@id\":\"https:\\\/\\\/hotnewsinworld.com\\\/hu\\\/dk-nincs-eleg-hely-a-fovarosi-altalanos-iskolakban\\\/#primaryimage\"},\"thumbnailUrl\":\"https:\\\/\\\/hotnewsinworld.com\\\/hu\\\/wp-content\\\/uploads\\\/sites\\\/3\\\/2019\\\/09\\\/Magyarorsz\u00e1g-tov\u00e1bbra-is-az-els\u0151k-k\u00f6z\u00f6tt-GDP-n\u00f6veked\u00e9sben.png\",\"articleSection\":[\"LEG\u00daJABB P\u00c9NZ\u00dcGYI H\u00cdREK\"],\"inLanguage\":\"hu\",\"potentialAction\":[{\"@type\":\"CommentAction\",\"name\":\"Comment\",\"target\":[\"https:\\\/\\\/hotnewsinworld.com\\\/hu\\\/dk-nincs-eleg-hely-a-fovarosi-altalanos-iskolakban\\\/#respond\"]}]},{\"@type\":\"WebPage\",\"@id\":\"https:\\\/\\\/hotnewsinworld.com\\\/hu\\\/dk-nincs-eleg-hely-a-fovarosi-altalanos-iskolakban\\\/\",\"url\":\"https:\\\/\\\/hotnewsinworld.com\\\/hu\\\/dk-nincs-eleg-hely-a-fovarosi-altalanos-iskolakban\\\/\",\"name\":\"DK: Nincs el\u00e9g hely a f\u0151v\u00e1rosi \u00e1ltal\u00e1nos iskol\u00e1kban - Hot News in World\",\"isPartOf\":{\"@id\":\"https:\\\/\\\/hotnewsinworld.com\\\/hu\\\/#website\"},\"primaryImageOfPage\":{\"@id\":\"https:\\\/\\\/hotnewsinworld.com\\\/hu\\\/dk-nincs-eleg-hely-a-fovarosi-altalanos-iskolakban\\\/#primaryimage\"},\"image\":{\"@id\":\"https:\\\/\\\/hotnewsinworld.com\\\/hu\\\/dk-nincs-eleg-hely-a-fovarosi-altalanos-iskolakban\\\/#primaryimage\"},\"thumbnailUrl\":\"https:\\\/\\\/hotnewsinworld.com\\\/hu\\\/wp-content\\\/uploads\\\/sites\\\/3\\\/2019\\\/09\\\/Magyarorsz\u00e1g-tov\u00e1bbra-is-az-els\u0151k-k\u00f6z\u00f6tt-GDP-n\u00f6veked\u00e9sben.png\",\"datePublished\":\"2019-09-20T11:34:09+00:00\",\"dateModified\":\"2019-09-20T11:34:10+00:00\",\"author\":{\"@id\":\"https:\\\/\\\/hotnewsinworld.com\\\/hu\\\/#\\\/schema\\\/person\\\/fe61448b21c0d59086e75fcc1f9d8f6b\"},\"breadcrumb\":{\"@id\":\"https:\\\/\\\/hotnewsinworld.com\\\/hu\\\/dk-nincs-eleg-hely-a-fovarosi-altalanos-iskolakban\\\/#breadcrumb\"},\"inLanguage\":\"hu\",\"potentialAction\":[{\"@type\":\"ReadAction\",\"target\":[\"https:\\\/\\\/hotnewsinworld.com\\\/hu\\\/dk-nincs-eleg-hely-a-fovarosi-altalanos-iskolakban\\\/\"]}]},{\"@type\":\"ImageObject\",\"inLanguage\":\"hu\",\"@id\":\"https:\\\/\\\/hotnewsinworld.com\\\/hu\\\/dk-nincs-eleg-hely-a-fovarosi-altalanos-iskolakban\\\/#primaryimage\",\"url\":\"https:\\\/\\\/hotnewsinworld.com\\\/hu\\\/wp-content\\\/uploads\\\/sites\\\/3\\\/2019\\\/09\\\/Magyarorsz\u00e1g-tov\u00e1bbra-is-az-els\u0151k-k\u00f6z\u00f6tt-GDP-n\u00f6veked\u00e9sben.png\",\"contentUrl\":\"https:\\\/\\\/hotnewsinworld.com\\\/hu\\\/wp-content\\\/uploads\\\/sites\\\/3\\\/2019\\\/09\\\/Magyarorsz\u00e1g-tov\u00e1bbra-is-az-els\u0151k-k\u00f6z\u00f6tt-GDP-n\u00f6veked\u00e9sben.png\",\"width\":630,\"height\":630,\"caption\":\"Magyarorsz\u00e1g tov\u00e1bbra is az els\u0151k k\u00f6z\u00f6tt GDP-n\u00f6veked\u00e9sben\"},{\"@type\":\"BreadcrumbList\",\"@id\":\"https:\\\/\\\/hotnewsinworld.com\\\/hu\\\/dk-nincs-eleg-hely-a-fovarosi-altalanos-iskolakban\\\/#breadcrumb\",\"itemListElement\":[{\"@type\":\"ListItem\",\"position\":1,\"name\":\"\u0413\u043b\u0430\u0432\u043d\u0430\u044f \u0441\u0442\u0440\u0430\u043d\u0438\u0446\u0430\",\"item\":\"https:\\\/\\\/hotnewsinworld.com\\\/hu\\\/\"},{\"@type\":\"ListItem\",\"position\":2,\"name\":\"DK: Nincs el\u00e9g hely a f\u0151v\u00e1rosi \u00e1ltal\u00e1nos iskol\u00e1kban\"}]},{\"@type\":\"WebSite\",\"@id\":\"https:\\\/\\\/hotnewsinworld.com\\\/hu\\\/#website\",\"url\":\"https:\\\/\\\/hotnewsinworld.com\\\/hu\\\/\",\"name\":\"Hot News in World\",\"description\":\"Hot News in World from Hungary\",\"potentialAction\":[{\"@type\":\"SearchAction\",\"target\":{\"@type\":\"EntryPoint\",\"urlTemplate\":\"https:\\\/\\\/hotnewsinworld.com\\\/hu\\\/?s={search_term_string}\"},\"query-input\":{\"@type\":\"PropertyValueSpecification\",\"valueRequired\":true,\"valueName\":\"search_term_string\"}}],\"inLanguage\":\"hu\"},{\"@type\":\"Person\",\"@id\":\"https:\\\/\\\/hotnewsinworld.com\\\/hu\\\/#\\\/schema\\\/person\\\/fe61448b21c0d59086e75fcc1f9d8f6b\",\"name\":\"hotnewsinworld\",\"image\":{\"@type\":\"ImageObject\",\"inLanguage\":\"hu\",\"@id\":\"https:\\\/\\\/secure.gravatar.com\\\/avatar\\\/8a09ac165600ce2e1c38fe593c63928eb1e6e7ba5c5a907d67787c41b3d00c14?s=96&d=mm&r=g\",\"url\":\"https:\\\/\\\/secure.gravatar.com\\\/avatar\\\/8a09ac165600ce2e1c38fe593c63928eb1e6e7ba5c5a907d67787c41b3d00c14?s=96&d=mm&r=g\",\"contentUrl\":\"https:\\\/\\\/secure.gravatar.com\\\/avatar\\\/8a09ac165600ce2e1c38fe593c63928eb1e6e7ba5c5a907d67787c41b3d00c14?s=96&d=mm&r=g\",\"caption\":\"hotnewsinworld\"},\"url\":\"https:\\\/\\\/hotnewsinworld.com\\\/hu\\\/author\\\/pt\\\/\"}]}<\/script>\n<!-- \/ Yoast SEO plugin. -->","yoast_head_json":{"title":"DK: Nincs el\u00e9g hely a f\u0151v\u00e1rosi \u00e1ltal\u00e1nos iskol\u00e1kban - Hot News in World","robots":{"index":"index","follow":"follow","max-snippet":"max-snippet:-1","max-image-preview":"max-image-preview:large","max-video-preview":"max-video-preview:-1"},"canonical":"https:\/\/hotnewsinworld.com\/hu\/dk-nincs-eleg-hely-a-fovarosi-altalanos-iskolakban\/","og_locale":"hu_HU","og_type":"article","og_title":"DK: Nincs el\u00e9g hely a f\u0151v\u00e1rosi \u00e1ltal\u00e1nos iskol\u00e1kban - Hot News in World","og_description":"2019. szeptember 20. 13:22 A p\u00e1rt szerint a korm\u00e1ny \u00e1tgondolatlanul m\u00f3dos\u00edtotta a k\u00f6zoktat\u00e1si t\u00f6rv\u00e9nyt. \u00c1tgondolatlanul m\u00f3dos\u00edtott t\u00f6rv\u00e9nyt a korm\u00e1ny,\u00a0nincs el\u00e9g hely a f\u0151v\u00e1rosi \u00e1ltal\u00e1nos iskol\u00e1kban \u2013 \u00edrja k\u00f6zlem\u00e9ny\u00e9ben a Demokratikus Koal\u00edci\u00f3. \u201eSajt\u00f3inform\u00e1ci\u00f3k szerint kont\u00e9nertantermekben kezdhetik a tan\u00e9vet j\u00f6v\u0151re az els\u0151 oszt\u00e1lyosok t\u00f6bb budapesti ker\u00fclet iskol\u00e1iban. A Fidesz ugyanis \u00fagy m\u00f3dos\u00edtotta k\u00f6zoktat\u00e1si t\u00f6rv\u00e9nyt, hogy szok\u00e1s szerint [&hellip;]","og_url":"https:\/\/hotnewsinworld.com\/hu\/dk-nincs-eleg-hely-a-fovarosi-altalanos-iskolakban\/","og_site_name":"Hot News in World","article_published_time":"2019-09-20T11:34:09+00:00","article_modified_time":"2019-09-20T11:34:10+00:00","og_image":[{"width":630,"height":630,"url":"https:\/\/hotnewsinworld.com\/hu\/wp-content\/uploads\/sites\/3\/2019\/09\/Magyarorsz\u00e1g-tov\u00e1bbra-is-az-els\u0151k-k\u00f6z\u00f6tt-GDP-n\u00f6veked\u00e9sben.png","type":"image\/png"}],"author":"hotnewsinworld","twitter_card":"summary_large_image","twitter_misc":{"Szerz\u0151:":"hotnewsinworld","Becs\u00fclt olvas\u00e1si id\u0151":"1 perc"},"schema":{"@context":"https:\/\/schema.org","@graph":[{"@type":"Article","@id":"https:\/\/hotnewsinworld.com\/hu\/dk-nincs-eleg-hely-a-fovarosi-altalanos-iskolakban\/#article","isPartOf":{"@id":"https:\/\/hotnewsinworld.com\/hu\/dk-nincs-eleg-hely-a-fovarosi-altalanos-iskolakban\/"},"author":{"name":"hotnewsinworld","@id":"https:\/\/hotnewsinworld.com\/hu\/#\/schema\/person\/fe61448b21c0d59086e75fcc1f9d8f6b"},"headline":"DK: Nincs el\u00e9g hely a f\u0151v\u00e1rosi \u00e1ltal\u00e1nos iskol\u00e1kban","datePublished":"2019-09-20T11:34:09+00:00","dateModified":"2019-09-20T11:34:10+00:00","mainEntityOfPage":{"@id":"https:\/\/hotnewsinworld.com\/hu\/dk-nincs-eleg-hely-a-fovarosi-altalanos-iskolakban\/"},"wordCount":262,"commentCount":0,"image":{"@id":"https:\/\/hotnewsinworld.com\/hu\/dk-nincs-eleg-hely-a-fovarosi-altalanos-iskolakban\/#primaryimage"},"thumbnailUrl":"https:\/\/hotnewsinworld.com\/hu\/wp-content\/uploads\/sites\/3\/2019\/09\/Magyarorsz\u00e1g-tov\u00e1bbra-is-az-els\u0151k-k\u00f6z\u00f6tt-GDP-n\u00f6veked\u00e9sben.png","articleSection":["LEG\u00daJABB P\u00c9NZ\u00dcGYI H\u00cdREK"],"inLanguage":"hu","potentialAction":[{"@type":"CommentAction","name":"Comment","target":["https:\/\/hotnewsinworld.com\/hu\/dk-nincs-eleg-hely-a-fovarosi-altalanos-iskolakban\/#respond"]}]},{"@type":"WebPage","@id":"https:\/\/hotnewsinworld.com\/hu\/dk-nincs-eleg-hely-a-fovarosi-altalanos-iskolakban\/","url":"https:\/\/hotnewsinworld.com\/hu\/dk-nincs-eleg-hely-a-fovarosi-altalanos-iskolakban\/","name":"DK: Nincs el\u00e9g hely a f\u0151v\u00e1rosi \u00e1ltal\u00e1nos iskol\u00e1kban - Hot News in World","isPartOf":{"@id":"https:\/\/hotnewsinworld.com\/hu\/#website"},"primaryImageOfPage":{"@id":"https:\/\/hotnewsinworld.com\/hu\/dk-nincs-eleg-hely-a-fovarosi-altalanos-iskolakban\/#primaryimage"},"image":{"@id":"https:\/\/hotnewsinworld.com\/hu\/dk-nincs-eleg-hely-a-fovarosi-altalanos-iskolakban\/#primaryimage"},"thumbnailUrl":"https:\/\/hotnewsinworld.com\/hu\/wp-content\/uploads\/sites\/3\/2019\/09\/Magyarorsz\u00e1g-tov\u00e1bbra-is-az-els\u0151k-k\u00f6z\u00f6tt-GDP-n\u00f6veked\u00e9sben.png","datePublished":"2019-09-20T11:34:09+00:00","dateModified":"2019-09-20T11:34:10+00:00","author":{"@id":"https:\/\/hotnewsinworld.com\/hu\/#\/schema\/person\/fe61448b21c0d59086e75fcc1f9d8f6b"},"breadcrumb":{"@id":"https:\/\/hotnewsinworld.com\/hu\/dk-nincs-eleg-hely-a-fovarosi-altalanos-iskolakban\/#breadcrumb"},"inLanguage":"hu","potentialAction":[{"@type":"ReadAction","target":["https:\/\/hotnewsinworld.com\/hu\/dk-nincs-eleg-hely-a-fovarosi-altalanos-iskolakban\/"]}]},{"@type":"ImageObject","inLanguage":"hu","@id":"https:\/\/hotnewsinworld.com\/hu\/dk-nincs-eleg-hely-a-fovarosi-altalanos-iskolakban\/#primaryimage","url":"https:\/\/hotnewsinworld.com\/hu\/wp-content\/uploads\/sites\/3\/2019\/09\/Magyarorsz\u00e1g-tov\u00e1bbra-is-az-els\u0151k-k\u00f6z\u00f6tt-GDP-n\u00f6veked\u00e9sben.png","contentUrl":"https:\/\/hotnewsinworld.com\/hu\/wp-content\/uploads\/sites\/3\/2019\/09\/Magyarorsz\u00e1g-tov\u00e1bbra-is-az-els\u0151k-k\u00f6z\u00f6tt-GDP-n\u00f6veked\u00e9sben.png","width":630,"height":630,"caption":"Magyarorsz\u00e1g tov\u00e1bbra is az els\u0151k k\u00f6z\u00f6tt GDP-n\u00f6veked\u00e9sben"},{"@type":"BreadcrumbList","@id":"https:\/\/hotnewsinworld.com\/hu\/dk-nincs-eleg-hely-a-fovarosi-altalanos-iskolakban\/#breadcrumb","itemListElement":[{"@type":"ListItem","position":1,"name":"\u0413\u043b\u0430\u0432\u043d\u0430\u044f \u0441\u0442\u0440\u0430\u043d\u0438\u0446\u0430","item":"https:\/\/hotnewsinworld.com\/hu\/"},{"@type":"ListItem","position":2,"name":"DK: Nincs el\u00e9g hely a f\u0151v\u00e1rosi \u00e1ltal\u00e1nos iskol\u00e1kban"}]},{"@type":"WebSite","@id":"https:\/\/hotnewsinworld.com\/hu\/#website","url":"https:\/\/hotnewsinworld.com\/hu\/","name":"Hot News in World","description":"Hot News in World from Hungary","potentialAction":[{"@type":"SearchAction","target":{"@type":"EntryPoint","urlTemplate":"https:\/\/hotnewsinworld.com\/hu\/?s={search_term_string}"},"query-input":{"@type":"PropertyValueSpecification","valueRequired":true,"valueName":"search_term_string"}}],"inLanguage":"hu"},{"@type":"Person","@id":"https:\/\/hotnewsinworld.com\/hu\/#\/schema\/person\/fe61448b21c0d59086e75fcc1f9d8f6b","name":"hotnewsinworld","image":{"@type":"ImageObject","inLanguage":"hu","@id":"https:\/\/secure.gravatar.com\/avatar\/8a09ac165600ce2e1c38fe593c63928eb1e6e7ba5c5a907d67787c41b3d00c14?s=96&d=mm&r=g","url":"https:\/\/secure.gravatar.com\/avatar\/8a09ac165600ce2e1c38fe593c63928eb1e6e7ba5c5a907d67787c41b3d00c14?s=96&d=mm&r=g","contentUrl":"https:\/\/secure.gravatar.com\/avatar\/8a09ac165600ce2e1c38fe593c63928eb1e6e7ba5c5a907d67787c41b3d00c14?s=96&d=mm&r=g","caption":"hotnewsinworld"},"url":"https:\/\/hotnewsinworld.com\/hu\/author\/pt\/"}]}},"_links":{"self":[{"href":"https:\/\/hotnewsinworld.com\/hu\/wp-json\/wp\/v2\/posts\/2345","targetHints":{"allow":["GET"]}}],"collection":[{"href":"https:\/\/hotnewsinworld.com\/hu\/wp-json\/wp\/v2\/posts"}],"about":[{"href":"https:\/\/hotnewsinworld.com\/hu\/wp-json\/wp\/v2\/types\/post"}],"author":[{"embeddable":true,"href":"https:\/\/hotnewsinworld.com\/hu\/wp-json\/wp\/v2\/users\/2"}],"replies":[{"embeddable":true,"href":"https:\/\/hotnewsinworld.com\/hu\/wp-json\/wp\/v2\/comments?post=2345"}],"version-history":[{"count":1,"href":"https:\/\/hotnewsinworld.com\/hu\/wp-json\/wp\/v2\/posts\/2345\/revisions"}],"predecessor-version":[{"id":2346,"href":"https:\/\/hotnewsinworld.com\/hu\/wp-json\/wp\/v2\/posts\/2345\/revisions\/2346"}],"wp:featuredmedia":[{"embeddable":true,"href":"https:\/\/hotnewsinworld.com\/hu\/wp-json\/wp\/v2\/media\/1714"}],"wp:attachment":[{"href":"https:\/\/hotnewsinworld.com\/hu\/wp-json\/wp\/v2\/media?parent=2345"}],"wp:term":[{"taxonomy":"category","embeddable":true,"href":"https:\/\/hotnewsinworld.com\/hu\/wp-json\/wp\/v2\/categories?post=2345"},{"taxonomy":"post_tag","embeddable":true,"href":"https:\/\/hotnewsinworld.com\/hu\/wp-json\/wp\/v2\/tags?post=2345"}],"curies":[{"name":"wp","href":"https:\/\/api.w.org\/{rel}","templated":true}]}}