{"id":2348,"date":"2019-09-20T15:55:17","date_gmt":"2019-09-20T12:55:17","guid":{"rendered":"https:\/\/hotnewsinworld.com\/hu\/megketszerezodott-a-roma-egyetemistak-szama-2010-ota\/"},"modified":"2019-09-20T15:55:18","modified_gmt":"2019-09-20T12:55:18","slug":"megketszerezodott-a-roma-egyetemistak-szama-2010-ota","status":"publish","type":"post","link":"https:\/\/hotnewsinworld.com\/hu\/megketszerezodott-a-roma-egyetemistak-szama-2010-ota\/","title":{"rendered":"Megk\u00e9tszerez\u0151d\u00f6tt a roma egyetemist\u00e1k sz\u00e1ma 2010 \u00f3ta"},"content":{"rendered":"<p>2019. szeptember 20. 14:31<br \/>\n                            A Roma Szakkoll\u00e9giumi H\u00e1l\u00f3zatnak k\u00f6sz\u00f6nhet\u0151.<\/p>\n<p>                            K\u00e9tszer annyi roma fiatal j\u00e1r ma egyetemre mint amennyi 2010-ben volt, ez t\u00f6bbek k\u00f6z\u00f6tt a cig\u00e1ny szakkoll\u00e9giumokban kialakult k\u00f6z\u00f6ss\u00e9gi h\u00faz\u00f3er\u0151vel magyar\u00e1zhat\u00f3 \u2013 mondta a Kereszt\u00e9ny Roma Szakkoll\u00e9giumi H\u00e1l\u00f3zat eln\u00f6ke p\u00e9nteken az M1 aktu\u00e1lis csatorn\u00e1n.<\/p>\n<p>Schanda Anik\u00f3 elmondta, a szakkoll\u00e9giumok sok t\u00f6bbletlehet\u0151s\u00e9get k\u00edn\u00e1lnak di\u00e1kjaiknak: nyelvi k\u00e9pz\u00e9sekkel, mentorprogramokkal, csoportos utaz\u00e1sokkal seg\u00edtik a hallgat\u00f3kat abban, hogy diplom\u00e1hoz jussanak \u00e9s elhelyezkedjenek a munkaer\u0151piacon.<\/p>\n<p>Elmondta: a cig\u00e1ny szakkoll\u00e9giumba olyan roma fiatal nyerhet felv\u00e9telt, aki m\u00e1r tanul valamilyen fels\u0151oktat\u00e1si int\u00e9zm\u00e9nyben. A felv\u00e9telkor a legfontosabb szempont a jelentkez\u0151 motiv\u00e1ci\u00f3ja, hiszen a c\u00e9l egy olyan magyar-cig\u00e1ny \u00e9rtelmis\u00e9gi r\u00e9teg k\u00e9pz\u00e9se, amelyb\u0151l k\u00e9s\u0151bb t\u00e1rsadalmi felz\u00e1rk\u00f3ztat\u00e1s sz\u00fclethet.<\/p>\n<p>A roma szakkoll\u00e9giumi h\u00e1l\u00f3zatban a lemorzsol\u00f3d\u00e1s nem jellemz\u0151, a szakkoll\u00e9giumi hallgat\u00f3k szinte mindegyike diplom\u00e1t szerez \u2013 hangs\u00falyozta Schanda Anik\u00f3.<\/p>\n<p>(MTI)<\/p>\n<p>\n<!--noindex--><br \/>\n<a href=\"https:\/\/hirek.oldal.info\/rssclick\/14413450\" rel=\"nofollow\">Source link <\/a><br \/>\n<!--\/noindex--><\/p>\n","protected":false},"excerpt":{"rendered":"<p>2019. szeptember 20. 14:31 A Roma Szakkoll\u00e9giumi H\u00e1l\u00f3zatnak k\u00f6sz\u00f6nhet\u0151. K\u00e9tszer annyi roma fiatal j\u00e1r ma egyetemre mint amennyi 2010-ben volt, ez t\u00f6bbek k\u00f6z\u00f6tt a cig\u00e1ny szakkoll\u00e9giumokban kialakult k\u00f6z\u00f6ss\u00e9gi h\u00faz\u00f3er\u0151vel magyar\u00e1zhat\u00f3 \u2013 mondta a Kereszt\u00e9ny Roma Szakkoll\u00e9giumi H\u00e1l\u00f3zat eln\u00f6ke p\u00e9nteken az M1 aktu\u00e1lis csatorn\u00e1n. Schanda Anik\u00f3 elmondta, a szakkoll\u00e9giumok sok t\u00f6bbletlehet\u0151s\u00e9get k\u00edn\u00e1lnak di\u00e1kjaiknak: nyelvi k\u00e9pz\u00e9sekkel, mentorprogramokkal, [&hellip;]<\/p>\n","protected":false},"author":2,"featured_media":1714,"comment_status":"open","ping_status":"open","sticky":false,"template":"","format":"standard","meta":{"footnotes":""},"categories":[1],"tags":[],"class_list":["post-2348","post","type-post","status-publish","format-standard","has-post-thumbnail","hentry","category-legujabb-penzugyi-hirek"],"yoast_head":"<!-- This site is optimized with the Yoast SEO plugin v27.4 - https:\/\/yoast.com\/product\/yoast-seo-wordpress\/ -->\n<title>Megk\u00e9tszerez\u0151d\u00f6tt a roma egyetemist\u00e1k sz\u00e1ma 2010 \u00f3ta - Hot News in World<\/title>\n<meta name=\"robots\" content=\"index, follow, max-snippet:-1, max-image-preview:large, max-video-preview:-1\" \/>\n<link rel=\"canonical\" href=\"https:\/\/hotnewsinworld.com\/hu\/megketszerezodott-a-roma-egyetemistak-szama-2010-ota\/\" \/>\n<meta property=\"og:locale\" content=\"hu_HU\" \/>\n<meta property=\"og:type\" content=\"article\" \/>\n<meta property=\"og:title\" content=\"Megk\u00e9tszerez\u0151d\u00f6tt a roma egyetemist\u00e1k sz\u00e1ma 2010 \u00f3ta - Hot News in World\" \/>\n<meta property=\"og:description\" content=\"2019. szeptember 20. 14:31 A Roma Szakkoll\u00e9giumi H\u00e1l\u00f3zatnak k\u00f6sz\u00f6nhet\u0151. K\u00e9tszer annyi roma fiatal j\u00e1r ma egyetemre mint amennyi 2010-ben volt, ez t\u00f6bbek k\u00f6z\u00f6tt a cig\u00e1ny szakkoll\u00e9giumokban kialakult k\u00f6z\u00f6ss\u00e9gi h\u00faz\u00f3er\u0151vel magyar\u00e1zhat\u00f3 \u2013 mondta a Kereszt\u00e9ny Roma Szakkoll\u00e9giumi H\u00e1l\u00f3zat eln\u00f6ke p\u00e9nteken az M1 aktu\u00e1lis csatorn\u00e1n. Schanda Anik\u00f3 elmondta, a szakkoll\u00e9giumok sok t\u00f6bbletlehet\u0151s\u00e9get k\u00edn\u00e1lnak di\u00e1kjaiknak: nyelvi k\u00e9pz\u00e9sekkel, mentorprogramokkal, [&hellip;]\" \/>\n<meta property=\"og:url\" content=\"https:\/\/hotnewsinworld.com\/hu\/megketszerezodott-a-roma-egyetemistak-szama-2010-ota\/\" \/>\n<meta property=\"og:site_name\" content=\"Hot News in World\" \/>\n<meta property=\"article:published_time\" content=\"2019-09-20T12:55:17+00:00\" \/>\n<meta property=\"article:modified_time\" content=\"2019-09-20T12:55:18+00:00\" \/>\n<meta property=\"og:image\" content=\"https:\/\/hotnewsinworld.com\/hu\/wp-content\/uploads\/sites\/3\/2019\/09\/Magyarorsz\u00e1g-tov\u00e1bbra-is-az-els\u0151k-k\u00f6z\u00f6tt-GDP-n\u00f6veked\u00e9sben.png\" \/>\n\t<meta property=\"og:image:width\" content=\"630\" \/>\n\t<meta property=\"og:image:height\" content=\"630\" \/>\n\t<meta property=\"og:image:type\" content=\"image\/png\" \/>\n<meta name=\"author\" content=\"hotnewsinworld\" \/>\n<meta name=\"twitter:card\" content=\"summary_large_image\" \/>\n<meta name=\"twitter:label1\" content=\"Szerz\u0151:\" \/>\n\t<meta name=\"twitter:data1\" content=\"hotnewsinworld\" \/>\n\t<meta name=\"twitter:label2\" content=\"Becs\u00fclt olvas\u00e1si id\u0151\" \/>\n\t<meta name=\"twitter:data2\" content=\"1 perc\" \/>\n<script type=\"application\/ld+json\" class=\"yoast-schema-graph\">{\"@context\":\"https:\\\/\\\/schema.org\",\"@graph\":[{\"@type\":\"Article\",\"@id\":\"https:\\\/\\\/hotnewsinworld.com\\\/hu\\\/megketszerezodott-a-roma-egyetemistak-szama-2010-ota\\\/#article\",\"isPartOf\":{\"@id\":\"https:\\\/\\\/hotnewsinworld.com\\\/hu\\\/megketszerezodott-a-roma-egyetemistak-szama-2010-ota\\\/\"},\"author\":{\"name\":\"hotnewsinworld\",\"@id\":\"https:\\\/\\\/hotnewsinworld.com\\\/hu\\\/#\\\/schema\\\/person\\\/fe61448b21c0d59086e75fcc1f9d8f6b\"},\"headline\":\"Megk\u00e9tszerez\u0151d\u00f6tt a roma egyetemist\u00e1k sz\u00e1ma 2010 \u00f3ta\",\"datePublished\":\"2019-09-20T12:55:17+00:00\",\"dateModified\":\"2019-09-20T12:55:18+00:00\",\"mainEntityOfPage\":{\"@id\":\"https:\\\/\\\/hotnewsinworld.com\\\/hu\\\/megketszerezodott-a-roma-egyetemistak-szama-2010-ota\\\/\"},\"wordCount\":208,\"commentCount\":0,\"image\":{\"@id\":\"https:\\\/\\\/hotnewsinworld.com\\\/hu\\\/megketszerezodott-a-roma-egyetemistak-szama-2010-ota\\\/#primaryimage\"},\"thumbnailUrl\":\"https:\\\/\\\/hotnewsinworld.com\\\/hu\\\/wp-content\\\/uploads\\\/sites\\\/3\\\/2019\\\/09\\\/Magyarorsz\u00e1g-tov\u00e1bbra-is-az-els\u0151k-k\u00f6z\u00f6tt-GDP-n\u00f6veked\u00e9sben.png\",\"articleSection\":[\"LEG\u00daJABB P\u00c9NZ\u00dcGYI H\u00cdREK\"],\"inLanguage\":\"hu\",\"potentialAction\":[{\"@type\":\"CommentAction\",\"name\":\"Comment\",\"target\":[\"https:\\\/\\\/hotnewsinworld.com\\\/hu\\\/megketszerezodott-a-roma-egyetemistak-szama-2010-ota\\\/#respond\"]}]},{\"@type\":\"WebPage\",\"@id\":\"https:\\\/\\\/hotnewsinworld.com\\\/hu\\\/megketszerezodott-a-roma-egyetemistak-szama-2010-ota\\\/\",\"url\":\"https:\\\/\\\/hotnewsinworld.com\\\/hu\\\/megketszerezodott-a-roma-egyetemistak-szama-2010-ota\\\/\",\"name\":\"Megk\u00e9tszerez\u0151d\u00f6tt a roma egyetemist\u00e1k sz\u00e1ma 2010 \u00f3ta - Hot News in World\",\"isPartOf\":{\"@id\":\"https:\\\/\\\/hotnewsinworld.com\\\/hu\\\/#website\"},\"primaryImageOfPage\":{\"@id\":\"https:\\\/\\\/hotnewsinworld.com\\\/hu\\\/megketszerezodott-a-roma-egyetemistak-szama-2010-ota\\\/#primaryimage\"},\"image\":{\"@id\":\"https:\\\/\\\/hotnewsinworld.com\\\/hu\\\/megketszerezodott-a-roma-egyetemistak-szama-2010-ota\\\/#primaryimage\"},\"thumbnailUrl\":\"https:\\\/\\\/hotnewsinworld.com\\\/hu\\\/wp-content\\\/uploads\\\/sites\\\/3\\\/2019\\\/09\\\/Magyarorsz\u00e1g-tov\u00e1bbra-is-az-els\u0151k-k\u00f6z\u00f6tt-GDP-n\u00f6veked\u00e9sben.png\",\"datePublished\":\"2019-09-20T12:55:17+00:00\",\"dateModified\":\"2019-09-20T12:55:18+00:00\",\"author\":{\"@id\":\"https:\\\/\\\/hotnewsinworld.com\\\/hu\\\/#\\\/schema\\\/person\\\/fe61448b21c0d59086e75fcc1f9d8f6b\"},\"breadcrumb\":{\"@id\":\"https:\\\/\\\/hotnewsinworld.com\\\/hu\\\/megketszerezodott-a-roma-egyetemistak-szama-2010-ota\\\/#breadcrumb\"},\"inLanguage\":\"hu\",\"potentialAction\":[{\"@type\":\"ReadAction\",\"target\":[\"https:\\\/\\\/hotnewsinworld.com\\\/hu\\\/megketszerezodott-a-roma-egyetemistak-szama-2010-ota\\\/\"]}]},{\"@type\":\"ImageObject\",\"inLanguage\":\"hu\",\"@id\":\"https:\\\/\\\/hotnewsinworld.com\\\/hu\\\/megketszerezodott-a-roma-egyetemistak-szama-2010-ota\\\/#primaryimage\",\"url\":\"https:\\\/\\\/hotnewsinworld.com\\\/hu\\\/wp-content\\\/uploads\\\/sites\\\/3\\\/2019\\\/09\\\/Magyarorsz\u00e1g-tov\u00e1bbra-is-az-els\u0151k-k\u00f6z\u00f6tt-GDP-n\u00f6veked\u00e9sben.png\",\"contentUrl\":\"https:\\\/\\\/hotnewsinworld.com\\\/hu\\\/wp-content\\\/uploads\\\/sites\\\/3\\\/2019\\\/09\\\/Magyarorsz\u00e1g-tov\u00e1bbra-is-az-els\u0151k-k\u00f6z\u00f6tt-GDP-n\u00f6veked\u00e9sben.png\",\"width\":630,\"height\":630,\"caption\":\"Magyarorsz\u00e1g tov\u00e1bbra is az els\u0151k k\u00f6z\u00f6tt GDP-n\u00f6veked\u00e9sben\"},{\"@type\":\"BreadcrumbList\",\"@id\":\"https:\\\/\\\/hotnewsinworld.com\\\/hu\\\/megketszerezodott-a-roma-egyetemistak-szama-2010-ota\\\/#breadcrumb\",\"itemListElement\":[{\"@type\":\"ListItem\",\"position\":1,\"name\":\"\u0413\u043b\u0430\u0432\u043d\u0430\u044f \u0441\u0442\u0440\u0430\u043d\u0438\u0446\u0430\",\"item\":\"https:\\\/\\\/hotnewsinworld.com\\\/hu\\\/\"},{\"@type\":\"ListItem\",\"position\":2,\"name\":\"Megk\u00e9tszerez\u0151d\u00f6tt a roma egyetemist\u00e1k sz\u00e1ma 2010 \u00f3ta\"}]},{\"@type\":\"WebSite\",\"@id\":\"https:\\\/\\\/hotnewsinworld.com\\\/hu\\\/#website\",\"url\":\"https:\\\/\\\/hotnewsinworld.com\\\/hu\\\/\",\"name\":\"Hot News in World\",\"description\":\"Hot News in World from Hungary\",\"potentialAction\":[{\"@type\":\"SearchAction\",\"target\":{\"@type\":\"EntryPoint\",\"urlTemplate\":\"https:\\\/\\\/hotnewsinworld.com\\\/hu\\\/?s={search_term_string}\"},\"query-input\":{\"@type\":\"PropertyValueSpecification\",\"valueRequired\":true,\"valueName\":\"search_term_string\"}}],\"inLanguage\":\"hu\"},{\"@type\":\"Person\",\"@id\":\"https:\\\/\\\/hotnewsinworld.com\\\/hu\\\/#\\\/schema\\\/person\\\/fe61448b21c0d59086e75fcc1f9d8f6b\",\"name\":\"hotnewsinworld\",\"image\":{\"@type\":\"ImageObject\",\"inLanguage\":\"hu\",\"@id\":\"https:\\\/\\\/secure.gravatar.com\\\/avatar\\\/8a09ac165600ce2e1c38fe593c63928eb1e6e7ba5c5a907d67787c41b3d00c14?s=96&d=mm&r=g\",\"url\":\"https:\\\/\\\/secure.gravatar.com\\\/avatar\\\/8a09ac165600ce2e1c38fe593c63928eb1e6e7ba5c5a907d67787c41b3d00c14?s=96&d=mm&r=g\",\"contentUrl\":\"https:\\\/\\\/secure.gravatar.com\\\/avatar\\\/8a09ac165600ce2e1c38fe593c63928eb1e6e7ba5c5a907d67787c41b3d00c14?s=96&d=mm&r=g\",\"caption\":\"hotnewsinworld\"},\"url\":\"https:\\\/\\\/hotnewsinworld.com\\\/hu\\\/author\\\/pt\\\/\"}]}<\/script>\n<!-- \/ Yoast SEO plugin. -->","yoast_head_json":{"title":"Megk\u00e9tszerez\u0151d\u00f6tt a roma egyetemist\u00e1k sz\u00e1ma 2010 \u00f3ta - Hot News in World","robots":{"index":"index","follow":"follow","max-snippet":"max-snippet:-1","max-image-preview":"max-image-preview:large","max-video-preview":"max-video-preview:-1"},"canonical":"https:\/\/hotnewsinworld.com\/hu\/megketszerezodott-a-roma-egyetemistak-szama-2010-ota\/","og_locale":"hu_HU","og_type":"article","og_title":"Megk\u00e9tszerez\u0151d\u00f6tt a roma egyetemist\u00e1k sz\u00e1ma 2010 \u00f3ta - Hot News in World","og_description":"2019. szeptember 20. 14:31 A Roma Szakkoll\u00e9giumi H\u00e1l\u00f3zatnak k\u00f6sz\u00f6nhet\u0151. K\u00e9tszer annyi roma fiatal j\u00e1r ma egyetemre mint amennyi 2010-ben volt, ez t\u00f6bbek k\u00f6z\u00f6tt a cig\u00e1ny szakkoll\u00e9giumokban kialakult k\u00f6z\u00f6ss\u00e9gi h\u00faz\u00f3er\u0151vel magyar\u00e1zhat\u00f3 \u2013 mondta a Kereszt\u00e9ny Roma Szakkoll\u00e9giumi H\u00e1l\u00f3zat eln\u00f6ke p\u00e9nteken az M1 aktu\u00e1lis csatorn\u00e1n. Schanda Anik\u00f3 elmondta, a szakkoll\u00e9giumok sok t\u00f6bbletlehet\u0151s\u00e9get k\u00edn\u00e1lnak di\u00e1kjaiknak: nyelvi k\u00e9pz\u00e9sekkel, mentorprogramokkal, [&hellip;]","og_url":"https:\/\/hotnewsinworld.com\/hu\/megketszerezodott-a-roma-egyetemistak-szama-2010-ota\/","og_site_name":"Hot News in World","article_published_time":"2019-09-20T12:55:17+00:00","article_modified_time":"2019-09-20T12:55:18+00:00","og_image":[{"width":630,"height":630,"url":"https:\/\/hotnewsinworld.com\/hu\/wp-content\/uploads\/sites\/3\/2019\/09\/Magyarorsz\u00e1g-tov\u00e1bbra-is-az-els\u0151k-k\u00f6z\u00f6tt-GDP-n\u00f6veked\u00e9sben.png","type":"image\/png"}],"author":"hotnewsinworld","twitter_card":"summary_large_image","twitter_misc":{"Szerz\u0151:":"hotnewsinworld","Becs\u00fclt olvas\u00e1si id\u0151":"1 perc"},"schema":{"@context":"https:\/\/schema.org","@graph":[{"@type":"Article","@id":"https:\/\/hotnewsinworld.com\/hu\/megketszerezodott-a-roma-egyetemistak-szama-2010-ota\/#article","isPartOf":{"@id":"https:\/\/hotnewsinworld.com\/hu\/megketszerezodott-a-roma-egyetemistak-szama-2010-ota\/"},"author":{"name":"hotnewsinworld","@id":"https:\/\/hotnewsinworld.com\/hu\/#\/schema\/person\/fe61448b21c0d59086e75fcc1f9d8f6b"},"headline":"Megk\u00e9tszerez\u0151d\u00f6tt a roma egyetemist\u00e1k sz\u00e1ma 2010 \u00f3ta","datePublished":"2019-09-20T12:55:17+00:00","dateModified":"2019-09-20T12:55:18+00:00","mainEntityOfPage":{"@id":"https:\/\/hotnewsinworld.com\/hu\/megketszerezodott-a-roma-egyetemistak-szama-2010-ota\/"},"wordCount":208,"commentCount":0,"image":{"@id":"https:\/\/hotnewsinworld.com\/hu\/megketszerezodott-a-roma-egyetemistak-szama-2010-ota\/#primaryimage"},"thumbnailUrl":"https:\/\/hotnewsinworld.com\/hu\/wp-content\/uploads\/sites\/3\/2019\/09\/Magyarorsz\u00e1g-tov\u00e1bbra-is-az-els\u0151k-k\u00f6z\u00f6tt-GDP-n\u00f6veked\u00e9sben.png","articleSection":["LEG\u00daJABB P\u00c9NZ\u00dcGYI H\u00cdREK"],"inLanguage":"hu","potentialAction":[{"@type":"CommentAction","name":"Comment","target":["https:\/\/hotnewsinworld.com\/hu\/megketszerezodott-a-roma-egyetemistak-szama-2010-ota\/#respond"]}]},{"@type":"WebPage","@id":"https:\/\/hotnewsinworld.com\/hu\/megketszerezodott-a-roma-egyetemistak-szama-2010-ota\/","url":"https:\/\/hotnewsinworld.com\/hu\/megketszerezodott-a-roma-egyetemistak-szama-2010-ota\/","name":"Megk\u00e9tszerez\u0151d\u00f6tt a roma egyetemist\u00e1k sz\u00e1ma 2010 \u00f3ta - Hot News in World","isPartOf":{"@id":"https:\/\/hotnewsinworld.com\/hu\/#website"},"primaryImageOfPage":{"@id":"https:\/\/hotnewsinworld.com\/hu\/megketszerezodott-a-roma-egyetemistak-szama-2010-ota\/#primaryimage"},"image":{"@id":"https:\/\/hotnewsinworld.com\/hu\/megketszerezodott-a-roma-egyetemistak-szama-2010-ota\/#primaryimage"},"thumbnailUrl":"https:\/\/hotnewsinworld.com\/hu\/wp-content\/uploads\/sites\/3\/2019\/09\/Magyarorsz\u00e1g-tov\u00e1bbra-is-az-els\u0151k-k\u00f6z\u00f6tt-GDP-n\u00f6veked\u00e9sben.png","datePublished":"2019-09-20T12:55:17+00:00","dateModified":"2019-09-20T12:55:18+00:00","author":{"@id":"https:\/\/hotnewsinworld.com\/hu\/#\/schema\/person\/fe61448b21c0d59086e75fcc1f9d8f6b"},"breadcrumb":{"@id":"https:\/\/hotnewsinworld.com\/hu\/megketszerezodott-a-roma-egyetemistak-szama-2010-ota\/#breadcrumb"},"inLanguage":"hu","potentialAction":[{"@type":"ReadAction","target":["https:\/\/hotnewsinworld.com\/hu\/megketszerezodott-a-roma-egyetemistak-szama-2010-ota\/"]}]},{"@type":"ImageObject","inLanguage":"hu","@id":"https:\/\/hotnewsinworld.com\/hu\/megketszerezodott-a-roma-egyetemistak-szama-2010-ota\/#primaryimage","url":"https:\/\/hotnewsinworld.com\/hu\/wp-content\/uploads\/sites\/3\/2019\/09\/Magyarorsz\u00e1g-tov\u00e1bbra-is-az-els\u0151k-k\u00f6z\u00f6tt-GDP-n\u00f6veked\u00e9sben.png","contentUrl":"https:\/\/hotnewsinworld.com\/hu\/wp-content\/uploads\/sites\/3\/2019\/09\/Magyarorsz\u00e1g-tov\u00e1bbra-is-az-els\u0151k-k\u00f6z\u00f6tt-GDP-n\u00f6veked\u00e9sben.png","width":630,"height":630,"caption":"Magyarorsz\u00e1g tov\u00e1bbra is az els\u0151k k\u00f6z\u00f6tt GDP-n\u00f6veked\u00e9sben"},{"@type":"BreadcrumbList","@id":"https:\/\/hotnewsinworld.com\/hu\/megketszerezodott-a-roma-egyetemistak-szama-2010-ota\/#breadcrumb","itemListElement":[{"@type":"ListItem","position":1,"name":"\u0413\u043b\u0430\u0432\u043d\u0430\u044f \u0441\u0442\u0440\u0430\u043d\u0438\u0446\u0430","item":"https:\/\/hotnewsinworld.com\/hu\/"},{"@type":"ListItem","position":2,"name":"Megk\u00e9tszerez\u0151d\u00f6tt a roma egyetemist\u00e1k sz\u00e1ma 2010 \u00f3ta"}]},{"@type":"WebSite","@id":"https:\/\/hotnewsinworld.com\/hu\/#website","url":"https:\/\/hotnewsinworld.com\/hu\/","name":"Hot News in World","description":"Hot News in World from Hungary","potentialAction":[{"@type":"SearchAction","target":{"@type":"EntryPoint","urlTemplate":"https:\/\/hotnewsinworld.com\/hu\/?s={search_term_string}"},"query-input":{"@type":"PropertyValueSpecification","valueRequired":true,"valueName":"search_term_string"}}],"inLanguage":"hu"},{"@type":"Person","@id":"https:\/\/hotnewsinworld.com\/hu\/#\/schema\/person\/fe61448b21c0d59086e75fcc1f9d8f6b","name":"hotnewsinworld","image":{"@type":"ImageObject","inLanguage":"hu","@id":"https:\/\/secure.gravatar.com\/avatar\/8a09ac165600ce2e1c38fe593c63928eb1e6e7ba5c5a907d67787c41b3d00c14?s=96&d=mm&r=g","url":"https:\/\/secure.gravatar.com\/avatar\/8a09ac165600ce2e1c38fe593c63928eb1e6e7ba5c5a907d67787c41b3d00c14?s=96&d=mm&r=g","contentUrl":"https:\/\/secure.gravatar.com\/avatar\/8a09ac165600ce2e1c38fe593c63928eb1e6e7ba5c5a907d67787c41b3d00c14?s=96&d=mm&r=g","caption":"hotnewsinworld"},"url":"https:\/\/hotnewsinworld.com\/hu\/author\/pt\/"}]}},"_links":{"self":[{"href":"https:\/\/hotnewsinworld.com\/hu\/wp-json\/wp\/v2\/posts\/2348","targetHints":{"allow":["GET"]}}],"collection":[{"href":"https:\/\/hotnewsinworld.com\/hu\/wp-json\/wp\/v2\/posts"}],"about":[{"href":"https:\/\/hotnewsinworld.com\/hu\/wp-json\/wp\/v2\/types\/post"}],"author":[{"embeddable":true,"href":"https:\/\/hotnewsinworld.com\/hu\/wp-json\/wp\/v2\/users\/2"}],"replies":[{"embeddable":true,"href":"https:\/\/hotnewsinworld.com\/hu\/wp-json\/wp\/v2\/comments?post=2348"}],"version-history":[{"count":1,"href":"https:\/\/hotnewsinworld.com\/hu\/wp-json\/wp\/v2\/posts\/2348\/revisions"}],"predecessor-version":[{"id":2349,"href":"https:\/\/hotnewsinworld.com\/hu\/wp-json\/wp\/v2\/posts\/2348\/revisions\/2349"}],"wp:featuredmedia":[{"embeddable":true,"href":"https:\/\/hotnewsinworld.com\/hu\/wp-json\/wp\/v2\/media\/1714"}],"wp:attachment":[{"href":"https:\/\/hotnewsinworld.com\/hu\/wp-json\/wp\/v2\/media?parent=2348"}],"wp:term":[{"taxonomy":"category","embeddable":true,"href":"https:\/\/hotnewsinworld.com\/hu\/wp-json\/wp\/v2\/categories?post=2348"},{"taxonomy":"post_tag","embeddable":true,"href":"https:\/\/hotnewsinworld.com\/hu\/wp-json\/wp\/v2\/tags?post=2348"}],"curies":[{"name":"wp","href":"https:\/\/api.w.org\/{rel}","templated":true}]}}