{"id":2353,"date":"2019-09-20T19:52:03","date_gmt":"2019-09-20T16:52:03","guid":{"rendered":"https:\/\/hotnewsinworld.com\/hu\/jovore-emelkednek-a-nemzeti-egyuttmukodesi-alap-palyazati-forrasai\/"},"modified":"2019-09-20T19:52:04","modified_gmt":"2019-09-20T16:52:04","slug":"jovore-emelkednek-a-nemzeti-egyuttmukodesi-alap-palyazati-forrasai","status":"publish","type":"post","link":"https:\/\/hotnewsinworld.com\/hu\/jovore-emelkednek-a-nemzeti-egyuttmukodesi-alap-palyazati-forrasai\/","title":{"rendered":"J\u00f6v\u0151re emelkednek a Nemzeti Egy\u00fcttm\u0171k\u00f6d\u00e9si Alap p\u00e1ly\u00e1zati forr\u00e1sai"},"content":{"rendered":"<p>\t\t\t\t\tA cikk emailben t\u00f6rt\u00e9n\u0151 elk\u00fcld\u00e9s\u00e9hez kattintson ide, vagy m\u00e1solja le \u00e9s k\u00fcldje el ezt a linket: https:\/\/magyarnemzet.hu\/belfold\/jovore-emelkednek-a-nemzeti-egyuttmukodesi-alap-palyazati-forrasai-7325030\/<\/p>\n<p>\t\t\t\t\t2019. szeptember 20. p\u00e9ntek 18:41<\/p>\n<p>\t\t\t\t\tCsaknem k\u00e9tmilli\u00e1rd forinttal emelkednek a Nemzeti Egy\u00fcttm\u0171k\u00f6d\u00e9si Alap (NEA) j\u00f6v\u0151 \u00e9vi p\u00e1ly\u00e1zati forr\u00e1sai az ideihez k\u00e9pest \u2013 k\u00f6z\u00f6lte a Minisztereln\u00f6ks\u00e9g civil \u00e9s t\u00e1rsadalmi kapcsolatok\u00e9rt felel\u0151s helyettes \u00e1llamtitk\u00e1ra p\u00e9nteken Budapesten.<br \/>\nSzalay-Bobrovniczky Vince egy t\u00e1j\u00e9koztat\u00f3 f\u00f3rum el\u0151tt \u00fajs\u00e1g\u00edr\u00f3knak elmondta: erre az \u00e9vre 5,9 milli\u00e1rd forintra lehetett p\u00e1ly\u00e1zni a korm\u00e1ny \u00e1ltal l\u00e9trehozott NEA keretein bel\u00fcl, 2020-ra ez az \u00f6sszeg m\u00e1r 7,7 milli\u00e1rd forint lesz.<br \/>\nA forr\u00e1sb\u0151v\u00fcl\u00e9s \u2013 szavai szerint \u2013 annak k\u00f6sz\u00f6nhet\u0151, hogy a szem\u00e9lyi j\u00f6vedelemad\u00f3nak az az egy sz\u00e1zal\u00e9ka, amelyet civil szervezeteknek adhatnak, de nem rendelkeznek r\u00f3la, automatikusan a Nemzeti Egy\u00fcttm\u0171k\u00f6d\u00e9si Alapba ker\u00fcl, \u00e9s a p\u00e9nzt civil szervezetek t\u00e1mogat\u00e1s\u00e1ra ford\u00edtj\u00e1k.<br \/>\nOkt\u00f3ber elsej\u00e9t\u0151l egy h\u00f3napon \u00e1t az \u00f6sszevont szakmai \u00e9s m\u0171k\u00f6d\u00e9si c\u00e9lokat is tartalmaz\u00f3 p\u00e1ly\u00e1zatokat adhatj\u00e1k be, november 1-j\u00e9t\u0151l pedig az egyszer\u0171s\u00edtett p\u00e1ly\u00e1zatokat v\u00e1rj\u00e1k, amelyek bead\u00e1s\u00e1ra szint\u00e9n egy h\u00f3nap \u00e1ll rendelkez\u00e9sre \u2013 ismertette kor\u00e1bban a politikus a r\u00e9szleteket.<br \/>\nA d\u00f6nt\u00e9seket min\u00e9l hamarabb szeretn\u00e9k meghozni, hogy a civilek mihamarabb r\u00e9szes\u00fcljenek a sikeres p\u00e1ly\u00e1zataik alapj\u00e1n elnyert forr\u00e1sokb\u00f3l \u2013 t\u00e1j\u00e9koztatott p\u00e9nteken Szalay-Bobrovniczky Vince.<br \/>\nA forr\u00e1sokb\u00f3l szinte b\u00e1rmilyen hasznos c\u00e9lra lehet p\u00e1ly\u00e1zni, p\u00e9ld\u00e1ul szoci\u00e1lis szolg\u00e1ltat\u00e1sok, eg\u00e9szs\u00e9g\u00fcgyi, kultur\u00e1lis, oktat\u00e1si \u00e9s sportc\u00e9lok megval\u00f3s\u00edt\u00e1s\u00e1hoz.<\/p>\n<p>\n<!--noindex--><br \/>\n<a href=\"https:\/\/hirek.oldal.info\/rssclick\/14414126\" rel=\"nofollow\">Source link <\/a><br \/>\n<!--\/noindex--><\/p>\n","protected":false},"excerpt":{"rendered":"<p>A cikk emailben t\u00f6rt\u00e9n\u0151 elk\u00fcld\u00e9s\u00e9hez kattintson ide, vagy m\u00e1solja le \u00e9s k\u00fcldje el ezt a linket: https:\/\/magyarnemzet.hu\/belfold\/jovore-emelkednek-a-nemzeti-egyuttmukodesi-alap-palyazati-forrasai-7325030\/ 2019. szeptember 20. p\u00e9ntek 18:41 Csaknem k\u00e9tmilli\u00e1rd forinttal emelkednek a Nemzeti Egy\u00fcttm\u0171k\u00f6d\u00e9si Alap (NEA) j\u00f6v\u0151 \u00e9vi p\u00e1ly\u00e1zati forr\u00e1sai az ideihez k\u00e9pest \u2013 k\u00f6z\u00f6lte a Minisztereln\u00f6ks\u00e9g civil \u00e9s t\u00e1rsadalmi kapcsolatok\u00e9rt felel\u0151s helyettes \u00e1llamtitk\u00e1ra p\u00e9nteken Budapesten. Szalay-Bobrovniczky Vince egy t\u00e1j\u00e9koztat\u00f3 [&hellip;]<\/p>\n","protected":false},"author":2,"featured_media":199,"comment_status":"open","ping_status":"open","sticky":false,"template":"","format":"standard","meta":{"footnotes":""},"categories":[1],"tags":[],"class_list":["post-2353","post","type-post","status-publish","format-standard","has-post-thumbnail","hentry","category-legujabb-penzugyi-hirek"],"yoast_head":"<!-- This site is optimized with the Yoast SEO plugin v27.4 - https:\/\/yoast.com\/product\/yoast-seo-wordpress\/ -->\n<title>J\u00f6v\u0151re emelkednek a Nemzeti Egy\u00fcttm\u0171k\u00f6d\u00e9si Alap p\u00e1ly\u00e1zati forr\u00e1sai - Hot News in World<\/title>\n<meta name=\"robots\" content=\"index, follow, max-snippet:-1, max-image-preview:large, max-video-preview:-1\" \/>\n<link rel=\"canonical\" href=\"https:\/\/hotnewsinworld.com\/hu\/jovore-emelkednek-a-nemzeti-egyuttmukodesi-alap-palyazati-forrasai\/\" \/>\n<meta property=\"og:locale\" content=\"hu_HU\" \/>\n<meta property=\"og:type\" content=\"article\" \/>\n<meta property=\"og:title\" content=\"J\u00f6v\u0151re emelkednek a Nemzeti Egy\u00fcttm\u0171k\u00f6d\u00e9si Alap p\u00e1ly\u00e1zati forr\u00e1sai - Hot News in World\" \/>\n<meta property=\"og:description\" content=\"A cikk emailben t\u00f6rt\u00e9n\u0151 elk\u00fcld\u00e9s\u00e9hez kattintson ide, vagy m\u00e1solja le \u00e9s k\u00fcldje el ezt a linket: https:\/\/magyarnemzet.hu\/belfold\/jovore-emelkednek-a-nemzeti-egyuttmukodesi-alap-palyazati-forrasai-7325030\/ 2019. szeptember 20. p\u00e9ntek 18:41 Csaknem k\u00e9tmilli\u00e1rd forinttal emelkednek a Nemzeti Egy\u00fcttm\u0171k\u00f6d\u00e9si Alap (NEA) j\u00f6v\u0151 \u00e9vi p\u00e1ly\u00e1zati forr\u00e1sai az ideihez k\u00e9pest \u2013 k\u00f6z\u00f6lte a Minisztereln\u00f6ks\u00e9g civil \u00e9s t\u00e1rsadalmi kapcsolatok\u00e9rt felel\u0151s helyettes \u00e1llamtitk\u00e1ra p\u00e9nteken Budapesten. Szalay-Bobrovniczky Vince egy t\u00e1j\u00e9koztat\u00f3 [&hellip;]\" \/>\n<meta property=\"og:url\" content=\"https:\/\/hotnewsinworld.com\/hu\/jovore-emelkednek-a-nemzeti-egyuttmukodesi-alap-palyazati-forrasai\/\" \/>\n<meta property=\"og:site_name\" content=\"Hot News in World\" \/>\n<meta property=\"article:published_time\" content=\"2019-09-20T16:52:03+00:00\" \/>\n<meta property=\"article:modified_time\" content=\"2019-09-20T16:52:04+00:00\" \/>\n<meta property=\"og:image\" content=\"https:\/\/hotnewsinworld.com\/hu\/wp-content\/uploads\/sites\/3\/2019\/06\/Hidv\u00e9ghi-Bal\u00e1zs-A-Fidesz-kezdem\u00e9nyezni-fogja-a-migr\u00e1nsk\u00e1rty\u00e1k-megsz\u00fcntet\u00e9s\u00e9t.png\" \/>\n\t<meta property=\"og:image:width\" content=\"1200\" \/>\n\t<meta property=\"og:image:height\" content=\"630\" \/>\n\t<meta property=\"og:image:type\" content=\"image\/png\" \/>\n<meta name=\"author\" content=\"hotnewsinworld\" \/>\n<meta name=\"twitter:card\" content=\"summary_large_image\" \/>\n<meta name=\"twitter:label1\" content=\"Szerz\u0151:\" \/>\n\t<meta name=\"twitter:data1\" content=\"hotnewsinworld\" \/>\n\t<meta name=\"twitter:label2\" content=\"Becs\u00fclt olvas\u00e1si id\u0151\" \/>\n\t<meta name=\"twitter:data2\" content=\"2 perc\" \/>\n<script type=\"application\/ld+json\" class=\"yoast-schema-graph\">{\"@context\":\"https:\\\/\\\/schema.org\",\"@graph\":[{\"@type\":\"Article\",\"@id\":\"https:\\\/\\\/hotnewsinworld.com\\\/hu\\\/jovore-emelkednek-a-nemzeti-egyuttmukodesi-alap-palyazati-forrasai\\\/#article\",\"isPartOf\":{\"@id\":\"https:\\\/\\\/hotnewsinworld.com\\\/hu\\\/jovore-emelkednek-a-nemzeti-egyuttmukodesi-alap-palyazati-forrasai\\\/\"},\"author\":{\"name\":\"hotnewsinworld\",\"@id\":\"https:\\\/\\\/hotnewsinworld.com\\\/hu\\\/#\\\/schema\\\/person\\\/fe61448b21c0d59086e75fcc1f9d8f6b\"},\"headline\":\"J\u00f6v\u0151re emelkednek a Nemzeti Egy\u00fcttm\u0171k\u00f6d\u00e9si Alap p\u00e1ly\u00e1zati forr\u00e1sai\",\"datePublished\":\"2019-09-20T16:52:03+00:00\",\"dateModified\":\"2019-09-20T16:52:04+00:00\",\"mainEntityOfPage\":{\"@id\":\"https:\\\/\\\/hotnewsinworld.com\\\/hu\\\/jovore-emelkednek-a-nemzeti-egyuttmukodesi-alap-palyazati-forrasai\\\/\"},\"wordCount\":336,\"commentCount\":0,\"image\":{\"@id\":\"https:\\\/\\\/hotnewsinworld.com\\\/hu\\\/jovore-emelkednek-a-nemzeti-egyuttmukodesi-alap-palyazati-forrasai\\\/#primaryimage\"},\"thumbnailUrl\":\"https:\\\/\\\/hotnewsinworld.com\\\/hu\\\/wp-content\\\/uploads\\\/sites\\\/3\\\/2019\\\/06\\\/Hidv\u00e9ghi-Bal\u00e1zs-A-Fidesz-kezdem\u00e9nyezni-fogja-a-migr\u00e1nsk\u00e1rty\u00e1k-megsz\u00fcntet\u00e9s\u00e9t.png\",\"articleSection\":[\"LEG\u00daJABB P\u00c9NZ\u00dcGYI H\u00cdREK\"],\"inLanguage\":\"hu\",\"potentialAction\":[{\"@type\":\"CommentAction\",\"name\":\"Comment\",\"target\":[\"https:\\\/\\\/hotnewsinworld.com\\\/hu\\\/jovore-emelkednek-a-nemzeti-egyuttmukodesi-alap-palyazati-forrasai\\\/#respond\"]}]},{\"@type\":\"WebPage\",\"@id\":\"https:\\\/\\\/hotnewsinworld.com\\\/hu\\\/jovore-emelkednek-a-nemzeti-egyuttmukodesi-alap-palyazati-forrasai\\\/\",\"url\":\"https:\\\/\\\/hotnewsinworld.com\\\/hu\\\/jovore-emelkednek-a-nemzeti-egyuttmukodesi-alap-palyazati-forrasai\\\/\",\"name\":\"J\u00f6v\u0151re emelkednek a Nemzeti Egy\u00fcttm\u0171k\u00f6d\u00e9si Alap p\u00e1ly\u00e1zati forr\u00e1sai - Hot News in World\",\"isPartOf\":{\"@id\":\"https:\\\/\\\/hotnewsinworld.com\\\/hu\\\/#website\"},\"primaryImageOfPage\":{\"@id\":\"https:\\\/\\\/hotnewsinworld.com\\\/hu\\\/jovore-emelkednek-a-nemzeti-egyuttmukodesi-alap-palyazati-forrasai\\\/#primaryimage\"},\"image\":{\"@id\":\"https:\\\/\\\/hotnewsinworld.com\\\/hu\\\/jovore-emelkednek-a-nemzeti-egyuttmukodesi-alap-palyazati-forrasai\\\/#primaryimage\"},\"thumbnailUrl\":\"https:\\\/\\\/hotnewsinworld.com\\\/hu\\\/wp-content\\\/uploads\\\/sites\\\/3\\\/2019\\\/06\\\/Hidv\u00e9ghi-Bal\u00e1zs-A-Fidesz-kezdem\u00e9nyezni-fogja-a-migr\u00e1nsk\u00e1rty\u00e1k-megsz\u00fcntet\u00e9s\u00e9t.png\",\"datePublished\":\"2019-09-20T16:52:03+00:00\",\"dateModified\":\"2019-09-20T16:52:04+00:00\",\"author\":{\"@id\":\"https:\\\/\\\/hotnewsinworld.com\\\/hu\\\/#\\\/schema\\\/person\\\/fe61448b21c0d59086e75fcc1f9d8f6b\"},\"breadcrumb\":{\"@id\":\"https:\\\/\\\/hotnewsinworld.com\\\/hu\\\/jovore-emelkednek-a-nemzeti-egyuttmukodesi-alap-palyazati-forrasai\\\/#breadcrumb\"},\"inLanguage\":\"hu\",\"potentialAction\":[{\"@type\":\"ReadAction\",\"target\":[\"https:\\\/\\\/hotnewsinworld.com\\\/hu\\\/jovore-emelkednek-a-nemzeti-egyuttmukodesi-alap-palyazati-forrasai\\\/\"]}]},{\"@type\":\"ImageObject\",\"inLanguage\":\"hu\",\"@id\":\"https:\\\/\\\/hotnewsinworld.com\\\/hu\\\/jovore-emelkednek-a-nemzeti-egyuttmukodesi-alap-palyazati-forrasai\\\/#primaryimage\",\"url\":\"https:\\\/\\\/hotnewsinworld.com\\\/hu\\\/wp-content\\\/uploads\\\/sites\\\/3\\\/2019\\\/06\\\/Hidv\u00e9ghi-Bal\u00e1zs-A-Fidesz-kezdem\u00e9nyezni-fogja-a-migr\u00e1nsk\u00e1rty\u00e1k-megsz\u00fcntet\u00e9s\u00e9t.png\",\"contentUrl\":\"https:\\\/\\\/hotnewsinworld.com\\\/hu\\\/wp-content\\\/uploads\\\/sites\\\/3\\\/2019\\\/06\\\/Hidv\u00e9ghi-Bal\u00e1zs-A-Fidesz-kezdem\u00e9nyezni-fogja-a-migr\u00e1nsk\u00e1rty\u00e1k-megsz\u00fcntet\u00e9s\u00e9t.png\",\"width\":1200,\"height\":630,\"caption\":\"Hidv\u00e9ghi Bal\u00e1zs: A Fidesz kezdem\u00e9nyezni fogja a migr\u00e1nsk\u00e1rty\u00e1k megsz\u00fcntet\u00e9s\u00e9t\"},{\"@type\":\"BreadcrumbList\",\"@id\":\"https:\\\/\\\/hotnewsinworld.com\\\/hu\\\/jovore-emelkednek-a-nemzeti-egyuttmukodesi-alap-palyazati-forrasai\\\/#breadcrumb\",\"itemListElement\":[{\"@type\":\"ListItem\",\"position\":1,\"name\":\"\u0413\u043b\u0430\u0432\u043d\u0430\u044f \u0441\u0442\u0440\u0430\u043d\u0438\u0446\u0430\",\"item\":\"https:\\\/\\\/hotnewsinworld.com\\\/hu\\\/\"},{\"@type\":\"ListItem\",\"position\":2,\"name\":\"J\u00f6v\u0151re emelkednek a Nemzeti Egy\u00fcttm\u0171k\u00f6d\u00e9si Alap p\u00e1ly\u00e1zati forr\u00e1sai\"}]},{\"@type\":\"WebSite\",\"@id\":\"https:\\\/\\\/hotnewsinworld.com\\\/hu\\\/#website\",\"url\":\"https:\\\/\\\/hotnewsinworld.com\\\/hu\\\/\",\"name\":\"Hot News in World\",\"description\":\"Hot News in World from Hungary\",\"potentialAction\":[{\"@type\":\"SearchAction\",\"target\":{\"@type\":\"EntryPoint\",\"urlTemplate\":\"https:\\\/\\\/hotnewsinworld.com\\\/hu\\\/?s={search_term_string}\"},\"query-input\":{\"@type\":\"PropertyValueSpecification\",\"valueRequired\":true,\"valueName\":\"search_term_string\"}}],\"inLanguage\":\"hu\"},{\"@type\":\"Person\",\"@id\":\"https:\\\/\\\/hotnewsinworld.com\\\/hu\\\/#\\\/schema\\\/person\\\/fe61448b21c0d59086e75fcc1f9d8f6b\",\"name\":\"hotnewsinworld\",\"image\":{\"@type\":\"ImageObject\",\"inLanguage\":\"hu\",\"@id\":\"https:\\\/\\\/secure.gravatar.com\\\/avatar\\\/8a09ac165600ce2e1c38fe593c63928eb1e6e7ba5c5a907d67787c41b3d00c14?s=96&d=mm&r=g\",\"url\":\"https:\\\/\\\/secure.gravatar.com\\\/avatar\\\/8a09ac165600ce2e1c38fe593c63928eb1e6e7ba5c5a907d67787c41b3d00c14?s=96&d=mm&r=g\",\"contentUrl\":\"https:\\\/\\\/secure.gravatar.com\\\/avatar\\\/8a09ac165600ce2e1c38fe593c63928eb1e6e7ba5c5a907d67787c41b3d00c14?s=96&d=mm&r=g\",\"caption\":\"hotnewsinworld\"},\"url\":\"https:\\\/\\\/hotnewsinworld.com\\\/hu\\\/author\\\/pt\\\/\"}]}<\/script>\n<!-- \/ Yoast SEO plugin. -->","yoast_head_json":{"title":"J\u00f6v\u0151re emelkednek a Nemzeti Egy\u00fcttm\u0171k\u00f6d\u00e9si Alap p\u00e1ly\u00e1zati forr\u00e1sai - Hot News in World","robots":{"index":"index","follow":"follow","max-snippet":"max-snippet:-1","max-image-preview":"max-image-preview:large","max-video-preview":"max-video-preview:-1"},"canonical":"https:\/\/hotnewsinworld.com\/hu\/jovore-emelkednek-a-nemzeti-egyuttmukodesi-alap-palyazati-forrasai\/","og_locale":"hu_HU","og_type":"article","og_title":"J\u00f6v\u0151re emelkednek a Nemzeti Egy\u00fcttm\u0171k\u00f6d\u00e9si Alap p\u00e1ly\u00e1zati forr\u00e1sai - Hot News in World","og_description":"A cikk emailben t\u00f6rt\u00e9n\u0151 elk\u00fcld\u00e9s\u00e9hez kattintson ide, vagy m\u00e1solja le \u00e9s k\u00fcldje el ezt a linket: https:\/\/magyarnemzet.hu\/belfold\/jovore-emelkednek-a-nemzeti-egyuttmukodesi-alap-palyazati-forrasai-7325030\/ 2019. szeptember 20. p\u00e9ntek 18:41 Csaknem k\u00e9tmilli\u00e1rd forinttal emelkednek a Nemzeti Egy\u00fcttm\u0171k\u00f6d\u00e9si Alap (NEA) j\u00f6v\u0151 \u00e9vi p\u00e1ly\u00e1zati forr\u00e1sai az ideihez k\u00e9pest \u2013 k\u00f6z\u00f6lte a Minisztereln\u00f6ks\u00e9g civil \u00e9s t\u00e1rsadalmi kapcsolatok\u00e9rt felel\u0151s helyettes \u00e1llamtitk\u00e1ra p\u00e9nteken Budapesten. Szalay-Bobrovniczky Vince egy t\u00e1j\u00e9koztat\u00f3 [&hellip;]","og_url":"https:\/\/hotnewsinworld.com\/hu\/jovore-emelkednek-a-nemzeti-egyuttmukodesi-alap-palyazati-forrasai\/","og_site_name":"Hot News in World","article_published_time":"2019-09-20T16:52:03+00:00","article_modified_time":"2019-09-20T16:52:04+00:00","og_image":[{"width":1200,"height":630,"url":"https:\/\/hotnewsinworld.com\/hu\/wp-content\/uploads\/sites\/3\/2019\/06\/Hidv\u00e9ghi-Bal\u00e1zs-A-Fidesz-kezdem\u00e9nyezni-fogja-a-migr\u00e1nsk\u00e1rty\u00e1k-megsz\u00fcntet\u00e9s\u00e9t.png","type":"image\/png"}],"author":"hotnewsinworld","twitter_card":"summary_large_image","twitter_misc":{"Szerz\u0151:":"hotnewsinworld","Becs\u00fclt olvas\u00e1si id\u0151":"2 perc"},"schema":{"@context":"https:\/\/schema.org","@graph":[{"@type":"Article","@id":"https:\/\/hotnewsinworld.com\/hu\/jovore-emelkednek-a-nemzeti-egyuttmukodesi-alap-palyazati-forrasai\/#article","isPartOf":{"@id":"https:\/\/hotnewsinworld.com\/hu\/jovore-emelkednek-a-nemzeti-egyuttmukodesi-alap-palyazati-forrasai\/"},"author":{"name":"hotnewsinworld","@id":"https:\/\/hotnewsinworld.com\/hu\/#\/schema\/person\/fe61448b21c0d59086e75fcc1f9d8f6b"},"headline":"J\u00f6v\u0151re emelkednek a Nemzeti Egy\u00fcttm\u0171k\u00f6d\u00e9si Alap p\u00e1ly\u00e1zati forr\u00e1sai","datePublished":"2019-09-20T16:52:03+00:00","dateModified":"2019-09-20T16:52:04+00:00","mainEntityOfPage":{"@id":"https:\/\/hotnewsinworld.com\/hu\/jovore-emelkednek-a-nemzeti-egyuttmukodesi-alap-palyazati-forrasai\/"},"wordCount":336,"commentCount":0,"image":{"@id":"https:\/\/hotnewsinworld.com\/hu\/jovore-emelkednek-a-nemzeti-egyuttmukodesi-alap-palyazati-forrasai\/#primaryimage"},"thumbnailUrl":"https:\/\/hotnewsinworld.com\/hu\/wp-content\/uploads\/sites\/3\/2019\/06\/Hidv\u00e9ghi-Bal\u00e1zs-A-Fidesz-kezdem\u00e9nyezni-fogja-a-migr\u00e1nsk\u00e1rty\u00e1k-megsz\u00fcntet\u00e9s\u00e9t.png","articleSection":["LEG\u00daJABB P\u00c9NZ\u00dcGYI H\u00cdREK"],"inLanguage":"hu","potentialAction":[{"@type":"CommentAction","name":"Comment","target":["https:\/\/hotnewsinworld.com\/hu\/jovore-emelkednek-a-nemzeti-egyuttmukodesi-alap-palyazati-forrasai\/#respond"]}]},{"@type":"WebPage","@id":"https:\/\/hotnewsinworld.com\/hu\/jovore-emelkednek-a-nemzeti-egyuttmukodesi-alap-palyazati-forrasai\/","url":"https:\/\/hotnewsinworld.com\/hu\/jovore-emelkednek-a-nemzeti-egyuttmukodesi-alap-palyazati-forrasai\/","name":"J\u00f6v\u0151re emelkednek a Nemzeti Egy\u00fcttm\u0171k\u00f6d\u00e9si Alap p\u00e1ly\u00e1zati forr\u00e1sai - Hot News in World","isPartOf":{"@id":"https:\/\/hotnewsinworld.com\/hu\/#website"},"primaryImageOfPage":{"@id":"https:\/\/hotnewsinworld.com\/hu\/jovore-emelkednek-a-nemzeti-egyuttmukodesi-alap-palyazati-forrasai\/#primaryimage"},"image":{"@id":"https:\/\/hotnewsinworld.com\/hu\/jovore-emelkednek-a-nemzeti-egyuttmukodesi-alap-palyazati-forrasai\/#primaryimage"},"thumbnailUrl":"https:\/\/hotnewsinworld.com\/hu\/wp-content\/uploads\/sites\/3\/2019\/06\/Hidv\u00e9ghi-Bal\u00e1zs-A-Fidesz-kezdem\u00e9nyezni-fogja-a-migr\u00e1nsk\u00e1rty\u00e1k-megsz\u00fcntet\u00e9s\u00e9t.png","datePublished":"2019-09-20T16:52:03+00:00","dateModified":"2019-09-20T16:52:04+00:00","author":{"@id":"https:\/\/hotnewsinworld.com\/hu\/#\/schema\/person\/fe61448b21c0d59086e75fcc1f9d8f6b"},"breadcrumb":{"@id":"https:\/\/hotnewsinworld.com\/hu\/jovore-emelkednek-a-nemzeti-egyuttmukodesi-alap-palyazati-forrasai\/#breadcrumb"},"inLanguage":"hu","potentialAction":[{"@type":"ReadAction","target":["https:\/\/hotnewsinworld.com\/hu\/jovore-emelkednek-a-nemzeti-egyuttmukodesi-alap-palyazati-forrasai\/"]}]},{"@type":"ImageObject","inLanguage":"hu","@id":"https:\/\/hotnewsinworld.com\/hu\/jovore-emelkednek-a-nemzeti-egyuttmukodesi-alap-palyazati-forrasai\/#primaryimage","url":"https:\/\/hotnewsinworld.com\/hu\/wp-content\/uploads\/sites\/3\/2019\/06\/Hidv\u00e9ghi-Bal\u00e1zs-A-Fidesz-kezdem\u00e9nyezni-fogja-a-migr\u00e1nsk\u00e1rty\u00e1k-megsz\u00fcntet\u00e9s\u00e9t.png","contentUrl":"https:\/\/hotnewsinworld.com\/hu\/wp-content\/uploads\/sites\/3\/2019\/06\/Hidv\u00e9ghi-Bal\u00e1zs-A-Fidesz-kezdem\u00e9nyezni-fogja-a-migr\u00e1nsk\u00e1rty\u00e1k-megsz\u00fcntet\u00e9s\u00e9t.png","width":1200,"height":630,"caption":"Hidv\u00e9ghi Bal\u00e1zs: A Fidesz kezdem\u00e9nyezni fogja a migr\u00e1nsk\u00e1rty\u00e1k megsz\u00fcntet\u00e9s\u00e9t"},{"@type":"BreadcrumbList","@id":"https:\/\/hotnewsinworld.com\/hu\/jovore-emelkednek-a-nemzeti-egyuttmukodesi-alap-palyazati-forrasai\/#breadcrumb","itemListElement":[{"@type":"ListItem","position":1,"name":"\u0413\u043b\u0430\u0432\u043d\u0430\u044f \u0441\u0442\u0440\u0430\u043d\u0438\u0446\u0430","item":"https:\/\/hotnewsinworld.com\/hu\/"},{"@type":"ListItem","position":2,"name":"J\u00f6v\u0151re emelkednek a Nemzeti Egy\u00fcttm\u0171k\u00f6d\u00e9si Alap p\u00e1ly\u00e1zati forr\u00e1sai"}]},{"@type":"WebSite","@id":"https:\/\/hotnewsinworld.com\/hu\/#website","url":"https:\/\/hotnewsinworld.com\/hu\/","name":"Hot News in World","description":"Hot News in World from Hungary","potentialAction":[{"@type":"SearchAction","target":{"@type":"EntryPoint","urlTemplate":"https:\/\/hotnewsinworld.com\/hu\/?s={search_term_string}"},"query-input":{"@type":"PropertyValueSpecification","valueRequired":true,"valueName":"search_term_string"}}],"inLanguage":"hu"},{"@type":"Person","@id":"https:\/\/hotnewsinworld.com\/hu\/#\/schema\/person\/fe61448b21c0d59086e75fcc1f9d8f6b","name":"hotnewsinworld","image":{"@type":"ImageObject","inLanguage":"hu","@id":"https:\/\/secure.gravatar.com\/avatar\/8a09ac165600ce2e1c38fe593c63928eb1e6e7ba5c5a907d67787c41b3d00c14?s=96&d=mm&r=g","url":"https:\/\/secure.gravatar.com\/avatar\/8a09ac165600ce2e1c38fe593c63928eb1e6e7ba5c5a907d67787c41b3d00c14?s=96&d=mm&r=g","contentUrl":"https:\/\/secure.gravatar.com\/avatar\/8a09ac165600ce2e1c38fe593c63928eb1e6e7ba5c5a907d67787c41b3d00c14?s=96&d=mm&r=g","caption":"hotnewsinworld"},"url":"https:\/\/hotnewsinworld.com\/hu\/author\/pt\/"}]}},"_links":{"self":[{"href":"https:\/\/hotnewsinworld.com\/hu\/wp-json\/wp\/v2\/posts\/2353","targetHints":{"allow":["GET"]}}],"collection":[{"href":"https:\/\/hotnewsinworld.com\/hu\/wp-json\/wp\/v2\/posts"}],"about":[{"href":"https:\/\/hotnewsinworld.com\/hu\/wp-json\/wp\/v2\/types\/post"}],"author":[{"embeddable":true,"href":"https:\/\/hotnewsinworld.com\/hu\/wp-json\/wp\/v2\/users\/2"}],"replies":[{"embeddable":true,"href":"https:\/\/hotnewsinworld.com\/hu\/wp-json\/wp\/v2\/comments?post=2353"}],"version-history":[{"count":1,"href":"https:\/\/hotnewsinworld.com\/hu\/wp-json\/wp\/v2\/posts\/2353\/revisions"}],"predecessor-version":[{"id":2354,"href":"https:\/\/hotnewsinworld.com\/hu\/wp-json\/wp\/v2\/posts\/2353\/revisions\/2354"}],"wp:featuredmedia":[{"embeddable":true,"href":"https:\/\/hotnewsinworld.com\/hu\/wp-json\/wp\/v2\/media\/199"}],"wp:attachment":[{"href":"https:\/\/hotnewsinworld.com\/hu\/wp-json\/wp\/v2\/media?parent=2353"}],"wp:term":[{"taxonomy":"category","embeddable":true,"href":"https:\/\/hotnewsinworld.com\/hu\/wp-json\/wp\/v2\/categories?post=2353"},{"taxonomy":"post_tag","embeddable":true,"href":"https:\/\/hotnewsinworld.com\/hu\/wp-json\/wp\/v2\/tags?post=2353"}],"curies":[{"name":"wp","href":"https:\/\/api.w.org\/{rel}","templated":true}]}}