{"id":2358,"date":"2019-09-20T23:16:28","date_gmt":"2019-09-20T20:16:28","guid":{"rendered":"https:\/\/hotnewsinworld.com\/hu\/parkolooranak-oltozott-kormanyparti-aktivistakat-kuldtek-karacsony-es-dobrev-sajtotajekoztatojara\/"},"modified":"2019-09-20T23:16:30","modified_gmt":"2019-09-20T20:16:30","slug":"parkolooranak-oltozott-kormanyparti-aktivistakat-kuldtek-karacsony-es-dobrev-sajtotajekoztatojara","status":"publish","type":"post","link":"https:\/\/hotnewsinworld.com\/hu\/parkolooranak-oltozott-kormanyparti-aktivistakat-kuldtek-karacsony-es-dobrev-sajtotajekoztatojara\/","title":{"rendered":"Parkol\u00f3\u00f3r\u00e1nak \u00f6lt\u00f6z\u00f6tt korm\u00e1nyp\u00e1rti aktivist\u00e1kat k\u00fcldtek Kar\u00e1csony \u00e9s Dobrev sajt\u00f3t\u00e1j\u00e9koztat\u00f3j\u00e1ra"},"content":{"rendered":"<p>Fot\u00f3: M\u00e1th\u00e9 Zolt\u00e1n\/MTI\/MTVAA fenti k\u00e9pen azt l\u00e1thatjuk, ahogy egy parkol\u00f3automat\u00e1nak \u00f6lt\u00f6z\u00f6tt ember bep\u00f3zol az MTI fot\u00f3s\u00e1nak, amikor Dobrev Kl\u00e1ra elhajt mellette.<\/p>\n<p>A sz\u00fcrre\u00e1lis jelenet sz\u00e9p illusztr\u00e1ci\u00f3ja annak az emberk\u00eds\u00e9rletnek, amelyet a korm\u00e1nyp\u00e1rtok folytatnak a v\u00e1laszt\u00f3kon h\u00f3napok \u00f3ta. Ez abb\u00f3l \u00e1ll, hogy fogj\u00e1k a 444 \u00e1ltal felt\u00e1rt, hatalmas felh\u00e1borod\u00e1st kiv\u00e1lt\u00f3 parkol\u00e1si mutyit, amelyet \u00e9vtizedek \u00f3ta bonyol\u00edt k\u00f6z\u00f6sen a Fidesz \u00e9s az MSZP, \u00e9s az eg\u00e9szet igyekeznek r\u00e1tolni Kar\u00e1csony Gergelyre, h\u00e1tha el\u00e9g elmondani ezerszer, \u00e9s akkor elhiszik.\u00a0Merthogy a zugl\u00f3i polg\u00e1rmester\u00a0val\u00f3ban tart\u00f3zkodott, amikor a Fidesz \u00e9s az MSZP egy s\u00f6t\u00e9t parkol\u00e1si c\u00e9gbirodalmat b\u00edzott meg a zugl\u00f3i parkol\u00e1si \u00fcgyekkel, vagyis, Herczeg M\u00e1rk tal\u00e1l\u00f3 megfogalmaz\u00e1s\u00e1ban:\u201eA Fidesz azzal t\u00e1madja az ellenfel\u00e9t, hogy nem akad\u00e1lyozta meg a korm\u00e1nyp\u00e1rt saj\u00e1t s\u00f6t\u00e9t \u00fczlet\u00e9t\u201d.E kamp\u00e1ny r\u00e9szek\u00e9nt jelentek meg ismeretlen, eltakart arc\u00fa aktivist\u00e1k Kar\u00e1csony Gergely \u00e9s Dobrev Kl\u00e1ra sajt\u00f3t\u00e1j\u00e9koztat\u00f3j\u00e1n, rajtuk az ellenz\u00e9ki p\u00e1rtok f\u0151polg\u00e1rmester-jel\u00f6ltj\u00e9re kital\u00e1lt, naponta sz\u00e1zszor elism\u00e9telt\u00a0\u201ealkalmatlan\u201d c\u00edmk\u00e9vel.Fot\u00f3: M\u00e1th\u00e9 Zolt\u00e1n\/MTI\/MTVAFot\u00f3: M\u00e1th\u00e9 Zolt\u00e1n\/MTI\/MTVAA sajt\u00f3t\u00e1j\u00e9koztat\u00f3 am\u00fagy nemigen \u00e9rte volna el \u00fcgyeletesi ingerk\u00fcsz\u00f6b\u00f6met, de ennek az akci\u00f3nak k\u00f6sz\u00f6nhet\u0151en megtudtam \u00e9s \u00edgy meg is oszthatom, hogy a M\u00e9rce tud\u00f3s\u00edt\u00e1sa szerint\u00a0Kar\u00e1csony \u00e9s Dobrev egy\u00e9bk\u00e9nt arr\u00f3l besz\u00e9ltek, hogy az EU-s forr\u00e1sokb\u00f3l a ker\u00fcletek k\u00f6zvetlen\u00fcl is kaphatnak fejleszt\u00e9sekre sz\u00e1nt p\u00e9nzt, ahogy az Zugl\u00f3ban, a Gizella \u00faton m\u00e1r a megval\u00f3sul\u00e1si folyamatban van, co-housing lakhat\u00e1si projekt form\u00e1j\u00e1ban.Aki szeretn\u00e9 a maga krimiszer\u0171 izgalmaival egy\u00fctt r\u00e9szletesen megismerni a parkol\u00e1si maffia m\u0171k\u00f6d\u00e9s\u00e9t, annak tov\u00e1bbra is \u00c1cs D\u00e1niel filmj\u00e9t tudom aj\u00e1nlani:<\/p>\n<p>            Kapcsol\u00f3d\u00f3<\/p>\n<p>\n<!--noindex--><br \/>\n<a href=\"https:\/\/hirek.oldal.info\/rssclick\/14414450\" rel=\"nofollow\">Source link <\/a><br \/>\n<!--\/noindex--><\/p>\n","protected":false},"excerpt":{"rendered":"<p>Fot\u00f3: M\u00e1th\u00e9 Zolt\u00e1n\/MTI\/MTVAA fenti k\u00e9pen azt l\u00e1thatjuk, ahogy egy parkol\u00f3automat\u00e1nak \u00f6lt\u00f6z\u00f6tt ember bep\u00f3zol az MTI fot\u00f3s\u00e1nak, amikor Dobrev Kl\u00e1ra elhajt mellette. A sz\u00fcrre\u00e1lis jelenet sz\u00e9p illusztr\u00e1ci\u00f3ja annak az emberk\u00eds\u00e9rletnek, amelyet a korm\u00e1nyp\u00e1rtok folytatnak a v\u00e1laszt\u00f3kon h\u00f3napok \u00f3ta. Ez abb\u00f3l \u00e1ll, hogy fogj\u00e1k a 444 \u00e1ltal felt\u00e1rt, hatalmas felh\u00e1borod\u00e1st kiv\u00e1lt\u00f3 parkol\u00e1si mutyit, amelyet \u00e9vtizedek \u00f3ta bonyol\u00edt [&hellip;]<\/p>\n","protected":false},"author":2,"featured_media":2359,"comment_status":"open","ping_status":"open","sticky":false,"template":"","format":"standard","meta":{"footnotes":""},"categories":[1],"tags":[],"class_list":["post-2358","post","type-post","status-publish","format-standard","has-post-thumbnail","hentry","category-legujabb-penzugyi-hirek"],"yoast_head":"<!-- This site is optimized with the Yoast SEO plugin v27.4 - https:\/\/yoast.com\/product\/yoast-seo-wordpress\/ -->\n<title>Parkol\u00f3\u00f3r\u00e1nak \u00f6lt\u00f6z\u00f6tt korm\u00e1nyp\u00e1rti aktivist\u00e1kat k\u00fcldtek Kar\u00e1csony \u00e9s Dobrev sajt\u00f3t\u00e1j\u00e9koztat\u00f3j\u00e1ra - Hot News in World<\/title>\n<meta name=\"robots\" content=\"index, follow, max-snippet:-1, max-image-preview:large, max-video-preview:-1\" \/>\n<link rel=\"canonical\" href=\"https:\/\/hotnewsinworld.com\/hu\/parkolooranak-oltozott-kormanyparti-aktivistakat-kuldtek-karacsony-es-dobrev-sajtotajekoztatojara\/\" \/>\n<meta property=\"og:locale\" content=\"hu_HU\" \/>\n<meta property=\"og:type\" content=\"article\" \/>\n<meta property=\"og:title\" content=\"Parkol\u00f3\u00f3r\u00e1nak \u00f6lt\u00f6z\u00f6tt korm\u00e1nyp\u00e1rti aktivist\u00e1kat k\u00fcldtek Kar\u00e1csony \u00e9s Dobrev sajt\u00f3t\u00e1j\u00e9koztat\u00f3j\u00e1ra - Hot News in World\" \/>\n<meta property=\"og:description\" content=\"Fot\u00f3: M\u00e1th\u00e9 Zolt\u00e1n\/MTI\/MTVAA fenti k\u00e9pen azt l\u00e1thatjuk, ahogy egy parkol\u00f3automat\u00e1nak \u00f6lt\u00f6z\u00f6tt ember bep\u00f3zol az MTI fot\u00f3s\u00e1nak, amikor Dobrev Kl\u00e1ra elhajt mellette. A sz\u00fcrre\u00e1lis jelenet sz\u00e9p illusztr\u00e1ci\u00f3ja annak az emberk\u00eds\u00e9rletnek, amelyet a korm\u00e1nyp\u00e1rtok folytatnak a v\u00e1laszt\u00f3kon h\u00f3napok \u00f3ta. Ez abb\u00f3l \u00e1ll, hogy fogj\u00e1k a 444 \u00e1ltal felt\u00e1rt, hatalmas felh\u00e1borod\u00e1st kiv\u00e1lt\u00f3 parkol\u00e1si mutyit, amelyet \u00e9vtizedek \u00f3ta bonyol\u00edt [&hellip;]\" \/>\n<meta property=\"og:url\" content=\"https:\/\/hotnewsinworld.com\/hu\/parkolooranak-oltozott-kormanyparti-aktivistakat-kuldtek-karacsony-es-dobrev-sajtotajekoztatojara\/\" \/>\n<meta property=\"og:site_name\" content=\"Hot News in World\" \/>\n<meta property=\"article:published_time\" content=\"2019-09-20T20:16:28+00:00\" \/>\n<meta property=\"article:modified_time\" content=\"2019-09-20T20:16:30+00:00\" \/>\n<meta property=\"og:image\" content=\"https:\/\/hotnewsinworld.com\/hu\/wp-content\/uploads\/sites\/3\/2019\/09\/Parkol\u00f3\u00f3r\u00e1nak-\u00f6lt\u00f6z\u00f6tt-korm\u00e1nyp\u00e1rti-aktivist\u00e1kat-k\u00fcldtek-Kar\u00e1csony-\u00e9s-Dobrev-sajt\u00f3t\u00e1j\u00e9koztat\u00f3j\u00e1ra.jpeg\" \/>\n\t<meta property=\"og:image:width\" content=\"1160\" \/>\n\t<meta property=\"og:image:height\" content=\"771\" \/>\n\t<meta property=\"og:image:type\" content=\"image\/jpeg\" \/>\n<meta name=\"author\" content=\"hotnewsinworld\" \/>\n<meta name=\"twitter:card\" content=\"summary_large_image\" \/>\n<meta name=\"twitter:label1\" content=\"Szerz\u0151:\" \/>\n\t<meta name=\"twitter:data1\" content=\"hotnewsinworld\" \/>\n\t<meta name=\"twitter:label2\" content=\"Becs\u00fclt olvas\u00e1si id\u0151\" \/>\n\t<meta name=\"twitter:data2\" content=\"2 perc\" \/>\n<script type=\"application\/ld+json\" class=\"yoast-schema-graph\">{\"@context\":\"https:\\\/\\\/schema.org\",\"@graph\":[{\"@type\":\"Article\",\"@id\":\"https:\\\/\\\/hotnewsinworld.com\\\/hu\\\/parkolooranak-oltozott-kormanyparti-aktivistakat-kuldtek-karacsony-es-dobrev-sajtotajekoztatojara\\\/#article\",\"isPartOf\":{\"@id\":\"https:\\\/\\\/hotnewsinworld.com\\\/hu\\\/parkolooranak-oltozott-kormanyparti-aktivistakat-kuldtek-karacsony-es-dobrev-sajtotajekoztatojara\\\/\"},\"author\":{\"name\":\"hotnewsinworld\",\"@id\":\"https:\\\/\\\/hotnewsinworld.com\\\/hu\\\/#\\\/schema\\\/person\\\/fe61448b21c0d59086e75fcc1f9d8f6b\"},\"headline\":\"Parkol\u00f3\u00f3r\u00e1nak \u00f6lt\u00f6z\u00f6tt korm\u00e1nyp\u00e1rti aktivist\u00e1kat k\u00fcldtek Kar\u00e1csony \u00e9s Dobrev sajt\u00f3t\u00e1j\u00e9koztat\u00f3j\u00e1ra\",\"datePublished\":\"2019-09-20T20:16:28+00:00\",\"dateModified\":\"2019-09-20T20:16:30+00:00\",\"mainEntityOfPage\":{\"@id\":\"https:\\\/\\\/hotnewsinworld.com\\\/hu\\\/parkolooranak-oltozott-kormanyparti-aktivistakat-kuldtek-karacsony-es-dobrev-sajtotajekoztatojara\\\/\"},\"wordCount\":393,\"commentCount\":0,\"image\":{\"@id\":\"https:\\\/\\\/hotnewsinworld.com\\\/hu\\\/parkolooranak-oltozott-kormanyparti-aktivistakat-kuldtek-karacsony-es-dobrev-sajtotajekoztatojara\\\/#primaryimage\"},\"thumbnailUrl\":\"https:\\\/\\\/hotnewsinworld.com\\\/hu\\\/wp-content\\\/uploads\\\/sites\\\/3\\\/2019\\\/09\\\/Parkol\u00f3\u00f3r\u00e1nak-\u00f6lt\u00f6z\u00f6tt-korm\u00e1nyp\u00e1rti-aktivist\u00e1kat-k\u00fcldtek-Kar\u00e1csony-\u00e9s-Dobrev-sajt\u00f3t\u00e1j\u00e9koztat\u00f3j\u00e1ra.jpeg\",\"articleSection\":[\"LEG\u00daJABB P\u00c9NZ\u00dcGYI H\u00cdREK\"],\"inLanguage\":\"hu\",\"potentialAction\":[{\"@type\":\"CommentAction\",\"name\":\"Comment\",\"target\":[\"https:\\\/\\\/hotnewsinworld.com\\\/hu\\\/parkolooranak-oltozott-kormanyparti-aktivistakat-kuldtek-karacsony-es-dobrev-sajtotajekoztatojara\\\/#respond\"]}]},{\"@type\":\"WebPage\",\"@id\":\"https:\\\/\\\/hotnewsinworld.com\\\/hu\\\/parkolooranak-oltozott-kormanyparti-aktivistakat-kuldtek-karacsony-es-dobrev-sajtotajekoztatojara\\\/\",\"url\":\"https:\\\/\\\/hotnewsinworld.com\\\/hu\\\/parkolooranak-oltozott-kormanyparti-aktivistakat-kuldtek-karacsony-es-dobrev-sajtotajekoztatojara\\\/\",\"name\":\"Parkol\u00f3\u00f3r\u00e1nak \u00f6lt\u00f6z\u00f6tt korm\u00e1nyp\u00e1rti aktivist\u00e1kat k\u00fcldtek Kar\u00e1csony \u00e9s Dobrev sajt\u00f3t\u00e1j\u00e9koztat\u00f3j\u00e1ra - Hot News in World\",\"isPartOf\":{\"@id\":\"https:\\\/\\\/hotnewsinworld.com\\\/hu\\\/#website\"},\"primaryImageOfPage\":{\"@id\":\"https:\\\/\\\/hotnewsinworld.com\\\/hu\\\/parkolooranak-oltozott-kormanyparti-aktivistakat-kuldtek-karacsony-es-dobrev-sajtotajekoztatojara\\\/#primaryimage\"},\"image\":{\"@id\":\"https:\\\/\\\/hotnewsinworld.com\\\/hu\\\/parkolooranak-oltozott-kormanyparti-aktivistakat-kuldtek-karacsony-es-dobrev-sajtotajekoztatojara\\\/#primaryimage\"},\"thumbnailUrl\":\"https:\\\/\\\/hotnewsinworld.com\\\/hu\\\/wp-content\\\/uploads\\\/sites\\\/3\\\/2019\\\/09\\\/Parkol\u00f3\u00f3r\u00e1nak-\u00f6lt\u00f6z\u00f6tt-korm\u00e1nyp\u00e1rti-aktivist\u00e1kat-k\u00fcldtek-Kar\u00e1csony-\u00e9s-Dobrev-sajt\u00f3t\u00e1j\u00e9koztat\u00f3j\u00e1ra.jpeg\",\"datePublished\":\"2019-09-20T20:16:28+00:00\",\"dateModified\":\"2019-09-20T20:16:30+00:00\",\"author\":{\"@id\":\"https:\\\/\\\/hotnewsinworld.com\\\/hu\\\/#\\\/schema\\\/person\\\/fe61448b21c0d59086e75fcc1f9d8f6b\"},\"breadcrumb\":{\"@id\":\"https:\\\/\\\/hotnewsinworld.com\\\/hu\\\/parkolooranak-oltozott-kormanyparti-aktivistakat-kuldtek-karacsony-es-dobrev-sajtotajekoztatojara\\\/#breadcrumb\"},\"inLanguage\":\"hu\",\"potentialAction\":[{\"@type\":\"ReadAction\",\"target\":[\"https:\\\/\\\/hotnewsinworld.com\\\/hu\\\/parkolooranak-oltozott-kormanyparti-aktivistakat-kuldtek-karacsony-es-dobrev-sajtotajekoztatojara\\\/\"]}]},{\"@type\":\"ImageObject\",\"inLanguage\":\"hu\",\"@id\":\"https:\\\/\\\/hotnewsinworld.com\\\/hu\\\/parkolooranak-oltozott-kormanyparti-aktivistakat-kuldtek-karacsony-es-dobrev-sajtotajekoztatojara\\\/#primaryimage\",\"url\":\"https:\\\/\\\/hotnewsinworld.com\\\/hu\\\/wp-content\\\/uploads\\\/sites\\\/3\\\/2019\\\/09\\\/Parkol\u00f3\u00f3r\u00e1nak-\u00f6lt\u00f6z\u00f6tt-korm\u00e1nyp\u00e1rti-aktivist\u00e1kat-k\u00fcldtek-Kar\u00e1csony-\u00e9s-Dobrev-sajt\u00f3t\u00e1j\u00e9koztat\u00f3j\u00e1ra.jpeg\",\"contentUrl\":\"https:\\\/\\\/hotnewsinworld.com\\\/hu\\\/wp-content\\\/uploads\\\/sites\\\/3\\\/2019\\\/09\\\/Parkol\u00f3\u00f3r\u00e1nak-\u00f6lt\u00f6z\u00f6tt-korm\u00e1nyp\u00e1rti-aktivist\u00e1kat-k\u00fcldtek-Kar\u00e1csony-\u00e9s-Dobrev-sajt\u00f3t\u00e1j\u00e9koztat\u00f3j\u00e1ra.jpeg\",\"width\":1160,\"height\":771,\"caption\":\"Parkol\u00f3\u00f3r\u00e1nak \u00f6lt\u00f6z\u00f6tt korm\u00e1nyp\u00e1rti aktivist\u00e1kat k\u00fcldtek Kar\u00e1csony \u00e9s Dobrev sajt\u00f3t\u00e1j\u00e9koztat\u00f3j\u00e1ra\"},{\"@type\":\"BreadcrumbList\",\"@id\":\"https:\\\/\\\/hotnewsinworld.com\\\/hu\\\/parkolooranak-oltozott-kormanyparti-aktivistakat-kuldtek-karacsony-es-dobrev-sajtotajekoztatojara\\\/#breadcrumb\",\"itemListElement\":[{\"@type\":\"ListItem\",\"position\":1,\"name\":\"\u0413\u043b\u0430\u0432\u043d\u0430\u044f \u0441\u0442\u0440\u0430\u043d\u0438\u0446\u0430\",\"item\":\"https:\\\/\\\/hotnewsinworld.com\\\/hu\\\/\"},{\"@type\":\"ListItem\",\"position\":2,\"name\":\"Parkol\u00f3\u00f3r\u00e1nak \u00f6lt\u00f6z\u00f6tt korm\u00e1nyp\u00e1rti aktivist\u00e1kat k\u00fcldtek Kar\u00e1csony \u00e9s Dobrev sajt\u00f3t\u00e1j\u00e9koztat\u00f3j\u00e1ra\"}]},{\"@type\":\"WebSite\",\"@id\":\"https:\\\/\\\/hotnewsinworld.com\\\/hu\\\/#website\",\"url\":\"https:\\\/\\\/hotnewsinworld.com\\\/hu\\\/\",\"name\":\"Hot News in World\",\"description\":\"Hot News in World from Hungary\",\"potentialAction\":[{\"@type\":\"SearchAction\",\"target\":{\"@type\":\"EntryPoint\",\"urlTemplate\":\"https:\\\/\\\/hotnewsinworld.com\\\/hu\\\/?s={search_term_string}\"},\"query-input\":{\"@type\":\"PropertyValueSpecification\",\"valueRequired\":true,\"valueName\":\"search_term_string\"}}],\"inLanguage\":\"hu\"},{\"@type\":\"Person\",\"@id\":\"https:\\\/\\\/hotnewsinworld.com\\\/hu\\\/#\\\/schema\\\/person\\\/fe61448b21c0d59086e75fcc1f9d8f6b\",\"name\":\"hotnewsinworld\",\"image\":{\"@type\":\"ImageObject\",\"inLanguage\":\"hu\",\"@id\":\"https:\\\/\\\/secure.gravatar.com\\\/avatar\\\/8a09ac165600ce2e1c38fe593c63928eb1e6e7ba5c5a907d67787c41b3d00c14?s=96&d=mm&r=g\",\"url\":\"https:\\\/\\\/secure.gravatar.com\\\/avatar\\\/8a09ac165600ce2e1c38fe593c63928eb1e6e7ba5c5a907d67787c41b3d00c14?s=96&d=mm&r=g\",\"contentUrl\":\"https:\\\/\\\/secure.gravatar.com\\\/avatar\\\/8a09ac165600ce2e1c38fe593c63928eb1e6e7ba5c5a907d67787c41b3d00c14?s=96&d=mm&r=g\",\"caption\":\"hotnewsinworld\"},\"url\":\"https:\\\/\\\/hotnewsinworld.com\\\/hu\\\/author\\\/pt\\\/\"}]}<\/script>\n<!-- \/ Yoast SEO plugin. -->","yoast_head_json":{"title":"Parkol\u00f3\u00f3r\u00e1nak \u00f6lt\u00f6z\u00f6tt korm\u00e1nyp\u00e1rti aktivist\u00e1kat k\u00fcldtek Kar\u00e1csony \u00e9s Dobrev sajt\u00f3t\u00e1j\u00e9koztat\u00f3j\u00e1ra - Hot News in World","robots":{"index":"index","follow":"follow","max-snippet":"max-snippet:-1","max-image-preview":"max-image-preview:large","max-video-preview":"max-video-preview:-1"},"canonical":"https:\/\/hotnewsinworld.com\/hu\/parkolooranak-oltozott-kormanyparti-aktivistakat-kuldtek-karacsony-es-dobrev-sajtotajekoztatojara\/","og_locale":"hu_HU","og_type":"article","og_title":"Parkol\u00f3\u00f3r\u00e1nak \u00f6lt\u00f6z\u00f6tt korm\u00e1nyp\u00e1rti aktivist\u00e1kat k\u00fcldtek Kar\u00e1csony \u00e9s Dobrev sajt\u00f3t\u00e1j\u00e9koztat\u00f3j\u00e1ra - Hot News in World","og_description":"Fot\u00f3: M\u00e1th\u00e9 Zolt\u00e1n\/MTI\/MTVAA fenti k\u00e9pen azt l\u00e1thatjuk, ahogy egy parkol\u00f3automat\u00e1nak \u00f6lt\u00f6z\u00f6tt ember bep\u00f3zol az MTI fot\u00f3s\u00e1nak, amikor Dobrev Kl\u00e1ra elhajt mellette. A sz\u00fcrre\u00e1lis jelenet sz\u00e9p illusztr\u00e1ci\u00f3ja annak az emberk\u00eds\u00e9rletnek, amelyet a korm\u00e1nyp\u00e1rtok folytatnak a v\u00e1laszt\u00f3kon h\u00f3napok \u00f3ta. Ez abb\u00f3l \u00e1ll, hogy fogj\u00e1k a 444 \u00e1ltal felt\u00e1rt, hatalmas felh\u00e1borod\u00e1st kiv\u00e1lt\u00f3 parkol\u00e1si mutyit, amelyet \u00e9vtizedek \u00f3ta bonyol\u00edt [&hellip;]","og_url":"https:\/\/hotnewsinworld.com\/hu\/parkolooranak-oltozott-kormanyparti-aktivistakat-kuldtek-karacsony-es-dobrev-sajtotajekoztatojara\/","og_site_name":"Hot News in World","article_published_time":"2019-09-20T20:16:28+00:00","article_modified_time":"2019-09-20T20:16:30+00:00","og_image":[{"width":1160,"height":771,"url":"https:\/\/hotnewsinworld.com\/hu\/wp-content\/uploads\/sites\/3\/2019\/09\/Parkol\u00f3\u00f3r\u00e1nak-\u00f6lt\u00f6z\u00f6tt-korm\u00e1nyp\u00e1rti-aktivist\u00e1kat-k\u00fcldtek-Kar\u00e1csony-\u00e9s-Dobrev-sajt\u00f3t\u00e1j\u00e9koztat\u00f3j\u00e1ra.jpeg","type":"image\/jpeg"}],"author":"hotnewsinworld","twitter_card":"summary_large_image","twitter_misc":{"Szerz\u0151:":"hotnewsinworld","Becs\u00fclt olvas\u00e1si id\u0151":"2 perc"},"schema":{"@context":"https:\/\/schema.org","@graph":[{"@type":"Article","@id":"https:\/\/hotnewsinworld.com\/hu\/parkolooranak-oltozott-kormanyparti-aktivistakat-kuldtek-karacsony-es-dobrev-sajtotajekoztatojara\/#article","isPartOf":{"@id":"https:\/\/hotnewsinworld.com\/hu\/parkolooranak-oltozott-kormanyparti-aktivistakat-kuldtek-karacsony-es-dobrev-sajtotajekoztatojara\/"},"author":{"name":"hotnewsinworld","@id":"https:\/\/hotnewsinworld.com\/hu\/#\/schema\/person\/fe61448b21c0d59086e75fcc1f9d8f6b"},"headline":"Parkol\u00f3\u00f3r\u00e1nak \u00f6lt\u00f6z\u00f6tt korm\u00e1nyp\u00e1rti aktivist\u00e1kat k\u00fcldtek Kar\u00e1csony \u00e9s Dobrev sajt\u00f3t\u00e1j\u00e9koztat\u00f3j\u00e1ra","datePublished":"2019-09-20T20:16:28+00:00","dateModified":"2019-09-20T20:16:30+00:00","mainEntityOfPage":{"@id":"https:\/\/hotnewsinworld.com\/hu\/parkolooranak-oltozott-kormanyparti-aktivistakat-kuldtek-karacsony-es-dobrev-sajtotajekoztatojara\/"},"wordCount":393,"commentCount":0,"image":{"@id":"https:\/\/hotnewsinworld.com\/hu\/parkolooranak-oltozott-kormanyparti-aktivistakat-kuldtek-karacsony-es-dobrev-sajtotajekoztatojara\/#primaryimage"},"thumbnailUrl":"https:\/\/hotnewsinworld.com\/hu\/wp-content\/uploads\/sites\/3\/2019\/09\/Parkol\u00f3\u00f3r\u00e1nak-\u00f6lt\u00f6z\u00f6tt-korm\u00e1nyp\u00e1rti-aktivist\u00e1kat-k\u00fcldtek-Kar\u00e1csony-\u00e9s-Dobrev-sajt\u00f3t\u00e1j\u00e9koztat\u00f3j\u00e1ra.jpeg","articleSection":["LEG\u00daJABB P\u00c9NZ\u00dcGYI H\u00cdREK"],"inLanguage":"hu","potentialAction":[{"@type":"CommentAction","name":"Comment","target":["https:\/\/hotnewsinworld.com\/hu\/parkolooranak-oltozott-kormanyparti-aktivistakat-kuldtek-karacsony-es-dobrev-sajtotajekoztatojara\/#respond"]}]},{"@type":"WebPage","@id":"https:\/\/hotnewsinworld.com\/hu\/parkolooranak-oltozott-kormanyparti-aktivistakat-kuldtek-karacsony-es-dobrev-sajtotajekoztatojara\/","url":"https:\/\/hotnewsinworld.com\/hu\/parkolooranak-oltozott-kormanyparti-aktivistakat-kuldtek-karacsony-es-dobrev-sajtotajekoztatojara\/","name":"Parkol\u00f3\u00f3r\u00e1nak \u00f6lt\u00f6z\u00f6tt korm\u00e1nyp\u00e1rti aktivist\u00e1kat k\u00fcldtek Kar\u00e1csony \u00e9s Dobrev sajt\u00f3t\u00e1j\u00e9koztat\u00f3j\u00e1ra - Hot News in World","isPartOf":{"@id":"https:\/\/hotnewsinworld.com\/hu\/#website"},"primaryImageOfPage":{"@id":"https:\/\/hotnewsinworld.com\/hu\/parkolooranak-oltozott-kormanyparti-aktivistakat-kuldtek-karacsony-es-dobrev-sajtotajekoztatojara\/#primaryimage"},"image":{"@id":"https:\/\/hotnewsinworld.com\/hu\/parkolooranak-oltozott-kormanyparti-aktivistakat-kuldtek-karacsony-es-dobrev-sajtotajekoztatojara\/#primaryimage"},"thumbnailUrl":"https:\/\/hotnewsinworld.com\/hu\/wp-content\/uploads\/sites\/3\/2019\/09\/Parkol\u00f3\u00f3r\u00e1nak-\u00f6lt\u00f6z\u00f6tt-korm\u00e1nyp\u00e1rti-aktivist\u00e1kat-k\u00fcldtek-Kar\u00e1csony-\u00e9s-Dobrev-sajt\u00f3t\u00e1j\u00e9koztat\u00f3j\u00e1ra.jpeg","datePublished":"2019-09-20T20:16:28+00:00","dateModified":"2019-09-20T20:16:30+00:00","author":{"@id":"https:\/\/hotnewsinworld.com\/hu\/#\/schema\/person\/fe61448b21c0d59086e75fcc1f9d8f6b"},"breadcrumb":{"@id":"https:\/\/hotnewsinworld.com\/hu\/parkolooranak-oltozott-kormanyparti-aktivistakat-kuldtek-karacsony-es-dobrev-sajtotajekoztatojara\/#breadcrumb"},"inLanguage":"hu","potentialAction":[{"@type":"ReadAction","target":["https:\/\/hotnewsinworld.com\/hu\/parkolooranak-oltozott-kormanyparti-aktivistakat-kuldtek-karacsony-es-dobrev-sajtotajekoztatojara\/"]}]},{"@type":"ImageObject","inLanguage":"hu","@id":"https:\/\/hotnewsinworld.com\/hu\/parkolooranak-oltozott-kormanyparti-aktivistakat-kuldtek-karacsony-es-dobrev-sajtotajekoztatojara\/#primaryimage","url":"https:\/\/hotnewsinworld.com\/hu\/wp-content\/uploads\/sites\/3\/2019\/09\/Parkol\u00f3\u00f3r\u00e1nak-\u00f6lt\u00f6z\u00f6tt-korm\u00e1nyp\u00e1rti-aktivist\u00e1kat-k\u00fcldtek-Kar\u00e1csony-\u00e9s-Dobrev-sajt\u00f3t\u00e1j\u00e9koztat\u00f3j\u00e1ra.jpeg","contentUrl":"https:\/\/hotnewsinworld.com\/hu\/wp-content\/uploads\/sites\/3\/2019\/09\/Parkol\u00f3\u00f3r\u00e1nak-\u00f6lt\u00f6z\u00f6tt-korm\u00e1nyp\u00e1rti-aktivist\u00e1kat-k\u00fcldtek-Kar\u00e1csony-\u00e9s-Dobrev-sajt\u00f3t\u00e1j\u00e9koztat\u00f3j\u00e1ra.jpeg","width":1160,"height":771,"caption":"Parkol\u00f3\u00f3r\u00e1nak \u00f6lt\u00f6z\u00f6tt korm\u00e1nyp\u00e1rti aktivist\u00e1kat k\u00fcldtek Kar\u00e1csony \u00e9s Dobrev sajt\u00f3t\u00e1j\u00e9koztat\u00f3j\u00e1ra"},{"@type":"BreadcrumbList","@id":"https:\/\/hotnewsinworld.com\/hu\/parkolooranak-oltozott-kormanyparti-aktivistakat-kuldtek-karacsony-es-dobrev-sajtotajekoztatojara\/#breadcrumb","itemListElement":[{"@type":"ListItem","position":1,"name":"\u0413\u043b\u0430\u0432\u043d\u0430\u044f \u0441\u0442\u0440\u0430\u043d\u0438\u0446\u0430","item":"https:\/\/hotnewsinworld.com\/hu\/"},{"@type":"ListItem","position":2,"name":"Parkol\u00f3\u00f3r\u00e1nak \u00f6lt\u00f6z\u00f6tt korm\u00e1nyp\u00e1rti aktivist\u00e1kat k\u00fcldtek Kar\u00e1csony \u00e9s Dobrev sajt\u00f3t\u00e1j\u00e9koztat\u00f3j\u00e1ra"}]},{"@type":"WebSite","@id":"https:\/\/hotnewsinworld.com\/hu\/#website","url":"https:\/\/hotnewsinworld.com\/hu\/","name":"Hot News in World","description":"Hot News in World from Hungary","potentialAction":[{"@type":"SearchAction","target":{"@type":"EntryPoint","urlTemplate":"https:\/\/hotnewsinworld.com\/hu\/?s={search_term_string}"},"query-input":{"@type":"PropertyValueSpecification","valueRequired":true,"valueName":"search_term_string"}}],"inLanguage":"hu"},{"@type":"Person","@id":"https:\/\/hotnewsinworld.com\/hu\/#\/schema\/person\/fe61448b21c0d59086e75fcc1f9d8f6b","name":"hotnewsinworld","image":{"@type":"ImageObject","inLanguage":"hu","@id":"https:\/\/secure.gravatar.com\/avatar\/8a09ac165600ce2e1c38fe593c63928eb1e6e7ba5c5a907d67787c41b3d00c14?s=96&d=mm&r=g","url":"https:\/\/secure.gravatar.com\/avatar\/8a09ac165600ce2e1c38fe593c63928eb1e6e7ba5c5a907d67787c41b3d00c14?s=96&d=mm&r=g","contentUrl":"https:\/\/secure.gravatar.com\/avatar\/8a09ac165600ce2e1c38fe593c63928eb1e6e7ba5c5a907d67787c41b3d00c14?s=96&d=mm&r=g","caption":"hotnewsinworld"},"url":"https:\/\/hotnewsinworld.com\/hu\/author\/pt\/"}]}},"_links":{"self":[{"href":"https:\/\/hotnewsinworld.com\/hu\/wp-json\/wp\/v2\/posts\/2358","targetHints":{"allow":["GET"]}}],"collection":[{"href":"https:\/\/hotnewsinworld.com\/hu\/wp-json\/wp\/v2\/posts"}],"about":[{"href":"https:\/\/hotnewsinworld.com\/hu\/wp-json\/wp\/v2\/types\/post"}],"author":[{"embeddable":true,"href":"https:\/\/hotnewsinworld.com\/hu\/wp-json\/wp\/v2\/users\/2"}],"replies":[{"embeddable":true,"href":"https:\/\/hotnewsinworld.com\/hu\/wp-json\/wp\/v2\/comments?post=2358"}],"version-history":[{"count":1,"href":"https:\/\/hotnewsinworld.com\/hu\/wp-json\/wp\/v2\/posts\/2358\/revisions"}],"predecessor-version":[{"id":2360,"href":"https:\/\/hotnewsinworld.com\/hu\/wp-json\/wp\/v2\/posts\/2358\/revisions\/2360"}],"wp:featuredmedia":[{"embeddable":true,"href":"https:\/\/hotnewsinworld.com\/hu\/wp-json\/wp\/v2\/media\/2359"}],"wp:attachment":[{"href":"https:\/\/hotnewsinworld.com\/hu\/wp-json\/wp\/v2\/media?parent=2358"}],"wp:term":[{"taxonomy":"category","embeddable":true,"href":"https:\/\/hotnewsinworld.com\/hu\/wp-json\/wp\/v2\/categories?post=2358"},{"taxonomy":"post_tag","embeddable":true,"href":"https:\/\/hotnewsinworld.com\/hu\/wp-json\/wp\/v2\/tags?post=2358"}],"curies":[{"name":"wp","href":"https:\/\/api.w.org\/{rel}","templated":true}]}}