{"id":2361,"date":"2019-09-21T00:38:28","date_gmt":"2019-09-20T21:38:28","guid":{"rendered":"https:\/\/hotnewsinworld.com\/hu\/bakondi-gyorgy-magyarorszag-maga-dont-migracios-politikajarol\/"},"modified":"2019-09-21T00:38:29","modified_gmt":"2019-09-20T21:38:29","slug":"bakondi-gyorgy-magyarorszag-maga-dont-migracios-politikajarol","status":"publish","type":"post","link":"https:\/\/hotnewsinworld.com\/hu\/bakondi-gyorgy-magyarorszag-maga-dont-migracios-politikajarol\/","title":{"rendered":"Bakondi Gy\u00f6rgy: Magyarorsz\u00e1g maga d\u00f6nt migr\u00e1ci\u00f3s politik\u00e1j\u00e1r\u00f3l"},"content":{"rendered":"<p>\t\t\t\t\tA cikk emailben t\u00f6rt\u00e9n\u0151 elk\u00fcld\u00e9s\u00e9hez kattintson ide, vagy m\u00e1solja le \u00e9s k\u00fcldje el ezt a linket: https:\/\/magyarnemzet.hu\/belfold\/bakondi-gyorgy-magyarorszag-maga-dont-migracios-politikajarol-7325813\/<\/p>\n<p>\t\t\t\t\t2019. szeptember 20. p\u00e9ntek 22:45<\/p>\n<p>\t\t\t\t\t\t\t\tMagyarorsz\u00e1gnak sem Br\u00fcsszelb\u0151l, sem m\u00e1s k\u00f6zpontokb\u00f3l nem mondhatj\u00e1k meg, h\u00e1ny migr\u00e1nst kell befogadnia \u2013 mondta a minisztereln\u00f6k belbiztons\u00e1gi f\u0151tan\u00e1csad\u00f3ja az M1 aktu\u00e1lis csatorn\u00e1n p\u00e9ntek este.\t\t\t\t\t\t\t<\/p>\n<p>\t\t\t\t\tBakondi Gy\u00f6rgy k\u00f6z\u00f6lte: a Frontex legfrissebb adatai szerint id\u00e9n jelent\u0151sen er\u0151s\u00f6d\u00f6tt a migr\u00e1ci\u00f3 T\u00f6r\u00f6korsz\u00e1g fel\u0151l a balk\u00e1ni \u00fatvonalon. Tov\u00e1bb\u00e1 Olaszorsz\u00e1gban baloldali fordulat zajlott le \u00e9s az \u00faj korm\u00e1ny migr\u00e1ci\u00f3s politik\u00e1j\u00e1ban m\u00e1r \u201eeur\u00f3pai szint\u0171 megold\u00e1sr\u00f3l\u201d, \u201eszolidarit\u00e1sr\u00f3l\u201d besz\u00e9l. Ez azt jelenti, hogy megnyitj\u00e1k a kik\u00f6t\u0151ket, befogadj\u00e1k a L\u00edbi\u00e1b\u00f3l, Tun\u00e9zi\u00e1b\u00f3l \u00e9rkez\u0151ket, majd ism\u00e9t be akarj\u00e1k vezetni a k\u00f6telez\u0151 migr\u00e1nskv\u00f3t\u00e1t, amelyik tag\u00e1llam pedig ezt nem fogadja el, az p\u00e9nzb\u00fcntet\u00e9sre sz\u00e1m\u00edthat \u2013 tette hozz\u00e1.<br \/>\nA belbiztons\u00e1gi f\u0151tan\u00e1csad\u00f3 azt mondta, ezek az er\u0151k m\u00e9g az \u00faj Eur\u00f3pai Bizotts\u00e1g megalakul\u00e1sa el\u0151tt nehezen visszaford\u00edthat\u00f3 helyzetet k\u00edv\u00e1nnak teremteni. De a magyar korm\u00e1ny \u00e9s a magyar t\u00e1rsadalom m\u00e1r kinyilv\u00e1n\u00edtotta, mi err\u0151l a hat\u00e1rozott v\u00e9lem\u00e9nye: sz\u00f3 sem lehet arr\u00f3l, hogy valahol egy k\u00f6zpontban d\u00f6nts\u00e9k el, kikkel kell egy\u00fctt \u00e9ln\u00fcnk! \u2013 sz\u00f6gezte le Bakondi Gy\u00f6rgy.<\/p>\n<p>\n<!--noindex--><br \/>\n<a href=\"https:\/\/hirek.oldal.info\/rssclick\/14414491\" rel=\"nofollow\">Source link <\/a><br \/>\n<!--\/noindex--><\/p>\n","protected":false},"excerpt":{"rendered":"<p>A cikk emailben t\u00f6rt\u00e9n\u0151 elk\u00fcld\u00e9s\u00e9hez kattintson ide, vagy m\u00e1solja le \u00e9s k\u00fcldje el ezt a linket: https:\/\/magyarnemzet.hu\/belfold\/bakondi-gyorgy-magyarorszag-maga-dont-migracios-politikajarol-7325813\/ 2019. szeptember 20. p\u00e9ntek 22:45 Magyarorsz\u00e1gnak sem Br\u00fcsszelb\u0151l, sem m\u00e1s k\u00f6zpontokb\u00f3l nem mondhatj\u00e1k meg, h\u00e1ny migr\u00e1nst kell befogadnia \u2013 mondta a minisztereln\u00f6k belbiztons\u00e1gi f\u0151tan\u00e1csad\u00f3ja az M1 aktu\u00e1lis csatorn\u00e1n p\u00e9ntek este. Bakondi Gy\u00f6rgy k\u00f6z\u00f6lte: a Frontex legfrissebb adatai szerint [&hellip;]<\/p>\n","protected":false},"author":2,"featured_media":199,"comment_status":"open","ping_status":"open","sticky":false,"template":"","format":"standard","meta":{"footnotes":""},"categories":[1],"tags":[],"class_list":["post-2361","post","type-post","status-publish","format-standard","has-post-thumbnail","hentry","category-legujabb-penzugyi-hirek"],"yoast_head":"<!-- This site is optimized with the Yoast SEO plugin v27.4 - https:\/\/yoast.com\/product\/yoast-seo-wordpress\/ -->\n<title>Bakondi Gy\u00f6rgy: Magyarorsz\u00e1g maga d\u00f6nt migr\u00e1ci\u00f3s politik\u00e1j\u00e1r\u00f3l - Hot News in World<\/title>\n<meta name=\"robots\" content=\"index, follow, max-snippet:-1, max-image-preview:large, max-video-preview:-1\" \/>\n<link rel=\"canonical\" href=\"https:\/\/hotnewsinworld.com\/hu\/bakondi-gyorgy-magyarorszag-maga-dont-migracios-politikajarol\/\" \/>\n<meta property=\"og:locale\" content=\"hu_HU\" \/>\n<meta property=\"og:type\" content=\"article\" \/>\n<meta property=\"og:title\" content=\"Bakondi Gy\u00f6rgy: Magyarorsz\u00e1g maga d\u00f6nt migr\u00e1ci\u00f3s politik\u00e1j\u00e1r\u00f3l - Hot News in World\" \/>\n<meta property=\"og:description\" content=\"A cikk emailben t\u00f6rt\u00e9n\u0151 elk\u00fcld\u00e9s\u00e9hez kattintson ide, vagy m\u00e1solja le \u00e9s k\u00fcldje el ezt a linket: https:\/\/magyarnemzet.hu\/belfold\/bakondi-gyorgy-magyarorszag-maga-dont-migracios-politikajarol-7325813\/ 2019. szeptember 20. p\u00e9ntek 22:45 Magyarorsz\u00e1gnak sem Br\u00fcsszelb\u0151l, sem m\u00e1s k\u00f6zpontokb\u00f3l nem mondhatj\u00e1k meg, h\u00e1ny migr\u00e1nst kell befogadnia \u2013 mondta a minisztereln\u00f6k belbiztons\u00e1gi f\u0151tan\u00e1csad\u00f3ja az M1 aktu\u00e1lis csatorn\u00e1n p\u00e9ntek este. Bakondi Gy\u00f6rgy k\u00f6z\u00f6lte: a Frontex legfrissebb adatai szerint [&hellip;]\" \/>\n<meta property=\"og:url\" content=\"https:\/\/hotnewsinworld.com\/hu\/bakondi-gyorgy-magyarorszag-maga-dont-migracios-politikajarol\/\" \/>\n<meta property=\"og:site_name\" content=\"Hot News in World\" \/>\n<meta property=\"article:published_time\" content=\"2019-09-20T21:38:28+00:00\" \/>\n<meta property=\"article:modified_time\" content=\"2019-09-20T21:38:29+00:00\" \/>\n<meta property=\"og:image\" content=\"https:\/\/hotnewsinworld.com\/hu\/wp-content\/uploads\/sites\/3\/2019\/06\/Hidv\u00e9ghi-Bal\u00e1zs-A-Fidesz-kezdem\u00e9nyezni-fogja-a-migr\u00e1nsk\u00e1rty\u00e1k-megsz\u00fcntet\u00e9s\u00e9t.png\" \/>\n\t<meta property=\"og:image:width\" content=\"1200\" \/>\n\t<meta property=\"og:image:height\" content=\"630\" \/>\n\t<meta property=\"og:image:type\" content=\"image\/png\" \/>\n<meta name=\"author\" content=\"hotnewsinworld\" \/>\n<meta name=\"twitter:card\" content=\"summary_large_image\" \/>\n<meta name=\"twitter:label1\" content=\"Szerz\u0151:\" \/>\n\t<meta name=\"twitter:data1\" content=\"hotnewsinworld\" \/>\n\t<meta name=\"twitter:label2\" content=\"Becs\u00fclt olvas\u00e1si id\u0151\" \/>\n\t<meta name=\"twitter:data2\" content=\"1 perc\" \/>\n<script type=\"application\/ld+json\" class=\"yoast-schema-graph\">{\"@context\":\"https:\\\/\\\/schema.org\",\"@graph\":[{\"@type\":\"Article\",\"@id\":\"https:\\\/\\\/hotnewsinworld.com\\\/hu\\\/bakondi-gyorgy-magyarorszag-maga-dont-migracios-politikajarol\\\/#article\",\"isPartOf\":{\"@id\":\"https:\\\/\\\/hotnewsinworld.com\\\/hu\\\/bakondi-gyorgy-magyarorszag-maga-dont-migracios-politikajarol\\\/\"},\"author\":{\"name\":\"hotnewsinworld\",\"@id\":\"https:\\\/\\\/hotnewsinworld.com\\\/hu\\\/#\\\/schema\\\/person\\\/fe61448b21c0d59086e75fcc1f9d8f6b\"},\"headline\":\"Bakondi Gy\u00f6rgy: Magyarorsz\u00e1g maga d\u00f6nt migr\u00e1ci\u00f3s politik\u00e1j\u00e1r\u00f3l\",\"datePublished\":\"2019-09-20T21:38:28+00:00\",\"dateModified\":\"2019-09-20T21:38:29+00:00\",\"mainEntityOfPage\":{\"@id\":\"https:\\\/\\\/hotnewsinworld.com\\\/hu\\\/bakondi-gyorgy-magyarorszag-maga-dont-migracios-politikajarol\\\/\"},\"wordCount\":290,\"commentCount\":0,\"image\":{\"@id\":\"https:\\\/\\\/hotnewsinworld.com\\\/hu\\\/bakondi-gyorgy-magyarorszag-maga-dont-migracios-politikajarol\\\/#primaryimage\"},\"thumbnailUrl\":\"https:\\\/\\\/hotnewsinworld.com\\\/hu\\\/wp-content\\\/uploads\\\/sites\\\/3\\\/2019\\\/06\\\/Hidv\u00e9ghi-Bal\u00e1zs-A-Fidesz-kezdem\u00e9nyezni-fogja-a-migr\u00e1nsk\u00e1rty\u00e1k-megsz\u00fcntet\u00e9s\u00e9t.png\",\"articleSection\":[\"LEG\u00daJABB P\u00c9NZ\u00dcGYI H\u00cdREK\"],\"inLanguage\":\"hu\",\"potentialAction\":[{\"@type\":\"CommentAction\",\"name\":\"Comment\",\"target\":[\"https:\\\/\\\/hotnewsinworld.com\\\/hu\\\/bakondi-gyorgy-magyarorszag-maga-dont-migracios-politikajarol\\\/#respond\"]}]},{\"@type\":\"WebPage\",\"@id\":\"https:\\\/\\\/hotnewsinworld.com\\\/hu\\\/bakondi-gyorgy-magyarorszag-maga-dont-migracios-politikajarol\\\/\",\"url\":\"https:\\\/\\\/hotnewsinworld.com\\\/hu\\\/bakondi-gyorgy-magyarorszag-maga-dont-migracios-politikajarol\\\/\",\"name\":\"Bakondi Gy\u00f6rgy: Magyarorsz\u00e1g maga d\u00f6nt migr\u00e1ci\u00f3s politik\u00e1j\u00e1r\u00f3l - Hot News in World\",\"isPartOf\":{\"@id\":\"https:\\\/\\\/hotnewsinworld.com\\\/hu\\\/#website\"},\"primaryImageOfPage\":{\"@id\":\"https:\\\/\\\/hotnewsinworld.com\\\/hu\\\/bakondi-gyorgy-magyarorszag-maga-dont-migracios-politikajarol\\\/#primaryimage\"},\"image\":{\"@id\":\"https:\\\/\\\/hotnewsinworld.com\\\/hu\\\/bakondi-gyorgy-magyarorszag-maga-dont-migracios-politikajarol\\\/#primaryimage\"},\"thumbnailUrl\":\"https:\\\/\\\/hotnewsinworld.com\\\/hu\\\/wp-content\\\/uploads\\\/sites\\\/3\\\/2019\\\/06\\\/Hidv\u00e9ghi-Bal\u00e1zs-A-Fidesz-kezdem\u00e9nyezni-fogja-a-migr\u00e1nsk\u00e1rty\u00e1k-megsz\u00fcntet\u00e9s\u00e9t.png\",\"datePublished\":\"2019-09-20T21:38:28+00:00\",\"dateModified\":\"2019-09-20T21:38:29+00:00\",\"author\":{\"@id\":\"https:\\\/\\\/hotnewsinworld.com\\\/hu\\\/#\\\/schema\\\/person\\\/fe61448b21c0d59086e75fcc1f9d8f6b\"},\"breadcrumb\":{\"@id\":\"https:\\\/\\\/hotnewsinworld.com\\\/hu\\\/bakondi-gyorgy-magyarorszag-maga-dont-migracios-politikajarol\\\/#breadcrumb\"},\"inLanguage\":\"hu\",\"potentialAction\":[{\"@type\":\"ReadAction\",\"target\":[\"https:\\\/\\\/hotnewsinworld.com\\\/hu\\\/bakondi-gyorgy-magyarorszag-maga-dont-migracios-politikajarol\\\/\"]}]},{\"@type\":\"ImageObject\",\"inLanguage\":\"hu\",\"@id\":\"https:\\\/\\\/hotnewsinworld.com\\\/hu\\\/bakondi-gyorgy-magyarorszag-maga-dont-migracios-politikajarol\\\/#primaryimage\",\"url\":\"https:\\\/\\\/hotnewsinworld.com\\\/hu\\\/wp-content\\\/uploads\\\/sites\\\/3\\\/2019\\\/06\\\/Hidv\u00e9ghi-Bal\u00e1zs-A-Fidesz-kezdem\u00e9nyezni-fogja-a-migr\u00e1nsk\u00e1rty\u00e1k-megsz\u00fcntet\u00e9s\u00e9t.png\",\"contentUrl\":\"https:\\\/\\\/hotnewsinworld.com\\\/hu\\\/wp-content\\\/uploads\\\/sites\\\/3\\\/2019\\\/06\\\/Hidv\u00e9ghi-Bal\u00e1zs-A-Fidesz-kezdem\u00e9nyezni-fogja-a-migr\u00e1nsk\u00e1rty\u00e1k-megsz\u00fcntet\u00e9s\u00e9t.png\",\"width\":1200,\"height\":630,\"caption\":\"Hidv\u00e9ghi Bal\u00e1zs: A Fidesz kezdem\u00e9nyezni fogja a migr\u00e1nsk\u00e1rty\u00e1k megsz\u00fcntet\u00e9s\u00e9t\"},{\"@type\":\"BreadcrumbList\",\"@id\":\"https:\\\/\\\/hotnewsinworld.com\\\/hu\\\/bakondi-gyorgy-magyarorszag-maga-dont-migracios-politikajarol\\\/#breadcrumb\",\"itemListElement\":[{\"@type\":\"ListItem\",\"position\":1,\"name\":\"\u0413\u043b\u0430\u0432\u043d\u0430\u044f \u0441\u0442\u0440\u0430\u043d\u0438\u0446\u0430\",\"item\":\"https:\\\/\\\/hotnewsinworld.com\\\/hu\\\/\"},{\"@type\":\"ListItem\",\"position\":2,\"name\":\"Bakondi Gy\u00f6rgy: Magyarorsz\u00e1g maga d\u00f6nt migr\u00e1ci\u00f3s politik\u00e1j\u00e1r\u00f3l\"}]},{\"@type\":\"WebSite\",\"@id\":\"https:\\\/\\\/hotnewsinworld.com\\\/hu\\\/#website\",\"url\":\"https:\\\/\\\/hotnewsinworld.com\\\/hu\\\/\",\"name\":\"Hot News in World\",\"description\":\"Hot News in World from Hungary\",\"potentialAction\":[{\"@type\":\"SearchAction\",\"target\":{\"@type\":\"EntryPoint\",\"urlTemplate\":\"https:\\\/\\\/hotnewsinworld.com\\\/hu\\\/?s={search_term_string}\"},\"query-input\":{\"@type\":\"PropertyValueSpecification\",\"valueRequired\":true,\"valueName\":\"search_term_string\"}}],\"inLanguage\":\"hu\"},{\"@type\":\"Person\",\"@id\":\"https:\\\/\\\/hotnewsinworld.com\\\/hu\\\/#\\\/schema\\\/person\\\/fe61448b21c0d59086e75fcc1f9d8f6b\",\"name\":\"hotnewsinworld\",\"image\":{\"@type\":\"ImageObject\",\"inLanguage\":\"hu\",\"@id\":\"https:\\\/\\\/secure.gravatar.com\\\/avatar\\\/8a09ac165600ce2e1c38fe593c63928eb1e6e7ba5c5a907d67787c41b3d00c14?s=96&d=mm&r=g\",\"url\":\"https:\\\/\\\/secure.gravatar.com\\\/avatar\\\/8a09ac165600ce2e1c38fe593c63928eb1e6e7ba5c5a907d67787c41b3d00c14?s=96&d=mm&r=g\",\"contentUrl\":\"https:\\\/\\\/secure.gravatar.com\\\/avatar\\\/8a09ac165600ce2e1c38fe593c63928eb1e6e7ba5c5a907d67787c41b3d00c14?s=96&d=mm&r=g\",\"caption\":\"hotnewsinworld\"},\"url\":\"https:\\\/\\\/hotnewsinworld.com\\\/hu\\\/author\\\/pt\\\/\"}]}<\/script>\n<!-- \/ Yoast SEO plugin. -->","yoast_head_json":{"title":"Bakondi Gy\u00f6rgy: Magyarorsz\u00e1g maga d\u00f6nt migr\u00e1ci\u00f3s politik\u00e1j\u00e1r\u00f3l - Hot News in World","robots":{"index":"index","follow":"follow","max-snippet":"max-snippet:-1","max-image-preview":"max-image-preview:large","max-video-preview":"max-video-preview:-1"},"canonical":"https:\/\/hotnewsinworld.com\/hu\/bakondi-gyorgy-magyarorszag-maga-dont-migracios-politikajarol\/","og_locale":"hu_HU","og_type":"article","og_title":"Bakondi Gy\u00f6rgy: Magyarorsz\u00e1g maga d\u00f6nt migr\u00e1ci\u00f3s politik\u00e1j\u00e1r\u00f3l - Hot News in World","og_description":"A cikk emailben t\u00f6rt\u00e9n\u0151 elk\u00fcld\u00e9s\u00e9hez kattintson ide, vagy m\u00e1solja le \u00e9s k\u00fcldje el ezt a linket: https:\/\/magyarnemzet.hu\/belfold\/bakondi-gyorgy-magyarorszag-maga-dont-migracios-politikajarol-7325813\/ 2019. szeptember 20. p\u00e9ntek 22:45 Magyarorsz\u00e1gnak sem Br\u00fcsszelb\u0151l, sem m\u00e1s k\u00f6zpontokb\u00f3l nem mondhatj\u00e1k meg, h\u00e1ny migr\u00e1nst kell befogadnia \u2013 mondta a minisztereln\u00f6k belbiztons\u00e1gi f\u0151tan\u00e1csad\u00f3ja az M1 aktu\u00e1lis csatorn\u00e1n p\u00e9ntek este. Bakondi Gy\u00f6rgy k\u00f6z\u00f6lte: a Frontex legfrissebb adatai szerint [&hellip;]","og_url":"https:\/\/hotnewsinworld.com\/hu\/bakondi-gyorgy-magyarorszag-maga-dont-migracios-politikajarol\/","og_site_name":"Hot News in World","article_published_time":"2019-09-20T21:38:28+00:00","article_modified_time":"2019-09-20T21:38:29+00:00","og_image":[{"width":1200,"height":630,"url":"https:\/\/hotnewsinworld.com\/hu\/wp-content\/uploads\/sites\/3\/2019\/06\/Hidv\u00e9ghi-Bal\u00e1zs-A-Fidesz-kezdem\u00e9nyezni-fogja-a-migr\u00e1nsk\u00e1rty\u00e1k-megsz\u00fcntet\u00e9s\u00e9t.png","type":"image\/png"}],"author":"hotnewsinworld","twitter_card":"summary_large_image","twitter_misc":{"Szerz\u0151:":"hotnewsinworld","Becs\u00fclt olvas\u00e1si id\u0151":"1 perc"},"schema":{"@context":"https:\/\/schema.org","@graph":[{"@type":"Article","@id":"https:\/\/hotnewsinworld.com\/hu\/bakondi-gyorgy-magyarorszag-maga-dont-migracios-politikajarol\/#article","isPartOf":{"@id":"https:\/\/hotnewsinworld.com\/hu\/bakondi-gyorgy-magyarorszag-maga-dont-migracios-politikajarol\/"},"author":{"name":"hotnewsinworld","@id":"https:\/\/hotnewsinworld.com\/hu\/#\/schema\/person\/fe61448b21c0d59086e75fcc1f9d8f6b"},"headline":"Bakondi Gy\u00f6rgy: Magyarorsz\u00e1g maga d\u00f6nt migr\u00e1ci\u00f3s politik\u00e1j\u00e1r\u00f3l","datePublished":"2019-09-20T21:38:28+00:00","dateModified":"2019-09-20T21:38:29+00:00","mainEntityOfPage":{"@id":"https:\/\/hotnewsinworld.com\/hu\/bakondi-gyorgy-magyarorszag-maga-dont-migracios-politikajarol\/"},"wordCount":290,"commentCount":0,"image":{"@id":"https:\/\/hotnewsinworld.com\/hu\/bakondi-gyorgy-magyarorszag-maga-dont-migracios-politikajarol\/#primaryimage"},"thumbnailUrl":"https:\/\/hotnewsinworld.com\/hu\/wp-content\/uploads\/sites\/3\/2019\/06\/Hidv\u00e9ghi-Bal\u00e1zs-A-Fidesz-kezdem\u00e9nyezni-fogja-a-migr\u00e1nsk\u00e1rty\u00e1k-megsz\u00fcntet\u00e9s\u00e9t.png","articleSection":["LEG\u00daJABB P\u00c9NZ\u00dcGYI H\u00cdREK"],"inLanguage":"hu","potentialAction":[{"@type":"CommentAction","name":"Comment","target":["https:\/\/hotnewsinworld.com\/hu\/bakondi-gyorgy-magyarorszag-maga-dont-migracios-politikajarol\/#respond"]}]},{"@type":"WebPage","@id":"https:\/\/hotnewsinworld.com\/hu\/bakondi-gyorgy-magyarorszag-maga-dont-migracios-politikajarol\/","url":"https:\/\/hotnewsinworld.com\/hu\/bakondi-gyorgy-magyarorszag-maga-dont-migracios-politikajarol\/","name":"Bakondi Gy\u00f6rgy: Magyarorsz\u00e1g maga d\u00f6nt migr\u00e1ci\u00f3s politik\u00e1j\u00e1r\u00f3l - Hot News in World","isPartOf":{"@id":"https:\/\/hotnewsinworld.com\/hu\/#website"},"primaryImageOfPage":{"@id":"https:\/\/hotnewsinworld.com\/hu\/bakondi-gyorgy-magyarorszag-maga-dont-migracios-politikajarol\/#primaryimage"},"image":{"@id":"https:\/\/hotnewsinworld.com\/hu\/bakondi-gyorgy-magyarorszag-maga-dont-migracios-politikajarol\/#primaryimage"},"thumbnailUrl":"https:\/\/hotnewsinworld.com\/hu\/wp-content\/uploads\/sites\/3\/2019\/06\/Hidv\u00e9ghi-Bal\u00e1zs-A-Fidesz-kezdem\u00e9nyezni-fogja-a-migr\u00e1nsk\u00e1rty\u00e1k-megsz\u00fcntet\u00e9s\u00e9t.png","datePublished":"2019-09-20T21:38:28+00:00","dateModified":"2019-09-20T21:38:29+00:00","author":{"@id":"https:\/\/hotnewsinworld.com\/hu\/#\/schema\/person\/fe61448b21c0d59086e75fcc1f9d8f6b"},"breadcrumb":{"@id":"https:\/\/hotnewsinworld.com\/hu\/bakondi-gyorgy-magyarorszag-maga-dont-migracios-politikajarol\/#breadcrumb"},"inLanguage":"hu","potentialAction":[{"@type":"ReadAction","target":["https:\/\/hotnewsinworld.com\/hu\/bakondi-gyorgy-magyarorszag-maga-dont-migracios-politikajarol\/"]}]},{"@type":"ImageObject","inLanguage":"hu","@id":"https:\/\/hotnewsinworld.com\/hu\/bakondi-gyorgy-magyarorszag-maga-dont-migracios-politikajarol\/#primaryimage","url":"https:\/\/hotnewsinworld.com\/hu\/wp-content\/uploads\/sites\/3\/2019\/06\/Hidv\u00e9ghi-Bal\u00e1zs-A-Fidesz-kezdem\u00e9nyezni-fogja-a-migr\u00e1nsk\u00e1rty\u00e1k-megsz\u00fcntet\u00e9s\u00e9t.png","contentUrl":"https:\/\/hotnewsinworld.com\/hu\/wp-content\/uploads\/sites\/3\/2019\/06\/Hidv\u00e9ghi-Bal\u00e1zs-A-Fidesz-kezdem\u00e9nyezni-fogja-a-migr\u00e1nsk\u00e1rty\u00e1k-megsz\u00fcntet\u00e9s\u00e9t.png","width":1200,"height":630,"caption":"Hidv\u00e9ghi Bal\u00e1zs: A Fidesz kezdem\u00e9nyezni fogja a migr\u00e1nsk\u00e1rty\u00e1k megsz\u00fcntet\u00e9s\u00e9t"},{"@type":"BreadcrumbList","@id":"https:\/\/hotnewsinworld.com\/hu\/bakondi-gyorgy-magyarorszag-maga-dont-migracios-politikajarol\/#breadcrumb","itemListElement":[{"@type":"ListItem","position":1,"name":"\u0413\u043b\u0430\u0432\u043d\u0430\u044f \u0441\u0442\u0440\u0430\u043d\u0438\u0446\u0430","item":"https:\/\/hotnewsinworld.com\/hu\/"},{"@type":"ListItem","position":2,"name":"Bakondi Gy\u00f6rgy: Magyarorsz\u00e1g maga d\u00f6nt migr\u00e1ci\u00f3s politik\u00e1j\u00e1r\u00f3l"}]},{"@type":"WebSite","@id":"https:\/\/hotnewsinworld.com\/hu\/#website","url":"https:\/\/hotnewsinworld.com\/hu\/","name":"Hot News in World","description":"Hot News in World from Hungary","potentialAction":[{"@type":"SearchAction","target":{"@type":"EntryPoint","urlTemplate":"https:\/\/hotnewsinworld.com\/hu\/?s={search_term_string}"},"query-input":{"@type":"PropertyValueSpecification","valueRequired":true,"valueName":"search_term_string"}}],"inLanguage":"hu"},{"@type":"Person","@id":"https:\/\/hotnewsinworld.com\/hu\/#\/schema\/person\/fe61448b21c0d59086e75fcc1f9d8f6b","name":"hotnewsinworld","image":{"@type":"ImageObject","inLanguage":"hu","@id":"https:\/\/secure.gravatar.com\/avatar\/8a09ac165600ce2e1c38fe593c63928eb1e6e7ba5c5a907d67787c41b3d00c14?s=96&d=mm&r=g","url":"https:\/\/secure.gravatar.com\/avatar\/8a09ac165600ce2e1c38fe593c63928eb1e6e7ba5c5a907d67787c41b3d00c14?s=96&d=mm&r=g","contentUrl":"https:\/\/secure.gravatar.com\/avatar\/8a09ac165600ce2e1c38fe593c63928eb1e6e7ba5c5a907d67787c41b3d00c14?s=96&d=mm&r=g","caption":"hotnewsinworld"},"url":"https:\/\/hotnewsinworld.com\/hu\/author\/pt\/"}]}},"_links":{"self":[{"href":"https:\/\/hotnewsinworld.com\/hu\/wp-json\/wp\/v2\/posts\/2361","targetHints":{"allow":["GET"]}}],"collection":[{"href":"https:\/\/hotnewsinworld.com\/hu\/wp-json\/wp\/v2\/posts"}],"about":[{"href":"https:\/\/hotnewsinworld.com\/hu\/wp-json\/wp\/v2\/types\/post"}],"author":[{"embeddable":true,"href":"https:\/\/hotnewsinworld.com\/hu\/wp-json\/wp\/v2\/users\/2"}],"replies":[{"embeddable":true,"href":"https:\/\/hotnewsinworld.com\/hu\/wp-json\/wp\/v2\/comments?post=2361"}],"version-history":[{"count":1,"href":"https:\/\/hotnewsinworld.com\/hu\/wp-json\/wp\/v2\/posts\/2361\/revisions"}],"predecessor-version":[{"id":2362,"href":"https:\/\/hotnewsinworld.com\/hu\/wp-json\/wp\/v2\/posts\/2361\/revisions\/2362"}],"wp:featuredmedia":[{"embeddable":true,"href":"https:\/\/hotnewsinworld.com\/hu\/wp-json\/wp\/v2\/media\/199"}],"wp:attachment":[{"href":"https:\/\/hotnewsinworld.com\/hu\/wp-json\/wp\/v2\/media?parent=2361"}],"wp:term":[{"taxonomy":"category","embeddable":true,"href":"https:\/\/hotnewsinworld.com\/hu\/wp-json\/wp\/v2\/categories?post=2361"},{"taxonomy":"post_tag","embeddable":true,"href":"https:\/\/hotnewsinworld.com\/hu\/wp-json\/wp\/v2\/tags?post=2361"}],"curies":[{"name":"wp","href":"https:\/\/api.w.org\/{rel}","templated":true}]}}