{"id":2363,"date":"2019-09-21T01:57:49","date_gmt":"2019-09-20T22:57:49","guid":{"rendered":"https:\/\/hotnewsinworld.com\/hu\/tobb-mint-300-gyerek-lett-rosszul-egy-hajdusamsoni-iskolaban\/"},"modified":"2019-09-21T01:57:50","modified_gmt":"2019-09-20T22:57:50","slug":"tobb-mint-300-gyerek-lett-rosszul-egy-hajdusamsoni-iskolaban","status":"publish","type":"post","link":"https:\/\/hotnewsinworld.com\/hu\/tobb-mint-300-gyerek-lett-rosszul-egy-hajdusamsoni-iskolaban\/","title":{"rendered":"T\u00f6bb mint 300 gyerek lett rosszul egy hajd\u00fas\u00e1msoni iskol\u00e1ban"},"content":{"rendered":"<p>            Azt gyan\u00edtj\u00e1k, az eb\u00e9dre kapott halrudacska \u00e9s kukoricasal\u00e1ta okozhatta a bajt.<\/p>\n<p>T\u00f6bb mint 330 di\u00e1k hi\u00e1nyzik betegs\u00e9g miatt a hajd\u00fas\u00e1msoni iskol\u00e1b\u00f3l. A gyerekek egyt\u0151l egyik rosszull\u00e9tre, h\u00e1ny\u00e1sra, hasmen\u00e9sre panaszkodnak \u2013 sz\u00e1molt be az RTL H\u00edrad\u00f3.<br \/>\nA sz\u00fcl\u0151k szerint a t\u00fcnetek a szerdai eb\u00e9d ut\u00e1n jelentkeztek, amikor halrudacsk\u00e1t \u00e9s kukoricasal\u00e1t\u00e1t szolg\u00e1ltak fel, ez\u00e9rt \u00e9telm\u00e9rgez\u00e9sre gyanakodnak. 28 gyerek annyira legyeng\u00fclt, hogy k\u00f3rh\u00e1zi \u00e1pol\u00e1sra szorul, \u0151ket n\u00e9h\u00e1ny nap m\u00falva engedhetik haza.<br \/>\nA Hit Gy\u00fclekezete \u00e1ltal fenntartott iskol\u00e1ban n\u00e9peg\u00e9szs\u00e9g\u00fcgyi \u00e9s \u00e9lelmiszerbiztons\u00e1gi vizsg\u00e1lat is indult, de a konyh\u00e1t nem z\u00e1rt\u00e1k be \u00e9s rendk\u00edv\u00fcli tan\u00edt\u00e1si sz\u00fcnetet sem rendeltek el, ami sok sz\u00fcl\u0151t felh\u00e1bor\u00edtott.<br \/>\nAz igazgat\u00f3 viszont azt nyilatkozta, hogy a hat\u00f3s\u00e1g minden k\u00e9r\u00e9s\u00e9nek eleget tettek, folyamatos az \u00e9p\u00fclet fert\u0151tlen\u00edt\u00e9se \u00e9s a gyerekeknek a k\u00e9zfert\u0151tlen\u00edt\u00e9s lehet\u0151s\u00e9g\u00e9t is biztos\u00edtj\u00e1k.<\/p>\n<p>\n<!--noindex--><br \/>\n<a href=\"https:\/\/hirek.oldal.info\/rssclick\/14414516\" rel=\"nofollow\">Source link <\/a><br \/>\n<!--\/noindex--><\/p>\n","protected":false},"excerpt":{"rendered":"<p>Azt gyan\u00edtj\u00e1k, az eb\u00e9dre kapott halrudacska \u00e9s kukoricasal\u00e1ta okozhatta a bajt. T\u00f6bb mint 330 di\u00e1k hi\u00e1nyzik betegs\u00e9g miatt a hajd\u00fas\u00e1msoni iskol\u00e1b\u00f3l. A gyerekek egyt\u0151l egyik rosszull\u00e9tre, h\u00e1ny\u00e1sra, hasmen\u00e9sre panaszkodnak \u2013 sz\u00e1molt be az RTL H\u00edrad\u00f3. A sz\u00fcl\u0151k szerint a t\u00fcnetek a szerdai eb\u00e9d ut\u00e1n jelentkeztek, amikor halrudacsk\u00e1t \u00e9s kukoricasal\u00e1t\u00e1t szolg\u00e1ltak fel, ez\u00e9rt \u00e9telm\u00e9rgez\u00e9sre gyanakodnak. 28 [&hellip;]<\/p>\n","protected":false},"author":2,"featured_media":2364,"comment_status":"open","ping_status":"open","sticky":false,"template":"","format":"standard","meta":{"footnotes":""},"categories":[1],"tags":[],"class_list":["post-2363","post","type-post","status-publish","format-standard","has-post-thumbnail","hentry","category-legujabb-penzugyi-hirek"],"yoast_head":"<!-- This site is optimized with the Yoast SEO plugin v27.4 - https:\/\/yoast.com\/product\/yoast-seo-wordpress\/ -->\n<title>T\u00f6bb mint 300 gyerek lett rosszul egy hajd\u00fas\u00e1msoni iskol\u00e1ban - Hot News in World<\/title>\n<meta name=\"robots\" content=\"index, follow, max-snippet:-1, max-image-preview:large, max-video-preview:-1\" \/>\n<link rel=\"canonical\" href=\"https:\/\/hotnewsinworld.com\/hu\/tobb-mint-300-gyerek-lett-rosszul-egy-hajdusamsoni-iskolaban\/\" \/>\n<meta property=\"og:locale\" content=\"hu_HU\" \/>\n<meta property=\"og:type\" content=\"article\" \/>\n<meta property=\"og:title\" content=\"T\u00f6bb mint 300 gyerek lett rosszul egy hajd\u00fas\u00e1msoni iskol\u00e1ban - Hot News in World\" \/>\n<meta property=\"og:description\" content=\"Azt gyan\u00edtj\u00e1k, az eb\u00e9dre kapott halrudacska \u00e9s kukoricasal\u00e1ta okozhatta a bajt. T\u00f6bb mint 330 di\u00e1k hi\u00e1nyzik betegs\u00e9g miatt a hajd\u00fas\u00e1msoni iskol\u00e1b\u00f3l. A gyerekek egyt\u0151l egyik rosszull\u00e9tre, h\u00e1ny\u00e1sra, hasmen\u00e9sre panaszkodnak \u2013 sz\u00e1molt be az RTL H\u00edrad\u00f3. A sz\u00fcl\u0151k szerint a t\u00fcnetek a szerdai eb\u00e9d ut\u00e1n jelentkeztek, amikor halrudacsk\u00e1t \u00e9s kukoricasal\u00e1t\u00e1t szolg\u00e1ltak fel, ez\u00e9rt \u00e9telm\u00e9rgez\u00e9sre gyanakodnak. 28 [&hellip;]\" \/>\n<meta property=\"og:url\" content=\"https:\/\/hotnewsinworld.com\/hu\/tobb-mint-300-gyerek-lett-rosszul-egy-hajdusamsoni-iskolaban\/\" \/>\n<meta property=\"og:site_name\" content=\"Hot News in World\" \/>\n<meta property=\"article:published_time\" content=\"2019-09-20T22:57:49+00:00\" \/>\n<meta property=\"article:modified_time\" content=\"2019-09-20T22:57:50+00:00\" \/>\n<meta property=\"og:image\" content=\"https:\/\/hotnewsinworld.com\/hu\/wp-content\/uploads\/sites\/3\/2019\/09\/T\u00f6bb-mint-300-gyerek-lett-rosszul-egy-hajd\u00fas\u00e1msoni-iskol\u00e1ban.jpg\" \/>\n\t<meta property=\"og:image:width\" content=\"800\" \/>\n\t<meta property=\"og:image:height\" content=\"355\" \/>\n\t<meta property=\"og:image:type\" content=\"image\/jpeg\" \/>\n<meta name=\"author\" content=\"hotnewsinworld\" \/>\n<meta name=\"twitter:card\" content=\"summary_large_image\" \/>\n<meta name=\"twitter:label1\" content=\"Szerz\u0151:\" \/>\n\t<meta name=\"twitter:data1\" content=\"hotnewsinworld\" \/>\n\t<meta name=\"twitter:label2\" content=\"Becs\u00fclt olvas\u00e1si id\u0151\" \/>\n\t<meta name=\"twitter:data2\" content=\"1 perc\" \/>\n<script type=\"application\/ld+json\" class=\"yoast-schema-graph\">{\"@context\":\"https:\\\/\\\/schema.org\",\"@graph\":[{\"@type\":\"Article\",\"@id\":\"https:\\\/\\\/hotnewsinworld.com\\\/hu\\\/tobb-mint-300-gyerek-lett-rosszul-egy-hajdusamsoni-iskolaban\\\/#article\",\"isPartOf\":{\"@id\":\"https:\\\/\\\/hotnewsinworld.com\\\/hu\\\/tobb-mint-300-gyerek-lett-rosszul-egy-hajdusamsoni-iskolaban\\\/\"},\"author\":{\"name\":\"hotnewsinworld\",\"@id\":\"https:\\\/\\\/hotnewsinworld.com\\\/hu\\\/#\\\/schema\\\/person\\\/fe61448b21c0d59086e75fcc1f9d8f6b\"},\"headline\":\"T\u00f6bb mint 300 gyerek lett rosszul egy hajd\u00fas\u00e1msoni iskol\u00e1ban\",\"datePublished\":\"2019-09-20T22:57:49+00:00\",\"dateModified\":\"2019-09-20T22:57:50+00:00\",\"mainEntityOfPage\":{\"@id\":\"https:\\\/\\\/hotnewsinworld.com\\\/hu\\\/tobb-mint-300-gyerek-lett-rosszul-egy-hajdusamsoni-iskolaban\\\/\"},\"wordCount\":208,\"commentCount\":0,\"image\":{\"@id\":\"https:\\\/\\\/hotnewsinworld.com\\\/hu\\\/tobb-mint-300-gyerek-lett-rosszul-egy-hajdusamsoni-iskolaban\\\/#primaryimage\"},\"thumbnailUrl\":\"https:\\\/\\\/hotnewsinworld.com\\\/hu\\\/wp-content\\\/uploads\\\/sites\\\/3\\\/2019\\\/09\\\/T\u00f6bb-mint-300-gyerek-lett-rosszul-egy-hajd\u00fas\u00e1msoni-iskol\u00e1ban.jpg\",\"articleSection\":[\"LEG\u00daJABB P\u00c9NZ\u00dcGYI H\u00cdREK\"],\"inLanguage\":\"hu\",\"potentialAction\":[{\"@type\":\"CommentAction\",\"name\":\"Comment\",\"target\":[\"https:\\\/\\\/hotnewsinworld.com\\\/hu\\\/tobb-mint-300-gyerek-lett-rosszul-egy-hajdusamsoni-iskolaban\\\/#respond\"]}]},{\"@type\":\"WebPage\",\"@id\":\"https:\\\/\\\/hotnewsinworld.com\\\/hu\\\/tobb-mint-300-gyerek-lett-rosszul-egy-hajdusamsoni-iskolaban\\\/\",\"url\":\"https:\\\/\\\/hotnewsinworld.com\\\/hu\\\/tobb-mint-300-gyerek-lett-rosszul-egy-hajdusamsoni-iskolaban\\\/\",\"name\":\"T\u00f6bb mint 300 gyerek lett rosszul egy hajd\u00fas\u00e1msoni iskol\u00e1ban - Hot News in World\",\"isPartOf\":{\"@id\":\"https:\\\/\\\/hotnewsinworld.com\\\/hu\\\/#website\"},\"primaryImageOfPage\":{\"@id\":\"https:\\\/\\\/hotnewsinworld.com\\\/hu\\\/tobb-mint-300-gyerek-lett-rosszul-egy-hajdusamsoni-iskolaban\\\/#primaryimage\"},\"image\":{\"@id\":\"https:\\\/\\\/hotnewsinworld.com\\\/hu\\\/tobb-mint-300-gyerek-lett-rosszul-egy-hajdusamsoni-iskolaban\\\/#primaryimage\"},\"thumbnailUrl\":\"https:\\\/\\\/hotnewsinworld.com\\\/hu\\\/wp-content\\\/uploads\\\/sites\\\/3\\\/2019\\\/09\\\/T\u00f6bb-mint-300-gyerek-lett-rosszul-egy-hajd\u00fas\u00e1msoni-iskol\u00e1ban.jpg\",\"datePublished\":\"2019-09-20T22:57:49+00:00\",\"dateModified\":\"2019-09-20T22:57:50+00:00\",\"author\":{\"@id\":\"https:\\\/\\\/hotnewsinworld.com\\\/hu\\\/#\\\/schema\\\/person\\\/fe61448b21c0d59086e75fcc1f9d8f6b\"},\"breadcrumb\":{\"@id\":\"https:\\\/\\\/hotnewsinworld.com\\\/hu\\\/tobb-mint-300-gyerek-lett-rosszul-egy-hajdusamsoni-iskolaban\\\/#breadcrumb\"},\"inLanguage\":\"hu\",\"potentialAction\":[{\"@type\":\"ReadAction\",\"target\":[\"https:\\\/\\\/hotnewsinworld.com\\\/hu\\\/tobb-mint-300-gyerek-lett-rosszul-egy-hajdusamsoni-iskolaban\\\/\"]}]},{\"@type\":\"ImageObject\",\"inLanguage\":\"hu\",\"@id\":\"https:\\\/\\\/hotnewsinworld.com\\\/hu\\\/tobb-mint-300-gyerek-lett-rosszul-egy-hajdusamsoni-iskolaban\\\/#primaryimage\",\"url\":\"https:\\\/\\\/hotnewsinworld.com\\\/hu\\\/wp-content\\\/uploads\\\/sites\\\/3\\\/2019\\\/09\\\/T\u00f6bb-mint-300-gyerek-lett-rosszul-egy-hajd\u00fas\u00e1msoni-iskol\u00e1ban.jpg\",\"contentUrl\":\"https:\\\/\\\/hotnewsinworld.com\\\/hu\\\/wp-content\\\/uploads\\\/sites\\\/3\\\/2019\\\/09\\\/T\u00f6bb-mint-300-gyerek-lett-rosszul-egy-hajd\u00fas\u00e1msoni-iskol\u00e1ban.jpg\",\"width\":800,\"height\":355,\"caption\":\"T&ouml;bb mint 300 gyerek lett rosszul egy hajd&uacute;s&aacute;msoni iskol&aacute;ban\"},{\"@type\":\"BreadcrumbList\",\"@id\":\"https:\\\/\\\/hotnewsinworld.com\\\/hu\\\/tobb-mint-300-gyerek-lett-rosszul-egy-hajdusamsoni-iskolaban\\\/#breadcrumb\",\"itemListElement\":[{\"@type\":\"ListItem\",\"position\":1,\"name\":\"\u0413\u043b\u0430\u0432\u043d\u0430\u044f \u0441\u0442\u0440\u0430\u043d\u0438\u0446\u0430\",\"item\":\"https:\\\/\\\/hotnewsinworld.com\\\/hu\\\/\"},{\"@type\":\"ListItem\",\"position\":2,\"name\":\"T\u00f6bb mint 300 gyerek lett rosszul egy hajd\u00fas\u00e1msoni iskol\u00e1ban\"}]},{\"@type\":\"WebSite\",\"@id\":\"https:\\\/\\\/hotnewsinworld.com\\\/hu\\\/#website\",\"url\":\"https:\\\/\\\/hotnewsinworld.com\\\/hu\\\/\",\"name\":\"Hot News in World\",\"description\":\"Hot News in World from Hungary\",\"potentialAction\":[{\"@type\":\"SearchAction\",\"target\":{\"@type\":\"EntryPoint\",\"urlTemplate\":\"https:\\\/\\\/hotnewsinworld.com\\\/hu\\\/?s={search_term_string}\"},\"query-input\":{\"@type\":\"PropertyValueSpecification\",\"valueRequired\":true,\"valueName\":\"search_term_string\"}}],\"inLanguage\":\"hu\"},{\"@type\":\"Person\",\"@id\":\"https:\\\/\\\/hotnewsinworld.com\\\/hu\\\/#\\\/schema\\\/person\\\/fe61448b21c0d59086e75fcc1f9d8f6b\",\"name\":\"hotnewsinworld\",\"image\":{\"@type\":\"ImageObject\",\"inLanguage\":\"hu\",\"@id\":\"https:\\\/\\\/secure.gravatar.com\\\/avatar\\\/8a09ac165600ce2e1c38fe593c63928eb1e6e7ba5c5a907d67787c41b3d00c14?s=96&d=mm&r=g\",\"url\":\"https:\\\/\\\/secure.gravatar.com\\\/avatar\\\/8a09ac165600ce2e1c38fe593c63928eb1e6e7ba5c5a907d67787c41b3d00c14?s=96&d=mm&r=g\",\"contentUrl\":\"https:\\\/\\\/secure.gravatar.com\\\/avatar\\\/8a09ac165600ce2e1c38fe593c63928eb1e6e7ba5c5a907d67787c41b3d00c14?s=96&d=mm&r=g\",\"caption\":\"hotnewsinworld\"},\"url\":\"https:\\\/\\\/hotnewsinworld.com\\\/hu\\\/author\\\/pt\\\/\"}]}<\/script>\n<!-- \/ Yoast SEO plugin. -->","yoast_head_json":{"title":"T\u00f6bb mint 300 gyerek lett rosszul egy hajd\u00fas\u00e1msoni iskol\u00e1ban - Hot News in World","robots":{"index":"index","follow":"follow","max-snippet":"max-snippet:-1","max-image-preview":"max-image-preview:large","max-video-preview":"max-video-preview:-1"},"canonical":"https:\/\/hotnewsinworld.com\/hu\/tobb-mint-300-gyerek-lett-rosszul-egy-hajdusamsoni-iskolaban\/","og_locale":"hu_HU","og_type":"article","og_title":"T\u00f6bb mint 300 gyerek lett rosszul egy hajd\u00fas\u00e1msoni iskol\u00e1ban - Hot News in World","og_description":"Azt gyan\u00edtj\u00e1k, az eb\u00e9dre kapott halrudacska \u00e9s kukoricasal\u00e1ta okozhatta a bajt. T\u00f6bb mint 330 di\u00e1k hi\u00e1nyzik betegs\u00e9g miatt a hajd\u00fas\u00e1msoni iskol\u00e1b\u00f3l. A gyerekek egyt\u0151l egyik rosszull\u00e9tre, h\u00e1ny\u00e1sra, hasmen\u00e9sre panaszkodnak \u2013 sz\u00e1molt be az RTL H\u00edrad\u00f3. A sz\u00fcl\u0151k szerint a t\u00fcnetek a szerdai eb\u00e9d ut\u00e1n jelentkeztek, amikor halrudacsk\u00e1t \u00e9s kukoricasal\u00e1t\u00e1t szolg\u00e1ltak fel, ez\u00e9rt \u00e9telm\u00e9rgez\u00e9sre gyanakodnak. 28 [&hellip;]","og_url":"https:\/\/hotnewsinworld.com\/hu\/tobb-mint-300-gyerek-lett-rosszul-egy-hajdusamsoni-iskolaban\/","og_site_name":"Hot News in World","article_published_time":"2019-09-20T22:57:49+00:00","article_modified_time":"2019-09-20T22:57:50+00:00","og_image":[{"width":800,"height":355,"url":"https:\/\/hotnewsinworld.com\/hu\/wp-content\/uploads\/sites\/3\/2019\/09\/T\u00f6bb-mint-300-gyerek-lett-rosszul-egy-hajd\u00fas\u00e1msoni-iskol\u00e1ban.jpg","type":"image\/jpeg"}],"author":"hotnewsinworld","twitter_card":"summary_large_image","twitter_misc":{"Szerz\u0151:":"hotnewsinworld","Becs\u00fclt olvas\u00e1si id\u0151":"1 perc"},"schema":{"@context":"https:\/\/schema.org","@graph":[{"@type":"Article","@id":"https:\/\/hotnewsinworld.com\/hu\/tobb-mint-300-gyerek-lett-rosszul-egy-hajdusamsoni-iskolaban\/#article","isPartOf":{"@id":"https:\/\/hotnewsinworld.com\/hu\/tobb-mint-300-gyerek-lett-rosszul-egy-hajdusamsoni-iskolaban\/"},"author":{"name":"hotnewsinworld","@id":"https:\/\/hotnewsinworld.com\/hu\/#\/schema\/person\/fe61448b21c0d59086e75fcc1f9d8f6b"},"headline":"T\u00f6bb mint 300 gyerek lett rosszul egy hajd\u00fas\u00e1msoni iskol\u00e1ban","datePublished":"2019-09-20T22:57:49+00:00","dateModified":"2019-09-20T22:57:50+00:00","mainEntityOfPage":{"@id":"https:\/\/hotnewsinworld.com\/hu\/tobb-mint-300-gyerek-lett-rosszul-egy-hajdusamsoni-iskolaban\/"},"wordCount":208,"commentCount":0,"image":{"@id":"https:\/\/hotnewsinworld.com\/hu\/tobb-mint-300-gyerek-lett-rosszul-egy-hajdusamsoni-iskolaban\/#primaryimage"},"thumbnailUrl":"https:\/\/hotnewsinworld.com\/hu\/wp-content\/uploads\/sites\/3\/2019\/09\/T\u00f6bb-mint-300-gyerek-lett-rosszul-egy-hajd\u00fas\u00e1msoni-iskol\u00e1ban.jpg","articleSection":["LEG\u00daJABB P\u00c9NZ\u00dcGYI H\u00cdREK"],"inLanguage":"hu","potentialAction":[{"@type":"CommentAction","name":"Comment","target":["https:\/\/hotnewsinworld.com\/hu\/tobb-mint-300-gyerek-lett-rosszul-egy-hajdusamsoni-iskolaban\/#respond"]}]},{"@type":"WebPage","@id":"https:\/\/hotnewsinworld.com\/hu\/tobb-mint-300-gyerek-lett-rosszul-egy-hajdusamsoni-iskolaban\/","url":"https:\/\/hotnewsinworld.com\/hu\/tobb-mint-300-gyerek-lett-rosszul-egy-hajdusamsoni-iskolaban\/","name":"T\u00f6bb mint 300 gyerek lett rosszul egy hajd\u00fas\u00e1msoni iskol\u00e1ban - Hot News in World","isPartOf":{"@id":"https:\/\/hotnewsinworld.com\/hu\/#website"},"primaryImageOfPage":{"@id":"https:\/\/hotnewsinworld.com\/hu\/tobb-mint-300-gyerek-lett-rosszul-egy-hajdusamsoni-iskolaban\/#primaryimage"},"image":{"@id":"https:\/\/hotnewsinworld.com\/hu\/tobb-mint-300-gyerek-lett-rosszul-egy-hajdusamsoni-iskolaban\/#primaryimage"},"thumbnailUrl":"https:\/\/hotnewsinworld.com\/hu\/wp-content\/uploads\/sites\/3\/2019\/09\/T\u00f6bb-mint-300-gyerek-lett-rosszul-egy-hajd\u00fas\u00e1msoni-iskol\u00e1ban.jpg","datePublished":"2019-09-20T22:57:49+00:00","dateModified":"2019-09-20T22:57:50+00:00","author":{"@id":"https:\/\/hotnewsinworld.com\/hu\/#\/schema\/person\/fe61448b21c0d59086e75fcc1f9d8f6b"},"breadcrumb":{"@id":"https:\/\/hotnewsinworld.com\/hu\/tobb-mint-300-gyerek-lett-rosszul-egy-hajdusamsoni-iskolaban\/#breadcrumb"},"inLanguage":"hu","potentialAction":[{"@type":"ReadAction","target":["https:\/\/hotnewsinworld.com\/hu\/tobb-mint-300-gyerek-lett-rosszul-egy-hajdusamsoni-iskolaban\/"]}]},{"@type":"ImageObject","inLanguage":"hu","@id":"https:\/\/hotnewsinworld.com\/hu\/tobb-mint-300-gyerek-lett-rosszul-egy-hajdusamsoni-iskolaban\/#primaryimage","url":"https:\/\/hotnewsinworld.com\/hu\/wp-content\/uploads\/sites\/3\/2019\/09\/T\u00f6bb-mint-300-gyerek-lett-rosszul-egy-hajd\u00fas\u00e1msoni-iskol\u00e1ban.jpg","contentUrl":"https:\/\/hotnewsinworld.com\/hu\/wp-content\/uploads\/sites\/3\/2019\/09\/T\u00f6bb-mint-300-gyerek-lett-rosszul-egy-hajd\u00fas\u00e1msoni-iskol\u00e1ban.jpg","width":800,"height":355,"caption":"T&ouml;bb mint 300 gyerek lett rosszul egy hajd&uacute;s&aacute;msoni iskol&aacute;ban"},{"@type":"BreadcrumbList","@id":"https:\/\/hotnewsinworld.com\/hu\/tobb-mint-300-gyerek-lett-rosszul-egy-hajdusamsoni-iskolaban\/#breadcrumb","itemListElement":[{"@type":"ListItem","position":1,"name":"\u0413\u043b\u0430\u0432\u043d\u0430\u044f \u0441\u0442\u0440\u0430\u043d\u0438\u0446\u0430","item":"https:\/\/hotnewsinworld.com\/hu\/"},{"@type":"ListItem","position":2,"name":"T\u00f6bb mint 300 gyerek lett rosszul egy hajd\u00fas\u00e1msoni iskol\u00e1ban"}]},{"@type":"WebSite","@id":"https:\/\/hotnewsinworld.com\/hu\/#website","url":"https:\/\/hotnewsinworld.com\/hu\/","name":"Hot News in World","description":"Hot News in World from Hungary","potentialAction":[{"@type":"SearchAction","target":{"@type":"EntryPoint","urlTemplate":"https:\/\/hotnewsinworld.com\/hu\/?s={search_term_string}"},"query-input":{"@type":"PropertyValueSpecification","valueRequired":true,"valueName":"search_term_string"}}],"inLanguage":"hu"},{"@type":"Person","@id":"https:\/\/hotnewsinworld.com\/hu\/#\/schema\/person\/fe61448b21c0d59086e75fcc1f9d8f6b","name":"hotnewsinworld","image":{"@type":"ImageObject","inLanguage":"hu","@id":"https:\/\/secure.gravatar.com\/avatar\/8a09ac165600ce2e1c38fe593c63928eb1e6e7ba5c5a907d67787c41b3d00c14?s=96&d=mm&r=g","url":"https:\/\/secure.gravatar.com\/avatar\/8a09ac165600ce2e1c38fe593c63928eb1e6e7ba5c5a907d67787c41b3d00c14?s=96&d=mm&r=g","contentUrl":"https:\/\/secure.gravatar.com\/avatar\/8a09ac165600ce2e1c38fe593c63928eb1e6e7ba5c5a907d67787c41b3d00c14?s=96&d=mm&r=g","caption":"hotnewsinworld"},"url":"https:\/\/hotnewsinworld.com\/hu\/author\/pt\/"}]}},"_links":{"self":[{"href":"https:\/\/hotnewsinworld.com\/hu\/wp-json\/wp\/v2\/posts\/2363","targetHints":{"allow":["GET"]}}],"collection":[{"href":"https:\/\/hotnewsinworld.com\/hu\/wp-json\/wp\/v2\/posts"}],"about":[{"href":"https:\/\/hotnewsinworld.com\/hu\/wp-json\/wp\/v2\/types\/post"}],"author":[{"embeddable":true,"href":"https:\/\/hotnewsinworld.com\/hu\/wp-json\/wp\/v2\/users\/2"}],"replies":[{"embeddable":true,"href":"https:\/\/hotnewsinworld.com\/hu\/wp-json\/wp\/v2\/comments?post=2363"}],"version-history":[{"count":1,"href":"https:\/\/hotnewsinworld.com\/hu\/wp-json\/wp\/v2\/posts\/2363\/revisions"}],"predecessor-version":[{"id":2365,"href":"https:\/\/hotnewsinworld.com\/hu\/wp-json\/wp\/v2\/posts\/2363\/revisions\/2365"}],"wp:featuredmedia":[{"embeddable":true,"href":"https:\/\/hotnewsinworld.com\/hu\/wp-json\/wp\/v2\/media\/2364"}],"wp:attachment":[{"href":"https:\/\/hotnewsinworld.com\/hu\/wp-json\/wp\/v2\/media?parent=2363"}],"wp:term":[{"taxonomy":"category","embeddable":true,"href":"https:\/\/hotnewsinworld.com\/hu\/wp-json\/wp\/v2\/categories?post=2363"},{"taxonomy":"post_tag","embeddable":true,"href":"https:\/\/hotnewsinworld.com\/hu\/wp-json\/wp\/v2\/tags?post=2363"}],"curies":[{"name":"wp","href":"https:\/\/api.w.org\/{rel}","templated":true}]}}